{"id":248927,"date":"2025-06-18T14:41:53","date_gmt":"2025-06-18T12:41:53","guid":{"rendered":"https:\/\/acninternational.org\/?p=248927"},"modified":"2025-08-19T15:55:29","modified_gmt":"2025-08-19T13:55:29","slug":"bischof-von-tete-mosambik-braucht-internationale-hilfe-um-den-konflikt-in-cabo-delgado-zu-loesen","status":"publish","type":"post","link":"https:\/\/acninternational.org\/de\/bischof-von-tete-mosambik-braucht-internationale-hilfe-um-den-konflikt-in-cabo-delgado-zu-loesen\/","title":{"rendered":"Bischof von Tete: \u201eMosambik braucht internationale Hilfe, um den Konflikt in Cabo Delgado zu l\u00f6sen\u201c"},"content":{"rendered":"<p><em>F\u00fcr den anhaltenden Konflikt im Nordosten Mosambiks gebe es keine einfache L\u00f6sung. Doch Armut und Desinformation m\u00fcssten bek\u00e4mpft werden \u2013 und die Kirche leiste dazu einen wichtigen Beitrag, betont der Bischof von Tete<\/em><em>.<\/em><\/p>\n<p>Mosambik sei mit der Krise in der nord\u00f6stlichen Provinz Cabo Delgado \u00fcberfordert, erkl\u00e4rte Bischof Diamantino Antunes. Der Bischof von Tete \u2013 einer Di\u00f6zese im Nordwesten des Landes, die durch den Staat Malawi und die mosambikanische Provinz Niassa von Cabo Delgado getrennt ist \u2013 sprach w\u00e4hrend seines Besuchs am internationalen Sitz von Aid to the Church in Need (ACN) in K\u00f6nigstein <a href=\"https:\/\/acninternational.org\/christians-are-suffering-greatly-in-mozambique-says-passionist-priest\/\" target=\"_blank\" rel=\"noopener\">\u00fcber die schwerwiegende humanit\u00e4re Krise, die durch den dschihadistischen Aufstand in der Region<\/a> entstanden ist.<\/p>\n<figure id=\"attachment_248908\" aria-describedby=\"caption-attachment-248908\" style=\"width: 800px\" class=\"wp-caption aligncenter\"><img loading=\"lazy\" decoding=\"async\" class=\"wp-image-248908 size-large\" src=\"https:\/\/media.acninternational.org\/wp-content\/uploads\/2025\/06\/ACN-20220128-123344-1024x681.jpg\" alt=\"Bischof Diamantino Antunes\" width=\"800\" height=\"532\" srcset=\"https:\/\/media.acninternational.org\/wp-content\/uploads\/2025\/06\/ACN-20220128-123344-1024x681.jpg 1024w, https:\/\/media.acninternational.org\/wp-content\/uploads\/2025\/06\/ACN-20220128-123344-300x199.jpg 300w, https:\/\/media.acninternational.org\/wp-content\/uploads\/2025\/06\/ACN-20220128-123344-768x511.jpg 768w, https:\/\/media.acninternational.org\/wp-content\/uploads\/2025\/06\/ACN-20220128-123344.jpg 1080w\" sizes=\"auto, (max-width: 800px) 100vw, 800px\" \/><figcaption id=\"caption-attachment-248908\" class=\"wp-caption-text\">Bischof Diamantino Antunes<\/figcaption><\/figure>\n<p>\u201eDie Situation der Binnenfl\u00fcchtlinge infolge des Konflikts in Cabo Delgado ist \u00e4u\u00dferst prek\u00e4r. Es gibt viele hungrige Menschen, aber kaum vorhandene Mittel. Mosambik ist dringend auf internationale Hilfe angewiesen, um dieses und andere Probleme zu l\u00f6sen \u2013 und wird es auch k\u00fcnftig bleiben\u201c, so der Bischof gegen\u00fcber ACN.<\/p>\n<p>\u201eDie Vertriebenen leben unter \u00e4u\u00dferst schwierigen Bedingungen. Es fehlt ihnen oft am Notwendigsten \u2013 insbesondere an Lebensmitteln und grundlegenden Dienstleistungen, die ein menschenw\u00fcrdiges Leben erm\u00f6glichen\u201c, berichtete Bischof Antunes weiter. Der Konflikt sei leider noch lange nicht \u00fcberwunden.<\/p>\n<p>Der islamistische Aufstand <a href=\"https:\/\/acninternational.org\/de\/mosambikanischer-bischof-erinnert-an-sieben-jahre-des-todes-und-des-schmerzes-in-cabo-delgado\/\" target=\"_blank\" rel=\"noopener\">begann im Jahr 2017<\/a> und hat seither rund 5000 Menschen das Leben gekostet sowie \u00fcber eine Million zur Flucht gezwungen. W\u00e4hrend sich die Angriffe zun\u00e4chst gegen staatliche Einrichtungen richteten, haben die Extremisten \u2013 die sich zum sogenannten Islamischen Staat bekennen \u2013 <a href=\"https:\/\/acninternational.org\/de\/christen-versammeln-sich-zum-gebet-bei-einer-von-terroristen-zerstoerten-kirche-in-mosambik\/\" target=\"_blank\" rel=\"noopener\">zuletzt vermehrt auch religi\u00f6se Geb\u00e4ude und Einrichtungen ins Visier genommen<\/a> und Christen angegriffen.<\/p>\n<h4><strong>Es gibt keine einfache L\u00f6sung<\/strong><\/h4>\n<p>Die katholische Kirche hat einst eine Schl\u00fcsselrolle bei der Vermittlung des Friedensabkommens nach dem verheerenden B\u00fcrgerkrieg zwischen 1977 und 1992 gespielt. Doch laut Bischof Antunes gestalte sich die Lage in Cabo Delgado deutlich komplexer. Die mehrheitlich muslimisch gepr\u00e4gte Region berge besondere Herausforderungen: \u201eEs ist schwierig, eine L\u00f6sung f\u00fcr diesen Aufstand zu finden, weil unklar ist, wer dahintersteht, wer ihn unterst\u00fctzt und wer davon profitiert\u201c, sagte er im Gespr\u00e4ch mit ACN.<\/p>\n<figure id=\"attachment_248914\" aria-describedby=\"caption-attachment-248914\" style=\"width: 800px\" class=\"wp-caption aligncenter\"><img loading=\"lazy\" decoding=\"async\" class=\"wp-image-248914 size-large\" src=\"https:\/\/media.acninternational.org\/wp-content\/uploads\/2025\/06\/ACN-20250116-179262-1024x462.jpg\" alt=\"Bis zu einer Million Menschen sind aus ihren H\u00e4usern in Cabo Delgado geflohen\" width=\"800\" height=\"361\" srcset=\"https:\/\/media.acninternational.org\/wp-content\/uploads\/2025\/06\/ACN-20250116-179262-1024x462.jpg 1024w, https:\/\/media.acninternational.org\/wp-content\/uploads\/2025\/06\/ACN-20250116-179262-300x135.jpg 300w, https:\/\/media.acninternational.org\/wp-content\/uploads\/2025\/06\/ACN-20250116-179262-768x346.jpg 768w, https:\/\/media.acninternational.org\/wp-content\/uploads\/2025\/06\/ACN-20250116-179262.jpg 1080w\" sizes=\"auto, (max-width: 800px) 100vw, 800px\" \/><figcaption id=\"caption-attachment-248914\" class=\"wp-caption-text\">Bis zu einer Million Menschen sind aus ihren H\u00e4usern in Cabo Delgado geflohen<\/figcaption><\/figure>\n<p>Unterdessen tue die Kirche weiterhin alles in ihrer Macht Stehende, um der Bev\u00f6lkerung zu helfen. \u201eDie Kirche ist vor allem unter den Menschen und f\u00fcr die Menschen pr\u00e4sent, um ihnen zu dienen. Wir sind vor Ort durch Caritas, Missionare, Laien und Hilfsorganisationen, die gemeinsam mit der Regierung an den Ursachen des Terrors arbeiten: Armut und Desinformation.\u201c<\/p>\n<h4><strong>Ein Missionar auf Schusters Rappen<\/strong><\/h4>\n<p>Wie in vielen afrikanischen L\u00e4ndern erschweren enorme Entfernungen sowie schlechte Infrastruktur und mangelnde Verkehrsmittel die Arbeit erheblich. Bischof Antunes \u2013 dessen Di\u00f6zese gr\u00f6\u00dfer ist als so manches europ\u00e4isches Land \u2013 berichtete, dass er vor seiner Reise nach Deutschland Pfarreien und Missionen im S\u00fcden von Tete besucht habe und daf\u00fcr drei Wochen unterwegs gewesen sei.<\/p>\n<p>Neben anderen Hilfsleistungen hat das p\u00e4pstliche Hilfswerk Aid to the Church in Need der mosambikanischen Kirche Fahrzeuge zur Verf\u00fcgung gestellt. Doch seien die Stra\u00dfen manchmal in so schlechtem Zustand, so der Bischof, dass Reisen oft nur zu Fu\u00df m\u00f6glich seien. Selbst Motorr\u00e4der k\u00f6nnten nicht \u00fcberall eingesetzt werden: \u201eWir sind h\u00e4ufig auf Schusters Rappen unterwegs.\u201c<\/p>\n<figure id=\"attachment_248920\" aria-describedby=\"caption-attachment-248920\" style=\"width: 800px\" class=\"wp-caption aligncenter\"><img loading=\"lazy\" decoding=\"async\" class=\"wp-image-248920 size-large\" src=\"https:\/\/media.acninternational.org\/wp-content\/uploads\/2025\/06\/ACN-20250512-187826-1024x683.jpg\" alt=\"Bischof Diamantino Antunes bei der Feier der Messe\" width=\"800\" height=\"534\" srcset=\"https:\/\/media.acninternational.org\/wp-content\/uploads\/2025\/06\/ACN-20250512-187826-1024x683.jpg 1024w, https:\/\/media.acninternational.org\/wp-content\/uploads\/2025\/06\/ACN-20250512-187826-300x200.jpg 300w, https:\/\/media.acninternational.org\/wp-content\/uploads\/2025\/06\/ACN-20250512-187826-768x512.jpg 768w, https:\/\/media.acninternational.org\/wp-content\/uploads\/2025\/06\/ACN-20250512-187826.jpg 1080w\" sizes=\"auto, (max-width: 800px) 100vw, 800px\" \/><figcaption id=\"caption-attachment-248920\" class=\"wp-caption-text\">Bischof Diamantino Antunes bei der Feier der Messe<\/figcaption><\/figure>\n<p>\u201eWir sind ACN sehr dankbar f\u00fcr die Unterst\u00fctzung bei der Ausbildung von Seminaristen und Priestern, beim Bau von Kapellen, Kirchen, Missionsh\u00e4usern und Seminaren sowie f\u00fcr die Bereitstellung von Fahrzeugen, Bibeln und anderem Katechese-Material. <a href=\"https:\/\/acninternational.org\/de\/die-hilfe-von-acn-in-mosambik-ist-wie-die-hand-gottes-die-leben-rettet\/\" target=\"_blank\" rel=\"noopener\">Ihre Hilfe war entscheidend<\/a> f\u00fcr das Wachstum und die St\u00e4rkung der katholischen Kirche \u2013 und f\u00fcr die Unterst\u00fctzung der Bed\u00fcrftigen. Ich danke allen Wohlt\u00e4tern von Herzen f\u00fcr ihre Opferbereitschaft und schlie\u00dfe sie in meine Gebete ein.\u201c<\/p>\n<p>&nbsp;<\/p>\n","protected":false},"excerpt":{"rendered":"<p>Die Vertriebenen leben unter \u00e4u\u00dferst schwierigen Bedingungen. Es fehlt ihnen oft am Notwendigsten \u2013 insbesondere an Lebensmitteln und grundlegenden Dienstleistungen<\/p>\n","protected":false},"author":4258341382,"featured_media":248902,"comment_status":"closed","ping_status":"closed","sticky":false,"template":"","format":"standard","meta":{"_acf_changed":false,"_acn_coauthor_ids":[],"footnotes":""},"categories":[968],"tags":[],"country":[848],"class_list":["post-248927","post","type-post","status-publish","format-standard","has-post-thumbnail","hentry","category-featured-de","country-mosambik"],"acn_coauthors":[],"acf":[],"yoast_head":"<!-- This site is optimized with the Yoast SEO Premium plugin v27.3 (Yoast SEO v27.3) - https:\/\/yoast.com\/product\/yoast-seo-premium-wordpress\/ -->\n<title>Bischof von Tete: \u201eMosambik braucht internationale Hilfe, um den Konflikt in Cabo Delgado zu l\u00f6sen\u201c | ACN International<\/title>\n<meta name=\"description\" content=\"Die Vertriebenen leben unter \u00e4u\u00dferst schwierigen Bedingungen. Es fehlt ihnen oft am Notwendigsten \u2013 insbesondere an Lebensmitteln und grundlegenden Dienstleistungen.\" \/>\n<meta name=\"robots\" content=\"index, follow, max-snippet:-1, max-image-preview:large, max-video-preview:-1\" \/>\n<link rel=\"canonical\" href=\"https:\/\/acninternational.org\/de\/bischof-von-tete-mosambik-braucht-internationale-hilfe-um-den-konflikt-in-cabo-delgado-zu-loesen\/\" \/>\n<meta property=\"og:locale\" content=\"de_DE\" \/>\n<meta property=\"og:type\" content=\"article\" \/>\n<meta property=\"og:title\" content=\"Bischof von Tete: \u201eMosambik braucht internationale Hilfe, um den Konflikt in Cabo Delgado zu l\u00f6sen\u201c\" \/>\n<meta property=\"og:description\" content=\"Die Vertriebenen leben unter \u00e4u\u00dferst schwierigen Bedingungen. Es fehlt ihnen oft am Notwendigsten \u2013 insbesondere an Lebensmitteln und grundlegenden Dienstleistungen.\" \/>\n<meta property=\"og:url\" content=\"https:\/\/acninternational.org\/de\/bischof-von-tete-mosambik-braucht-internationale-hilfe-um-den-konflikt-in-cabo-delgado-zu-loesen\/\" \/>\n<meta property=\"og:site_name\" content=\"ACN International\" \/>\n<meta property=\"article:publisher\" content=\"https:\/\/www.facebook.com\/acninternationalorg\" \/>\n<meta property=\"article:published_time\" content=\"2025-06-18T12:41:53+00:00\" \/>\n<meta property=\"article:modified_time\" content=\"2025-08-19T13:55:29+00:00\" \/>\n<meta property=\"og:image\" content=\"https:\/\/media.acninternational.org\/wp-content\/uploads\/2025\/06\/ACN-20250116-179263.jpg\" \/>\n\t<meta property=\"og:image:width\" content=\"1920\" \/>\n\t<meta property=\"og:image:height\" content=\"700\" \/>\n\t<meta property=\"og:image:type\" content=\"image\/jpeg\" \/>\n<meta name=\"author\" content=\"Paulo Aido\" \/>\n<meta name=\"twitter:card\" content=\"summary_large_image\" \/>\n<meta name=\"twitter:creator\" content=\"@acn_int\" \/>\n<meta name=\"twitter:site\" content=\"@acn_int\" \/>\n<meta name=\"twitter:label1\" content=\"Verfasst von\" \/>\n\t<meta name=\"twitter:data1\" content=\"Paulo Aido\" \/>\n\t<meta name=\"twitter:label2\" content=\"Gesch\u00e4tzte Lesezeit\" \/>\n\t<meta name=\"twitter:data2\" content=\"4\u00a0Minuten\" \/>\n<script type=\"application\/ld+json\" class=\"yoast-schema-graph\">{\"@context\":\"https:\\\/\\\/schema.org\",\"@graph\":[{\"@type\":\"Article\",\"@id\":\"https:\\\/\\\/acninternational.org\\\/de\\\/bischof-von-tete-mosambik-braucht-internationale-hilfe-um-den-konflikt-in-cabo-delgado-zu-loesen\\\/#article\",\"isPartOf\":{\"@id\":\"https:\\\/\\\/acninternational.org\\\/de\\\/bischof-von-tete-mosambik-braucht-internationale-hilfe-um-den-konflikt-in-cabo-delgado-zu-loesen\\\/\"},\"author\":{\"name\":\"Paulo Aido\",\"@id\":\"https:\\\/\\\/acninternational.org\\\/de\\\/#\\\/schema\\\/person\\\/74d18921c1d8be9ca663e4035d1fce84\"},\"headline\":\"Bischof von Tete: \u201eMosambik braucht internationale Hilfe, um den Konflikt in Cabo Delgado zu l\u00f6sen\u201c\",\"datePublished\":\"2025-06-18T12:41:53+00:00\",\"dateModified\":\"2025-08-19T13:55:29+00:00\",\"mainEntityOfPage\":{\"@id\":\"https:\\\/\\\/acninternational.org\\\/de\\\/bischof-von-tete-mosambik-braucht-internationale-hilfe-um-den-konflikt-in-cabo-delgado-zu-loesen\\\/\"},\"wordCount\":671,\"publisher\":{\"@id\":\"https:\\\/\\\/acninternational.org\\\/de\\\/#organization\"},\"image\":{\"@id\":\"https:\\\/\\\/acninternational.org\\\/de\\\/bischof-von-tete-mosambik-braucht-internationale-hilfe-um-den-konflikt-in-cabo-delgado-zu-loesen\\\/#primaryimage\"},\"thumbnailUrl\":\"https:\\\/\\\/media.acninternational.org\\\/wp-content\\\/uploads\\\/2025\\\/06\\\/ACN-20250116-179263.jpg\",\"articleSection\":[\"FEATURED\"],\"inLanguage\":\"de\"},{\"@type\":\"WebPage\",\"@id\":\"https:\\\/\\\/acninternational.org\\\/de\\\/bischof-von-tete-mosambik-braucht-internationale-hilfe-um-den-konflikt-in-cabo-delgado-zu-loesen\\\/\",\"url\":\"https:\\\/\\\/acninternational.org\\\/de\\\/bischof-von-tete-mosambik-braucht-internationale-hilfe-um-den-konflikt-in-cabo-delgado-zu-loesen\\\/\",\"name\":\"Bischof von Tete: \u201eMosambik braucht internationale Hilfe, um den Konflikt in Cabo Delgado zu l\u00f6sen\u201c | ACN International\",\"isPartOf\":{\"@id\":\"https:\\\/\\\/acninternational.org\\\/de\\\/#website\"},\"primaryImageOfPage\":{\"@id\":\"https:\\\/\\\/acninternational.org\\\/de\\\/bischof-von-tete-mosambik-braucht-internationale-hilfe-um-den-konflikt-in-cabo-delgado-zu-loesen\\\/#primaryimage\"},\"image\":{\"@id\":\"https:\\\/\\\/acninternational.org\\\/de\\\/bischof-von-tete-mosambik-braucht-internationale-hilfe-um-den-konflikt-in-cabo-delgado-zu-loesen\\\/#primaryimage\"},\"thumbnailUrl\":\"https:\\\/\\\/media.acninternational.org\\\/wp-content\\\/uploads\\\/2025\\\/06\\\/ACN-20250116-179263.jpg\",\"datePublished\":\"2025-06-18T12:41:53+00:00\",\"dateModified\":\"2025-08-19T13:55:29+00:00\",\"description\":\"Die Vertriebenen leben unter \u00e4u\u00dferst schwierigen Bedingungen. Es fehlt ihnen oft am Notwendigsten \u2013 insbesondere an Lebensmitteln und grundlegenden Dienstleistungen.\",\"breadcrumb\":{\"@id\":\"https:\\\/\\\/acninternational.org\\\/de\\\/bischof-von-tete-mosambik-braucht-internationale-hilfe-um-den-konflikt-in-cabo-delgado-zu-loesen\\\/#breadcrumb\"},\"inLanguage\":\"de\",\"potentialAction\":[{\"@type\":\"ReadAction\",\"target\":[\"https:\\\/\\\/acninternational.org\\\/de\\\/bischof-von-tete-mosambik-braucht-internationale-hilfe-um-den-konflikt-in-cabo-delgado-zu-loesen\\\/\"]}]},{\"@type\":\"ImageObject\",\"inLanguage\":\"de\",\"@id\":\"https:\\\/\\\/acninternational.org\\\/de\\\/bischof-von-tete-mosambik-braucht-internationale-hilfe-um-den-konflikt-in-cabo-delgado-zu-loesen\\\/#primaryimage\",\"url\":\"https:\\\/\\\/media.acninternational.org\\\/wp-content\\\/uploads\\\/2025\\\/06\\\/ACN-20250116-179263.jpg\",\"contentUrl\":\"https:\\\/\\\/media.acninternational.org\\\/wp-content\\\/uploads\\\/2025\\\/06\\\/ACN-20250116-179263.jpg\",\"width\":1920,\"height\":700},{\"@type\":\"BreadcrumbList\",\"@id\":\"https:\\\/\\\/acninternational.org\\\/de\\\/bischof-von-tete-mosambik-braucht-internationale-hilfe-um-den-konflikt-in-cabo-delgado-zu-loesen\\\/#breadcrumb\",\"itemListElement\":[{\"@type\":\"ListItem\",\"position\":1,\"name\":\"Home\",\"item\":\"https:\\\/\\\/acninternational.org\\\/de\\\/\"},{\"@type\":\"ListItem\",\"position\":2,\"name\":\"FEATURED\",\"item\":\"https:\\\/\\\/acninternational.org\\\/de\\\/category\\\/featured-de\\\/\"},{\"@type\":\"ListItem\",\"position\":3,\"name\":\"Bischof von Tete: \u201eMosambik braucht internationale Hilfe, um den Konflikt in Cabo Delgado zu l\u00f6sen\u201c\"}]},{\"@type\":\"WebSite\",\"@id\":\"https:\\\/\\\/acninternational.org\\\/de\\\/#website\",\"url\":\"https:\\\/\\\/acninternational.org\\\/de\\\/\",\"name\":\"ACN International\",\"description\":\"\",\"publisher\":{\"@id\":\"https:\\\/\\\/acninternational.org\\\/de\\\/#organization\"},\"potentialAction\":[{\"@type\":\"SearchAction\",\"target\":{\"@type\":\"EntryPoint\",\"urlTemplate\":\"https:\\\/\\\/acninternational.org\\\/de\\\/?s={search_term_string}\"},\"query-input\":{\"@type\":\"PropertyValueSpecification\",\"valueRequired\":true,\"valueName\":\"search_term_string\"}}],\"inLanguage\":\"de\"},{\"@type\":\"Organization\",\"@id\":\"https:\\\/\\\/acninternational.org\\\/de\\\/#organization\",\"name\":\"Aid to the Church in Need International\",\"url\":\"https:\\\/\\\/acninternational.org\\\/de\\\/\",\"logo\":{\"@type\":\"ImageObject\",\"inLanguage\":\"de\",\"@id\":\"https:\\\/\\\/acninternational.org\\\/de\\\/#\\\/schema\\\/logo\\\/image\\\/\",\"url\":\"https:\\\/\\\/media.acninternational.org\\\/wp-content\\\/uploads\\\/2019\\\/11\\\/acn_logo_blackvector.svg\",\"contentUrl\":\"https:\\\/\\\/media.acninternational.org\\\/wp-content\\\/uploads\\\/2019\\\/11\\\/acn_logo_blackvector.svg\",\"width\":232.6,\"height\":78,\"caption\":\"Aid to the Church in Need International\"},\"image\":{\"@id\":\"https:\\\/\\\/acninternational.org\\\/de\\\/#\\\/schema\\\/logo\\\/image\\\/\"},\"sameAs\":[\"https:\\\/\\\/www.facebook.com\\\/acninternationalorg\",\"https:\\\/\\\/x.com\\\/acn_int\",\"https:\\\/\\\/www.youtube.com\\\/channel\\\/UCQ-077gS0TnVzkhHmf1opZw\",\"https:\\\/\\\/www.instagram.com\\\/acn_international\\\/\"]},{\"@type\":\"Person\",\"@id\":\"https:\\\/\\\/acninternational.org\\\/de\\\/#\\\/schema\\\/person\\\/74d18921c1d8be9ca663e4035d1fce84\",\"name\":\"Paulo Aido\",\"description\":\"Lorem ipsum dolor sit amet, consectetur adipiscing elit, sed do eiusmod tempor incididunt ut labore et dolore magna aliqua. Ut enim ad minim veniam, quis nostrud exercitation ullamco laboris nisi ut aliquip ex ea commodo consequat.\",\"url\":\"https:\\\/\\\/acninternational.org\\\/de\\\/author\\\/paulo-aido\\\/\"}]}<\/script>\n<!-- \/ Yoast SEO Premium plugin. -->","yoast_head_json":{"title":"Bischof von Tete: \u201eMosambik braucht internationale Hilfe, um den Konflikt in Cabo Delgado zu l\u00f6sen\u201c | ACN International","description":"Die Vertriebenen leben unter \u00e4u\u00dferst schwierigen Bedingungen. Es fehlt ihnen oft am Notwendigsten \u2013 insbesondere an Lebensmitteln und grundlegenden Dienstleistungen.","robots":{"index":"index","follow":"follow","max-snippet":"max-snippet:-1","max-image-preview":"max-image-preview:large","max-video-preview":"max-video-preview:-1"},"canonical":"https:\/\/acninternational.org\/de\/bischof-von-tete-mosambik-braucht-internationale-hilfe-um-den-konflikt-in-cabo-delgado-zu-loesen\/","og_locale":"de_DE","og_type":"article","og_title":"Bischof von Tete: \u201eMosambik braucht internationale Hilfe, um den Konflikt in Cabo Delgado zu l\u00f6sen\u201c","og_description":"Die Vertriebenen leben unter \u00e4u\u00dferst schwierigen Bedingungen. Es fehlt ihnen oft am Notwendigsten \u2013 insbesondere an Lebensmitteln und grundlegenden Dienstleistungen.","og_url":"https:\/\/acninternational.org\/de\/bischof-von-tete-mosambik-braucht-internationale-hilfe-um-den-konflikt-in-cabo-delgado-zu-loesen\/","og_site_name":"ACN International","article_publisher":"https:\/\/www.facebook.com\/acninternationalorg","article_published_time":"2025-06-18T12:41:53+00:00","article_modified_time":"2025-08-19T13:55:29+00:00","og_image":[{"width":1920,"height":700,"url":"https:\/\/media.acninternational.org\/wp-content\/uploads\/2025\/06\/ACN-20250116-179263.jpg","type":"image\/jpeg"}],"author":"Paulo Aido","twitter_card":"summary_large_image","twitter_creator":"@acn_int","twitter_site":"@acn_int","twitter_misc":{"Verfasst von":"Paulo Aido","Gesch\u00e4tzte Lesezeit":"4\u00a0Minuten"},"schema":{"@context":"https:\/\/schema.org","@graph":[{"@type":"Article","@id":"https:\/\/acninternational.org\/de\/bischof-von-tete-mosambik-braucht-internationale-hilfe-um-den-konflikt-in-cabo-delgado-zu-loesen\/#article","isPartOf":{"@id":"https:\/\/acninternational.org\/de\/bischof-von-tete-mosambik-braucht-internationale-hilfe-um-den-konflikt-in-cabo-delgado-zu-loesen\/"},"author":{"name":"Paulo Aido","@id":"https:\/\/acninternational.org\/de\/#\/schema\/person\/74d18921c1d8be9ca663e4035d1fce84"},"headline":"Bischof von Tete: \u201eMosambik braucht internationale Hilfe, um den Konflikt in Cabo Delgado zu l\u00f6sen\u201c","datePublished":"2025-06-18T12:41:53+00:00","dateModified":"2025-08-19T13:55:29+00:00","mainEntityOfPage":{"@id":"https:\/\/acninternational.org\/de\/bischof-von-tete-mosambik-braucht-internationale-hilfe-um-den-konflikt-in-cabo-delgado-zu-loesen\/"},"wordCount":671,"publisher":{"@id":"https:\/\/acninternational.org\/de\/#organization"},"image":{"@id":"https:\/\/acninternational.org\/de\/bischof-von-tete-mosambik-braucht-internationale-hilfe-um-den-konflikt-in-cabo-delgado-zu-loesen\/#primaryimage"},"thumbnailUrl":"https:\/\/media.acninternational.org\/wp-content\/uploads\/2025\/06\/ACN-20250116-179263.jpg","articleSection":["FEATURED"],"inLanguage":"de"},{"@type":"WebPage","@id":"https:\/\/acninternational.org\/de\/bischof-von-tete-mosambik-braucht-internationale-hilfe-um-den-konflikt-in-cabo-delgado-zu-loesen\/","url":"https:\/\/acninternational.org\/de\/bischof-von-tete-mosambik-braucht-internationale-hilfe-um-den-konflikt-in-cabo-delgado-zu-loesen\/","name":"Bischof von Tete: \u201eMosambik braucht internationale Hilfe, um den Konflikt in Cabo Delgado zu l\u00f6sen\u201c | ACN International","isPartOf":{"@id":"https:\/\/acninternational.org\/de\/#website"},"primaryImageOfPage":{"@id":"https:\/\/acninternational.org\/de\/bischof-von-tete-mosambik-braucht-internationale-hilfe-um-den-konflikt-in-cabo-delgado-zu-loesen\/#primaryimage"},"image":{"@id":"https:\/\/acninternational.org\/de\/bischof-von-tete-mosambik-braucht-internationale-hilfe-um-den-konflikt-in-cabo-delgado-zu-loesen\/#primaryimage"},"thumbnailUrl":"https:\/\/media.acninternational.org\/wp-content\/uploads\/2025\/06\/ACN-20250116-179263.jpg","datePublished":"2025-06-18T12:41:53+00:00","dateModified":"2025-08-19T13:55:29+00:00","description":"Die Vertriebenen leben unter \u00e4u\u00dferst schwierigen Bedingungen. Es fehlt ihnen oft am Notwendigsten \u2013 insbesondere an Lebensmitteln und grundlegenden Dienstleistungen.","breadcrumb":{"@id":"https:\/\/acninternational.org\/de\/bischof-von-tete-mosambik-braucht-internationale-hilfe-um-den-konflikt-in-cabo-delgado-zu-loesen\/#breadcrumb"},"inLanguage":"de","potentialAction":[{"@type":"ReadAction","target":["https:\/\/acninternational.org\/de\/bischof-von-tete-mosambik-braucht-internationale-hilfe-um-den-konflikt-in-cabo-delgado-zu-loesen\/"]}]},{"@type":"ImageObject","inLanguage":"de","@id":"https:\/\/acninternational.org\/de\/bischof-von-tete-mosambik-braucht-internationale-hilfe-um-den-konflikt-in-cabo-delgado-zu-loesen\/#primaryimage","url":"https:\/\/media.acninternational.org\/wp-content\/uploads\/2025\/06\/ACN-20250116-179263.jpg","contentUrl":"https:\/\/media.acninternational.org\/wp-content\/uploads\/2025\/06\/ACN-20250116-179263.jpg","width":1920,"height":700},{"@type":"BreadcrumbList","@id":"https:\/\/acninternational.org\/de\/bischof-von-tete-mosambik-braucht-internationale-hilfe-um-den-konflikt-in-cabo-delgado-zu-loesen\/#breadcrumb","itemListElement":[{"@type":"ListItem","position":1,"name":"Home","item":"https:\/\/acninternational.org\/de\/"},{"@type":"ListItem","position":2,"name":"FEATURED","item":"https:\/\/acninternational.org\/de\/category\/featured-de\/"},{"@type":"ListItem","position":3,"name":"Bischof von Tete: \u201eMosambik braucht internationale Hilfe, um den Konflikt in Cabo Delgado zu l\u00f6sen\u201c"}]},{"@type":"WebSite","@id":"https:\/\/acninternational.org\/de\/#website","url":"https:\/\/acninternational.org\/de\/","name":"ACN International","description":"","publisher":{"@id":"https:\/\/acninternational.org\/de\/#organization"},"potentialAction":[{"@type":"SearchAction","target":{"@type":"EntryPoint","urlTemplate":"https:\/\/acninternational.org\/de\/?s={search_term_string}"},"query-input":{"@type":"PropertyValueSpecification","valueRequired":true,"valueName":"search_term_string"}}],"inLanguage":"de"},{"@type":"Organization","@id":"https:\/\/acninternational.org\/de\/#organization","name":"Aid to the Church in Need International","url":"https:\/\/acninternational.org\/de\/","logo":{"@type":"ImageObject","inLanguage":"de","@id":"https:\/\/acninternational.org\/de\/#\/schema\/logo\/image\/","url":"https:\/\/media.acninternational.org\/wp-content\/uploads\/2019\/11\/acn_logo_blackvector.svg","contentUrl":"https:\/\/media.acninternational.org\/wp-content\/uploads\/2019\/11\/acn_logo_blackvector.svg","width":232.6,"height":78,"caption":"Aid to the Church in Need International"},"image":{"@id":"https:\/\/acninternational.org\/de\/#\/schema\/logo\/image\/"},"sameAs":["https:\/\/www.facebook.com\/acninternationalorg","https:\/\/x.com\/acn_int","https:\/\/www.youtube.com\/channel\/UCQ-077gS0TnVzkhHmf1opZw","https:\/\/www.instagram.com\/acn_international\/"]},{"@type":"Person","@id":"https:\/\/acninternational.org\/de\/#\/schema\/person\/74d18921c1d8be9ca663e4035d1fce84","name":"Paulo Aido","description":"Lorem ipsum dolor sit amet, consectetur adipiscing elit, sed do eiusmod tempor incididunt ut labore et dolore magna aliqua. Ut enim ad minim veniam, quis nostrud exercitation ullamco laboris nisi ut aliquip ex ea commodo consequat.","url":"https:\/\/acninternational.org\/de\/author\/paulo-aido\/"}]}},"_links":{"self":[{"href":"https:\/\/acninternational.org\/de\/wp-json\/wp\/v2\/posts\/248927","targetHints":{"allow":["GET"]}}],"collection":[{"href":"https:\/\/acninternational.org\/de\/wp-json\/wp\/v2\/posts"}],"about":[{"href":"https:\/\/acninternational.org\/de\/wp-json\/wp\/v2\/types\/post"}],"author":[{"embeddable":true,"href":"https:\/\/acninternational.org\/de\/wp-json\/wp\/v2\/users\/4258341382"}],"replies":[{"embeddable":true,"href":"https:\/\/acninternational.org\/de\/wp-json\/wp\/v2\/comments?post=248927"}],"version-history":[{"count":1,"href":"https:\/\/acninternational.org\/de\/wp-json\/wp\/v2\/posts\/248927\/revisions"}],"predecessor-version":[{"id":252013,"href":"https:\/\/acninternational.org\/de\/wp-json\/wp\/v2\/posts\/248927\/revisions\/252013"}],"wp:featuredmedia":[{"embeddable":true,"href":"https:\/\/acninternational.org\/de\/wp-json\/wp\/v2\/media\/248902"}],"wp:attachment":[{"href":"https:\/\/acninternational.org\/de\/wp-json\/wp\/v2\/media?parent=248927"}],"wp:term":[{"taxonomy":"category","embeddable":true,"href":"https:\/\/acninternational.org\/de\/wp-json\/wp\/v2\/categories?post=248927"},{"taxonomy":"post_tag","embeddable":true,"href":"https:\/\/acninternational.org\/de\/wp-json\/wp\/v2\/tags?post=248927"},{"taxonomy":"country","embeddable":true,"href":"https:\/\/acninternational.org\/de\/wp-json\/wp\/v2\/country?post=248927"}],"curies":[{"name":"wp","href":"https:\/\/api.w.org\/{rel}","templated":true}]}}