{"id":247748,"date":"2025-05-28T12:46:56","date_gmt":"2025-05-28T10:46:56","guid":{"rendered":"https:\/\/acninternational.org\/?p=247748"},"modified":"2025-08-19T15:53:19","modified_gmt":"2025-08-19T13:53:19","slug":"dutzende-tote-bei-neuer-angriffswelle-auf-gemeinden-in-zentralnigeria","status":"publish","type":"post","link":"https:\/\/acninternational.org\/de\/dutzende-tote-bei-neuer-angriffswelle-auf-gemeinden-in-zentralnigeria\/","title":{"rendered":"Dutzende Tote bei neuer Angriffswelle auf Gemeinden in Zentralnigeria"},"content":{"rendered":"<p>Eine Serie brutaler \u00dcberf\u00e4lle auf Gemeinden im Mittleren G\u00fcrtel Nigerias hat nach Angaben des katholischen Hilfswerks Aid to the Church in Need (ACN) aus der Di\u00f6zese Makurdi mindestens 36 Todesopfer gefordert. Mehrere Menschen wurden zudem verletzt oder entf\u00fchrt.<\/p>\n<p>Die Gewaltwelle, die lokalen Quellen zufolge militanten Angeh\u00f6rigen der Fulani-Hirtengemeinschaft zugeschrieben wird, ereignete sich zwischen dem 24. und 26. Mai in mehreren D\u00f6rfern im Bundesstaat Benue. Unter den Opfern befinden sich ein Polizist sowie zahlreiche Zivilisten, die offenbar gezielten Angriffen auf landwirtschaftlich gepr\u00e4gte Siedlungen zum Opfer fielen.<\/p>\n<p>Der erste Vorfall ereignete sich am 24. Mai in Tse Orbiam im Verwaltungsbezirk Gwer West. Pater Solomon Atongo aus der Pfarrei Jimba wurde auf dem R\u00fcckweg von einer Gedenkfeier f\u00fcr zwei 2018 ermordete Priester angeschossen.<\/p>\n<p>Ori Hope Emmanuel von der Stiftung f\u00fcr Gerechtigkeit, Entwicklung und Frieden der Di\u00f6zese erkl\u00e4rte gegen\u00fcber ACN: \u201eAm Abend seiner R\u00fcckkehr von einer Gedenkfeier zu Ehren zweier 2018 get\u00f6teter katholischer Priester wurde Pater Solomon Atongo aus der Pfarrei Jimba von bewaffneten Angreifern, in das linke Bein geschossen. Seine zwei Begleiter wurden von den Angreifern entf\u00fchrt. Pater Atongo wird medizinisch versorgt.\u201d<\/p>\n<p>Zur gleichen Zeit wurde ein lokaler Landwirt, der gerade seine Arbeit beendet hatte, auf seiner Farm erschossen.<\/p>\n<p>In einer Stellungnahme kritisierte Pater Oliver Ortese, Vorsitzender des Internationalen Beirats der Di\u00f6zese Makurdi, das Unt\u00e4tigbleiben der Sicherheitskr\u00e4fte w\u00e4hrend des Angriffs: \u201eGanz in der N\u00e4he befindet sich ein Milit\u00e4rposten mit Soldaten der nigerianischen Armee. Und genau dort ereignete sich der Angriff. Das wirft viele Fragen auf. Haben die Soldaten w\u00e4hrend der Schie\u00dferei geschlafen?\u201d<\/p>\n<p>Am folgenden Tag eskalierte die Gewalt weiter: In Aondona, ebenfalls im Bezirk Gwer West gelegen und Heimatdorf des Bischofs von Makurdi, Wilfred Chikpa Anagbe, wurden 20 Menschen get\u00f6tet. Die schwer bewaffneten Angreifer \u201e\u00f6ffneten wahllos das Feuer, t\u00f6teten Zivilisten und verursachten allgemeine Panik und Verwirrung\u201c, sagte Ori Hope Emmanuel. \u201eViele Bewohner flohen aus ihren H\u00e4usern, um sich in Sicherheit zu bringen.\u201c Die in Aondona lebenden Priester und Ordensschwestern konnten nach Taraku fliehen, einem nahe gelegenen Dorf, wo zahlreiche \u00dcberlebende der Trag\u00f6die in der katholischen Kirche St. Patrick Zuflucht fanden.<\/p>\n<p>Ebenfalls am 25. Mai wurden im Dorf Yelewata in der Region Guma drei Mitglieder einer Familie get\u00f6tet \u2013 ein Vater, sein jugendlicher Sohn und ein zweij\u00e4hriger Junge. Die Mutter wurde schwer verletzt. Zuvor war ein 67-j\u00e4hriger Bauer brutal misshandelt worden, seine Maniok-Ernte wurde zerst\u00f6rt.<\/p>\n<p>Am 26. Mai kam es zu f\u00fcnf weiteren Angriffen in Tse Orbiam und sechs in Ahume, beide in der Region West-Gwer. Laut Ori Hope Emmanuel schossen die T\u00e4ter \u201ewahllos auf Menschen, was erneut zu mehreren Todesf\u00e4llen f\u00fchrte, darunter ein Polizeibeamter, der in der Region im Sondereinsatz war.\u201d<\/p>\n<p>Der bislang letzte gemeldete Angriff ereignete sich ebenfalls am 26. Mai: Bewaffnete M\u00e4nner er\u00f6ffneten das Feuer auf Anwohner und Reisende und verletzten sechs Menschen auf der Stra\u00dfe von Naka nach Adoka. Eine Person wurde dabei get\u00f6tet.<\/p>\n<p>Pater Ortese verurteilte die verheerenden Auswirkungen der wiederholten \u00dcberf\u00e4lle auf die lokalen Gemeinden: \u201eSie f\u00fchren zu humanit\u00e4ren Krisen, weil die \u00dcberlebenden in Lagern Zuflucht suchen m\u00fcssen, wo sie als Bettler um ihr \u00dcberleben k\u00e4mpfen. Man kann sich kaum vorstellen, wie unsere Realit\u00e4t hier aussieht \u2013 das ist Horror. Das ist Terror.\u201d<\/p>\n<p>Die anhaltenden Konflikte zwischen nomadischen Hirten und sesshaften Bauerngemeinschaften im mittleren G\u00fcrtel Nigerias haben vielschichtige Ursachen: Konkurrenz um Land und Wasser, ethnische Spannungen sowie politische und religi\u00f6se Gegens\u00e4tze. In diesem toxischen Umfeld sind Fulani-Terroristen entstanden \u2013 eine gewaltbereite Minderheit innerhalb der sch\u00e4tzungsweise 12 bis 16 Millionen Fulani in Nigeria.<\/p>\n<p>ACN bittet um Gebete f\u00fcr die ewige Ruhe der Verstorbenen, f\u00fcr die von der Gewalt betroffenen Familien, f\u00fcr die Genesung von Pater Atongo und f\u00fcr die sichere R\u00fcckkehr der Entf\u00fchrten.<\/p>\n<p>Das p\u00e4pstliche Hilfswerk unterst\u00fctzt die Di\u00f6zese mit Nothilfe, Traumabehandlung und pastoralen Projekten und fordert besseren Schutz f\u00fcr gef\u00e4hrdete Gemeinden. Gleichzeitig ruft ACN die internationale Gemeinschaft zur Solidarit\u00e4t mit den Opfern dieser Gewalt auf.<\/p>\n","protected":false},"excerpt":{"rendered":"<p>Sie f\u00fchren zu humanit\u00e4ren Krisen, weil die \u00dcberlebenden in Lagern Zuflucht suchen m\u00fcssen, wo sie als Bettler um ihr \u00dcberleben k\u00e4mpfen<\/p>\n","protected":false},"author":4258341378,"featured_media":247659,"comment_status":"closed","ping_status":"closed","sticky":false,"template":"","format":"standard","meta":{"_acf_changed":false,"_acn_coauthor_ids":[],"footnotes":""},"categories":[918,954],"tags":[],"country":[1405],"class_list":["post-247748","post","type-post","status-publish","format-standard","has-post-thumbnail","hentry","category-nachricht","category-news-de","country-nigeria-de"],"acn_coauthors":[],"acf":[],"yoast_head":"<!-- This site is optimized with the Yoast SEO Premium plugin v27.3 (Yoast SEO v27.3) - https:\/\/yoast.com\/product\/yoast-seo-premium-wordpress\/ -->\n<title>Dutzende Tote bei neuer Angriffswelle auf Gemeinden in Zentralnigeria | ACN International<\/title>\n<meta name=\"description\" content=\"Sie f\u00fchren zu humanit\u00e4ren Krisen, weil die \u00dcberlebenden in Lagern Zuflucht suchen m\u00fcssen, wo sie als Bettler um ihr \u00dcberleben k\u00e4mpfen.\" \/>\n<meta name=\"robots\" content=\"index, follow, max-snippet:-1, max-image-preview:large, max-video-preview:-1\" \/>\n<link rel=\"canonical\" href=\"https:\/\/acninternational.org\/de\/dutzende-tote-bei-neuer-angriffswelle-auf-gemeinden-in-zentralnigeria\/\" \/>\n<meta property=\"og:locale\" content=\"de_DE\" \/>\n<meta property=\"og:type\" content=\"article\" \/>\n<meta property=\"og:title\" content=\"Dutzende Tote bei neuer Angriffswelle auf Gemeinden in Zentralnigeria\" \/>\n<meta property=\"og:description\" content=\"Sie f\u00fchren zu humanit\u00e4ren Krisen, weil die \u00dcberlebenden in Lagern Zuflucht suchen m\u00fcssen, wo sie als Bettler um ihr \u00dcberleben k\u00e4mpfen.\" \/>\n<meta property=\"og:url\" content=\"https:\/\/acninternational.org\/de\/dutzende-tote-bei-neuer-angriffswelle-auf-gemeinden-in-zentralnigeria\/\" \/>\n<meta property=\"og:site_name\" content=\"ACN International\" \/>\n<meta property=\"article:publisher\" content=\"https:\/\/www.facebook.com\/acninternationalorg\" \/>\n<meta property=\"article:published_time\" content=\"2025-05-28T10:46:56+00:00\" \/>\n<meta property=\"article:modified_time\" content=\"2025-08-19T13:53:19+00:00\" \/>\n<meta property=\"og:image\" content=\"https:\/\/media.acninternational.org\/wp-content\/uploads\/2025\/05\/ACN-20240319-162165.jpg\" \/>\n\t<meta property=\"og:image:width\" content=\"1920\" \/>\n\t<meta property=\"og:image:height\" content=\"700\" \/>\n\t<meta property=\"og:image:type\" content=\"image\/jpeg\" \/>\n<meta name=\"author\" content=\"Maria Lozano\" \/>\n<meta name=\"twitter:card\" content=\"summary_large_image\" \/>\n<meta name=\"twitter:creator\" content=\"@acn_int\" \/>\n<meta name=\"twitter:site\" content=\"@acn_int\" \/>\n<meta name=\"twitter:label1\" content=\"Verfasst von\" \/>\n\t<meta name=\"twitter:data1\" content=\"Maria Lozano\" \/>\n\t<meta name=\"twitter:label2\" content=\"Gesch\u00e4tzte Lesezeit\" \/>\n\t<meta name=\"twitter:data2\" content=\"3\u00a0Minuten\" \/>\n<script type=\"application\/ld+json\" class=\"yoast-schema-graph\">{\"@context\":\"https:\\\/\\\/schema.org\",\"@graph\":[{\"@type\":\"Article\",\"@id\":\"https:\\\/\\\/acninternational.org\\\/de\\\/dutzende-tote-bei-neuer-angriffswelle-auf-gemeinden-in-zentralnigeria\\\/#article\",\"isPartOf\":{\"@id\":\"https:\\\/\\\/acninternational.org\\\/de\\\/dutzende-tote-bei-neuer-angriffswelle-auf-gemeinden-in-zentralnigeria\\\/\"},\"author\":{\"name\":\"Maria Lozano\",\"@id\":\"https:\\\/\\\/acninternational.org\\\/de\\\/#\\\/schema\\\/person\\\/91975fc8e2569591a0e2d868c7d5816c\"},\"headline\":\"Dutzende Tote bei neuer Angriffswelle auf Gemeinden in Zentralnigeria\",\"datePublished\":\"2025-05-28T10:46:56+00:00\",\"dateModified\":\"2025-08-19T13:53:19+00:00\",\"mainEntityOfPage\":{\"@id\":\"https:\\\/\\\/acninternational.org\\\/de\\\/dutzende-tote-bei-neuer-angriffswelle-auf-gemeinden-in-zentralnigeria\\\/\"},\"wordCount\":683,\"publisher\":{\"@id\":\"https:\\\/\\\/acninternational.org\\\/de\\\/#organization\"},\"image\":{\"@id\":\"https:\\\/\\\/acninternational.org\\\/de\\\/dutzende-tote-bei-neuer-angriffswelle-auf-gemeinden-in-zentralnigeria\\\/#primaryimage\"},\"thumbnailUrl\":\"https:\\\/\\\/media.acninternational.org\\\/wp-content\\\/uploads\\\/2025\\\/05\\\/ACN-20240319-162165.jpg\",\"articleSection\":[\"Nachricht\",\"Nachricht\"],\"inLanguage\":\"de\"},{\"@type\":\"WebPage\",\"@id\":\"https:\\\/\\\/acninternational.org\\\/de\\\/dutzende-tote-bei-neuer-angriffswelle-auf-gemeinden-in-zentralnigeria\\\/\",\"url\":\"https:\\\/\\\/acninternational.org\\\/de\\\/dutzende-tote-bei-neuer-angriffswelle-auf-gemeinden-in-zentralnigeria\\\/\",\"name\":\"Dutzende Tote bei neuer Angriffswelle auf Gemeinden in Zentralnigeria | ACN International\",\"isPartOf\":{\"@id\":\"https:\\\/\\\/acninternational.org\\\/de\\\/#website\"},\"primaryImageOfPage\":{\"@id\":\"https:\\\/\\\/acninternational.org\\\/de\\\/dutzende-tote-bei-neuer-angriffswelle-auf-gemeinden-in-zentralnigeria\\\/#primaryimage\"},\"image\":{\"@id\":\"https:\\\/\\\/acninternational.org\\\/de\\\/dutzende-tote-bei-neuer-angriffswelle-auf-gemeinden-in-zentralnigeria\\\/#primaryimage\"},\"thumbnailUrl\":\"https:\\\/\\\/media.acninternational.org\\\/wp-content\\\/uploads\\\/2025\\\/05\\\/ACN-20240319-162165.jpg\",\"datePublished\":\"2025-05-28T10:46:56+00:00\",\"dateModified\":\"2025-08-19T13:53:19+00:00\",\"description\":\"Sie f\u00fchren zu humanit\u00e4ren Krisen, weil die \u00dcberlebenden in Lagern Zuflucht suchen m\u00fcssen, wo sie als Bettler um ihr \u00dcberleben k\u00e4mpfen.\",\"breadcrumb\":{\"@id\":\"https:\\\/\\\/acninternational.org\\\/de\\\/dutzende-tote-bei-neuer-angriffswelle-auf-gemeinden-in-zentralnigeria\\\/#breadcrumb\"},\"inLanguage\":\"de\",\"potentialAction\":[{\"@type\":\"ReadAction\",\"target\":[\"https:\\\/\\\/acninternational.org\\\/de\\\/dutzende-tote-bei-neuer-angriffswelle-auf-gemeinden-in-zentralnigeria\\\/\"]}]},{\"@type\":\"ImageObject\",\"inLanguage\":\"de\",\"@id\":\"https:\\\/\\\/acninternational.org\\\/de\\\/dutzende-tote-bei-neuer-angriffswelle-auf-gemeinden-in-zentralnigeria\\\/#primaryimage\",\"url\":\"https:\\\/\\\/media.acninternational.org\\\/wp-content\\\/uploads\\\/2025\\\/05\\\/ACN-20240319-162165.jpg\",\"contentUrl\":\"https:\\\/\\\/media.acninternational.org\\\/wp-content\\\/uploads\\\/2025\\\/05\\\/ACN-20240319-162165.jpg\",\"width\":1920,\"height\":700},{\"@type\":\"BreadcrumbList\",\"@id\":\"https:\\\/\\\/acninternational.org\\\/de\\\/dutzende-tote-bei-neuer-angriffswelle-auf-gemeinden-in-zentralnigeria\\\/#breadcrumb\",\"itemListElement\":[{\"@type\":\"ListItem\",\"position\":1,\"name\":\"Home\",\"item\":\"https:\\\/\\\/acninternational.org\\\/de\\\/\"},{\"@type\":\"ListItem\",\"position\":2,\"name\":\"Nachricht\",\"item\":\"https:\\\/\\\/acninternational.org\\\/de\\\/category\\\/news-de\\\/\"},{\"@type\":\"ListItem\",\"position\":3,\"name\":\"Dutzende Tote bei neuer Angriffswelle auf Gemeinden in Zentralnigeria\"}]},{\"@type\":\"WebSite\",\"@id\":\"https:\\\/\\\/acninternational.org\\\/de\\\/#website\",\"url\":\"https:\\\/\\\/acninternational.org\\\/de\\\/\",\"name\":\"ACN International\",\"description\":\"\",\"publisher\":{\"@id\":\"https:\\\/\\\/acninternational.org\\\/de\\\/#organization\"},\"potentialAction\":[{\"@type\":\"SearchAction\",\"target\":{\"@type\":\"EntryPoint\",\"urlTemplate\":\"https:\\\/\\\/acninternational.org\\\/de\\\/?s={search_term_string}\"},\"query-input\":{\"@type\":\"PropertyValueSpecification\",\"valueRequired\":true,\"valueName\":\"search_term_string\"}}],\"inLanguage\":\"de\"},{\"@type\":\"Organization\",\"@id\":\"https:\\\/\\\/acninternational.org\\\/de\\\/#organization\",\"name\":\"Aid to the Church in Need International\",\"url\":\"https:\\\/\\\/acninternational.org\\\/de\\\/\",\"logo\":{\"@type\":\"ImageObject\",\"inLanguage\":\"de\",\"@id\":\"https:\\\/\\\/acninternational.org\\\/de\\\/#\\\/schema\\\/logo\\\/image\\\/\",\"url\":\"https:\\\/\\\/media.acninternational.org\\\/wp-content\\\/uploads\\\/2019\\\/11\\\/acn_logo_blackvector.svg\",\"contentUrl\":\"https:\\\/\\\/media.acninternational.org\\\/wp-content\\\/uploads\\\/2019\\\/11\\\/acn_logo_blackvector.svg\",\"width\":232.6,\"height\":78,\"caption\":\"Aid to the Church in Need International\"},\"image\":{\"@id\":\"https:\\\/\\\/acninternational.org\\\/de\\\/#\\\/schema\\\/logo\\\/image\\\/\"},\"sameAs\":[\"https:\\\/\\\/www.facebook.com\\\/acninternationalorg\",\"https:\\\/\\\/x.com\\\/acn_int\",\"https:\\\/\\\/www.youtube.com\\\/channel\\\/UCQ-077gS0TnVzkhHmf1opZw\",\"https:\\\/\\\/www.instagram.com\\\/acn_international\\\/\"]},{\"@type\":\"Person\",\"@id\":\"https:\\\/\\\/acninternational.org\\\/de\\\/#\\\/schema\\\/person\\\/91975fc8e2569591a0e2d868c7d5816c\",\"name\":\"Maria Lozano\",\"description\":\"Lorem ipsum dolor sit amet, consectetur adipiscing elit, sed do eiusmod tempor incididunt ut labore et dolore magna aliqua. Ut enim ad minim veniam, quis nostrud exercitation ullamco laboris nisi ut aliquip ex ea commodo consequat.\",\"url\":\"https:\\\/\\\/acninternational.org\\\/de\\\/author\\\/maria\\\/\"}]}<\/script>\n<!-- \/ Yoast SEO Premium plugin. -->","yoast_head_json":{"title":"Dutzende Tote bei neuer Angriffswelle auf Gemeinden in Zentralnigeria | ACN International","description":"Sie f\u00fchren zu humanit\u00e4ren Krisen, weil die \u00dcberlebenden in Lagern Zuflucht suchen m\u00fcssen, wo sie als Bettler um ihr \u00dcberleben k\u00e4mpfen.","robots":{"index":"index","follow":"follow","max-snippet":"max-snippet:-1","max-image-preview":"max-image-preview:large","max-video-preview":"max-video-preview:-1"},"canonical":"https:\/\/acninternational.org\/de\/dutzende-tote-bei-neuer-angriffswelle-auf-gemeinden-in-zentralnigeria\/","og_locale":"de_DE","og_type":"article","og_title":"Dutzende Tote bei neuer Angriffswelle auf Gemeinden in Zentralnigeria","og_description":"Sie f\u00fchren zu humanit\u00e4ren Krisen, weil die \u00dcberlebenden in Lagern Zuflucht suchen m\u00fcssen, wo sie als Bettler um ihr \u00dcberleben k\u00e4mpfen.","og_url":"https:\/\/acninternational.org\/de\/dutzende-tote-bei-neuer-angriffswelle-auf-gemeinden-in-zentralnigeria\/","og_site_name":"ACN International","article_publisher":"https:\/\/www.facebook.com\/acninternationalorg","article_published_time":"2025-05-28T10:46:56+00:00","article_modified_time":"2025-08-19T13:53:19+00:00","og_image":[{"width":1920,"height":700,"url":"https:\/\/media.acninternational.org\/wp-content\/uploads\/2025\/05\/ACN-20240319-162165.jpg","type":"image\/jpeg"}],"author":"Maria Lozano","twitter_card":"summary_large_image","twitter_creator":"@acn_int","twitter_site":"@acn_int","twitter_misc":{"Verfasst von":"Maria Lozano","Gesch\u00e4tzte Lesezeit":"3\u00a0Minuten"},"schema":{"@context":"https:\/\/schema.org","@graph":[{"@type":"Article","@id":"https:\/\/acninternational.org\/de\/dutzende-tote-bei-neuer-angriffswelle-auf-gemeinden-in-zentralnigeria\/#article","isPartOf":{"@id":"https:\/\/acninternational.org\/de\/dutzende-tote-bei-neuer-angriffswelle-auf-gemeinden-in-zentralnigeria\/"},"author":{"name":"Maria Lozano","@id":"https:\/\/acninternational.org\/de\/#\/schema\/person\/91975fc8e2569591a0e2d868c7d5816c"},"headline":"Dutzende Tote bei neuer Angriffswelle auf Gemeinden in Zentralnigeria","datePublished":"2025-05-28T10:46:56+00:00","dateModified":"2025-08-19T13:53:19+00:00","mainEntityOfPage":{"@id":"https:\/\/acninternational.org\/de\/dutzende-tote-bei-neuer-angriffswelle-auf-gemeinden-in-zentralnigeria\/"},"wordCount":683,"publisher":{"@id":"https:\/\/acninternational.org\/de\/#organization"},"image":{"@id":"https:\/\/acninternational.org\/de\/dutzende-tote-bei-neuer-angriffswelle-auf-gemeinden-in-zentralnigeria\/#primaryimage"},"thumbnailUrl":"https:\/\/media.acninternational.org\/wp-content\/uploads\/2025\/05\/ACN-20240319-162165.jpg","articleSection":["Nachricht","Nachricht"],"inLanguage":"de"},{"@type":"WebPage","@id":"https:\/\/acninternational.org\/de\/dutzende-tote-bei-neuer-angriffswelle-auf-gemeinden-in-zentralnigeria\/","url":"https:\/\/acninternational.org\/de\/dutzende-tote-bei-neuer-angriffswelle-auf-gemeinden-in-zentralnigeria\/","name":"Dutzende Tote bei neuer Angriffswelle auf Gemeinden in Zentralnigeria | ACN International","isPartOf":{"@id":"https:\/\/acninternational.org\/de\/#website"},"primaryImageOfPage":{"@id":"https:\/\/acninternational.org\/de\/dutzende-tote-bei-neuer-angriffswelle-auf-gemeinden-in-zentralnigeria\/#primaryimage"},"image":{"@id":"https:\/\/acninternational.org\/de\/dutzende-tote-bei-neuer-angriffswelle-auf-gemeinden-in-zentralnigeria\/#primaryimage"},"thumbnailUrl":"https:\/\/media.acninternational.org\/wp-content\/uploads\/2025\/05\/ACN-20240319-162165.jpg","datePublished":"2025-05-28T10:46:56+00:00","dateModified":"2025-08-19T13:53:19+00:00","description":"Sie f\u00fchren zu humanit\u00e4ren Krisen, weil die \u00dcberlebenden in Lagern Zuflucht suchen m\u00fcssen, wo sie als Bettler um ihr \u00dcberleben k\u00e4mpfen.","breadcrumb":{"@id":"https:\/\/acninternational.org\/de\/dutzende-tote-bei-neuer-angriffswelle-auf-gemeinden-in-zentralnigeria\/#breadcrumb"},"inLanguage":"de","potentialAction":[{"@type":"ReadAction","target":["https:\/\/acninternational.org\/de\/dutzende-tote-bei-neuer-angriffswelle-auf-gemeinden-in-zentralnigeria\/"]}]},{"@type":"ImageObject","inLanguage":"de","@id":"https:\/\/acninternational.org\/de\/dutzende-tote-bei-neuer-angriffswelle-auf-gemeinden-in-zentralnigeria\/#primaryimage","url":"https:\/\/media.acninternational.org\/wp-content\/uploads\/2025\/05\/ACN-20240319-162165.jpg","contentUrl":"https:\/\/media.acninternational.org\/wp-content\/uploads\/2025\/05\/ACN-20240319-162165.jpg","width":1920,"height":700},{"@type":"BreadcrumbList","@id":"https:\/\/acninternational.org\/de\/dutzende-tote-bei-neuer-angriffswelle-auf-gemeinden-in-zentralnigeria\/#breadcrumb","itemListElement":[{"@type":"ListItem","position":1,"name":"Home","item":"https:\/\/acninternational.org\/de\/"},{"@type":"ListItem","position":2,"name":"Nachricht","item":"https:\/\/acninternational.org\/de\/category\/news-de\/"},{"@type":"ListItem","position":3,"name":"Dutzende Tote bei neuer Angriffswelle auf Gemeinden in Zentralnigeria"}]},{"@type":"WebSite","@id":"https:\/\/acninternational.org\/de\/#website","url":"https:\/\/acninternational.org\/de\/","name":"ACN International","description":"","publisher":{"@id":"https:\/\/acninternational.org\/de\/#organization"},"potentialAction":[{"@type":"SearchAction","target":{"@type":"EntryPoint","urlTemplate":"https:\/\/acninternational.org\/de\/?s={search_term_string}"},"query-input":{"@type":"PropertyValueSpecification","valueRequired":true,"valueName":"search_term_string"}}],"inLanguage":"de"},{"@type":"Organization","@id":"https:\/\/acninternational.org\/de\/#organization","name":"Aid to the Church in Need International","url":"https:\/\/acninternational.org\/de\/","logo":{"@type":"ImageObject","inLanguage":"de","@id":"https:\/\/acninternational.org\/de\/#\/schema\/logo\/image\/","url":"https:\/\/media.acninternational.org\/wp-content\/uploads\/2019\/11\/acn_logo_blackvector.svg","contentUrl":"https:\/\/media.acninternational.org\/wp-content\/uploads\/2019\/11\/acn_logo_blackvector.svg","width":232.6,"height":78,"caption":"Aid to the Church in Need International"},"image":{"@id":"https:\/\/acninternational.org\/de\/#\/schema\/logo\/image\/"},"sameAs":["https:\/\/www.facebook.com\/acninternationalorg","https:\/\/x.com\/acn_int","https:\/\/www.youtube.com\/channel\/UCQ-077gS0TnVzkhHmf1opZw","https:\/\/www.instagram.com\/acn_international\/"]},{"@type":"Person","@id":"https:\/\/acninternational.org\/de\/#\/schema\/person\/91975fc8e2569591a0e2d868c7d5816c","name":"Maria Lozano","description":"Lorem ipsum dolor sit amet, consectetur adipiscing elit, sed do eiusmod tempor incididunt ut labore et dolore magna aliqua. Ut enim ad minim veniam, quis nostrud exercitation ullamco laboris nisi ut aliquip ex ea commodo consequat.","url":"https:\/\/acninternational.org\/de\/author\/maria\/"}]}},"_links":{"self":[{"href":"https:\/\/acninternational.org\/de\/wp-json\/wp\/v2\/posts\/247748","targetHints":{"allow":["GET"]}}],"collection":[{"href":"https:\/\/acninternational.org\/de\/wp-json\/wp\/v2\/posts"}],"about":[{"href":"https:\/\/acninternational.org\/de\/wp-json\/wp\/v2\/types\/post"}],"author":[{"embeddable":true,"href":"https:\/\/acninternational.org\/de\/wp-json\/wp\/v2\/users\/4258341378"}],"replies":[{"embeddable":true,"href":"https:\/\/acninternational.org\/de\/wp-json\/wp\/v2\/comments?post=247748"}],"version-history":[{"count":1,"href":"https:\/\/acninternational.org\/de\/wp-json\/wp\/v2\/posts\/247748\/revisions"}],"predecessor-version":[{"id":251968,"href":"https:\/\/acninternational.org\/de\/wp-json\/wp\/v2\/posts\/247748\/revisions\/251968"}],"wp:featuredmedia":[{"embeddable":true,"href":"https:\/\/acninternational.org\/de\/wp-json\/wp\/v2\/media\/247659"}],"wp:attachment":[{"href":"https:\/\/acninternational.org\/de\/wp-json\/wp\/v2\/media?parent=247748"}],"wp:term":[{"taxonomy":"category","embeddable":true,"href":"https:\/\/acninternational.org\/de\/wp-json\/wp\/v2\/categories?post=247748"},{"taxonomy":"post_tag","embeddable":true,"href":"https:\/\/acninternational.org\/de\/wp-json\/wp\/v2\/tags?post=247748"},{"taxonomy":"country","embeddable":true,"href":"https:\/\/acninternational.org\/de\/wp-json\/wp\/v2\/country?post=247748"}],"curies":[{"name":"wp","href":"https:\/\/api.w.org\/{rel}","templated":true}]}}