{"id":231932,"date":"2024-11-12T12:26:03","date_gmt":"2024-11-12T11:26:03","guid":{"rendered":"https:\/\/acninternational.org\/?p=231932"},"modified":"2025-08-12T10:27:58","modified_gmt":"2025-08-12T08:27:58","slug":"ein-kolumbianischer-priester-kaempft-gegen-die-gewalt-in-unserem-viertel-gibt-es-jede-woche-zwei-bis-drei-morde","status":"publish","type":"post","link":"https:\/\/acninternational.org\/de\/ein-kolumbianischer-priester-kaempft-gegen-die-gewalt-in-unserem-viertel-gibt-es-jede-woche-zwei-bis-drei-morde\/","title":{"rendered":"Ein kolumbianischer Priester k\u00e4mpft gegen die Gewalt: \u201eIn unserem Viertel gibt es jede Woche zwei bis drei Morde.\u201c"},"content":{"rendered":"<p><em>Gersa\u00edn Paz, Pfarrer in einem der gef\u00e4hrlichsten Viertel Kolumbiens, erz\u00e4hlt dem Hilfswerk Aid to the Church in Need (ACN), wie der Glaube und die Musik das Leben vieler Jugendlicher in Cali, der Hauptstadt des Drogenhandels, ver\u00e4ndert haben und sie von Drogen und der Versuchung des Selbstmords fernhalten.<\/em><\/p>\n<p>\u201eDas gro\u00dfe Ungl\u00fcck Kolumbiens ist, dass das Verbrechen zu einer Industrie geworden ist\u201c, klagt Gersa\u00edn Paz, Pfarrer von Santa Marta in Cali, w\u00e4hrend eines Besuchs bei ACN. Drogen- und Menschenhandel sowie Prostitution haben in dem Land stark zugenommen. Nach UN-Angaben ist Kolumbien der\u00a0<a href=\"https:\/\/www.state.gov\/bureau-of-international-narcotics-and-law-enforcement-affairs-work-by-country\/colombia-summary\/\" target=\"_blank\" rel=\"noopener\">gr\u00f6\u00dfte Kokainproduzent<\/a> der Welt. Im Jahr 2023 wurden mehr als\u00a0<a href=\"https:\/\/digitallibrary.un.org\/record\/4013736?v=pdf\" target=\"_blank\" rel=\"noopener\">1100 Tonnen Drogen<\/a>\u00a0beschlagnahmt, und es wird gesch\u00e4tzt, dass es in dem Land j\u00e4hrlich <a href=\"https:\/\/www.unodc.org\/unodc\/en\/press\/releases\/2023\/January\/global-report-on-trafficking-in-persons-2022.html\" target=\"_blank\" rel=\"noopener\">mehr als\u00a015\u00a0000 Opfer von Menschenhandel\u00a0<\/a> gibt.<\/p>\n<figure id=\"attachment_231901\" aria-describedby=\"caption-attachment-231901\" style=\"width: 800px\" class=\"wp-caption aligncenter\"><img loading=\"lazy\" decoding=\"async\" class=\"wp-image-231901 size-large\" src=\"https:\/\/media.acninternational.org\/wp-content\/uploads\/2024\/11\/ACN-20241112-175308-1024x683.jpg\" alt=\"Gersa\u00edn Paz, Pfarrer der Kirche von Santa Marta, besucht eine einheimische Familie.\" width=\"800\" height=\"534\" srcset=\"https:\/\/media.acninternational.org\/wp-content\/uploads\/2024\/11\/ACN-20241112-175308-1024x683.jpg 1024w, https:\/\/media.acninternational.org\/wp-content\/uploads\/2024\/11\/ACN-20241112-175308-300x200.jpg 300w, https:\/\/media.acninternational.org\/wp-content\/uploads\/2024\/11\/ACN-20241112-175308-768x512.jpg 768w, https:\/\/media.acninternational.org\/wp-content\/uploads\/2024\/11\/ACN-20241112-175308.jpg 1080w\" sizes=\"auto, (max-width: 800px) 100vw, 800px\" \/><figcaption id=\"caption-attachment-231901\" class=\"wp-caption-text\">Gersa\u00edn Paz, Pfarrer der Kirche von Santa Marta, besucht eine einheimische Familie.<\/figcaption><\/figure>\n<p>Cali im S\u00fcdwesten Kolumbiens im Valle del Cauca gelegen, gilt als die \u201eHauptstadt des Drogenhandels\u201c und hat mit durchschnittlich 1500 Morden pro Jahr eine der h\u00f6chsten Kriminalit\u00e4tsraten. \u201eIn unserem Viertel Santa Marta gibt es jede Woche zwei bis drei Morde\u201c, berichtet der Pfarrer.<\/p>\n<p>Kinder und Jugendliche sind davon stark betroffen: Viele werden von kriminellen Banden zwangsrekrutiert oder schlie\u00dfen sich diesen Gruppen freiwillig an. Mangelnde Chancen, Schulabsentismus und soziale Vernachl\u00e4ssigung haben viele dazu gebracht, sich in diese oder andere illegale Aktivit\u00e4ten zu verstricken. \u201eEs gibt bereits Jugendliche, die ihren K\u00f6rper im Internet verkaufen\u201c, sagt der Priester traurig. \u201eWir haben auch von Kindern geh\u00f6rt, die andere Kinder get\u00f6tet haben.\u201c<\/p>\n<p>Die besorgniserregende Situation spiegelt sich auch in der Zahl der Selbstmorde wider, von denen sowohl Erwachsene als auch Kinder betroffen sind. \u201eWir haben jeden Monat mindestens zwei Selbstmorde in dieser Gegend. Das ist schrecklich. Ich habe einmal ein Kind, das sich die Arme aufritzte, gefragt, warum es das tat, und es sagte: \u201aIch m\u00f6chte weinen, aber ich kann nicht\u2018\u201c, so Pfarrer Paz gegen\u00fcber ACN. \u201eVon den 70 000 Menschen in diesem Gebiet ist nur ein Drittel getauft und etwa 10 Prozent sind praktizierende Christen. Die Menschen brauchen wirklich Unterst\u00fctzung\u201c, f\u00fcgt er hinzu.<\/p>\n<figure id=\"attachment_231913\" aria-describedby=\"caption-attachment-231913\" style=\"width: 800px\" class=\"wp-caption aligncenter\"><img loading=\"lazy\" decoding=\"async\" class=\"wp-image-231913 size-large\" src=\"https:\/\/media.acninternational.org\/wp-content\/uploads\/2024\/11\/ACN-20241112-175310-1024x683.jpg\" alt=\"Cali, wo sich die Gemeinde von Pfarrer Gersa\u00edn Paz befindet, ist eine der gewaltt\u00e4tigsten St\u00e4dte Kolumbiens.\" width=\"800\" height=\"534\" srcset=\"https:\/\/media.acninternational.org\/wp-content\/uploads\/2024\/11\/ACN-20241112-175310-1024x683.jpg 1024w, https:\/\/media.acninternational.org\/wp-content\/uploads\/2024\/11\/ACN-20241112-175310-300x200.jpg 300w, https:\/\/media.acninternational.org\/wp-content\/uploads\/2024\/11\/ACN-20241112-175310-768x512.jpg 768w, https:\/\/media.acninternational.org\/wp-content\/uploads\/2024\/11\/ACN-20241112-175310.jpg 1080w\" sizes=\"auto, (max-width: 800px) 100vw, 800px\" \/><figcaption id=\"caption-attachment-231913\" class=\"wp-caption-text\">Cali, wo sich die Gemeinde von Pfarrer Gersa\u00edn Paz befindet, ist eine der gewaltt\u00e4tigsten St\u00e4dte Kolumbiens.<\/figcaption><\/figure>\n<p>Trotz der Gewalt und der verheerenden Lage gibt es immer noch Hoffnung: Viele Kinder und Jugendliche, die einst in Gewalt und Kriminalit\u00e4t versunken waren, haben in der Gemeinde von Pfarrer Paz, deren Ausbau und Verbesserungen von ACN unterst\u00fctzt wurden, eine zweite Chance gefunden. Seit er f\u00fcr die Pfarrei St. Martha verantwortlich ist, hat der Priester die Art und Weise ge\u00e4ndert, mit den Jugendlichen in Kontakt zu treten, indem er Musik und andere kreative Methoden zur Motivation einsetzt. Bei Exerzitien werden die Jugendlichen gebeten, sich f\u00fcr einige Stunden von allem abzukapseln und in Stille zu sein. Dies schien zun\u00e4chst unm\u00f6glich, doch im Laufe der Zeit \u201egenie\u00dfen sie diese Erfahrung wirklich und haben eine gro\u00dfe F\u00e4higkeit zum Gebet\u201c entwickelt.<\/p>\n<h4><strong>\u201eIch kenne keinen Jungen, der, nachdem er bei uns war, noch mit Drogen zu tun hat\u201c <\/strong><\/h4>\n<p>Gersa\u00edn Paz sucht nach M\u00f6glichkeiten, alle zu erreichen. Ein Raum, der fr\u00fcher nur f\u00fcr den Katechismusunterricht in der Kirche diente, wird jetzt auch als Musikkonservatorium genutzt. Hier werden Jugendliche aufgenommen, die eine zweite Chance suchen. Unter anderem erhalten sie Geigen- und Klavierunterricht. \u201eEs gibt Kinder, die hier Musikunterricht hatten und jetzt in der ganzen Welt spielen oder in der Schweiz und in Wien promovieren\u201c, berichtet er stolz. \u201eWir sprechen hier von Kindern aus sehr vulnerablen Verh\u00e4ltnissen, die aus extrem schwierigen Situationen kommen. Ich bin \u00fcberzeugt: Gewalt kann beseitigt werden, wenn die richtigen Chancen geboten werden. Dank der Initiativen der Di\u00f6zese ist die Gewalt um 80 Prozent zur\u00fcckgegangen\u201c, betont er. Der Pfarrer erkl\u00e4rt, dass die Jugendlichen nach der Teilnahme am Programm der Pfarrei beginnen, ihr eigenes Lebensprojekt auf die Beine zu stellen. \u201eIch kenne keinen einzigen Jungen, der nach seiner Zeit bei uns noch mit Drogen zu tun hat\u201c, sagt der Projektpartner.<\/p>\n<figure id=\"attachment_231907\" aria-describedby=\"caption-attachment-231907\" style=\"width: 800px\" class=\"wp-caption aligncenter\"><img loading=\"lazy\" decoding=\"async\" class=\"wp-image-231907 size-large\" src=\"https:\/\/media.acninternational.org\/wp-content\/uploads\/2024\/11\/ACN-20241111-175210-1024x683.jpg\" alt=\"Ein junger Mann mit einer T\u00e4towierung der Muttergottes von Guadalupe neben Pater Gersa\u00edn Paz\" width=\"800\" height=\"534\" srcset=\"https:\/\/media.acninternational.org\/wp-content\/uploads\/2024\/11\/ACN-20241111-175210-1024x683.jpg 1024w, https:\/\/media.acninternational.org\/wp-content\/uploads\/2024\/11\/ACN-20241111-175210-300x200.jpg 300w, https:\/\/media.acninternational.org\/wp-content\/uploads\/2024\/11\/ACN-20241111-175210-768x512.jpg 768w, https:\/\/media.acninternational.org\/wp-content\/uploads\/2024\/11\/ACN-20241111-175210.jpg 1080w\" sizes=\"auto, (max-width: 800px) 100vw, 800px\" \/><figcaption id=\"caption-attachment-231907\" class=\"wp-caption-text\">Ein junger Mann mit einer T\u00e4towierung der Muttergottes von Guadalupe neben Pater Gersa\u00edn Paz<\/figcaption><\/figure>\n<p>In Lateinamerika spielt die Rolle des Priesters eine zentrale Bedeutung: Aufgrund der starken katholischen Tradition und des Mangels an sozialen Diensten in einigen Gegenden \u00fcbernehmen Priester oft F\u00fchrungsrollen in der Gemeinde, bieten Unterst\u00fctzung in Bereichen wie Bildung und Gesundheit und vermitteln bei Konflikten. Deshalb unterstreicht Gersa\u00edn Paz die Bedeutung der Entfaltung aller F\u00e4higkeiten der Priester f\u00fcr das Gemeinwohl: \u201eEs ist wichtig, dass sie eine solide Ausbildung erhalten, nicht nur in liturgischen Aspekten, sondern auch im Umgang mit realen Problemen wie Gewalt oder Arbeitslosigkeit.\u201c<\/p>\n<h4><strong>Ein radikaler Wandel: eine neue Kirche f\u00fcr die neuen Generationen <\/strong><\/h4>\n<p>Die Pfarrei existiert seit 15 Jahren. Am Anfang, als sie Pfarrer Paz \u00fcbernahm, gab es keinen Strom; Beutelratten liefen im Gemeindehaus herum und die Hitze war unertr\u00e4glich. \u201eEs gab nicht einmal Toiletten\u201c, erinnert sich der Priester. \u201eJetzt haben wir eine wirklich sch\u00f6ne und ger\u00e4umige Kirche. Die Leute freuen sich sehr auf die bevorstehende offizielle Einweihung. Es ist ein wunderbarer Ort. Es ist eine radikale Ver\u00e4nderung.\u201c<\/p>\n<figure id=\"attachment_231919\" aria-describedby=\"caption-attachment-231919\" style=\"width: 683px\" class=\"wp-caption aligncenter\"><img loading=\"lazy\" decoding=\"async\" class=\"wp-image-231919 size-large\" src=\"https:\/\/media.acninternational.org\/wp-content\/uploads\/2024\/11\/ACN-20241111-175207-683x1024.jpg\" alt=\"Gersa\u00edn Paz, Pfarrer der Gemeinde Santa Marta, w\u00e4hrend der Abendmesse.\" width=\"683\" height=\"1024\" srcset=\"https:\/\/media.acninternational.org\/wp-content\/uploads\/2024\/11\/ACN-20241111-175207-683x1024.jpg 683w, https:\/\/media.acninternational.org\/wp-content\/uploads\/2024\/11\/ACN-20241111-175207-200x300.jpg 200w, https:\/\/media.acninternational.org\/wp-content\/uploads\/2024\/11\/ACN-20241111-175207.jpg 720w\" sizes=\"auto, (max-width: 683px) 100vw, 683px\" \/><figcaption id=\"caption-attachment-231919\" class=\"wp-caption-text\">Gersa\u00edn Paz, Pfarrer der Gemeinde Santa Marta, w\u00e4hrend der Abendmesse.<\/figcaption><\/figure>\n<p>Eine Begegnungsst\u00e4tte sei f\u00fcr jede Gemeinde unerl\u00e4sslich, sagt er: \u201eWenn ich eine richtige Sakristei und ein B\u00fcro habe, kann ich den Menschen besser dienen. Das war ein Traum der Gemeindemitglieder\u201c. Er schlie\u00dft: \u201eDank ACN k\u00f6nnen wir weiter wachsen und uns an die Bed\u00fcrfnisse unserer Gemeinde anpassen. Die Seelsorge muss ein wichtiger Pfeiler sein und so dazu beitragen, die neuen Generationen zu begleiten und zu unterst\u00fctzen.\u201c<\/p>\n<p>&nbsp;<\/p>\n","protected":false},"excerpt":{"rendered":"<p>Gersa\u00edn Paz, Pfarrer in einem der gef\u00e4hrlichsten Viertel Kolumbiens, erz\u00e4hlt dem Hilfswerk Aid to the Church in Need (ACN), wie<\/p>\n","protected":false},"author":4258341381,"featured_media":231927,"comment_status":"closed","ping_status":"closed","sticky":false,"template":"","format":"standard","meta":{"_acf_changed":false,"_acn_coauthor_ids":[],"footnotes":""},"categories":[968],"tags":[],"country":[1309],"class_list":["post-231932","post","type-post","status-publish","format-standard","has-post-thumbnail","hentry","category-featured-de","country-kolumbien"],"acn_coauthors":[],"acf":[],"yoast_head":"<!-- This site is optimized with the Yoast SEO Premium plugin v27.3 (Yoast SEO v27.3) - https:\/\/yoast.com\/product\/yoast-seo-premium-wordpress\/ -->\n<title>Ein kolumbianischer Priester k\u00e4mpft gegen die Gewalt: \u201eIn unserem Viertel gibt es jede Woche zwei bis drei Morde.\u201c | ACN International<\/title>\n<meta name=\"robots\" content=\"index, follow, max-snippet:-1, max-image-preview:large, max-video-preview:-1\" \/>\n<link rel=\"canonical\" href=\"https:\/\/acninternational.org\/de\/ein-kolumbianischer-priester-kaempft-gegen-die-gewalt-in-unserem-viertel-gibt-es-jede-woche-zwei-bis-drei-morde\/\" \/>\n<meta property=\"og:locale\" content=\"de_DE\" \/>\n<meta property=\"og:type\" content=\"article\" \/>\n<meta property=\"og:title\" content=\"Ein kolumbianischer Priester k\u00e4mpft gegen die Gewalt: \u201eIn unserem Viertel gibt es jede Woche zwei bis drei Morde.\u201c\" \/>\n<meta property=\"og:description\" content=\"Gersa\u00edn Paz, Pfarrer in einem der gef\u00e4hrlichsten Viertel Kolumbiens, erz\u00e4hlt dem Hilfswerk Aid to the Church in Need (ACN), wie\" \/>\n<meta property=\"og:url\" content=\"https:\/\/acninternational.org\/de\/ein-kolumbianischer-priester-kaempft-gegen-die-gewalt-in-unserem-viertel-gibt-es-jede-woche-zwei-bis-drei-morde\/\" \/>\n<meta property=\"og:site_name\" content=\"ACN International\" \/>\n<meta property=\"article:publisher\" content=\"https:\/\/www.facebook.com\/acninternationalorg\" \/>\n<meta property=\"article:published_time\" content=\"2024-11-12T11:26:03+00:00\" \/>\n<meta property=\"article:modified_time\" content=\"2025-08-12T08:27:58+00:00\" \/>\n<meta property=\"og:image\" content=\"https:\/\/media.acninternational.org\/wp-content\/uploads\/2024\/11\/ACN-20241111-175208.jpg\" \/>\n\t<meta property=\"og:image:width\" content=\"1920\" \/>\n\t<meta property=\"og:image:height\" content=\"700\" \/>\n\t<meta property=\"og:image:type\" content=\"image\/jpeg\" \/>\n<meta name=\"author\" content=\"Luc\u00eda Ballester\" \/>\n<meta name=\"twitter:card\" content=\"summary_large_image\" \/>\n<meta name=\"twitter:creator\" content=\"@acn_int\" \/>\n<meta name=\"twitter:site\" content=\"@acn_int\" \/>\n<meta name=\"twitter:label1\" content=\"Verfasst von\" \/>\n\t<meta name=\"twitter:data1\" content=\"Luc\u00eda Ballester\" \/>\n\t<meta name=\"twitter:label2\" content=\"Gesch\u00e4tzte Lesezeit\" \/>\n\t<meta name=\"twitter:data2\" content=\"5\u00a0Minuten\" \/>\n<script type=\"application\/ld+json\" class=\"yoast-schema-graph\">{\"@context\":\"https:\\\/\\\/schema.org\",\"@graph\":[{\"@type\":\"Article\",\"@id\":\"https:\\\/\\\/acninternational.org\\\/de\\\/ein-kolumbianischer-priester-kaempft-gegen-die-gewalt-in-unserem-viertel-gibt-es-jede-woche-zwei-bis-drei-morde\\\/#article\",\"isPartOf\":{\"@id\":\"https:\\\/\\\/acninternational.org\\\/de\\\/ein-kolumbianischer-priester-kaempft-gegen-die-gewalt-in-unserem-viertel-gibt-es-jede-woche-zwei-bis-drei-morde\\\/\"},\"author\":{\"name\":\"Luc\u00eda Ballester\",\"@id\":\"https:\\\/\\\/acninternational.org\\\/de\\\/#\\\/schema\\\/person\\\/ad46cf160e48fe3378c54b7abb5527a9\"},\"headline\":\"Ein kolumbianischer Priester k\u00e4mpft gegen die Gewalt: \u201eIn unserem Viertel gibt es jede Woche zwei bis drei Morde.\u201c\",\"datePublished\":\"2024-11-12T11:26:03+00:00\",\"dateModified\":\"2025-08-12T08:27:58+00:00\",\"mainEntityOfPage\":{\"@id\":\"https:\\\/\\\/acninternational.org\\\/de\\\/ein-kolumbianischer-priester-kaempft-gegen-die-gewalt-in-unserem-viertel-gibt-es-jede-woche-zwei-bis-drei-morde\\\/\"},\"wordCount\":986,\"publisher\":{\"@id\":\"https:\\\/\\\/acninternational.org\\\/de\\\/#organization\"},\"image\":{\"@id\":\"https:\\\/\\\/acninternational.org\\\/de\\\/ein-kolumbianischer-priester-kaempft-gegen-die-gewalt-in-unserem-viertel-gibt-es-jede-woche-zwei-bis-drei-morde\\\/#primaryimage\"},\"thumbnailUrl\":\"https:\\\/\\\/media.acninternational.org\\\/wp-content\\\/uploads\\\/2024\\\/11\\\/ACN-20241111-175208.jpg\",\"articleSection\":[\"FEATURED\"],\"inLanguage\":\"de\"},{\"@type\":\"WebPage\",\"@id\":\"https:\\\/\\\/acninternational.org\\\/de\\\/ein-kolumbianischer-priester-kaempft-gegen-die-gewalt-in-unserem-viertel-gibt-es-jede-woche-zwei-bis-drei-morde\\\/\",\"url\":\"https:\\\/\\\/acninternational.org\\\/de\\\/ein-kolumbianischer-priester-kaempft-gegen-die-gewalt-in-unserem-viertel-gibt-es-jede-woche-zwei-bis-drei-morde\\\/\",\"name\":\"Ein kolumbianischer Priester k\u00e4mpft gegen die Gewalt: \u201eIn unserem Viertel gibt es jede Woche zwei bis drei Morde.\u201c | ACN International\",\"isPartOf\":{\"@id\":\"https:\\\/\\\/acninternational.org\\\/de\\\/#website\"},\"primaryImageOfPage\":{\"@id\":\"https:\\\/\\\/acninternational.org\\\/de\\\/ein-kolumbianischer-priester-kaempft-gegen-die-gewalt-in-unserem-viertel-gibt-es-jede-woche-zwei-bis-drei-morde\\\/#primaryimage\"},\"image\":{\"@id\":\"https:\\\/\\\/acninternational.org\\\/de\\\/ein-kolumbianischer-priester-kaempft-gegen-die-gewalt-in-unserem-viertel-gibt-es-jede-woche-zwei-bis-drei-morde\\\/#primaryimage\"},\"thumbnailUrl\":\"https:\\\/\\\/media.acninternational.org\\\/wp-content\\\/uploads\\\/2024\\\/11\\\/ACN-20241111-175208.jpg\",\"datePublished\":\"2024-11-12T11:26:03+00:00\",\"dateModified\":\"2025-08-12T08:27:58+00:00\",\"breadcrumb\":{\"@id\":\"https:\\\/\\\/acninternational.org\\\/de\\\/ein-kolumbianischer-priester-kaempft-gegen-die-gewalt-in-unserem-viertel-gibt-es-jede-woche-zwei-bis-drei-morde\\\/#breadcrumb\"},\"inLanguage\":\"de\",\"potentialAction\":[{\"@type\":\"ReadAction\",\"target\":[\"https:\\\/\\\/acninternational.org\\\/de\\\/ein-kolumbianischer-priester-kaempft-gegen-die-gewalt-in-unserem-viertel-gibt-es-jede-woche-zwei-bis-drei-morde\\\/\"]}]},{\"@type\":\"ImageObject\",\"inLanguage\":\"de\",\"@id\":\"https:\\\/\\\/acninternational.org\\\/de\\\/ein-kolumbianischer-priester-kaempft-gegen-die-gewalt-in-unserem-viertel-gibt-es-jede-woche-zwei-bis-drei-morde\\\/#primaryimage\",\"url\":\"https:\\\/\\\/media.acninternational.org\\\/wp-content\\\/uploads\\\/2024\\\/11\\\/ACN-20241111-175208.jpg\",\"contentUrl\":\"https:\\\/\\\/media.acninternational.org\\\/wp-content\\\/uploads\\\/2024\\\/11\\\/ACN-20241111-175208.jpg\",\"width\":1920,\"height\":700},{\"@type\":\"BreadcrumbList\",\"@id\":\"https:\\\/\\\/acninternational.org\\\/de\\\/ein-kolumbianischer-priester-kaempft-gegen-die-gewalt-in-unserem-viertel-gibt-es-jede-woche-zwei-bis-drei-morde\\\/#breadcrumb\",\"itemListElement\":[{\"@type\":\"ListItem\",\"position\":1,\"name\":\"Home\",\"item\":\"https:\\\/\\\/acninternational.org\\\/de\\\/\"},{\"@type\":\"ListItem\",\"position\":2,\"name\":\"FEATURED\",\"item\":\"https:\\\/\\\/acninternational.org\\\/de\\\/category\\\/featured-de\\\/\"},{\"@type\":\"ListItem\",\"position\":3,\"name\":\"Ein kolumbianischer Priester k\u00e4mpft gegen die Gewalt: \u201eIn unserem Viertel gibt es jede Woche zwei bis drei Morde.\u201c\"}]},{\"@type\":\"WebSite\",\"@id\":\"https:\\\/\\\/acninternational.org\\\/de\\\/#website\",\"url\":\"https:\\\/\\\/acninternational.org\\\/de\\\/\",\"name\":\"ACN International\",\"description\":\"\",\"publisher\":{\"@id\":\"https:\\\/\\\/acninternational.org\\\/de\\\/#organization\"},\"potentialAction\":[{\"@type\":\"SearchAction\",\"target\":{\"@type\":\"EntryPoint\",\"urlTemplate\":\"https:\\\/\\\/acninternational.org\\\/de\\\/?s={search_term_string}\"},\"query-input\":{\"@type\":\"PropertyValueSpecification\",\"valueRequired\":true,\"valueName\":\"search_term_string\"}}],\"inLanguage\":\"de\"},{\"@type\":\"Organization\",\"@id\":\"https:\\\/\\\/acninternational.org\\\/de\\\/#organization\",\"name\":\"Aid to the Church in Need International\",\"url\":\"https:\\\/\\\/acninternational.org\\\/de\\\/\",\"logo\":{\"@type\":\"ImageObject\",\"inLanguage\":\"de\",\"@id\":\"https:\\\/\\\/acninternational.org\\\/de\\\/#\\\/schema\\\/logo\\\/image\\\/\",\"url\":\"https:\\\/\\\/media.acninternational.org\\\/wp-content\\\/uploads\\\/2019\\\/11\\\/acn_logo_blackvector.svg\",\"contentUrl\":\"https:\\\/\\\/media.acninternational.org\\\/wp-content\\\/uploads\\\/2019\\\/11\\\/acn_logo_blackvector.svg\",\"width\":232.6,\"height\":78,\"caption\":\"Aid to the Church in Need International\"},\"image\":{\"@id\":\"https:\\\/\\\/acninternational.org\\\/de\\\/#\\\/schema\\\/logo\\\/image\\\/\"},\"sameAs\":[\"https:\\\/\\\/www.facebook.com\\\/acninternationalorg\",\"https:\\\/\\\/x.com\\\/acn_int\",\"https:\\\/\\\/www.youtube.com\\\/channel\\\/UCQ-077gS0TnVzkhHmf1opZw\",\"https:\\\/\\\/www.instagram.com\\\/acn_international\\\/\"]},{\"@type\":\"Person\",\"@id\":\"https:\\\/\\\/acninternational.org\\\/de\\\/#\\\/schema\\\/person\\\/ad46cf160e48fe3378c54b7abb5527a9\",\"name\":\"Luc\u00eda Ballester\",\"description\":\"Lorem ipsum dolor sit amet, consectetur adipiscing elit, sed do eiusmod tempor incididunt ut labore et dolore magna aliqua. Ut enim ad minim veniam, quis nostrud exercitation ullamco laboris nisi ut aliquip ex ea commodo consequat.\",\"url\":\"https:\\\/\\\/acninternational.org\\\/de\\\/author\\\/lucia-ballester\\\/\"}]}<\/script>\n<!-- \/ Yoast SEO Premium plugin. -->","yoast_head_json":{"title":"Ein kolumbianischer Priester k\u00e4mpft gegen die Gewalt: \u201eIn unserem Viertel gibt es jede Woche zwei bis drei Morde.\u201c | ACN International","robots":{"index":"index","follow":"follow","max-snippet":"max-snippet:-1","max-image-preview":"max-image-preview:large","max-video-preview":"max-video-preview:-1"},"canonical":"https:\/\/acninternational.org\/de\/ein-kolumbianischer-priester-kaempft-gegen-die-gewalt-in-unserem-viertel-gibt-es-jede-woche-zwei-bis-drei-morde\/","og_locale":"de_DE","og_type":"article","og_title":"Ein kolumbianischer Priester k\u00e4mpft gegen die Gewalt: \u201eIn unserem Viertel gibt es jede Woche zwei bis drei Morde.\u201c","og_description":"Gersa\u00edn Paz, Pfarrer in einem der gef\u00e4hrlichsten Viertel Kolumbiens, erz\u00e4hlt dem Hilfswerk Aid to the Church in Need (ACN), wie","og_url":"https:\/\/acninternational.org\/de\/ein-kolumbianischer-priester-kaempft-gegen-die-gewalt-in-unserem-viertel-gibt-es-jede-woche-zwei-bis-drei-morde\/","og_site_name":"ACN International","article_publisher":"https:\/\/www.facebook.com\/acninternationalorg","article_published_time":"2024-11-12T11:26:03+00:00","article_modified_time":"2025-08-12T08:27:58+00:00","og_image":[{"width":1920,"height":700,"url":"https:\/\/media.acninternational.org\/wp-content\/uploads\/2024\/11\/ACN-20241111-175208.jpg","type":"image\/jpeg"}],"author":"Luc\u00eda Ballester","twitter_card":"summary_large_image","twitter_creator":"@acn_int","twitter_site":"@acn_int","twitter_misc":{"Verfasst von":"Luc\u00eda Ballester","Gesch\u00e4tzte Lesezeit":"5\u00a0Minuten"},"schema":{"@context":"https:\/\/schema.org","@graph":[{"@type":"Article","@id":"https:\/\/acninternational.org\/de\/ein-kolumbianischer-priester-kaempft-gegen-die-gewalt-in-unserem-viertel-gibt-es-jede-woche-zwei-bis-drei-morde\/#article","isPartOf":{"@id":"https:\/\/acninternational.org\/de\/ein-kolumbianischer-priester-kaempft-gegen-die-gewalt-in-unserem-viertel-gibt-es-jede-woche-zwei-bis-drei-morde\/"},"author":{"name":"Luc\u00eda Ballester","@id":"https:\/\/acninternational.org\/de\/#\/schema\/person\/ad46cf160e48fe3378c54b7abb5527a9"},"headline":"Ein kolumbianischer Priester k\u00e4mpft gegen die Gewalt: \u201eIn unserem Viertel gibt es jede Woche zwei bis drei Morde.\u201c","datePublished":"2024-11-12T11:26:03+00:00","dateModified":"2025-08-12T08:27:58+00:00","mainEntityOfPage":{"@id":"https:\/\/acninternational.org\/de\/ein-kolumbianischer-priester-kaempft-gegen-die-gewalt-in-unserem-viertel-gibt-es-jede-woche-zwei-bis-drei-morde\/"},"wordCount":986,"publisher":{"@id":"https:\/\/acninternational.org\/de\/#organization"},"image":{"@id":"https:\/\/acninternational.org\/de\/ein-kolumbianischer-priester-kaempft-gegen-die-gewalt-in-unserem-viertel-gibt-es-jede-woche-zwei-bis-drei-morde\/#primaryimage"},"thumbnailUrl":"https:\/\/media.acninternational.org\/wp-content\/uploads\/2024\/11\/ACN-20241111-175208.jpg","articleSection":["FEATURED"],"inLanguage":"de"},{"@type":"WebPage","@id":"https:\/\/acninternational.org\/de\/ein-kolumbianischer-priester-kaempft-gegen-die-gewalt-in-unserem-viertel-gibt-es-jede-woche-zwei-bis-drei-morde\/","url":"https:\/\/acninternational.org\/de\/ein-kolumbianischer-priester-kaempft-gegen-die-gewalt-in-unserem-viertel-gibt-es-jede-woche-zwei-bis-drei-morde\/","name":"Ein kolumbianischer Priester k\u00e4mpft gegen die Gewalt: \u201eIn unserem Viertel gibt es jede Woche zwei bis drei Morde.\u201c | ACN International","isPartOf":{"@id":"https:\/\/acninternational.org\/de\/#website"},"primaryImageOfPage":{"@id":"https:\/\/acninternational.org\/de\/ein-kolumbianischer-priester-kaempft-gegen-die-gewalt-in-unserem-viertel-gibt-es-jede-woche-zwei-bis-drei-morde\/#primaryimage"},"image":{"@id":"https:\/\/acninternational.org\/de\/ein-kolumbianischer-priester-kaempft-gegen-die-gewalt-in-unserem-viertel-gibt-es-jede-woche-zwei-bis-drei-morde\/#primaryimage"},"thumbnailUrl":"https:\/\/media.acninternational.org\/wp-content\/uploads\/2024\/11\/ACN-20241111-175208.jpg","datePublished":"2024-11-12T11:26:03+00:00","dateModified":"2025-08-12T08:27:58+00:00","breadcrumb":{"@id":"https:\/\/acninternational.org\/de\/ein-kolumbianischer-priester-kaempft-gegen-die-gewalt-in-unserem-viertel-gibt-es-jede-woche-zwei-bis-drei-morde\/#breadcrumb"},"inLanguage":"de","potentialAction":[{"@type":"ReadAction","target":["https:\/\/acninternational.org\/de\/ein-kolumbianischer-priester-kaempft-gegen-die-gewalt-in-unserem-viertel-gibt-es-jede-woche-zwei-bis-drei-morde\/"]}]},{"@type":"ImageObject","inLanguage":"de","@id":"https:\/\/acninternational.org\/de\/ein-kolumbianischer-priester-kaempft-gegen-die-gewalt-in-unserem-viertel-gibt-es-jede-woche-zwei-bis-drei-morde\/#primaryimage","url":"https:\/\/media.acninternational.org\/wp-content\/uploads\/2024\/11\/ACN-20241111-175208.jpg","contentUrl":"https:\/\/media.acninternational.org\/wp-content\/uploads\/2024\/11\/ACN-20241111-175208.jpg","width":1920,"height":700},{"@type":"BreadcrumbList","@id":"https:\/\/acninternational.org\/de\/ein-kolumbianischer-priester-kaempft-gegen-die-gewalt-in-unserem-viertel-gibt-es-jede-woche-zwei-bis-drei-morde\/#breadcrumb","itemListElement":[{"@type":"ListItem","position":1,"name":"Home","item":"https:\/\/acninternational.org\/de\/"},{"@type":"ListItem","position":2,"name":"FEATURED","item":"https:\/\/acninternational.org\/de\/category\/featured-de\/"},{"@type":"ListItem","position":3,"name":"Ein kolumbianischer Priester k\u00e4mpft gegen die Gewalt: \u201eIn unserem Viertel gibt es jede Woche zwei bis drei Morde.\u201c"}]},{"@type":"WebSite","@id":"https:\/\/acninternational.org\/de\/#website","url":"https:\/\/acninternational.org\/de\/","name":"ACN International","description":"","publisher":{"@id":"https:\/\/acninternational.org\/de\/#organization"},"potentialAction":[{"@type":"SearchAction","target":{"@type":"EntryPoint","urlTemplate":"https:\/\/acninternational.org\/de\/?s={search_term_string}"},"query-input":{"@type":"PropertyValueSpecification","valueRequired":true,"valueName":"search_term_string"}}],"inLanguage":"de"},{"@type":"Organization","@id":"https:\/\/acninternational.org\/de\/#organization","name":"Aid to the Church in Need International","url":"https:\/\/acninternational.org\/de\/","logo":{"@type":"ImageObject","inLanguage":"de","@id":"https:\/\/acninternational.org\/de\/#\/schema\/logo\/image\/","url":"https:\/\/media.acninternational.org\/wp-content\/uploads\/2019\/11\/acn_logo_blackvector.svg","contentUrl":"https:\/\/media.acninternational.org\/wp-content\/uploads\/2019\/11\/acn_logo_blackvector.svg","width":232.6,"height":78,"caption":"Aid to the Church in Need International"},"image":{"@id":"https:\/\/acninternational.org\/de\/#\/schema\/logo\/image\/"},"sameAs":["https:\/\/www.facebook.com\/acninternationalorg","https:\/\/x.com\/acn_int","https:\/\/www.youtube.com\/channel\/UCQ-077gS0TnVzkhHmf1opZw","https:\/\/www.instagram.com\/acn_international\/"]},{"@type":"Person","@id":"https:\/\/acninternational.org\/de\/#\/schema\/person\/ad46cf160e48fe3378c54b7abb5527a9","name":"Luc\u00eda Ballester","description":"Lorem ipsum dolor sit amet, consectetur adipiscing elit, sed do eiusmod tempor incididunt ut labore et dolore magna aliqua. Ut enim ad minim veniam, quis nostrud exercitation ullamco laboris nisi ut aliquip ex ea commodo consequat.","url":"https:\/\/acninternational.org\/de\/author\/lucia-ballester\/"}]}},"_links":{"self":[{"href":"https:\/\/acninternational.org\/de\/wp-json\/wp\/v2\/posts\/231932","targetHints":{"allow":["GET"]}}],"collection":[{"href":"https:\/\/acninternational.org\/de\/wp-json\/wp\/v2\/posts"}],"about":[{"href":"https:\/\/acninternational.org\/de\/wp-json\/wp\/v2\/types\/post"}],"author":[{"embeddable":true,"href":"https:\/\/acninternational.org\/de\/wp-json\/wp\/v2\/users\/4258341381"}],"replies":[{"embeddable":true,"href":"https:\/\/acninternational.org\/de\/wp-json\/wp\/v2\/comments?post=231932"}],"version-history":[{"count":1,"href":"https:\/\/acninternational.org\/de\/wp-json\/wp\/v2\/posts\/231932\/revisions"}],"predecessor-version":[{"id":245343,"href":"https:\/\/acninternational.org\/de\/wp-json\/wp\/v2\/posts\/231932\/revisions\/245343"}],"wp:featuredmedia":[{"embeddable":true,"href":"https:\/\/acninternational.org\/de\/wp-json\/wp\/v2\/media\/231927"}],"wp:attachment":[{"href":"https:\/\/acninternational.org\/de\/wp-json\/wp\/v2\/media?parent=231932"}],"wp:term":[{"taxonomy":"category","embeddable":true,"href":"https:\/\/acninternational.org\/de\/wp-json\/wp\/v2\/categories?post=231932"},{"taxonomy":"post_tag","embeddable":true,"href":"https:\/\/acninternational.org\/de\/wp-json\/wp\/v2\/tags?post=231932"},{"taxonomy":"country","embeddable":true,"href":"https:\/\/acninternational.org\/de\/wp-json\/wp\/v2\/country?post=231932"}],"curies":[{"name":"wp","href":"https:\/\/api.w.org\/{rel}","templated":true}]}}