{"id":231689,"date":"2024-11-07T18:01:27","date_gmt":"2024-11-07T17:01:27","guid":{"rendered":"https:\/\/acninternational.org\/?p=231689"},"modified":"2025-08-12T10:28:18","modified_gmt":"2025-08-12T08:28:18","slug":"kolumbien-anschlag-verwuestet-kurie-und-bischofshaus-des-apostolischen-vikariats-von-guapi","status":"publish","type":"post","link":"https:\/\/acninternational.org\/de\/kolumbien-anschlag-verwuestet-kurie-und-bischofshaus-des-apostolischen-vikariats-von-guapi\/","title":{"rendered":"Kolumbien: Anschlag verw\u00fcstet Kurie und Bischofshaus des Apostolischen Vikariats von Guapi"},"content":{"rendered":"<p>7 November 2024 &#8211; Bogota\/K\u00f6nigstein &#8211; In den fr\u00fchen Morgenstunden des 2. November wurden bei einem gewaltt\u00e4tigen Terroranschlag auf die Polizeistation in der s\u00fcdwestkolumbianischen Gemeinde Guapi drei Menschen get\u00f6tet und die Kurie und die Bischofsresidenz des Apostolischen Vikariats Guapi weitgehend zerst\u00f6rt.<\/p>\n<p>Die Explosion hat die kirchlichen Geb\u00e4uden \u201epraktisch dem Erdboden gleichgemacht; sie zerst\u00f6rte s\u00e4mtliche Mauern, T\u00fcren, Fenster und das Dach der Kurie und des Bischofshauses \u2013 nur noch Tr\u00fcmmern blieben \u00fcbrig\u201c, erkl\u00e4rte Arnulfo Moreno Qui\u00f1onez, Provikar von Guapi. Er \u00e4u\u00dferte seinen Schmerz angesichts der Auswirkungen des Anschlags auf Menschenleben und auf die Moral der Gemeinde. \u201eWir trauern um die verlorenen Menschenleben, sp\u00fcren den Schmerz der Verletzten, sehen die Tr\u00e4nen der Familien und die Verzweiflung einer Gesellschaft, die sich nach einem Leben in Frieden sehnt\u201c, so Moreno, a Projektpartner des internationalen Hilfswerks Aid to the Church in Need (ACN).<\/p>\n<figure id=\"attachment_231675\" aria-describedby=\"caption-attachment-231675\" style=\"width: 575px\" class=\"wp-caption aligncenter\"><img loading=\"lazy\" decoding=\"async\" class=\"wp-image-231675 size-large\" src=\"https:\/\/media.acninternational.org\/wp-content\/uploads\/2024\/11\/ACN-20241107-175001-575x1024.jpg\" alt=\"Pater Arnulfo Moreno Qui\u00f1onez, Provikar von Guapi \" width=\"575\" height=\"1024\" srcset=\"https:\/\/media.acninternational.org\/wp-content\/uploads\/2024\/11\/ACN-20241107-175001-575x1024.jpg 575w, https:\/\/media.acninternational.org\/wp-content\/uploads\/2024\/11\/ACN-20241107-175001-168x300.jpg 168w, https:\/\/media.acninternational.org\/wp-content\/uploads\/2024\/11\/ACN-20241107-175001.jpg 720w\" sizes=\"auto, (max-width: 575px) 100vw, 575px\" \/><figcaption id=\"caption-attachment-231675\" class=\"wp-caption-text\">Pater Arnulfo Moreno Qui\u00f1onez, Provikar von Guapi<\/figcaption><\/figure>\n<p>Das an der Pazifikk\u00fcste gelegene Apostolische Vikariat Guapi befindet sich in einer Region, die von materieller Not, spiritueller Leere und menschlichem Leid gepr\u00e4gt ist. Regelm\u00e4\u00dfig ersch\u00fcttern Konflikte, Spannungen und Gewaltakte durch illegale bewaffnete Gruppierungen das Gebiet. Der j\u00fcngste Anschlag, mutma\u00dflich von einer Guerillagruppe ver\u00fcbt, zielte vermutlich auf die Polizeistation ab, die sich in unmittelbarer N\u00e4he zur Kurie befindet. Die Detonation erfolgte jedoch aus bisher ungekl\u00e4rten Gr\u00fcnden mitten auf dem Hauptplatz des Ortes.<\/p>\n<p>\u201eEs geschah kurz vor f\u00fcnf Uhr morgens, nach einem intensiven Schusswechsel. Nur der fr\u00fchen Stunde ist es zu verdanken, dass es zu keiner gr\u00f6\u00dferen Trag\u00f6die gekommen ist \u2013 zu anderen Tageszeiten spielen hier zahlreiche Kinder und es ist viel los. Es ist ein furchtbares Ereignis f\u00fcr uns und f\u00fcr die Menschen in Guapi\u201c, erg\u00e4nzte der Priester. \u201eDoch mit Gottes Beistand und Ihren Gebeten werden wir weitermachen. Gott sei Dank war der in der Kurie lebende Priester auf Missionsreise. Sonst w\u00e4re auch er ein Opfer der Explosion geworden. Materielle Verluste k\u00f6nnen ersetzt werden, bei menschlichen Verlusten ist es schwieriger\u201c, f\u00fcgte er schmerzerf\u00fcllt hinzu.<\/p>\n<p>Die kolumbianische Bischofskonferenz gab eine Erkl\u00e4rung ab, in der sie den Anschlag aufs Sch\u00e4rfste verurteilte und auf die verheerenden Folgen solcher Gewalttaten f\u00fcr Frieden und den gesellschaftlichen Zusammenhang hinwies. \u201eWir lehnen entschieden die verbrecherischen Handlungen jener ab, die versuchen, Angst und Zerst\u00f6rung zu verbreiten, den Frieden der Bev\u00f6lkerung zu st\u00f6ren und die soziale Ordnung zu untergraben. Wir fordern sie auf, den Weg des Terrors zu verlassen und sich dem Dialog zu \u00f6ffnen \u2013 er ist der einzige Weg, der uns zum Frieden f\u00fchrt\u201c, hei\u00dft es in der Erkl\u00e4rung.<\/p>\n<figure id=\"attachment_231681\" aria-describedby=\"caption-attachment-231681\" style=\"width: 800px\" class=\"wp-caption aligncenter\"><img loading=\"lazy\" decoding=\"async\" class=\"wp-image-231681 size-large\" src=\"https:\/\/media.acninternational.org\/wp-content\/uploads\/2024\/11\/ACN-20241107-174962-1024x768.jpg\" alt=\"Terroranschlag zerst\u00f6rt die Kurie und den Bischofssitz des Apostolischen Vikariats von Guapi\" width=\"800\" height=\"600\" srcset=\"https:\/\/media.acninternational.org\/wp-content\/uploads\/2024\/11\/ACN-20241107-174962-1024x768.jpg 1024w, https:\/\/media.acninternational.org\/wp-content\/uploads\/2024\/11\/ACN-20241107-174962-300x225.jpg 300w, https:\/\/media.acninternational.org\/wp-content\/uploads\/2024\/11\/ACN-20241107-174962-768x576.jpg 768w, https:\/\/media.acninternational.org\/wp-content\/uploads\/2024\/11\/ACN-20241107-174962.jpg 1080w\" sizes=\"auto, (max-width: 800px) 100vw, 800px\" \/><figcaption id=\"caption-attachment-231681\" class=\"wp-caption-text\">Terroranschlag zerst\u00f6rt die Kurie und den Bischofssitz des Apostolischen Vikariats von Guapi<\/figcaption><\/figure>\n<p>In \u00e4hnlicher Weise ruft Provikar Moreno die Gemeinde zur Gewaltlosigkeit auf. \u201eWir laden alle ein, sich von den Pfaden der Angst und des Todes abzuwenden und sich den Wegen des Dialogs und der Vers\u00f6hnung zu n\u00e4hern, damit wir in br\u00fcderlicher Gemeinschaft am Frieden bauen k\u00f6nnen.\u201c<\/p>\n<p>Die pazifische Region Cauca, in der Guapi liegt, ist seit 40 Jahren Brennpunkt zahlreicher Konflikte. Seit den 1980er-Jahren floriert der Drogenhandel, der sich die strategische Rolle der Region als Ein- und Ausgangshafen zum Meer zunutze macht. Guerillaaktivit\u00e4ten und illegaler Bergbau haben ein Klima der Gewalt geschaffen, das durch die fehlende Pr\u00e4senz staatlicher Institutionen noch versch\u00e4rft wird. Guapi steht derzeit im Mittelpunkt bewaffneter Auseinandersetzungen zwischen FARC-Dissidenten und der Nationalen Befreiungsarmee (ELN).<\/p>\n<p>ACN\u00a0ruft dazu auf, f\u00fcr den Frieden in dieser Region zu beten, in der Gewalt und Konflikte besonders die schw\u00e4chsten Gemeinschaften treffen. Trotz der angespannten Lage hat ACN Guapi in diesem Jahr mehrfach besucht, um sich aus erster Hand \u00fcber die Herausforderungen in der Region zu informieren und k\u00fcnftige Hilfsprojekte zu planen. Das Hilfswerk unterst\u00fctzt das Vikariat bereits mit wichtigen Transportmitteln wie Booten und Au\u00dfenbordmotoren sowie durch die Ausbildung von Katecheten, um so die Seelsorge in diesem Gebiet zu st\u00e4rken.<\/p>\n<p>&nbsp;<\/p>\n","protected":false},"excerpt":{"rendered":"<p>7 November 2024 &#8211; Bogota\/K\u00f6nigstein &#8211; In den fr\u00fchen Morgenstunden des 2. November wurden bei einem gewaltt\u00e4tigen Terroranschlag auf die<\/p>\n","protected":false},"author":4258341444,"featured_media":231671,"comment_status":"closed","ping_status":"closed","sticky":false,"template":"","format":"standard","meta":{"_acf_changed":false,"_acn_coauthor_ids":[],"footnotes":""},"categories":[918,954],"tags":[],"country":[1309],"class_list":["post-231689","post","type-post","status-publish","format-standard","has-post-thumbnail","hentry","category-nachricht","category-news-de","country-kolumbien"],"acn_coauthors":[],"acf":[],"yoast_head":"<!-- This site is optimized with the Yoast SEO Premium plugin v27.3 (Yoast SEO v27.3) - https:\/\/yoast.com\/product\/yoast-seo-premium-wordpress\/ -->\n<title>Kolumbien: Anschlag verw\u00fcstet Kurie und Bischofshaus des Apostolischen Vikariats von Guapi | ACN International<\/title>\n<meta name=\"robots\" content=\"index, follow, max-snippet:-1, max-image-preview:large, max-video-preview:-1\" \/>\n<link rel=\"canonical\" href=\"https:\/\/acninternational.org\/de\/kolumbien-anschlag-verwuestet-kurie-und-bischofshaus-des-apostolischen-vikariats-von-guapi\/\" \/>\n<meta property=\"og:locale\" content=\"de_DE\" \/>\n<meta property=\"og:type\" content=\"article\" \/>\n<meta property=\"og:title\" content=\"Kolumbien: Anschlag verw\u00fcstet Kurie und Bischofshaus des Apostolischen Vikariats von Guapi\" \/>\n<meta property=\"og:description\" content=\"7 November 2024 - Bogota\/K\u00f6nigstein - In den fr\u00fchen Morgenstunden des 2. November wurden bei einem gewaltt\u00e4tigen Terroranschlag auf die\" \/>\n<meta property=\"og:url\" content=\"https:\/\/acninternational.org\/de\/kolumbien-anschlag-verwuestet-kurie-und-bischofshaus-des-apostolischen-vikariats-von-guapi\/\" \/>\n<meta property=\"og:site_name\" content=\"ACN International\" \/>\n<meta property=\"article:publisher\" content=\"https:\/\/www.facebook.com\/acninternationalorg\" \/>\n<meta property=\"article:published_time\" content=\"2024-11-07T17:01:27+00:00\" \/>\n<meta property=\"article:modified_time\" content=\"2025-08-12T08:28:18+00:00\" \/>\n<meta property=\"og:image\" content=\"https:\/\/media.acninternational.org\/wp-content\/uploads\/2024\/11\/ACN-20241107-174941.jpg\" \/>\n\t<meta property=\"og:image:width\" content=\"1920\" \/>\n\t<meta property=\"og:image:height\" content=\"700\" \/>\n\t<meta property=\"og:image:type\" content=\"image\/jpeg\" \/>\n<meta name=\"author\" content=\"Hernan Cadena\" \/>\n<meta name=\"twitter:card\" content=\"summary_large_image\" \/>\n<meta name=\"twitter:creator\" content=\"@acn_int\" \/>\n<meta name=\"twitter:site\" content=\"@acn_int\" \/>\n<meta name=\"twitter:label1\" content=\"Verfasst von\" \/>\n\t<meta name=\"twitter:data1\" content=\"Hernan Cadena\" \/>\n\t<meta name=\"twitter:label2\" content=\"Gesch\u00e4tzte Lesezeit\" \/>\n\t<meta name=\"twitter:data2\" content=\"4\u00a0Minuten\" \/>\n<script type=\"application\/ld+json\" class=\"yoast-schema-graph\">{\"@context\":\"https:\\\/\\\/schema.org\",\"@graph\":[{\"@type\":\"Article\",\"@id\":\"https:\\\/\\\/acninternational.org\\\/de\\\/kolumbien-anschlag-verwuestet-kurie-und-bischofshaus-des-apostolischen-vikariats-von-guapi\\\/#article\",\"isPartOf\":{\"@id\":\"https:\\\/\\\/acninternational.org\\\/de\\\/kolumbien-anschlag-verwuestet-kurie-und-bischofshaus-des-apostolischen-vikariats-von-guapi\\\/\"},\"author\":{\"name\":\"Hernan Cadena\",\"@id\":\"https:\\\/\\\/acninternational.org\\\/de\\\/#\\\/schema\\\/person\\\/5a1553600ff2ff8a881a6f2949994c5a\"},\"headline\":\"Kolumbien: Anschlag verw\u00fcstet Kurie und Bischofshaus des Apostolischen Vikariats von Guapi\",\"datePublished\":\"2024-11-07T17:01:27+00:00\",\"dateModified\":\"2025-08-12T08:28:18+00:00\",\"mainEntityOfPage\":{\"@id\":\"https:\\\/\\\/acninternational.org\\\/de\\\/kolumbien-anschlag-verwuestet-kurie-und-bischofshaus-des-apostolischen-vikariats-von-guapi\\\/\"},\"wordCount\":696,\"publisher\":{\"@id\":\"https:\\\/\\\/acninternational.org\\\/de\\\/#organization\"},\"image\":{\"@id\":\"https:\\\/\\\/acninternational.org\\\/de\\\/kolumbien-anschlag-verwuestet-kurie-und-bischofshaus-des-apostolischen-vikariats-von-guapi\\\/#primaryimage\"},\"thumbnailUrl\":\"https:\\\/\\\/media.acninternational.org\\\/wp-content\\\/uploads\\\/2024\\\/11\\\/ACN-20241107-174941.jpg\",\"articleSection\":[\"Nachricht\",\"Nachricht\"],\"inLanguage\":\"de\"},{\"@type\":\"WebPage\",\"@id\":\"https:\\\/\\\/acninternational.org\\\/de\\\/kolumbien-anschlag-verwuestet-kurie-und-bischofshaus-des-apostolischen-vikariats-von-guapi\\\/\",\"url\":\"https:\\\/\\\/acninternational.org\\\/de\\\/kolumbien-anschlag-verwuestet-kurie-und-bischofshaus-des-apostolischen-vikariats-von-guapi\\\/\",\"name\":\"Kolumbien: Anschlag verw\u00fcstet Kurie und Bischofshaus des Apostolischen Vikariats von Guapi | ACN International\",\"isPartOf\":{\"@id\":\"https:\\\/\\\/acninternational.org\\\/de\\\/#website\"},\"primaryImageOfPage\":{\"@id\":\"https:\\\/\\\/acninternational.org\\\/de\\\/kolumbien-anschlag-verwuestet-kurie-und-bischofshaus-des-apostolischen-vikariats-von-guapi\\\/#primaryimage\"},\"image\":{\"@id\":\"https:\\\/\\\/acninternational.org\\\/de\\\/kolumbien-anschlag-verwuestet-kurie-und-bischofshaus-des-apostolischen-vikariats-von-guapi\\\/#primaryimage\"},\"thumbnailUrl\":\"https:\\\/\\\/media.acninternational.org\\\/wp-content\\\/uploads\\\/2024\\\/11\\\/ACN-20241107-174941.jpg\",\"datePublished\":\"2024-11-07T17:01:27+00:00\",\"dateModified\":\"2025-08-12T08:28:18+00:00\",\"breadcrumb\":{\"@id\":\"https:\\\/\\\/acninternational.org\\\/de\\\/kolumbien-anschlag-verwuestet-kurie-und-bischofshaus-des-apostolischen-vikariats-von-guapi\\\/#breadcrumb\"},\"inLanguage\":\"de\",\"potentialAction\":[{\"@type\":\"ReadAction\",\"target\":[\"https:\\\/\\\/acninternational.org\\\/de\\\/kolumbien-anschlag-verwuestet-kurie-und-bischofshaus-des-apostolischen-vikariats-von-guapi\\\/\"]}]},{\"@type\":\"ImageObject\",\"inLanguage\":\"de\",\"@id\":\"https:\\\/\\\/acninternational.org\\\/de\\\/kolumbien-anschlag-verwuestet-kurie-und-bischofshaus-des-apostolischen-vikariats-von-guapi\\\/#primaryimage\",\"url\":\"https:\\\/\\\/media.acninternational.org\\\/wp-content\\\/uploads\\\/2024\\\/11\\\/ACN-20241107-174941.jpg\",\"contentUrl\":\"https:\\\/\\\/media.acninternational.org\\\/wp-content\\\/uploads\\\/2024\\\/11\\\/ACN-20241107-174941.jpg\",\"width\":1920,\"height\":700},{\"@type\":\"BreadcrumbList\",\"@id\":\"https:\\\/\\\/acninternational.org\\\/de\\\/kolumbien-anschlag-verwuestet-kurie-und-bischofshaus-des-apostolischen-vikariats-von-guapi\\\/#breadcrumb\",\"itemListElement\":[{\"@type\":\"ListItem\",\"position\":1,\"name\":\"Home\",\"item\":\"https:\\\/\\\/acninternational.org\\\/de\\\/\"},{\"@type\":\"ListItem\",\"position\":2,\"name\":\"Nachricht\",\"item\":\"https:\\\/\\\/acninternational.org\\\/de\\\/category\\\/news-de\\\/\"},{\"@type\":\"ListItem\",\"position\":3,\"name\":\"Kolumbien: Anschlag verw\u00fcstet Kurie und Bischofshaus des Apostolischen Vikariats von Guapi\"}]},{\"@type\":\"WebSite\",\"@id\":\"https:\\\/\\\/acninternational.org\\\/de\\\/#website\",\"url\":\"https:\\\/\\\/acninternational.org\\\/de\\\/\",\"name\":\"ACN International\",\"description\":\"\",\"publisher\":{\"@id\":\"https:\\\/\\\/acninternational.org\\\/de\\\/#organization\"},\"potentialAction\":[{\"@type\":\"SearchAction\",\"target\":{\"@type\":\"EntryPoint\",\"urlTemplate\":\"https:\\\/\\\/acninternational.org\\\/de\\\/?s={search_term_string}\"},\"query-input\":{\"@type\":\"PropertyValueSpecification\",\"valueRequired\":true,\"valueName\":\"search_term_string\"}}],\"inLanguage\":\"de\"},{\"@type\":\"Organization\",\"@id\":\"https:\\\/\\\/acninternational.org\\\/de\\\/#organization\",\"name\":\"Aid to the Church in Need International\",\"url\":\"https:\\\/\\\/acninternational.org\\\/de\\\/\",\"logo\":{\"@type\":\"ImageObject\",\"inLanguage\":\"de\",\"@id\":\"https:\\\/\\\/acninternational.org\\\/de\\\/#\\\/schema\\\/logo\\\/image\\\/\",\"url\":\"https:\\\/\\\/media.acninternational.org\\\/wp-content\\\/uploads\\\/2019\\\/11\\\/acn_logo_blackvector.svg\",\"contentUrl\":\"https:\\\/\\\/media.acninternational.org\\\/wp-content\\\/uploads\\\/2019\\\/11\\\/acn_logo_blackvector.svg\",\"width\":232.6,\"height\":78,\"caption\":\"Aid to the Church in Need International\"},\"image\":{\"@id\":\"https:\\\/\\\/acninternational.org\\\/de\\\/#\\\/schema\\\/logo\\\/image\\\/\"},\"sameAs\":[\"https:\\\/\\\/www.facebook.com\\\/acninternationalorg\",\"https:\\\/\\\/x.com\\\/acn_int\",\"https:\\\/\\\/www.youtube.com\\\/channel\\\/UCQ-077gS0TnVzkhHmf1opZw\",\"https:\\\/\\\/www.instagram.com\\\/acn_international\\\/\"]},{\"@type\":\"Person\",\"@id\":\"https:\\\/\\\/acninternational.org\\\/de\\\/#\\\/schema\\\/person\\\/5a1553600ff2ff8a881a6f2949994c5a\",\"name\":\"Hernan Cadena\",\"description\":\"Lorem ipsum dolor sit amet, consectetur adipiscing elit, sed do eiusmod tempor incididunt ut labore et dolore magna aliqua. Ut enim ad minim veniam, quis nostrud exercitation ullamco laboris nisi ut aliquip ex ea commodo consequat.\",\"url\":\"https:\\\/\\\/acninternational.org\\\/de\\\/author\\\/hernan-cadena\\\/\"}]}<\/script>\n<!-- \/ Yoast SEO Premium plugin. -->","yoast_head_json":{"title":"Kolumbien: Anschlag verw\u00fcstet Kurie und Bischofshaus des Apostolischen Vikariats von Guapi | ACN International","robots":{"index":"index","follow":"follow","max-snippet":"max-snippet:-1","max-image-preview":"max-image-preview:large","max-video-preview":"max-video-preview:-1"},"canonical":"https:\/\/acninternational.org\/de\/kolumbien-anschlag-verwuestet-kurie-und-bischofshaus-des-apostolischen-vikariats-von-guapi\/","og_locale":"de_DE","og_type":"article","og_title":"Kolumbien: Anschlag verw\u00fcstet Kurie und Bischofshaus des Apostolischen Vikariats von Guapi","og_description":"7 November 2024 - Bogota\/K\u00f6nigstein - In den fr\u00fchen Morgenstunden des 2. November wurden bei einem gewaltt\u00e4tigen Terroranschlag auf die","og_url":"https:\/\/acninternational.org\/de\/kolumbien-anschlag-verwuestet-kurie-und-bischofshaus-des-apostolischen-vikariats-von-guapi\/","og_site_name":"ACN International","article_publisher":"https:\/\/www.facebook.com\/acninternationalorg","article_published_time":"2024-11-07T17:01:27+00:00","article_modified_time":"2025-08-12T08:28:18+00:00","og_image":[{"width":1920,"height":700,"url":"https:\/\/media.acninternational.org\/wp-content\/uploads\/2024\/11\/ACN-20241107-174941.jpg","type":"image\/jpeg"}],"author":"Hernan Cadena","twitter_card":"summary_large_image","twitter_creator":"@acn_int","twitter_site":"@acn_int","twitter_misc":{"Verfasst von":"Hernan Cadena","Gesch\u00e4tzte Lesezeit":"4\u00a0Minuten"},"schema":{"@context":"https:\/\/schema.org","@graph":[{"@type":"Article","@id":"https:\/\/acninternational.org\/de\/kolumbien-anschlag-verwuestet-kurie-und-bischofshaus-des-apostolischen-vikariats-von-guapi\/#article","isPartOf":{"@id":"https:\/\/acninternational.org\/de\/kolumbien-anschlag-verwuestet-kurie-und-bischofshaus-des-apostolischen-vikariats-von-guapi\/"},"author":{"name":"Hernan Cadena","@id":"https:\/\/acninternational.org\/de\/#\/schema\/person\/5a1553600ff2ff8a881a6f2949994c5a"},"headline":"Kolumbien: Anschlag verw\u00fcstet Kurie und Bischofshaus des Apostolischen Vikariats von Guapi","datePublished":"2024-11-07T17:01:27+00:00","dateModified":"2025-08-12T08:28:18+00:00","mainEntityOfPage":{"@id":"https:\/\/acninternational.org\/de\/kolumbien-anschlag-verwuestet-kurie-und-bischofshaus-des-apostolischen-vikariats-von-guapi\/"},"wordCount":696,"publisher":{"@id":"https:\/\/acninternational.org\/de\/#organization"},"image":{"@id":"https:\/\/acninternational.org\/de\/kolumbien-anschlag-verwuestet-kurie-und-bischofshaus-des-apostolischen-vikariats-von-guapi\/#primaryimage"},"thumbnailUrl":"https:\/\/media.acninternational.org\/wp-content\/uploads\/2024\/11\/ACN-20241107-174941.jpg","articleSection":["Nachricht","Nachricht"],"inLanguage":"de"},{"@type":"WebPage","@id":"https:\/\/acninternational.org\/de\/kolumbien-anschlag-verwuestet-kurie-und-bischofshaus-des-apostolischen-vikariats-von-guapi\/","url":"https:\/\/acninternational.org\/de\/kolumbien-anschlag-verwuestet-kurie-und-bischofshaus-des-apostolischen-vikariats-von-guapi\/","name":"Kolumbien: Anschlag verw\u00fcstet Kurie und Bischofshaus des Apostolischen Vikariats von Guapi | ACN International","isPartOf":{"@id":"https:\/\/acninternational.org\/de\/#website"},"primaryImageOfPage":{"@id":"https:\/\/acninternational.org\/de\/kolumbien-anschlag-verwuestet-kurie-und-bischofshaus-des-apostolischen-vikariats-von-guapi\/#primaryimage"},"image":{"@id":"https:\/\/acninternational.org\/de\/kolumbien-anschlag-verwuestet-kurie-und-bischofshaus-des-apostolischen-vikariats-von-guapi\/#primaryimage"},"thumbnailUrl":"https:\/\/media.acninternational.org\/wp-content\/uploads\/2024\/11\/ACN-20241107-174941.jpg","datePublished":"2024-11-07T17:01:27+00:00","dateModified":"2025-08-12T08:28:18+00:00","breadcrumb":{"@id":"https:\/\/acninternational.org\/de\/kolumbien-anschlag-verwuestet-kurie-und-bischofshaus-des-apostolischen-vikariats-von-guapi\/#breadcrumb"},"inLanguage":"de","potentialAction":[{"@type":"ReadAction","target":["https:\/\/acninternational.org\/de\/kolumbien-anschlag-verwuestet-kurie-und-bischofshaus-des-apostolischen-vikariats-von-guapi\/"]}]},{"@type":"ImageObject","inLanguage":"de","@id":"https:\/\/acninternational.org\/de\/kolumbien-anschlag-verwuestet-kurie-und-bischofshaus-des-apostolischen-vikariats-von-guapi\/#primaryimage","url":"https:\/\/media.acninternational.org\/wp-content\/uploads\/2024\/11\/ACN-20241107-174941.jpg","contentUrl":"https:\/\/media.acninternational.org\/wp-content\/uploads\/2024\/11\/ACN-20241107-174941.jpg","width":1920,"height":700},{"@type":"BreadcrumbList","@id":"https:\/\/acninternational.org\/de\/kolumbien-anschlag-verwuestet-kurie-und-bischofshaus-des-apostolischen-vikariats-von-guapi\/#breadcrumb","itemListElement":[{"@type":"ListItem","position":1,"name":"Home","item":"https:\/\/acninternational.org\/de\/"},{"@type":"ListItem","position":2,"name":"Nachricht","item":"https:\/\/acninternational.org\/de\/category\/news-de\/"},{"@type":"ListItem","position":3,"name":"Kolumbien: Anschlag verw\u00fcstet Kurie und Bischofshaus des Apostolischen Vikariats von Guapi"}]},{"@type":"WebSite","@id":"https:\/\/acninternational.org\/de\/#website","url":"https:\/\/acninternational.org\/de\/","name":"ACN International","description":"","publisher":{"@id":"https:\/\/acninternational.org\/de\/#organization"},"potentialAction":[{"@type":"SearchAction","target":{"@type":"EntryPoint","urlTemplate":"https:\/\/acninternational.org\/de\/?s={search_term_string}"},"query-input":{"@type":"PropertyValueSpecification","valueRequired":true,"valueName":"search_term_string"}}],"inLanguage":"de"},{"@type":"Organization","@id":"https:\/\/acninternational.org\/de\/#organization","name":"Aid to the Church in Need International","url":"https:\/\/acninternational.org\/de\/","logo":{"@type":"ImageObject","inLanguage":"de","@id":"https:\/\/acninternational.org\/de\/#\/schema\/logo\/image\/","url":"https:\/\/media.acninternational.org\/wp-content\/uploads\/2019\/11\/acn_logo_blackvector.svg","contentUrl":"https:\/\/media.acninternational.org\/wp-content\/uploads\/2019\/11\/acn_logo_blackvector.svg","width":232.6,"height":78,"caption":"Aid to the Church in Need International"},"image":{"@id":"https:\/\/acninternational.org\/de\/#\/schema\/logo\/image\/"},"sameAs":["https:\/\/www.facebook.com\/acninternationalorg","https:\/\/x.com\/acn_int","https:\/\/www.youtube.com\/channel\/UCQ-077gS0TnVzkhHmf1opZw","https:\/\/www.instagram.com\/acn_international\/"]},{"@type":"Person","@id":"https:\/\/acninternational.org\/de\/#\/schema\/person\/5a1553600ff2ff8a881a6f2949994c5a","name":"Hernan Cadena","description":"Lorem ipsum dolor sit amet, consectetur adipiscing elit, sed do eiusmod tempor incididunt ut labore et dolore magna aliqua. Ut enim ad minim veniam, quis nostrud exercitation ullamco laboris nisi ut aliquip ex ea commodo consequat.","url":"https:\/\/acninternational.org\/de\/author\/hernan-cadena\/"}]}},"_links":{"self":[{"href":"https:\/\/acninternational.org\/de\/wp-json\/wp\/v2\/posts\/231689","targetHints":{"allow":["GET"]}}],"collection":[{"href":"https:\/\/acninternational.org\/de\/wp-json\/wp\/v2\/posts"}],"about":[{"href":"https:\/\/acninternational.org\/de\/wp-json\/wp\/v2\/types\/post"}],"author":[{"embeddable":true,"href":"https:\/\/acninternational.org\/de\/wp-json\/wp\/v2\/users\/4258341444"}],"replies":[{"embeddable":true,"href":"https:\/\/acninternational.org\/de\/wp-json\/wp\/v2\/comments?post=231689"}],"version-history":[{"count":1,"href":"https:\/\/acninternational.org\/de\/wp-json\/wp\/v2\/posts\/231689\/revisions"}],"predecessor-version":[{"id":245356,"href":"https:\/\/acninternational.org\/de\/wp-json\/wp\/v2\/posts\/231689\/revisions\/245356"}],"wp:featuredmedia":[{"embeddable":true,"href":"https:\/\/acninternational.org\/de\/wp-json\/wp\/v2\/media\/231671"}],"wp:attachment":[{"href":"https:\/\/acninternational.org\/de\/wp-json\/wp\/v2\/media?parent=231689"}],"wp:term":[{"taxonomy":"category","embeddable":true,"href":"https:\/\/acninternational.org\/de\/wp-json\/wp\/v2\/categories?post=231689"},{"taxonomy":"post_tag","embeddable":true,"href":"https:\/\/acninternational.org\/de\/wp-json\/wp\/v2\/tags?post=231689"},{"taxonomy":"country","embeddable":true,"href":"https:\/\/acninternational.org\/de\/wp-json\/wp\/v2\/country?post=231689"}],"curies":[{"name":"wp","href":"https:\/\/api.w.org\/{rel}","templated":true}]}}