{"id":230806,"date":"2024-10-21T16:55:29","date_gmt":"2024-10-21T14:55:29","guid":{"rendered":"https:\/\/acninternational.org\/?p=230806"},"modified":"2025-08-12T10:28:58","modified_gmt":"2025-08-12T08:28:58","slug":"ukraine-kampf-an-der-spirituellen-front","status":"publish","type":"post","link":"https:\/\/acninternational.org\/de\/ukraine-kampf-an-der-spirituellen-front\/","title":{"rendered":"Ukraine: Kampf an der spirituellen Front"},"content":{"rendered":"<p><em>Seit mehr als zwei Jahren lebt Vitaly Krivitskiy, der lateinisch-katholische Bischof der Di\u00f6zese Kiew-Schytomyr, inmitten des Kriegsgeschehens. Angesichts der Not der Bev\u00f6lkerung hat er seine Pfarreien zu Oasen des Glaubens umgestaltet und bereitet seine Seelsorger darauf vor, Soldaten an der Front \u201egeistliche Erste Hilfe\u201c zu leisten. <\/em><\/p>\n<p>Der 52-j\u00e4hrige Bischof Vitaly Krivitskiy steht einer Di\u00f6zese mit 70 Priestern vor, die alle mit dem Elend konfrontiert sind, das der Krieg in ihrem Land mit sich bringt. Sie sind Zeugen von Trauerf\u00e4llen, Zukunfts\u00e4ngsten, Stromausf\u00e4llen und allen Formen der Armut. \u201eSie erweitern ihre gew\u00f6hnliche Seelsorge um das soziale Engagement, das in ihrer T\u00e4tigkeit einen immer gr\u00f6\u00dferen Stellenwert einnimmt\u201c, erkl\u00e4rt Bischof Krivitskiy gegen\u00fcber Aid to the Church in Need (ACN).<\/p>\n<figure id=\"attachment_230787\" aria-describedby=\"caption-attachment-230787\" style=\"width: 683px\" class=\"wp-caption aligncenter\"><img loading=\"lazy\" decoding=\"async\" class=\"wp-image-230787 size-large\" src=\"https:\/\/media.acninternational.org\/wp-content\/uploads\/2024\/10\/ACN-20231222-158144-683x1024.jpg\" alt=\"Heilige Messe mit Bischof Vitaliy Kryvytskyi von Kyiv-Zhytomyr\" width=\"683\" height=\"1024\" srcset=\"https:\/\/media.acninternational.org\/wp-content\/uploads\/2024\/10\/ACN-20231222-158144-683x1024.jpg 683w, https:\/\/media.acninternational.org\/wp-content\/uploads\/2024\/10\/ACN-20231222-158144-200x300.jpg 200w, https:\/\/media.acninternational.org\/wp-content\/uploads\/2024\/10\/ACN-20231222-158144.jpg 720w\" sizes=\"auto, (max-width: 683px) 100vw, 683px\" \/><figcaption id=\"caption-attachment-230787\" class=\"wp-caption-text\">Heilige Messe mit Bischof Vitaliy Kryvytskyi von Kyiv-Zhytomyr<\/figcaption><\/figure>\n<p>Als Ende Februar 2022 die von Russland initiierte \u201emilit\u00e4rische Spezialoperation\u201c begann, schrieb der Bischof an seine Priester: \u201eWenn ihr gehen m\u00fcsst, wenn es euch unm\u00f6glich ist zu bleiben, wird euch niemand verurteilen. Aber eure Gemeindemitglieder brauchen euch.\u201c Keiner von ihnen hat sich entschieden, seinen Posten zu verlassen, nicht einmal die 15 ausl\u00e4ndischen Missionspriester in seiner Di\u00f6zese.<\/p>\n<h4><strong>Pfarreien als sichere Zufluchtsorte<\/strong><\/h4>\n<p>In Anbetracht der Notsituation hat der Bischof angewiesen, dass die Pfarreien zu sicheren Zufluchtsorten f\u00fcr alle Fl\u00fcchtlinge werden, dass sie Keller oder Krypten zu Schutzr\u00e4umen umgestalten und sich mit Vorr\u00e4ten an Trinkwasser, Benzin und Stromgeneratoren ausstatten. \u201eIch m\u00f6chte, dass unsere Pfarreien Zitadellen sind, auf die der Krieg keinen Einfluss hat\u201c, erkl\u00e4rt der Bischof gegen\u00fcber ACN. \u201eOrte, an denen man es warm haben kann, gesch\u00fctzt vor Bomben, wo man aber auch mit einem Priester sprechen und Trost finden kann.\u201c In drei mobilen K\u00fcchen k\u00f6nnen jeweils 1000 Mahlzeiten pro Tag f\u00fcr die \u00c4rmsten der Armen zubereitet werden. Ebenfalls mit dem Ziel, die Bev\u00f6lkerung dem Krieg zu entziehen, wurden mit Hilfe von ACN Sommerlager f\u00fcr die Jugend organisiert. Die freiwilligen Priester an der Front bittet der Bischof, \u201egeistliche Erste Hilfe\u201c nach Art von Milit\u00e4rsanit\u00e4tern zu leisten. Sie sollen Soldaten unterst\u00fctzen, die verzweifelt sind, und verteilen auch \u201egeistliche Notfallsets\u201c, bestehend aus einer Bibel und einem Rosenkranz, all dies ohne staatliche Unterst\u00fctzung.<\/p>\n<figure id=\"attachment_230793\" aria-describedby=\"caption-attachment-230793\" style=\"width: 720px\" class=\"wp-caption aligncenter\"><img loading=\"lazy\" decoding=\"async\" class=\"wp-image-230793 size-full\" src=\"https:\/\/media.acninternational.org\/wp-content\/uploads\/2024\/10\/ACN-20230601-147471.jpg\" alt=\"Sommerlager in der Di\u00f6zese Kyiv-Zhytomyr bieten Kindern und Jugendlichen eine dringend ben\u00f6tigte Auszeit vom Krieg und den Sorgen des Alltags.\" width=\"720\" height=\"960\" srcset=\"https:\/\/media.acninternational.org\/wp-content\/uploads\/2024\/10\/ACN-20230601-147471.jpg 720w, https:\/\/media.acninternational.org\/wp-content\/uploads\/2024\/10\/ACN-20230601-147471-225x300.jpg 225w\" sizes=\"auto, (max-width: 720px) 100vw, 720px\" \/><figcaption id=\"caption-attachment-230793\" class=\"wp-caption-text\">Sommerlager in der Di\u00f6zese Kyiv-Zhytomyr bieten Kindern und Jugendlichen eine dringend ben\u00f6tigte Auszeit vom Krieg und den Sorgen des Alltags.<\/figcaption><\/figure>\n<p>Doch diese Ma\u00dfnahmen zeigen bereits Verschlei\u00dferscheinungen. Die Generatoren, die nicht f\u00fcr den Dauerbetrieb ausgelegt sind, werden schw\u00e4cher. &#8222;Unsere Ressourcen schwinden&#8220;, stellt der Bischof traurig fest.<\/p>\n<p>Er hat einen weiteren Grund zur Sorge, da die Regierung angek\u00fcndigt hat, alle M\u00e4nner \u201eohne jegliche Ausnahme\u201c zu mobilisieren. Dies k\u00f6nnte auch Priester einschlie\u00dfen und w\u00fcrde die Bem\u00fchungen von Bischof Krivitskiy zunichtemachen. Die ukrainischen Beh\u00f6rden, die wie das ganze Land vom S\u00e4kularismus betroffen sind, k\u00f6nnten sich f\u00fcr die extreme L\u00f6sung entscheiden, Priester unterschiedslos einzuziehen. Zwar w\u00fcrden weder die Verb\u00fcndeten der Ukraine noch die Zivilgesellschaft eine solche Ma\u00dfnahme guthei\u00dfen, aber die schwierige milit\u00e4rische Lage k\u00f6nnte als Vorwand daf\u00fcr genutzt werden.<\/p>\n<h4><strong>\u201eWir sprechen nie \u00fcber die ferne Zukunft\u201c<\/strong><\/h4>\n<p>In der Tat k\u00f6nnte der kommende Winter f\u00fcr das Land, das dem Trommelfeuer der russischen Artillerie ausgesetzt ist, schrecklich werden. Das zu 80 % zerst\u00f6rte Stromnetz k\u00f6nnte ausfallen, was das Leben der Zivilbev\u00f6lkerung unm\u00f6glich machen w\u00fcrde.<\/p>\n<p>Dennoch plant der Bischof nicht weit voraus. \u201eWir sprechen nie \u00fcber die ferne Zukunft. Wir fragen uns nur, was wir tun k\u00f6nnen, um auf diese oder jene Notsituation zu reagieren.\u201c<\/p>\n<p>Vorerst brauche er vor allem das Gebet: \u201eDas sind nicht nur Worte. Wenn man f\u00fcr seinen N\u00e4chsten betet, hat das echte Auswirkungen\u201c, so der Pr\u00e4lat. Und dann hofft er, den Winter zu \u00fcberstehen, vor allem, dass die Generatoren mitmachen &#8211; der einzige Ausweg w\u00e4hrend des eisigen Winters, falls die Stromleitungen unterbrochen werden.<\/p>\n<figure id=\"attachment_230799\" aria-describedby=\"caption-attachment-230799\" style=\"width: 800px\" class=\"wp-caption aligncenter\"><img loading=\"lazy\" decoding=\"async\" class=\"wp-image-230799 size-large\" src=\"https:\/\/media.acninternational.org\/wp-content\/uploads\/2024\/10\/ACN-20220420-127344-1024x683.jpg\" alt=\"Im Obdachlosenheim der Albertinerbr\u00fcder in Lviv erhalten Bed\u00fcrftige eine warme Mahlzeit.\" width=\"800\" height=\"534\" srcset=\"https:\/\/media.acninternational.org\/wp-content\/uploads\/2024\/10\/ACN-20220420-127344-1024x683.jpg 1024w, https:\/\/media.acninternational.org\/wp-content\/uploads\/2024\/10\/ACN-20220420-127344-300x200.jpg 300w, https:\/\/media.acninternational.org\/wp-content\/uploads\/2024\/10\/ACN-20220420-127344-768x512.jpg 768w, https:\/\/media.acninternational.org\/wp-content\/uploads\/2024\/10\/ACN-20220420-127344.jpg 1080w\" sizes=\"auto, (max-width: 800px) 100vw, 800px\" \/><figcaption id=\"caption-attachment-230799\" class=\"wp-caption-text\">Im Obdachlosenheim der Albertinerbr\u00fcder in Lviv erhalten Bed\u00fcrftige eine warme Mahlzeit.<\/figcaption><\/figure>\n<p>Von Beginn des Krieges an unterst\u00fctzt ACN die Priester in ihrer pastoralen Arbeit, die sie unter schwierigsten Bedingungen leisten. Seit Anfang 2023 hat ACN \u00fcber 12 Millionen Euro f\u00fcr Projekte in der Ukraine bereitgestellt. Dar\u00fcber hinaus wurden mehr als zwei Millionen Euro in Form von Mess-Stipendien an Priester weitergegeben, davon mehr als 125.000 Euro speziell f\u00fcr die lateinische Di\u00f6zese Kyiv-Zhytomyr.<\/p>\n<p>&nbsp;<\/p>\n","protected":false},"excerpt":{"rendered":"<p>Seit mehr als zwei Jahren lebt Vitaly Krivitskiy, der lateinisch-katholische Bischof der Di\u00f6zese Kiew-Schytomyr, inmitten des Kriegsgeschehens. Angesichts der Not<\/p>\n","protected":false},"author":4258341446,"featured_media":230783,"comment_status":"closed","ping_status":"closed","sticky":false,"template":"","format":"standard","meta":{"_acf_changed":false,"_acn_coauthor_ids":[],"footnotes":""},"categories":[968],"tags":[],"country":[156],"class_list":["post-230806","post","type-post","status-publish","format-standard","has-post-thumbnail","hentry","category-featured-de","country-ukraine"],"acn_coauthors":[],"acf":[],"yoast_head":"<!-- This site is optimized with the Yoast SEO Premium plugin v27.3 (Yoast SEO v27.3) - https:\/\/yoast.com\/product\/yoast-seo-premium-wordpress\/ -->\n<title>Ukraine: Kampf an der spirituellen Front | ACN International<\/title>\n<meta name=\"robots\" content=\"index, follow, max-snippet:-1, max-image-preview:large, max-video-preview:-1\" \/>\n<link rel=\"canonical\" href=\"https:\/\/acninternational.org\/de\/ukraine-kampf-an-der-spirituellen-front\/\" \/>\n<meta property=\"og:locale\" content=\"de_DE\" \/>\n<meta property=\"og:type\" content=\"article\" \/>\n<meta property=\"og:title\" content=\"Ukraine: Kampf an der spirituellen Front\" \/>\n<meta property=\"og:description\" content=\"Seit mehr als zwei Jahren lebt Vitaly Krivitskiy, der lateinisch-katholische Bischof der Di\u00f6zese Kiew-Schytomyr, inmitten des Kriegsgeschehens. Angesichts der Not\" \/>\n<meta property=\"og:url\" content=\"https:\/\/acninternational.org\/de\/ukraine-kampf-an-der-spirituellen-front\/\" \/>\n<meta property=\"og:site_name\" content=\"ACN International\" \/>\n<meta property=\"article:publisher\" content=\"https:\/\/www.facebook.com\/acninternationalorg\" \/>\n<meta property=\"article:published_time\" content=\"2024-10-21T14:55:29+00:00\" \/>\n<meta property=\"article:modified_time\" content=\"2025-08-12T08:28:58+00:00\" \/>\n<meta property=\"og:image\" content=\"https:\/\/media.acninternational.org\/wp-content\/uploads\/2024\/10\/ACN-20230601-147477.jpg\" \/>\n\t<meta property=\"og:image:width\" content=\"1920\" \/>\n\t<meta property=\"og:image:height\" content=\"700\" \/>\n\t<meta property=\"og:image:type\" content=\"image\/jpeg\" \/>\n<meta name=\"author\" content=\"Sylvain Dorient\" \/>\n<meta name=\"twitter:card\" content=\"summary_large_image\" \/>\n<meta name=\"twitter:creator\" content=\"@acn_int\" \/>\n<meta name=\"twitter:site\" content=\"@acn_int\" \/>\n<meta name=\"twitter:label1\" content=\"Verfasst von\" \/>\n\t<meta name=\"twitter:data1\" content=\"Sylvain Dorient\" \/>\n\t<meta name=\"twitter:label2\" content=\"Gesch\u00e4tzte Lesezeit\" \/>\n\t<meta name=\"twitter:data2\" content=\"4\u00a0Minuten\" \/>\n<script type=\"application\/ld+json\" class=\"yoast-schema-graph\">{\"@context\":\"https:\\\/\\\/schema.org\",\"@graph\":[{\"@type\":\"Article\",\"@id\":\"https:\\\/\\\/acninternational.org\\\/de\\\/ukraine-kampf-an-der-spirituellen-front\\\/#article\",\"isPartOf\":{\"@id\":\"https:\\\/\\\/acninternational.org\\\/de\\\/ukraine-kampf-an-der-spirituellen-front\\\/\"},\"author\":{\"name\":\"Sylvain Dorient\",\"@id\":\"https:\\\/\\\/acninternational.org\\\/de\\\/#\\\/schema\\\/person\\\/cfb0f1aeb6913a638d85ae3d85a3bd65\"},\"headline\":\"Ukraine: Kampf an der spirituellen Front\",\"datePublished\":\"2024-10-21T14:55:29+00:00\",\"dateModified\":\"2025-08-12T08:28:58+00:00\",\"mainEntityOfPage\":{\"@id\":\"https:\\\/\\\/acninternational.org\\\/de\\\/ukraine-kampf-an-der-spirituellen-front\\\/\"},\"wordCount\":756,\"publisher\":{\"@id\":\"https:\\\/\\\/acninternational.org\\\/de\\\/#organization\"},\"image\":{\"@id\":\"https:\\\/\\\/acninternational.org\\\/de\\\/ukraine-kampf-an-der-spirituellen-front\\\/#primaryimage\"},\"thumbnailUrl\":\"https:\\\/\\\/media.acninternational.org\\\/wp-content\\\/uploads\\\/2024\\\/10\\\/ACN-20230601-147477.jpg\",\"articleSection\":[\"FEATURED\"],\"inLanguage\":\"de\"},{\"@type\":\"WebPage\",\"@id\":\"https:\\\/\\\/acninternational.org\\\/de\\\/ukraine-kampf-an-der-spirituellen-front\\\/\",\"url\":\"https:\\\/\\\/acninternational.org\\\/de\\\/ukraine-kampf-an-der-spirituellen-front\\\/\",\"name\":\"Ukraine: Kampf an der spirituellen Front | ACN International\",\"isPartOf\":{\"@id\":\"https:\\\/\\\/acninternational.org\\\/de\\\/#website\"},\"primaryImageOfPage\":{\"@id\":\"https:\\\/\\\/acninternational.org\\\/de\\\/ukraine-kampf-an-der-spirituellen-front\\\/#primaryimage\"},\"image\":{\"@id\":\"https:\\\/\\\/acninternational.org\\\/de\\\/ukraine-kampf-an-der-spirituellen-front\\\/#primaryimage\"},\"thumbnailUrl\":\"https:\\\/\\\/media.acninternational.org\\\/wp-content\\\/uploads\\\/2024\\\/10\\\/ACN-20230601-147477.jpg\",\"datePublished\":\"2024-10-21T14:55:29+00:00\",\"dateModified\":\"2025-08-12T08:28:58+00:00\",\"breadcrumb\":{\"@id\":\"https:\\\/\\\/acninternational.org\\\/de\\\/ukraine-kampf-an-der-spirituellen-front\\\/#breadcrumb\"},\"inLanguage\":\"de\",\"potentialAction\":[{\"@type\":\"ReadAction\",\"target\":[\"https:\\\/\\\/acninternational.org\\\/de\\\/ukraine-kampf-an-der-spirituellen-front\\\/\"]}]},{\"@type\":\"ImageObject\",\"inLanguage\":\"de\",\"@id\":\"https:\\\/\\\/acninternational.org\\\/de\\\/ukraine-kampf-an-der-spirituellen-front\\\/#primaryimage\",\"url\":\"https:\\\/\\\/media.acninternational.org\\\/wp-content\\\/uploads\\\/2024\\\/10\\\/ACN-20230601-147477.jpg\",\"contentUrl\":\"https:\\\/\\\/media.acninternational.org\\\/wp-content\\\/uploads\\\/2024\\\/10\\\/ACN-20230601-147477.jpg\",\"width\":1920,\"height\":700},{\"@type\":\"BreadcrumbList\",\"@id\":\"https:\\\/\\\/acninternational.org\\\/de\\\/ukraine-kampf-an-der-spirituellen-front\\\/#breadcrumb\",\"itemListElement\":[{\"@type\":\"ListItem\",\"position\":1,\"name\":\"Home\",\"item\":\"https:\\\/\\\/acninternational.org\\\/de\\\/\"},{\"@type\":\"ListItem\",\"position\":2,\"name\":\"FEATURED\",\"item\":\"https:\\\/\\\/acninternational.org\\\/de\\\/category\\\/featured-de\\\/\"},{\"@type\":\"ListItem\",\"position\":3,\"name\":\"Ukraine: Kampf an der spirituellen Front\"}]},{\"@type\":\"WebSite\",\"@id\":\"https:\\\/\\\/acninternational.org\\\/de\\\/#website\",\"url\":\"https:\\\/\\\/acninternational.org\\\/de\\\/\",\"name\":\"ACN International\",\"description\":\"\",\"publisher\":{\"@id\":\"https:\\\/\\\/acninternational.org\\\/de\\\/#organization\"},\"potentialAction\":[{\"@type\":\"SearchAction\",\"target\":{\"@type\":\"EntryPoint\",\"urlTemplate\":\"https:\\\/\\\/acninternational.org\\\/de\\\/?s={search_term_string}\"},\"query-input\":{\"@type\":\"PropertyValueSpecification\",\"valueRequired\":true,\"valueName\":\"search_term_string\"}}],\"inLanguage\":\"de\"},{\"@type\":\"Organization\",\"@id\":\"https:\\\/\\\/acninternational.org\\\/de\\\/#organization\",\"name\":\"Aid to the Church in Need International\",\"url\":\"https:\\\/\\\/acninternational.org\\\/de\\\/\",\"logo\":{\"@type\":\"ImageObject\",\"inLanguage\":\"de\",\"@id\":\"https:\\\/\\\/acninternational.org\\\/de\\\/#\\\/schema\\\/logo\\\/image\\\/\",\"url\":\"https:\\\/\\\/media.acninternational.org\\\/wp-content\\\/uploads\\\/2019\\\/11\\\/acn_logo_blackvector.svg\",\"contentUrl\":\"https:\\\/\\\/media.acninternational.org\\\/wp-content\\\/uploads\\\/2019\\\/11\\\/acn_logo_blackvector.svg\",\"width\":232.6,\"height\":78,\"caption\":\"Aid to the Church in Need International\"},\"image\":{\"@id\":\"https:\\\/\\\/acninternational.org\\\/de\\\/#\\\/schema\\\/logo\\\/image\\\/\"},\"sameAs\":[\"https:\\\/\\\/www.facebook.com\\\/acninternationalorg\",\"https:\\\/\\\/x.com\\\/acn_int\",\"https:\\\/\\\/www.youtube.com\\\/channel\\\/UCQ-077gS0TnVzkhHmf1opZw\",\"https:\\\/\\\/www.instagram.com\\\/acn_international\\\/\"]},{\"@type\":\"Person\",\"@id\":\"https:\\\/\\\/acninternational.org\\\/de\\\/#\\\/schema\\\/person\\\/cfb0f1aeb6913a638d85ae3d85a3bd65\",\"name\":\"Sylvain Dorient\",\"description\":\"Lorem ipsum dolor sit amet, consectetur adipiscing elit, sed do eiusmod tempor incididunt ut labore et dolore magna aliqua. Ut enim ad minim veniam, quis nostrud exercitation ullamco laboris nisi ut aliquip ex ea commodo consequat.\",\"url\":\"https:\\\/\\\/acninternational.org\\\/de\\\/author\\\/sylvain-dorient\\\/\"}]}<\/script>\n<!-- \/ Yoast SEO Premium plugin. -->","yoast_head_json":{"title":"Ukraine: Kampf an der spirituellen Front | ACN International","robots":{"index":"index","follow":"follow","max-snippet":"max-snippet:-1","max-image-preview":"max-image-preview:large","max-video-preview":"max-video-preview:-1"},"canonical":"https:\/\/acninternational.org\/de\/ukraine-kampf-an-der-spirituellen-front\/","og_locale":"de_DE","og_type":"article","og_title":"Ukraine: Kampf an der spirituellen Front","og_description":"Seit mehr als zwei Jahren lebt Vitaly Krivitskiy, der lateinisch-katholische Bischof der Di\u00f6zese Kiew-Schytomyr, inmitten des Kriegsgeschehens. Angesichts der Not","og_url":"https:\/\/acninternational.org\/de\/ukraine-kampf-an-der-spirituellen-front\/","og_site_name":"ACN International","article_publisher":"https:\/\/www.facebook.com\/acninternationalorg","article_published_time":"2024-10-21T14:55:29+00:00","article_modified_time":"2025-08-12T08:28:58+00:00","og_image":[{"width":1920,"height":700,"url":"https:\/\/media.acninternational.org\/wp-content\/uploads\/2024\/10\/ACN-20230601-147477.jpg","type":"image\/jpeg"}],"author":"Sylvain Dorient","twitter_card":"summary_large_image","twitter_creator":"@acn_int","twitter_site":"@acn_int","twitter_misc":{"Verfasst von":"Sylvain Dorient","Gesch\u00e4tzte Lesezeit":"4\u00a0Minuten"},"schema":{"@context":"https:\/\/schema.org","@graph":[{"@type":"Article","@id":"https:\/\/acninternational.org\/de\/ukraine-kampf-an-der-spirituellen-front\/#article","isPartOf":{"@id":"https:\/\/acninternational.org\/de\/ukraine-kampf-an-der-spirituellen-front\/"},"author":{"name":"Sylvain Dorient","@id":"https:\/\/acninternational.org\/de\/#\/schema\/person\/cfb0f1aeb6913a638d85ae3d85a3bd65"},"headline":"Ukraine: Kampf an der spirituellen Front","datePublished":"2024-10-21T14:55:29+00:00","dateModified":"2025-08-12T08:28:58+00:00","mainEntityOfPage":{"@id":"https:\/\/acninternational.org\/de\/ukraine-kampf-an-der-spirituellen-front\/"},"wordCount":756,"publisher":{"@id":"https:\/\/acninternational.org\/de\/#organization"},"image":{"@id":"https:\/\/acninternational.org\/de\/ukraine-kampf-an-der-spirituellen-front\/#primaryimage"},"thumbnailUrl":"https:\/\/media.acninternational.org\/wp-content\/uploads\/2024\/10\/ACN-20230601-147477.jpg","articleSection":["FEATURED"],"inLanguage":"de"},{"@type":"WebPage","@id":"https:\/\/acninternational.org\/de\/ukraine-kampf-an-der-spirituellen-front\/","url":"https:\/\/acninternational.org\/de\/ukraine-kampf-an-der-spirituellen-front\/","name":"Ukraine: Kampf an der spirituellen Front | ACN International","isPartOf":{"@id":"https:\/\/acninternational.org\/de\/#website"},"primaryImageOfPage":{"@id":"https:\/\/acninternational.org\/de\/ukraine-kampf-an-der-spirituellen-front\/#primaryimage"},"image":{"@id":"https:\/\/acninternational.org\/de\/ukraine-kampf-an-der-spirituellen-front\/#primaryimage"},"thumbnailUrl":"https:\/\/media.acninternational.org\/wp-content\/uploads\/2024\/10\/ACN-20230601-147477.jpg","datePublished":"2024-10-21T14:55:29+00:00","dateModified":"2025-08-12T08:28:58+00:00","breadcrumb":{"@id":"https:\/\/acninternational.org\/de\/ukraine-kampf-an-der-spirituellen-front\/#breadcrumb"},"inLanguage":"de","potentialAction":[{"@type":"ReadAction","target":["https:\/\/acninternational.org\/de\/ukraine-kampf-an-der-spirituellen-front\/"]}]},{"@type":"ImageObject","inLanguage":"de","@id":"https:\/\/acninternational.org\/de\/ukraine-kampf-an-der-spirituellen-front\/#primaryimage","url":"https:\/\/media.acninternational.org\/wp-content\/uploads\/2024\/10\/ACN-20230601-147477.jpg","contentUrl":"https:\/\/media.acninternational.org\/wp-content\/uploads\/2024\/10\/ACN-20230601-147477.jpg","width":1920,"height":700},{"@type":"BreadcrumbList","@id":"https:\/\/acninternational.org\/de\/ukraine-kampf-an-der-spirituellen-front\/#breadcrumb","itemListElement":[{"@type":"ListItem","position":1,"name":"Home","item":"https:\/\/acninternational.org\/de\/"},{"@type":"ListItem","position":2,"name":"FEATURED","item":"https:\/\/acninternational.org\/de\/category\/featured-de\/"},{"@type":"ListItem","position":3,"name":"Ukraine: Kampf an der spirituellen Front"}]},{"@type":"WebSite","@id":"https:\/\/acninternational.org\/de\/#website","url":"https:\/\/acninternational.org\/de\/","name":"ACN International","description":"","publisher":{"@id":"https:\/\/acninternational.org\/de\/#organization"},"potentialAction":[{"@type":"SearchAction","target":{"@type":"EntryPoint","urlTemplate":"https:\/\/acninternational.org\/de\/?s={search_term_string}"},"query-input":{"@type":"PropertyValueSpecification","valueRequired":true,"valueName":"search_term_string"}}],"inLanguage":"de"},{"@type":"Organization","@id":"https:\/\/acninternational.org\/de\/#organization","name":"Aid to the Church in Need International","url":"https:\/\/acninternational.org\/de\/","logo":{"@type":"ImageObject","inLanguage":"de","@id":"https:\/\/acninternational.org\/de\/#\/schema\/logo\/image\/","url":"https:\/\/media.acninternational.org\/wp-content\/uploads\/2019\/11\/acn_logo_blackvector.svg","contentUrl":"https:\/\/media.acninternational.org\/wp-content\/uploads\/2019\/11\/acn_logo_blackvector.svg","width":232.6,"height":78,"caption":"Aid to the Church in Need International"},"image":{"@id":"https:\/\/acninternational.org\/de\/#\/schema\/logo\/image\/"},"sameAs":["https:\/\/www.facebook.com\/acninternationalorg","https:\/\/x.com\/acn_int","https:\/\/www.youtube.com\/channel\/UCQ-077gS0TnVzkhHmf1opZw","https:\/\/www.instagram.com\/acn_international\/"]},{"@type":"Person","@id":"https:\/\/acninternational.org\/de\/#\/schema\/person\/cfb0f1aeb6913a638d85ae3d85a3bd65","name":"Sylvain Dorient","description":"Lorem ipsum dolor sit amet, consectetur adipiscing elit, sed do eiusmod tempor incididunt ut labore et dolore magna aliqua. Ut enim ad minim veniam, quis nostrud exercitation ullamco laboris nisi ut aliquip ex ea commodo consequat.","url":"https:\/\/acninternational.org\/de\/author\/sylvain-dorient\/"}]}},"_links":{"self":[{"href":"https:\/\/acninternational.org\/de\/wp-json\/wp\/v2\/posts\/230806","targetHints":{"allow":["GET"]}}],"collection":[{"href":"https:\/\/acninternational.org\/de\/wp-json\/wp\/v2\/posts"}],"about":[{"href":"https:\/\/acninternational.org\/de\/wp-json\/wp\/v2\/types\/post"}],"author":[{"embeddable":true,"href":"https:\/\/acninternational.org\/de\/wp-json\/wp\/v2\/users\/4258341446"}],"replies":[{"embeddable":true,"href":"https:\/\/acninternational.org\/de\/wp-json\/wp\/v2\/comments?post=230806"}],"version-history":[{"count":1,"href":"https:\/\/acninternational.org\/de\/wp-json\/wp\/v2\/posts\/230806\/revisions"}],"predecessor-version":[{"id":245392,"href":"https:\/\/acninternational.org\/de\/wp-json\/wp\/v2\/posts\/230806\/revisions\/245392"}],"wp:featuredmedia":[{"embeddable":true,"href":"https:\/\/acninternational.org\/de\/wp-json\/wp\/v2\/media\/230783"}],"wp:attachment":[{"href":"https:\/\/acninternational.org\/de\/wp-json\/wp\/v2\/media?parent=230806"}],"wp:term":[{"taxonomy":"category","embeddable":true,"href":"https:\/\/acninternational.org\/de\/wp-json\/wp\/v2\/categories?post=230806"},{"taxonomy":"post_tag","embeddable":true,"href":"https:\/\/acninternational.org\/de\/wp-json\/wp\/v2\/tags?post=230806"},{"taxonomy":"country","embeddable":true,"href":"https:\/\/acninternational.org\/de\/wp-json\/wp\/v2\/country?post=230806"}],"curies":[{"name":"wp","href":"https:\/\/api.w.org\/{rel}","templated":true}]}}