{"id":228138,"date":"2024-10-02T12:50:56","date_gmt":"2024-10-02T10:50:56","guid":{"rendered":"https:\/\/acninternational.org\/?p=228138"},"modified":"2025-08-12T10:29:37","modified_gmt":"2025-08-12T08:29:37","slug":"syrien-zehn-jahre-nach-der-entfuehrung-bischof-hanna-jallouf-ein-hirte-nahe-seiner-herde","status":"publish","type":"post","link":"https:\/\/acninternational.org\/de\/syrien-zehn-jahre-nach-der-entfuehrung-bischof-hanna-jallouf-ein-hirte-nahe-seiner-herde\/","title":{"rendered":"Syrien: Zehn Jahre nach der Entf\u00fchrung \u2013 Bischof Hanna Jallouf, ein Hirte nahe seiner Herde"},"content":{"rendered":"<p><em>Der Franziskaner Hanna Jallouf, heute Bischof der lateinischen Katholiken in Syrien, kennt die Situation in der Provinz Idlib, der letzten Rebellenbastion, sehr gut. Bis zu seiner Ernennung zum Bischof im September 2023 war er dort 22 Jahre lang als Seelsorger t\u00e4tig. Im Gespr\u00e4ch mit einer ACN-Delegation berichtet er von den Herausforderungen f\u00fcr die dort verbliebenen Christen.<\/em><\/p>\n<figure id=\"attachment_228119\" aria-describedby=\"caption-attachment-228119\" style=\"width: 720px\" class=\"wp-caption aligncenter\"><img loading=\"lazy\" decoding=\"async\" class=\"wp-image-228119 size-full\" src=\"https:\/\/media.acninternational.org\/wp-content\/uploads\/2024\/10\/ACN-20240311-161582.jpg\" alt=\"Bischof Hanna Jallouf\" width=\"720\" height=\"956\" srcset=\"https:\/\/media.acninternational.org\/wp-content\/uploads\/2024\/10\/ACN-20240311-161582.jpg 720w, https:\/\/media.acninternational.org\/wp-content\/uploads\/2024\/10\/ACN-20240311-161582-226x300.jpg 226w\" sizes=\"auto, (max-width: 720px) 100vw, 720px\" \/><figcaption id=\"caption-attachment-228119\" class=\"wp-caption-text\">Bischof Hanna Jallouf<\/figcaption><\/figure>\n<p>\u201eVon den rund 10 000 Christen, die vor dem Krieg in der Provinz Idlib lebten, sind heute nur noch etwa 650, haupts\u00e4chliche \u00e4ltere Menschen in l\u00e4ndlichen Gebieten, \u00fcbriggeblieben\u201c, erkl\u00e4rt Bischof Hanna Jallouf einer Delegation von ACN (Aid to the Church in Need), die ihn in Damaskus trifft. \u201eNachdem die Dschihadisten in den ersten Jahren des Krieges die Kontrolle \u00fcber das Gebiet \u00fcbernommen hatten, ist die Mehrheit der Christen aufgrund der schweren Lebensbedingungen geflohen.\u201c<\/p>\n<p>Die Provinz Idlib nahe der Grenze zur T\u00fcrkei war \u00fcber Jahrhunderte hinweg \u00fcberwiegend von Christen bewohnt, doch w\u00e4hrend des Krieges wurde sie zur Hochburg der regierungsfeindlichen Rebellen \u2013 und ist es bis heute geblieben. W\u00e4hrend des gesamten Krieges, der 2011 begann, war Pater Jallouf bei den Menschen geblieben. Am 5. Oktober 2014 wurde der Franziskaner und damalige Pfarrer des syrischen Dorfes Knayeh in der Provinz Idlib zusammen mit etwa 20 Gemeindemitgliedern<br \/>\nHeute, zehn Jahre sp\u00e4ter, ist er Apostolischer Vikar von Aleppo f\u00fcr die lateinischen Katholiken in ganz Syrien. \u201eWahrscheinlich hat mich Papst Franziskus zum Bischof ernannt, weil ich die Lage hier sehr genau kenne\u201c, erkl\u00e4rt Jallouf, der als erster Syrer in dieses Amt berufen wurde. \u201eW\u00e4hrend des ganzen Krieges stand ich als Gemeindeseelsorger in Kontakt mit den Rebellengruppen und habe immer wieder mit ihnen verhandelt. Und das mache ich auch weiterhin.\u201c<\/p>\n<p>Der Respekt von Seiten der Rebellen ist in einem Land, das im Nordwesten immer noch von den islamistischen Milizen kontrolliert wird, von gro\u00dfer Bedeutung. Das christliche Leben ist dort stark eingeschr\u00e4nkt. Dem Bischof zufolge ist es au\u00dferhalb der Kirche den Christen verboten, \u00f6ffentlich ihren Glauben zu leben oder Zeichen des Christentums wie Statuen oder Kreuze anzubringen.<\/p>\n<figure id=\"attachment_228184\" aria-describedby=\"caption-attachment-228184\" style=\"width: 683px\" class=\"wp-caption aligncenter\"><img loading=\"lazy\" decoding=\"async\" class=\"wp-image-228184 size-large\" src=\"https:\/\/media.acninternational.org\/wp-content\/uploads\/2024\/10\/ACN-20190402-86272-683x1024.jpg\" alt=\"Das christliche Leben in der Provinz Idlib ist stark eingeschr\u00e4nkt.\" width=\"683\" height=\"1024\" srcset=\"https:\/\/media.acninternational.org\/wp-content\/uploads\/2024\/10\/ACN-20190402-86272-683x1024.jpg 683w, https:\/\/media.acninternational.org\/wp-content\/uploads\/2024\/10\/ACN-20190402-86272-200x300.jpg 200w, https:\/\/media.acninternational.org\/wp-content\/uploads\/2024\/10\/ACN-20190402-86272.jpg 720w\" sizes=\"auto, (max-width: 683px) 100vw, 683px\" \/><figcaption id=\"caption-attachment-228184\" class=\"wp-caption-text\">Das christliche Leben in der Provinz Idlib ist stark eingeschr\u00e4nkt.<\/figcaption><\/figure>\n<p>Mit der Eskalation des Krieges waren alle christlichen Lehrer von ihren Posten abgezogen worden, was dazu f\u00fchrte, dass viele christliche Familien ihre Kinder von den Schulen nahmen. \u201eJetzt unterrichten sie ihre Kinder zu Hause, um den Anschein einer christlichen Schulversammlung zu vermeiden\u201c, erkl\u00e4rt der Bischof gegen\u00fcber ACN. F\u00fcr das Abitur m\u00fcssten die Jugendlichen jedoch in andere Gouvernements wie Aleppo und Hama reisen, um die Pr\u00fcfungen abzulegen. Die Kosten f\u00fcr den Transport und die Unterbringung seien horrend \u2013 circa 3.000 Dollar pro Person.<\/p>\n<p>Auch in den anderen Teilen Syriens ist die christliche Pr\u00e4senz stark bedroht. Zahlreiche christliche Familien haben das Land verlassen, um in Europa, Kanada und Australien ein besseres Leben zu suchen. 13 Jahre Krieg, eine extrem hohe Inflation und bittere Armut haben das Land ausgemergelt. Sch\u00e4tzungen zufolge lebt 90 % der syrischen Bev\u00f6lkerung unterhalb der Armutsgrenze. In Aleppo und Hassakeh ist die Auswanderung so hoch, dass es dort laut einer \u00f6rtlichen Quelle bis 2050 keine funktionsf\u00e4hige christliche Gemeinschaft mehr geben wird.<\/p>\n<p>Bischof Jallouf, einst ein \u201eeinfacher Pfarrer\u201c, wie er sich selbst bezeichnet, m\u00f6chte den Menschen auch als Bischof nahe sein. Eine seiner Priorit\u00e4ten seit seiner Ernennung ist es, alle Pfarreien, Kongregationen und katholische Einrichtungen des lateinischen Ritus im ganzen Land zu besuchen, um die Bed\u00fcrfnisse vor Ort direkt kennenzulernen. Bischof Jallouf freut sich auf die Zusammenarbeit mit ACN. Das internationale Hilfswerk erm\u00f6glichte in diesem Sommer \u00fcber 1500 Kindern und Jugendlichen des lateinischen Ritus Sommerfreizeiten und half nach dem verheerenden Erdbeben im Norden Syriens 2023 beim Wiederaufbau einer Kirche in Idlib und von 50 H\u00e4usern f\u00fcr christliche Familien der lateinischen Gemeinde. Auch unterst\u00fctzte es Nothilfeprojekte wie \u201eEssen auf R\u00e4dern\u201c f\u00fcr alte und verlassene Menschen.<\/p>\n<figure id=\"attachment_228131\" aria-describedby=\"caption-attachment-228131\" style=\"width: 800px\" class=\"wp-caption aligncenter\"><img loading=\"lazy\" decoding=\"async\" class=\"wp-image-228131 size-large\" src=\"https:\/\/media.acninternational.org\/wp-content\/uploads\/2024\/10\/ACN-20240425-163579-1024x683.jpg\" alt=\"Viele Menschen sind dankbar f\u00fcr das von ACN unterst\u00fctzte Nothilfeprojekt \u201eEssen auf R\u00e4dern\u201c.\" width=\"800\" height=\"534\" srcset=\"https:\/\/media.acninternational.org\/wp-content\/uploads\/2024\/10\/ACN-20240425-163579-1024x683.jpg 1024w, https:\/\/media.acninternational.org\/wp-content\/uploads\/2024\/10\/ACN-20240425-163579-300x200.jpg 300w, https:\/\/media.acninternational.org\/wp-content\/uploads\/2024\/10\/ACN-20240425-163579-768x512.jpg 768w, https:\/\/media.acninternational.org\/wp-content\/uploads\/2024\/10\/ACN-20240425-163579.jpg 1080w\" sizes=\"auto, (max-width: 800px) 100vw, 800px\" \/><figcaption id=\"caption-attachment-228131\" class=\"wp-caption-text\">Viele Menschen sind dankbar f\u00fcr das von ACN unterst\u00fctzte Nothilfeprojekt \u201eEssen auf R\u00e4dern\u201c.<\/figcaption><\/figure>\n<p>\u201eZehn Jahre sind seit meiner Entf\u00fchrung vergangen, und wir hoffen, dass sich die letzten Jahre nicht wiederholen werden. Wir vergeben, aber wir vergessen nicht, so hat uns Christus gelehrt\u201c, erkl\u00e4rt der Bischof. \u201eIn diesen Tagen bete ich zu Gott um Barmherzigkeit, Vergebung und Befreiung vom Krieg und um die Wiederherstellung von Frieden, Harmonie, Stabilit\u00e4t und Wohlstand in diesem verwundeten Land. Wir hoffen, dass es mit der F\u00fcrsprache der Gottesmutter Maria, unserer treuen M\u00e4rtyrer und aller Heiligen wieder zu einem Land der Liebe, des Respekts, der Vergebung und der Koexistenz zwischen den verschiedenen Gemeinschaften und Religionen wird.\u201c<\/p>\n<p>&nbsp;<\/p>\n","protected":false},"excerpt":{"rendered":"<p>Der Franziskaner Hanna Jallouf, heute Bischof der lateinischen Katholiken in Syrien, kennt die Situation in der Provinz Idlib, der letzten<\/p>\n","protected":false},"author":4258341405,"featured_media":228115,"comment_status":"closed","ping_status":"closed","sticky":false,"template":"","format":"standard","meta":{"_acf_changed":false,"_acn_coauthor_ids":[],"_acn_featured_article":false,"footnotes":""},"categories":[968],"tags":[],"country":[852],"class_list":["post-228138","post","type-post","status-publish","format-standard","has-post-thumbnail","hentry","category-featured-de","country-syrien"],"acn_coauthors":[],"acf":[],"yoast_head":"<!-- This site is optimized with the Yoast SEO Premium plugin v27.5 (Yoast SEO v27.5) - https:\/\/yoast.com\/product\/yoast-seo-premium-wordpress\/ -->\n<title>Syrien: Zehn Jahre nach der Entf\u00fchrung \u2013 Bischof Hanna Jallouf, ein Hirte nahe seiner Herde | ACN International<\/title>\n<meta name=\"robots\" content=\"index, follow, max-snippet:-1, max-image-preview:large, max-video-preview:-1\" \/>\n<link rel=\"canonical\" href=\"https:\/\/acninternational.org\/de\/syrien-zehn-jahre-nach-der-entfuehrung-bischof-hanna-jallouf-ein-hirte-nahe-seiner-herde\/\" \/>\n<meta property=\"og:locale\" content=\"de_DE\" \/>\n<meta property=\"og:type\" content=\"article\" \/>\n<meta property=\"og:title\" content=\"Syrien: Zehn Jahre nach der Entf\u00fchrung \u2013 Bischof Hanna Jallouf, ein Hirte nahe seiner Herde\" \/>\n<meta property=\"og:description\" content=\"Der Franziskaner Hanna Jallouf, heute Bischof der lateinischen Katholiken in Syrien, kennt die Situation in der Provinz Idlib, der letzten\" \/>\n<meta property=\"og:url\" content=\"https:\/\/acninternational.org\/de\/syrien-zehn-jahre-nach-der-entfuehrung-bischof-hanna-jallouf-ein-hirte-nahe-seiner-herde\/\" \/>\n<meta property=\"og:site_name\" content=\"ACN International\" \/>\n<meta property=\"article:publisher\" content=\"https:\/\/www.facebook.com\/acninternationalorg\" \/>\n<meta property=\"article:published_time\" content=\"2024-10-02T10:50:56+00:00\" \/>\n<meta property=\"article:modified_time\" content=\"2025-08-12T08:29:37+00:00\" \/>\n<meta property=\"og:image\" content=\"https:\/\/media.acninternational.org\/wp-content\/uploads\/2024\/10\/ACN-20240806-170181.jpg\" \/>\n\t<meta property=\"og:image:width\" content=\"1920\" \/>\n\t<meta property=\"og:image:height\" content=\"700\" \/>\n\t<meta property=\"og:image:type\" content=\"image\/jpeg\" \/>\n<meta name=\"author\" content=\"Sina Hartert\" \/>\n<meta name=\"twitter:card\" content=\"summary_large_image\" \/>\n<meta name=\"twitter:creator\" content=\"@acn_int\" \/>\n<meta name=\"twitter:site\" content=\"@acn_int\" \/>\n<meta name=\"twitter:label1\" content=\"Verfasst von\" \/>\n\t<meta name=\"twitter:data1\" content=\"Sina Hartert\" \/>\n\t<meta name=\"twitter:label2\" content=\"Gesch\u00e4tzte Lesezeit\" \/>\n\t<meta name=\"twitter:data2\" content=\"5\u00a0Minuten\" \/>\n<script type=\"application\/ld+json\" class=\"yoast-schema-graph\">{\"@context\":\"https:\\\/\\\/schema.org\",\"@graph\":[{\"@type\":\"Article\",\"@id\":\"https:\\\/\\\/acninternational.org\\\/de\\\/syrien-zehn-jahre-nach-der-entfuehrung-bischof-hanna-jallouf-ein-hirte-nahe-seiner-herde\\\/#article\",\"isPartOf\":{\"@id\":\"https:\\\/\\\/acninternational.org\\\/de\\\/syrien-zehn-jahre-nach-der-entfuehrung-bischof-hanna-jallouf-ein-hirte-nahe-seiner-herde\\\/\"},\"author\":{\"name\":\"Sina Hartert\",\"@id\":\"https:\\\/\\\/acninternational.org\\\/de\\\/#\\\/schema\\\/person\\\/333738ed03abe11491094c5c30cf3133\"},\"headline\":\"Syrien: Zehn Jahre nach der Entf\u00fchrung \u2013 Bischof Hanna Jallouf, ein Hirte nahe seiner Herde\",\"datePublished\":\"2024-10-02T10:50:56+00:00\",\"dateModified\":\"2025-08-12T08:29:37+00:00\",\"mainEntityOfPage\":{\"@id\":\"https:\\\/\\\/acninternational.org\\\/de\\\/syrien-zehn-jahre-nach-der-entfuehrung-bischof-hanna-jallouf-ein-hirte-nahe-seiner-herde\\\/\"},\"wordCount\":785,\"publisher\":{\"@id\":\"https:\\\/\\\/acninternational.org\\\/de\\\/#organization\"},\"image\":{\"@id\":\"https:\\\/\\\/acninternational.org\\\/de\\\/syrien-zehn-jahre-nach-der-entfuehrung-bischof-hanna-jallouf-ein-hirte-nahe-seiner-herde\\\/#primaryimage\"},\"thumbnailUrl\":\"https:\\\/\\\/media.acninternational.org\\\/wp-content\\\/uploads\\\/2024\\\/10\\\/ACN-20240806-170181.jpg\",\"articleSection\":[\"FEATURED\"],\"inLanguage\":\"de\"},{\"@type\":\"WebPage\",\"@id\":\"https:\\\/\\\/acninternational.org\\\/de\\\/syrien-zehn-jahre-nach-der-entfuehrung-bischof-hanna-jallouf-ein-hirte-nahe-seiner-herde\\\/\",\"url\":\"https:\\\/\\\/acninternational.org\\\/de\\\/syrien-zehn-jahre-nach-der-entfuehrung-bischof-hanna-jallouf-ein-hirte-nahe-seiner-herde\\\/\",\"name\":\"Syrien: Zehn Jahre nach der Entf\u00fchrung \u2013 Bischof Hanna Jallouf, ein Hirte nahe seiner Herde | ACN International\",\"isPartOf\":{\"@id\":\"https:\\\/\\\/acninternational.org\\\/de\\\/#website\"},\"primaryImageOfPage\":{\"@id\":\"https:\\\/\\\/acninternational.org\\\/de\\\/syrien-zehn-jahre-nach-der-entfuehrung-bischof-hanna-jallouf-ein-hirte-nahe-seiner-herde\\\/#primaryimage\"},\"image\":{\"@id\":\"https:\\\/\\\/acninternational.org\\\/de\\\/syrien-zehn-jahre-nach-der-entfuehrung-bischof-hanna-jallouf-ein-hirte-nahe-seiner-herde\\\/#primaryimage\"},\"thumbnailUrl\":\"https:\\\/\\\/media.acninternational.org\\\/wp-content\\\/uploads\\\/2024\\\/10\\\/ACN-20240806-170181.jpg\",\"datePublished\":\"2024-10-02T10:50:56+00:00\",\"dateModified\":\"2025-08-12T08:29:37+00:00\",\"breadcrumb\":{\"@id\":\"https:\\\/\\\/acninternational.org\\\/de\\\/syrien-zehn-jahre-nach-der-entfuehrung-bischof-hanna-jallouf-ein-hirte-nahe-seiner-herde\\\/#breadcrumb\"},\"inLanguage\":\"de\",\"potentialAction\":[{\"@type\":\"ReadAction\",\"target\":[\"https:\\\/\\\/acninternational.org\\\/de\\\/syrien-zehn-jahre-nach-der-entfuehrung-bischof-hanna-jallouf-ein-hirte-nahe-seiner-herde\\\/\"]}]},{\"@type\":\"ImageObject\",\"inLanguage\":\"de\",\"@id\":\"https:\\\/\\\/acninternational.org\\\/de\\\/syrien-zehn-jahre-nach-der-entfuehrung-bischof-hanna-jallouf-ein-hirte-nahe-seiner-herde\\\/#primaryimage\",\"url\":\"https:\\\/\\\/media.acninternational.org\\\/wp-content\\\/uploads\\\/2024\\\/10\\\/ACN-20240806-170181.jpg\",\"contentUrl\":\"https:\\\/\\\/media.acninternational.org\\\/wp-content\\\/uploads\\\/2024\\\/10\\\/ACN-20240806-170181.jpg\",\"width\":1920,\"height\":700},{\"@type\":\"BreadcrumbList\",\"@id\":\"https:\\\/\\\/acninternational.org\\\/de\\\/syrien-zehn-jahre-nach-der-entfuehrung-bischof-hanna-jallouf-ein-hirte-nahe-seiner-herde\\\/#breadcrumb\",\"itemListElement\":[{\"@type\":\"ListItem\",\"position\":1,\"name\":\"Home\",\"item\":\"https:\\\/\\\/acninternational.org\\\/de\\\/\"},{\"@type\":\"ListItem\",\"position\":2,\"name\":\"FEATURED\",\"item\":\"https:\\\/\\\/acninternational.org\\\/de\\\/category\\\/featured-de\\\/\"},{\"@type\":\"ListItem\",\"position\":3,\"name\":\"Syrien: Zehn Jahre nach der Entf\u00fchrung \u2013 Bischof Hanna Jallouf, ein Hirte nahe seiner Herde\"}]},{\"@type\":\"WebSite\",\"@id\":\"https:\\\/\\\/acninternational.org\\\/de\\\/#website\",\"url\":\"https:\\\/\\\/acninternational.org\\\/de\\\/\",\"name\":\"ACN International\",\"description\":\"\",\"publisher\":{\"@id\":\"https:\\\/\\\/acninternational.org\\\/de\\\/#organization\"},\"potentialAction\":[{\"@type\":\"SearchAction\",\"target\":{\"@type\":\"EntryPoint\",\"urlTemplate\":\"https:\\\/\\\/acninternational.org\\\/de\\\/?s={search_term_string}\"},\"query-input\":{\"@type\":\"PropertyValueSpecification\",\"valueRequired\":true,\"valueName\":\"search_term_string\"}}],\"inLanguage\":\"de\"},{\"@type\":\"Organization\",\"@id\":\"https:\\\/\\\/acninternational.org\\\/de\\\/#organization\",\"name\":\"Aid to the Church in Need International\",\"url\":\"https:\\\/\\\/acninternational.org\\\/de\\\/\",\"logo\":{\"@type\":\"ImageObject\",\"inLanguage\":\"de\",\"@id\":\"https:\\\/\\\/acninternational.org\\\/de\\\/#\\\/schema\\\/logo\\\/image\\\/\",\"url\":\"https:\\\/\\\/media.acninternational.org\\\/wp-content\\\/uploads\\\/2019\\\/11\\\/acn_logo_blackvector.svg\",\"contentUrl\":\"https:\\\/\\\/media.acninternational.org\\\/wp-content\\\/uploads\\\/2019\\\/11\\\/acn_logo_blackvector.svg\",\"width\":232.6,\"height\":78,\"caption\":\"Aid to the Church in Need International\"},\"image\":{\"@id\":\"https:\\\/\\\/acninternational.org\\\/de\\\/#\\\/schema\\\/logo\\\/image\\\/\"},\"sameAs\":[\"https:\\\/\\\/www.facebook.com\\\/acninternationalorg\",\"https:\\\/\\\/x.com\\\/acn_int\",\"https:\\\/\\\/www.youtube.com\\\/channel\\\/UCQ-077gS0TnVzkhHmf1opZw\",\"https:\\\/\\\/www.instagram.com\\\/acn_international\\\/\"]},{\"@type\":\"Person\",\"@id\":\"https:\\\/\\\/acninternational.org\\\/de\\\/#\\\/schema\\\/person\\\/333738ed03abe11491094c5c30cf3133\",\"name\":\"Sina Hartert\",\"description\":\"Lorem ipsum dolor sit amet, consectetur adipiscing elit, sed do eiusmod tempor incididunt ut labore et dolore magna aliqua. Ut enim ad minim veniam, quis nostrud exercitation ullamco laboris nisi ut aliquip ex ea commodo consequat.\",\"url\":\"https:\\\/\\\/acninternational.org\\\/de\\\/author\\\/sina-hartert\\\/\"}]}<\/script>\n<!-- \/ Yoast SEO Premium plugin. -->","yoast_head_json":{"title":"Syrien: Zehn Jahre nach der Entf\u00fchrung \u2013 Bischof Hanna Jallouf, ein Hirte nahe seiner Herde | ACN International","robots":{"index":"index","follow":"follow","max-snippet":"max-snippet:-1","max-image-preview":"max-image-preview:large","max-video-preview":"max-video-preview:-1"},"canonical":"https:\/\/acninternational.org\/de\/syrien-zehn-jahre-nach-der-entfuehrung-bischof-hanna-jallouf-ein-hirte-nahe-seiner-herde\/","og_locale":"de_DE","og_type":"article","og_title":"Syrien: Zehn Jahre nach der Entf\u00fchrung \u2013 Bischof Hanna Jallouf, ein Hirte nahe seiner Herde","og_description":"Der Franziskaner Hanna Jallouf, heute Bischof der lateinischen Katholiken in Syrien, kennt die Situation in der Provinz Idlib, der letzten","og_url":"https:\/\/acninternational.org\/de\/syrien-zehn-jahre-nach-der-entfuehrung-bischof-hanna-jallouf-ein-hirte-nahe-seiner-herde\/","og_site_name":"ACN International","article_publisher":"https:\/\/www.facebook.com\/acninternationalorg","article_published_time":"2024-10-02T10:50:56+00:00","article_modified_time":"2025-08-12T08:29:37+00:00","og_image":[{"width":1920,"height":700,"url":"https:\/\/media.acninternational.org\/wp-content\/uploads\/2024\/10\/ACN-20240806-170181.jpg","type":"image\/jpeg"}],"author":"Sina Hartert","twitter_card":"summary_large_image","twitter_creator":"@acn_int","twitter_site":"@acn_int","twitter_misc":{"Verfasst von":"Sina Hartert","Gesch\u00e4tzte Lesezeit":"5\u00a0Minuten"},"schema":{"@context":"https:\/\/schema.org","@graph":[{"@type":"Article","@id":"https:\/\/acninternational.org\/de\/syrien-zehn-jahre-nach-der-entfuehrung-bischof-hanna-jallouf-ein-hirte-nahe-seiner-herde\/#article","isPartOf":{"@id":"https:\/\/acninternational.org\/de\/syrien-zehn-jahre-nach-der-entfuehrung-bischof-hanna-jallouf-ein-hirte-nahe-seiner-herde\/"},"author":{"name":"Sina Hartert","@id":"https:\/\/acninternational.org\/de\/#\/schema\/person\/333738ed03abe11491094c5c30cf3133"},"headline":"Syrien: Zehn Jahre nach der Entf\u00fchrung \u2013 Bischof Hanna Jallouf, ein Hirte nahe seiner Herde","datePublished":"2024-10-02T10:50:56+00:00","dateModified":"2025-08-12T08:29:37+00:00","mainEntityOfPage":{"@id":"https:\/\/acninternational.org\/de\/syrien-zehn-jahre-nach-der-entfuehrung-bischof-hanna-jallouf-ein-hirte-nahe-seiner-herde\/"},"wordCount":785,"publisher":{"@id":"https:\/\/acninternational.org\/de\/#organization"},"image":{"@id":"https:\/\/acninternational.org\/de\/syrien-zehn-jahre-nach-der-entfuehrung-bischof-hanna-jallouf-ein-hirte-nahe-seiner-herde\/#primaryimage"},"thumbnailUrl":"https:\/\/media.acninternational.org\/wp-content\/uploads\/2024\/10\/ACN-20240806-170181.jpg","articleSection":["FEATURED"],"inLanguage":"de"},{"@type":"WebPage","@id":"https:\/\/acninternational.org\/de\/syrien-zehn-jahre-nach-der-entfuehrung-bischof-hanna-jallouf-ein-hirte-nahe-seiner-herde\/","url":"https:\/\/acninternational.org\/de\/syrien-zehn-jahre-nach-der-entfuehrung-bischof-hanna-jallouf-ein-hirte-nahe-seiner-herde\/","name":"Syrien: Zehn Jahre nach der Entf\u00fchrung \u2013 Bischof Hanna Jallouf, ein Hirte nahe seiner Herde | ACN International","isPartOf":{"@id":"https:\/\/acninternational.org\/de\/#website"},"primaryImageOfPage":{"@id":"https:\/\/acninternational.org\/de\/syrien-zehn-jahre-nach-der-entfuehrung-bischof-hanna-jallouf-ein-hirte-nahe-seiner-herde\/#primaryimage"},"image":{"@id":"https:\/\/acninternational.org\/de\/syrien-zehn-jahre-nach-der-entfuehrung-bischof-hanna-jallouf-ein-hirte-nahe-seiner-herde\/#primaryimage"},"thumbnailUrl":"https:\/\/media.acninternational.org\/wp-content\/uploads\/2024\/10\/ACN-20240806-170181.jpg","datePublished":"2024-10-02T10:50:56+00:00","dateModified":"2025-08-12T08:29:37+00:00","breadcrumb":{"@id":"https:\/\/acninternational.org\/de\/syrien-zehn-jahre-nach-der-entfuehrung-bischof-hanna-jallouf-ein-hirte-nahe-seiner-herde\/#breadcrumb"},"inLanguage":"de","potentialAction":[{"@type":"ReadAction","target":["https:\/\/acninternational.org\/de\/syrien-zehn-jahre-nach-der-entfuehrung-bischof-hanna-jallouf-ein-hirte-nahe-seiner-herde\/"]}]},{"@type":"ImageObject","inLanguage":"de","@id":"https:\/\/acninternational.org\/de\/syrien-zehn-jahre-nach-der-entfuehrung-bischof-hanna-jallouf-ein-hirte-nahe-seiner-herde\/#primaryimage","url":"https:\/\/media.acninternational.org\/wp-content\/uploads\/2024\/10\/ACN-20240806-170181.jpg","contentUrl":"https:\/\/media.acninternational.org\/wp-content\/uploads\/2024\/10\/ACN-20240806-170181.jpg","width":1920,"height":700},{"@type":"BreadcrumbList","@id":"https:\/\/acninternational.org\/de\/syrien-zehn-jahre-nach-der-entfuehrung-bischof-hanna-jallouf-ein-hirte-nahe-seiner-herde\/#breadcrumb","itemListElement":[{"@type":"ListItem","position":1,"name":"Home","item":"https:\/\/acninternational.org\/de\/"},{"@type":"ListItem","position":2,"name":"FEATURED","item":"https:\/\/acninternational.org\/de\/category\/featured-de\/"},{"@type":"ListItem","position":3,"name":"Syrien: Zehn Jahre nach der Entf\u00fchrung \u2013 Bischof Hanna Jallouf, ein Hirte nahe seiner Herde"}]},{"@type":"WebSite","@id":"https:\/\/acninternational.org\/de\/#website","url":"https:\/\/acninternational.org\/de\/","name":"ACN International","description":"","publisher":{"@id":"https:\/\/acninternational.org\/de\/#organization"},"potentialAction":[{"@type":"SearchAction","target":{"@type":"EntryPoint","urlTemplate":"https:\/\/acninternational.org\/de\/?s={search_term_string}"},"query-input":{"@type":"PropertyValueSpecification","valueRequired":true,"valueName":"search_term_string"}}],"inLanguage":"de"},{"@type":"Organization","@id":"https:\/\/acninternational.org\/de\/#organization","name":"Aid to the Church in Need International","url":"https:\/\/acninternational.org\/de\/","logo":{"@type":"ImageObject","inLanguage":"de","@id":"https:\/\/acninternational.org\/de\/#\/schema\/logo\/image\/","url":"https:\/\/media.acninternational.org\/wp-content\/uploads\/2019\/11\/acn_logo_blackvector.svg","contentUrl":"https:\/\/media.acninternational.org\/wp-content\/uploads\/2019\/11\/acn_logo_blackvector.svg","width":232.6,"height":78,"caption":"Aid to the Church in Need International"},"image":{"@id":"https:\/\/acninternational.org\/de\/#\/schema\/logo\/image\/"},"sameAs":["https:\/\/www.facebook.com\/acninternationalorg","https:\/\/x.com\/acn_int","https:\/\/www.youtube.com\/channel\/UCQ-077gS0TnVzkhHmf1opZw","https:\/\/www.instagram.com\/acn_international\/"]},{"@type":"Person","@id":"https:\/\/acninternational.org\/de\/#\/schema\/person\/333738ed03abe11491094c5c30cf3133","name":"Sina Hartert","description":"Lorem ipsum dolor sit amet, consectetur adipiscing elit, sed do eiusmod tempor incididunt ut labore et dolore magna aliqua. Ut enim ad minim veniam, quis nostrud exercitation ullamco laboris nisi ut aliquip ex ea commodo consequat.","url":"https:\/\/acninternational.org\/de\/author\/sina-hartert\/"}]}},"_links":{"self":[{"href":"https:\/\/acninternational.org\/de\/wp-json\/wp\/v2\/posts\/228138","targetHints":{"allow":["GET"]}}],"collection":[{"href":"https:\/\/acninternational.org\/de\/wp-json\/wp\/v2\/posts"}],"about":[{"href":"https:\/\/acninternational.org\/de\/wp-json\/wp\/v2\/types\/post"}],"author":[{"embeddable":true,"href":"https:\/\/acninternational.org\/de\/wp-json\/wp\/v2\/users\/4258341405"}],"replies":[{"embeddable":true,"href":"https:\/\/acninternational.org\/de\/wp-json\/wp\/v2\/comments?post=228138"}],"version-history":[{"count":2,"href":"https:\/\/acninternational.org\/de\/wp-json\/wp\/v2\/posts\/228138\/revisions"}],"predecessor-version":[{"id":245424,"href":"https:\/\/acninternational.org\/de\/wp-json\/wp\/v2\/posts\/228138\/revisions\/245424"}],"wp:featuredmedia":[{"embeddable":true,"href":"https:\/\/acninternational.org\/de\/wp-json\/wp\/v2\/media\/228115"}],"wp:attachment":[{"href":"https:\/\/acninternational.org\/de\/wp-json\/wp\/v2\/media?parent=228138"}],"wp:term":[{"taxonomy":"category","embeddable":true,"href":"https:\/\/acninternational.org\/de\/wp-json\/wp\/v2\/categories?post=228138"},{"taxonomy":"post_tag","embeddable":true,"href":"https:\/\/acninternational.org\/de\/wp-json\/wp\/v2\/tags?post=228138"},{"taxonomy":"country","embeddable":true,"href":"https:\/\/acninternational.org\/de\/wp-json\/wp\/v2\/country?post=228138"}],"curies":[{"name":"wp","href":"https:\/\/api.w.org\/{rel}","templated":true}]}}