{"id":222378,"date":"2024-08-19T09:52:32","date_gmt":"2024-08-19T07:52:32","guid":{"rendered":"https:\/\/acninternational.org\/?p=222378"},"modified":"2025-08-12T10:36:17","modified_gmt":"2025-08-12T08:36:17","slug":"ewelina-ochab-dieser-tag-kann-zur-aufklaerung-beitragen-aber-es-besteht-auch-handlungsbedarf","status":"publish","type":"post","link":"https:\/\/acninternational.org\/de\/ewelina-ochab-dieser-tag-kann-zur-aufklaerung-beitragen-aber-es-besteht-auch-handlungsbedarf\/","title":{"rendered":"Ewelina Ochab: \u201eDieser Tag kann zur Aufkl\u00e4rung beitragen, aber es besteht auch Handlungsbedarf\u201c"},"content":{"rendered":"<p><em>F\u00fcnfter \u201cInternationaler Tag zum Gedenken an die Opfer von Gewalttaten aus Gr\u00fcnden der Religion oder der Weltanschauung\u201d <\/em><\/p>\n<p>Am 22. August findet zum f\u00fcnften Mal der \u201eInternationale Tag zum Gedenken an die Opfer von Gewalttaten aus Gr\u00fcnden der Religion oder der Weltanschauung\u201c statt, der 2019 von der UN-Generalversammlung eingef\u00fchrt wurde. Im Gespr\u00e4ch mit Aid to the Church in Need (ACN) \u00e4u\u00dfert sich dazu Dr. Ewelina Ochab, die Anw\u00e4ltin und Menschenrechtsverteidigerin, die die Idee hatte und dabei half, die Unterst\u00fctzung der Staaten f\u00fcr die Einf\u00fchrung des internationalen Gedenktages zu gewinnen.<\/p>\n<figure id=\"attachment_222309\" aria-describedby=\"caption-attachment-222309\" style=\"width: 800px\" class=\"wp-caption aligncenter\"><img loading=\"lazy\" decoding=\"async\" class=\"wp-image-222309 size-large\" src=\"https:\/\/media.acninternational.org\/wp-content\/uploads\/2024\/08\/ACN-20171009-62435-1024x682.jpg\" alt=\"Ewelina Ochab w\u00e4hrend ihrer Rede auf der Konferenz \u201eZur\u00fcck zu den Wurzeln: Christen in der Ninive-Ebene\u201c im Jahr 2017\" width=\"800\" height=\"533\" srcset=\"https:\/\/media.acninternational.org\/wp-content\/uploads\/2024\/08\/ACN-20171009-62435-1024x682.jpg 1024w, https:\/\/media.acninternational.org\/wp-content\/uploads\/2024\/08\/ACN-20171009-62435-300x200.jpg 300w, https:\/\/media.acninternational.org\/wp-content\/uploads\/2024\/08\/ACN-20171009-62435-768x511.jpg 768w, https:\/\/media.acninternational.org\/wp-content\/uploads\/2024\/08\/ACN-20171009-62435.jpg 1080w\" sizes=\"auto, (max-width: 800px) 100vw, 800px\" \/><figcaption id=\"caption-attachment-222309\" class=\"wp-caption-text\">Ewelina Ochab w\u00e4hrend ihrer Rede auf der Konferenz \u201eZur\u00fcck zu den Wurzeln: Christen in der Ninive-Ebene\u201c im Jahr 2017<\/figcaption><\/figure>\n<p>Im September 2017 nahm Ochab an der von ACN in Rom organisierten internationalen Konferenz zum Wiederaufbau der vom Islamischen Staat (IS) zerst\u00f6rten christlichen D\u00f6rfer in der Ninive-Ebene im Irak teil. Bewegt durch Zeugenaussagen und als Reaktion auf die anhaltenden Gr\u00e4ueltaten des IS gegen religi\u00f6se Minderheiten in Syrien und im Irak, darunter Christen, Jesiden und andere, <a href=\"https:\/\/acninternational.org\/es\/persecucion-religiosa-nuestro-silencio-es-una-verguenza\/\" target=\"_blank\" rel=\"noopener\">ergriff Ochab noch im selben Jahr die Initiative<\/a>, um auf Verletzungen der Religionsfreiheit aufmerksam zu machen\u00a0 und die internationale Gemeinschaft zum Handeln aufzufordern: \u201eIch entwarf den urspr\u00fcnglichen Vorschlag und die Resolution und begann, die Unterst\u00fctzung der Staaten zu suchen, um sie in die Tat umzusetzen.\u201c<\/p>\n<p>Der Weg dorthin war m\u00fchsam und erforderte umfangreiche Recherchen und die Bildung von Koalitionen, um die erforderlichen Stimmen zu erhalten. Die polnische Anw\u00e4ltin hebt das Engagement von ACN hervor: \u201eDas Hilfswerk hat mich von Anfang an unterst\u00fctzt, auch bei der Kontaktaufnahme mit Staaten und Politikern und bei den Bem\u00fchungen, einen Konsens dar\u00fcber zu erzielen, dass dieses Anliegen wirklich notwendig ist\u201c.<\/p>\n<p>Die UN-Mitglieder USA, Kanada, Brasilien, \u00c4gypten, Irak, Jordanien, Nigeria und Pakistan waren die Hauptsponsoren, die die Resolution vor der Einreichung bei den Vereinten Nationen ausarbeiteten. \u201eAls wir an der Einf\u00fchrung dieses internationalen Tages arbeiteten, waren die Erinnerungen an die schrecklichen Gr\u00e4ueltaten gegen Jesiden, Christen und andere religi\u00f6se Minderheiten noch frisch in den K\u00f6pfen der Mitglieder der UN-Generalversammlung\u201c, erkl\u00e4rt Ochab. \u201e\u00c4hnliche Angriffe fanden auch in vielen anderen Teilen der Welt statt, wenn auch in anderer Form und in einem anderen Ausma\u00df. Es war klar, dass mehr getan werden musste, um sicherzustellen, dass wir \u00fcber das Thema nachdenken und uns auf die allgegenw\u00e4rtige Gewalt konzentrieren.\u201c<\/p>\n<figure id=\"attachment_222315\" aria-describedby=\"caption-attachment-222315\" style=\"width: 800px\" class=\"wp-caption aligncenter\"><img loading=\"lazy\" decoding=\"async\" class=\"wp-image-222315 size-large\" src=\"https:\/\/media.acninternational.org\/wp-content\/uploads\/2024\/08\/ACN-20171009-62433-1024x682.jpg\" alt=\"Die Konferenz zum Wiederaufbau der Ninive-Ebene wurde von ACN ausgerichtet\" width=\"800\" height=\"533\" srcset=\"https:\/\/media.acninternational.org\/wp-content\/uploads\/2024\/08\/ACN-20171009-62433-1024x682.jpg 1024w, https:\/\/media.acninternational.org\/wp-content\/uploads\/2024\/08\/ACN-20171009-62433-300x200.jpg 300w, https:\/\/media.acninternational.org\/wp-content\/uploads\/2024\/08\/ACN-20171009-62433-768x511.jpg 768w, https:\/\/media.acninternational.org\/wp-content\/uploads\/2024\/08\/ACN-20171009-62433.jpg 1080w\" sizes=\"auto, (max-width: 800px) 100vw, 800px\" \/><figcaption id=\"caption-attachment-222315\" class=\"wp-caption-text\">Die Konferenz zum Wiederaufbau der Ninive-Ebene wurde von ACN ausgerichtet<\/figcaption><\/figure>\n<p>Der Resolutionsentwurf wurde schlie\u00dflich von Dr. Ochabs Heimatland Polen bei der UN-Generalversammlung eingereicht. Am Ende unterst\u00fctzten mehr als 80 Mitgliedstaaten der UN-Generalversammlung den Vorschlag, einen internationalen Gedenktag einzuf\u00fchren und ihn auf den 22. August zu legen.<\/p>\n<p>Ochab betont, dass die UN-Generalversammlung mit diesem Gedenktag den Schmerz und das Leid der Opfer von Gewalt aufgrund ihrer Religion oder Weltanschauung anerkennt: \u201eSie sind nicht l\u00e4nger unsichtbare Opfer oder \u00dcberlebende. Dieser Tag geh\u00f6rt allen Opfern und \u00dcberlebenden von Gewalt aufgrund von Religion oder Weltanschauung \u2013 in Vergangenheit, Gegenwart und Zukunft. Mit diesem Tag wollen wir sie bef\u00e4higen, sich f\u00fcr den Wandel einzusetzen.\u201c<\/p>\n<p>F\u00fcnf Jahre sind seit der Einf\u00fchrung des Gedenktages vergangen, doch laut Ochab wurden noch nicht gen\u00fcgend konkrete Ma\u00dfnahmen ergriffen, um das Problem anzugehen: \u201eDie Situation hat sich nicht verbessert, und wir haben zu viele Beispiele f\u00fcr religi\u00f6s motivierte Gewalt. Von Darfur bis zur Demokratischen Republik Kongo, von Nigeria bis Kamerun, von Bergkarabach&#8230; und die Liste geht weiter\u201c. Ochab warnt: \u201eAuch im Irak verschlechtert sich heute, zehn Jahre nach den Gr\u00e4ueltaten des IS, die Lage der Minderheiten weiter und ihre Zukunft sieht d\u00fcster aus.\u201c<\/p>\n<p>Der <a href=\"https:\/\/acninternational.org\/religiousfreedomreport\/de\" target=\"_blank\" rel=\"noopener\">Bericht Religionsfreiheit weltweit<\/a>, eine ACN-Publikation, , die ihr 25-j\u00e4hriges Bestehen feiert, dokumentiert, dass die Gewalt aus religi\u00f6sen oder weltanschaulichen Gr\u00fcnden weltweit weiter zunimmt.\u00a0 Daher sollte, <a href=\"https:\/\/acninternational.org\/es\/un-paso-importante-al-que-deben-seguir-hechos\/\" target=\"_blank\" rel=\"noopener\">wie ACN nach der Er\u00f6ffnungsank\u00fcndigung der Vereinten Nationen feststellte<\/a>, \u00a0die Einf\u00fchrung eines Gedenktages am 22. August ein erster Schritt in einem Prozess sein, der darauf abzielt, einen international koordinierten Aktionsplan der Vereinten Nationen und der Mitgliedsstaaten zu entwickeln, um die Verfolgung aus religi\u00f6sen Gr\u00fcnden zu beenden.<\/p>\n<p>Ewelina Ochab stimmt dem zu und fordert, dass das Gedenken mit Taten einhergehen muss: \u201eDer internationale Tag selbst kann aufkl\u00e4ren, aber die Staaten m\u00fcssen mehr tun, um diese Art von Gewalt tats\u00e4chlich zu verhindern, und das wird nicht ohne konkrete Ma\u00dfnahmen geschehen.<\/p>\n<figure id=\"attachment_222321\" aria-describedby=\"caption-attachment-222321\" style=\"width: 800px\" class=\"wp-caption aligncenter\"><img loading=\"lazy\" decoding=\"async\" class=\"wp-image-222321 size-large\" src=\"https:\/\/media.acninternational.org\/wp-content\/uploads\/2024\/08\/ACN-20230629-148884-1024x666.jpg\" alt=\"Bericht von ACN zur Religionsfreiheit in der Welt\" width=\"800\" height=\"520\" srcset=\"https:\/\/media.acninternational.org\/wp-content\/uploads\/2024\/08\/ACN-20230629-148884-1024x666.jpg 1024w, https:\/\/media.acninternational.org\/wp-content\/uploads\/2024\/08\/ACN-20230629-148884-300x195.jpg 300w, https:\/\/media.acninternational.org\/wp-content\/uploads\/2024\/08\/ACN-20230629-148884-768x499.jpg 768w, https:\/\/media.acninternational.org\/wp-content\/uploads\/2024\/08\/ACN-20230629-148884.jpg 1080w\" sizes=\"auto, (max-width: 800px) 100vw, 800px\" \/><figcaption id=\"caption-attachment-222321\" class=\"wp-caption-text\">Bericht von ACN zur Religionsfreiheit in der Welt<\/figcaption><\/figure>\n<p>\u201c Sie f\u00e4hrt fort: \u201eWir m\u00fcssen \u00fcber starke Mechanismen zur Erkennung von Fr\u00fchwarnzeichen und Risikofaktoren sowie umfassende Reaktionsstrategien verf\u00fcgen; wir m\u00fcssen sicherstellen, dass alle diese Verbrechen untersucht und strafrechtlich verfolgt werden und dass Opfer und \u00dcberlebende die Hilfe erhalten, die sie brauchen. F\u00fcnf Jahre sp\u00e4ter sind in dieser Richtung nur sehr geringe Fortschritte zu verzeichnen. Wir brauchen einen Aktionsplan mit klaren Zielen und Fristen, und wir m\u00fcssen ihn Schritt f\u00fcr Schritt umsetzen, ohne Ausreden.\u201c<\/p>\n<p>&nbsp;<\/p>\n","protected":false},"excerpt":{"rendered":"<p>Quinto aniversario del \u201cD\u00eda Internacional en Conmemoraci\u00f3n de las V\u00edctimas de Actos de Violencia Basados en la Religi\u00f3n o las<\/p>\n","protected":false},"author":4258341451,"featured_media":222303,"comment_status":"closed","ping_status":"closed","sticky":false,"template":"","format":"standard","meta":{"_acf_changed":false,"_acn_coauthor_ids":[],"footnotes":""},"categories":[954],"tags":[],"country":[1323],"class_list":["post-222378","post","type-post","status-publish","format-standard","has-post-thumbnail","hentry","category-news-de","country-rom"],"acn_coauthors":[],"acf":[],"yoast_head":"<!-- This site is optimized with the Yoast SEO Premium plugin v27.3 (Yoast SEO v27.3) - https:\/\/yoast.com\/product\/yoast-seo-premium-wordpress\/ -->\n<title>Ewelina Ochab: \u201eDieser Tag kann zur Aufkl\u00e4rung beitragen, aber es besteht auch Handlungsbedarf\u201c | ACN International<\/title>\n<meta name=\"robots\" content=\"index, follow, max-snippet:-1, max-image-preview:large, max-video-preview:-1\" \/>\n<link rel=\"canonical\" href=\"https:\/\/acninternational.org\/de\/ewelina-ochab-dieser-tag-kann-zur-aufklaerung-beitragen-aber-es-besteht-auch-handlungsbedarf\/\" \/>\n<meta property=\"og:locale\" content=\"de_DE\" \/>\n<meta property=\"og:type\" content=\"article\" \/>\n<meta property=\"og:title\" content=\"Ewelina Ochab: \u201eDieser Tag kann zur Aufkl\u00e4rung beitragen, aber es besteht auch Handlungsbedarf\u201c\" \/>\n<meta property=\"og:description\" content=\"Quinto aniversario del \u201cD\u00eda Internacional en Conmemoraci\u00f3n de las V\u00edctimas de Actos de Violencia Basados en la Religi\u00f3n o las\" \/>\n<meta property=\"og:url\" content=\"https:\/\/acninternational.org\/de\/ewelina-ochab-dieser-tag-kann-zur-aufklaerung-beitragen-aber-es-besteht-auch-handlungsbedarf\/\" \/>\n<meta property=\"og:site_name\" content=\"ACN International\" \/>\n<meta property=\"article:publisher\" content=\"https:\/\/www.facebook.com\/acninternationalorg\" \/>\n<meta property=\"article:published_time\" content=\"2024-08-19T07:52:32+00:00\" \/>\n<meta property=\"article:modified_time\" content=\"2025-08-12T08:36:17+00:00\" \/>\n<meta property=\"og:image\" content=\"https:\/\/media.acninternational.org\/wp-content\/uploads\/2024\/08\/ACN-20221124-136713.jpg\" \/>\n\t<meta property=\"og:image:width\" content=\"1920\" \/>\n\t<meta property=\"og:image:height\" content=\"700\" \/>\n\t<meta property=\"og:image:type\" content=\"image\/jpeg\" \/>\n<meta name=\"author\" content=\"Marta Petrosillo\" \/>\n<meta name=\"twitter:card\" content=\"summary_large_image\" \/>\n<meta name=\"twitter:creator\" content=\"@acn_int\" \/>\n<meta name=\"twitter:site\" content=\"@acn_int\" \/>\n<meta name=\"twitter:label1\" content=\"Verfasst von\" \/>\n\t<meta name=\"twitter:data1\" content=\"Marta Petrosillo\" \/>\n\t<meta name=\"twitter:label2\" content=\"Gesch\u00e4tzte Lesezeit\" \/>\n\t<meta name=\"twitter:data2\" content=\"5\u00a0Minuten\" \/>\n<script type=\"application\/ld+json\" class=\"yoast-schema-graph\">{\"@context\":\"https:\\\/\\\/schema.org\",\"@graph\":[{\"@type\":\"Article\",\"@id\":\"https:\\\/\\\/acninternational.org\\\/de\\\/ewelina-ochab-dieser-tag-kann-zur-aufklaerung-beitragen-aber-es-besteht-auch-handlungsbedarf\\\/#article\",\"isPartOf\":{\"@id\":\"https:\\\/\\\/acninternational.org\\\/de\\\/ewelina-ochab-dieser-tag-kann-zur-aufklaerung-beitragen-aber-es-besteht-auch-handlungsbedarf\\\/\"},\"author\":{\"name\":\"Marta Petrosillo\",\"@id\":\"https:\\\/\\\/acninternational.org\\\/de\\\/#\\\/schema\\\/person\\\/732e41f42fcb057b510cbca07f0e8740\"},\"headline\":\"Ewelina Ochab: \u201eDieser Tag kann zur Aufkl\u00e4rung beitragen, aber es besteht auch Handlungsbedarf\u201c\",\"datePublished\":\"2024-08-19T07:52:32+00:00\",\"dateModified\":\"2025-08-12T08:36:17+00:00\",\"mainEntityOfPage\":{\"@id\":\"https:\\\/\\\/acninternational.org\\\/de\\\/ewelina-ochab-dieser-tag-kann-zur-aufklaerung-beitragen-aber-es-besteht-auch-handlungsbedarf\\\/\"},\"wordCount\":850,\"publisher\":{\"@id\":\"https:\\\/\\\/acninternational.org\\\/de\\\/#organization\"},\"image\":{\"@id\":\"https:\\\/\\\/acninternational.org\\\/de\\\/ewelina-ochab-dieser-tag-kann-zur-aufklaerung-beitragen-aber-es-besteht-auch-handlungsbedarf\\\/#primaryimage\"},\"thumbnailUrl\":\"https:\\\/\\\/media.acninternational.org\\\/wp-content\\\/uploads\\\/2024\\\/08\\\/ACN-20221124-136713.jpg\",\"articleSection\":[\"Nachricht\"],\"inLanguage\":\"de\"},{\"@type\":\"WebPage\",\"@id\":\"https:\\\/\\\/acninternational.org\\\/de\\\/ewelina-ochab-dieser-tag-kann-zur-aufklaerung-beitragen-aber-es-besteht-auch-handlungsbedarf\\\/\",\"url\":\"https:\\\/\\\/acninternational.org\\\/de\\\/ewelina-ochab-dieser-tag-kann-zur-aufklaerung-beitragen-aber-es-besteht-auch-handlungsbedarf\\\/\",\"name\":\"Ewelina Ochab: \u201eDieser Tag kann zur Aufkl\u00e4rung beitragen, aber es besteht auch Handlungsbedarf\u201c | ACN International\",\"isPartOf\":{\"@id\":\"https:\\\/\\\/acninternational.org\\\/de\\\/#website\"},\"primaryImageOfPage\":{\"@id\":\"https:\\\/\\\/acninternational.org\\\/de\\\/ewelina-ochab-dieser-tag-kann-zur-aufklaerung-beitragen-aber-es-besteht-auch-handlungsbedarf\\\/#primaryimage\"},\"image\":{\"@id\":\"https:\\\/\\\/acninternational.org\\\/de\\\/ewelina-ochab-dieser-tag-kann-zur-aufklaerung-beitragen-aber-es-besteht-auch-handlungsbedarf\\\/#primaryimage\"},\"thumbnailUrl\":\"https:\\\/\\\/media.acninternational.org\\\/wp-content\\\/uploads\\\/2024\\\/08\\\/ACN-20221124-136713.jpg\",\"datePublished\":\"2024-08-19T07:52:32+00:00\",\"dateModified\":\"2025-08-12T08:36:17+00:00\",\"breadcrumb\":{\"@id\":\"https:\\\/\\\/acninternational.org\\\/de\\\/ewelina-ochab-dieser-tag-kann-zur-aufklaerung-beitragen-aber-es-besteht-auch-handlungsbedarf\\\/#breadcrumb\"},\"inLanguage\":\"de\",\"potentialAction\":[{\"@type\":\"ReadAction\",\"target\":[\"https:\\\/\\\/acninternational.org\\\/de\\\/ewelina-ochab-dieser-tag-kann-zur-aufklaerung-beitragen-aber-es-besteht-auch-handlungsbedarf\\\/\"]}]},{\"@type\":\"ImageObject\",\"inLanguage\":\"de\",\"@id\":\"https:\\\/\\\/acninternational.org\\\/de\\\/ewelina-ochab-dieser-tag-kann-zur-aufklaerung-beitragen-aber-es-besteht-auch-handlungsbedarf\\\/#primaryimage\",\"url\":\"https:\\\/\\\/media.acninternational.org\\\/wp-content\\\/uploads\\\/2024\\\/08\\\/ACN-20221124-136713.jpg\",\"contentUrl\":\"https:\\\/\\\/media.acninternational.org\\\/wp-content\\\/uploads\\\/2024\\\/08\\\/ACN-20221124-136713.jpg\",\"width\":1920,\"height\":700},{\"@type\":\"BreadcrumbList\",\"@id\":\"https:\\\/\\\/acninternational.org\\\/de\\\/ewelina-ochab-dieser-tag-kann-zur-aufklaerung-beitragen-aber-es-besteht-auch-handlungsbedarf\\\/#breadcrumb\",\"itemListElement\":[{\"@type\":\"ListItem\",\"position\":1,\"name\":\"Home\",\"item\":\"https:\\\/\\\/acninternational.org\\\/de\\\/\"},{\"@type\":\"ListItem\",\"position\":2,\"name\":\"Nachricht\",\"item\":\"https:\\\/\\\/acninternational.org\\\/de\\\/category\\\/news-de\\\/\"},{\"@type\":\"ListItem\",\"position\":3,\"name\":\"Ewelina Ochab: \u201eDieser Tag kann zur Aufkl\u00e4rung beitragen, aber es besteht auch Handlungsbedarf\u201c\"}]},{\"@type\":\"WebSite\",\"@id\":\"https:\\\/\\\/acninternational.org\\\/de\\\/#website\",\"url\":\"https:\\\/\\\/acninternational.org\\\/de\\\/\",\"name\":\"ACN International\",\"description\":\"\",\"publisher\":{\"@id\":\"https:\\\/\\\/acninternational.org\\\/de\\\/#organization\"},\"potentialAction\":[{\"@type\":\"SearchAction\",\"target\":{\"@type\":\"EntryPoint\",\"urlTemplate\":\"https:\\\/\\\/acninternational.org\\\/de\\\/?s={search_term_string}\"},\"query-input\":{\"@type\":\"PropertyValueSpecification\",\"valueRequired\":true,\"valueName\":\"search_term_string\"}}],\"inLanguage\":\"de\"},{\"@type\":\"Organization\",\"@id\":\"https:\\\/\\\/acninternational.org\\\/de\\\/#organization\",\"name\":\"Aid to the Church in Need International\",\"url\":\"https:\\\/\\\/acninternational.org\\\/de\\\/\",\"logo\":{\"@type\":\"ImageObject\",\"inLanguage\":\"de\",\"@id\":\"https:\\\/\\\/acninternational.org\\\/de\\\/#\\\/schema\\\/logo\\\/image\\\/\",\"url\":\"https:\\\/\\\/media.acninternational.org\\\/wp-content\\\/uploads\\\/2019\\\/11\\\/acn_logo_blackvector.svg\",\"contentUrl\":\"https:\\\/\\\/media.acninternational.org\\\/wp-content\\\/uploads\\\/2019\\\/11\\\/acn_logo_blackvector.svg\",\"width\":232.6,\"height\":78,\"caption\":\"Aid to the Church in Need International\"},\"image\":{\"@id\":\"https:\\\/\\\/acninternational.org\\\/de\\\/#\\\/schema\\\/logo\\\/image\\\/\"},\"sameAs\":[\"https:\\\/\\\/www.facebook.com\\\/acninternationalorg\",\"https:\\\/\\\/x.com\\\/acn_int\",\"https:\\\/\\\/www.youtube.com\\\/channel\\\/UCQ-077gS0TnVzkhHmf1opZw\",\"https:\\\/\\\/www.instagram.com\\\/acn_international\\\/\"]},{\"@type\":\"Person\",\"@id\":\"https:\\\/\\\/acninternational.org\\\/de\\\/#\\\/schema\\\/person\\\/732e41f42fcb057b510cbca07f0e8740\",\"name\":\"Marta Petrosillo\",\"description\":\"Lorem ipsum dolor sit amet, consectetur adipiscing elit, sed do eiusmod tempor incididunt ut labore et dolore magna aliqua. Ut enim ad minim veniam, quis nostrud exercitation ullamco laboris nisi ut aliquip ex ea commodo consequat.\",\"url\":\"https:\\\/\\\/acninternational.org\\\/de\\\/author\\\/marta-petrosillo\\\/\"}]}<\/script>\n<!-- \/ Yoast SEO Premium plugin. -->","yoast_head_json":{"title":"Ewelina Ochab: \u201eDieser Tag kann zur Aufkl\u00e4rung beitragen, aber es besteht auch Handlungsbedarf\u201c | ACN International","robots":{"index":"index","follow":"follow","max-snippet":"max-snippet:-1","max-image-preview":"max-image-preview:large","max-video-preview":"max-video-preview:-1"},"canonical":"https:\/\/acninternational.org\/de\/ewelina-ochab-dieser-tag-kann-zur-aufklaerung-beitragen-aber-es-besteht-auch-handlungsbedarf\/","og_locale":"de_DE","og_type":"article","og_title":"Ewelina Ochab: \u201eDieser Tag kann zur Aufkl\u00e4rung beitragen, aber es besteht auch Handlungsbedarf\u201c","og_description":"Quinto aniversario del \u201cD\u00eda Internacional en Conmemoraci\u00f3n de las V\u00edctimas de Actos de Violencia Basados en la Religi\u00f3n o las","og_url":"https:\/\/acninternational.org\/de\/ewelina-ochab-dieser-tag-kann-zur-aufklaerung-beitragen-aber-es-besteht-auch-handlungsbedarf\/","og_site_name":"ACN International","article_publisher":"https:\/\/www.facebook.com\/acninternationalorg","article_published_time":"2024-08-19T07:52:32+00:00","article_modified_time":"2025-08-12T08:36:17+00:00","og_image":[{"width":1920,"height":700,"url":"https:\/\/media.acninternational.org\/wp-content\/uploads\/2024\/08\/ACN-20221124-136713.jpg","type":"image\/jpeg"}],"author":"Marta Petrosillo","twitter_card":"summary_large_image","twitter_creator":"@acn_int","twitter_site":"@acn_int","twitter_misc":{"Verfasst von":"Marta Petrosillo","Gesch\u00e4tzte Lesezeit":"5\u00a0Minuten"},"schema":{"@context":"https:\/\/schema.org","@graph":[{"@type":"Article","@id":"https:\/\/acninternational.org\/de\/ewelina-ochab-dieser-tag-kann-zur-aufklaerung-beitragen-aber-es-besteht-auch-handlungsbedarf\/#article","isPartOf":{"@id":"https:\/\/acninternational.org\/de\/ewelina-ochab-dieser-tag-kann-zur-aufklaerung-beitragen-aber-es-besteht-auch-handlungsbedarf\/"},"author":{"name":"Marta Petrosillo","@id":"https:\/\/acninternational.org\/de\/#\/schema\/person\/732e41f42fcb057b510cbca07f0e8740"},"headline":"Ewelina Ochab: \u201eDieser Tag kann zur Aufkl\u00e4rung beitragen, aber es besteht auch Handlungsbedarf\u201c","datePublished":"2024-08-19T07:52:32+00:00","dateModified":"2025-08-12T08:36:17+00:00","mainEntityOfPage":{"@id":"https:\/\/acninternational.org\/de\/ewelina-ochab-dieser-tag-kann-zur-aufklaerung-beitragen-aber-es-besteht-auch-handlungsbedarf\/"},"wordCount":850,"publisher":{"@id":"https:\/\/acninternational.org\/de\/#organization"},"image":{"@id":"https:\/\/acninternational.org\/de\/ewelina-ochab-dieser-tag-kann-zur-aufklaerung-beitragen-aber-es-besteht-auch-handlungsbedarf\/#primaryimage"},"thumbnailUrl":"https:\/\/media.acninternational.org\/wp-content\/uploads\/2024\/08\/ACN-20221124-136713.jpg","articleSection":["Nachricht"],"inLanguage":"de"},{"@type":"WebPage","@id":"https:\/\/acninternational.org\/de\/ewelina-ochab-dieser-tag-kann-zur-aufklaerung-beitragen-aber-es-besteht-auch-handlungsbedarf\/","url":"https:\/\/acninternational.org\/de\/ewelina-ochab-dieser-tag-kann-zur-aufklaerung-beitragen-aber-es-besteht-auch-handlungsbedarf\/","name":"Ewelina Ochab: \u201eDieser Tag kann zur Aufkl\u00e4rung beitragen, aber es besteht auch Handlungsbedarf\u201c | ACN International","isPartOf":{"@id":"https:\/\/acninternational.org\/de\/#website"},"primaryImageOfPage":{"@id":"https:\/\/acninternational.org\/de\/ewelina-ochab-dieser-tag-kann-zur-aufklaerung-beitragen-aber-es-besteht-auch-handlungsbedarf\/#primaryimage"},"image":{"@id":"https:\/\/acninternational.org\/de\/ewelina-ochab-dieser-tag-kann-zur-aufklaerung-beitragen-aber-es-besteht-auch-handlungsbedarf\/#primaryimage"},"thumbnailUrl":"https:\/\/media.acninternational.org\/wp-content\/uploads\/2024\/08\/ACN-20221124-136713.jpg","datePublished":"2024-08-19T07:52:32+00:00","dateModified":"2025-08-12T08:36:17+00:00","breadcrumb":{"@id":"https:\/\/acninternational.org\/de\/ewelina-ochab-dieser-tag-kann-zur-aufklaerung-beitragen-aber-es-besteht-auch-handlungsbedarf\/#breadcrumb"},"inLanguage":"de","potentialAction":[{"@type":"ReadAction","target":["https:\/\/acninternational.org\/de\/ewelina-ochab-dieser-tag-kann-zur-aufklaerung-beitragen-aber-es-besteht-auch-handlungsbedarf\/"]}]},{"@type":"ImageObject","inLanguage":"de","@id":"https:\/\/acninternational.org\/de\/ewelina-ochab-dieser-tag-kann-zur-aufklaerung-beitragen-aber-es-besteht-auch-handlungsbedarf\/#primaryimage","url":"https:\/\/media.acninternational.org\/wp-content\/uploads\/2024\/08\/ACN-20221124-136713.jpg","contentUrl":"https:\/\/media.acninternational.org\/wp-content\/uploads\/2024\/08\/ACN-20221124-136713.jpg","width":1920,"height":700},{"@type":"BreadcrumbList","@id":"https:\/\/acninternational.org\/de\/ewelina-ochab-dieser-tag-kann-zur-aufklaerung-beitragen-aber-es-besteht-auch-handlungsbedarf\/#breadcrumb","itemListElement":[{"@type":"ListItem","position":1,"name":"Home","item":"https:\/\/acninternational.org\/de\/"},{"@type":"ListItem","position":2,"name":"Nachricht","item":"https:\/\/acninternational.org\/de\/category\/news-de\/"},{"@type":"ListItem","position":3,"name":"Ewelina Ochab: \u201eDieser Tag kann zur Aufkl\u00e4rung beitragen, aber es besteht auch Handlungsbedarf\u201c"}]},{"@type":"WebSite","@id":"https:\/\/acninternational.org\/de\/#website","url":"https:\/\/acninternational.org\/de\/","name":"ACN International","description":"","publisher":{"@id":"https:\/\/acninternational.org\/de\/#organization"},"potentialAction":[{"@type":"SearchAction","target":{"@type":"EntryPoint","urlTemplate":"https:\/\/acninternational.org\/de\/?s={search_term_string}"},"query-input":{"@type":"PropertyValueSpecification","valueRequired":true,"valueName":"search_term_string"}}],"inLanguage":"de"},{"@type":"Organization","@id":"https:\/\/acninternational.org\/de\/#organization","name":"Aid to the Church in Need International","url":"https:\/\/acninternational.org\/de\/","logo":{"@type":"ImageObject","inLanguage":"de","@id":"https:\/\/acninternational.org\/de\/#\/schema\/logo\/image\/","url":"https:\/\/media.acninternational.org\/wp-content\/uploads\/2019\/11\/acn_logo_blackvector.svg","contentUrl":"https:\/\/media.acninternational.org\/wp-content\/uploads\/2019\/11\/acn_logo_blackvector.svg","width":232.6,"height":78,"caption":"Aid to the Church in Need International"},"image":{"@id":"https:\/\/acninternational.org\/de\/#\/schema\/logo\/image\/"},"sameAs":["https:\/\/www.facebook.com\/acninternationalorg","https:\/\/x.com\/acn_int","https:\/\/www.youtube.com\/channel\/UCQ-077gS0TnVzkhHmf1opZw","https:\/\/www.instagram.com\/acn_international\/"]},{"@type":"Person","@id":"https:\/\/acninternational.org\/de\/#\/schema\/person\/732e41f42fcb057b510cbca07f0e8740","name":"Marta Petrosillo","description":"Lorem ipsum dolor sit amet, consectetur adipiscing elit, sed do eiusmod tempor incididunt ut labore et dolore magna aliqua. Ut enim ad minim veniam, quis nostrud exercitation ullamco laboris nisi ut aliquip ex ea commodo consequat.","url":"https:\/\/acninternational.org\/de\/author\/marta-petrosillo\/"}]}},"_links":{"self":[{"href":"https:\/\/acninternational.org\/de\/wp-json\/wp\/v2\/posts\/222378","targetHints":{"allow":["GET"]}}],"collection":[{"href":"https:\/\/acninternational.org\/de\/wp-json\/wp\/v2\/posts"}],"about":[{"href":"https:\/\/acninternational.org\/de\/wp-json\/wp\/v2\/types\/post"}],"author":[{"embeddable":true,"href":"https:\/\/acninternational.org\/de\/wp-json\/wp\/v2\/users\/4258341451"}],"replies":[{"embeddable":true,"href":"https:\/\/acninternational.org\/de\/wp-json\/wp\/v2\/comments?post=222378"}],"version-history":[{"count":1,"href":"https:\/\/acninternational.org\/de\/wp-json\/wp\/v2\/posts\/222378\/revisions"}],"predecessor-version":[{"id":245521,"href":"https:\/\/acninternational.org\/de\/wp-json\/wp\/v2\/posts\/222378\/revisions\/245521"}],"wp:featuredmedia":[{"embeddable":true,"href":"https:\/\/acninternational.org\/de\/wp-json\/wp\/v2\/media\/222303"}],"wp:attachment":[{"href":"https:\/\/acninternational.org\/de\/wp-json\/wp\/v2\/media?parent=222378"}],"wp:term":[{"taxonomy":"category","embeddable":true,"href":"https:\/\/acninternational.org\/de\/wp-json\/wp\/v2\/categories?post=222378"},{"taxonomy":"post_tag","embeddable":true,"href":"https:\/\/acninternational.org\/de\/wp-json\/wp\/v2\/tags?post=222378"},{"taxonomy":"country","embeddable":true,"href":"https:\/\/acninternational.org\/de\/wp-json\/wp\/v2\/country?post=222378"}],"curies":[{"name":"wp","href":"https:\/\/api.w.org\/{rel}","templated":true}]}}