{"id":208633,"date":"2024-06-03T17:14:57","date_gmt":"2024-06-03T15:14:57","guid":{"rendered":"https:\/\/acninternational.org\/?p=208633"},"modified":"2025-08-12T10:43:27","modified_gmt":"2025-08-12T08:43:27","slug":"pakistan-bischof-fordert-die-internationale-gemeinschaft-zum-handeln-auf-um-missbrauch-des-blasphemie-gesetzes-zu-stoppen","status":"publish","type":"post","link":"https:\/\/acninternational.org\/de\/pakistan-bischof-fordert-die-internationale-gemeinschaft-zum-handeln-auf-um-missbrauch-des-blasphemie-gesetzes-zu-stoppen\/","title":{"rendered":"Pakistan: Bischof fordert die internationale Gemeinschaft zum Handeln auf, um Missbrauch des Blasphemie-Gesetzes zu stoppen"},"content":{"rendered":"<p style=\"font-weight: 400;\"><em>Der Vorsitzende der pakistanischen Bischofskonferenz hat in einem eindringlichen Appell die Weltm\u00e4chte aufgefordert, gemeinsam Duck auf die Beh\u00f6rden seines Landes auszu\u00fcben, um das Leben verfolgter religi\u00f6ser Minderheiten zu sch\u00fctzen, die zunehmend durch den eklatanten Missbrauch der ber\u00fcchtigten Blasphemiegesetze des Landes bedroht sind.<\/em><\/p>\n<p style=\"font-weight: 400;\">Bishop Samson Shukardin, Vorsitzender der katholischen Bischofskonferenz in Pakistan, betonte, dass sich Christen und andere bedr\u00e4ngte Minderheiten in ihrem eigenen Land nie sicher f\u00fchlen werden, wenn nicht Gesetze erlassen w\u00fcrden, die falsche Blasphemievorw\u00fcrfe unter Strafe stellen. Die \u00c4u\u00dferungen des Bischofs folgen der Nachricht vom Montag, 3. Juni, dass Nazir Gill Masih, ein \u00fcber 70-j\u00e4hriger Christ aus Sargodha, zehn Tage nach einem Angriff durch einen Mob im Krankenhaus gestorben sei. Der Angriff erfolgte nach zweifelhaften Blasphemievorw\u00fcrfen gegen ihn.<\/p>\n<figure id=\"attachment_208569\" aria-describedby=\"caption-attachment-208569\" style=\"width: 800px\" class=\"wp-caption aligncenter\"><img loading=\"lazy\" decoding=\"async\" class=\"wp-image-208569 size-large\" src=\"https:\/\/media.acninternational.org\/wp-content\/uploads\/2024\/06\/ACN-20230814-151245-1024x1015.jpg\" alt=\"Bischof Samson Shukardin von Hyderabad, Pakistan\" width=\"800\" height=\"793\" srcset=\"https:\/\/media.acninternational.org\/wp-content\/uploads\/2024\/06\/ACN-20230814-151245-1024x1015.jpg 1024w, https:\/\/media.acninternational.org\/wp-content\/uploads\/2024\/06\/ACN-20230814-151245-300x298.jpg 300w, https:\/\/media.acninternational.org\/wp-content\/uploads\/2024\/06\/ACN-20230814-151245-150x150.jpg 150w, https:\/\/media.acninternational.org\/wp-content\/uploads\/2024\/06\/ACN-20230814-151245-768x762.jpg 768w, https:\/\/media.acninternational.org\/wp-content\/uploads\/2024\/06\/ACN-20230814-151245.jpg 1080w\" sizes=\"auto, (max-width: 800px) 100vw, 800px\" \/><figcaption id=\"caption-attachment-208569\" class=\"wp-caption-text\">Bischof Samson Shukardin von Hyderabad, Pakistan<\/figcaption><\/figure>\n<p style=\"font-weight: 400;\">Bischof Shukardin erkl\u00e4rte, solche Vorf\u00e4lle w\u00fcrden zunehmen, wenn die pakistanischen Beh\u00f6rden nicht gegen jene vorgingen, die falsche Anschuldigungen erheben. Die Beh\u00f6rden m\u00fcssten ebenfalls den Mob daran hindern, Selbstjustiz auszu\u00fcben und die Opfer, ihre Familien und Nachbarn zu terrorisieren.<\/p>\n<p style=\"font-weight: 400;\">In einem Interview mit dem katholischen Hilfswerk Aid to the Church in Need (ACN), das verfolgte Christen unterst\u00fctzt, sagte Bischof Shukardin: \u201eEs ist sehr wichtig, dass Gesetze erlassen werden, aufgrund derer diejenigen, die Menschen zu Unrecht der Blasphemie beschuldigen, zu Strafen \u2013 auch Haftstrafen \u2013 verurteilt werden.\u201c<\/p>\n<p style=\"font-weight: 400;\">Er hob hervor, dass die meisten Christen in Pakistan Analphabeten seien und daher kaum vors\u00e4tzliche Blasphemie im Sinne von Art. 295B des Strafgesetzbuches begehen w\u00fcrden, welches eine lebenslange Haftstrafe f\u00fcr die Sch\u00e4ndung des Korans vorsieht. Der Bischof von Hyderabad ist auch Vorsitzender der Nationalen Kommission f\u00fcr Gerechtigkeit und Frieden, einer Organisation, die sich f\u00fcr die Unterdr\u00fcckten der Kirche einsetzt. In dem Interview warf er den pakistanischen Beh\u00f6rden vor, den Opfern der Gewaltwelle gegen Christen im Distrikt Jaranwala im Punjab vom vergangenen August keine Gerechtigkeit widerfahren zu lassen. Auch dieser Vorfall war durch falsche Blasphemievorw\u00fcrfe ausgel\u00f6st worden.<\/p>\n<p style=\"font-weight: 400;\">Bischof Shukardin warnte, dass die vermeintliche Unt\u00e4tigkeit der Regierung weitere Menschen ermutige, die umstrittenen Gesetze gegen unschuldige Minderheiten einzusetzen. Er sagte gegen\u00fcber ACN: \u201eNach dem Vorfall in Jaranwala ist nichts geschehen, um Gerechtigkeit zu schaffen. Das ist eine Katastrophe. Es ist nicht gut f\u00fcr die Minderheiten. Solange die Regierung keine ernsthaften Gesetze zum Schutz der Minderheiten erl\u00e4sst, insbesondere der Christen, die die gr\u00f6\u00dfte Minderheit im Punjab darstellen, wird die Lage in Bezug auf den Missbrauch der Blasphemiegesetze nur noch schlimmer werden. Wir fordern nichts, was gegen das Land Pakistan gerichtet ist. Wir bitten lediglich um den Schutz unseres Lebens und des Lebens unserer Familien.\u201c<\/p>\n<p style=\"font-weight: 400;\">Er f\u00fcgte hinzu: \u201eWir brauchen Gerechtigkeit und Sicherheit f\u00fcr unsere Minderheiten und all jene, die aufgrund ihrer Religion oder aus anderen Gr\u00fcnden, die die Menschenw\u00fcrde verletzen, schlecht behandelt werden.\u201c Nur ausl\u00e4ndischer Druck k\u00f6nne Pakistan zum Handeln zwingen: \u201eEs ist Druck aus dem Ausland erforderlich \u2013 von Regierung zu Regierung.\u201c<\/p>\n<p style=\"font-weight: 400;\">Der Bischof erkl\u00e4rte gegen\u00fcber ACN: \u201eDie Verfolgung wird immer schlimmer. Es gibt gravierende Vorf\u00e4lle wie im August in Jaranwala und Ende Mai in Sargodha, aber es gibt noch viel mehr kleinere Vorf\u00e4lle. Die Lage ist alarmierend.\u00a0 Wenn man sieht, wie viele Vorf\u00e4lle sich ereignet haben, wird einem klar, dass sie von Tag zu Tag zunehmen.\u201c<\/p>\n<p style=\"font-weight: 400;\">Er betonte, dass nur eine Minderheit der Muslime in Pakistan feindlich gegen Minderheiten eingestellt seien, und hob hervor, dass die Zahl der Erkl\u00e4rungen auf YouTube oder im Fernsehen, in denen die antichristlichen Anschl\u00e4ge vom 25. und 26. Mai in Sargodha verurteilt wurden, beispiellos sei.<\/p>\n<p>&nbsp;<\/p>\n","protected":false},"excerpt":{"rendered":"<p>Der Vorsitzende der pakistanischen Bischofskonferenz hat in einem eindringlichen Appell die Weltm\u00e4chte aufgefordert, gemeinsam Duck auf die Beh\u00f6rden<\/p>\n","protected":false},"author":4258341389,"featured_media":208577,"comment_status":"closed","ping_status":"closed","sticky":false,"template":"","format":"standard","meta":{"_acf_changed":false,"_acn_coauthor_ids":[],"footnotes":""},"categories":[954],"tags":[],"country":[104],"class_list":["post-208633","post","type-post","status-publish","format-standard","has-post-thumbnail","hentry","category-news-de","country-pakistan"],"acn_coauthors":[],"acf":[],"yoast_head":"<!-- This site is optimized with the Yoast SEO Premium plugin v27.3 (Yoast SEO v27.3) - https:\/\/yoast.com\/product\/yoast-seo-premium-wordpress\/ -->\n<title>Pakistan: Bischof fordert die internationale Gemeinschaft zum Handeln auf, um Missbrauch des Blasphemie-Gesetzes zu stoppen | ACN International<\/title>\n<meta name=\"robots\" content=\"index, follow, max-snippet:-1, max-image-preview:large, max-video-preview:-1\" \/>\n<link rel=\"canonical\" href=\"https:\/\/acninternational.org\/de\/pakistan-bischof-fordert-die-internationale-gemeinschaft-zum-handeln-auf-um-missbrauch-des-blasphemie-gesetzes-zu-stoppen\/\" \/>\n<meta property=\"og:locale\" content=\"de_DE\" \/>\n<meta property=\"og:type\" content=\"article\" \/>\n<meta property=\"og:title\" content=\"Pakistan: Bischof fordert die internationale Gemeinschaft zum Handeln auf, um Missbrauch des Blasphemie-Gesetzes zu stoppen\" \/>\n<meta property=\"og:description\" content=\"Der Vorsitzende der pakistanischen Bischofskonferenz hat in einem eindringlichen Appell die Weltm\u00e4chte aufgefordert, gemeinsam Duck auf die Beh\u00f6rden\" \/>\n<meta property=\"og:url\" content=\"https:\/\/acninternational.org\/de\/pakistan-bischof-fordert-die-internationale-gemeinschaft-zum-handeln-auf-um-missbrauch-des-blasphemie-gesetzes-zu-stoppen\/\" \/>\n<meta property=\"og:site_name\" content=\"ACN International\" \/>\n<meta property=\"article:publisher\" content=\"https:\/\/www.facebook.com\/acninternationalorg\" \/>\n<meta property=\"article:published_time\" content=\"2024-06-03T15:14:57+00:00\" \/>\n<meta property=\"article:modified_time\" content=\"2025-08-12T08:43:27+00:00\" \/>\n<meta property=\"og:image\" content=\"https:\/\/media.acninternational.org\/wp-content\/uploads\/2024\/06\/ACN-20230505-145500.jpg\" \/>\n\t<meta property=\"og:image:width\" content=\"1920\" \/>\n\t<meta property=\"og:image:height\" content=\"700\" \/>\n\t<meta property=\"og:image:type\" content=\"image\/jpeg\" \/>\n<meta name=\"author\" content=\"John Pontifex\" \/>\n<meta name=\"twitter:card\" content=\"summary_large_image\" \/>\n<meta name=\"twitter:creator\" content=\"@acn_int\" \/>\n<meta name=\"twitter:site\" content=\"@acn_int\" \/>\n<meta name=\"twitter:label1\" content=\"Verfasst von\" \/>\n\t<meta name=\"twitter:data1\" content=\"John Pontifex\" \/>\n\t<meta name=\"twitter:label2\" content=\"Gesch\u00e4tzte Lesezeit\" \/>\n\t<meta name=\"twitter:data2\" content=\"3\u00a0Minuten\" \/>\n<script type=\"application\/ld+json\" class=\"yoast-schema-graph\">{\"@context\":\"https:\\\/\\\/schema.org\",\"@graph\":[{\"@type\":\"Article\",\"@id\":\"https:\\\/\\\/acninternational.org\\\/de\\\/pakistan-bischof-fordert-die-internationale-gemeinschaft-zum-handeln-auf-um-missbrauch-des-blasphemie-gesetzes-zu-stoppen\\\/#article\",\"isPartOf\":{\"@id\":\"https:\\\/\\\/acninternational.org\\\/de\\\/pakistan-bischof-fordert-die-internationale-gemeinschaft-zum-handeln-auf-um-missbrauch-des-blasphemie-gesetzes-zu-stoppen\\\/\"},\"author\":{\"name\":\"John Pontifex\",\"@id\":\"https:\\\/\\\/acninternational.org\\\/de\\\/#\\\/schema\\\/person\\\/1ea5fac944712be031870cc7267c325f\"},\"headline\":\"Pakistan: Bischof fordert die internationale Gemeinschaft zum Handeln auf, um Missbrauch des Blasphemie-Gesetzes zu stoppen\",\"datePublished\":\"2024-06-03T15:14:57+00:00\",\"dateModified\":\"2025-08-12T08:43:27+00:00\",\"mainEntityOfPage\":{\"@id\":\"https:\\\/\\\/acninternational.org\\\/de\\\/pakistan-bischof-fordert-die-internationale-gemeinschaft-zum-handeln-auf-um-missbrauch-des-blasphemie-gesetzes-zu-stoppen\\\/\"},\"wordCount\":624,\"publisher\":{\"@id\":\"https:\\\/\\\/acninternational.org\\\/de\\\/#organization\"},\"image\":{\"@id\":\"https:\\\/\\\/acninternational.org\\\/de\\\/pakistan-bischof-fordert-die-internationale-gemeinschaft-zum-handeln-auf-um-missbrauch-des-blasphemie-gesetzes-zu-stoppen\\\/#primaryimage\"},\"thumbnailUrl\":\"https:\\\/\\\/media.acninternational.org\\\/wp-content\\\/uploads\\\/2024\\\/06\\\/ACN-20230505-145500.jpg\",\"articleSection\":[\"Nachricht\"],\"inLanguage\":\"de\"},{\"@type\":\"WebPage\",\"@id\":\"https:\\\/\\\/acninternational.org\\\/de\\\/pakistan-bischof-fordert-die-internationale-gemeinschaft-zum-handeln-auf-um-missbrauch-des-blasphemie-gesetzes-zu-stoppen\\\/\",\"url\":\"https:\\\/\\\/acninternational.org\\\/de\\\/pakistan-bischof-fordert-die-internationale-gemeinschaft-zum-handeln-auf-um-missbrauch-des-blasphemie-gesetzes-zu-stoppen\\\/\",\"name\":\"Pakistan: Bischof fordert die internationale Gemeinschaft zum Handeln auf, um Missbrauch des Blasphemie-Gesetzes zu stoppen | ACN International\",\"isPartOf\":{\"@id\":\"https:\\\/\\\/acninternational.org\\\/de\\\/#website\"},\"primaryImageOfPage\":{\"@id\":\"https:\\\/\\\/acninternational.org\\\/de\\\/pakistan-bischof-fordert-die-internationale-gemeinschaft-zum-handeln-auf-um-missbrauch-des-blasphemie-gesetzes-zu-stoppen\\\/#primaryimage\"},\"image\":{\"@id\":\"https:\\\/\\\/acninternational.org\\\/de\\\/pakistan-bischof-fordert-die-internationale-gemeinschaft-zum-handeln-auf-um-missbrauch-des-blasphemie-gesetzes-zu-stoppen\\\/#primaryimage\"},\"thumbnailUrl\":\"https:\\\/\\\/media.acninternational.org\\\/wp-content\\\/uploads\\\/2024\\\/06\\\/ACN-20230505-145500.jpg\",\"datePublished\":\"2024-06-03T15:14:57+00:00\",\"dateModified\":\"2025-08-12T08:43:27+00:00\",\"breadcrumb\":{\"@id\":\"https:\\\/\\\/acninternational.org\\\/de\\\/pakistan-bischof-fordert-die-internationale-gemeinschaft-zum-handeln-auf-um-missbrauch-des-blasphemie-gesetzes-zu-stoppen\\\/#breadcrumb\"},\"inLanguage\":\"de\",\"potentialAction\":[{\"@type\":\"ReadAction\",\"target\":[\"https:\\\/\\\/acninternational.org\\\/de\\\/pakistan-bischof-fordert-die-internationale-gemeinschaft-zum-handeln-auf-um-missbrauch-des-blasphemie-gesetzes-zu-stoppen\\\/\"]}]},{\"@type\":\"ImageObject\",\"inLanguage\":\"de\",\"@id\":\"https:\\\/\\\/acninternational.org\\\/de\\\/pakistan-bischof-fordert-die-internationale-gemeinschaft-zum-handeln-auf-um-missbrauch-des-blasphemie-gesetzes-zu-stoppen\\\/#primaryimage\",\"url\":\"https:\\\/\\\/media.acninternational.org\\\/wp-content\\\/uploads\\\/2024\\\/06\\\/ACN-20230505-145500.jpg\",\"contentUrl\":\"https:\\\/\\\/media.acninternational.org\\\/wp-content\\\/uploads\\\/2024\\\/06\\\/ACN-20230505-145500.jpg\",\"width\":1920,\"height\":700},{\"@type\":\"BreadcrumbList\",\"@id\":\"https:\\\/\\\/acninternational.org\\\/de\\\/pakistan-bischof-fordert-die-internationale-gemeinschaft-zum-handeln-auf-um-missbrauch-des-blasphemie-gesetzes-zu-stoppen\\\/#breadcrumb\",\"itemListElement\":[{\"@type\":\"ListItem\",\"position\":1,\"name\":\"Home\",\"item\":\"https:\\\/\\\/acninternational.org\\\/de\\\/\"},{\"@type\":\"ListItem\",\"position\":2,\"name\":\"Nachricht\",\"item\":\"https:\\\/\\\/acninternational.org\\\/de\\\/category\\\/news-de\\\/\"},{\"@type\":\"ListItem\",\"position\":3,\"name\":\"Pakistan: Bischof fordert die internationale Gemeinschaft zum Handeln auf, um Missbrauch des Blasphemie-Gesetzes zu stoppen\"}]},{\"@type\":\"WebSite\",\"@id\":\"https:\\\/\\\/acninternational.org\\\/de\\\/#website\",\"url\":\"https:\\\/\\\/acninternational.org\\\/de\\\/\",\"name\":\"ACN International\",\"description\":\"\",\"publisher\":{\"@id\":\"https:\\\/\\\/acninternational.org\\\/de\\\/#organization\"},\"potentialAction\":[{\"@type\":\"SearchAction\",\"target\":{\"@type\":\"EntryPoint\",\"urlTemplate\":\"https:\\\/\\\/acninternational.org\\\/de\\\/?s={search_term_string}\"},\"query-input\":{\"@type\":\"PropertyValueSpecification\",\"valueRequired\":true,\"valueName\":\"search_term_string\"}}],\"inLanguage\":\"de\"},{\"@type\":\"Organization\",\"@id\":\"https:\\\/\\\/acninternational.org\\\/de\\\/#organization\",\"name\":\"Aid to the Church in Need International\",\"url\":\"https:\\\/\\\/acninternational.org\\\/de\\\/\",\"logo\":{\"@type\":\"ImageObject\",\"inLanguage\":\"de\",\"@id\":\"https:\\\/\\\/acninternational.org\\\/de\\\/#\\\/schema\\\/logo\\\/image\\\/\",\"url\":\"https:\\\/\\\/media.acninternational.org\\\/wp-content\\\/uploads\\\/2019\\\/11\\\/acn_logo_blackvector.svg\",\"contentUrl\":\"https:\\\/\\\/media.acninternational.org\\\/wp-content\\\/uploads\\\/2019\\\/11\\\/acn_logo_blackvector.svg\",\"width\":232.6,\"height\":78,\"caption\":\"Aid to the Church in Need International\"},\"image\":{\"@id\":\"https:\\\/\\\/acninternational.org\\\/de\\\/#\\\/schema\\\/logo\\\/image\\\/\"},\"sameAs\":[\"https:\\\/\\\/www.facebook.com\\\/acninternationalorg\",\"https:\\\/\\\/x.com\\\/acn_int\",\"https:\\\/\\\/www.youtube.com\\\/channel\\\/UCQ-077gS0TnVzkhHmf1opZw\",\"https:\\\/\\\/www.instagram.com\\\/acn_international\\\/\"]},{\"@type\":\"Person\",\"@id\":\"https:\\\/\\\/acninternational.org\\\/de\\\/#\\\/schema\\\/person\\\/1ea5fac944712be031870cc7267c325f\",\"name\":\"John Pontifex\",\"description\":\"Lorem ipsum dolor sit amet, consectetur adipiscing elit, sed do eiusmod tempor incididunt ut labore et dolore magna aliqua. Ut enim ad minim veniam, quis nostrud exercitation ullamco laboris nisi ut aliquip ex ea commodo consequat.\",\"url\":\"https:\\\/\\\/acninternational.org\\\/de\\\/author\\\/john-pontifex\\\/\"}]}<\/script>\n<!-- \/ Yoast SEO Premium plugin. -->","yoast_head_json":{"title":"Pakistan: Bischof fordert die internationale Gemeinschaft zum Handeln auf, um Missbrauch des Blasphemie-Gesetzes zu stoppen | ACN International","robots":{"index":"index","follow":"follow","max-snippet":"max-snippet:-1","max-image-preview":"max-image-preview:large","max-video-preview":"max-video-preview:-1"},"canonical":"https:\/\/acninternational.org\/de\/pakistan-bischof-fordert-die-internationale-gemeinschaft-zum-handeln-auf-um-missbrauch-des-blasphemie-gesetzes-zu-stoppen\/","og_locale":"de_DE","og_type":"article","og_title":"Pakistan: Bischof fordert die internationale Gemeinschaft zum Handeln auf, um Missbrauch des Blasphemie-Gesetzes zu stoppen","og_description":"Der Vorsitzende der pakistanischen Bischofskonferenz hat in einem eindringlichen Appell die Weltm\u00e4chte aufgefordert, gemeinsam Duck auf die Beh\u00f6rden","og_url":"https:\/\/acninternational.org\/de\/pakistan-bischof-fordert-die-internationale-gemeinschaft-zum-handeln-auf-um-missbrauch-des-blasphemie-gesetzes-zu-stoppen\/","og_site_name":"ACN International","article_publisher":"https:\/\/www.facebook.com\/acninternationalorg","article_published_time":"2024-06-03T15:14:57+00:00","article_modified_time":"2025-08-12T08:43:27+00:00","og_image":[{"width":1920,"height":700,"url":"https:\/\/media.acninternational.org\/wp-content\/uploads\/2024\/06\/ACN-20230505-145500.jpg","type":"image\/jpeg"}],"author":"John Pontifex","twitter_card":"summary_large_image","twitter_creator":"@acn_int","twitter_site":"@acn_int","twitter_misc":{"Verfasst von":"John Pontifex","Gesch\u00e4tzte Lesezeit":"3\u00a0Minuten"},"schema":{"@context":"https:\/\/schema.org","@graph":[{"@type":"Article","@id":"https:\/\/acninternational.org\/de\/pakistan-bischof-fordert-die-internationale-gemeinschaft-zum-handeln-auf-um-missbrauch-des-blasphemie-gesetzes-zu-stoppen\/#article","isPartOf":{"@id":"https:\/\/acninternational.org\/de\/pakistan-bischof-fordert-die-internationale-gemeinschaft-zum-handeln-auf-um-missbrauch-des-blasphemie-gesetzes-zu-stoppen\/"},"author":{"name":"John Pontifex","@id":"https:\/\/acninternational.org\/de\/#\/schema\/person\/1ea5fac944712be031870cc7267c325f"},"headline":"Pakistan: Bischof fordert die internationale Gemeinschaft zum Handeln auf, um Missbrauch des Blasphemie-Gesetzes zu stoppen","datePublished":"2024-06-03T15:14:57+00:00","dateModified":"2025-08-12T08:43:27+00:00","mainEntityOfPage":{"@id":"https:\/\/acninternational.org\/de\/pakistan-bischof-fordert-die-internationale-gemeinschaft-zum-handeln-auf-um-missbrauch-des-blasphemie-gesetzes-zu-stoppen\/"},"wordCount":624,"publisher":{"@id":"https:\/\/acninternational.org\/de\/#organization"},"image":{"@id":"https:\/\/acninternational.org\/de\/pakistan-bischof-fordert-die-internationale-gemeinschaft-zum-handeln-auf-um-missbrauch-des-blasphemie-gesetzes-zu-stoppen\/#primaryimage"},"thumbnailUrl":"https:\/\/media.acninternational.org\/wp-content\/uploads\/2024\/06\/ACN-20230505-145500.jpg","articleSection":["Nachricht"],"inLanguage":"de"},{"@type":"WebPage","@id":"https:\/\/acninternational.org\/de\/pakistan-bischof-fordert-die-internationale-gemeinschaft-zum-handeln-auf-um-missbrauch-des-blasphemie-gesetzes-zu-stoppen\/","url":"https:\/\/acninternational.org\/de\/pakistan-bischof-fordert-die-internationale-gemeinschaft-zum-handeln-auf-um-missbrauch-des-blasphemie-gesetzes-zu-stoppen\/","name":"Pakistan: Bischof fordert die internationale Gemeinschaft zum Handeln auf, um Missbrauch des Blasphemie-Gesetzes zu stoppen | ACN International","isPartOf":{"@id":"https:\/\/acninternational.org\/de\/#website"},"primaryImageOfPage":{"@id":"https:\/\/acninternational.org\/de\/pakistan-bischof-fordert-die-internationale-gemeinschaft-zum-handeln-auf-um-missbrauch-des-blasphemie-gesetzes-zu-stoppen\/#primaryimage"},"image":{"@id":"https:\/\/acninternational.org\/de\/pakistan-bischof-fordert-die-internationale-gemeinschaft-zum-handeln-auf-um-missbrauch-des-blasphemie-gesetzes-zu-stoppen\/#primaryimage"},"thumbnailUrl":"https:\/\/media.acninternational.org\/wp-content\/uploads\/2024\/06\/ACN-20230505-145500.jpg","datePublished":"2024-06-03T15:14:57+00:00","dateModified":"2025-08-12T08:43:27+00:00","breadcrumb":{"@id":"https:\/\/acninternational.org\/de\/pakistan-bischof-fordert-die-internationale-gemeinschaft-zum-handeln-auf-um-missbrauch-des-blasphemie-gesetzes-zu-stoppen\/#breadcrumb"},"inLanguage":"de","potentialAction":[{"@type":"ReadAction","target":["https:\/\/acninternational.org\/de\/pakistan-bischof-fordert-die-internationale-gemeinschaft-zum-handeln-auf-um-missbrauch-des-blasphemie-gesetzes-zu-stoppen\/"]}]},{"@type":"ImageObject","inLanguage":"de","@id":"https:\/\/acninternational.org\/de\/pakistan-bischof-fordert-die-internationale-gemeinschaft-zum-handeln-auf-um-missbrauch-des-blasphemie-gesetzes-zu-stoppen\/#primaryimage","url":"https:\/\/media.acninternational.org\/wp-content\/uploads\/2024\/06\/ACN-20230505-145500.jpg","contentUrl":"https:\/\/media.acninternational.org\/wp-content\/uploads\/2024\/06\/ACN-20230505-145500.jpg","width":1920,"height":700},{"@type":"BreadcrumbList","@id":"https:\/\/acninternational.org\/de\/pakistan-bischof-fordert-die-internationale-gemeinschaft-zum-handeln-auf-um-missbrauch-des-blasphemie-gesetzes-zu-stoppen\/#breadcrumb","itemListElement":[{"@type":"ListItem","position":1,"name":"Home","item":"https:\/\/acninternational.org\/de\/"},{"@type":"ListItem","position":2,"name":"Nachricht","item":"https:\/\/acninternational.org\/de\/category\/news-de\/"},{"@type":"ListItem","position":3,"name":"Pakistan: Bischof fordert die internationale Gemeinschaft zum Handeln auf, um Missbrauch des Blasphemie-Gesetzes zu stoppen"}]},{"@type":"WebSite","@id":"https:\/\/acninternational.org\/de\/#website","url":"https:\/\/acninternational.org\/de\/","name":"ACN International","description":"","publisher":{"@id":"https:\/\/acninternational.org\/de\/#organization"},"potentialAction":[{"@type":"SearchAction","target":{"@type":"EntryPoint","urlTemplate":"https:\/\/acninternational.org\/de\/?s={search_term_string}"},"query-input":{"@type":"PropertyValueSpecification","valueRequired":true,"valueName":"search_term_string"}}],"inLanguage":"de"},{"@type":"Organization","@id":"https:\/\/acninternational.org\/de\/#organization","name":"Aid to the Church in Need International","url":"https:\/\/acninternational.org\/de\/","logo":{"@type":"ImageObject","inLanguage":"de","@id":"https:\/\/acninternational.org\/de\/#\/schema\/logo\/image\/","url":"https:\/\/media.acninternational.org\/wp-content\/uploads\/2019\/11\/acn_logo_blackvector.svg","contentUrl":"https:\/\/media.acninternational.org\/wp-content\/uploads\/2019\/11\/acn_logo_blackvector.svg","width":232.6,"height":78,"caption":"Aid to the Church in Need International"},"image":{"@id":"https:\/\/acninternational.org\/de\/#\/schema\/logo\/image\/"},"sameAs":["https:\/\/www.facebook.com\/acninternationalorg","https:\/\/x.com\/acn_int","https:\/\/www.youtube.com\/channel\/UCQ-077gS0TnVzkhHmf1opZw","https:\/\/www.instagram.com\/acn_international\/"]},{"@type":"Person","@id":"https:\/\/acninternational.org\/de\/#\/schema\/person\/1ea5fac944712be031870cc7267c325f","name":"John Pontifex","description":"Lorem ipsum dolor sit amet, consectetur adipiscing elit, sed do eiusmod tempor incididunt ut labore et dolore magna aliqua. Ut enim ad minim veniam, quis nostrud exercitation ullamco laboris nisi ut aliquip ex ea commodo consequat.","url":"https:\/\/acninternational.org\/de\/author\/john-pontifex\/"}]}},"_links":{"self":[{"href":"https:\/\/acninternational.org\/de\/wp-json\/wp\/v2\/posts\/208633","targetHints":{"allow":["GET"]}}],"collection":[{"href":"https:\/\/acninternational.org\/de\/wp-json\/wp\/v2\/posts"}],"about":[{"href":"https:\/\/acninternational.org\/de\/wp-json\/wp\/v2\/types\/post"}],"author":[{"embeddable":true,"href":"https:\/\/acninternational.org\/de\/wp-json\/wp\/v2\/users\/4258341389"}],"replies":[{"embeddable":true,"href":"https:\/\/acninternational.org\/de\/wp-json\/wp\/v2\/comments?post=208633"}],"version-history":[{"count":1,"href":"https:\/\/acninternational.org\/de\/wp-json\/wp\/v2\/posts\/208633\/revisions"}],"predecessor-version":[{"id":245666,"href":"https:\/\/acninternational.org\/de\/wp-json\/wp\/v2\/posts\/208633\/revisions\/245666"}],"wp:featuredmedia":[{"embeddable":true,"href":"https:\/\/acninternational.org\/de\/wp-json\/wp\/v2\/media\/208577"}],"wp:attachment":[{"href":"https:\/\/acninternational.org\/de\/wp-json\/wp\/v2\/media?parent=208633"}],"wp:term":[{"taxonomy":"category","embeddable":true,"href":"https:\/\/acninternational.org\/de\/wp-json\/wp\/v2\/categories?post=208633"},{"taxonomy":"post_tag","embeddable":true,"href":"https:\/\/acninternational.org\/de\/wp-json\/wp\/v2\/tags?post=208633"},{"taxonomy":"country","embeddable":true,"href":"https:\/\/acninternational.org\/de\/wp-json\/wp\/v2\/country?post=208633"}],"curies":[{"name":"wp","href":"https:\/\/api.w.org\/{rel}","templated":true}]}}