{"id":206126,"date":"2024-05-08T14:22:37","date_gmt":"2024-05-08T12:22:37","guid":{"rendered":"https:\/\/acninternational.org\/?p=206126"},"modified":"2024-05-08T14:22:41","modified_gmt":"2024-05-08T12:22:41","slug":"kolumbien-ein-gemeinsamer-weg-zum-himmel","status":"publish","type":"post","link":"https:\/\/acninternational.org\/de\/kolumbien-ein-gemeinsamer-weg-zum-himmel\/","title":{"rendered":"Kolumbien: Ein gemeinsamer Weg zum Himmel"},"content":{"rendered":"<p><em>Ein junger Priester spricht \u00fcber die Herausforderungen und Freuden, die es mit sich bringt, die Sakramente in die abgelegensten Gemeinden im kolumbianischen Amazonasgebiet zu bringen<\/em><em>. <\/em><\/p>\n<p>Jonathas Fernandes ist erst 33 Jahre alt, aber er hat bereits einen beeindruckenden Lebenslauf als Missionar vorzuweisen. Schon als Kind f\u00fchlte er sich in seinem Heimatland Brasilien zum Priestertum berufen: \u201eIch f\u00fchlte mich zur Abgeschiedenheit, zur Armut und zur Mission hingezogen.\u201c <em>\u00a0<\/em>W\u00e4hrend einer Berufungserfahrung entdeckte er das Apostolische Vikariat von Mit\u00fa im kolumbianischen Amazonasgebiet an der Grenze zu Brasilien. Er ist erst seit sechs Jahren Priester, aber er lebt seit neun Jahren in Mit\u00fa, wo er seine Ausbildung abschloss und zum Priester geweiht wurde.<\/p>\n<figure id=\"attachment_206121\" aria-describedby=\"caption-attachment-206121\" style=\"width: 800px\" class=\"wp-caption aligncenter\"><img loading=\"lazy\" decoding=\"async\" class=\"wp-image-206121 size-large\" src=\"https:\/\/media.acninternational.org\/wp-content\/uploads\/2024\/05\/ACN-20240318-162074-1024x768.jpg\" alt=\"Pater Jonathas Fernandes im Apostolischen Vikariat von Mit\u00fa\" width=\"800\" height=\"600\" srcset=\"https:\/\/media.acninternational.org\/wp-content\/uploads\/2024\/05\/ACN-20240318-162074-1024x768.jpg 1024w, https:\/\/media.acninternational.org\/wp-content\/uploads\/2024\/05\/ACN-20240318-162074-300x225.jpg 300w, https:\/\/media.acninternational.org\/wp-content\/uploads\/2024\/05\/ACN-20240318-162074-768x576.jpg 768w, https:\/\/media.acninternational.org\/wp-content\/uploads\/2024\/05\/ACN-20240318-162074.jpg 1080w\" sizes=\"auto, (max-width: 800px) 100vw, 800px\" \/><figcaption id=\"caption-attachment-206121\" class=\"wp-caption-text\">Pater Jonathas Fernandes im Apostolischen Vikariat von Mit\u00fa<\/figcaption><\/figure>\n<p>Mit\u00fa ist ein rauer Ort, der selbst den meisten Kolumbianern unbekannt ist. Er ist von dichtem Wald bedeckt und wird von tropischen Krankheiten, Schlangen und anderen giftigen Tieren heimgesucht, zudem befinden sich dort gef\u00e4hrliche Fl\u00fcsse und Wasserf\u00e4lle. Doch trotz all dieser Herausforderungen ist die Kirche seit einem Jahrhundert in dieser Region pr\u00e4sent.<\/p>\n<p>Die Pfarrei Unserer Lieben Frau von Fatima ist sein bisher l\u00e4ngstes Aufgabengebiet; bald wird er in die Pfarrei Unserer Lieben Frau vom Berge Karmel wechseln. In seiner Pfarrei ist Pfarrer Jonathas fast v\u00f6llig vom Rest der Welt abgeschnitten: Er verbringt oft Monate, ohne mit der Au\u00dfenwelt in Kontakt treten zu k\u00f6nnen. Alle sechs Monate reist er zum Hauptsitz des Vikariats, um Vorr\u00e4te, Treibstoff f\u00fcr sein Boot und alles, was f\u00fcr die liturgischen Feiern ben\u00f6tigt wird, wie Hostien, Bibeln und andere katechetische Materialien, zu holen. Diese Strecke kann jedoch nur mit einem einmotorigen Flugzeug mit einer maximalen Transportkapazit\u00e4t von 500 Kilo, einschlie\u00dflich Pilot und Passagieren, zur\u00fcckgelegt werden. \u201eIch muss meinen Verbrauch an Treibstoff und Vorr\u00e4ten genau im Auge behalten, sonst k\u00f6nnten sie ausgehen\u201c, erkl\u00e4rt er gegen\u00fcber Aid to the Church in Need (ACN).<\/p>\n<p>Die Besuche in den verschiedenen Gemeinden sind eine weitere Herausforderung. \u201eEs gibt hier 16 Gemeinden, von denen jede etwa vier Stunden mit dem Boot entfernt ist. Aber es gibt auch eine, die sieben Tage mit dem Boot entfernt ist.\u201c Aufgrund der Entfernungen kann Pfarrer Jonathas einige Gemeinden nur alle ein bis zwei Jahre besuchen. Wenn er zu den Gemeinden kommt, muss er manchmal 10 Taufen an einem einzigen Tag durchf\u00fchren, weil er es einfach nicht \u00f6fter schafft, wiederzukommen.<\/p>\n<figure id=\"attachment_206115\" aria-describedby=\"caption-attachment-206115\" style=\"width: 800px\" class=\"wp-caption aligncenter\"><img loading=\"lazy\" decoding=\"async\" class=\"wp-image-206115 size-large\" src=\"https:\/\/media.acninternational.org\/wp-content\/uploads\/2024\/05\/ACN-20240506-164393-1-1024x576.jpg\" alt=\"Pater Jonatas Fernandes de Souza, w\u00e4hrend eines Treffens der Geistlichen dieses Vikariats mit dem Bischof und dem ACN-Projektausschuss.\" width=\"800\" height=\"450\" srcset=\"https:\/\/media.acninternational.org\/wp-content\/uploads\/2024\/05\/ACN-20240506-164393-1-1024x576.jpg 1024w, https:\/\/media.acninternational.org\/wp-content\/uploads\/2024\/05\/ACN-20240506-164393-1-300x169.jpg 300w, https:\/\/media.acninternational.org\/wp-content\/uploads\/2024\/05\/ACN-20240506-164393-1-768x432.jpg 768w, https:\/\/media.acninternational.org\/wp-content\/uploads\/2024\/05\/ACN-20240506-164393-1.jpg 1080w\" sizes=\"auto, (max-width: 800px) 100vw, 800px\" \/><figcaption id=\"caption-attachment-206115\" class=\"wp-caption-text\">Pater Jonatas Fernandes de Souza, w\u00e4hrend eines Treffens der Geistlichen dieses Vikariats mit dem Bischof und dem ACN-Projektausschuss.<\/figcaption><\/figure>\n<p>In der Region Mit\u00fa leben 26 indigene Gruppen, jede mit ihrer eigenen Sprache und Tradition. Praktisch alle Gemeinschaften sind in irgendeiner Weise mit dem Katholizismus in Ber\u00fchrung gekommen, aber selbst diejenigen, die nicht getauft sind, empfangen die Missionare, die sie besuchen, freundlich. Pfarrer Jonathas erkl\u00e4rt: \u201eIn den achtziger und neunziger Jahren, als wir noch nicht viele Missionare hatten \u2013 eigentlich haben wir immer noch nicht genug \u2013 haben sich andere christliche Konfessionen wie die Protestanten hier niedergelassen.\u201c<\/p>\n<p>Bei seinen Besuchen hat er festgestellt, dass es trotz der unterschiedlichen ethnischen Gruppen einige gemeinsame W\u00f6rter gibt, wie zum Beispiel <em>pa\u00ed<\/em>, mit dem die Menschen dort die Priester bezeichnen. \u201e<em>Pa\u00ed<\/em> bedeutet \u201akleiner Gott\u2018 \u2013 so nennen sie uns liebevoll\u201c, erkl\u00e4rt er. Diese Liebe zum Priester werde jedes Mal deutlich, wenn ein Kind getauft wird, denn viele Menschen warteten auf den Priester, bevor sie ihre Kinder taufen lassen.<\/p>\n<p>Jonathas erz\u00e4hlt, dass er oft gefragt werde, warum er dort bleibe, vor allem, wenn er monatelang von der Au\u00dfenwelt abgeschnitten sei, entweder weil es in der Gegend kein Internet gebe oder weil f\u00fcr lange Zeit der Strom ausfalle. Seine Antwort ist einfach: \u201eDie Freude dr\u00fcber, dass ein Bruder nach langem Warten getauft wird oder dass ein Bruder an der Katechese teilnimmt oder die Erstkommunion empf\u00e4ngt &#8230; Das ist wie ein gemeinsamer Weg zum Himmel! Und das entfacht eine Freude, die man nicht erkl\u00e4ren kann.\u201c<\/p>\n<figure id=\"attachment_206109\" aria-describedby=\"caption-attachment-206109\" style=\"width: 800px\" class=\"wp-caption aligncenter\"><img loading=\"lazy\" decoding=\"async\" class=\"wp-image-206109 size-large\" src=\"https:\/\/media.acninternational.org\/wp-content\/uploads\/2024\/05\/ACN-20240318-162066-1-1024x768.jpg\" alt=\"Besuch von abgelegenen Gemeinden im kolumbianischen Amazonasgebiet mit Pater Jonathas\" width=\"800\" height=\"600\" srcset=\"https:\/\/media.acninternational.org\/wp-content\/uploads\/2024\/05\/ACN-20240318-162066-1-1024x768.jpg 1024w, https:\/\/media.acninternational.org\/wp-content\/uploads\/2024\/05\/ACN-20240318-162066-1-300x225.jpg 300w, https:\/\/media.acninternational.org\/wp-content\/uploads\/2024\/05\/ACN-20240318-162066-1-768x576.jpg 768w, https:\/\/media.acninternational.org\/wp-content\/uploads\/2024\/05\/ACN-20240318-162066-1.jpg 1080w\" sizes=\"auto, (max-width: 800px) 100vw, 800px\" \/><figcaption id=\"caption-attachment-206109\" class=\"wp-caption-text\">Besuch von abgelegenen Gemeinden im kolumbianischen Amazonasgebiet mit Pater Jonathas<\/figcaption><\/figure>\n<p>Pater Jonathas\u2018 Glaubensabenteuer w\u00e4re ohne Unterst\u00fctzung von au\u00dfen nicht m\u00f6glich. Daher ist er, wie viele andere Missionare im Amazonasgebiet, sehr dankbar f\u00fcr die Unterst\u00fctzung, die er von ACN erh\u00e4lt. \u201eAlle Hilfe, die wir hier erhalten, kommt von au\u00dfen, von Menschen, die die Mission im Amazonas-Dschungel unterst\u00fctzen wollen. Diese Hilfe erm\u00f6glicht es uns, neue Katecheten auszubilden, die den Glauben der Menschen st\u00e4rken, wenn der Priester nicht da ist. Die Hilfe, die wir von den Wohlt\u00e4tern von ACN erhalten, ist entscheidend, um die Mission hier in Mit\u00fa am Leben zu erhalten!\u201c<\/p>\n<p>Das Leben von Pfarrer Jonathas als Missionar im Amazonasgebiet ist wie ein Fluss, mit seinen ruhigen Abschnitten und seinen gef\u00e4hrlichen Str\u00f6mungen, mit seiner Sch\u00f6nheit und seinen Herausforderungen. Jeden Tag dankt er daf\u00fcr, dass er noch nie in schwere Gefahr geraten ist: \u201eWir m\u00fcssen Wasserf\u00e4lle \u00fcberwinden und das Boot \u00fcber Felsen ziehen, wenn das Wasser zu flach ist. Andere hatten nicht so viel Gl\u00fcck und gerieten durch das Kentern ihrer Boote in Lebensgefahr.\u201c<\/p>\n<p>Nun begibt sich der junge Priester auf eine neue Mission \u2013 die Pfarrei Unserer Lieben Frau vom Karmel, ebenfalls in Mit\u00fa \u2013 die \u201enur\u201c vier Bootsstunden vom Hauptsitz des Vikariats entfernt ist und wo neue Freuden und Herausforderungen auf ihn warten.<\/p>\n<p>&nbsp;<\/p>\n<p>Von <strong>Rodrigo<\/strong> <strong>Arantes<\/strong>.<\/p>\n","protected":false},"excerpt":{"rendered":"<p>Ein junger Priester spricht \u00fcber die Herausforderungen und Freuden, die es mit sich bringt, die Sakramente in die abgelegensten Gemeinden<\/p>\n","protected":false},"author":4258341447,"featured_media":206091,"comment_status":"closed","ping_status":"closed","sticky":false,"template":"","format":"standard","meta":{"_acf_changed":false,"_acn_coauthor_ids":[],"footnotes":""},"categories":[968],"tags":[],"country":[1309],"class_list":["post-206126","post","type-post","status-publish","format-standard","has-post-thumbnail","hentry","category-featured-de","country-kolumbien"],"acn_coauthors":[],"acf":[],"yoast_head":"<!-- This site is optimized with the Yoast SEO Premium plugin v27.3 (Yoast SEO v27.3) - https:\/\/yoast.com\/product\/yoast-seo-premium-wordpress\/ -->\n<title>Kolumbien: Ein gemeinsamer Weg zum Himmel | ACN International<\/title>\n<meta name=\"robots\" content=\"index, follow, max-snippet:-1, max-image-preview:large, max-video-preview:-1\" \/>\n<link rel=\"canonical\" href=\"https:\/\/acninternational.org\/de\/kolumbien-ein-gemeinsamer-weg-zum-himmel\/\" \/>\n<meta property=\"og:locale\" content=\"de_DE\" \/>\n<meta property=\"og:type\" content=\"article\" \/>\n<meta property=\"og:title\" content=\"Kolumbien: Ein gemeinsamer Weg zum Himmel\" \/>\n<meta property=\"og:description\" content=\"Ein junger Priester spricht \u00fcber die Herausforderungen und Freuden, die es mit sich bringt, die Sakramente in die abgelegensten Gemeinden\" \/>\n<meta property=\"og:url\" content=\"https:\/\/acninternational.org\/de\/kolumbien-ein-gemeinsamer-weg-zum-himmel\/\" \/>\n<meta property=\"og:site_name\" content=\"ACN International\" \/>\n<meta property=\"article:publisher\" content=\"https:\/\/www.facebook.com\/acninternationalorg\" \/>\n<meta property=\"article:published_time\" content=\"2024-05-08T12:22:37+00:00\" \/>\n<meta property=\"article:modified_time\" content=\"2024-05-08T12:22:41+00:00\" \/>\n<meta property=\"og:image\" content=\"https:\/\/media.acninternational.org\/wp-content\/uploads\/2024\/05\/ACN-20240318-162064.jpg\" \/>\n\t<meta property=\"og:image:width\" content=\"1920\" \/>\n\t<meta property=\"og:image:height\" content=\"700\" \/>\n\t<meta property=\"og:image:type\" content=\"image\/jpeg\" \/>\n<meta name=\"author\" content=\"ACN Press Team\" \/>\n<meta name=\"twitter:card\" content=\"summary_large_image\" \/>\n<meta name=\"twitter:creator\" content=\"@acn_int\" \/>\n<meta name=\"twitter:site\" content=\"@acn_int\" \/>\n<meta name=\"twitter:label1\" content=\"Verfasst von\" \/>\n\t<meta name=\"twitter:data1\" content=\"ACN Press Team\" \/>\n\t<meta name=\"twitter:label2\" content=\"Gesch\u00e4tzte Lesezeit\" \/>\n\t<meta name=\"twitter:data2\" content=\"5\u00a0Minuten\" \/>\n<script type=\"application\/ld+json\" class=\"yoast-schema-graph\">{\"@context\":\"https:\\\/\\\/schema.org\",\"@graph\":[{\"@type\":\"Article\",\"@id\":\"https:\\\/\\\/acninternational.org\\\/de\\\/kolumbien-ein-gemeinsamer-weg-zum-himmel\\\/#article\",\"isPartOf\":{\"@id\":\"https:\\\/\\\/acninternational.org\\\/de\\\/kolumbien-ein-gemeinsamer-weg-zum-himmel\\\/\"},\"author\":{\"name\":\"ACN Press Team\",\"@id\":\"https:\\\/\\\/acninternational.org\\\/de\\\/#\\\/schema\\\/person\\\/7f3dafb236b242fb2aa46be1411fd703\"},\"headline\":\"Kolumbien: Ein gemeinsamer Weg zum Himmel\",\"datePublished\":\"2024-05-08T12:22:37+00:00\",\"dateModified\":\"2024-05-08T12:22:41+00:00\",\"mainEntityOfPage\":{\"@id\":\"https:\\\/\\\/acninternational.org\\\/de\\\/kolumbien-ein-gemeinsamer-weg-zum-himmel\\\/\"},\"wordCount\":910,\"publisher\":{\"@id\":\"https:\\\/\\\/acninternational.org\\\/de\\\/#organization\"},\"image\":{\"@id\":\"https:\\\/\\\/acninternational.org\\\/de\\\/kolumbien-ein-gemeinsamer-weg-zum-himmel\\\/#primaryimage\"},\"thumbnailUrl\":\"https:\\\/\\\/media.acninternational.org\\\/wp-content\\\/uploads\\\/2024\\\/05\\\/ACN-20240318-162064.jpg\",\"articleSection\":[\"FEATURED\"],\"inLanguage\":\"de\"},{\"@type\":\"WebPage\",\"@id\":\"https:\\\/\\\/acninternational.org\\\/de\\\/kolumbien-ein-gemeinsamer-weg-zum-himmel\\\/\",\"url\":\"https:\\\/\\\/acninternational.org\\\/de\\\/kolumbien-ein-gemeinsamer-weg-zum-himmel\\\/\",\"name\":\"Kolumbien: Ein gemeinsamer Weg zum Himmel | ACN International\",\"isPartOf\":{\"@id\":\"https:\\\/\\\/acninternational.org\\\/de\\\/#website\"},\"primaryImageOfPage\":{\"@id\":\"https:\\\/\\\/acninternational.org\\\/de\\\/kolumbien-ein-gemeinsamer-weg-zum-himmel\\\/#primaryimage\"},\"image\":{\"@id\":\"https:\\\/\\\/acninternational.org\\\/de\\\/kolumbien-ein-gemeinsamer-weg-zum-himmel\\\/#primaryimage\"},\"thumbnailUrl\":\"https:\\\/\\\/media.acninternational.org\\\/wp-content\\\/uploads\\\/2024\\\/05\\\/ACN-20240318-162064.jpg\",\"datePublished\":\"2024-05-08T12:22:37+00:00\",\"dateModified\":\"2024-05-08T12:22:41+00:00\",\"breadcrumb\":{\"@id\":\"https:\\\/\\\/acninternational.org\\\/de\\\/kolumbien-ein-gemeinsamer-weg-zum-himmel\\\/#breadcrumb\"},\"inLanguage\":\"de\",\"potentialAction\":[{\"@type\":\"ReadAction\",\"target\":[\"https:\\\/\\\/acninternational.org\\\/de\\\/kolumbien-ein-gemeinsamer-weg-zum-himmel\\\/\"]}]},{\"@type\":\"ImageObject\",\"inLanguage\":\"de\",\"@id\":\"https:\\\/\\\/acninternational.org\\\/de\\\/kolumbien-ein-gemeinsamer-weg-zum-himmel\\\/#primaryimage\",\"url\":\"https:\\\/\\\/media.acninternational.org\\\/wp-content\\\/uploads\\\/2024\\\/05\\\/ACN-20240318-162064.jpg\",\"contentUrl\":\"https:\\\/\\\/media.acninternational.org\\\/wp-content\\\/uploads\\\/2024\\\/05\\\/ACN-20240318-162064.jpg\",\"width\":1920,\"height\":700},{\"@type\":\"BreadcrumbList\",\"@id\":\"https:\\\/\\\/acninternational.org\\\/de\\\/kolumbien-ein-gemeinsamer-weg-zum-himmel\\\/#breadcrumb\",\"itemListElement\":[{\"@type\":\"ListItem\",\"position\":1,\"name\":\"Home\",\"item\":\"https:\\\/\\\/acninternational.org\\\/de\\\/\"},{\"@type\":\"ListItem\",\"position\":2,\"name\":\"FEATURED\",\"item\":\"https:\\\/\\\/acninternational.org\\\/de\\\/category\\\/featured-de\\\/\"},{\"@type\":\"ListItem\",\"position\":3,\"name\":\"Kolumbien: Ein gemeinsamer Weg zum Himmel\"}]},{\"@type\":\"WebSite\",\"@id\":\"https:\\\/\\\/acninternational.org\\\/de\\\/#website\",\"url\":\"https:\\\/\\\/acninternational.org\\\/de\\\/\",\"name\":\"ACN International\",\"description\":\"\",\"publisher\":{\"@id\":\"https:\\\/\\\/acninternational.org\\\/de\\\/#organization\"},\"potentialAction\":[{\"@type\":\"SearchAction\",\"target\":{\"@type\":\"EntryPoint\",\"urlTemplate\":\"https:\\\/\\\/acninternational.org\\\/de\\\/?s={search_term_string}\"},\"query-input\":{\"@type\":\"PropertyValueSpecification\",\"valueRequired\":true,\"valueName\":\"search_term_string\"}}],\"inLanguage\":\"de\"},{\"@type\":\"Organization\",\"@id\":\"https:\\\/\\\/acninternational.org\\\/de\\\/#organization\",\"name\":\"Aid to the Church in Need International\",\"url\":\"https:\\\/\\\/acninternational.org\\\/de\\\/\",\"logo\":{\"@type\":\"ImageObject\",\"inLanguage\":\"de\",\"@id\":\"https:\\\/\\\/acninternational.org\\\/de\\\/#\\\/schema\\\/logo\\\/image\\\/\",\"url\":\"https:\\\/\\\/media.acninternational.org\\\/wp-content\\\/uploads\\\/2019\\\/11\\\/acn_logo_blackvector.svg\",\"contentUrl\":\"https:\\\/\\\/media.acninternational.org\\\/wp-content\\\/uploads\\\/2019\\\/11\\\/acn_logo_blackvector.svg\",\"width\":232.6,\"height\":78,\"caption\":\"Aid to the Church in Need International\"},\"image\":{\"@id\":\"https:\\\/\\\/acninternational.org\\\/de\\\/#\\\/schema\\\/logo\\\/image\\\/\"},\"sameAs\":[\"https:\\\/\\\/www.facebook.com\\\/acninternationalorg\",\"https:\\\/\\\/x.com\\\/acn_int\",\"https:\\\/\\\/www.youtube.com\\\/channel\\\/UCQ-077gS0TnVzkhHmf1opZw\",\"https:\\\/\\\/www.instagram.com\\\/acn_international\\\/\"]},{\"@type\":\"Person\",\"@id\":\"https:\\\/\\\/acninternational.org\\\/de\\\/#\\\/schema\\\/person\\\/7f3dafb236b242fb2aa46be1411fd703\",\"name\":\"ACN Press Team\",\"description\":\"Lorem ipsum dolor sit amet, consectetur adipiscing elit, sed do eiusmod tempor incididunt ut labore et dolore magna aliqua. Ut enim ad minim veniam, quis nostrud exercitation ullamco laboris nisi ut aliquip ex ea commodo consequat.\",\"url\":\"https:\\\/\\\/acninternational.org\\\/de\\\/author\\\/acn-press-team\\\/\"}]}<\/script>\n<!-- \/ Yoast SEO Premium plugin. -->","yoast_head_json":{"title":"Kolumbien: Ein gemeinsamer Weg zum Himmel | ACN International","robots":{"index":"index","follow":"follow","max-snippet":"max-snippet:-1","max-image-preview":"max-image-preview:large","max-video-preview":"max-video-preview:-1"},"canonical":"https:\/\/acninternational.org\/de\/kolumbien-ein-gemeinsamer-weg-zum-himmel\/","og_locale":"de_DE","og_type":"article","og_title":"Kolumbien: Ein gemeinsamer Weg zum Himmel","og_description":"Ein junger Priester spricht \u00fcber die Herausforderungen und Freuden, die es mit sich bringt, die Sakramente in die abgelegensten Gemeinden","og_url":"https:\/\/acninternational.org\/de\/kolumbien-ein-gemeinsamer-weg-zum-himmel\/","og_site_name":"ACN International","article_publisher":"https:\/\/www.facebook.com\/acninternationalorg","article_published_time":"2024-05-08T12:22:37+00:00","article_modified_time":"2024-05-08T12:22:41+00:00","og_image":[{"width":1920,"height":700,"url":"https:\/\/media.acninternational.org\/wp-content\/uploads\/2024\/05\/ACN-20240318-162064.jpg","type":"image\/jpeg"}],"author":"ACN Press Team","twitter_card":"summary_large_image","twitter_creator":"@acn_int","twitter_site":"@acn_int","twitter_misc":{"Verfasst von":"ACN Press Team","Gesch\u00e4tzte Lesezeit":"5\u00a0Minuten"},"schema":{"@context":"https:\/\/schema.org","@graph":[{"@type":"Article","@id":"https:\/\/acninternational.org\/de\/kolumbien-ein-gemeinsamer-weg-zum-himmel\/#article","isPartOf":{"@id":"https:\/\/acninternational.org\/de\/kolumbien-ein-gemeinsamer-weg-zum-himmel\/"},"author":{"name":"ACN Press Team","@id":"https:\/\/acninternational.org\/de\/#\/schema\/person\/7f3dafb236b242fb2aa46be1411fd703"},"headline":"Kolumbien: Ein gemeinsamer Weg zum Himmel","datePublished":"2024-05-08T12:22:37+00:00","dateModified":"2024-05-08T12:22:41+00:00","mainEntityOfPage":{"@id":"https:\/\/acninternational.org\/de\/kolumbien-ein-gemeinsamer-weg-zum-himmel\/"},"wordCount":910,"publisher":{"@id":"https:\/\/acninternational.org\/de\/#organization"},"image":{"@id":"https:\/\/acninternational.org\/de\/kolumbien-ein-gemeinsamer-weg-zum-himmel\/#primaryimage"},"thumbnailUrl":"https:\/\/media.acninternational.org\/wp-content\/uploads\/2024\/05\/ACN-20240318-162064.jpg","articleSection":["FEATURED"],"inLanguage":"de"},{"@type":"WebPage","@id":"https:\/\/acninternational.org\/de\/kolumbien-ein-gemeinsamer-weg-zum-himmel\/","url":"https:\/\/acninternational.org\/de\/kolumbien-ein-gemeinsamer-weg-zum-himmel\/","name":"Kolumbien: Ein gemeinsamer Weg zum Himmel | ACN International","isPartOf":{"@id":"https:\/\/acninternational.org\/de\/#website"},"primaryImageOfPage":{"@id":"https:\/\/acninternational.org\/de\/kolumbien-ein-gemeinsamer-weg-zum-himmel\/#primaryimage"},"image":{"@id":"https:\/\/acninternational.org\/de\/kolumbien-ein-gemeinsamer-weg-zum-himmel\/#primaryimage"},"thumbnailUrl":"https:\/\/media.acninternational.org\/wp-content\/uploads\/2024\/05\/ACN-20240318-162064.jpg","datePublished":"2024-05-08T12:22:37+00:00","dateModified":"2024-05-08T12:22:41+00:00","breadcrumb":{"@id":"https:\/\/acninternational.org\/de\/kolumbien-ein-gemeinsamer-weg-zum-himmel\/#breadcrumb"},"inLanguage":"de","potentialAction":[{"@type":"ReadAction","target":["https:\/\/acninternational.org\/de\/kolumbien-ein-gemeinsamer-weg-zum-himmel\/"]}]},{"@type":"ImageObject","inLanguage":"de","@id":"https:\/\/acninternational.org\/de\/kolumbien-ein-gemeinsamer-weg-zum-himmel\/#primaryimage","url":"https:\/\/media.acninternational.org\/wp-content\/uploads\/2024\/05\/ACN-20240318-162064.jpg","contentUrl":"https:\/\/media.acninternational.org\/wp-content\/uploads\/2024\/05\/ACN-20240318-162064.jpg","width":1920,"height":700},{"@type":"BreadcrumbList","@id":"https:\/\/acninternational.org\/de\/kolumbien-ein-gemeinsamer-weg-zum-himmel\/#breadcrumb","itemListElement":[{"@type":"ListItem","position":1,"name":"Home","item":"https:\/\/acninternational.org\/de\/"},{"@type":"ListItem","position":2,"name":"FEATURED","item":"https:\/\/acninternational.org\/de\/category\/featured-de\/"},{"@type":"ListItem","position":3,"name":"Kolumbien: Ein gemeinsamer Weg zum Himmel"}]},{"@type":"WebSite","@id":"https:\/\/acninternational.org\/de\/#website","url":"https:\/\/acninternational.org\/de\/","name":"ACN International","description":"","publisher":{"@id":"https:\/\/acninternational.org\/de\/#organization"},"potentialAction":[{"@type":"SearchAction","target":{"@type":"EntryPoint","urlTemplate":"https:\/\/acninternational.org\/de\/?s={search_term_string}"},"query-input":{"@type":"PropertyValueSpecification","valueRequired":true,"valueName":"search_term_string"}}],"inLanguage":"de"},{"@type":"Organization","@id":"https:\/\/acninternational.org\/de\/#organization","name":"Aid to the Church in Need International","url":"https:\/\/acninternational.org\/de\/","logo":{"@type":"ImageObject","inLanguage":"de","@id":"https:\/\/acninternational.org\/de\/#\/schema\/logo\/image\/","url":"https:\/\/media.acninternational.org\/wp-content\/uploads\/2019\/11\/acn_logo_blackvector.svg","contentUrl":"https:\/\/media.acninternational.org\/wp-content\/uploads\/2019\/11\/acn_logo_blackvector.svg","width":232.6,"height":78,"caption":"Aid to the Church in Need International"},"image":{"@id":"https:\/\/acninternational.org\/de\/#\/schema\/logo\/image\/"},"sameAs":["https:\/\/www.facebook.com\/acninternationalorg","https:\/\/x.com\/acn_int","https:\/\/www.youtube.com\/channel\/UCQ-077gS0TnVzkhHmf1opZw","https:\/\/www.instagram.com\/acn_international\/"]},{"@type":"Person","@id":"https:\/\/acninternational.org\/de\/#\/schema\/person\/7f3dafb236b242fb2aa46be1411fd703","name":"ACN Press Team","description":"Lorem ipsum dolor sit amet, consectetur adipiscing elit, sed do eiusmod tempor incididunt ut labore et dolore magna aliqua. Ut enim ad minim veniam, quis nostrud exercitation ullamco laboris nisi ut aliquip ex ea commodo consequat.","url":"https:\/\/acninternational.org\/de\/author\/acn-press-team\/"}]}},"_links":{"self":[{"href":"https:\/\/acninternational.org\/de\/wp-json\/wp\/v2\/posts\/206126","targetHints":{"allow":["GET"]}}],"collection":[{"href":"https:\/\/acninternational.org\/de\/wp-json\/wp\/v2\/posts"}],"about":[{"href":"https:\/\/acninternational.org\/de\/wp-json\/wp\/v2\/types\/post"}],"author":[{"embeddable":true,"href":"https:\/\/acninternational.org\/de\/wp-json\/wp\/v2\/users\/4258341447"}],"replies":[{"embeddable":true,"href":"https:\/\/acninternational.org\/de\/wp-json\/wp\/v2\/comments?post=206126"}],"version-history":[{"count":0,"href":"https:\/\/acninternational.org\/de\/wp-json\/wp\/v2\/posts\/206126\/revisions"}],"wp:featuredmedia":[{"embeddable":true,"href":"https:\/\/acninternational.org\/de\/wp-json\/wp\/v2\/media\/206091"}],"wp:attachment":[{"href":"https:\/\/acninternational.org\/de\/wp-json\/wp\/v2\/media?parent=206126"}],"wp:term":[{"taxonomy":"category","embeddable":true,"href":"https:\/\/acninternational.org\/de\/wp-json\/wp\/v2\/categories?post=206126"},{"taxonomy":"post_tag","embeddable":true,"href":"https:\/\/acninternational.org\/de\/wp-json\/wp\/v2\/tags?post=206126"},{"taxonomy":"country","embeddable":true,"href":"https:\/\/acninternational.org\/de\/wp-json\/wp\/v2\/country?post=206126"}],"curies":[{"name":"wp","href":"https:\/\/api.w.org\/{rel}","templated":true}]}}