{"id":201119,"date":"2024-04-19T14:18:50","date_gmt":"2024-04-19T12:18:50","guid":{"rendered":"https:\/\/acninternational.org\/?p=201119"},"modified":"2024-04-19T15:42:27","modified_gmt":"2024-04-19T13:42:27","slug":"bischoefe-der-demokratischen-republik-kongo-unser-land-steht-nicht-zum-verkauf","status":"publish","type":"post","link":"https:\/\/acninternational.org\/de\/bischoefe-der-demokratischen-republik-kongo-unser-land-steht-nicht-zum-verkauf\/","title":{"rendered":"Bisch\u00f6fe der Demokratischen Republik Kongo: \u201eUnser Land steht nicht zum Verkauf!\u201c"},"content":{"rendered":"<p><em>Sechs Bisch\u00f6fe aus dem Osten der Demokratischen Republik Kongo (DRK) haben w\u00e4hrend einer ordentlichen Sitzung vom 8. bis 14. April 2024 in Butembo eine \u201eBilanz der sozial-pastoralen Situation\u201c ihres Landes gezogen und dabei auf den desolaten Zustand des Landes und die Unterdr\u00fcckung der W\u00fcrde der Kongolesen hingewiesen. Seit 2021 sind die \u00f6stlichen Provinzen Nord-Kivu und Ituri im Belagerungszustand aufgrund regelm\u00e4\u00dfiger Angriffe vonseiten der Milizen; diese haben auch seit Ende Februar die Stadt Goma umzingelt.<\/em><\/p>\n<p>In einer Botschaft, die dem internationalen Hilfswerk Aid to the Church in Need (ACN) \u00fcbermittelt wurde, rufen die Bisch\u00f6fe der Kirchenprovinz Bukavu (ASSEPB) \u2013 bestehend aus den Di\u00f6zesen Bukavu, Butembo-Beni, Goma, Kasongo, Kindu und Uvira \u2013 die politische F\u00fchrung der Demokratischen Republik Kongo (DRK) dazu auf, dem Volk zu dienen und \u201edamit Schluss zu machen, das Land wie ihr Privatverm\u00f6gen zu verwalten\u201c. Sie appellieren auch an die internationale Gemeinschaft, \u201eAfrika nicht mehr zu ersticken\u201c und \u201eein f\u00fcr alle Mal zu verstehen, dass die Demokratische Republik Kongo weder zum Verkauf steht noch anarchisch ausgebeutet werden kann\u201c.<\/p>\n<figure id=\"attachment_201092\" aria-describedby=\"caption-attachment-201092\" style=\"width: 800px\" class=\"wp-caption aligncenter\"><img loading=\"lazy\" decoding=\"async\" class=\"wp-image-201092 size-large\" src=\"https:\/\/media.acninternational.org\/wp-content\/uploads\/2024\/04\/ACN-20240418-163286-1024x681.jpg\" alt=\"Soldaten der nationalen kongolesischen Streitkr\u00e4fte (FARDC).\" width=\"800\" height=\"532\" srcset=\"https:\/\/media.acninternational.org\/wp-content\/uploads\/2024\/04\/ACN-20240418-163286-1024x681.jpg 1024w, https:\/\/media.acninternational.org\/wp-content\/uploads\/2024\/04\/ACN-20240418-163286-300x199.jpg 300w, https:\/\/media.acninternational.org\/wp-content\/uploads\/2024\/04\/ACN-20240418-163286-768x511.jpg 768w, https:\/\/media.acninternational.org\/wp-content\/uploads\/2024\/04\/ACN-20240418-163286.jpg 1080w\" sizes=\"auto, (max-width: 800px) 100vw, 800px\" \/><figcaption id=\"caption-attachment-201092\" class=\"wp-caption-text\">Soldaten der nationalen kongolesischen Streitkr\u00e4fte (FARDC).<\/figcaption><\/figure>\n<p>Seit mehr als 30 Jahren leidet der Osten des Landes unter der Gewalt von rund 120 <a href=\"https:\/\/acninternational.org\/de\/drk-die-regierung-soll-ihre-verantwortung-wahrnehmen\/\" target=\"_blank\" rel=\"noopener\">bewaffneten Milizen<\/a>, die um Territorien k\u00e4mpfen und sich durch die Ausbeutung der kongolesischen Mineralien finanzieren \u2013 allen voran die M23 sowie die <a href=\"https:\/\/acninternational.org\/democratic-republic-of-the-congo-islamists-are-redrawing-the-east-of-the-country\/\" target=\"_blank\" rel=\"noopener\">ADF (Allied Democratic Forces)<\/a>, eine bewaffnete Gruppe, die mit dem Islamischen Staat verbunden ist.<\/p>\n<p>Nach Angaben der Vereinten Nationen hat der Konflikt im Osten der DRK seit 1996 sch\u00e4tzungsweise sechs Millionen Menschen das Leben gekostet.\u00a0 Die kongolesische Armee ist nicht in der Lage, der Situation Herr zu werden. Mit um die sechs Millionen Zwangsvertriebenen ist die DRK das afrikanische Land mit den meisten Vertriebenen. Seit Mai 2021 befinden sich die \u00f6stlichen Provinzen Nord-Kivu und Ituri aufgrund regelm\u00e4\u00dfiger Angriffe vonseiten der Milizen im Belagerungszustand. Dieser Zustand hat dazu gef\u00fchrt, dass die Armee in der Verwaltung dieser Provinzen \u00fcberm\u00e4\u00dfige Machtbefugnisse innehat, um f\u00fcr eine R\u00fcckkehr der Sicherheit zu sorgen. Besonders bedroht ist die Stadt Goma, die seit Ende Februar von Rebellen der M23-Gruppe umzingelt ist.<\/p>\n<p>So prangern die Bisch\u00f6fe in ihrer Botschaft unter anderem die \u201eendemisch gewordene Unsicherheit\u201c an, und die damit verbundenen \u201eMorde selbst am helllichten Tag, Massaker und Entf\u00fchrungen\u201c, sowie \u201edie Einkreisung der Stadt Goma durch die von Ruanda unterst\u00fctzte Miliz M23\u201c und \u201edie L\u00e4hmung der Wirtschaft durch eine Strategie der Isolierung und Erstickung gro\u00dfer und kleiner Ballungsr\u00e4ume\u201c.<\/p>\n<p>Auch beklagen die Bisch\u00f6fe die teilweise oder vollst\u00e4ndige Schlie\u00dfung einiger Pfarreien aufgrund der prek\u00e4ren Sicherheitslage, wie auch die Tatsache, dass die Jugend sich selbst \u00fcberlassen ist sowie \u201eden Vertrauensverlust zwischen der Zivilbev\u00f6lkerung und dem Milit\u00e4r einerseits und der Zivilbev\u00f6lkerung und den Machthabern w\u00e4hrend der Belagerung andererseits\u201c.<\/p>\n<h4><strong>Der kongolesische Staat ist tot<\/strong><\/h4>\n<p>Hinsichtlich der Wurzeln der \u00dcbel im zweitgr\u00f6\u00dften Land Afrikas schreiben die Bisch\u00f6fe: \u201eWenn wir unser Volk \u00fcber den Ursprung unseres endlosen Leidens sprechen h\u00f6ren, sagen sie uns meistens, dass all dies geschieht, weil der kongolesische Staat tot ist, dass wir, die Bev\u00f6lkerung, unserem traurigen Schicksal \u00fcberlassen sind und dass wir keinen Hinweis darauf sehen, dass die aktuellen Herrscher an das Wohlergehen der Bev\u00f6lkerung denken.\u201c<\/p>\n<p>Trotz der Schwierigkeiten zeigen die Bisch\u00f6fe in der Botschaft, die ACN vorliegt, Hoffnung, indem sie auf die zerst\u00f6rerischen Kr\u00e4fte in ihrem Land mit ihrem Glauben an \u201eden Gott der Lebenden\u201c antworten und an die Worte des Psalmisten erinnern: \u201eNein, ich werde nicht sterben, sondern leben, um die Werke des Herrn zu verk\u00fcnden\u201c (Ps 118,17). Sie bitten die Gl\u00e4ubigen auch, f\u00fcr ihre eigene Bekehrung und die ihrer Peiniger \u201einnerhalb und au\u00dferhalb des Landes\u201c zu beten.<\/p>\n<p>Die Bisch\u00f6fe heben den Heldenmut der Priester und Ordensleute in den von den M23-Rebellen und der ADF besetzten Gebieten hervor, sowie das Vertrauen, das die Mehrheit der Bev\u00f6lkerung in die katholische Kirche \u201eals eine Institution, die nicht m\u00fcde wird, die Interessen des Volkes zu verteidigen\u201c, setzt. Ebenso betonen sie die karitative Pr\u00e4senz der Kirche \u201eunter den Binnenfl\u00fcchtlingen, die in den Di\u00f6zesen Butembo-Beni und Goma auf mehr als zwei Millionen gesch\u00e4tzt werden\u201c.<\/p>\n<figure id=\"attachment_201098\" aria-describedby=\"caption-attachment-201098\" style=\"width: 800px\" class=\"wp-caption aligncenter\"><img loading=\"lazy\" decoding=\"async\" class=\"wp-image-201098 size-large\" src=\"https:\/\/media.acninternational.org\/wp-content\/uploads\/2024\/04\/ACN-20180320-69209-1024x683.jpg\" alt=\"Vertriebene und Fl\u00fcchtlinge im Osten der Demokratischen Republik Kongo erhalten Hilfe von der katholischen Kirche.\" width=\"800\" height=\"534\" srcset=\"https:\/\/media.acninternational.org\/wp-content\/uploads\/2024\/04\/ACN-20180320-69209-1024x683.jpg 1024w, https:\/\/media.acninternational.org\/wp-content\/uploads\/2024\/04\/ACN-20180320-69209-300x200.jpg 300w, https:\/\/media.acninternational.org\/wp-content\/uploads\/2024\/04\/ACN-20180320-69209-768x512.jpg 768w, https:\/\/media.acninternational.org\/wp-content\/uploads\/2024\/04\/ACN-20180320-69209.jpg 1080w\" sizes=\"auto, (max-width: 800px) 100vw, 800px\" \/><figcaption id=\"caption-attachment-201098\" class=\"wp-caption-text\">Vertriebene und Fl\u00fcchtlinge im Osten der Demokratischen Republik Kongo erhalten Hilfe von der katholischen Kirche.<\/figcaption><\/figure>\n<p>Msgr. Henri Chiza Balumisa, Generalvikar der Di\u00f6zese Goma und Projektpartner von ACN, erkl\u00e4rt: \u201eDie prek\u00e4re Lage kann die Kirche nicht in ihrer Arbeit blockieren. Im Gegenteil. Sie erinnert die Kirche an ihre Sendung. Gerade wenn nichts mehr funktioniert, wird die Bedeutung der Kirche deutlich sp\u00fcrbar. Wir danken unseren Mitbr\u00fcdern, die in schwierigen Situationen leben, ihr Leben riskieren und \u00c4ngsten ausgesetzt sind. Aber sie bleiben da. Sie rufen mich oder den Bischof an, um mit uns \u00fcber die Situationen zu sprechen, die sie durchmachen, die die Menschen durchmachen; aber ohne die Absicht, das Volk Gottes im Stich zu lassen. Sie sind da, um das Leid der Menschen zu teilen. Gerade in Zeiten des Leidens will die Kirche das Salz der Erde sein.\u201c<\/p>\n<p>Der Generalvikar stellt fest, dass sich die Christen in seiner Di\u00f6zese vom Rest der Welt vergessen f\u00fchlen, nicht aber von den Wohlt\u00e4tern von ACN. Er hebt die Hilfe hervor, die sie erhalten: \u201eIch m\u00f6chte dem Hilfswerk danken, das sich durch seine Unterst\u00fctzung, seine Pr\u00e4senz und seinen Einsatz f\u00fcr die Seelsorge auszeichnet, indem es Messintentionen f\u00fcr Priester zur Verbesserung ihrer Lebensqualit\u00e4t zur Verf\u00fcgung stellt und die Priester unserer Di\u00f6zese in ihrem Apostolat begleitet. Unsere Christen sind sich der Unterst\u00fctzung durch Christen in anderen Teilen der Welt bewusst und sie sind sehr dankbar.\u201c<\/p>\n<p><em>Die Demokratische Republik Kongo erhielt im Jahr 2023 rund 3,5 Millionen Euro vom internationalen Hilfswerk Aid to the Church in Need (ACN). Die Hilfe von ACN wurde \u00fcber das ganze Land verteilt: Die Stiftung unterst\u00fctzte 42 der 48 Di\u00f6zesen des Landes mit insgesamt 251 verschiedenen Projekten. ACN legt besonderen Wert darauf, die Pr\u00e4senz der Kirche in den von der Regierung verlassenen und vergessenen Gebieten zu st\u00e4rken.<\/em><\/p>\n<p><em>Der Schwerpunkt der Hilfe lag auf der religi\u00f6sen Bildung (35 % der Gesamthilfe f\u00fcr das Land). Die DRK ist das Land der Welt, das zu diesem Zweck die meiste Hilfe von ACN erhielt. Diese Hilfe wurde haupts\u00e4chlich f\u00fcr die Weiterbildung des Klerus (16 %) und die Ausbildung von Seminaristen (14 %) bereitgestellt. Die restlichen 5 % wurden f\u00fcr Studienstipendien f\u00fcr Priester und Ordensfrauen verwendet. Eine weitere wichtige Hilfe wurde durch Messintentionen geleistet (21 % der Gesamthilfe f\u00fcr die DRK).<\/em><\/p>\n<p>&nbsp;<\/p>\n<p>Von <strong>Sina Hartert<\/strong>.<\/p>\n","protected":false},"excerpt":{"rendered":"<p>Sechs Bisch\u00f6fe aus dem Osten der Demokratischen Republik Kongo (DRK) haben w\u00e4hrend einer ordentlichen Sitzung vom 8. bis 14. April<\/p>\n","protected":false},"author":4258341447,"featured_media":201086,"comment_status":"closed","ping_status":"closed","sticky":false,"template":"","format":"standard","meta":{"_acf_changed":false,"_acn_coauthor_ids":[],"footnotes":""},"categories":[954],"tags":[],"country":[837],"class_list":["post-201119","post","type-post","status-publish","format-standard","has-post-thumbnail","hentry","category-news-de","country-demokratische-republik-kongo"],"acn_coauthors":[],"acf":[],"yoast_head":"<!-- This site is optimized with the Yoast SEO Premium plugin v27.3 (Yoast SEO v27.3) - https:\/\/yoast.com\/product\/yoast-seo-premium-wordpress\/ -->\n<title>Bisch\u00f6fe der Demokratischen Republik Kongo: \u201eUnser Land steht nicht zum Verkauf!\u201c | ACN International<\/title>\n<meta name=\"robots\" content=\"index, follow, max-snippet:-1, max-image-preview:large, max-video-preview:-1\" \/>\n<link rel=\"canonical\" href=\"https:\/\/acninternational.org\/de\/bischoefe-der-demokratischen-republik-kongo-unser-land-steht-nicht-zum-verkauf\/\" \/>\n<meta property=\"og:locale\" content=\"de_DE\" \/>\n<meta property=\"og:type\" content=\"article\" \/>\n<meta property=\"og:title\" content=\"Bisch\u00f6fe der Demokratischen Republik Kongo: \u201eUnser Land steht nicht zum Verkauf!\u201c\" \/>\n<meta property=\"og:description\" content=\"Sechs Bisch\u00f6fe aus dem Osten der Demokratischen Republik Kongo (DRK) haben w\u00e4hrend einer ordentlichen Sitzung vom 8. bis 14. April\" \/>\n<meta property=\"og:url\" content=\"https:\/\/acninternational.org\/de\/bischoefe-der-demokratischen-republik-kongo-unser-land-steht-nicht-zum-verkauf\/\" \/>\n<meta property=\"og:site_name\" content=\"ACN International\" \/>\n<meta property=\"article:publisher\" content=\"https:\/\/www.facebook.com\/acninternationalorg\" \/>\n<meta property=\"article:published_time\" content=\"2024-04-19T12:18:50+00:00\" \/>\n<meta property=\"article:modified_time\" content=\"2024-04-19T13:42:27+00:00\" \/>\n<meta property=\"og:image\" content=\"https:\/\/media.acninternational.org\/wp-content\/uploads\/2024\/04\/ACN-20240418-163287.jpg\" \/>\n\t<meta property=\"og:image:width\" content=\"1920\" \/>\n\t<meta property=\"og:image:height\" content=\"700\" \/>\n\t<meta property=\"og:image:type\" content=\"image\/jpeg\" \/>\n<meta name=\"author\" content=\"ACN Press Team\" \/>\n<meta name=\"twitter:card\" content=\"summary_large_image\" \/>\n<meta name=\"twitter:creator\" content=\"@acn_int\" \/>\n<meta name=\"twitter:site\" content=\"@acn_int\" \/>\n<meta name=\"twitter:label1\" content=\"Verfasst von\" \/>\n\t<meta name=\"twitter:data1\" content=\"ACN Press Team\" \/>\n\t<meta name=\"twitter:label2\" content=\"Gesch\u00e4tzte Lesezeit\" \/>\n\t<meta name=\"twitter:data2\" content=\"6\u00a0Minuten\" \/>\n<script type=\"application\/ld+json\" class=\"yoast-schema-graph\">{\"@context\":\"https:\\\/\\\/schema.org\",\"@graph\":[{\"@type\":\"Article\",\"@id\":\"https:\\\/\\\/acninternational.org\\\/de\\\/bischoefe-der-demokratischen-republik-kongo-unser-land-steht-nicht-zum-verkauf\\\/#article\",\"isPartOf\":{\"@id\":\"https:\\\/\\\/acninternational.org\\\/de\\\/bischoefe-der-demokratischen-republik-kongo-unser-land-steht-nicht-zum-verkauf\\\/\"},\"author\":{\"name\":\"ACN Press Team\",\"@id\":\"https:\\\/\\\/acninternational.org\\\/de\\\/#\\\/schema\\\/person\\\/7f3dafb236b242fb2aa46be1411fd703\"},\"headline\":\"Bisch\u00f6fe der Demokratischen Republik Kongo: \u201eUnser Land steht nicht zum Verkauf!\u201c\",\"datePublished\":\"2024-04-19T12:18:50+00:00\",\"dateModified\":\"2024-04-19T13:42:27+00:00\",\"mainEntityOfPage\":{\"@id\":\"https:\\\/\\\/acninternational.org\\\/de\\\/bischoefe-der-demokratischen-republik-kongo-unser-land-steht-nicht-zum-verkauf\\\/\"},\"wordCount\":1108,\"publisher\":{\"@id\":\"https:\\\/\\\/acninternational.org\\\/de\\\/#organization\"},\"image\":{\"@id\":\"https:\\\/\\\/acninternational.org\\\/de\\\/bischoefe-der-demokratischen-republik-kongo-unser-land-steht-nicht-zum-verkauf\\\/#primaryimage\"},\"thumbnailUrl\":\"https:\\\/\\\/media.acninternational.org\\\/wp-content\\\/uploads\\\/2024\\\/04\\\/ACN-20240418-163287.jpg\",\"articleSection\":[\"Nachricht\"],\"inLanguage\":\"de\"},{\"@type\":\"WebPage\",\"@id\":\"https:\\\/\\\/acninternational.org\\\/de\\\/bischoefe-der-demokratischen-republik-kongo-unser-land-steht-nicht-zum-verkauf\\\/\",\"url\":\"https:\\\/\\\/acninternational.org\\\/de\\\/bischoefe-der-demokratischen-republik-kongo-unser-land-steht-nicht-zum-verkauf\\\/\",\"name\":\"Bisch\u00f6fe der Demokratischen Republik Kongo: \u201eUnser Land steht nicht zum Verkauf!\u201c | ACN International\",\"isPartOf\":{\"@id\":\"https:\\\/\\\/acninternational.org\\\/de\\\/#website\"},\"primaryImageOfPage\":{\"@id\":\"https:\\\/\\\/acninternational.org\\\/de\\\/bischoefe-der-demokratischen-republik-kongo-unser-land-steht-nicht-zum-verkauf\\\/#primaryimage\"},\"image\":{\"@id\":\"https:\\\/\\\/acninternational.org\\\/de\\\/bischoefe-der-demokratischen-republik-kongo-unser-land-steht-nicht-zum-verkauf\\\/#primaryimage\"},\"thumbnailUrl\":\"https:\\\/\\\/media.acninternational.org\\\/wp-content\\\/uploads\\\/2024\\\/04\\\/ACN-20240418-163287.jpg\",\"datePublished\":\"2024-04-19T12:18:50+00:00\",\"dateModified\":\"2024-04-19T13:42:27+00:00\",\"breadcrumb\":{\"@id\":\"https:\\\/\\\/acninternational.org\\\/de\\\/bischoefe-der-demokratischen-republik-kongo-unser-land-steht-nicht-zum-verkauf\\\/#breadcrumb\"},\"inLanguage\":\"de\",\"potentialAction\":[{\"@type\":\"ReadAction\",\"target\":[\"https:\\\/\\\/acninternational.org\\\/de\\\/bischoefe-der-demokratischen-republik-kongo-unser-land-steht-nicht-zum-verkauf\\\/\"]}]},{\"@type\":\"ImageObject\",\"inLanguage\":\"de\",\"@id\":\"https:\\\/\\\/acninternational.org\\\/de\\\/bischoefe-der-demokratischen-republik-kongo-unser-land-steht-nicht-zum-verkauf\\\/#primaryimage\",\"url\":\"https:\\\/\\\/media.acninternational.org\\\/wp-content\\\/uploads\\\/2024\\\/04\\\/ACN-20240418-163287.jpg\",\"contentUrl\":\"https:\\\/\\\/media.acninternational.org\\\/wp-content\\\/uploads\\\/2024\\\/04\\\/ACN-20240418-163287.jpg\",\"width\":1920,\"height\":700},{\"@type\":\"BreadcrumbList\",\"@id\":\"https:\\\/\\\/acninternational.org\\\/de\\\/bischoefe-der-demokratischen-republik-kongo-unser-land-steht-nicht-zum-verkauf\\\/#breadcrumb\",\"itemListElement\":[{\"@type\":\"ListItem\",\"position\":1,\"name\":\"Home\",\"item\":\"https:\\\/\\\/acninternational.org\\\/de\\\/\"},{\"@type\":\"ListItem\",\"position\":2,\"name\":\"Nachricht\",\"item\":\"https:\\\/\\\/acninternational.org\\\/de\\\/category\\\/news-de\\\/\"},{\"@type\":\"ListItem\",\"position\":3,\"name\":\"Bisch\u00f6fe der Demokratischen Republik Kongo: \u201eUnser Land steht nicht zum Verkauf!\u201c\"}]},{\"@type\":\"WebSite\",\"@id\":\"https:\\\/\\\/acninternational.org\\\/de\\\/#website\",\"url\":\"https:\\\/\\\/acninternational.org\\\/de\\\/\",\"name\":\"ACN International\",\"description\":\"\",\"publisher\":{\"@id\":\"https:\\\/\\\/acninternational.org\\\/de\\\/#organization\"},\"potentialAction\":[{\"@type\":\"SearchAction\",\"target\":{\"@type\":\"EntryPoint\",\"urlTemplate\":\"https:\\\/\\\/acninternational.org\\\/de\\\/?s={search_term_string}\"},\"query-input\":{\"@type\":\"PropertyValueSpecification\",\"valueRequired\":true,\"valueName\":\"search_term_string\"}}],\"inLanguage\":\"de\"},{\"@type\":\"Organization\",\"@id\":\"https:\\\/\\\/acninternational.org\\\/de\\\/#organization\",\"name\":\"Aid to the Church in Need International\",\"url\":\"https:\\\/\\\/acninternational.org\\\/de\\\/\",\"logo\":{\"@type\":\"ImageObject\",\"inLanguage\":\"de\",\"@id\":\"https:\\\/\\\/acninternational.org\\\/de\\\/#\\\/schema\\\/logo\\\/image\\\/\",\"url\":\"https:\\\/\\\/media.acninternational.org\\\/wp-content\\\/uploads\\\/2019\\\/11\\\/acn_logo_blackvector.svg\",\"contentUrl\":\"https:\\\/\\\/media.acninternational.org\\\/wp-content\\\/uploads\\\/2019\\\/11\\\/acn_logo_blackvector.svg\",\"width\":232.6,\"height\":78,\"caption\":\"Aid to the Church in Need International\"},\"image\":{\"@id\":\"https:\\\/\\\/acninternational.org\\\/de\\\/#\\\/schema\\\/logo\\\/image\\\/\"},\"sameAs\":[\"https:\\\/\\\/www.facebook.com\\\/acninternationalorg\",\"https:\\\/\\\/x.com\\\/acn_int\",\"https:\\\/\\\/www.youtube.com\\\/channel\\\/UCQ-077gS0TnVzkhHmf1opZw\",\"https:\\\/\\\/www.instagram.com\\\/acn_international\\\/\"]},{\"@type\":\"Person\",\"@id\":\"https:\\\/\\\/acninternational.org\\\/de\\\/#\\\/schema\\\/person\\\/7f3dafb236b242fb2aa46be1411fd703\",\"name\":\"ACN Press Team\",\"description\":\"Lorem ipsum dolor sit amet, consectetur adipiscing elit, sed do eiusmod tempor incididunt ut labore et dolore magna aliqua. Ut enim ad minim veniam, quis nostrud exercitation ullamco laboris nisi ut aliquip ex ea commodo consequat.\",\"url\":\"https:\\\/\\\/acninternational.org\\\/de\\\/author\\\/acn-press-team\\\/\"}]}<\/script>\n<!-- \/ Yoast SEO Premium plugin. -->","yoast_head_json":{"title":"Bisch\u00f6fe der Demokratischen Republik Kongo: \u201eUnser Land steht nicht zum Verkauf!\u201c | ACN International","robots":{"index":"index","follow":"follow","max-snippet":"max-snippet:-1","max-image-preview":"max-image-preview:large","max-video-preview":"max-video-preview:-1"},"canonical":"https:\/\/acninternational.org\/de\/bischoefe-der-demokratischen-republik-kongo-unser-land-steht-nicht-zum-verkauf\/","og_locale":"de_DE","og_type":"article","og_title":"Bisch\u00f6fe der Demokratischen Republik Kongo: \u201eUnser Land steht nicht zum Verkauf!\u201c","og_description":"Sechs Bisch\u00f6fe aus dem Osten der Demokratischen Republik Kongo (DRK) haben w\u00e4hrend einer ordentlichen Sitzung vom 8. bis 14. April","og_url":"https:\/\/acninternational.org\/de\/bischoefe-der-demokratischen-republik-kongo-unser-land-steht-nicht-zum-verkauf\/","og_site_name":"ACN International","article_publisher":"https:\/\/www.facebook.com\/acninternationalorg","article_published_time":"2024-04-19T12:18:50+00:00","article_modified_time":"2024-04-19T13:42:27+00:00","og_image":[{"width":1920,"height":700,"url":"https:\/\/media.acninternational.org\/wp-content\/uploads\/2024\/04\/ACN-20240418-163287.jpg","type":"image\/jpeg"}],"author":"ACN Press Team","twitter_card":"summary_large_image","twitter_creator":"@acn_int","twitter_site":"@acn_int","twitter_misc":{"Verfasst von":"ACN Press Team","Gesch\u00e4tzte Lesezeit":"6\u00a0Minuten"},"schema":{"@context":"https:\/\/schema.org","@graph":[{"@type":"Article","@id":"https:\/\/acninternational.org\/de\/bischoefe-der-demokratischen-republik-kongo-unser-land-steht-nicht-zum-verkauf\/#article","isPartOf":{"@id":"https:\/\/acninternational.org\/de\/bischoefe-der-demokratischen-republik-kongo-unser-land-steht-nicht-zum-verkauf\/"},"author":{"name":"ACN Press Team","@id":"https:\/\/acninternational.org\/de\/#\/schema\/person\/7f3dafb236b242fb2aa46be1411fd703"},"headline":"Bisch\u00f6fe der Demokratischen Republik Kongo: \u201eUnser Land steht nicht zum Verkauf!\u201c","datePublished":"2024-04-19T12:18:50+00:00","dateModified":"2024-04-19T13:42:27+00:00","mainEntityOfPage":{"@id":"https:\/\/acninternational.org\/de\/bischoefe-der-demokratischen-republik-kongo-unser-land-steht-nicht-zum-verkauf\/"},"wordCount":1108,"publisher":{"@id":"https:\/\/acninternational.org\/de\/#organization"},"image":{"@id":"https:\/\/acninternational.org\/de\/bischoefe-der-demokratischen-republik-kongo-unser-land-steht-nicht-zum-verkauf\/#primaryimage"},"thumbnailUrl":"https:\/\/media.acninternational.org\/wp-content\/uploads\/2024\/04\/ACN-20240418-163287.jpg","articleSection":["Nachricht"],"inLanguage":"de"},{"@type":"WebPage","@id":"https:\/\/acninternational.org\/de\/bischoefe-der-demokratischen-republik-kongo-unser-land-steht-nicht-zum-verkauf\/","url":"https:\/\/acninternational.org\/de\/bischoefe-der-demokratischen-republik-kongo-unser-land-steht-nicht-zum-verkauf\/","name":"Bisch\u00f6fe der Demokratischen Republik Kongo: \u201eUnser Land steht nicht zum Verkauf!\u201c | ACN International","isPartOf":{"@id":"https:\/\/acninternational.org\/de\/#website"},"primaryImageOfPage":{"@id":"https:\/\/acninternational.org\/de\/bischoefe-der-demokratischen-republik-kongo-unser-land-steht-nicht-zum-verkauf\/#primaryimage"},"image":{"@id":"https:\/\/acninternational.org\/de\/bischoefe-der-demokratischen-republik-kongo-unser-land-steht-nicht-zum-verkauf\/#primaryimage"},"thumbnailUrl":"https:\/\/media.acninternational.org\/wp-content\/uploads\/2024\/04\/ACN-20240418-163287.jpg","datePublished":"2024-04-19T12:18:50+00:00","dateModified":"2024-04-19T13:42:27+00:00","breadcrumb":{"@id":"https:\/\/acninternational.org\/de\/bischoefe-der-demokratischen-republik-kongo-unser-land-steht-nicht-zum-verkauf\/#breadcrumb"},"inLanguage":"de","potentialAction":[{"@type":"ReadAction","target":["https:\/\/acninternational.org\/de\/bischoefe-der-demokratischen-republik-kongo-unser-land-steht-nicht-zum-verkauf\/"]}]},{"@type":"ImageObject","inLanguage":"de","@id":"https:\/\/acninternational.org\/de\/bischoefe-der-demokratischen-republik-kongo-unser-land-steht-nicht-zum-verkauf\/#primaryimage","url":"https:\/\/media.acninternational.org\/wp-content\/uploads\/2024\/04\/ACN-20240418-163287.jpg","contentUrl":"https:\/\/media.acninternational.org\/wp-content\/uploads\/2024\/04\/ACN-20240418-163287.jpg","width":1920,"height":700},{"@type":"BreadcrumbList","@id":"https:\/\/acninternational.org\/de\/bischoefe-der-demokratischen-republik-kongo-unser-land-steht-nicht-zum-verkauf\/#breadcrumb","itemListElement":[{"@type":"ListItem","position":1,"name":"Home","item":"https:\/\/acninternational.org\/de\/"},{"@type":"ListItem","position":2,"name":"Nachricht","item":"https:\/\/acninternational.org\/de\/category\/news-de\/"},{"@type":"ListItem","position":3,"name":"Bisch\u00f6fe der Demokratischen Republik Kongo: \u201eUnser Land steht nicht zum Verkauf!\u201c"}]},{"@type":"WebSite","@id":"https:\/\/acninternational.org\/de\/#website","url":"https:\/\/acninternational.org\/de\/","name":"ACN International","description":"","publisher":{"@id":"https:\/\/acninternational.org\/de\/#organization"},"potentialAction":[{"@type":"SearchAction","target":{"@type":"EntryPoint","urlTemplate":"https:\/\/acninternational.org\/de\/?s={search_term_string}"},"query-input":{"@type":"PropertyValueSpecification","valueRequired":true,"valueName":"search_term_string"}}],"inLanguage":"de"},{"@type":"Organization","@id":"https:\/\/acninternational.org\/de\/#organization","name":"Aid to the Church in Need International","url":"https:\/\/acninternational.org\/de\/","logo":{"@type":"ImageObject","inLanguage":"de","@id":"https:\/\/acninternational.org\/de\/#\/schema\/logo\/image\/","url":"https:\/\/media.acninternational.org\/wp-content\/uploads\/2019\/11\/acn_logo_blackvector.svg","contentUrl":"https:\/\/media.acninternational.org\/wp-content\/uploads\/2019\/11\/acn_logo_blackvector.svg","width":232.6,"height":78,"caption":"Aid to the Church in Need International"},"image":{"@id":"https:\/\/acninternational.org\/de\/#\/schema\/logo\/image\/"},"sameAs":["https:\/\/www.facebook.com\/acninternationalorg","https:\/\/x.com\/acn_int","https:\/\/www.youtube.com\/channel\/UCQ-077gS0TnVzkhHmf1opZw","https:\/\/www.instagram.com\/acn_international\/"]},{"@type":"Person","@id":"https:\/\/acninternational.org\/de\/#\/schema\/person\/7f3dafb236b242fb2aa46be1411fd703","name":"ACN Press Team","description":"Lorem ipsum dolor sit amet, consectetur adipiscing elit, sed do eiusmod tempor incididunt ut labore et dolore magna aliqua. Ut enim ad minim veniam, quis nostrud exercitation ullamco laboris nisi ut aliquip ex ea commodo consequat.","url":"https:\/\/acninternational.org\/de\/author\/acn-press-team\/"}]}},"_links":{"self":[{"href":"https:\/\/acninternational.org\/de\/wp-json\/wp\/v2\/posts\/201119","targetHints":{"allow":["GET"]}}],"collection":[{"href":"https:\/\/acninternational.org\/de\/wp-json\/wp\/v2\/posts"}],"about":[{"href":"https:\/\/acninternational.org\/de\/wp-json\/wp\/v2\/types\/post"}],"author":[{"embeddable":true,"href":"https:\/\/acninternational.org\/de\/wp-json\/wp\/v2\/users\/4258341447"}],"replies":[{"embeddable":true,"href":"https:\/\/acninternational.org\/de\/wp-json\/wp\/v2\/comments?post=201119"}],"version-history":[{"count":0,"href":"https:\/\/acninternational.org\/de\/wp-json\/wp\/v2\/posts\/201119\/revisions"}],"wp:featuredmedia":[{"embeddable":true,"href":"https:\/\/acninternational.org\/de\/wp-json\/wp\/v2\/media\/201086"}],"wp:attachment":[{"href":"https:\/\/acninternational.org\/de\/wp-json\/wp\/v2\/media?parent=201119"}],"wp:term":[{"taxonomy":"category","embeddable":true,"href":"https:\/\/acninternational.org\/de\/wp-json\/wp\/v2\/categories?post=201119"},{"taxonomy":"post_tag","embeddable":true,"href":"https:\/\/acninternational.org\/de\/wp-json\/wp\/v2\/tags?post=201119"},{"taxonomy":"country","embeddable":true,"href":"https:\/\/acninternational.org\/de\/wp-json\/wp\/v2\/country?post=201119"}],"curies":[{"name":"wp","href":"https:\/\/api.w.org\/{rel}","templated":true}]}}