{"id":192672,"date":"2024-03-04T16:10:23","date_gmt":"2024-03-04T15:10:23","guid":{"rendered":"https:\/\/acninternational.org\/?p=192672"},"modified":"2024-04-10T12:15:47","modified_gmt":"2024-04-10T10:15:47","slug":"zentralafrikanische-republik-ein-hirt-verteidigt-seine-schafe-gegen-die-gefahren","status":"publish","type":"post","link":"https:\/\/acninternational.org\/de\/zentralafrikanische-republik-ein-hirt-verteidigt-seine-schafe-gegen-die-gefahren\/","title":{"rendered":"Zentralafrikanische Republik: \u201eEin Hirt verteidigt seine Schafe gegen die Gefahren\u201c"},"content":{"rendered":"<p><em>Am 23. Februar 2024 ernannte Papst Franziskus Pater Aurelio Gazzera, einen langj\u00e4hrigen Freund und Partner von ACN, zum Bischofskoadjutor der Di\u00f6zese Bangassou in der Zentralafrikanischen Republik. Der 61-j\u00e4hrige italienische Karmelitenpater ist bereits seit 33 Jahren als Missionar in dem immer wieder von Gewalt und Unruhen heimgesuchten Land t\u00e4tig. International bekannt wurde er vor allem f\u00fcr seinen lebensgef\u00e4hrlichen Einsatz im Rahmen von Friedensverhandlungen mit verschiedenen bewaffneten Gruppierungen. Mit ACN sprach er \u00fcber seine Ernennung zum Bischof. <\/em><\/p>\n<figure id=\"attachment_192655\" aria-describedby=\"caption-attachment-192655\" style=\"width: 720px\" class=\"wp-caption aligncenter\"><img loading=\"lazy\" decoding=\"async\" class=\"wp-image-192655 size-full\" src=\"https:\/\/media.acninternational.org\/wp-content\/uploads\/2024\/03\/ACN-20240301-161090.jpg\" alt=\"Pater Aurelio Gazzera am Tag seiner Ernennung zum gew\u00e4hlten Koadjutor-Bischof von Bangassou am 23. Februar 2024\" width=\"720\" height=\"960\" srcset=\"https:\/\/media.acninternational.org\/wp-content\/uploads\/2024\/03\/ACN-20240301-161090.jpg 720w, https:\/\/media.acninternational.org\/wp-content\/uploads\/2024\/03\/ACN-20240301-161090-225x300.jpg 225w\" sizes=\"auto, (max-width: 720px) 100vw, 720px\" \/><figcaption id=\"caption-attachment-192655\" class=\"wp-caption-text\">Pater Aurelio Gazzera am Tag seiner Ernennung zum gew\u00e4hlten Koadjutor-Bischof von Bangassou am 23. Februar 2024<\/figcaption><\/figure>\n<h4><strong>Pater Aurelio, Sie waren viele Jahre in der Di\u00f6zese Bouar im Nordwesten der Zentralafrikanischen Republik t\u00e4tig und wurden nun vom Heiligen Vater zum Bischofskoadjutor der Di\u00f6zese Bangassou im S\u00fcdosten des Landes ernannt. Das bedeutet, dass Sie dem derzeitigen Ordinarius, Bischof Juan Jos\u00e9 Aguirre, eine Zeitlang zur Seite stehen und dann sein Nachfolger werden, wenn er zur\u00fccktritt. Wie haben Sie Ihre Ernennung aufgenommen? <\/strong><\/h4>\n<p>Einerseits habe ich Angst, andererseits empfinde ich tiefes Vertrauen in Gott. Die Kraft, Bischof zu sein, habe ich nicht aus mir selbst, sondern sie kommt vom Herrn. Ich habe diesen Dienst nicht angestrebt. Jesus sagt: \u201eNicht ihr habt mich erw\u00e4hlt, sondern ich habe euch erw\u00e4hlt\u201c (Joh 15,16). Ich wei\u00df, dass ich dessen nicht w\u00fcrdig und auch nicht dazu f\u00e4hig bin, aber Er wei\u00df mehr \u00fcber mich als ich selbst, und Er hat mehr Vertrauen zu mir, als ich zu mir selbst habe. Und es gibt eine gro\u00dfe Schar von Menschen, die f\u00fcr mich betet und sich \u00fcber dieses neue Geschenk in meinem Leben freut.<\/p>\n<h4><strong>K\u00f6nnten Sie uns mehr \u00fcber die Di\u00f6zese Bangassou erz\u00e4hlen? <\/strong><\/h4>\n<p>Die Di\u00f6zese Bangassou liegt im S\u00fcdosten der Zentralafrikanischen Republik zwischen der Demokratischen Republik Kongo und dem S\u00fcdsudan. Sie erstreckt sich \u00fcber eine Fl\u00e4che von fast 135.000 Quadratkilometern. Damit ist sie ungef\u00e4hr halb so gro\u00df wie Italien, ist aber mit nur rund einer halben Million Einwohnern recht d\u00fcnn besiedelt. Das Gebiet ist sehr abgelegen. Die Entfernung zur Hauptstadt betr\u00e4gt zwar nur 750 Kilometer, aber die Stra\u00dfenverh\u00e4ltnisse sind so schlecht, dass man mit dem Auto mehrere Wochen br\u00e4uchte, um dorthin zu gelangen, so dass man das Flugzeug nehmen muss. Einige der zw\u00f6lf Pfarreien sind mit dem Auto ebenfalls nicht erreichbar. In weiten Teilen der Di\u00f6zese sind \u00fcberdies bewaffnete Gruppierungen aktiv.<\/p>\n<p>Allerdings gibt es auch viel Grund zu Freude: Bischof Aguirre, der die Di\u00f6zese seit dem Jahr 2000 mit gro\u00dfer Tatkraft leitet, ist ein hervorragender Bischof, der viele Initiativen ins Leben gerufen hat. So gibt es Schulen, Waisenh\u00e4user, eine Katechetenschule und vor allem eine erfreuliche Zahl an Berufungen. Mit Bischof Aguirre habe ich die 30 jungen M\u00e4nner aus Bangassou, die sich in der Hauptstadt Bangui auf das Priestertum vorbereiten, besucht. Ich habe junge M\u00e4nner gesehen, die froh und zuversichtlich sind und voller Freude Jesus ihr Leben schenken. Bischof Aguirres Werk fortzusetzen wird eine enorme Aufgabe sein, aber ich freue mich, dass ich in der Di\u00f6zese Bangassou meinen Dienst tun darf, und ich liebe sie jetzt schon.<\/p>\n<h4><strong>In der Zentralafrikanischen Republik sind Sie bekannt als \u201eder Mann, der die Gewehre der Rebellen heruntergebogen hat\u201c. Aufgrund Ihrer erfolgreichen Friedensverhandlungen mit bewaffneten Gruppierungen, durch die Sie unter anderem 2014 den Abzug der Seleka-Rebellen aus der Stadt Bozoum erreichten, sind Sie auch international bekannt geworden. So wurden Sie in dieser Zeit im Rahmen der Zusammenarbeit mit ACN von verschiedenen politischen Entscheidungstr\u00e4gern konsultiert, beispielsweise in Br\u00fcssel. Allerdings haben Sie bei Ihrem Einsatz f\u00fcr den Frieden immer wieder Ihr Leben riskiert. Warum engagieren Sie sich auf diese Weise? <\/strong><\/h4>\n<figure id=\"attachment_192661\" aria-describedby=\"caption-attachment-192661\" style=\"width: 800px\" class=\"wp-caption aligncenter\"><img loading=\"lazy\" decoding=\"async\" class=\"wp-image-192661 size-large\" src=\"https:\/\/media.acninternational.org\/wp-content\/uploads\/2024\/03\/ACN-20240301-161085-1024x768.jpg\" alt=\"Die \u00f6rtlichen Gl\u00e4ubigen gratulieren Pater Aurelio zu seiner Ernennung zum Koadjutor-Bischof der Di\u00f6zese Bangassou\" width=\"800\" height=\"600\" srcset=\"https:\/\/media.acninternational.org\/wp-content\/uploads\/2024\/03\/ACN-20240301-161085-1024x768.jpg 1024w, https:\/\/media.acninternational.org\/wp-content\/uploads\/2024\/03\/ACN-20240301-161085-300x225.jpg 300w, https:\/\/media.acninternational.org\/wp-content\/uploads\/2024\/03\/ACN-20240301-161085-768x576.jpg 768w, https:\/\/media.acninternational.org\/wp-content\/uploads\/2024\/03\/ACN-20240301-161085.jpg 1080w\" sizes=\"auto, (max-width: 800px) 100vw, 800px\" \/><figcaption id=\"caption-attachment-192661\" class=\"wp-caption-text\">Die \u00f6rtlichen Gl\u00e4ubigen gratulieren Pater Aurelio zu seiner Ernennung zum Koadjutor-Bischof der Di\u00f6zese Bangassou<\/figcaption><\/figure>\n<p>Als Priester, als Pfarrer und als Bischof verletzt alles, was meine Br\u00fcder und Schwestern verletzt oder sie trifft, auch mich selbst. So hatte ich als Pfarrer die Verantwortung \u2013 und habe sie nun als Bischof umso mehr -, mich um die mir anvertrauten Menschen zu k\u00fcmmern und sie zu besch\u00fctzen. Der Hirte begleitet seine Schafe nicht nur, sondern er verteidigt sie vor den Gefahren. Also werde ich alles tun, um den Dialog mit den verschiedenen Rebellengruppierungen fortzusetzen und werde mit denen sprechen, die &#8211; wenn auch nat\u00fcrlich auf falsche Weise &#8211; ihre Erwartungen an die Regierung und an die Internationale Gemeinschaft zum Ausdruck bringen. Ich werde versuchen, allen zuzuh\u00f6ren und mit meinen begrenzten Kr\u00e4ften ein Zeichen des Friedens zu sein.<\/p>\n<h4><strong>Sie geh\u00f6ren zum Orden der Unbeschuhten Karmeliten. Ihr voller Ordensname lautet: \u201ePater Aurelio vom heiligen Petrus\u201c. Welche innere Verbindung haben Sie zum Apostel Petrus?<\/strong><\/h4>\n<p>Die Gestalt des heiligen Petrus hat mich immer begeistert: sein \u00dcberschwang, seine Begeisterung, seine Schw\u00e4chen, seine St\u00e4rken\u2026 Ich denke, dass ich f\u00fcr meine Bischofsweihe Kapitel 21 aus dem Johannesevangelium w\u00e4hlen werde, wo Jesus nach dem wunderbaren Fischfang dreimal Petrus fragt: \u201eLiebst du mich?\u201c, und Petrus beim dritten Mal antwortet: \u201eHerr, du wei\u00dft alles, du wei\u00dft, dass ich dich liebe\u201c. ER wei\u00df alles; Er kennt meine Schw\u00e4chen, meine \u00c4ngste, meine Fehler. Und dennoch ruft Er mich und sagt: \u201eWeide meine L\u00e4mmer!\u201c Ich m\u00f6chte aus diesem neuen Abschnitt meines Lebens ein Zeichen dieser Liebe zu Jesus, zur Kirche und zu meinen Br\u00fcdern und Schwestern, die mir anvertraut sind, machen.<\/p>\n<h4><strong>Welches sind die n\u00e4chsten Schritte, die Sie unternehmen werden? <\/strong><\/h4>\n<p>Meine Bischofsweihe findet am 9. Juni in der Kathedrale von Bangui statt.<\/p>\n<p>Direkt nach Ostern werde ich bereits nach Bangassou umziehen. Also muss ich im M\u00e4rz sehen, wie ich alle meine verschiedenen Aufgaben &#8211; die Schulen, die Mechanikerschule, die pastorale Arbeit in der Pfarrei, die Arbeit als Caritasdirektor und die Betreuung der Baustelle an unserem neuen Kloster in Bangui &#8211; \u00fcbergeben kann, damit ich bereit f\u00fcr den Umzug bin. Im April und Mai werde ich die Di\u00f6zese Bangassou kennenlernen und die Missionen und Pfarreien besuchen, die mit dem Auto erreichbar sind. Ende Mai kehre ich nach Bangui zur\u00fcck, um mich mit geistlichen Exerzitien und etwas Ruhe und Stille auf dieses gro\u00dfe Geschenk der Bischofsweihe vorzubereiten.<\/p>\n<figure id=\"attachment_192667\" aria-describedby=\"caption-attachment-192667\" style=\"width: 800px\" class=\"wp-caption aligncenter\"><img loading=\"lazy\" decoding=\"async\" class=\"wp-image-192667 size-large\" src=\"https:\/\/media.acninternational.org\/wp-content\/uploads\/2024\/03\/ACN-20240301-161088-1024x768.jpg\" alt=\"Pater Aurelio Gazzera, neu ernannter Koadjutor-Bischof von Bangassou, umarmt Bischof Juan Jos\u00e9 Aguirre\" width=\"800\" height=\"600\" srcset=\"https:\/\/media.acninternational.org\/wp-content\/uploads\/2024\/03\/ACN-20240301-161088-1024x768.jpg 1024w, https:\/\/media.acninternational.org\/wp-content\/uploads\/2024\/03\/ACN-20240301-161088-300x225.jpg 300w, https:\/\/media.acninternational.org\/wp-content\/uploads\/2024\/03\/ACN-20240301-161088-768x576.jpg 768w, https:\/\/media.acninternational.org\/wp-content\/uploads\/2024\/03\/ACN-20240301-161088.jpg 1080w\" sizes=\"auto, (max-width: 800px) 100vw, 800px\" \/><figcaption id=\"caption-attachment-192667\" class=\"wp-caption-text\">Pater Aurelio Gazzera, neu ernannter Koadjutor-Bischof von Bangassou, umarmt Bischof Juan Jos\u00e9 Aguirre<\/figcaption><\/figure>\n<p>Das weitere Programm wird der Herr aufstellen. Alles ist in den H\u00e4nden des Herrn und derer, die Ja gesagt haben, um Ihm so viele Jahre lang gemeinsam mit Bischof Aguirre zu dienen: die Priester, die Katecheten und die Gl\u00e4ubigen der Di\u00f6zese Bangassou.<\/p>\n<h4><strong>Zum Schluss: In den Nachrichten h\u00f6rt man nur noch wenig \u00fcber die Zentralafrikanische Republik, aber vor einem Jahr wurde beispielsweise Ihr Mitbruder, Pater Norberto Pozzi, durch eine Landmine sehr schwer verletzt. Wie beurteilen Sie die Lage im Land?<\/strong><\/h4>\n<p>Die Situation in der Zentralafrikanischen Republik ist weiterhin sehr schwierig und instabil. Auf der einen Seite gibt es Gebiete, in denen es ruhiger geworden ist. In anderen Gebieten hingegen ist die Unsicherheit noch sehr hoch. Erst im Dezember wurde ein Dorf in der Di\u00f6zese Bouar angegriffen. Es gab 28 Tote, 900 H\u00e4user wurden niedergebrannt. Auch in der Di\u00f6zese Bangassou sind Missionen geschlossen, weil es noch in den vergangenen Monaten Angriffe gegeben hat. Die Sicherheitslage ist in weiten Teilen des Landes weiterhin prek\u00e4r.<\/p>\n<p>&nbsp;<\/p>\n<p>Von <strong>Eva-Maria Kolmann<\/strong>.<\/p>\n","protected":false},"excerpt":{"rendered":"<p>Am 23. Februar 2024 ernannte Papst Franziskus Pater Aurelio Gazzera, einen langj\u00e4hrigen Freund und Partner von ACN, zum Bischofskoadjutor der<\/p>\n","protected":false},"author":4258341447,"featured_media":192648,"comment_status":"closed","ping_status":"closed","sticky":false,"template":"","format":"standard","meta":{"_acf_changed":false,"_acn_coauthor_ids":[],"footnotes":""},"categories":[929],"tags":[],"country":[891],"class_list":["post-192672","post","type-post","status-publish","format-standard","has-post-thumbnail","hentry","category-interview-2","country-zentralafrikanische-republik"],"acn_coauthors":[],"acf":[],"yoast_head":"<!-- This site is optimized with the Yoast SEO Premium plugin v27.3 (Yoast SEO v27.3) - https:\/\/yoast.com\/product\/yoast-seo-premium-wordpress\/ -->\n<title>Zentralafrikanische Republik: \u201eEin Hirt verteidigt seine Schafe gegen die Gefahren\u201c | ACN International<\/title>\n<meta name=\"robots\" content=\"index, follow, max-snippet:-1, max-image-preview:large, max-video-preview:-1\" \/>\n<link rel=\"canonical\" href=\"https:\/\/acninternational.org\/de\/zentralafrikanische-republik-ein-hirt-verteidigt-seine-schafe-gegen-die-gefahren\/\" \/>\n<meta property=\"og:locale\" content=\"de_DE\" \/>\n<meta property=\"og:type\" content=\"article\" \/>\n<meta property=\"og:title\" content=\"Zentralafrikanische Republik: \u201eEin Hirt verteidigt seine Schafe gegen die Gefahren\u201c\" \/>\n<meta property=\"og:description\" content=\"Am 23. Februar 2024 ernannte Papst Franziskus Pater Aurelio Gazzera, einen langj\u00e4hrigen Freund und Partner von ACN, zum Bischofskoadjutor der\" \/>\n<meta property=\"og:url\" content=\"https:\/\/acninternational.org\/de\/zentralafrikanische-republik-ein-hirt-verteidigt-seine-schafe-gegen-die-gefahren\/\" \/>\n<meta property=\"og:site_name\" content=\"ACN International\" \/>\n<meta property=\"article:publisher\" content=\"https:\/\/www.facebook.com\/acninternationalorg\" \/>\n<meta property=\"article:published_time\" content=\"2024-03-04T15:10:23+00:00\" \/>\n<meta property=\"article:modified_time\" content=\"2024-04-10T10:15:47+00:00\" \/>\n<meta property=\"og:image\" content=\"https:\/\/media.acninternational.org\/wp-content\/uploads\/2024\/03\/ACN-20240301-161092.jpg\" \/>\n\t<meta property=\"og:image:width\" content=\"1920\" \/>\n\t<meta property=\"og:image:height\" content=\"700\" \/>\n\t<meta property=\"og:image:type\" content=\"image\/jpeg\" \/>\n<meta name=\"author\" content=\"ACN Press Team\" \/>\n<meta name=\"twitter:card\" content=\"summary_large_image\" \/>\n<meta name=\"twitter:creator\" content=\"@acn_int\" \/>\n<meta name=\"twitter:site\" content=\"@acn_int\" \/>\n<meta name=\"twitter:label1\" content=\"Verfasst von\" \/>\n\t<meta name=\"twitter:data1\" content=\"ACN Press Team\" \/>\n\t<meta name=\"twitter:label2\" content=\"Gesch\u00e4tzte Lesezeit\" \/>\n\t<meta name=\"twitter:data2\" content=\"6\u00a0Minuten\" \/>\n<script type=\"application\/ld+json\" class=\"yoast-schema-graph\">{\"@context\":\"https:\\\/\\\/schema.org\",\"@graph\":[{\"@type\":\"Article\",\"@id\":\"https:\\\/\\\/acninternational.org\\\/de\\\/zentralafrikanische-republik-ein-hirt-verteidigt-seine-schafe-gegen-die-gefahren\\\/#article\",\"isPartOf\":{\"@id\":\"https:\\\/\\\/acninternational.org\\\/de\\\/zentralafrikanische-republik-ein-hirt-verteidigt-seine-schafe-gegen-die-gefahren\\\/\"},\"author\":{\"name\":\"ACN Press Team\",\"@id\":\"https:\\\/\\\/acninternational.org\\\/de\\\/#\\\/schema\\\/person\\\/7f3dafb236b242fb2aa46be1411fd703\"},\"headline\":\"Zentralafrikanische Republik: \u201eEin Hirt verteidigt seine Schafe gegen die Gefahren\u201c\",\"datePublished\":\"2024-03-04T15:10:23+00:00\",\"dateModified\":\"2024-04-10T10:15:47+00:00\",\"mainEntityOfPage\":{\"@id\":\"https:\\\/\\\/acninternational.org\\\/de\\\/zentralafrikanische-republik-ein-hirt-verteidigt-seine-schafe-gegen-die-gefahren\\\/\"},\"wordCount\":1233,\"publisher\":{\"@id\":\"https:\\\/\\\/acninternational.org\\\/de\\\/#organization\"},\"image\":{\"@id\":\"https:\\\/\\\/acninternational.org\\\/de\\\/zentralafrikanische-republik-ein-hirt-verteidigt-seine-schafe-gegen-die-gefahren\\\/#primaryimage\"},\"thumbnailUrl\":\"https:\\\/\\\/media.acninternational.org\\\/wp-content\\\/uploads\\\/2024\\\/03\\\/ACN-20240301-161092.jpg\",\"articleSection\":[\"Interview\"],\"inLanguage\":\"de\"},{\"@type\":\"WebPage\",\"@id\":\"https:\\\/\\\/acninternational.org\\\/de\\\/zentralafrikanische-republik-ein-hirt-verteidigt-seine-schafe-gegen-die-gefahren\\\/\",\"url\":\"https:\\\/\\\/acninternational.org\\\/de\\\/zentralafrikanische-republik-ein-hirt-verteidigt-seine-schafe-gegen-die-gefahren\\\/\",\"name\":\"Zentralafrikanische Republik: \u201eEin Hirt verteidigt seine Schafe gegen die Gefahren\u201c | ACN International\",\"isPartOf\":{\"@id\":\"https:\\\/\\\/acninternational.org\\\/de\\\/#website\"},\"primaryImageOfPage\":{\"@id\":\"https:\\\/\\\/acninternational.org\\\/de\\\/zentralafrikanische-republik-ein-hirt-verteidigt-seine-schafe-gegen-die-gefahren\\\/#primaryimage\"},\"image\":{\"@id\":\"https:\\\/\\\/acninternational.org\\\/de\\\/zentralafrikanische-republik-ein-hirt-verteidigt-seine-schafe-gegen-die-gefahren\\\/#primaryimage\"},\"thumbnailUrl\":\"https:\\\/\\\/media.acninternational.org\\\/wp-content\\\/uploads\\\/2024\\\/03\\\/ACN-20240301-161092.jpg\",\"datePublished\":\"2024-03-04T15:10:23+00:00\",\"dateModified\":\"2024-04-10T10:15:47+00:00\",\"breadcrumb\":{\"@id\":\"https:\\\/\\\/acninternational.org\\\/de\\\/zentralafrikanische-republik-ein-hirt-verteidigt-seine-schafe-gegen-die-gefahren\\\/#breadcrumb\"},\"inLanguage\":\"de\",\"potentialAction\":[{\"@type\":\"ReadAction\",\"target\":[\"https:\\\/\\\/acninternational.org\\\/de\\\/zentralafrikanische-republik-ein-hirt-verteidigt-seine-schafe-gegen-die-gefahren\\\/\"]}]},{\"@type\":\"ImageObject\",\"inLanguage\":\"de\",\"@id\":\"https:\\\/\\\/acninternational.org\\\/de\\\/zentralafrikanische-republik-ein-hirt-verteidigt-seine-schafe-gegen-die-gefahren\\\/#primaryimage\",\"url\":\"https:\\\/\\\/media.acninternational.org\\\/wp-content\\\/uploads\\\/2024\\\/03\\\/ACN-20240301-161092.jpg\",\"contentUrl\":\"https:\\\/\\\/media.acninternational.org\\\/wp-content\\\/uploads\\\/2024\\\/03\\\/ACN-20240301-161092.jpg\",\"width\":1920,\"height\":700},{\"@type\":\"BreadcrumbList\",\"@id\":\"https:\\\/\\\/acninternational.org\\\/de\\\/zentralafrikanische-republik-ein-hirt-verteidigt-seine-schafe-gegen-die-gefahren\\\/#breadcrumb\",\"itemListElement\":[{\"@type\":\"ListItem\",\"position\":1,\"name\":\"Home\",\"item\":\"https:\\\/\\\/acninternational.org\\\/de\\\/\"},{\"@type\":\"ListItem\",\"position\":2,\"name\":\"Interview\",\"item\":\"https:\\\/\\\/acninternational.org\\\/de\\\/category\\\/interview-2\\\/\"},{\"@type\":\"ListItem\",\"position\":3,\"name\":\"Zentralafrikanische Republik: \u201eEin Hirt verteidigt seine Schafe gegen die Gefahren\u201c\"}]},{\"@type\":\"WebSite\",\"@id\":\"https:\\\/\\\/acninternational.org\\\/de\\\/#website\",\"url\":\"https:\\\/\\\/acninternational.org\\\/de\\\/\",\"name\":\"ACN International\",\"description\":\"\",\"publisher\":{\"@id\":\"https:\\\/\\\/acninternational.org\\\/de\\\/#organization\"},\"potentialAction\":[{\"@type\":\"SearchAction\",\"target\":{\"@type\":\"EntryPoint\",\"urlTemplate\":\"https:\\\/\\\/acninternational.org\\\/de\\\/?s={search_term_string}\"},\"query-input\":{\"@type\":\"PropertyValueSpecification\",\"valueRequired\":true,\"valueName\":\"search_term_string\"}}],\"inLanguage\":\"de\"},{\"@type\":\"Organization\",\"@id\":\"https:\\\/\\\/acninternational.org\\\/de\\\/#organization\",\"name\":\"Aid to the Church in Need International\",\"url\":\"https:\\\/\\\/acninternational.org\\\/de\\\/\",\"logo\":{\"@type\":\"ImageObject\",\"inLanguage\":\"de\",\"@id\":\"https:\\\/\\\/acninternational.org\\\/de\\\/#\\\/schema\\\/logo\\\/image\\\/\",\"url\":\"https:\\\/\\\/media.acninternational.org\\\/wp-content\\\/uploads\\\/2019\\\/11\\\/acn_logo_blackvector.svg\",\"contentUrl\":\"https:\\\/\\\/media.acninternational.org\\\/wp-content\\\/uploads\\\/2019\\\/11\\\/acn_logo_blackvector.svg\",\"width\":232.6,\"height\":78,\"caption\":\"Aid to the Church in Need International\"},\"image\":{\"@id\":\"https:\\\/\\\/acninternational.org\\\/de\\\/#\\\/schema\\\/logo\\\/image\\\/\"},\"sameAs\":[\"https:\\\/\\\/www.facebook.com\\\/acninternationalorg\",\"https:\\\/\\\/x.com\\\/acn_int\",\"https:\\\/\\\/www.youtube.com\\\/channel\\\/UCQ-077gS0TnVzkhHmf1opZw\",\"https:\\\/\\\/www.instagram.com\\\/acn_international\\\/\"]},{\"@type\":\"Person\",\"@id\":\"https:\\\/\\\/acninternational.org\\\/de\\\/#\\\/schema\\\/person\\\/7f3dafb236b242fb2aa46be1411fd703\",\"name\":\"ACN Press Team\",\"description\":\"Lorem ipsum dolor sit amet, consectetur adipiscing elit, sed do eiusmod tempor incididunt ut labore et dolore magna aliqua. Ut enim ad minim veniam, quis nostrud exercitation ullamco laboris nisi ut aliquip ex ea commodo consequat.\",\"url\":\"https:\\\/\\\/acninternational.org\\\/de\\\/author\\\/acn-press-team\\\/\"}]}<\/script>\n<!-- \/ Yoast SEO Premium plugin. -->","yoast_head_json":{"title":"Zentralafrikanische Republik: \u201eEin Hirt verteidigt seine Schafe gegen die Gefahren\u201c | ACN International","robots":{"index":"index","follow":"follow","max-snippet":"max-snippet:-1","max-image-preview":"max-image-preview:large","max-video-preview":"max-video-preview:-1"},"canonical":"https:\/\/acninternational.org\/de\/zentralafrikanische-republik-ein-hirt-verteidigt-seine-schafe-gegen-die-gefahren\/","og_locale":"de_DE","og_type":"article","og_title":"Zentralafrikanische Republik: \u201eEin Hirt verteidigt seine Schafe gegen die Gefahren\u201c","og_description":"Am 23. Februar 2024 ernannte Papst Franziskus Pater Aurelio Gazzera, einen langj\u00e4hrigen Freund und Partner von ACN, zum Bischofskoadjutor der","og_url":"https:\/\/acninternational.org\/de\/zentralafrikanische-republik-ein-hirt-verteidigt-seine-schafe-gegen-die-gefahren\/","og_site_name":"ACN International","article_publisher":"https:\/\/www.facebook.com\/acninternationalorg","article_published_time":"2024-03-04T15:10:23+00:00","article_modified_time":"2024-04-10T10:15:47+00:00","og_image":[{"width":1920,"height":700,"url":"https:\/\/media.acninternational.org\/wp-content\/uploads\/2024\/03\/ACN-20240301-161092.jpg","type":"image\/jpeg"}],"author":"ACN Press Team","twitter_card":"summary_large_image","twitter_creator":"@acn_int","twitter_site":"@acn_int","twitter_misc":{"Verfasst von":"ACN Press Team","Gesch\u00e4tzte Lesezeit":"6\u00a0Minuten"},"schema":{"@context":"https:\/\/schema.org","@graph":[{"@type":"Article","@id":"https:\/\/acninternational.org\/de\/zentralafrikanische-republik-ein-hirt-verteidigt-seine-schafe-gegen-die-gefahren\/#article","isPartOf":{"@id":"https:\/\/acninternational.org\/de\/zentralafrikanische-republik-ein-hirt-verteidigt-seine-schafe-gegen-die-gefahren\/"},"author":{"name":"ACN Press Team","@id":"https:\/\/acninternational.org\/de\/#\/schema\/person\/7f3dafb236b242fb2aa46be1411fd703"},"headline":"Zentralafrikanische Republik: \u201eEin Hirt verteidigt seine Schafe gegen die Gefahren\u201c","datePublished":"2024-03-04T15:10:23+00:00","dateModified":"2024-04-10T10:15:47+00:00","mainEntityOfPage":{"@id":"https:\/\/acninternational.org\/de\/zentralafrikanische-republik-ein-hirt-verteidigt-seine-schafe-gegen-die-gefahren\/"},"wordCount":1233,"publisher":{"@id":"https:\/\/acninternational.org\/de\/#organization"},"image":{"@id":"https:\/\/acninternational.org\/de\/zentralafrikanische-republik-ein-hirt-verteidigt-seine-schafe-gegen-die-gefahren\/#primaryimage"},"thumbnailUrl":"https:\/\/media.acninternational.org\/wp-content\/uploads\/2024\/03\/ACN-20240301-161092.jpg","articleSection":["Interview"],"inLanguage":"de"},{"@type":"WebPage","@id":"https:\/\/acninternational.org\/de\/zentralafrikanische-republik-ein-hirt-verteidigt-seine-schafe-gegen-die-gefahren\/","url":"https:\/\/acninternational.org\/de\/zentralafrikanische-republik-ein-hirt-verteidigt-seine-schafe-gegen-die-gefahren\/","name":"Zentralafrikanische Republik: \u201eEin Hirt verteidigt seine Schafe gegen die Gefahren\u201c | ACN International","isPartOf":{"@id":"https:\/\/acninternational.org\/de\/#website"},"primaryImageOfPage":{"@id":"https:\/\/acninternational.org\/de\/zentralafrikanische-republik-ein-hirt-verteidigt-seine-schafe-gegen-die-gefahren\/#primaryimage"},"image":{"@id":"https:\/\/acninternational.org\/de\/zentralafrikanische-republik-ein-hirt-verteidigt-seine-schafe-gegen-die-gefahren\/#primaryimage"},"thumbnailUrl":"https:\/\/media.acninternational.org\/wp-content\/uploads\/2024\/03\/ACN-20240301-161092.jpg","datePublished":"2024-03-04T15:10:23+00:00","dateModified":"2024-04-10T10:15:47+00:00","breadcrumb":{"@id":"https:\/\/acninternational.org\/de\/zentralafrikanische-republik-ein-hirt-verteidigt-seine-schafe-gegen-die-gefahren\/#breadcrumb"},"inLanguage":"de","potentialAction":[{"@type":"ReadAction","target":["https:\/\/acninternational.org\/de\/zentralafrikanische-republik-ein-hirt-verteidigt-seine-schafe-gegen-die-gefahren\/"]}]},{"@type":"ImageObject","inLanguage":"de","@id":"https:\/\/acninternational.org\/de\/zentralafrikanische-republik-ein-hirt-verteidigt-seine-schafe-gegen-die-gefahren\/#primaryimage","url":"https:\/\/media.acninternational.org\/wp-content\/uploads\/2024\/03\/ACN-20240301-161092.jpg","contentUrl":"https:\/\/media.acninternational.org\/wp-content\/uploads\/2024\/03\/ACN-20240301-161092.jpg","width":1920,"height":700},{"@type":"BreadcrumbList","@id":"https:\/\/acninternational.org\/de\/zentralafrikanische-republik-ein-hirt-verteidigt-seine-schafe-gegen-die-gefahren\/#breadcrumb","itemListElement":[{"@type":"ListItem","position":1,"name":"Home","item":"https:\/\/acninternational.org\/de\/"},{"@type":"ListItem","position":2,"name":"Interview","item":"https:\/\/acninternational.org\/de\/category\/interview-2\/"},{"@type":"ListItem","position":3,"name":"Zentralafrikanische Republik: \u201eEin Hirt verteidigt seine Schafe gegen die Gefahren\u201c"}]},{"@type":"WebSite","@id":"https:\/\/acninternational.org\/de\/#website","url":"https:\/\/acninternational.org\/de\/","name":"ACN International","description":"","publisher":{"@id":"https:\/\/acninternational.org\/de\/#organization"},"potentialAction":[{"@type":"SearchAction","target":{"@type":"EntryPoint","urlTemplate":"https:\/\/acninternational.org\/de\/?s={search_term_string}"},"query-input":{"@type":"PropertyValueSpecification","valueRequired":true,"valueName":"search_term_string"}}],"inLanguage":"de"},{"@type":"Organization","@id":"https:\/\/acninternational.org\/de\/#organization","name":"Aid to the Church in Need International","url":"https:\/\/acninternational.org\/de\/","logo":{"@type":"ImageObject","inLanguage":"de","@id":"https:\/\/acninternational.org\/de\/#\/schema\/logo\/image\/","url":"https:\/\/media.acninternational.org\/wp-content\/uploads\/2019\/11\/acn_logo_blackvector.svg","contentUrl":"https:\/\/media.acninternational.org\/wp-content\/uploads\/2019\/11\/acn_logo_blackvector.svg","width":232.6,"height":78,"caption":"Aid to the Church in Need International"},"image":{"@id":"https:\/\/acninternational.org\/de\/#\/schema\/logo\/image\/"},"sameAs":["https:\/\/www.facebook.com\/acninternationalorg","https:\/\/x.com\/acn_int","https:\/\/www.youtube.com\/channel\/UCQ-077gS0TnVzkhHmf1opZw","https:\/\/www.instagram.com\/acn_international\/"]},{"@type":"Person","@id":"https:\/\/acninternational.org\/de\/#\/schema\/person\/7f3dafb236b242fb2aa46be1411fd703","name":"ACN Press Team","description":"Lorem ipsum dolor sit amet, consectetur adipiscing elit, sed do eiusmod tempor incididunt ut labore et dolore magna aliqua. Ut enim ad minim veniam, quis nostrud exercitation ullamco laboris nisi ut aliquip ex ea commodo consequat.","url":"https:\/\/acninternational.org\/de\/author\/acn-press-team\/"}]}},"_links":{"self":[{"href":"https:\/\/acninternational.org\/de\/wp-json\/wp\/v2\/posts\/192672","targetHints":{"allow":["GET"]}}],"collection":[{"href":"https:\/\/acninternational.org\/de\/wp-json\/wp\/v2\/posts"}],"about":[{"href":"https:\/\/acninternational.org\/de\/wp-json\/wp\/v2\/types\/post"}],"author":[{"embeddable":true,"href":"https:\/\/acninternational.org\/de\/wp-json\/wp\/v2\/users\/4258341447"}],"replies":[{"embeddable":true,"href":"https:\/\/acninternational.org\/de\/wp-json\/wp\/v2\/comments?post=192672"}],"version-history":[{"count":0,"href":"https:\/\/acninternational.org\/de\/wp-json\/wp\/v2\/posts\/192672\/revisions"}],"wp:featuredmedia":[{"embeddable":true,"href":"https:\/\/acninternational.org\/de\/wp-json\/wp\/v2\/media\/192648"}],"wp:attachment":[{"href":"https:\/\/acninternational.org\/de\/wp-json\/wp\/v2\/media?parent=192672"}],"wp:term":[{"taxonomy":"category","embeddable":true,"href":"https:\/\/acninternational.org\/de\/wp-json\/wp\/v2\/categories?post=192672"},{"taxonomy":"post_tag","embeddable":true,"href":"https:\/\/acninternational.org\/de\/wp-json\/wp\/v2\/tags?post=192672"},{"taxonomy":"country","embeddable":true,"href":"https:\/\/acninternational.org\/de\/wp-json\/wp\/v2\/country?post=192672"}],"curies":[{"name":"wp","href":"https:\/\/api.w.org\/{rel}","templated":true}]}}