{"id":189177,"date":"2024-02-16T10:16:03","date_gmt":"2024-02-16T09:16:03","guid":{"rendered":"https:\/\/acninternational.org\/?p=189177"},"modified":"2024-04-10T16:35:05","modified_gmt":"2024-04-10T14:35:05","slug":"die-familie-ist-eines-der-groessten-opfer-des-krieges-sie-erleidet-staendige-folter-so-das-oberhaupt-der-ukrainischen-griechisch-katholischen-kirche","status":"publish","type":"post","link":"https:\/\/acninternational.org\/de\/die-familie-ist-eines-der-groessten-opfer-des-krieges-sie-erleidet-staendige-folter-so-das-oberhaupt-der-ukrainischen-griechisch-katholischen-kirche\/","title":{"rendered":"Die Familie ist eines der gr\u00f6\u00dften Opfer des Krieges \u2013 \u201eSie erleidet st\u00e4ndige Folter\u201c, so das Oberhaupt der ukrainischen griechisch-katholischen Kirche"},"content":{"rendered":"<p><em>Zehn Jahre nach Beginn des Krieges in der Ukraine wird ACN seine Fastenkampagne 2024 dazu nutzen, um der leidenden Kirche in diesem Land beizustehen und ihr zu helfen, Gottes heilende Liebe den Menschen zu bringen.<\/em><\/p>\n<p>Bei einer Konferenz von Aid to the Church in Need (ACN) zum Jahrestag des Kriegsbeginns und zum Auftakt der j\u00e4hrlichen Fastenaktion des Hilfswerks erl\u00e4uterte Gro\u00dferzbischof Swjatoslaw Schewtschuk, die Zahl der durch den Krieg in der Ukraine get\u00f6teten, verst\u00fcmmelten und traumatisierten Menschen steige weiter an und die langfristigen Auswirkungen auf die Gesellschaft w\u00fcrden immer deutlicher.<\/p>\n<figure id=\"attachment_187467\" aria-describedby=\"caption-attachment-187467\" style=\"width: 683px\" class=\"wp-caption aligncenter\"><img loading=\"lazy\" decoding=\"async\" class=\"wp-image-187467 size-large\" src=\"https:\/\/media.acninternational.org\/wp-content\/uploads\/2023\/12\/ACN-20231215-157665-683x1024.jpg\" alt=\"Erzbischof Sviatoslav Shevchuk sprach am 14. Februar in einer von ACN organisierten Online-Konferenz.\" width=\"683\" height=\"1024\" srcset=\"https:\/\/media.acninternational.org\/wp-content\/uploads\/2023\/12\/ACN-20231215-157665-683x1024.jpg 683w, https:\/\/media.acninternational.org\/wp-content\/uploads\/2023\/12\/ACN-20231215-157665-200x300.jpg 200w, https:\/\/media.acninternational.org\/wp-content\/uploads\/2023\/12\/ACN-20231215-157665-768x1152.jpg 768w, https:\/\/media.acninternational.org\/wp-content\/uploads\/2023\/12\/ACN-20231215-157665-1024x1536.jpg 1024w, https:\/\/media.acninternational.org\/wp-content\/uploads\/2023\/12\/ACN-20231215-157665.jpg 1080w\" sizes=\"auto, (max-width: 683px) 100vw, 683px\" \/><figcaption id=\"caption-attachment-187467\" class=\"wp-caption-text\">Erzbischof Sviatoslav Shevchuk sprach am 14. Februar in einer von ACN organisierten Online-Konferenz.<\/figcaption><\/figure>\n<p>\u201eDie Zukunft der Ukraine und der Kirche h\u00e4ngt davon ab, wie gut wir darauf reagieren k\u00f6nnen, das Kriegstrauma zu \u00fcberwinden; dieses Trauma hat bereits das Herz der ukrainischen Gesellschaft getroffen: die Familie\u201c, so das Oberhaupt der Ukrainischen Griechisch-Katholischen Kirche (UGKK).<\/p>\n<p>\u201eHeute haben wir es mit neuen Familienkonstellationen zu tun: den Familien der Get\u00f6teten, den Familien der Schwerverletzten, aber auch den Familien der Vermissten. Nach Angaben der Ukraine wurden 20 000 Kinder von Russen verschleppt, wobei Russland sogar von 800 000 deportierten Kindern spricht. Wir haben auch 35 000 vermisste Soldaten. Das Leben ihrer Familien ist eine st\u00e4ndige Qual. Eine Frau, eine 23-j\u00e4hrige Mutter von zwei Kindern, fragte mich: \u201aBin ich Witwe? Soll ich f\u00fcr meinen Mann beten wie f\u00fcr einen Lebenden oder f\u00fcr einen Toten?\u2018 Jedes Mal, wenn wir einen Gefangenenaustausch haben und ihre Ehem\u00e4nner nicht zur\u00fcckkehren, wird ihr Schmerz noch gr\u00f6\u00dfer. F\u00fcr jede Familie ist das eine andauernde physische und psychische Folter\u201c, sagte er.<\/p>\n<p>F\u00fcr diejenigen, die zur\u00fcckkehren, bringt die Befreiung aus russischer Gefangenschaft auch Herausforderungen mit sich, so der Apostolische Nuntius in der Ukraine, Erzbischof Visvaldas Kulbokas. \u201eWenn wir mit Menschen sprechen, die in die Ukraine zur\u00fcckkehren, und sie die Bedingungen beschreiben, unter denen sie gefangen waren, dann sind das schreckliche Zust\u00e4nde, vor allem f\u00fcr die Soldaten. Einige von ihnen sind nicht in der Lage zu sprechen, so traumatisiert sind sie.\u201c<\/p>\n<p>Aber auch viele andere Familien haben nach Aussage von Gro\u00dferzbischof Schewtschuk zu leiden: \u201eHeute lebt die Mehrheit der Familien in Trennung, weil die M\u00e4nner in der Armee sind und die Frauen mit ihren Kindern die Stadt oder sogar das Land verlassen haben.\u201c<\/p>\n<p>Die Statistiken, die sich aus dieser Situation ergeben, sind ersch\u00fctternd: \u201eIm Jahr 2023 hatten wir 170 000 Eheschlie\u00dfungen, aber es gab 120 000 Scheidungen. Das sind die h\u00f6chsten Scheidungszahlen in der Geschichte der unabh\u00e4ngigen Ukraine. Diesen Menschen zu helfen, ist eine gro\u00dfe Herausforderung f\u00fcr unsere Kirche. Sehr oft kann man nichts anderes tun, als pr\u00e4sent zu sein, mit ihnen zu weinen, jener Frau oder jenem Soldaten, der Schmerzen hat, die Hand zu halten. Das ist die gr\u00f6\u00dfte pastorale Herausforderung f\u00fcr mich und f\u00fcr die Kirche heute\u201c, sagte das Oberhaupt der gr\u00f6\u00dften Kirche des \u00f6stlichen Ritus in Gemeinschaft mit Rom.<\/p>\n<h4><strong>Ein vergessener Konflikt?<\/strong><\/h4>\n<p>Zu Beginn der Konferenz warnte Regina Lynch, gesch\u00e4ftsf\u00fchrende Pr\u00e4sidentin von ACN, dass \u201ewir bei so vielen Konflikten und Unruhen auf der ganzen Welt in realer Gefahr sind, dass die Ukraine in Vergessenheit geraten k\u00f6nnte, w\u00e4hrend sich die globale Aufmerksamkeit auf die n\u00e4chste Krise richtet. Wir bei ACN sind entschlossen, dass dies nicht geschieht, und das ist einer der Gr\u00fcnde, warum wir die diesj\u00e4hrige Fastenkampagne zum Anlass nehmen, um auf die Situation in der Ukraine aufmerksam zu machen.\u201c<\/p>\n<figure id=\"attachment_189152\" aria-describedby=\"caption-attachment-189152\" style=\"width: 683px\" class=\"wp-caption aligncenter\"><img loading=\"lazy\" decoding=\"async\" class=\"wp-image-189152 size-large\" src=\"https:\/\/media.acninternational.org\/wp-content\/uploads\/2024\/02\/ACN-20230825-151832-683x1024.jpg\" alt=\"Regina Lynch, Gesch\u00e4ftsf\u00fchrende Pr\u00e4sidentin von ACN International.\" width=\"683\" height=\"1024\" srcset=\"https:\/\/media.acninternational.org\/wp-content\/uploads\/2024\/02\/ACN-20230825-151832-683x1024.jpg 683w, https:\/\/media.acninternational.org\/wp-content\/uploads\/2024\/02\/ACN-20230825-151832-200x300.jpg 200w, https:\/\/media.acninternational.org\/wp-content\/uploads\/2024\/02\/ACN-20230825-151832-768x1152.jpg 768w, https:\/\/media.acninternational.org\/wp-content\/uploads\/2024\/02\/ACN-20230825-151832-1024x1536.jpg 1024w, https:\/\/media.acninternational.org\/wp-content\/uploads\/2024\/02\/ACN-20230825-151832.jpg 1080w\" sizes=\"auto, (max-width: 683px) 100vw, 683px\" \/><figcaption id=\"caption-attachment-189152\" class=\"wp-caption-text\">Regina Lynch, Gesch\u00e4ftsf\u00fchrende Pr\u00e4sidentin von ACN International.<\/figcaption><\/figure>\n<p>\u201eDie Ukraine erlebt gerade ihren eigenen Kreuzweg\u201c, so Lynch. \u201eZiel der Kampagne ist es, w\u00e4hrend dieses Konflikts dringend ben\u00f6tigte Unterst\u00fctzung zu leisten, insbesondere f\u00fcr Seminaristen, Priester und Ordensschwestern, die sich um die Versorgung der Vertriebenen und Verarmten k\u00fcmmern sowie bei der Traumaheilung der Soldaten und ihrer Familien mitwirken. Ein weiterer Schwerpunkt liegt in der Jugend- und Familienarbeit. Wir fordern alle unsere Freunde und Wohlt\u00e4ter auf, unsere Br\u00fcder und Schwestern in der Ukraine nicht zu vergessen und w\u00e4hrend der Fastenzeit f\u00fcr sie zu beten.\u201c<\/p>\n<p>Auch Erzbischof Visvaldas Kulbokas sprach \u00fcber die Gefahr, die Ukraine zu vergessen: \u201eF\u00fcr Menschen im Ausland ist es schwer vorstellbar, was hier vor sich geht. Manche sind versucht zu glauben, dass alles vorbei ist, aber wir verlieren jeden Tag Hunderte von Menschenleben, sowohl Soldaten als auch Zivilisten.\u201c<\/p>\n<p>F\u00fcr diejenigen, die in der N\u00e4he der Front oder in der besetzten Ukraine leben, ist es unm\u00f6glich, den Krieg zu vergessen. \u201eDie Situation an der Front ist schlimmer als das Fegefeuer; es gibt viele Menschen, die wir nicht erreichen k\u00f6nnen, nicht einmal, um Essen oder Wasser zu bringen&#8220;, sagte der Nuntius.<\/p>\n<p>In den besetzten Gebieten sei die UGKK in den Untergrund gedr\u00e4ngt worden, erkl\u00e4rte Gro\u00dferzbischof Schewtschuk. \u201eIn diesem Teil der Ukraine gibt es keine katholischen Priester mehr. Wir erhielten die Information, dass unsere Leute in Donezk jeden Sonntag in die Kirche gingen, um zu beten, auch ohne den Priester, aber die Kirche wurde beschlagnahmt und die T\u00fcren geschlossen. In den besetzten Gebieten um Saporischschja haben die russischen Beh\u00f6rden ein Sonderdekret erlassen, das die Existenz der UGKK verbietet, und haben unser Eigentum beschlagnahmt. Deshalb beten die Menschen in ihren H\u00e4usern, und wenn es ihnen m\u00f6glich ist, feiern sie unsere Gottesdienste online mit.\u201c<\/p>\n<p>Eine eindringliche Erinnerung an die Gefahr, der Katholiken in der besetzten Ukraine ausgesetzt sind, ist die anhaltende Inhaftierung der Patres Ivan Levitskyi und Bohdan Heleta, die im November 2022 verhaftet worden waren. \u201eLeben sie noch oder sind sie tot? Seit ihrer Verhaftung haben wir keine Nachrichten mehr erhalten\u201c, so Gro\u00dferzbischof Schewtschuk.<\/p>\n<h4><strong>\u201eDanke ACN, dass Sie an unserer Seite stehen\u201c<\/strong><\/h4>\n<p>Angesichts dieser enormen Herausforderungen tut die katholische Kirche in der Ukraine weiterhin, was sie kann. Die UGKK hat insbesondere in Programme zur psychologischen Unterst\u00fctzung traumatisierter Menschen investiert und weist auf die Notwendigkeit hin, rund sieben Millionen Ukrainern zu helfen, die von Lebensmittelknappheit betroffen sind, insbesondere in einem Umkreis von 50 km von der Frontlinie.<\/p>\n<p>Bisher, so Erzbischof Schewtschuk, habe die koordinierte internationale Reaktion ein Wunder erm\u00f6glicht: \u201eIm vergangenen Jahr konnten wir der gr\u00f6\u00dften humanit\u00e4ren Krise seit dem Zweiten Weltkrieg standhalten.\u201c Nun aber \u201el\u00e4sst die erste Euphorie der humanit\u00e4ren Hilfe f\u00fcr die Ukraine nach, so dass wir unsere eigene Logistik entwickeln m\u00fcssen, um den Bed\u00fcrftigen zu helfen.\u201c<\/p>\n<figure id=\"attachment_189158\" aria-describedby=\"caption-attachment-189158\" style=\"width: 800px\" class=\"wp-caption aligncenter\"><img loading=\"lazy\" decoding=\"async\" class=\"wp-image-189158 size-large\" src=\"https:\/\/media.acninternational.org\/wp-content\/uploads\/2024\/02\/ACN-20231222-158037-1024x683.jpg\" alt=\"ACN unterst\u00fctzt das Kloster der Albertinerinnen in Lviv.\" width=\"800\" height=\"534\" srcset=\"https:\/\/media.acninternational.org\/wp-content\/uploads\/2024\/02\/ACN-20231222-158037-1024x683.jpg 1024w, https:\/\/media.acninternational.org\/wp-content\/uploads\/2024\/02\/ACN-20231222-158037-300x200.jpg 300w, https:\/\/media.acninternational.org\/wp-content\/uploads\/2024\/02\/ACN-20231222-158037-768x512.jpg 768w, https:\/\/media.acninternational.org\/wp-content\/uploads\/2024\/02\/ACN-20231222-158037.jpg 1080w\" sizes=\"auto, (max-width: 800px) 100vw, 800px\" \/><figcaption id=\"caption-attachment-189158\" class=\"wp-caption-text\">ACN unterst\u00fctzt das Kloster der Albertinerinnen in Lviv.<\/figcaption><\/figure>\n<p>ACN war ma\u00dfgeblich an diesen Bem\u00fchungen beteiligt, und in den vergangenen zwei Jahren war die Ukraine der gr\u00f6\u00dfte Hilfsempf\u00e4nger der Organisation. Das internationale Hilfswerk hat seit dem 24. Februar 2022 \u00fcber 600 Projekte unterst\u00fctzt, darunter die Finanzierung des Baus von 11 Zentren zur psychologischen und spirituellen Betreuung sowie die Finanzierung von Sommerlagern f\u00fcr die von den K\u00e4mpfen am st\u00e4rksten betroffenen Kinder, die Anschaffung von Fahrzeugen f\u00fcr Priester und Ordensleute, damit sie ihren pastoralen Dienst aus\u00fcben k\u00f6nnen, und sogar die Bereitstellung von Heizungsanlagen und \u00d6fen f\u00fcr kirchliche Einrichtungen, damit diese die strengen Winter \u00fcberstehen k\u00f6nnen.<\/p>\n<p>\u201eVielen Dank an ACN f\u00fcr Ihren Mut, f\u00fcr Ihre Besuche in den letzten Jahren, daf\u00fcr, dass Sie uns in diesen schmerzlichen Umst\u00e4nden begleitet haben. Danke, dass Sie in dieser schweren Zeit bei uns sind\u201c, so Gro\u00dferzbischof Swjatoslaw Schewtschuk abschlie\u00dfend.<\/p>\n<p>&nbsp;<\/p>\n<p>Von <strong>Filipe d\u2019Avillez<\/strong>.<\/p>\n","protected":false},"excerpt":{"rendered":"<p>Zehn Jahre nach Beginn des Krieges in der Ukraine wird ACN seine Fastenkampagne 2024 dazu nutzen, um der leidenden Kirche<\/p>\n","protected":false},"author":4258341447,"featured_media":187463,"comment_status":"closed","ping_status":"closed","sticky":false,"template":"","format":"standard","meta":{"_acf_changed":false,"_acn_coauthor_ids":[],"footnotes":""},"categories":[954],"tags":[],"country":[156],"class_list":["post-189177","post","type-post","status-publish","format-standard","has-post-thumbnail","hentry","category-news-de","country-ukraine"],"acn_coauthors":[],"acf":[],"yoast_head":"<!-- This site is optimized with the Yoast SEO Premium plugin v27.3 (Yoast SEO v27.3) - https:\/\/yoast.com\/product\/yoast-seo-premium-wordpress\/ -->\n<title>Die Familie ist eines der gr\u00f6\u00dften Opfer des Krieges \u2013 \u201eSie erleidet st\u00e4ndige Folter\u201c, so das Oberhaupt der ukrainischen griechisch-katholischen Kirche | ACN International<\/title>\n<meta name=\"robots\" content=\"index, follow, max-snippet:-1, max-image-preview:large, max-video-preview:-1\" \/>\n<link rel=\"canonical\" href=\"https:\/\/acninternational.org\/de\/die-familie-ist-eines-der-groessten-opfer-des-krieges-sie-erleidet-staendige-folter-so-das-oberhaupt-der-ukrainischen-griechisch-katholischen-kirche\/\" \/>\n<meta property=\"og:locale\" content=\"de_DE\" \/>\n<meta property=\"og:type\" content=\"article\" \/>\n<meta property=\"og:title\" content=\"Die Familie ist eines der gr\u00f6\u00dften Opfer des Krieges \u2013 \u201eSie erleidet st\u00e4ndige Folter\u201c, so das Oberhaupt der ukrainischen griechisch-katholischen Kirche\" \/>\n<meta property=\"og:description\" content=\"Zehn Jahre nach Beginn des Krieges in der Ukraine wird ACN seine Fastenkampagne 2024 dazu nutzen, um der leidenden Kirche\" \/>\n<meta property=\"og:url\" content=\"https:\/\/acninternational.org\/de\/die-familie-ist-eines-der-groessten-opfer-des-krieges-sie-erleidet-staendige-folter-so-das-oberhaupt-der-ukrainischen-griechisch-katholischen-kirche\/\" \/>\n<meta property=\"og:site_name\" content=\"ACN International\" \/>\n<meta property=\"article:publisher\" content=\"https:\/\/www.facebook.com\/acninternationalorg\" \/>\n<meta property=\"article:published_time\" content=\"2024-02-16T09:16:03+00:00\" \/>\n<meta property=\"article:modified_time\" content=\"2024-04-10T14:35:05+00:00\" \/>\n<meta property=\"og:image\" content=\"https:\/\/media.acninternational.org\/wp-content\/uploads\/2023\/12\/ACN-20231215-157669.jpg\" \/>\n\t<meta property=\"og:image:width\" content=\"1920\" \/>\n\t<meta property=\"og:image:height\" content=\"700\" \/>\n\t<meta property=\"og:image:type\" content=\"image\/jpeg\" \/>\n<meta name=\"author\" content=\"ACN Press Team\" \/>\n<meta name=\"twitter:card\" content=\"summary_large_image\" \/>\n<meta name=\"twitter:creator\" content=\"@acn_int\" \/>\n<meta name=\"twitter:site\" content=\"@acn_int\" \/>\n<meta name=\"twitter:label1\" content=\"Verfasst von\" \/>\n\t<meta name=\"twitter:data1\" content=\"ACN Press Team\" \/>\n\t<meta name=\"twitter:label2\" content=\"Gesch\u00e4tzte Lesezeit\" \/>\n\t<meta name=\"twitter:data2\" content=\"6\u00a0Minuten\" \/>\n<script type=\"application\/ld+json\" class=\"yoast-schema-graph\">{\"@context\":\"https:\\\/\\\/schema.org\",\"@graph\":[{\"@type\":\"Article\",\"@id\":\"https:\\\/\\\/acninternational.org\\\/de\\\/die-familie-ist-eines-der-groessten-opfer-des-krieges-sie-erleidet-staendige-folter-so-das-oberhaupt-der-ukrainischen-griechisch-katholischen-kirche\\\/#article\",\"isPartOf\":{\"@id\":\"https:\\\/\\\/acninternational.org\\\/de\\\/die-familie-ist-eines-der-groessten-opfer-des-krieges-sie-erleidet-staendige-folter-so-das-oberhaupt-der-ukrainischen-griechisch-katholischen-kirche\\\/\"},\"author\":{\"name\":\"ACN Press Team\",\"@id\":\"https:\\\/\\\/acninternational.org\\\/de\\\/#\\\/schema\\\/person\\\/7f3dafb236b242fb2aa46be1411fd703\"},\"headline\":\"Die Familie ist eines der gr\u00f6\u00dften Opfer des Krieges \u2013 \u201eSie erleidet st\u00e4ndige Folter\u201c, so das Oberhaupt der ukrainischen griechisch-katholischen Kirche\",\"datePublished\":\"2024-02-16T09:16:03+00:00\",\"dateModified\":\"2024-04-10T14:35:05+00:00\",\"mainEntityOfPage\":{\"@id\":\"https:\\\/\\\/acninternational.org\\\/de\\\/die-familie-ist-eines-der-groessten-opfer-des-krieges-sie-erleidet-staendige-folter-so-das-oberhaupt-der-ukrainischen-griechisch-katholischen-kirche\\\/\"},\"wordCount\":1267,\"publisher\":{\"@id\":\"https:\\\/\\\/acninternational.org\\\/de\\\/#organization\"},\"image\":{\"@id\":\"https:\\\/\\\/acninternational.org\\\/de\\\/die-familie-ist-eines-der-groessten-opfer-des-krieges-sie-erleidet-staendige-folter-so-das-oberhaupt-der-ukrainischen-griechisch-katholischen-kirche\\\/#primaryimage\"},\"thumbnailUrl\":\"https:\\\/\\\/media.acninternational.org\\\/wp-content\\\/uploads\\\/2023\\\/12\\\/ACN-20231215-157669.jpg\",\"articleSection\":[\"Nachricht\"],\"inLanguage\":\"de\"},{\"@type\":\"WebPage\",\"@id\":\"https:\\\/\\\/acninternational.org\\\/de\\\/die-familie-ist-eines-der-groessten-opfer-des-krieges-sie-erleidet-staendige-folter-so-das-oberhaupt-der-ukrainischen-griechisch-katholischen-kirche\\\/\",\"url\":\"https:\\\/\\\/acninternational.org\\\/de\\\/die-familie-ist-eines-der-groessten-opfer-des-krieges-sie-erleidet-staendige-folter-so-das-oberhaupt-der-ukrainischen-griechisch-katholischen-kirche\\\/\",\"name\":\"Die Familie ist eines der gr\u00f6\u00dften Opfer des Krieges \u2013 \u201eSie erleidet st\u00e4ndige Folter\u201c, so das Oberhaupt der ukrainischen griechisch-katholischen Kirche | ACN International\",\"isPartOf\":{\"@id\":\"https:\\\/\\\/acninternational.org\\\/de\\\/#website\"},\"primaryImageOfPage\":{\"@id\":\"https:\\\/\\\/acninternational.org\\\/de\\\/die-familie-ist-eines-der-groessten-opfer-des-krieges-sie-erleidet-staendige-folter-so-das-oberhaupt-der-ukrainischen-griechisch-katholischen-kirche\\\/#primaryimage\"},\"image\":{\"@id\":\"https:\\\/\\\/acninternational.org\\\/de\\\/die-familie-ist-eines-der-groessten-opfer-des-krieges-sie-erleidet-staendige-folter-so-das-oberhaupt-der-ukrainischen-griechisch-katholischen-kirche\\\/#primaryimage\"},\"thumbnailUrl\":\"https:\\\/\\\/media.acninternational.org\\\/wp-content\\\/uploads\\\/2023\\\/12\\\/ACN-20231215-157669.jpg\",\"datePublished\":\"2024-02-16T09:16:03+00:00\",\"dateModified\":\"2024-04-10T14:35:05+00:00\",\"breadcrumb\":{\"@id\":\"https:\\\/\\\/acninternational.org\\\/de\\\/die-familie-ist-eines-der-groessten-opfer-des-krieges-sie-erleidet-staendige-folter-so-das-oberhaupt-der-ukrainischen-griechisch-katholischen-kirche\\\/#breadcrumb\"},\"inLanguage\":\"de\",\"potentialAction\":[{\"@type\":\"ReadAction\",\"target\":[\"https:\\\/\\\/acninternational.org\\\/de\\\/die-familie-ist-eines-der-groessten-opfer-des-krieges-sie-erleidet-staendige-folter-so-das-oberhaupt-der-ukrainischen-griechisch-katholischen-kirche\\\/\"]}]},{\"@type\":\"ImageObject\",\"inLanguage\":\"de\",\"@id\":\"https:\\\/\\\/acninternational.org\\\/de\\\/die-familie-ist-eines-der-groessten-opfer-des-krieges-sie-erleidet-staendige-folter-so-das-oberhaupt-der-ukrainischen-griechisch-katholischen-kirche\\\/#primaryimage\",\"url\":\"https:\\\/\\\/media.acninternational.org\\\/wp-content\\\/uploads\\\/2023\\\/12\\\/ACN-20231215-157669.jpg\",\"contentUrl\":\"https:\\\/\\\/media.acninternational.org\\\/wp-content\\\/uploads\\\/2023\\\/12\\\/ACN-20231215-157669.jpg\",\"width\":1920,\"height\":700},{\"@type\":\"BreadcrumbList\",\"@id\":\"https:\\\/\\\/acninternational.org\\\/de\\\/die-familie-ist-eines-der-groessten-opfer-des-krieges-sie-erleidet-staendige-folter-so-das-oberhaupt-der-ukrainischen-griechisch-katholischen-kirche\\\/#breadcrumb\",\"itemListElement\":[{\"@type\":\"ListItem\",\"position\":1,\"name\":\"Home\",\"item\":\"https:\\\/\\\/acninternational.org\\\/de\\\/\"},{\"@type\":\"ListItem\",\"position\":2,\"name\":\"Nachricht\",\"item\":\"https:\\\/\\\/acninternational.org\\\/de\\\/category\\\/news-de\\\/\"},{\"@type\":\"ListItem\",\"position\":3,\"name\":\"Die Familie ist eines der gr\u00f6\u00dften Opfer des Krieges \u2013 \u201eSie erleidet st\u00e4ndige Folter\u201c, so das Oberhaupt der ukrainischen griechisch-katholischen Kirche\"}]},{\"@type\":\"WebSite\",\"@id\":\"https:\\\/\\\/acninternational.org\\\/de\\\/#website\",\"url\":\"https:\\\/\\\/acninternational.org\\\/de\\\/\",\"name\":\"ACN International\",\"description\":\"\",\"publisher\":{\"@id\":\"https:\\\/\\\/acninternational.org\\\/de\\\/#organization\"},\"potentialAction\":[{\"@type\":\"SearchAction\",\"target\":{\"@type\":\"EntryPoint\",\"urlTemplate\":\"https:\\\/\\\/acninternational.org\\\/de\\\/?s={search_term_string}\"},\"query-input\":{\"@type\":\"PropertyValueSpecification\",\"valueRequired\":true,\"valueName\":\"search_term_string\"}}],\"inLanguage\":\"de\"},{\"@type\":\"Organization\",\"@id\":\"https:\\\/\\\/acninternational.org\\\/de\\\/#organization\",\"name\":\"Aid to the Church in Need International\",\"url\":\"https:\\\/\\\/acninternational.org\\\/de\\\/\",\"logo\":{\"@type\":\"ImageObject\",\"inLanguage\":\"de\",\"@id\":\"https:\\\/\\\/acninternational.org\\\/de\\\/#\\\/schema\\\/logo\\\/image\\\/\",\"url\":\"https:\\\/\\\/media.acninternational.org\\\/wp-content\\\/uploads\\\/2019\\\/11\\\/acn_logo_blackvector.svg\",\"contentUrl\":\"https:\\\/\\\/media.acninternational.org\\\/wp-content\\\/uploads\\\/2019\\\/11\\\/acn_logo_blackvector.svg\",\"width\":232.6,\"height\":78,\"caption\":\"Aid to the Church in Need International\"},\"image\":{\"@id\":\"https:\\\/\\\/acninternational.org\\\/de\\\/#\\\/schema\\\/logo\\\/image\\\/\"},\"sameAs\":[\"https:\\\/\\\/www.facebook.com\\\/acninternationalorg\",\"https:\\\/\\\/x.com\\\/acn_int\",\"https:\\\/\\\/www.youtube.com\\\/channel\\\/UCQ-077gS0TnVzkhHmf1opZw\",\"https:\\\/\\\/www.instagram.com\\\/acn_international\\\/\"]},{\"@type\":\"Person\",\"@id\":\"https:\\\/\\\/acninternational.org\\\/de\\\/#\\\/schema\\\/person\\\/7f3dafb236b242fb2aa46be1411fd703\",\"name\":\"ACN Press Team\",\"description\":\"Lorem ipsum dolor sit amet, consectetur adipiscing elit, sed do eiusmod tempor incididunt ut labore et dolore magna aliqua. Ut enim ad minim veniam, quis nostrud exercitation ullamco laboris nisi ut aliquip ex ea commodo consequat.\",\"url\":\"https:\\\/\\\/acninternational.org\\\/de\\\/author\\\/acn-press-team\\\/\"}]}<\/script>\n<!-- \/ Yoast SEO Premium plugin. -->","yoast_head_json":{"title":"Die Familie ist eines der gr\u00f6\u00dften Opfer des Krieges \u2013 \u201eSie erleidet st\u00e4ndige Folter\u201c, so das Oberhaupt der ukrainischen griechisch-katholischen Kirche | ACN International","robots":{"index":"index","follow":"follow","max-snippet":"max-snippet:-1","max-image-preview":"max-image-preview:large","max-video-preview":"max-video-preview:-1"},"canonical":"https:\/\/acninternational.org\/de\/die-familie-ist-eines-der-groessten-opfer-des-krieges-sie-erleidet-staendige-folter-so-das-oberhaupt-der-ukrainischen-griechisch-katholischen-kirche\/","og_locale":"de_DE","og_type":"article","og_title":"Die Familie ist eines der gr\u00f6\u00dften Opfer des Krieges \u2013 \u201eSie erleidet st\u00e4ndige Folter\u201c, so das Oberhaupt der ukrainischen griechisch-katholischen Kirche","og_description":"Zehn Jahre nach Beginn des Krieges in der Ukraine wird ACN seine Fastenkampagne 2024 dazu nutzen, um der leidenden Kirche","og_url":"https:\/\/acninternational.org\/de\/die-familie-ist-eines-der-groessten-opfer-des-krieges-sie-erleidet-staendige-folter-so-das-oberhaupt-der-ukrainischen-griechisch-katholischen-kirche\/","og_site_name":"ACN International","article_publisher":"https:\/\/www.facebook.com\/acninternationalorg","article_published_time":"2024-02-16T09:16:03+00:00","article_modified_time":"2024-04-10T14:35:05+00:00","og_image":[{"width":1920,"height":700,"url":"https:\/\/media.acninternational.org\/wp-content\/uploads\/2023\/12\/ACN-20231215-157669.jpg","type":"image\/jpeg"}],"author":"ACN Press Team","twitter_card":"summary_large_image","twitter_creator":"@acn_int","twitter_site":"@acn_int","twitter_misc":{"Verfasst von":"ACN Press Team","Gesch\u00e4tzte Lesezeit":"6\u00a0Minuten"},"schema":{"@context":"https:\/\/schema.org","@graph":[{"@type":"Article","@id":"https:\/\/acninternational.org\/de\/die-familie-ist-eines-der-groessten-opfer-des-krieges-sie-erleidet-staendige-folter-so-das-oberhaupt-der-ukrainischen-griechisch-katholischen-kirche\/#article","isPartOf":{"@id":"https:\/\/acninternational.org\/de\/die-familie-ist-eines-der-groessten-opfer-des-krieges-sie-erleidet-staendige-folter-so-das-oberhaupt-der-ukrainischen-griechisch-katholischen-kirche\/"},"author":{"name":"ACN Press Team","@id":"https:\/\/acninternational.org\/de\/#\/schema\/person\/7f3dafb236b242fb2aa46be1411fd703"},"headline":"Die Familie ist eines der gr\u00f6\u00dften Opfer des Krieges \u2013 \u201eSie erleidet st\u00e4ndige Folter\u201c, so das Oberhaupt der ukrainischen griechisch-katholischen Kirche","datePublished":"2024-02-16T09:16:03+00:00","dateModified":"2024-04-10T14:35:05+00:00","mainEntityOfPage":{"@id":"https:\/\/acninternational.org\/de\/die-familie-ist-eines-der-groessten-opfer-des-krieges-sie-erleidet-staendige-folter-so-das-oberhaupt-der-ukrainischen-griechisch-katholischen-kirche\/"},"wordCount":1267,"publisher":{"@id":"https:\/\/acninternational.org\/de\/#organization"},"image":{"@id":"https:\/\/acninternational.org\/de\/die-familie-ist-eines-der-groessten-opfer-des-krieges-sie-erleidet-staendige-folter-so-das-oberhaupt-der-ukrainischen-griechisch-katholischen-kirche\/#primaryimage"},"thumbnailUrl":"https:\/\/media.acninternational.org\/wp-content\/uploads\/2023\/12\/ACN-20231215-157669.jpg","articleSection":["Nachricht"],"inLanguage":"de"},{"@type":"WebPage","@id":"https:\/\/acninternational.org\/de\/die-familie-ist-eines-der-groessten-opfer-des-krieges-sie-erleidet-staendige-folter-so-das-oberhaupt-der-ukrainischen-griechisch-katholischen-kirche\/","url":"https:\/\/acninternational.org\/de\/die-familie-ist-eines-der-groessten-opfer-des-krieges-sie-erleidet-staendige-folter-so-das-oberhaupt-der-ukrainischen-griechisch-katholischen-kirche\/","name":"Die Familie ist eines der gr\u00f6\u00dften Opfer des Krieges \u2013 \u201eSie erleidet st\u00e4ndige Folter\u201c, so das Oberhaupt der ukrainischen griechisch-katholischen Kirche | ACN International","isPartOf":{"@id":"https:\/\/acninternational.org\/de\/#website"},"primaryImageOfPage":{"@id":"https:\/\/acninternational.org\/de\/die-familie-ist-eines-der-groessten-opfer-des-krieges-sie-erleidet-staendige-folter-so-das-oberhaupt-der-ukrainischen-griechisch-katholischen-kirche\/#primaryimage"},"image":{"@id":"https:\/\/acninternational.org\/de\/die-familie-ist-eines-der-groessten-opfer-des-krieges-sie-erleidet-staendige-folter-so-das-oberhaupt-der-ukrainischen-griechisch-katholischen-kirche\/#primaryimage"},"thumbnailUrl":"https:\/\/media.acninternational.org\/wp-content\/uploads\/2023\/12\/ACN-20231215-157669.jpg","datePublished":"2024-02-16T09:16:03+00:00","dateModified":"2024-04-10T14:35:05+00:00","breadcrumb":{"@id":"https:\/\/acninternational.org\/de\/die-familie-ist-eines-der-groessten-opfer-des-krieges-sie-erleidet-staendige-folter-so-das-oberhaupt-der-ukrainischen-griechisch-katholischen-kirche\/#breadcrumb"},"inLanguage":"de","potentialAction":[{"@type":"ReadAction","target":["https:\/\/acninternational.org\/de\/die-familie-ist-eines-der-groessten-opfer-des-krieges-sie-erleidet-staendige-folter-so-das-oberhaupt-der-ukrainischen-griechisch-katholischen-kirche\/"]}]},{"@type":"ImageObject","inLanguage":"de","@id":"https:\/\/acninternational.org\/de\/die-familie-ist-eines-der-groessten-opfer-des-krieges-sie-erleidet-staendige-folter-so-das-oberhaupt-der-ukrainischen-griechisch-katholischen-kirche\/#primaryimage","url":"https:\/\/media.acninternational.org\/wp-content\/uploads\/2023\/12\/ACN-20231215-157669.jpg","contentUrl":"https:\/\/media.acninternational.org\/wp-content\/uploads\/2023\/12\/ACN-20231215-157669.jpg","width":1920,"height":700},{"@type":"BreadcrumbList","@id":"https:\/\/acninternational.org\/de\/die-familie-ist-eines-der-groessten-opfer-des-krieges-sie-erleidet-staendige-folter-so-das-oberhaupt-der-ukrainischen-griechisch-katholischen-kirche\/#breadcrumb","itemListElement":[{"@type":"ListItem","position":1,"name":"Home","item":"https:\/\/acninternational.org\/de\/"},{"@type":"ListItem","position":2,"name":"Nachricht","item":"https:\/\/acninternational.org\/de\/category\/news-de\/"},{"@type":"ListItem","position":3,"name":"Die Familie ist eines der gr\u00f6\u00dften Opfer des Krieges \u2013 \u201eSie erleidet st\u00e4ndige Folter\u201c, so das Oberhaupt der ukrainischen griechisch-katholischen Kirche"}]},{"@type":"WebSite","@id":"https:\/\/acninternational.org\/de\/#website","url":"https:\/\/acninternational.org\/de\/","name":"ACN International","description":"","publisher":{"@id":"https:\/\/acninternational.org\/de\/#organization"},"potentialAction":[{"@type":"SearchAction","target":{"@type":"EntryPoint","urlTemplate":"https:\/\/acninternational.org\/de\/?s={search_term_string}"},"query-input":{"@type":"PropertyValueSpecification","valueRequired":true,"valueName":"search_term_string"}}],"inLanguage":"de"},{"@type":"Organization","@id":"https:\/\/acninternational.org\/de\/#organization","name":"Aid to the Church in Need International","url":"https:\/\/acninternational.org\/de\/","logo":{"@type":"ImageObject","inLanguage":"de","@id":"https:\/\/acninternational.org\/de\/#\/schema\/logo\/image\/","url":"https:\/\/media.acninternational.org\/wp-content\/uploads\/2019\/11\/acn_logo_blackvector.svg","contentUrl":"https:\/\/media.acninternational.org\/wp-content\/uploads\/2019\/11\/acn_logo_blackvector.svg","width":232.6,"height":78,"caption":"Aid to the Church in Need International"},"image":{"@id":"https:\/\/acninternational.org\/de\/#\/schema\/logo\/image\/"},"sameAs":["https:\/\/www.facebook.com\/acninternationalorg","https:\/\/x.com\/acn_int","https:\/\/www.youtube.com\/channel\/UCQ-077gS0TnVzkhHmf1opZw","https:\/\/www.instagram.com\/acn_international\/"]},{"@type":"Person","@id":"https:\/\/acninternational.org\/de\/#\/schema\/person\/7f3dafb236b242fb2aa46be1411fd703","name":"ACN Press Team","description":"Lorem ipsum dolor sit amet, consectetur adipiscing elit, sed do eiusmod tempor incididunt ut labore et dolore magna aliqua. Ut enim ad minim veniam, quis nostrud exercitation ullamco laboris nisi ut aliquip ex ea commodo consequat.","url":"https:\/\/acninternational.org\/de\/author\/acn-press-team\/"}]}},"_links":{"self":[{"href":"https:\/\/acninternational.org\/de\/wp-json\/wp\/v2\/posts\/189177","targetHints":{"allow":["GET"]}}],"collection":[{"href":"https:\/\/acninternational.org\/de\/wp-json\/wp\/v2\/posts"}],"about":[{"href":"https:\/\/acninternational.org\/de\/wp-json\/wp\/v2\/types\/post"}],"author":[{"embeddable":true,"href":"https:\/\/acninternational.org\/de\/wp-json\/wp\/v2\/users\/4258341447"}],"replies":[{"embeddable":true,"href":"https:\/\/acninternational.org\/de\/wp-json\/wp\/v2\/comments?post=189177"}],"version-history":[{"count":0,"href":"https:\/\/acninternational.org\/de\/wp-json\/wp\/v2\/posts\/189177\/revisions"}],"wp:featuredmedia":[{"embeddable":true,"href":"https:\/\/acninternational.org\/de\/wp-json\/wp\/v2\/media\/187463"}],"wp:attachment":[{"href":"https:\/\/acninternational.org\/de\/wp-json\/wp\/v2\/media?parent=189177"}],"wp:term":[{"taxonomy":"category","embeddable":true,"href":"https:\/\/acninternational.org\/de\/wp-json\/wp\/v2\/categories?post=189177"},{"taxonomy":"post_tag","embeddable":true,"href":"https:\/\/acninternational.org\/de\/wp-json\/wp\/v2\/tags?post=189177"},{"taxonomy":"country","embeddable":true,"href":"https:\/\/acninternational.org\/de\/wp-json\/wp\/v2\/country?post=189177"}],"curies":[{"name":"wp","href":"https:\/\/api.w.org\/{rel}","templated":true}]}}