{"id":188308,"date":"2024-01-30T13:09:03","date_gmt":"2024-01-30T12:09:03","guid":{"rendered":"https:\/\/acninternational.org\/?p=188308"},"modified":"2024-04-11T07:44:22","modified_gmt":"2024-04-11T05:44:22","slug":"am-dritten-jahrestag-des-putsches-ruft-acn-die-welt-auf-myanmar-nicht-zu-vergessen","status":"publish","type":"post","link":"https:\/\/acninternational.org\/de\/am-dritten-jahrestag-des-putsches-ruft-acn-die-welt-auf-myanmar-nicht-zu-vergessen\/","title":{"rendered":"Am dritten Jahrestag des Putsches ruft ACN die Welt auf, Myanmar nicht zu vergessen"},"content":{"rendered":"<p><em>Papst Franziskus betonte einmal, der wahre Schatz Myanmars sei seine Bev\u00f6lkerung. Angesichts der Versch\u00e4rfung des B\u00fcrgerkriegs unterst\u00fctzt Aid to the Church in Need (ACN) die wiederholten Aufrufe der katholischen Ortskirche zu Frieden und Gerechtigkeit, nicht nur f\u00fcr Christen, sondern f\u00fcr alle B\u00fcrger im Land. <\/em><\/p>\n<figure id=\"attachment_188291\" aria-describedby=\"caption-attachment-188291\" style=\"width: 800px\" class=\"wp-caption aligncenter\"><img loading=\"lazy\" decoding=\"async\" class=\"wp-image-188291 size-large\" src=\"https:\/\/media.acninternational.org\/wp-content\/uploads\/2024\/01\/ACN-20230125-139440-1024x481.jpg\" alt=\"Eine durch Angriffe zerst\u00f6rte birmanische katholische Kirche\" width=\"800\" height=\"376\" srcset=\"https:\/\/media.acninternational.org\/wp-content\/uploads\/2024\/01\/ACN-20230125-139440-1024x481.jpg 1024w, https:\/\/media.acninternational.org\/wp-content\/uploads\/2024\/01\/ACN-20230125-139440-300x141.jpg 300w, https:\/\/media.acninternational.org\/wp-content\/uploads\/2024\/01\/ACN-20230125-139440-768x361.jpg 768w, https:\/\/media.acninternational.org\/wp-content\/uploads\/2024\/01\/ACN-20230125-139440.jpg 1080w\" sizes=\"auto, (max-width: 800px) 100vw, 800px\" \/><figcaption id=\"caption-attachment-188291\" class=\"wp-caption-text\">Eine durch Angriffe zerst\u00f6rte birmanische katholische Kirche<\/figcaption><\/figure>\n<p>Am 1. Februar 2021 setzte ein Milit\u00e4rputsch der Zivilregierung in Myanmar ein Ende und leitete eine \u00c4ra des Konflikts ein, die bis heute andauert. Anl\u00e4sslich des dritten Jahrestages des Putsches betont das p\u00e4pstliche Hilfswerk Aid to the Church in Need (ACN) die Dringlichkeit, weiterhin f\u00fcr Frieden und Gerechtigkeit in Myanmar zu beten und sich daf\u00fcr einzusetzen.<\/p>\n<p>Der Konflikt, in dem Regierungstruppen gegen eine Reihe bewaffneter Widerstandsgruppen und ethnischer Milizen k\u00e4mpfen, hat sich im vergangenen Jahr deutlich versch\u00e4rft, wobei die K\u00e4mpfe nun beinahe das ganze Land betreffen. ACN sieht mit gro\u00dfer Sorge, wie die derzeitige Situation alle Bereiche der Gesellschaft in Mitleidenschaft zieht und eine besondere Gefahr f\u00fcr gef\u00e4hrdete Minderheiten wie Christen darstellt.<\/p>\n<p>W\u00e4hrend seines Besuchs im Jahr 2017 betonte Papst Franziskus in einer Rede, dass \u201eMyanmar mit gro\u00dfer nat\u00fcrlicher Sch\u00f6nheit und vielen Ressourcen gesegnet\u201c sei, \u201esein gr\u00f6\u00dfter Schatz\u201c aber seien die Menschen. Damals wies er bereits darauf hin, dass die Burmesen \u201esehr unter B\u00fcrgerkriegen und Feindseligkeiten gelitten\u201c h\u00e4tten \u2013 und weiterhin darunter litten \u2013, \u201ewelche zu lange angedauert und tiefe Spaltungen verursacht\u201c h\u00e4tten.\u00a0 Seit Februar 2021 und insbesondere in den letzten drei Monaten hat dieses Leid ungeahnte Ausma\u00dfe angenommen.<\/p>\n<p>\u201eBei so vielen \u00f6ffentlichkeitswirksamen Konflikten in der heutigen Welt ist es leicht, dass Myanmar zu einem weiteren vergessenen Konflikt wird. Es ist wichtig, dass wir dies nicht zulassen\u201c, sagt Regina Lynch, Gesch\u00e4ftsf\u00fchrerin von ACN International. \u201eWir rufen die internationale Gemeinschaft auf, ihre Bem\u00fchungen um die Wiederherstellung von Frieden und Gerechtigkeit im Land zu verst\u00e4rken. Alle am Konflikt Beteiligten m\u00fcssen versuchen, die Liebe zum Frieden und zum N\u00e4chsten \u00fcber pers\u00f6nliche Ambitionen und Gewinne zu stellen.\u201c<\/p>\n<figure id=\"attachment_188297\" aria-describedby=\"caption-attachment-188297\" style=\"width: 800px\" class=\"wp-caption aligncenter\"><img loading=\"lazy\" decoding=\"async\" class=\"wp-image-188297 size-large\" src=\"https:\/\/media.acninternational.org\/wp-content\/uploads\/2024\/01\/ACN-20230821-151616-1024x683.jpg\" alt=\"Regina Lynch (Gesch\u00e4ftsf\u00fchrende Pr\u00e4sidentin von ACN International)\" width=\"800\" height=\"534\" srcset=\"https:\/\/media.acninternational.org\/wp-content\/uploads\/2024\/01\/ACN-20230821-151616-1024x683.jpg 1024w, https:\/\/media.acninternational.org\/wp-content\/uploads\/2024\/01\/ACN-20230821-151616-300x200.jpg 300w, https:\/\/media.acninternational.org\/wp-content\/uploads\/2024\/01\/ACN-20230821-151616-768x512.jpg 768w, https:\/\/media.acninternational.org\/wp-content\/uploads\/2024\/01\/ACN-20230821-151616.jpg 1080w\" sizes=\"auto, (max-width: 800px) 100vw, 800px\" \/><figcaption id=\"caption-attachment-188297\" class=\"wp-caption-text\">Regina Lynch (Gesch\u00e4ftsf\u00fchrende Pr\u00e4sidentin von ACN International)<\/figcaption><\/figure>\n<p>\u201eIn diesem Zusammenhang ist es ermutigend zu sehen, wie Priester, Ordensleute und Katecheten ihrem Volk weiterhin beistehen und Trost und Gottes Gnade in die entlegensten Gebiete bringen\u201c, f\u00fcgt sie hinzu.<\/p>\n<p>Zeugnisse, die ACN erreichen, beschreiben, wie sich das Land offensichtlich zu einem gescheiterten Staat entwickelt und der Krieg die gesamte Gesellschaft in Mitleidenschaft zieht, indem er Zerst\u00f6rung, Tod und eine gro\u00dfe Zahl von Vertriebenen hinterl\u00e4sst, viele von ihnen alt, behindert oder M\u00fctter mit Kindern. Angesichts dieser schrecklichen Realit\u00e4t ruft Aid to the Church in Need weiterhin zum Frieden und zur Achtung des Lebens auf, ungeachtet der Religion.<\/p>\n<p>\u201eDie Menschen in dem Land gehen einen Kreuzweg, immer bewegt von der Hoffnung in die Auferstehung Jesu Christi\u201c, so Lynch. \u201eMan hat mir erz\u00e4hlt, wie man Kinder in den Vertriebenenlagern singen h\u00f6rt: \u201aWir k\u00f6nnen nirgendwo hingehen, haben kein Land zum Leben, kein Bett zum Schlafen, wir k\u00f6nnen nirgendwohin fliehen, k\u00f6nnen uns nirgendwo verstecken, wir haben keine Zukunft zum \u00dcberleben. Wir brauchen Frieden wie ein Lied, Gerechtigkeit wie einen Fluss, Freiheit wie den Wind; der Schmerz des Krieges muss ein Ende haben!\u2018 Wie k\u00f6nnten wir unsere Stimmen nicht vereinen, um uns denen der Kinder im Gebet anzuschlie\u00dfen?\u201c<\/p>\n<figure id=\"attachment_188303\" aria-describedby=\"caption-attachment-188303\" style=\"width: 720px\" class=\"wp-caption aligncenter\"><img loading=\"lazy\" decoding=\"async\" class=\"wp-image-188303 size-full\" src=\"https:\/\/media.acninternational.org\/wp-content\/uploads\/2024\/01\/ACN-20230125-139433.jpg\" alt=\"Eine zerst\u00f6rte birmanische katholische Kirche als Folge von Angriffen\" width=\"720\" height=\"959\" srcset=\"https:\/\/media.acninternational.org\/wp-content\/uploads\/2024\/01\/ACN-20230125-139433.jpg 720w, https:\/\/media.acninternational.org\/wp-content\/uploads\/2024\/01\/ACN-20230125-139433-225x300.jpg 225w\" sizes=\"auto, (max-width: 720px) 100vw, 720px\" \/><figcaption id=\"caption-attachment-188303\" class=\"wp-caption-text\">Eine zerst\u00f6rte birmanische katholische Kirche als Folge von Angriffen<\/figcaption><\/figure>\n<p>Lynch schlie\u00dft mit den Worten: \u201eWir fordern alle unsere Wohlt\u00e4ter auf, weiterhin f\u00fcr Myanmar, seine Kirche und seine Bev\u00f6lkerung zu beten \u2013 ganz besonders am 1. Februar \u2013 denn wir sind sicher, ohne Gottes Eingreifen ist kein Frieden m\u00f6glich: \u201aWenn nicht der Herr das Haus baut, m\u00fchen sich umsonst, die daran bauen&#8216; (Ps 127).\u201c<\/p>\n<p>&nbsp;<\/p>\n<p>Von <strong>Filipe d\u2019Avillez &amp; Maria Lozano<\/strong>.<\/p>\n","protected":false},"excerpt":{"rendered":"<p>Papst Franziskus betonte einmal, der wahre Schatz Myanmars sei seine Bev\u00f6lkerung. Angesichts der Versch\u00e4rfung des B\u00fcrgerkriegs unterst\u00fctzt Aid to the<\/p>\n","protected":false},"author":4258341447,"featured_media":188285,"comment_status":"closed","ping_status":"closed","sticky":false,"template":"","format":"standard","meta":{"_acf_changed":false,"_acn_coauthor_ids":[],"footnotes":""},"categories":[954],"tags":[],"country":[524],"class_list":["post-188308","post","type-post","status-publish","format-standard","has-post-thumbnail","hentry","category-news-de","country-myanmar"],"acn_coauthors":[],"acf":[],"yoast_head":"<!-- This site is optimized with the Yoast SEO Premium plugin v27.3 (Yoast SEO v27.3) - https:\/\/yoast.com\/product\/yoast-seo-premium-wordpress\/ -->\n<title>Am dritten Jahrestag des Putsches ruft ACN die Welt auf, Myanmar nicht zu vergessen | ACN International<\/title>\n<meta name=\"robots\" content=\"index, follow, max-snippet:-1, max-image-preview:large, max-video-preview:-1\" \/>\n<link rel=\"canonical\" href=\"https:\/\/acninternational.org\/de\/am-dritten-jahrestag-des-putsches-ruft-acn-die-welt-auf-myanmar-nicht-zu-vergessen\/\" \/>\n<meta property=\"og:locale\" content=\"de_DE\" \/>\n<meta property=\"og:type\" content=\"article\" \/>\n<meta property=\"og:title\" content=\"Am dritten Jahrestag des Putsches ruft ACN die Welt auf, Myanmar nicht zu vergessen\" \/>\n<meta property=\"og:description\" content=\"Papst Franziskus betonte einmal, der wahre Schatz Myanmars sei seine Bev\u00f6lkerung. Angesichts der Versch\u00e4rfung des B\u00fcrgerkriegs unterst\u00fctzt Aid to the\" \/>\n<meta property=\"og:url\" content=\"https:\/\/acninternational.org\/de\/am-dritten-jahrestag-des-putsches-ruft-acn-die-welt-auf-myanmar-nicht-zu-vergessen\/\" \/>\n<meta property=\"og:site_name\" content=\"ACN International\" \/>\n<meta property=\"article:publisher\" content=\"https:\/\/www.facebook.com\/acninternationalorg\" \/>\n<meta property=\"article:published_time\" content=\"2024-01-30T12:09:03+00:00\" \/>\n<meta property=\"article:modified_time\" content=\"2024-04-11T05:44:22+00:00\" \/>\n<meta property=\"og:image\" content=\"https:\/\/media.acninternational.org\/wp-content\/uploads\/2024\/01\/ACN-20220124-123116.jpg\" \/>\n\t<meta property=\"og:image:width\" content=\"1920\" \/>\n\t<meta property=\"og:image:height\" content=\"700\" \/>\n\t<meta property=\"og:image:type\" content=\"image\/jpeg\" \/>\n<meta name=\"author\" content=\"ACN Press Team\" \/>\n<meta name=\"twitter:card\" content=\"summary_large_image\" \/>\n<meta name=\"twitter:creator\" content=\"@acn_int\" \/>\n<meta name=\"twitter:site\" content=\"@acn_int\" \/>\n<meta name=\"twitter:label1\" content=\"Verfasst von\" \/>\n\t<meta name=\"twitter:data1\" content=\"ACN Press Team\" \/>\n\t<meta name=\"twitter:label2\" content=\"Gesch\u00e4tzte Lesezeit\" \/>\n\t<meta name=\"twitter:data2\" content=\"4\u00a0Minuten\" \/>\n<script type=\"application\/ld+json\" class=\"yoast-schema-graph\">{\"@context\":\"https:\\\/\\\/schema.org\",\"@graph\":[{\"@type\":\"Article\",\"@id\":\"https:\\\/\\\/acninternational.org\\\/de\\\/am-dritten-jahrestag-des-putsches-ruft-acn-die-welt-auf-myanmar-nicht-zu-vergessen\\\/#article\",\"isPartOf\":{\"@id\":\"https:\\\/\\\/acninternational.org\\\/de\\\/am-dritten-jahrestag-des-putsches-ruft-acn-die-welt-auf-myanmar-nicht-zu-vergessen\\\/\"},\"author\":{\"name\":\"ACN Press Team\",\"@id\":\"https:\\\/\\\/acninternational.org\\\/de\\\/#\\\/schema\\\/person\\\/7f3dafb236b242fb2aa46be1411fd703\"},\"headline\":\"Am dritten Jahrestag des Putsches ruft ACN die Welt auf, Myanmar nicht zu vergessen\",\"datePublished\":\"2024-01-30T12:09:03+00:00\",\"dateModified\":\"2024-04-11T05:44:22+00:00\",\"mainEntityOfPage\":{\"@id\":\"https:\\\/\\\/acninternational.org\\\/de\\\/am-dritten-jahrestag-des-putsches-ruft-acn-die-welt-auf-myanmar-nicht-zu-vergessen\\\/\"},\"wordCount\":668,\"publisher\":{\"@id\":\"https:\\\/\\\/acninternational.org\\\/de\\\/#organization\"},\"image\":{\"@id\":\"https:\\\/\\\/acninternational.org\\\/de\\\/am-dritten-jahrestag-des-putsches-ruft-acn-die-welt-auf-myanmar-nicht-zu-vergessen\\\/#primaryimage\"},\"thumbnailUrl\":\"https:\\\/\\\/media.acninternational.org\\\/wp-content\\\/uploads\\\/2024\\\/01\\\/ACN-20220124-123116.jpg\",\"articleSection\":[\"Nachricht\"],\"inLanguage\":\"de\"},{\"@type\":\"WebPage\",\"@id\":\"https:\\\/\\\/acninternational.org\\\/de\\\/am-dritten-jahrestag-des-putsches-ruft-acn-die-welt-auf-myanmar-nicht-zu-vergessen\\\/\",\"url\":\"https:\\\/\\\/acninternational.org\\\/de\\\/am-dritten-jahrestag-des-putsches-ruft-acn-die-welt-auf-myanmar-nicht-zu-vergessen\\\/\",\"name\":\"Am dritten Jahrestag des Putsches ruft ACN die Welt auf, Myanmar nicht zu vergessen | ACN International\",\"isPartOf\":{\"@id\":\"https:\\\/\\\/acninternational.org\\\/de\\\/#website\"},\"primaryImageOfPage\":{\"@id\":\"https:\\\/\\\/acninternational.org\\\/de\\\/am-dritten-jahrestag-des-putsches-ruft-acn-die-welt-auf-myanmar-nicht-zu-vergessen\\\/#primaryimage\"},\"image\":{\"@id\":\"https:\\\/\\\/acninternational.org\\\/de\\\/am-dritten-jahrestag-des-putsches-ruft-acn-die-welt-auf-myanmar-nicht-zu-vergessen\\\/#primaryimage\"},\"thumbnailUrl\":\"https:\\\/\\\/media.acninternational.org\\\/wp-content\\\/uploads\\\/2024\\\/01\\\/ACN-20220124-123116.jpg\",\"datePublished\":\"2024-01-30T12:09:03+00:00\",\"dateModified\":\"2024-04-11T05:44:22+00:00\",\"breadcrumb\":{\"@id\":\"https:\\\/\\\/acninternational.org\\\/de\\\/am-dritten-jahrestag-des-putsches-ruft-acn-die-welt-auf-myanmar-nicht-zu-vergessen\\\/#breadcrumb\"},\"inLanguage\":\"de\",\"potentialAction\":[{\"@type\":\"ReadAction\",\"target\":[\"https:\\\/\\\/acninternational.org\\\/de\\\/am-dritten-jahrestag-des-putsches-ruft-acn-die-welt-auf-myanmar-nicht-zu-vergessen\\\/\"]}]},{\"@type\":\"ImageObject\",\"inLanguage\":\"de\",\"@id\":\"https:\\\/\\\/acninternational.org\\\/de\\\/am-dritten-jahrestag-des-putsches-ruft-acn-die-welt-auf-myanmar-nicht-zu-vergessen\\\/#primaryimage\",\"url\":\"https:\\\/\\\/media.acninternational.org\\\/wp-content\\\/uploads\\\/2024\\\/01\\\/ACN-20220124-123116.jpg\",\"contentUrl\":\"https:\\\/\\\/media.acninternational.org\\\/wp-content\\\/uploads\\\/2024\\\/01\\\/ACN-20220124-123116.jpg\",\"width\":1920,\"height\":700},{\"@type\":\"BreadcrumbList\",\"@id\":\"https:\\\/\\\/acninternational.org\\\/de\\\/am-dritten-jahrestag-des-putsches-ruft-acn-die-welt-auf-myanmar-nicht-zu-vergessen\\\/#breadcrumb\",\"itemListElement\":[{\"@type\":\"ListItem\",\"position\":1,\"name\":\"Home\",\"item\":\"https:\\\/\\\/acninternational.org\\\/de\\\/\"},{\"@type\":\"ListItem\",\"position\":2,\"name\":\"Nachricht\",\"item\":\"https:\\\/\\\/acninternational.org\\\/de\\\/category\\\/news-de\\\/\"},{\"@type\":\"ListItem\",\"position\":3,\"name\":\"Am dritten Jahrestag des Putsches ruft ACN die Welt auf, Myanmar nicht zu vergessen\"}]},{\"@type\":\"WebSite\",\"@id\":\"https:\\\/\\\/acninternational.org\\\/de\\\/#website\",\"url\":\"https:\\\/\\\/acninternational.org\\\/de\\\/\",\"name\":\"ACN International\",\"description\":\"\",\"publisher\":{\"@id\":\"https:\\\/\\\/acninternational.org\\\/de\\\/#organization\"},\"potentialAction\":[{\"@type\":\"SearchAction\",\"target\":{\"@type\":\"EntryPoint\",\"urlTemplate\":\"https:\\\/\\\/acninternational.org\\\/de\\\/?s={search_term_string}\"},\"query-input\":{\"@type\":\"PropertyValueSpecification\",\"valueRequired\":true,\"valueName\":\"search_term_string\"}}],\"inLanguage\":\"de\"},{\"@type\":\"Organization\",\"@id\":\"https:\\\/\\\/acninternational.org\\\/de\\\/#organization\",\"name\":\"Aid to the Church in Need International\",\"url\":\"https:\\\/\\\/acninternational.org\\\/de\\\/\",\"logo\":{\"@type\":\"ImageObject\",\"inLanguage\":\"de\",\"@id\":\"https:\\\/\\\/acninternational.org\\\/de\\\/#\\\/schema\\\/logo\\\/image\\\/\",\"url\":\"https:\\\/\\\/media.acninternational.org\\\/wp-content\\\/uploads\\\/2019\\\/11\\\/acn_logo_blackvector.svg\",\"contentUrl\":\"https:\\\/\\\/media.acninternational.org\\\/wp-content\\\/uploads\\\/2019\\\/11\\\/acn_logo_blackvector.svg\",\"width\":232.6,\"height\":78,\"caption\":\"Aid to the Church in Need International\"},\"image\":{\"@id\":\"https:\\\/\\\/acninternational.org\\\/de\\\/#\\\/schema\\\/logo\\\/image\\\/\"},\"sameAs\":[\"https:\\\/\\\/www.facebook.com\\\/acninternationalorg\",\"https:\\\/\\\/x.com\\\/acn_int\",\"https:\\\/\\\/www.youtube.com\\\/channel\\\/UCQ-077gS0TnVzkhHmf1opZw\",\"https:\\\/\\\/www.instagram.com\\\/acn_international\\\/\"]},{\"@type\":\"Person\",\"@id\":\"https:\\\/\\\/acninternational.org\\\/de\\\/#\\\/schema\\\/person\\\/7f3dafb236b242fb2aa46be1411fd703\",\"name\":\"ACN Press Team\",\"description\":\"Lorem ipsum dolor sit amet, consectetur adipiscing elit, sed do eiusmod tempor incididunt ut labore et dolore magna aliqua. Ut enim ad minim veniam, quis nostrud exercitation ullamco laboris nisi ut aliquip ex ea commodo consequat.\",\"url\":\"https:\\\/\\\/acninternational.org\\\/de\\\/author\\\/acn-press-team\\\/\"}]}<\/script>\n<!-- \/ Yoast SEO Premium plugin. -->","yoast_head_json":{"title":"Am dritten Jahrestag des Putsches ruft ACN die Welt auf, Myanmar nicht zu vergessen | ACN International","robots":{"index":"index","follow":"follow","max-snippet":"max-snippet:-1","max-image-preview":"max-image-preview:large","max-video-preview":"max-video-preview:-1"},"canonical":"https:\/\/acninternational.org\/de\/am-dritten-jahrestag-des-putsches-ruft-acn-die-welt-auf-myanmar-nicht-zu-vergessen\/","og_locale":"de_DE","og_type":"article","og_title":"Am dritten Jahrestag des Putsches ruft ACN die Welt auf, Myanmar nicht zu vergessen","og_description":"Papst Franziskus betonte einmal, der wahre Schatz Myanmars sei seine Bev\u00f6lkerung. Angesichts der Versch\u00e4rfung des B\u00fcrgerkriegs unterst\u00fctzt Aid to the","og_url":"https:\/\/acninternational.org\/de\/am-dritten-jahrestag-des-putsches-ruft-acn-die-welt-auf-myanmar-nicht-zu-vergessen\/","og_site_name":"ACN International","article_publisher":"https:\/\/www.facebook.com\/acninternationalorg","article_published_time":"2024-01-30T12:09:03+00:00","article_modified_time":"2024-04-11T05:44:22+00:00","og_image":[{"width":1920,"height":700,"url":"https:\/\/media.acninternational.org\/wp-content\/uploads\/2024\/01\/ACN-20220124-123116.jpg","type":"image\/jpeg"}],"author":"ACN Press Team","twitter_card":"summary_large_image","twitter_creator":"@acn_int","twitter_site":"@acn_int","twitter_misc":{"Verfasst von":"ACN Press Team","Gesch\u00e4tzte Lesezeit":"4\u00a0Minuten"},"schema":{"@context":"https:\/\/schema.org","@graph":[{"@type":"Article","@id":"https:\/\/acninternational.org\/de\/am-dritten-jahrestag-des-putsches-ruft-acn-die-welt-auf-myanmar-nicht-zu-vergessen\/#article","isPartOf":{"@id":"https:\/\/acninternational.org\/de\/am-dritten-jahrestag-des-putsches-ruft-acn-die-welt-auf-myanmar-nicht-zu-vergessen\/"},"author":{"name":"ACN Press Team","@id":"https:\/\/acninternational.org\/de\/#\/schema\/person\/7f3dafb236b242fb2aa46be1411fd703"},"headline":"Am dritten Jahrestag des Putsches ruft ACN die Welt auf, Myanmar nicht zu vergessen","datePublished":"2024-01-30T12:09:03+00:00","dateModified":"2024-04-11T05:44:22+00:00","mainEntityOfPage":{"@id":"https:\/\/acninternational.org\/de\/am-dritten-jahrestag-des-putsches-ruft-acn-die-welt-auf-myanmar-nicht-zu-vergessen\/"},"wordCount":668,"publisher":{"@id":"https:\/\/acninternational.org\/de\/#organization"},"image":{"@id":"https:\/\/acninternational.org\/de\/am-dritten-jahrestag-des-putsches-ruft-acn-die-welt-auf-myanmar-nicht-zu-vergessen\/#primaryimage"},"thumbnailUrl":"https:\/\/media.acninternational.org\/wp-content\/uploads\/2024\/01\/ACN-20220124-123116.jpg","articleSection":["Nachricht"],"inLanguage":"de"},{"@type":"WebPage","@id":"https:\/\/acninternational.org\/de\/am-dritten-jahrestag-des-putsches-ruft-acn-die-welt-auf-myanmar-nicht-zu-vergessen\/","url":"https:\/\/acninternational.org\/de\/am-dritten-jahrestag-des-putsches-ruft-acn-die-welt-auf-myanmar-nicht-zu-vergessen\/","name":"Am dritten Jahrestag des Putsches ruft ACN die Welt auf, Myanmar nicht zu vergessen | ACN International","isPartOf":{"@id":"https:\/\/acninternational.org\/de\/#website"},"primaryImageOfPage":{"@id":"https:\/\/acninternational.org\/de\/am-dritten-jahrestag-des-putsches-ruft-acn-die-welt-auf-myanmar-nicht-zu-vergessen\/#primaryimage"},"image":{"@id":"https:\/\/acninternational.org\/de\/am-dritten-jahrestag-des-putsches-ruft-acn-die-welt-auf-myanmar-nicht-zu-vergessen\/#primaryimage"},"thumbnailUrl":"https:\/\/media.acninternational.org\/wp-content\/uploads\/2024\/01\/ACN-20220124-123116.jpg","datePublished":"2024-01-30T12:09:03+00:00","dateModified":"2024-04-11T05:44:22+00:00","breadcrumb":{"@id":"https:\/\/acninternational.org\/de\/am-dritten-jahrestag-des-putsches-ruft-acn-die-welt-auf-myanmar-nicht-zu-vergessen\/#breadcrumb"},"inLanguage":"de","potentialAction":[{"@type":"ReadAction","target":["https:\/\/acninternational.org\/de\/am-dritten-jahrestag-des-putsches-ruft-acn-die-welt-auf-myanmar-nicht-zu-vergessen\/"]}]},{"@type":"ImageObject","inLanguage":"de","@id":"https:\/\/acninternational.org\/de\/am-dritten-jahrestag-des-putsches-ruft-acn-die-welt-auf-myanmar-nicht-zu-vergessen\/#primaryimage","url":"https:\/\/media.acninternational.org\/wp-content\/uploads\/2024\/01\/ACN-20220124-123116.jpg","contentUrl":"https:\/\/media.acninternational.org\/wp-content\/uploads\/2024\/01\/ACN-20220124-123116.jpg","width":1920,"height":700},{"@type":"BreadcrumbList","@id":"https:\/\/acninternational.org\/de\/am-dritten-jahrestag-des-putsches-ruft-acn-die-welt-auf-myanmar-nicht-zu-vergessen\/#breadcrumb","itemListElement":[{"@type":"ListItem","position":1,"name":"Home","item":"https:\/\/acninternational.org\/de\/"},{"@type":"ListItem","position":2,"name":"Nachricht","item":"https:\/\/acninternational.org\/de\/category\/news-de\/"},{"@type":"ListItem","position":3,"name":"Am dritten Jahrestag des Putsches ruft ACN die Welt auf, Myanmar nicht zu vergessen"}]},{"@type":"WebSite","@id":"https:\/\/acninternational.org\/de\/#website","url":"https:\/\/acninternational.org\/de\/","name":"ACN International","description":"","publisher":{"@id":"https:\/\/acninternational.org\/de\/#organization"},"potentialAction":[{"@type":"SearchAction","target":{"@type":"EntryPoint","urlTemplate":"https:\/\/acninternational.org\/de\/?s={search_term_string}"},"query-input":{"@type":"PropertyValueSpecification","valueRequired":true,"valueName":"search_term_string"}}],"inLanguage":"de"},{"@type":"Organization","@id":"https:\/\/acninternational.org\/de\/#organization","name":"Aid to the Church in Need International","url":"https:\/\/acninternational.org\/de\/","logo":{"@type":"ImageObject","inLanguage":"de","@id":"https:\/\/acninternational.org\/de\/#\/schema\/logo\/image\/","url":"https:\/\/media.acninternational.org\/wp-content\/uploads\/2019\/11\/acn_logo_blackvector.svg","contentUrl":"https:\/\/media.acninternational.org\/wp-content\/uploads\/2019\/11\/acn_logo_blackvector.svg","width":232.6,"height":78,"caption":"Aid to the Church in Need International"},"image":{"@id":"https:\/\/acninternational.org\/de\/#\/schema\/logo\/image\/"},"sameAs":["https:\/\/www.facebook.com\/acninternationalorg","https:\/\/x.com\/acn_int","https:\/\/www.youtube.com\/channel\/UCQ-077gS0TnVzkhHmf1opZw","https:\/\/www.instagram.com\/acn_international\/"]},{"@type":"Person","@id":"https:\/\/acninternational.org\/de\/#\/schema\/person\/7f3dafb236b242fb2aa46be1411fd703","name":"ACN Press Team","description":"Lorem ipsum dolor sit amet, consectetur adipiscing elit, sed do eiusmod tempor incididunt ut labore et dolore magna aliqua. Ut enim ad minim veniam, quis nostrud exercitation ullamco laboris nisi ut aliquip ex ea commodo consequat.","url":"https:\/\/acninternational.org\/de\/author\/acn-press-team\/"}]}},"_links":{"self":[{"href":"https:\/\/acninternational.org\/de\/wp-json\/wp\/v2\/posts\/188308","targetHints":{"allow":["GET"]}}],"collection":[{"href":"https:\/\/acninternational.org\/de\/wp-json\/wp\/v2\/posts"}],"about":[{"href":"https:\/\/acninternational.org\/de\/wp-json\/wp\/v2\/types\/post"}],"author":[{"embeddable":true,"href":"https:\/\/acninternational.org\/de\/wp-json\/wp\/v2\/users\/4258341447"}],"replies":[{"embeddable":true,"href":"https:\/\/acninternational.org\/de\/wp-json\/wp\/v2\/comments?post=188308"}],"version-history":[{"count":0,"href":"https:\/\/acninternational.org\/de\/wp-json\/wp\/v2\/posts\/188308\/revisions"}],"wp:featuredmedia":[{"embeddable":true,"href":"https:\/\/acninternational.org\/de\/wp-json\/wp\/v2\/media\/188285"}],"wp:attachment":[{"href":"https:\/\/acninternational.org\/de\/wp-json\/wp\/v2\/media?parent=188308"}],"wp:term":[{"taxonomy":"category","embeddable":true,"href":"https:\/\/acninternational.org\/de\/wp-json\/wp\/v2\/categories?post=188308"},{"taxonomy":"post_tag","embeddable":true,"href":"https:\/\/acninternational.org\/de\/wp-json\/wp\/v2\/tags?post=188308"},{"taxonomy":"country","embeddable":true,"href":"https:\/\/acninternational.org\/de\/wp-json\/wp\/v2\/country?post=188308"}],"curies":[{"name":"wp","href":"https:\/\/api.w.org\/{rel}","templated":true}]}}