{"id":187829,"date":"2024-01-08T01:22:26","date_gmt":"2024-01-08T00:22:26","guid":{"rendered":"https:\/\/acninternational.org\/?p=187829"},"modified":"2024-04-11T12:07:55","modified_gmt":"2024-04-11T10:07:55","slug":"brasilien-sie-saeen-die-saat-des-evangeliums-im-amazonas-gebiet","status":"publish","type":"post","link":"https:\/\/acninternational.org\/de\/brasilien-sie-saeen-die-saat-des-evangeliums-im-amazonas-gebiet\/","title":{"rendered":"Brasilien: Sie s\u00e4en die Saat des Evangeliums im Amazonas-Gebiet"},"content":{"rendered":"<p><em>Die M\u00f6nche des Kapuzinerordens leisten Evangelisierungsarbeit und helfen dem indigenen Volk der Ticuna. Unterst\u00fctzt von Aid to the Church in Need, tragen sie so zum Erhalt des Amazonas-Regenwaldes bei.<\/em><\/p>\n<figure id=\"attachment_187812\" aria-describedby=\"caption-attachment-187812\" style=\"width: 800px\" class=\"wp-caption aligncenter\"><img loading=\"lazy\" decoding=\"async\" class=\"wp-image-187812 size-large\" src=\"https:\/\/media.acninternational.org\/wp-content\/uploads\/2024\/01\/ACN-20230327-143250-1024x576.jpg\" alt=\"Bruder Paolo Braghini beim Gebet mit den Ticuna-Indianern im brasilianischen Amazonasgebiet\" width=\"800\" height=\"450\" srcset=\"https:\/\/media.acninternational.org\/wp-content\/uploads\/2024\/01\/ACN-20230327-143250-1024x576.jpg 1024w, https:\/\/media.acninternational.org\/wp-content\/uploads\/2024\/01\/ACN-20230327-143250-300x169.jpg 300w, https:\/\/media.acninternational.org\/wp-content\/uploads\/2024\/01\/ACN-20230327-143250-768x432.jpg 768w, https:\/\/media.acninternational.org\/wp-content\/uploads\/2024\/01\/ACN-20230327-143250.jpg 1080w\" sizes=\"auto, (max-width: 800px) 100vw, 800px\" \/><figcaption id=\"caption-attachment-187812\" class=\"wp-caption-text\">Bruder Paolo Braghini beim Gebet mit den Ticuna-Indianern im brasilianischen Amazonasgebiet<\/figcaption><\/figure>\n<p>\u201eIch habe diesen Ort noch nie verlassen, ich wei\u00df nichts von der Welt. Aber ich glaube an Gott. Er schenkt mir ewiges Leben. Ich habe die M\u00f6nche hierher gerufen, um meine Kinder zu taufen. Niemand soll sterben, ohne von Gott erfahren zu haben. Jetzt stehen die Namen aller meiner Kinder im Himmel geschrieben.\u201c<\/p>\n<p>Das sagt S\u00f4nia Pinheiro, Stellvertretende Ortsvorsteherin von Enep\u00fc und Angeh\u00f6rige des Volkes der Ticuna. Dabei spricht sie nicht nur von ihren eigenen biologischen Kindern, sondern von der gesamten Gemeinschaft.<\/p>\n<p>Um nach Enep\u00fc zu gelangen, m\u00fcssen die Kapuziner von Bel\u00e9m do Solim\u00f5es \u2013 einem Dorf in der gef\u00e4hrlichen Region des brasilianischen Amazonas-Gebietes an der Grenze zu Kolumbien und Peru \u2013 zuerst vier Tage mit dem Boot zur\u00fccklegen und anschlie\u00dfend mehr als sechs Stunden in einem unbequemen Kanu, dem einzigen Transportmittel, mit dem die schmalen Wasserl\u00e4ufe in dieser Gegend befahren werden k\u00f6nnen. Ohne die materielle Unterst\u00fctzung seitens Aid to the Church in Need (ACN), beispielsweise in Form von Treibstoff, w\u00e4re die Mission der M\u00f6nche so gut wie unm\u00f6glich.<\/p>\n<p>Zu S\u00f4nia Pinheiros Gemeinschaft geh\u00f6ren ungef\u00e4hr 30 Menschen, wobei sie dies nicht genau sagen kann, da es in der Sprache der Ticuna keine W\u00f6rter f\u00fcr Zahlen \u00fcber 10 gibt. Trotzdem kennt sie alle mit Namen und tr\u00e4gt sie im Herzen, wie es eine Mutter tun w\u00fcrde.<\/p>\n<p>Sie sagt, dass die M\u00f6nche die einzigen Au\u00dfenstehenden seien, die sie besuchen kommen. Andere Gruppen, die das Gebiet aufsuchen, seien h\u00e4ufig bewaffnet und nur daran interessiert, den Wald abzuholzen. Wie sie sagt, gab es in der traditionellen Kultur der Ticuna bereits die Vorstellung von einem Gott. Doch sie f\u00fchlten sich bei weitem mehr geliebt, seit sie erfahren haben, dass Jesus auch f\u00fcr sie gekommen ist und dass sie eine Mutter haben, die im Himmel ihre F\u00fcrsprecherin ist.<\/p>\n<h4><strong>Schutz der Kultur und des Territoriums <\/strong><\/h4>\n<p>Die Kapuziner sind seit 1910 in der Region pr\u00e4sent. Bereits lange bevor der Umweltschutzgedanke Bedeutung erlangte, halfen sie der indigenen Bev\u00f6lkerung, auf ihrem angestammten Territorium zu bleiben, indem sie ihre Kultur sch\u00fctzten und das Evangelium in ihr Leben brachten.<\/p>\n<figure id=\"attachment_187818\" aria-describedby=\"caption-attachment-187818\" style=\"width: 800px\" class=\"wp-caption aligncenter\"><img loading=\"lazy\" decoding=\"async\" class=\"wp-image-187818 size-large\" src=\"https:\/\/media.acninternational.org\/wp-content\/uploads\/2024\/01\/ACN-20210205-109854-1024x768.jpg\" alt=\"Der erste st\u00e4ndige Diakon der Ticuna-Volksgruppe, Antelmo Pereira \u00c2ngelo. Ein Kuriosum ist, dass Antelmo eine Kinderbibel in der Ticuna-Sprache in den H\u00e4nden hielt, bei deren \u00dcbersetzung er half.\" width=\"800\" height=\"600\" srcset=\"https:\/\/media.acninternational.org\/wp-content\/uploads\/2024\/01\/ACN-20210205-109854-1024x768.jpg 1024w, https:\/\/media.acninternational.org\/wp-content\/uploads\/2024\/01\/ACN-20210205-109854-300x225.jpg 300w, https:\/\/media.acninternational.org\/wp-content\/uploads\/2024\/01\/ACN-20210205-109854-768x576.jpg 768w, https:\/\/media.acninternational.org\/wp-content\/uploads\/2024\/01\/ACN-20210205-109854.jpg 1080w\" sizes=\"auto, (max-width: 800px) 100vw, 800px\" \/><figcaption id=\"caption-attachment-187818\" class=\"wp-caption-text\">Der erste st\u00e4ndige Diakon der Ticuna-Volksgruppe, Antelmo Pereira \u00c2ngelo. Ein Kuriosum ist, dass Antelmo eine Kinderbibel in der Ticuna-Sprache in den H\u00e4nden hielt, bei deren \u00dcbersetzung er half.<\/figcaption><\/figure>\n<p>In dieser Zeit hat die Gemeinschaft der Franziskaner miterlebt, wie ein jegliches Gebiet, wann immer die indigene Bev\u00f6lkerung listenreich dazu bewegt worden war, ihr Territorium zu verlassen, innerhalb von nur sechs Monaten durch F\u00e4llen der B\u00e4ume, Raubfischerei, Jagd und Bergbau, Drogenhandel und andere \u00dcbel zu Grunde gerichtet wurde. Eigentlich seien die Indigenen die nat\u00fcrlichen W\u00e4chter dieser W\u00e4lder, erkl\u00e4ren die Kapuziner.<\/p>\n<p>So wie die M\u00f6nche die Ticuna in der Vergangenheit vor der Sklaverei bewahrt haben, helfen sie heute den neuen Generationen, sich vor modernen Formen der Unfreiheit wie Alkoholismus und Selbstmord zu sch\u00fctzen, die mit dem Vordringen der modernen Welt in den Regenwald stark zugenommen haben. Das Hilfsmittel ist immer dasselbe: Die M\u00f6nche leben das Evangelium unter ihnen.<\/p>\n<p>\u201eAls ich zum ersten Mal hierher kam, sp\u00fcrte ich rasch die tiefe Freude, mit einem bescheidenen Volk zu leben, mit Menschen, die uns durch ihr Leben evangelisieren und die mir geholfen haben ein besserer Franziskaner zu werden. Ich glaube, dass es dem Heiligen Franziskus gefallen h\u00e4tte, hier unter ihnen zu leben, denn sie haben eine nat\u00fcrliche Einfachheit, Br\u00fcderlichkeit und leben im Einklang mit der Natur. Die Natur ist ihr Zuhause und sie verstehen es, sich von der Natur umsorgen und beh\u00fcten zu lassen. Wenn ich mich hier verirren w\u00fcrde, k\u00f6nnte ich vielleicht drei oder vier Tage lang \u00fcberleben. Aber sie wissen, wie man sich einen Unterstand baut und wie man Nahrung Wasser und sogar Medizin in der Natur findet\u201c, sagt Pater Paolo Braghini, der zurzeit die Mission von Bel\u00e9m do Solim\u00f5es leitet.<\/p>\n<p>Die Gemeinschaft von Enep\u00fc ist ein Beispiel f\u00fcr diese Beziehung. Die Indigenen sorgen f\u00fcr den Unterhalt der Kapuzinerm\u00f6nche, indem sie ihre Fr\u00fcchte, Fische und alles andere, das sie fangen oder sammeln, mit ihnen teilen. Womit sie nicht helfen k\u00f6nnen, ist das Material f\u00fcr die Evangelisierungsarbeit der M\u00f6nche. Dazu geh\u00f6ren Boote und Treibstoff, damit die M\u00f6nche weitere Gemeinschaften besuchen k\u00f6nnen, aber auch ein Haus, um neue Berufungen aufzunehmen. Was dies anbelangt, sind die M\u00f6nche f\u00fcr die Unterst\u00fctzung durch ACN sehr dankbar.<\/p>\n<figure id=\"attachment_187824\" aria-describedby=\"caption-attachment-187824\" style=\"width: 800px\" class=\"wp-caption aligncenter\"><img loading=\"lazy\" decoding=\"async\" class=\"wp-image-187824 size-large\" src=\"https:\/\/media.acninternational.org\/wp-content\/uploads\/2024\/01\/ACN-20230327-143269-1024x576.jpg\" alt=\"Indigene Ticuna-Kinder mit Bruder Lourival und Bruder Paolo Braghini bedanken sich bei ACN f\u00fcr die gespendete Kinderbibel in der Ticuna-Sprache.\" width=\"800\" height=\"450\" srcset=\"https:\/\/media.acninternational.org\/wp-content\/uploads\/2024\/01\/ACN-20230327-143269-1024x576.jpg 1024w, https:\/\/media.acninternational.org\/wp-content\/uploads\/2024\/01\/ACN-20230327-143269-300x169.jpg 300w, https:\/\/media.acninternational.org\/wp-content\/uploads\/2024\/01\/ACN-20230327-143269-768x432.jpg 768w, https:\/\/media.acninternational.org\/wp-content\/uploads\/2024\/01\/ACN-20230327-143269.jpg 1080w\" sizes=\"auto, (max-width: 800px) 100vw, 800px\" \/><figcaption id=\"caption-attachment-187824\" class=\"wp-caption-text\">Indigene Ticuna-Kinder mit Bruder Lourival und Bruder Paolo Braghini bedanken sich bei ACN f\u00fcr die gespendete Kinderbibel in der Ticuna-Sprache.<\/figcaption><\/figure>\n<p>Anstatt den Ticuna ihre eigenen Gewohnheiten aufzudr\u00e4ngen, tun die M\u00f6nche ihr Bestes, um von ihnen zu lernen. Dazu geh\u00f6rt auch der Versuch, die schwierige Sprache zu beherrschen, auch wenn, wie Pater Paolo sagt \u201eWorte f\u00fcr sie nicht sonderlich wichtig sind. Sie h\u00f6ren mit ihren Herzen. Sie haben eine sehr scharfe, stark ausgepr\u00e4gte Feinf\u00fchligkeit. Sie verstehen mit dem Herzen. Wenn man sich ihnen ganz hingibt, dann geben sie ihr Leben f\u00fcr einen. Aber wenn man Vorurteilen ihnen gegen\u00fcber hegt, dann erkennen sie das sofort.\u201c<\/p>\n<p>&nbsp;<\/p>\n<p>Von <strong>Rodrigo Arantes<\/strong>.<\/p>\n","protected":false},"excerpt":{"rendered":"<p>Die M\u00f6nche des Kapuzinerordens leisten Evangelisierungsarbeit und helfen dem indigenen Volk der Ticuna. Unterst\u00fctzt von Aid to the Church in<\/p>\n","protected":false},"author":4258341447,"featured_media":187806,"comment_status":"closed","ping_status":"closed","sticky":false,"template":"","format":"standard","meta":{"_acf_changed":false,"_acn_coauthor_ids":[],"footnotes":""},"categories":[968],"tags":[],"country":[827],"class_list":["post-187829","post","type-post","status-publish","format-standard","has-post-thumbnail","hentry","category-featured-de","country-brasilien"],"acn_coauthors":[],"acf":[],"yoast_head":"<!-- This site is optimized with the Yoast SEO Premium plugin v27.3 (Yoast SEO v27.3) - https:\/\/yoast.com\/product\/yoast-seo-premium-wordpress\/ -->\n<title>Brasilien: Sie s\u00e4en die Saat des Evangeliums im Amazonas-Gebiet | ACN International<\/title>\n<meta name=\"robots\" content=\"index, follow, max-snippet:-1, max-image-preview:large, max-video-preview:-1\" \/>\n<link rel=\"canonical\" href=\"https:\/\/acninternational.org\/de\/brasilien-sie-saeen-die-saat-des-evangeliums-im-amazonas-gebiet\/\" \/>\n<meta property=\"og:locale\" content=\"de_DE\" \/>\n<meta property=\"og:type\" content=\"article\" \/>\n<meta property=\"og:title\" content=\"Brasilien: Sie s\u00e4en die Saat des Evangeliums im Amazonas-Gebiet\" \/>\n<meta property=\"og:description\" content=\"Die M\u00f6nche des Kapuzinerordens leisten Evangelisierungsarbeit und helfen dem indigenen Volk der Ticuna. Unterst\u00fctzt von Aid to the Church in\" \/>\n<meta property=\"og:url\" content=\"https:\/\/acninternational.org\/de\/brasilien-sie-saeen-die-saat-des-evangeliums-im-amazonas-gebiet\/\" \/>\n<meta property=\"og:site_name\" content=\"ACN International\" \/>\n<meta property=\"article:publisher\" content=\"https:\/\/www.facebook.com\/acninternationalorg\" \/>\n<meta property=\"article:published_time\" content=\"2024-01-08T00:22:26+00:00\" \/>\n<meta property=\"article:modified_time\" content=\"2024-04-11T10:07:55+00:00\" \/>\n<meta property=\"og:image\" content=\"https:\/\/media.acninternational.org\/wp-content\/uploads\/2024\/01\/ACN-20230327-143252.jpg\" \/>\n\t<meta property=\"og:image:width\" content=\"1920\" \/>\n\t<meta property=\"og:image:height\" content=\"700\" \/>\n\t<meta property=\"og:image:type\" content=\"image\/jpeg\" \/>\n<meta name=\"author\" content=\"ACN Press Team\" \/>\n<meta name=\"twitter:card\" content=\"summary_large_image\" \/>\n<meta name=\"twitter:creator\" content=\"@acn_int\" \/>\n<meta name=\"twitter:site\" content=\"@acn_int\" \/>\n<meta name=\"twitter:label1\" content=\"Verfasst von\" \/>\n\t<meta name=\"twitter:data1\" content=\"ACN Press Team\" \/>\n\t<meta name=\"twitter:label2\" content=\"Gesch\u00e4tzte Lesezeit\" \/>\n\t<meta name=\"twitter:data2\" content=\"5\u00a0Minuten\" \/>\n<script type=\"application\/ld+json\" class=\"yoast-schema-graph\">{\"@context\":\"https:\\\/\\\/schema.org\",\"@graph\":[{\"@type\":\"Article\",\"@id\":\"https:\\\/\\\/acninternational.org\\\/de\\\/brasilien-sie-saeen-die-saat-des-evangeliums-im-amazonas-gebiet\\\/#article\",\"isPartOf\":{\"@id\":\"https:\\\/\\\/acninternational.org\\\/de\\\/brasilien-sie-saeen-die-saat-des-evangeliums-im-amazonas-gebiet\\\/\"},\"author\":{\"name\":\"ACN Press Team\",\"@id\":\"https:\\\/\\\/acninternational.org\\\/de\\\/#\\\/schema\\\/person\\\/7f3dafb236b242fb2aa46be1411fd703\"},\"headline\":\"Brasilien: Sie s\u00e4en die Saat des Evangeliums im Amazonas-Gebiet\",\"datePublished\":\"2024-01-08T00:22:26+00:00\",\"dateModified\":\"2024-04-11T10:07:55+00:00\",\"mainEntityOfPage\":{\"@id\":\"https:\\\/\\\/acninternational.org\\\/de\\\/brasilien-sie-saeen-die-saat-des-evangeliums-im-amazonas-gebiet\\\/\"},\"wordCount\":944,\"publisher\":{\"@id\":\"https:\\\/\\\/acninternational.org\\\/de\\\/#organization\"},\"image\":{\"@id\":\"https:\\\/\\\/acninternational.org\\\/de\\\/brasilien-sie-saeen-die-saat-des-evangeliums-im-amazonas-gebiet\\\/#primaryimage\"},\"thumbnailUrl\":\"https:\\\/\\\/media.acninternational.org\\\/wp-content\\\/uploads\\\/2024\\\/01\\\/ACN-20230327-143252.jpg\",\"articleSection\":[\"FEATURED\"],\"inLanguage\":\"de\"},{\"@type\":\"WebPage\",\"@id\":\"https:\\\/\\\/acninternational.org\\\/de\\\/brasilien-sie-saeen-die-saat-des-evangeliums-im-amazonas-gebiet\\\/\",\"url\":\"https:\\\/\\\/acninternational.org\\\/de\\\/brasilien-sie-saeen-die-saat-des-evangeliums-im-amazonas-gebiet\\\/\",\"name\":\"Brasilien: Sie s\u00e4en die Saat des Evangeliums im Amazonas-Gebiet | ACN International\",\"isPartOf\":{\"@id\":\"https:\\\/\\\/acninternational.org\\\/de\\\/#website\"},\"primaryImageOfPage\":{\"@id\":\"https:\\\/\\\/acninternational.org\\\/de\\\/brasilien-sie-saeen-die-saat-des-evangeliums-im-amazonas-gebiet\\\/#primaryimage\"},\"image\":{\"@id\":\"https:\\\/\\\/acninternational.org\\\/de\\\/brasilien-sie-saeen-die-saat-des-evangeliums-im-amazonas-gebiet\\\/#primaryimage\"},\"thumbnailUrl\":\"https:\\\/\\\/media.acninternational.org\\\/wp-content\\\/uploads\\\/2024\\\/01\\\/ACN-20230327-143252.jpg\",\"datePublished\":\"2024-01-08T00:22:26+00:00\",\"dateModified\":\"2024-04-11T10:07:55+00:00\",\"breadcrumb\":{\"@id\":\"https:\\\/\\\/acninternational.org\\\/de\\\/brasilien-sie-saeen-die-saat-des-evangeliums-im-amazonas-gebiet\\\/#breadcrumb\"},\"inLanguage\":\"de\",\"potentialAction\":[{\"@type\":\"ReadAction\",\"target\":[\"https:\\\/\\\/acninternational.org\\\/de\\\/brasilien-sie-saeen-die-saat-des-evangeliums-im-amazonas-gebiet\\\/\"]}]},{\"@type\":\"ImageObject\",\"inLanguage\":\"de\",\"@id\":\"https:\\\/\\\/acninternational.org\\\/de\\\/brasilien-sie-saeen-die-saat-des-evangeliums-im-amazonas-gebiet\\\/#primaryimage\",\"url\":\"https:\\\/\\\/media.acninternational.org\\\/wp-content\\\/uploads\\\/2024\\\/01\\\/ACN-20230327-143252.jpg\",\"contentUrl\":\"https:\\\/\\\/media.acninternational.org\\\/wp-content\\\/uploads\\\/2024\\\/01\\\/ACN-20230327-143252.jpg\",\"width\":1920,\"height\":700},{\"@type\":\"BreadcrumbList\",\"@id\":\"https:\\\/\\\/acninternational.org\\\/de\\\/brasilien-sie-saeen-die-saat-des-evangeliums-im-amazonas-gebiet\\\/#breadcrumb\",\"itemListElement\":[{\"@type\":\"ListItem\",\"position\":1,\"name\":\"Home\",\"item\":\"https:\\\/\\\/acninternational.org\\\/de\\\/\"},{\"@type\":\"ListItem\",\"position\":2,\"name\":\"FEATURED\",\"item\":\"https:\\\/\\\/acninternational.org\\\/de\\\/category\\\/featured-de\\\/\"},{\"@type\":\"ListItem\",\"position\":3,\"name\":\"Brasilien: Sie s\u00e4en die Saat des Evangeliums im Amazonas-Gebiet\"}]},{\"@type\":\"WebSite\",\"@id\":\"https:\\\/\\\/acninternational.org\\\/de\\\/#website\",\"url\":\"https:\\\/\\\/acninternational.org\\\/de\\\/\",\"name\":\"ACN International\",\"description\":\"\",\"publisher\":{\"@id\":\"https:\\\/\\\/acninternational.org\\\/de\\\/#organization\"},\"potentialAction\":[{\"@type\":\"SearchAction\",\"target\":{\"@type\":\"EntryPoint\",\"urlTemplate\":\"https:\\\/\\\/acninternational.org\\\/de\\\/?s={search_term_string}\"},\"query-input\":{\"@type\":\"PropertyValueSpecification\",\"valueRequired\":true,\"valueName\":\"search_term_string\"}}],\"inLanguage\":\"de\"},{\"@type\":\"Organization\",\"@id\":\"https:\\\/\\\/acninternational.org\\\/de\\\/#organization\",\"name\":\"Aid to the Church in Need International\",\"url\":\"https:\\\/\\\/acninternational.org\\\/de\\\/\",\"logo\":{\"@type\":\"ImageObject\",\"inLanguage\":\"de\",\"@id\":\"https:\\\/\\\/acninternational.org\\\/de\\\/#\\\/schema\\\/logo\\\/image\\\/\",\"url\":\"https:\\\/\\\/media.acninternational.org\\\/wp-content\\\/uploads\\\/2019\\\/11\\\/acn_logo_blackvector.svg\",\"contentUrl\":\"https:\\\/\\\/media.acninternational.org\\\/wp-content\\\/uploads\\\/2019\\\/11\\\/acn_logo_blackvector.svg\",\"width\":232.6,\"height\":78,\"caption\":\"Aid to the Church in Need International\"},\"image\":{\"@id\":\"https:\\\/\\\/acninternational.org\\\/de\\\/#\\\/schema\\\/logo\\\/image\\\/\"},\"sameAs\":[\"https:\\\/\\\/www.facebook.com\\\/acninternationalorg\",\"https:\\\/\\\/x.com\\\/acn_int\",\"https:\\\/\\\/www.youtube.com\\\/channel\\\/UCQ-077gS0TnVzkhHmf1opZw\",\"https:\\\/\\\/www.instagram.com\\\/acn_international\\\/\"]},{\"@type\":\"Person\",\"@id\":\"https:\\\/\\\/acninternational.org\\\/de\\\/#\\\/schema\\\/person\\\/7f3dafb236b242fb2aa46be1411fd703\",\"name\":\"ACN Press Team\",\"description\":\"Lorem ipsum dolor sit amet, consectetur adipiscing elit, sed do eiusmod tempor incididunt ut labore et dolore magna aliqua. Ut enim ad minim veniam, quis nostrud exercitation ullamco laboris nisi ut aliquip ex ea commodo consequat.\",\"url\":\"https:\\\/\\\/acninternational.org\\\/de\\\/author\\\/acn-press-team\\\/\"}]}<\/script>\n<!-- \/ Yoast SEO Premium plugin. -->","yoast_head_json":{"title":"Brasilien: Sie s\u00e4en die Saat des Evangeliums im Amazonas-Gebiet | ACN International","robots":{"index":"index","follow":"follow","max-snippet":"max-snippet:-1","max-image-preview":"max-image-preview:large","max-video-preview":"max-video-preview:-1"},"canonical":"https:\/\/acninternational.org\/de\/brasilien-sie-saeen-die-saat-des-evangeliums-im-amazonas-gebiet\/","og_locale":"de_DE","og_type":"article","og_title":"Brasilien: Sie s\u00e4en die Saat des Evangeliums im Amazonas-Gebiet","og_description":"Die M\u00f6nche des Kapuzinerordens leisten Evangelisierungsarbeit und helfen dem indigenen Volk der Ticuna. Unterst\u00fctzt von Aid to the Church in","og_url":"https:\/\/acninternational.org\/de\/brasilien-sie-saeen-die-saat-des-evangeliums-im-amazonas-gebiet\/","og_site_name":"ACN International","article_publisher":"https:\/\/www.facebook.com\/acninternationalorg","article_published_time":"2024-01-08T00:22:26+00:00","article_modified_time":"2024-04-11T10:07:55+00:00","og_image":[{"width":1920,"height":700,"url":"https:\/\/media.acninternational.org\/wp-content\/uploads\/2024\/01\/ACN-20230327-143252.jpg","type":"image\/jpeg"}],"author":"ACN Press Team","twitter_card":"summary_large_image","twitter_creator":"@acn_int","twitter_site":"@acn_int","twitter_misc":{"Verfasst von":"ACN Press Team","Gesch\u00e4tzte Lesezeit":"5\u00a0Minuten"},"schema":{"@context":"https:\/\/schema.org","@graph":[{"@type":"Article","@id":"https:\/\/acninternational.org\/de\/brasilien-sie-saeen-die-saat-des-evangeliums-im-amazonas-gebiet\/#article","isPartOf":{"@id":"https:\/\/acninternational.org\/de\/brasilien-sie-saeen-die-saat-des-evangeliums-im-amazonas-gebiet\/"},"author":{"name":"ACN Press Team","@id":"https:\/\/acninternational.org\/de\/#\/schema\/person\/7f3dafb236b242fb2aa46be1411fd703"},"headline":"Brasilien: Sie s\u00e4en die Saat des Evangeliums im Amazonas-Gebiet","datePublished":"2024-01-08T00:22:26+00:00","dateModified":"2024-04-11T10:07:55+00:00","mainEntityOfPage":{"@id":"https:\/\/acninternational.org\/de\/brasilien-sie-saeen-die-saat-des-evangeliums-im-amazonas-gebiet\/"},"wordCount":944,"publisher":{"@id":"https:\/\/acninternational.org\/de\/#organization"},"image":{"@id":"https:\/\/acninternational.org\/de\/brasilien-sie-saeen-die-saat-des-evangeliums-im-amazonas-gebiet\/#primaryimage"},"thumbnailUrl":"https:\/\/media.acninternational.org\/wp-content\/uploads\/2024\/01\/ACN-20230327-143252.jpg","articleSection":["FEATURED"],"inLanguage":"de"},{"@type":"WebPage","@id":"https:\/\/acninternational.org\/de\/brasilien-sie-saeen-die-saat-des-evangeliums-im-amazonas-gebiet\/","url":"https:\/\/acninternational.org\/de\/brasilien-sie-saeen-die-saat-des-evangeliums-im-amazonas-gebiet\/","name":"Brasilien: Sie s\u00e4en die Saat des Evangeliums im Amazonas-Gebiet | ACN International","isPartOf":{"@id":"https:\/\/acninternational.org\/de\/#website"},"primaryImageOfPage":{"@id":"https:\/\/acninternational.org\/de\/brasilien-sie-saeen-die-saat-des-evangeliums-im-amazonas-gebiet\/#primaryimage"},"image":{"@id":"https:\/\/acninternational.org\/de\/brasilien-sie-saeen-die-saat-des-evangeliums-im-amazonas-gebiet\/#primaryimage"},"thumbnailUrl":"https:\/\/media.acninternational.org\/wp-content\/uploads\/2024\/01\/ACN-20230327-143252.jpg","datePublished":"2024-01-08T00:22:26+00:00","dateModified":"2024-04-11T10:07:55+00:00","breadcrumb":{"@id":"https:\/\/acninternational.org\/de\/brasilien-sie-saeen-die-saat-des-evangeliums-im-amazonas-gebiet\/#breadcrumb"},"inLanguage":"de","potentialAction":[{"@type":"ReadAction","target":["https:\/\/acninternational.org\/de\/brasilien-sie-saeen-die-saat-des-evangeliums-im-amazonas-gebiet\/"]}]},{"@type":"ImageObject","inLanguage":"de","@id":"https:\/\/acninternational.org\/de\/brasilien-sie-saeen-die-saat-des-evangeliums-im-amazonas-gebiet\/#primaryimage","url":"https:\/\/media.acninternational.org\/wp-content\/uploads\/2024\/01\/ACN-20230327-143252.jpg","contentUrl":"https:\/\/media.acninternational.org\/wp-content\/uploads\/2024\/01\/ACN-20230327-143252.jpg","width":1920,"height":700},{"@type":"BreadcrumbList","@id":"https:\/\/acninternational.org\/de\/brasilien-sie-saeen-die-saat-des-evangeliums-im-amazonas-gebiet\/#breadcrumb","itemListElement":[{"@type":"ListItem","position":1,"name":"Home","item":"https:\/\/acninternational.org\/de\/"},{"@type":"ListItem","position":2,"name":"FEATURED","item":"https:\/\/acninternational.org\/de\/category\/featured-de\/"},{"@type":"ListItem","position":3,"name":"Brasilien: Sie s\u00e4en die Saat des Evangeliums im Amazonas-Gebiet"}]},{"@type":"WebSite","@id":"https:\/\/acninternational.org\/de\/#website","url":"https:\/\/acninternational.org\/de\/","name":"ACN International","description":"","publisher":{"@id":"https:\/\/acninternational.org\/de\/#organization"},"potentialAction":[{"@type":"SearchAction","target":{"@type":"EntryPoint","urlTemplate":"https:\/\/acninternational.org\/de\/?s={search_term_string}"},"query-input":{"@type":"PropertyValueSpecification","valueRequired":true,"valueName":"search_term_string"}}],"inLanguage":"de"},{"@type":"Organization","@id":"https:\/\/acninternational.org\/de\/#organization","name":"Aid to the Church in Need International","url":"https:\/\/acninternational.org\/de\/","logo":{"@type":"ImageObject","inLanguage":"de","@id":"https:\/\/acninternational.org\/de\/#\/schema\/logo\/image\/","url":"https:\/\/media.acninternational.org\/wp-content\/uploads\/2019\/11\/acn_logo_blackvector.svg","contentUrl":"https:\/\/media.acninternational.org\/wp-content\/uploads\/2019\/11\/acn_logo_blackvector.svg","width":232.6,"height":78,"caption":"Aid to the Church in Need International"},"image":{"@id":"https:\/\/acninternational.org\/de\/#\/schema\/logo\/image\/"},"sameAs":["https:\/\/www.facebook.com\/acninternationalorg","https:\/\/x.com\/acn_int","https:\/\/www.youtube.com\/channel\/UCQ-077gS0TnVzkhHmf1opZw","https:\/\/www.instagram.com\/acn_international\/"]},{"@type":"Person","@id":"https:\/\/acninternational.org\/de\/#\/schema\/person\/7f3dafb236b242fb2aa46be1411fd703","name":"ACN Press Team","description":"Lorem ipsum dolor sit amet, consectetur adipiscing elit, sed do eiusmod tempor incididunt ut labore et dolore magna aliqua. Ut enim ad minim veniam, quis nostrud exercitation ullamco laboris nisi ut aliquip ex ea commodo consequat.","url":"https:\/\/acninternational.org\/de\/author\/acn-press-team\/"}]}},"_links":{"self":[{"href":"https:\/\/acninternational.org\/de\/wp-json\/wp\/v2\/posts\/187829","targetHints":{"allow":["GET"]}}],"collection":[{"href":"https:\/\/acninternational.org\/de\/wp-json\/wp\/v2\/posts"}],"about":[{"href":"https:\/\/acninternational.org\/de\/wp-json\/wp\/v2\/types\/post"}],"author":[{"embeddable":true,"href":"https:\/\/acninternational.org\/de\/wp-json\/wp\/v2\/users\/4258341447"}],"replies":[{"embeddable":true,"href":"https:\/\/acninternational.org\/de\/wp-json\/wp\/v2\/comments?post=187829"}],"version-history":[{"count":0,"href":"https:\/\/acninternational.org\/de\/wp-json\/wp\/v2\/posts\/187829\/revisions"}],"wp:featuredmedia":[{"embeddable":true,"href":"https:\/\/acninternational.org\/de\/wp-json\/wp\/v2\/media\/187806"}],"wp:attachment":[{"href":"https:\/\/acninternational.org\/de\/wp-json\/wp\/v2\/media?parent=187829"}],"wp:term":[{"taxonomy":"category","embeddable":true,"href":"https:\/\/acninternational.org\/de\/wp-json\/wp\/v2\/categories?post=187829"},{"taxonomy":"post_tag","embeddable":true,"href":"https:\/\/acninternational.org\/de\/wp-json\/wp\/v2\/tags?post=187829"},{"taxonomy":"country","embeddable":true,"href":"https:\/\/acninternational.org\/de\/wp-json\/wp\/v2\/country?post=187829"}],"curies":[{"name":"wp","href":"https:\/\/api.w.org\/{rel}","templated":true}]}}