{"id":187248,"date":"2023-12-08T15:23:19","date_gmt":"2023-12-08T14:23:19","guid":{"rendered":"https:\/\/acninternational.org\/?p=187248"},"modified":"2023-12-08T15:56:20","modified_gmt":"2023-12-08T14:56:20","slug":"kardinal-nzapalainga-als-christ-muss-ich-die-dinge-mit-anderen-augen-sehen","status":"publish","type":"post","link":"https:\/\/acninternational.org\/de\/kardinal-nzapalainga-als-christ-muss-ich-die-dinge-mit-anderen-augen-sehen\/","title":{"rendered":"Kardinal Nzapalainga : \u201eAls Christ muss ich die Dinge mit anderen Augen sehen\u201c"},"content":{"rendered":"<p><em>W\u00e4hrend eines Gespr\u00e4ches am internationalen Sitz des p\u00e4pstlichen Hilfswerks Aid to the Church in Need (ACN) sprach<\/em><a href=\"https:\/\/acninternational.org\/fr\/cardinal-de-la-centrafrique-si-les-hommes-vous-ont-oublies-dieu-ne-vous-a-pas-oublie\/\"> <em>Kardinal Dieudonn\u00e9 Nzapalainga<\/em><\/a><em> von der Di\u00f6zese von Bangui \u00fcber die Haltung, die ein Christ angesichts des Leidens sowie gegen\u00fcber bed\u00fcrftigen Br\u00fcdern und Schwestern einnehmen sollte. Er berichtete ebenfalls \u00fcber seine Erfahrungen bei der Synode zum Thema Synodalit\u00e4t, die vergangenen Oktober in Rom stattgefunden hat.<\/em><\/p>\n<h4><strong>In Zentralafrika werden Sie mit enorm viel <\/strong><a href=\"https:\/\/acninternational.org\/fr\/centrafrique-la-guerre-religieuse-nest-pas-une-fatalite\/\"><strong>Leid<\/strong><\/a><strong> konfrontiert. Und gegenw\u00e4rtig hat man das Gef\u00fchl, dass die Welt im Leiden versinkt. Was kann man tun, um sich nicht von diesem Strudel an schlechten Nachrichten hinunterziehen zu lassen?<\/strong><\/h4>\n<p>Als Christ muss ich anders zuh\u00f6ren und die Dinge mit anderen Augen sehen. Ich sehe die Dinge durch das Licht der Hoffnung. Dort, wo die Menschen sagen \u201eEs gibt keine Hoffnung mehr\u201c, muss der Christ sagen \u201eEs gibt immer Hoffnung\u201c. Man darf sich nicht durch die t\u00e4glichen schlechten Nachrichten zerst\u00f6ren lassen, man darf sich nicht davon versklaven lassen. Christus hat das B\u00f6se besiegt! Es geht nicht darum, die Realit\u00e4t zu negieren, sondern sie mit den Augen des Glaubens zu betrachten: Es ist eine neue Geburt im Gange, auf der anderen Seite d\u00e4mmert ein neuer Morgen. Darauf muss ein Christ, der durch dieses Tal der Pr\u00fcfungen geht, seinen Blick lenken. Man kann mir sagen: \u201eDu bist verr\u00fcckt!\u201c. Aber wenn ich angesichts der Absurdit\u00e4t des Leidens und des B\u00f6sen nicht \u00fcber genau diese Kraft verf\u00fcge, dann wird die Welle mich fortrei\u00dfen, dann werde ich so wie alle anderen, die weinen. Christus sagt: \u201eKommt alle zu mir, die ihr m\u00fchselig und beladen seid!\u201c (Mt 11, 28). Oftmals wollen wir unsere Probleme alleine tragen. Doch wir m\u00fcssen sie im Gebet vor Gott hinlegen. Unsere Schultern sind nicht stark genug.<\/p>\n<figure id=\"attachment_187224\" aria-describedby=\"caption-attachment-187224\" style=\"width: 670px\" class=\"wp-caption alignnone\"><img loading=\"lazy\" decoding=\"async\" class=\"wp-image-187224 size-full\" src=\"https:\/\/media.acninternational.org\/wp-content\/uploads\/2023\/12\/3-1-1.jpg\" alt=\"Zentralafrika: Angesichts des Leidens\" width=\"670\" height=\"400\" srcset=\"https:\/\/media.acninternational.org\/wp-content\/uploads\/2023\/12\/3-1-1.jpg 670w, https:\/\/media.acninternational.org\/wp-content\/uploads\/2023\/12\/3-1-1-300x179.jpg 300w\" sizes=\"auto, (max-width: 670px) 100vw, 670px\" \/><figcaption id=\"caption-attachment-187224\" class=\"wp-caption-text\">Erzbischof Dieudonn\u00e9 Nzapalainga segnet einen \u00e4lteren Mann<\/figcaption><\/figure>\n<h4><strong>Es besteht dabei auch die Gefahr, gegen\u00fcber so viel Leiden gleichg\u00fcltig zu werden, den Blick abzuwenden\u2026<\/strong><\/h4>\n<p>Ja, wir m\u00fcssen darauf achten, dass unser Gewissen nicht bet\u00e4ubt wird. Das Leiden muss bek\u00e4mpft werden. Sonst werden wir Christen fade. Dabei sollen wir doch das Salz der Erde sein. Christus stellte sich auf eine Ebene mit denen, die klein und vernachl\u00e4ssigt sind. Er kam f\u00fcr die Armen. Zum Beweis: Er wurde nicht in einem Viersternehotel oder in einem edlen Krankenhaus geboren! Wenn ich meine T\u00fcren vor einem armen Mitbruder, einem Migranten verschlie\u00dfe, so muss ich mich fragen: Bin ich \u00fcberhaupt noch ein Christ? Christus hat gesagt: \u201eWas ihr f\u00fcr einen meiner geringsten Br\u00fcder getan habt, das habt ihr mir getan.\u201c (Mt 25, 40).<\/p>\n<p>Als Christen m\u00fcssen wir unser Herz und unser Gewissen sprechen lassen. \u201eWas hast du deinem Bruder angetan?\u201c (vgl. Gen 4, 10). Durch deine Taufe bist du verantwortlich f\u00fcr deinen Bruder! Versteck dich nicht.<\/p>\n<h4><strong>Sie haben an der Bischofssynode teilgenommen, die im Vatikan vom 4. bis 29. Oktober stattfand und die universale Phase dieser Synode \u00fcber die Synodalit\u00e4t kennzeichnete. Wurde dort \u00fcber die verfolgten Christen gesprochen?<\/strong><\/h4>\n<p>Ja, wir haben dar\u00fcber gesprochen. Und als meine Mitbr\u00fcder aus dem Sudan und der Ukraine das Wort ergriffen, erhielten sie danach Beifall, der ihnen unsere Solidarit\u00e4t zeigen sollte und ausdr\u00fcckte: Wir stehen an eurer Seite!<\/p>\n<figure id=\"attachment_187230\" aria-describedby=\"caption-attachment-187230\" style=\"width: 670px\" class=\"wp-caption alignnone\"><img loading=\"lazy\" decoding=\"async\" class=\"wp-image-187230 size-full\" src=\"https:\/\/media.acninternational.org\/wp-content\/uploads\/2023\/12\/1-2.jpg\" alt=\"Zentralafrika: Angesichts des Leidens\" width=\"670\" height=\"400\" srcset=\"https:\/\/media.acninternational.org\/wp-content\/uploads\/2023\/12\/1-2.jpg 670w, https:\/\/media.acninternational.org\/wp-content\/uploads\/2023\/12\/1-2-300x179.jpg 300w\" sizes=\"auto, (max-width: 670px) 100vw, 670px\" \/><figcaption id=\"caption-attachment-187230\" class=\"wp-caption-text\">Kardinal Dieudonn\u00e9 Nzapalainga bei ACN International<\/figcaption><\/figure>\n<p><strong>Thema der Synode ist \u201eF\u00fcr eine synodale Kirche: Gemeinschaft, Teilhabe und Sendung\u201c. Haben Sie diesen Aspekt der Gemeinschaft, der <em>communio,<\/em> trotz aller Unterschiede zwischen den Bisch\u00f6fen aus der ganzen Welt gesp\u00fcrt?<\/strong><\/p>\n<p>Zu Beginn dieser Synode gab es viel Anspannung; man erwartete Spaltungen und Konflikte. Doch der Heilige Geist kam still auf uns herab, um die Gem\u00fcter zu bes\u00e4nftigen, um uns zu helfen, uns als Br\u00fcder zu sehen und nicht als Feinde. Die dreit\u00e4gigen Exerzitien zu Beginn haben die Atmosph\u00e4re stark ver\u00e4ndert. Doch auch die Tatsache, dass wir w\u00e4hrend der Synode gemeinsam an Tischen sa\u00dfen und uns anschauten, spielte eine Rolle. Es gab 36 Tische, an denen Menschen verschiedener Nationalit\u00e4ten sa\u00dfen. Dort fanden Gespr\u00e4chsrunden statt, wir h\u00f6rten einander zu und nachdem jemand gesprochen hatte, schwiegen wir erst einmal, um das Gesagte zu verinnerlichen. Am Ende einer Gespr\u00e4chsrunde tauschten wir uns aus und stimmten dann ab \u2013 in geheimer Wahl, wir f\u00fchlten uns absolut frei \u2013, welches Thema wir in der Vollversammlung vorschlagen wollten.<\/p>\n<h4><strong>Das bedeutet, dass zahlreiche in den Kleingruppen angesprochene Themen in der Vollversammlung nicht zur Diskussion vorgeschlagen worden. F\u00fchrte dies zu Frustrationen?<\/strong><\/h4>\n<p>Wenn wir unseren Mitmenschen wirklich zuh\u00f6ren, wenn wir dem\u00fctig sind, dann empfangen wir viel, denn der Heilige Geist dr\u00fcckt sich auch durch meinen Mitbruder aus. Wenn wir nicht dem\u00fctig sind, sind wir frustriert. Ich muss aufh\u00f6ren, mich als Mittelpunkt zu sehen, ich muss mich von meinem Ego l\u00f6sen: Es gibt schlie\u00dflich nicht nur mein Land auf der Welt. Es geht nicht darum, meine Position zu verteidigen. Ich bringe vor, was mich besch\u00e4ftigt, doch ich h\u00f6re auch den anderen zu. Die Kirche, das bin nicht ich alleine, das sind wir alle. Wenn wir ein Thema gew\u00e4hlt haben, ist es nicht mehr <em>mein <\/em>Thema, sondern es ist zu <em>unserem<\/em> Thema geworden. Wenn wir jedoch wirklich der Meinung waren, dass ein bestimmtes Thema, f\u00fcr das die Gruppe nicht gestimmt hat, angesprochen werden sollte, bestand immer noch die M\u00f6glichkeit, es in der Vollversammlung vorzubringen. Doch immer vor dem Hintergrund, dass es die Kirche <em>Christi<\/em> ist, die wir aufbauen m\u00fcssen! Nicht <em>meine<\/em> Kirche. Wir sind keine Gewerkschafter mit Forderungen.<\/p>\n<p>&nbsp;<\/p>\n<p><img loading=\"lazy\" decoding=\"async\" class=\"alignnone wp-image-187236 size-full\" src=\"https:\/\/media.acninternational.org\/wp-content\/uploads\/2023\/12\/2-2.jpg\" alt=\"Zentralafrika: Angesichts des Leidens\" width=\"670\" height=\"400\" srcset=\"https:\/\/media.acninternational.org\/wp-content\/uploads\/2023\/12\/2-2.jpg 670w, https:\/\/media.acninternational.org\/wp-content\/uploads\/2023\/12\/2-2-300x179.jpg 300w\" sizes=\"auto, (max-width: 670px) 100vw, 670px\" \/><\/p>\n<h4><strong>Das, was Sie w\u00e4hrend der Synode erlebt haben, scheint Sie sehr gl\u00fccklich zu machen\u2026<\/strong><\/h4>\n<p>Ich f\u00fchlte mich danach wirklich bereichert. Und ich habe das Gef\u00fchl, dass es f\u00fcr die Kirche ein neues Pfingsten war. Der Heilige Geist hat seine Arbeit geleistet, damit meine Sprache eine Sprache der Liebe werden konnte, die von den anderen verstanden wird. Ja, die Sicht der Dinge unterscheidet sich in den verschiedenen Teilen der Welt sehr stark. Doch Christus selbst sprach in seinem Gebet: \u201eAlle sollen eins sein: Wie du, Vater, in mir bist und ich in dir bin\u201c (Joh 17, 21). Gott will keine Einf\u00f6rmigkeit, sondern Einheit in der Vielfalt. In der Musik kommt die Harmonie von der Vielfalt. Der Heilige Geist wirkt in uns, damit wir mit ihm im Einklang sind. Es ist wichtig, dass der weltliche Geist uns nicht vom Evangelium entfernt. Unser Bezugspunkt ist nicht die Welt. Wenn wir Licht sein wollen, Sauerteig, dann m\u00fcssen wir zu Christus gehen, zu seinem Wort. Str\u00f6mungen \u00e4ndern sich, doch Christus bleibt derselbe, er ist das Alpha und das Omega.<\/p>\n","protected":false},"excerpt":{"rendered":"<p>Kardinal Dieudonn\u00e9 Nzapalainga aus Zentralafrika spricht \u00fcber die Haltung, die ein Christ angesichts des Leidens haben muss.<\/p>\n","protected":false},"author":4258341447,"featured_media":187220,"comment_status":"closed","ping_status":"closed","sticky":false,"template":"","format":"standard","meta":{"_acf_changed":false,"_acn_coauthor_ids":[],"_acn_featured_article":false,"footnotes":""},"categories":[929],"tags":[],"country":[318,891],"class_list":["post-187248","post","type-post","status-publish","format-standard","has-post-thumbnail","hentry","category-interview-2","country-central-african-republic","country-zentralafrikanische-republik"],"acn_coauthors":[],"acf":[],"yoast_head":"<!-- This site is optimized with the Yoast SEO Premium plugin v27.5 (Yoast SEO v27.5) - https:\/\/yoast.com\/product\/yoast-seo-premium-wordpress\/ -->\n<title>Zentralafrika: Angesichts des Leidens | ACN International<\/title>\n<meta name=\"description\" content=\"Kardinal Dieudonn\u00e9 Nzapalainga aus Zentralafrika spricht \u00fcber die Haltung, die ein Christ angesichts des Leidens haben muss.\" \/>\n<meta name=\"robots\" content=\"index, follow, max-snippet:-1, max-image-preview:large, max-video-preview:-1\" \/>\n<link rel=\"canonical\" href=\"https:\/\/acninternational.org\/de\/kardinal-nzapalainga-als-christ-muss-ich-die-dinge-mit-anderen-augen-sehen\/\" \/>\n<meta property=\"og:locale\" content=\"de_DE\" \/>\n<meta property=\"og:type\" content=\"article\" \/>\n<meta property=\"og:title\" content=\"Kardinal Nzapalainga : \u201eAls Christ muss ich die Dinge mit anderen Augen sehen\u201c\" \/>\n<meta property=\"og:description\" content=\"Kardinal Dieudonn\u00e9 Nzapalainga aus Zentralafrika spricht \u00fcber die Haltung, die ein Christ angesichts des Leidens haben muss.\" \/>\n<meta property=\"og:url\" content=\"https:\/\/acninternational.org\/de\/kardinal-nzapalainga-als-christ-muss-ich-die-dinge-mit-anderen-augen-sehen\/\" \/>\n<meta property=\"og:site_name\" content=\"ACN International\" \/>\n<meta property=\"article:publisher\" content=\"https:\/\/www.facebook.com\/acninternationalorg\" \/>\n<meta property=\"article:published_time\" content=\"2023-12-08T14:23:19+00:00\" \/>\n<meta property=\"article:modified_time\" content=\"2023-12-08T14:56:20+00:00\" \/>\n<meta property=\"og:image\" content=\"https:\/\/media.acninternational.org\/wp-content\/uploads\/2023\/12\/heading_web-13-1-1.jpg\" \/>\n\t<meta property=\"og:image:width\" content=\"2000\" \/>\n\t<meta property=\"og:image:height\" content=\"625\" \/>\n\t<meta property=\"og:image:type\" content=\"image\/jpeg\" \/>\n<meta name=\"author\" content=\"ACN Press Team\" \/>\n<meta name=\"twitter:card\" content=\"summary_large_image\" \/>\n<meta name=\"twitter:creator\" content=\"@acn_int\" \/>\n<meta name=\"twitter:site\" content=\"@acn_int\" \/>\n<meta name=\"twitter:label1\" content=\"Verfasst von\" \/>\n\t<meta name=\"twitter:data1\" content=\"ACN Press Team\" \/>\n\t<meta name=\"twitter:label2\" content=\"Gesch\u00e4tzte Lesezeit\" \/>\n\t<meta name=\"twitter:data2\" content=\"6\u00a0Minuten\" \/>\n<script type=\"application\/ld+json\" class=\"yoast-schema-graph\">{\"@context\":\"https:\\\/\\\/schema.org\",\"@graph\":[{\"@type\":\"Article\",\"@id\":\"https:\\\/\\\/acninternational.org\\\/de\\\/kardinal-nzapalainga-als-christ-muss-ich-die-dinge-mit-anderen-augen-sehen\\\/#article\",\"isPartOf\":{\"@id\":\"https:\\\/\\\/acninternational.org\\\/de\\\/kardinal-nzapalainga-als-christ-muss-ich-die-dinge-mit-anderen-augen-sehen\\\/\"},\"author\":{\"name\":\"ACN Press Team\",\"@id\":\"https:\\\/\\\/acninternational.org\\\/de\\\/#\\\/schema\\\/person\\\/7f3dafb236b242fb2aa46be1411fd703\"},\"headline\":\"Kardinal Nzapalainga : \u201eAls Christ muss ich die Dinge mit anderen Augen sehen\u201c\",\"datePublished\":\"2023-12-08T14:23:19+00:00\",\"dateModified\":\"2023-12-08T14:56:20+00:00\",\"mainEntityOfPage\":{\"@id\":\"https:\\\/\\\/acninternational.org\\\/de\\\/kardinal-nzapalainga-als-christ-muss-ich-die-dinge-mit-anderen-augen-sehen\\\/\"},\"wordCount\":1132,\"publisher\":{\"@id\":\"https:\\\/\\\/acninternational.org\\\/de\\\/#organization\"},\"image\":{\"@id\":\"https:\\\/\\\/acninternational.org\\\/de\\\/kardinal-nzapalainga-als-christ-muss-ich-die-dinge-mit-anderen-augen-sehen\\\/#primaryimage\"},\"thumbnailUrl\":\"https:\\\/\\\/media.acninternational.org\\\/wp-content\\\/uploads\\\/2023\\\/12\\\/heading_web-13-1-1.jpg\",\"articleSection\":[\"Interview\"],\"inLanguage\":\"de\"},{\"@type\":\"WebPage\",\"@id\":\"https:\\\/\\\/acninternational.org\\\/de\\\/kardinal-nzapalainga-als-christ-muss-ich-die-dinge-mit-anderen-augen-sehen\\\/\",\"url\":\"https:\\\/\\\/acninternational.org\\\/de\\\/kardinal-nzapalainga-als-christ-muss-ich-die-dinge-mit-anderen-augen-sehen\\\/\",\"name\":\"Zentralafrika: Angesichts des Leidens | ACN International\",\"isPartOf\":{\"@id\":\"https:\\\/\\\/acninternational.org\\\/de\\\/#website\"},\"primaryImageOfPage\":{\"@id\":\"https:\\\/\\\/acninternational.org\\\/de\\\/kardinal-nzapalainga-als-christ-muss-ich-die-dinge-mit-anderen-augen-sehen\\\/#primaryimage\"},\"image\":{\"@id\":\"https:\\\/\\\/acninternational.org\\\/de\\\/kardinal-nzapalainga-als-christ-muss-ich-die-dinge-mit-anderen-augen-sehen\\\/#primaryimage\"},\"thumbnailUrl\":\"https:\\\/\\\/media.acninternational.org\\\/wp-content\\\/uploads\\\/2023\\\/12\\\/heading_web-13-1-1.jpg\",\"datePublished\":\"2023-12-08T14:23:19+00:00\",\"dateModified\":\"2023-12-08T14:56:20+00:00\",\"description\":\"Kardinal Dieudonn\u00e9 Nzapalainga aus Zentralafrika spricht \u00fcber die Haltung, die ein Christ angesichts des Leidens haben muss.\",\"breadcrumb\":{\"@id\":\"https:\\\/\\\/acninternational.org\\\/de\\\/kardinal-nzapalainga-als-christ-muss-ich-die-dinge-mit-anderen-augen-sehen\\\/#breadcrumb\"},\"inLanguage\":\"de\",\"potentialAction\":[{\"@type\":\"ReadAction\",\"target\":[\"https:\\\/\\\/acninternational.org\\\/de\\\/kardinal-nzapalainga-als-christ-muss-ich-die-dinge-mit-anderen-augen-sehen\\\/\"]}]},{\"@type\":\"ImageObject\",\"inLanguage\":\"de\",\"@id\":\"https:\\\/\\\/acninternational.org\\\/de\\\/kardinal-nzapalainga-als-christ-muss-ich-die-dinge-mit-anderen-augen-sehen\\\/#primaryimage\",\"url\":\"https:\\\/\\\/media.acninternational.org\\\/wp-content\\\/uploads\\\/2023\\\/12\\\/heading_web-13-1-1.jpg\",\"contentUrl\":\"https:\\\/\\\/media.acninternational.org\\\/wp-content\\\/uploads\\\/2023\\\/12\\\/heading_web-13-1-1.jpg\",\"width\":2000,\"height\":625,\"caption\":\"Zentralafrika: Angesichts des Leidens\"},{\"@type\":\"BreadcrumbList\",\"@id\":\"https:\\\/\\\/acninternational.org\\\/de\\\/kardinal-nzapalainga-als-christ-muss-ich-die-dinge-mit-anderen-augen-sehen\\\/#breadcrumb\",\"itemListElement\":[{\"@type\":\"ListItem\",\"position\":1,\"name\":\"Home\",\"item\":\"https:\\\/\\\/acninternational.org\\\/de\\\/\"},{\"@type\":\"ListItem\",\"position\":2,\"name\":\"Interview\",\"item\":\"https:\\\/\\\/acninternational.org\\\/de\\\/category\\\/interview-2\\\/\"},{\"@type\":\"ListItem\",\"position\":3,\"name\":\"Kardinal Nzapalainga : \u201eAls Christ muss ich die Dinge mit anderen Augen sehen\u201c\"}]},{\"@type\":\"WebSite\",\"@id\":\"https:\\\/\\\/acninternational.org\\\/de\\\/#website\",\"url\":\"https:\\\/\\\/acninternational.org\\\/de\\\/\",\"name\":\"ACN International\",\"description\":\"\",\"publisher\":{\"@id\":\"https:\\\/\\\/acninternational.org\\\/de\\\/#organization\"},\"potentialAction\":[{\"@type\":\"SearchAction\",\"target\":{\"@type\":\"EntryPoint\",\"urlTemplate\":\"https:\\\/\\\/acninternational.org\\\/de\\\/?s={search_term_string}\"},\"query-input\":{\"@type\":\"PropertyValueSpecification\",\"valueRequired\":true,\"valueName\":\"search_term_string\"}}],\"inLanguage\":\"de\"},{\"@type\":\"Organization\",\"@id\":\"https:\\\/\\\/acninternational.org\\\/de\\\/#organization\",\"name\":\"Aid to the Church in Need International\",\"url\":\"https:\\\/\\\/acninternational.org\\\/de\\\/\",\"logo\":{\"@type\":\"ImageObject\",\"inLanguage\":\"de\",\"@id\":\"https:\\\/\\\/acninternational.org\\\/de\\\/#\\\/schema\\\/logo\\\/image\\\/\",\"url\":\"https:\\\/\\\/media.acninternational.org\\\/wp-content\\\/uploads\\\/2019\\\/11\\\/acn_logo_blackvector.svg\",\"contentUrl\":\"https:\\\/\\\/media.acninternational.org\\\/wp-content\\\/uploads\\\/2019\\\/11\\\/acn_logo_blackvector.svg\",\"width\":232.6,\"height\":78,\"caption\":\"Aid to the Church in Need International\"},\"image\":{\"@id\":\"https:\\\/\\\/acninternational.org\\\/de\\\/#\\\/schema\\\/logo\\\/image\\\/\"},\"sameAs\":[\"https:\\\/\\\/www.facebook.com\\\/acninternationalorg\",\"https:\\\/\\\/x.com\\\/acn_int\",\"https:\\\/\\\/www.youtube.com\\\/channel\\\/UCQ-077gS0TnVzkhHmf1opZw\",\"https:\\\/\\\/www.instagram.com\\\/acn_international\\\/\"]},{\"@type\":\"Person\",\"@id\":\"https:\\\/\\\/acninternational.org\\\/de\\\/#\\\/schema\\\/person\\\/7f3dafb236b242fb2aa46be1411fd703\",\"name\":\"ACN Press Team\",\"description\":\"Lorem ipsum dolor sit amet, consectetur adipiscing elit, sed do eiusmod tempor incididunt ut labore et dolore magna aliqua. Ut enim ad minim veniam, quis nostrud exercitation ullamco laboris nisi ut aliquip ex ea commodo consequat.\",\"url\":\"https:\\\/\\\/acninternational.org\\\/de\\\/author\\\/acn-press-team\\\/\"}]}<\/script>\n<!-- \/ Yoast SEO Premium plugin. -->","yoast_head_json":{"title":"Zentralafrika: Angesichts des Leidens | ACN International","description":"Kardinal Dieudonn\u00e9 Nzapalainga aus Zentralafrika spricht \u00fcber die Haltung, die ein Christ angesichts des Leidens haben muss.","robots":{"index":"index","follow":"follow","max-snippet":"max-snippet:-1","max-image-preview":"max-image-preview:large","max-video-preview":"max-video-preview:-1"},"canonical":"https:\/\/acninternational.org\/de\/kardinal-nzapalainga-als-christ-muss-ich-die-dinge-mit-anderen-augen-sehen\/","og_locale":"de_DE","og_type":"article","og_title":"Kardinal Nzapalainga : \u201eAls Christ muss ich die Dinge mit anderen Augen sehen\u201c","og_description":"Kardinal Dieudonn\u00e9 Nzapalainga aus Zentralafrika spricht \u00fcber die Haltung, die ein Christ angesichts des Leidens haben muss.","og_url":"https:\/\/acninternational.org\/de\/kardinal-nzapalainga-als-christ-muss-ich-die-dinge-mit-anderen-augen-sehen\/","og_site_name":"ACN International","article_publisher":"https:\/\/www.facebook.com\/acninternationalorg","article_published_time":"2023-12-08T14:23:19+00:00","article_modified_time":"2023-12-08T14:56:20+00:00","og_image":[{"width":2000,"height":625,"url":"https:\/\/media.acninternational.org\/wp-content\/uploads\/2023\/12\/heading_web-13-1-1.jpg","type":"image\/jpeg"}],"author":"ACN Press Team","twitter_card":"summary_large_image","twitter_creator":"@acn_int","twitter_site":"@acn_int","twitter_misc":{"Verfasst von":"ACN Press Team","Gesch\u00e4tzte Lesezeit":"6\u00a0Minuten"},"schema":{"@context":"https:\/\/schema.org","@graph":[{"@type":"Article","@id":"https:\/\/acninternational.org\/de\/kardinal-nzapalainga-als-christ-muss-ich-die-dinge-mit-anderen-augen-sehen\/#article","isPartOf":{"@id":"https:\/\/acninternational.org\/de\/kardinal-nzapalainga-als-christ-muss-ich-die-dinge-mit-anderen-augen-sehen\/"},"author":{"name":"ACN Press Team","@id":"https:\/\/acninternational.org\/de\/#\/schema\/person\/7f3dafb236b242fb2aa46be1411fd703"},"headline":"Kardinal Nzapalainga : \u201eAls Christ muss ich die Dinge mit anderen Augen sehen\u201c","datePublished":"2023-12-08T14:23:19+00:00","dateModified":"2023-12-08T14:56:20+00:00","mainEntityOfPage":{"@id":"https:\/\/acninternational.org\/de\/kardinal-nzapalainga-als-christ-muss-ich-die-dinge-mit-anderen-augen-sehen\/"},"wordCount":1132,"publisher":{"@id":"https:\/\/acninternational.org\/de\/#organization"},"image":{"@id":"https:\/\/acninternational.org\/de\/kardinal-nzapalainga-als-christ-muss-ich-die-dinge-mit-anderen-augen-sehen\/#primaryimage"},"thumbnailUrl":"https:\/\/media.acninternational.org\/wp-content\/uploads\/2023\/12\/heading_web-13-1-1.jpg","articleSection":["Interview"],"inLanguage":"de"},{"@type":"WebPage","@id":"https:\/\/acninternational.org\/de\/kardinal-nzapalainga-als-christ-muss-ich-die-dinge-mit-anderen-augen-sehen\/","url":"https:\/\/acninternational.org\/de\/kardinal-nzapalainga-als-christ-muss-ich-die-dinge-mit-anderen-augen-sehen\/","name":"Zentralafrika: Angesichts des Leidens | ACN International","isPartOf":{"@id":"https:\/\/acninternational.org\/de\/#website"},"primaryImageOfPage":{"@id":"https:\/\/acninternational.org\/de\/kardinal-nzapalainga-als-christ-muss-ich-die-dinge-mit-anderen-augen-sehen\/#primaryimage"},"image":{"@id":"https:\/\/acninternational.org\/de\/kardinal-nzapalainga-als-christ-muss-ich-die-dinge-mit-anderen-augen-sehen\/#primaryimage"},"thumbnailUrl":"https:\/\/media.acninternational.org\/wp-content\/uploads\/2023\/12\/heading_web-13-1-1.jpg","datePublished":"2023-12-08T14:23:19+00:00","dateModified":"2023-12-08T14:56:20+00:00","description":"Kardinal Dieudonn\u00e9 Nzapalainga aus Zentralafrika spricht \u00fcber die Haltung, die ein Christ angesichts des Leidens haben muss.","breadcrumb":{"@id":"https:\/\/acninternational.org\/de\/kardinal-nzapalainga-als-christ-muss-ich-die-dinge-mit-anderen-augen-sehen\/#breadcrumb"},"inLanguage":"de","potentialAction":[{"@type":"ReadAction","target":["https:\/\/acninternational.org\/de\/kardinal-nzapalainga-als-christ-muss-ich-die-dinge-mit-anderen-augen-sehen\/"]}]},{"@type":"ImageObject","inLanguage":"de","@id":"https:\/\/acninternational.org\/de\/kardinal-nzapalainga-als-christ-muss-ich-die-dinge-mit-anderen-augen-sehen\/#primaryimage","url":"https:\/\/media.acninternational.org\/wp-content\/uploads\/2023\/12\/heading_web-13-1-1.jpg","contentUrl":"https:\/\/media.acninternational.org\/wp-content\/uploads\/2023\/12\/heading_web-13-1-1.jpg","width":2000,"height":625,"caption":"Zentralafrika: Angesichts des Leidens"},{"@type":"BreadcrumbList","@id":"https:\/\/acninternational.org\/de\/kardinal-nzapalainga-als-christ-muss-ich-die-dinge-mit-anderen-augen-sehen\/#breadcrumb","itemListElement":[{"@type":"ListItem","position":1,"name":"Home","item":"https:\/\/acninternational.org\/de\/"},{"@type":"ListItem","position":2,"name":"Interview","item":"https:\/\/acninternational.org\/de\/category\/interview-2\/"},{"@type":"ListItem","position":3,"name":"Kardinal Nzapalainga : \u201eAls Christ muss ich die Dinge mit anderen Augen sehen\u201c"}]},{"@type":"WebSite","@id":"https:\/\/acninternational.org\/de\/#website","url":"https:\/\/acninternational.org\/de\/","name":"ACN International","description":"","publisher":{"@id":"https:\/\/acninternational.org\/de\/#organization"},"potentialAction":[{"@type":"SearchAction","target":{"@type":"EntryPoint","urlTemplate":"https:\/\/acninternational.org\/de\/?s={search_term_string}"},"query-input":{"@type":"PropertyValueSpecification","valueRequired":true,"valueName":"search_term_string"}}],"inLanguage":"de"},{"@type":"Organization","@id":"https:\/\/acninternational.org\/de\/#organization","name":"Aid to the Church in Need International","url":"https:\/\/acninternational.org\/de\/","logo":{"@type":"ImageObject","inLanguage":"de","@id":"https:\/\/acninternational.org\/de\/#\/schema\/logo\/image\/","url":"https:\/\/media.acninternational.org\/wp-content\/uploads\/2019\/11\/acn_logo_blackvector.svg","contentUrl":"https:\/\/media.acninternational.org\/wp-content\/uploads\/2019\/11\/acn_logo_blackvector.svg","width":232.6,"height":78,"caption":"Aid to the Church in Need International"},"image":{"@id":"https:\/\/acninternational.org\/de\/#\/schema\/logo\/image\/"},"sameAs":["https:\/\/www.facebook.com\/acninternationalorg","https:\/\/x.com\/acn_int","https:\/\/www.youtube.com\/channel\/UCQ-077gS0TnVzkhHmf1opZw","https:\/\/www.instagram.com\/acn_international\/"]},{"@type":"Person","@id":"https:\/\/acninternational.org\/de\/#\/schema\/person\/7f3dafb236b242fb2aa46be1411fd703","name":"ACN Press Team","description":"Lorem ipsum dolor sit amet, consectetur adipiscing elit, sed do eiusmod tempor incididunt ut labore et dolore magna aliqua. Ut enim ad minim veniam, quis nostrud exercitation ullamco laboris nisi ut aliquip ex ea commodo consequat.","url":"https:\/\/acninternational.org\/de\/author\/acn-press-team\/"}]}},"_links":{"self":[{"href":"https:\/\/acninternational.org\/de\/wp-json\/wp\/v2\/posts\/187248","targetHints":{"allow":["GET"]}}],"collection":[{"href":"https:\/\/acninternational.org\/de\/wp-json\/wp\/v2\/posts"}],"about":[{"href":"https:\/\/acninternational.org\/de\/wp-json\/wp\/v2\/types\/post"}],"author":[{"embeddable":true,"href":"https:\/\/acninternational.org\/de\/wp-json\/wp\/v2\/users\/4258341447"}],"replies":[{"embeddable":true,"href":"https:\/\/acninternational.org\/de\/wp-json\/wp\/v2\/comments?post=187248"}],"version-history":[{"count":0,"href":"https:\/\/acninternational.org\/de\/wp-json\/wp\/v2\/posts\/187248\/revisions"}],"wp:featuredmedia":[{"embeddable":true,"href":"https:\/\/acninternational.org\/de\/wp-json\/wp\/v2\/media\/187220"}],"wp:attachment":[{"href":"https:\/\/acninternational.org\/de\/wp-json\/wp\/v2\/media?parent=187248"}],"wp:term":[{"taxonomy":"category","embeddable":true,"href":"https:\/\/acninternational.org\/de\/wp-json\/wp\/v2\/categories?post=187248"},{"taxonomy":"post_tag","embeddable":true,"href":"https:\/\/acninternational.org\/de\/wp-json\/wp\/v2\/tags?post=187248"},{"taxonomy":"country","embeddable":true,"href":"https:\/\/acninternational.org\/de\/wp-json\/wp\/v2\/country?post=187248"}],"curies":[{"name":"wp","href":"https:\/\/api.w.org\/{rel}","templated":true}]}}