{"id":187189,"date":"2023-12-07T13:53:37","date_gmt":"2023-12-07T12:53:37","guid":{"rendered":"https:\/\/acninternational.org\/?p=187189"},"modified":"2023-12-12T10:38:40","modified_gmt":"2023-12-12T09:38:40","slug":"redweek-solidaritaet-mit-verfolgten-christen","status":"publish","type":"post","link":"https:\/\/acninternational.org\/de\/redweek-solidaritaet-mit-verfolgten-christen\/","title":{"rendered":"Politiker, Bisch\u00f6fe und gl\u00e4ubige Laien zeigten w\u00e4hrend der #RedWeek Solidarit\u00e4t mit verfolgten Christen"},"content":{"rendered":"<p><em>Bei den diesj\u00e4hrigen Veranstaltungen h\u00f6rten die Teilnehmer Berichte von Bisch\u00f6fen aus Nigeria, Pakistan und dem Nahen Osten wie auch pers\u00f6nliche Zeugnisse von Missionaren und Verfolgungsopfern. Tausende nahmen an den Veranstaltungen der #RedWeek 2023 teil, die in verschiedenen L\u00e4ndern \u2013 von Kroatien bis Australien \u2013 stattfanden. <\/em><\/p>\n<p>Die Initiative von Aid to the Church in Need (ACN) hat bei allen Teilnehmern gro\u00dfen Anklang gefunden und ist von f\u00fchrenden Politikern wie Rishi Sunak, dem Premierminister des Vereinigten K\u00f6nigreichs, besonders hervorgehoben worden: Er bezeichnete sie im Parlament als \u201eeinen wichtigen Moment, um unsere Solidarit\u00e4t mit Christen und mit all denen zu zeigen, die weltweit wegen ihrer Religion oder ihres Glaubens verfolgt werden.\u201c Er f\u00fcgte hinzu: \u201eIch freue mich, dass wir heute Geb\u00e4ude des Au\u00dfenministeriums im Vereinigten K\u00f6nigreich als Zeichen der Unterst\u00fctzung rot beleuchten werden.\u201c<\/p>\n<figure id=\"attachment_187311\" aria-describedby=\"caption-attachment-187311\" style=\"width: 670px\" class=\"wp-caption alignnone\"><img loading=\"lazy\" decoding=\"async\" class=\"wp-image-187311 size-full\" src=\"https:\/\/media.acninternational.org\/wp-content\/uploads\/2023\/12\/web_picture_small.jpg\" alt=\"#RedWeek 2023\" width=\"670\" height=\"400\" srcset=\"https:\/\/media.acninternational.org\/wp-content\/uploads\/2023\/12\/web_picture_small.jpg 670w, https:\/\/media.acninternational.org\/wp-content\/uploads\/2023\/12\/web_picture_small-300x179.jpg 300w\" sizes=\"auto, (max-width: 670px) 100vw, 670px\" \/><figcaption id=\"caption-attachment-187311\" class=\"wp-caption-text\">Erzbischof Miguel Maury Buend\u00eda \u00fcberreicht Margaret und Dominic Attah in London den Preis &#8222;Courage to Be Christian&#8220; (2023)<\/figcaption><\/figure>\n<p>In Rom wurden ebenfalls mehrere Regierungsgeb\u00e4ude in die Initiative einbezogen, darunter der Senat, die Abgeordnetenkammer und das Au\u00dfenministerium. Sie alle wurden rot beleuchtet, ebenso wie mehrere Botschaften beim Heiligen Stuhl.<\/p>\n<p>Weitere nationale Regierungen haben die #RedWeek aufgegriffen \u2013 auch einige Regierungen von L\u00e4ndern, in denen es kein Nationalb\u00fcro von ACN gibt. Die Regierung Ungarns organisierte eine Konferenz \u00fcber religi\u00f6se Verfolgung und lud Bischof Wilfred Anagbe aus Makurdi ein. Dieser beschrieb mit qualvoller Genauigkeit das Leid von \u00fcber zwei Millionen Christen in Nigeria, die wegen der Unruhen im Land zu Binnenvertriebenen geworden sind. Die Regierung der Tschechischen Republik leitete ihren Vorsitz der Internationalen Allianz f\u00fcr Religionsfreiheit (IRFBA) mit einer Veranstaltung zum \u201eRed Wednesday\u201c am 29. November in Prag ein; und das kroatische Parlament richtete eine Konferenz aus, in deren Fokus die wachsende Anzahl religi\u00f6s motivierter Hassverbrechen im Westen stand \u2013 dazu geh\u00f6rte auch eine Pr\u00e4sentation des <a href=\"https:\/\/acninternational.org\/religiousfreedomreport\/de\">ACN-Berichts \u201eReligionsfreiheit weltweit\u201c<\/a>. Mehrere kroatische Regierungsgeb\u00e4ude und Kirchen wurden rot angestrahlt.<\/p>\n<p>Das portugiesische ACN-Nationalb\u00fcro nutzte die #RedWeek ebenfalls zur weiteren Verbreitung des Berichts \u201eReligionsfreiheit weltweit\u201c und hielt Versammlungen mit den Bisch\u00f6fen von Set\u00fabal, Porto, Braga und \u00c9vora in deren jeweiligen Di\u00f6zesen ab.<\/p>\n<figure id=\"attachment_187318\" aria-describedby=\"caption-attachment-187318\" style=\"width: 670px\" class=\"wp-caption alignnone\"><img loading=\"lazy\" decoding=\"async\" class=\"wp-image-187318 size-full\" src=\"https:\/\/media.acninternational.org\/wp-content\/uploads\/2023\/12\/web_picture_small-1.jpg\" alt=\"#RedWeek 2023\" width=\"670\" height=\"400\" srcset=\"https:\/\/media.acninternational.org\/wp-content\/uploads\/2023\/12\/web_picture_small-1.jpg 670w, https:\/\/media.acninternational.org\/wp-content\/uploads\/2023\/12\/web_picture_small-1-300x179.jpg 300w\" sizes=\"auto, (max-width: 670px) 100vw, 670px\" \/><figcaption id=\"caption-attachment-187318\" class=\"wp-caption-text\">Red Wednesday Gottesdienst am 22.11.2023 in der St George&#8217;s Cathedral, Southwark, in London<\/figcaption><\/figure>\n<h4><strong>Berichte leidender Christen<\/strong><\/h4>\n<p>Deutschland f\u00fchrte seine Tradition fort, im Rahmen der Initiative Gastredner aus L\u00e4ndern einzuladen, in denen Christen Schwierigkeiten ausgesetzt sind. In diesem Jahr sprach Erzbischof Sebastian Shaw aus Lahore, Pakistan, \u00fcber die Vorteile des interreligi\u00f6sen Dialogs, dessen Vorreiter er in seinem Land ist; doch er prangerte auch Probleme an, die religi\u00f6se Minderheiten immer noch belasten, wie zum Beispiel \u201eMaterialien, die Feindseligkeit und Intoleranz in Pakistans nationalen Lehrpl\u00e4nen und Schulb\u00fcchern f\u00f6rdern&#8220;. Wir fordern die Regierung immer wieder aufs Neue auf, solche Inhalte zu beseitigen und die Anwendung der Blasphemiegesetze zu revidieren. Der tendenzi\u00f6se Lehrplan sorgt f\u00fcr das Fortbestehen des Hasses auf religi\u00f6se Minderheiten und f\u00fchrt zu Entfremdung und Minderwertigkeitskomplexen.\u201c<\/p>\n<p>Der Erzbischof f\u00fcgt hinzu: \u201eMinderj\u00e4hrige M\u00e4dchen und Frauen mit christlichem und hinduistischem Hintergrund werden oft entf\u00fchrt, zwangsverheiratet und gezwungen, zum Islam zu konvertieren. Nach der Konversion k\u00f6nnen sie ihren angenommenen Glauben nicht mehr aufgeben, da sie bei einem solchen Versuch die Hinrichtung riskieren.\u201c<\/p>\n<p>Bischof Magar Ashkarian, ein armenisch-orthodoxer Pr\u00e4lat aus Syrien, sprach \u00fcber das furchtbare Leid, das sein Land durch zw\u00f6lf Jahre Krieg, eine schwere Finanzkrise und j\u00fcngst durch ein verheerendes Erdbeben erlitten hat, und bat die Menschen im Westen: \u201eTun Sie Ihr M\u00f6glichstes, um die gegen Syrien verh\u00e4ngten Sanktionen und Blockaden zu beenden, die nichts anderes als teuflisch und unmenschlich sind und keinen anderen Zweck haben, als den Menschen das Leben zur H\u00f6lle zu machen.\u201c<\/p>\n<figure id=\"attachment_187164\" aria-describedby=\"caption-attachment-187164\" style=\"width: 670px\" class=\"wp-caption alignnone\"><img loading=\"lazy\" decoding=\"async\" class=\"wp-image-187164 size-full\" src=\"https:\/\/media.acninternational.org\/wp-content\/uploads\/2023\/12\/1-1.jpg\" alt=\"#RedWeek 2023\" width=\"670\" height=\"400\" srcset=\"https:\/\/media.acninternational.org\/wp-content\/uploads\/2023\/12\/1-1.jpg 670w, https:\/\/media.acninternational.org\/wp-content\/uploads\/2023\/12\/1-1-300x179.jpg 300w\" sizes=\"auto, (max-width: 670px) 100vw, 670px\" \/><figcaption id=\"caption-attachment-187164\" class=\"wp-caption-text\">#RedWeek in Rom 24. Februar 2018<\/figcaption><\/figure>\n<h4><strong>\u201eDamit unsere Br\u00fcder sich nicht allein f\u00fchlen\u201c<\/strong><\/h4>\n<p>In Lateinamerika organisierte das nationale ACN-B\u00fcro in Kolumbien Vortr\u00e4ge von Missionaren, die in diesem Land arbeiten. Schwester Mercy Mendoza, urspr\u00fcnglich aus Venezuela, sagte: \u201eAls Missionare werden wir an Orte geschickt, die von Konflikten, Gewalt und extremer Armut gepr\u00e4gt sind und vom Staat im Stich gelassen werden; unser Zeugnis verleiht diesen Menschen, die leiden, aber durch unsere Arbeit von Jesus begleitet werden, eine Stimme. Wir geben alles daf\u00fcr, dass sie einen Gott kennenlernen k\u00f6nnen, der ihnen nahe ist, einen Gott, der inmitten der Qual gegenw\u00e4rtig ist. Wir geben unsere Seele, unser Leben und unser Herz, so wie Jesus es getan hat, damit diese unsere Br\u00fcder und Schwestern das Gef\u00fchl haben, dass sie nicht allein sind.\u201c<\/p>\n<p>Zu guter Letzt fand in Australien in Anwesenheit des Erzbischofs von Melbourne, Peter Comensoli, die <em>Night of the Witnesses<\/em> (Nacht der Zeugen) in der dortigen Kathedrale statt. Am Ende sagte der Bischof: \u201eIn einem Land, das die Freiheit und die W\u00fcrde eines jeden Menschen feiert, der nach Gottes Ebenbild geschaffen wurde, ist es wichtig, dass wir uns Zeit nehmen, zu beten und an die Bedr\u00e4ngnis so vieler verfolgter und unterdr\u00fcckter Christen in unserer Welt zu denken. Die <em>Night of the Witnesses<\/em> ist eine gro\u00dfartige Gelegenheit, im Gebet zusammenzukommen und aus erster Hand die Geschichten der M\u00e4rtyrer von heute zu h\u00f6ren, die zum Schweigen gebracht wurden, weil sie unerschrocken das Wort Gottes verk\u00fcndet haben. Sie sind unsere Br\u00fcder und Schwestern in Christus, deren Geschichten uns aus unserer Komfortzone holen und uns in allem ein Zeugnis der St\u00e4rke und Liebe zum Herrn vorleben.\u201c<\/p>\n","protected":false},"excerpt":{"rendered":"<p>Tausende nahmen an den Veranstaltungen der #RedWeek 2023 teil, die in verschiedenen L\u00e4ndern \u2013 von Kroatien bis Australien \u2013 stattfanden<\/p>\n","protected":false},"author":4258341447,"featured_media":187324,"comment_status":"closed","ping_status":"closed","sticky":false,"template":"","format":"standard","meta":{"_acf_changed":false,"_acn_coauthor_ids":[],"footnotes":""},"categories":[968],"tags":[],"country":[333],"class_list":["post-187189","post","type-post","status-publish","format-standard","has-post-thumbnail","hentry","category-featured-de","country-international"],"acn_coauthors":[],"acf":[],"yoast_head":"<!-- This site is optimized with the Yoast SEO Premium plugin v27.3 (Yoast SEO v27.3) - https:\/\/yoast.com\/product\/yoast-seo-premium-wordpress\/ -->\n<title>#RedWeek: Solidarit\u00e4t mit verfolgten Christen | ACN International<\/title>\n<meta name=\"description\" content=\"Tausende nahmen an den Veranstaltungen der #RedWeek 2023 teil, die in verschiedenen L\u00e4ndern \u2013 von Kroatien bis Australien \u2013 stattfanden.\" \/>\n<meta name=\"robots\" content=\"index, follow, max-snippet:-1, max-image-preview:large, max-video-preview:-1\" \/>\n<link rel=\"canonical\" href=\"https:\/\/acninternational.org\/de\/redweek-solidaritaet-mit-verfolgten-christen\/\" \/>\n<meta property=\"og:locale\" content=\"de_DE\" \/>\n<meta property=\"og:type\" content=\"article\" \/>\n<meta property=\"og:title\" content=\"Politiker, Bisch\u00f6fe und gl\u00e4ubige Laien zeigten w\u00e4hrend der #RedWeek Solidarit\u00e4t mit verfolgten Christen\" \/>\n<meta property=\"og:description\" content=\"Tausende nahmen an den Veranstaltungen der #RedWeek 2023 teil, die in verschiedenen L\u00e4ndern \u2013 von Kroatien bis Australien \u2013 stattfanden.\" \/>\n<meta property=\"og:url\" content=\"https:\/\/acninternational.org\/de\/redweek-solidaritaet-mit-verfolgten-christen\/\" \/>\n<meta property=\"og:site_name\" content=\"ACN International\" \/>\n<meta property=\"article:publisher\" content=\"https:\/\/www.facebook.com\/acninternationalorg\" \/>\n<meta property=\"article:published_time\" content=\"2023-12-07T12:53:37+00:00\" \/>\n<meta property=\"article:modified_time\" content=\"2023-12-12T09:38:40+00:00\" \/>\n<meta property=\"og:image\" content=\"https:\/\/media.acninternational.org\/wp-content\/uploads\/2023\/12\/heading_web-2-1.jpg\" \/>\n\t<meta property=\"og:image:width\" content=\"2000\" \/>\n\t<meta property=\"og:image:height\" content=\"625\" \/>\n\t<meta property=\"og:image:type\" content=\"image\/jpeg\" \/>\n<meta name=\"author\" content=\"ACN Press Team\" \/>\n<meta name=\"twitter:card\" content=\"summary_large_image\" \/>\n<meta name=\"twitter:creator\" content=\"@acn_int\" \/>\n<meta name=\"twitter:site\" content=\"@acn_int\" \/>\n<meta name=\"twitter:label1\" content=\"Verfasst von\" \/>\n\t<meta name=\"twitter:data1\" content=\"ACN Press Team\" \/>\n\t<meta name=\"twitter:label2\" content=\"Gesch\u00e4tzte Lesezeit\" \/>\n\t<meta name=\"twitter:data2\" content=\"5\u00a0Minuten\" \/>\n<script type=\"application\/ld+json\" class=\"yoast-schema-graph\">{\"@context\":\"https:\\\/\\\/schema.org\",\"@graph\":[{\"@type\":\"Article\",\"@id\":\"https:\\\/\\\/acninternational.org\\\/de\\\/redweek-solidaritaet-mit-verfolgten-christen\\\/#article\",\"isPartOf\":{\"@id\":\"https:\\\/\\\/acninternational.org\\\/de\\\/redweek-solidaritaet-mit-verfolgten-christen\\\/\"},\"author\":{\"name\":\"ACN Press Team\",\"@id\":\"https:\\\/\\\/acninternational.org\\\/de\\\/#\\\/schema\\\/person\\\/7f3dafb236b242fb2aa46be1411fd703\"},\"headline\":\"Politiker, Bisch\u00f6fe und gl\u00e4ubige Laien zeigten w\u00e4hrend der #RedWeek Solidarit\u00e4t mit verfolgten Christen\",\"datePublished\":\"2023-12-07T12:53:37+00:00\",\"dateModified\":\"2023-12-12T09:38:40+00:00\",\"mainEntityOfPage\":{\"@id\":\"https:\\\/\\\/acninternational.org\\\/de\\\/redweek-solidaritaet-mit-verfolgten-christen\\\/\"},\"wordCount\":942,\"publisher\":{\"@id\":\"https:\\\/\\\/acninternational.org\\\/de\\\/#organization\"},\"image\":{\"@id\":\"https:\\\/\\\/acninternational.org\\\/de\\\/redweek-solidaritaet-mit-verfolgten-christen\\\/#primaryimage\"},\"thumbnailUrl\":\"https:\\\/\\\/media.acninternational.org\\\/wp-content\\\/uploads\\\/2023\\\/12\\\/heading_web-2-1.jpg\",\"articleSection\":[\"FEATURED\"],\"inLanguage\":\"de\"},{\"@type\":\"WebPage\",\"@id\":\"https:\\\/\\\/acninternational.org\\\/de\\\/redweek-solidaritaet-mit-verfolgten-christen\\\/\",\"url\":\"https:\\\/\\\/acninternational.org\\\/de\\\/redweek-solidaritaet-mit-verfolgten-christen\\\/\",\"name\":\"#RedWeek: Solidarit\u00e4t mit verfolgten Christen | ACN International\",\"isPartOf\":{\"@id\":\"https:\\\/\\\/acninternational.org\\\/de\\\/#website\"},\"primaryImageOfPage\":{\"@id\":\"https:\\\/\\\/acninternational.org\\\/de\\\/redweek-solidaritaet-mit-verfolgten-christen\\\/#primaryimage\"},\"image\":{\"@id\":\"https:\\\/\\\/acninternational.org\\\/de\\\/redweek-solidaritaet-mit-verfolgten-christen\\\/#primaryimage\"},\"thumbnailUrl\":\"https:\\\/\\\/media.acninternational.org\\\/wp-content\\\/uploads\\\/2023\\\/12\\\/heading_web-2-1.jpg\",\"datePublished\":\"2023-12-07T12:53:37+00:00\",\"dateModified\":\"2023-12-12T09:38:40+00:00\",\"description\":\"Tausende nahmen an den Veranstaltungen der #RedWeek 2023 teil, die in verschiedenen L\u00e4ndern \u2013 von Kroatien bis Australien \u2013 stattfanden.\",\"breadcrumb\":{\"@id\":\"https:\\\/\\\/acninternational.org\\\/de\\\/redweek-solidaritaet-mit-verfolgten-christen\\\/#breadcrumb\"},\"inLanguage\":\"de\",\"potentialAction\":[{\"@type\":\"ReadAction\",\"target\":[\"https:\\\/\\\/acninternational.org\\\/de\\\/redweek-solidaritaet-mit-verfolgten-christen\\\/\"]}]},{\"@type\":\"ImageObject\",\"inLanguage\":\"de\",\"@id\":\"https:\\\/\\\/acninternational.org\\\/de\\\/redweek-solidaritaet-mit-verfolgten-christen\\\/#primaryimage\",\"url\":\"https:\\\/\\\/media.acninternational.org\\\/wp-content\\\/uploads\\\/2023\\\/12\\\/heading_web-2-1.jpg\",\"contentUrl\":\"https:\\\/\\\/media.acninternational.org\\\/wp-content\\\/uploads\\\/2023\\\/12\\\/heading_web-2-1.jpg\",\"width\":2000,\"height\":625,\"caption\":\"#RedWeek 2023\"},{\"@type\":\"BreadcrumbList\",\"@id\":\"https:\\\/\\\/acninternational.org\\\/de\\\/redweek-solidaritaet-mit-verfolgten-christen\\\/#breadcrumb\",\"itemListElement\":[{\"@type\":\"ListItem\",\"position\":1,\"name\":\"Home\",\"item\":\"https:\\\/\\\/acninternational.org\\\/de\\\/\"},{\"@type\":\"ListItem\",\"position\":2,\"name\":\"FEATURED\",\"item\":\"https:\\\/\\\/acninternational.org\\\/de\\\/category\\\/featured-de\\\/\"},{\"@type\":\"ListItem\",\"position\":3,\"name\":\"Politiker, Bisch\u00f6fe und gl\u00e4ubige Laien zeigten w\u00e4hrend der #RedWeek Solidarit\u00e4t mit verfolgten Christen\"}]},{\"@type\":\"WebSite\",\"@id\":\"https:\\\/\\\/acninternational.org\\\/de\\\/#website\",\"url\":\"https:\\\/\\\/acninternational.org\\\/de\\\/\",\"name\":\"ACN International\",\"description\":\"\",\"publisher\":{\"@id\":\"https:\\\/\\\/acninternational.org\\\/de\\\/#organization\"},\"potentialAction\":[{\"@type\":\"SearchAction\",\"target\":{\"@type\":\"EntryPoint\",\"urlTemplate\":\"https:\\\/\\\/acninternational.org\\\/de\\\/?s={search_term_string}\"},\"query-input\":{\"@type\":\"PropertyValueSpecification\",\"valueRequired\":true,\"valueName\":\"search_term_string\"}}],\"inLanguage\":\"de\"},{\"@type\":\"Organization\",\"@id\":\"https:\\\/\\\/acninternational.org\\\/de\\\/#organization\",\"name\":\"Aid to the Church in Need International\",\"url\":\"https:\\\/\\\/acninternational.org\\\/de\\\/\",\"logo\":{\"@type\":\"ImageObject\",\"inLanguage\":\"de\",\"@id\":\"https:\\\/\\\/acninternational.org\\\/de\\\/#\\\/schema\\\/logo\\\/image\\\/\",\"url\":\"https:\\\/\\\/media.acninternational.org\\\/wp-content\\\/uploads\\\/2019\\\/11\\\/acn_logo_blackvector.svg\",\"contentUrl\":\"https:\\\/\\\/media.acninternational.org\\\/wp-content\\\/uploads\\\/2019\\\/11\\\/acn_logo_blackvector.svg\",\"width\":232.6,\"height\":78,\"caption\":\"Aid to the Church in Need International\"},\"image\":{\"@id\":\"https:\\\/\\\/acninternational.org\\\/de\\\/#\\\/schema\\\/logo\\\/image\\\/\"},\"sameAs\":[\"https:\\\/\\\/www.facebook.com\\\/acninternationalorg\",\"https:\\\/\\\/x.com\\\/acn_int\",\"https:\\\/\\\/www.youtube.com\\\/channel\\\/UCQ-077gS0TnVzkhHmf1opZw\",\"https:\\\/\\\/www.instagram.com\\\/acn_international\\\/\"]},{\"@type\":\"Person\",\"@id\":\"https:\\\/\\\/acninternational.org\\\/de\\\/#\\\/schema\\\/person\\\/7f3dafb236b242fb2aa46be1411fd703\",\"name\":\"ACN Press Team\",\"description\":\"Lorem ipsum dolor sit amet, consectetur adipiscing elit, sed do eiusmod tempor incididunt ut labore et dolore magna aliqua. Ut enim ad minim veniam, quis nostrud exercitation ullamco laboris nisi ut aliquip ex ea commodo consequat.\",\"url\":\"https:\\\/\\\/acninternational.org\\\/de\\\/author\\\/acn-press-team\\\/\"}]}<\/script>\n<!-- \/ Yoast SEO Premium plugin. -->","yoast_head_json":{"title":"#RedWeek: Solidarit\u00e4t mit verfolgten Christen | ACN International","description":"Tausende nahmen an den Veranstaltungen der #RedWeek 2023 teil, die in verschiedenen L\u00e4ndern \u2013 von Kroatien bis Australien \u2013 stattfanden.","robots":{"index":"index","follow":"follow","max-snippet":"max-snippet:-1","max-image-preview":"max-image-preview:large","max-video-preview":"max-video-preview:-1"},"canonical":"https:\/\/acninternational.org\/de\/redweek-solidaritaet-mit-verfolgten-christen\/","og_locale":"de_DE","og_type":"article","og_title":"Politiker, Bisch\u00f6fe und gl\u00e4ubige Laien zeigten w\u00e4hrend der #RedWeek Solidarit\u00e4t mit verfolgten Christen","og_description":"Tausende nahmen an den Veranstaltungen der #RedWeek 2023 teil, die in verschiedenen L\u00e4ndern \u2013 von Kroatien bis Australien \u2013 stattfanden.","og_url":"https:\/\/acninternational.org\/de\/redweek-solidaritaet-mit-verfolgten-christen\/","og_site_name":"ACN International","article_publisher":"https:\/\/www.facebook.com\/acninternationalorg","article_published_time":"2023-12-07T12:53:37+00:00","article_modified_time":"2023-12-12T09:38:40+00:00","og_image":[{"width":2000,"height":625,"url":"https:\/\/media.acninternational.org\/wp-content\/uploads\/2023\/12\/heading_web-2-1.jpg","type":"image\/jpeg"}],"author":"ACN Press Team","twitter_card":"summary_large_image","twitter_creator":"@acn_int","twitter_site":"@acn_int","twitter_misc":{"Verfasst von":"ACN Press Team","Gesch\u00e4tzte Lesezeit":"5\u00a0Minuten"},"schema":{"@context":"https:\/\/schema.org","@graph":[{"@type":"Article","@id":"https:\/\/acninternational.org\/de\/redweek-solidaritaet-mit-verfolgten-christen\/#article","isPartOf":{"@id":"https:\/\/acninternational.org\/de\/redweek-solidaritaet-mit-verfolgten-christen\/"},"author":{"name":"ACN Press Team","@id":"https:\/\/acninternational.org\/de\/#\/schema\/person\/7f3dafb236b242fb2aa46be1411fd703"},"headline":"Politiker, Bisch\u00f6fe und gl\u00e4ubige Laien zeigten w\u00e4hrend der #RedWeek Solidarit\u00e4t mit verfolgten Christen","datePublished":"2023-12-07T12:53:37+00:00","dateModified":"2023-12-12T09:38:40+00:00","mainEntityOfPage":{"@id":"https:\/\/acninternational.org\/de\/redweek-solidaritaet-mit-verfolgten-christen\/"},"wordCount":942,"publisher":{"@id":"https:\/\/acninternational.org\/de\/#organization"},"image":{"@id":"https:\/\/acninternational.org\/de\/redweek-solidaritaet-mit-verfolgten-christen\/#primaryimage"},"thumbnailUrl":"https:\/\/media.acninternational.org\/wp-content\/uploads\/2023\/12\/heading_web-2-1.jpg","articleSection":["FEATURED"],"inLanguage":"de"},{"@type":"WebPage","@id":"https:\/\/acninternational.org\/de\/redweek-solidaritaet-mit-verfolgten-christen\/","url":"https:\/\/acninternational.org\/de\/redweek-solidaritaet-mit-verfolgten-christen\/","name":"#RedWeek: Solidarit\u00e4t mit verfolgten Christen | ACN International","isPartOf":{"@id":"https:\/\/acninternational.org\/de\/#website"},"primaryImageOfPage":{"@id":"https:\/\/acninternational.org\/de\/redweek-solidaritaet-mit-verfolgten-christen\/#primaryimage"},"image":{"@id":"https:\/\/acninternational.org\/de\/redweek-solidaritaet-mit-verfolgten-christen\/#primaryimage"},"thumbnailUrl":"https:\/\/media.acninternational.org\/wp-content\/uploads\/2023\/12\/heading_web-2-1.jpg","datePublished":"2023-12-07T12:53:37+00:00","dateModified":"2023-12-12T09:38:40+00:00","description":"Tausende nahmen an den Veranstaltungen der #RedWeek 2023 teil, die in verschiedenen L\u00e4ndern \u2013 von Kroatien bis Australien \u2013 stattfanden.","breadcrumb":{"@id":"https:\/\/acninternational.org\/de\/redweek-solidaritaet-mit-verfolgten-christen\/#breadcrumb"},"inLanguage":"de","potentialAction":[{"@type":"ReadAction","target":["https:\/\/acninternational.org\/de\/redweek-solidaritaet-mit-verfolgten-christen\/"]}]},{"@type":"ImageObject","inLanguage":"de","@id":"https:\/\/acninternational.org\/de\/redweek-solidaritaet-mit-verfolgten-christen\/#primaryimage","url":"https:\/\/media.acninternational.org\/wp-content\/uploads\/2023\/12\/heading_web-2-1.jpg","contentUrl":"https:\/\/media.acninternational.org\/wp-content\/uploads\/2023\/12\/heading_web-2-1.jpg","width":2000,"height":625,"caption":"#RedWeek 2023"},{"@type":"BreadcrumbList","@id":"https:\/\/acninternational.org\/de\/redweek-solidaritaet-mit-verfolgten-christen\/#breadcrumb","itemListElement":[{"@type":"ListItem","position":1,"name":"Home","item":"https:\/\/acninternational.org\/de\/"},{"@type":"ListItem","position":2,"name":"FEATURED","item":"https:\/\/acninternational.org\/de\/category\/featured-de\/"},{"@type":"ListItem","position":3,"name":"Politiker, Bisch\u00f6fe und gl\u00e4ubige Laien zeigten w\u00e4hrend der #RedWeek Solidarit\u00e4t mit verfolgten Christen"}]},{"@type":"WebSite","@id":"https:\/\/acninternational.org\/de\/#website","url":"https:\/\/acninternational.org\/de\/","name":"ACN International","description":"","publisher":{"@id":"https:\/\/acninternational.org\/de\/#organization"},"potentialAction":[{"@type":"SearchAction","target":{"@type":"EntryPoint","urlTemplate":"https:\/\/acninternational.org\/de\/?s={search_term_string}"},"query-input":{"@type":"PropertyValueSpecification","valueRequired":true,"valueName":"search_term_string"}}],"inLanguage":"de"},{"@type":"Organization","@id":"https:\/\/acninternational.org\/de\/#organization","name":"Aid to the Church in Need International","url":"https:\/\/acninternational.org\/de\/","logo":{"@type":"ImageObject","inLanguage":"de","@id":"https:\/\/acninternational.org\/de\/#\/schema\/logo\/image\/","url":"https:\/\/media.acninternational.org\/wp-content\/uploads\/2019\/11\/acn_logo_blackvector.svg","contentUrl":"https:\/\/media.acninternational.org\/wp-content\/uploads\/2019\/11\/acn_logo_blackvector.svg","width":232.6,"height":78,"caption":"Aid to the Church in Need International"},"image":{"@id":"https:\/\/acninternational.org\/de\/#\/schema\/logo\/image\/"},"sameAs":["https:\/\/www.facebook.com\/acninternationalorg","https:\/\/x.com\/acn_int","https:\/\/www.youtube.com\/channel\/UCQ-077gS0TnVzkhHmf1opZw","https:\/\/www.instagram.com\/acn_international\/"]},{"@type":"Person","@id":"https:\/\/acninternational.org\/de\/#\/schema\/person\/7f3dafb236b242fb2aa46be1411fd703","name":"ACN Press Team","description":"Lorem ipsum dolor sit amet, consectetur adipiscing elit, sed do eiusmod tempor incididunt ut labore et dolore magna aliqua. Ut enim ad minim veniam, quis nostrud exercitation ullamco laboris nisi ut aliquip ex ea commodo consequat.","url":"https:\/\/acninternational.org\/de\/author\/acn-press-team\/"}]}},"_links":{"self":[{"href":"https:\/\/acninternational.org\/de\/wp-json\/wp\/v2\/posts\/187189","targetHints":{"allow":["GET"]}}],"collection":[{"href":"https:\/\/acninternational.org\/de\/wp-json\/wp\/v2\/posts"}],"about":[{"href":"https:\/\/acninternational.org\/de\/wp-json\/wp\/v2\/types\/post"}],"author":[{"embeddable":true,"href":"https:\/\/acninternational.org\/de\/wp-json\/wp\/v2\/users\/4258341447"}],"replies":[{"embeddable":true,"href":"https:\/\/acninternational.org\/de\/wp-json\/wp\/v2\/comments?post=187189"}],"version-history":[{"count":0,"href":"https:\/\/acninternational.org\/de\/wp-json\/wp\/v2\/posts\/187189\/revisions"}],"wp:featuredmedia":[{"embeddable":true,"href":"https:\/\/acninternational.org\/de\/wp-json\/wp\/v2\/media\/187324"}],"wp:attachment":[{"href":"https:\/\/acninternational.org\/de\/wp-json\/wp\/v2\/media?parent=187189"}],"wp:term":[{"taxonomy":"category","embeddable":true,"href":"https:\/\/acninternational.org\/de\/wp-json\/wp\/v2\/categories?post=187189"},{"taxonomy":"post_tag","embeddable":true,"href":"https:\/\/acninternational.org\/de\/wp-json\/wp\/v2\/tags?post=187189"},{"taxonomy":"country","embeddable":true,"href":"https:\/\/acninternational.org\/de\/wp-json\/wp\/v2\/country?post=187189"}],"curies":[{"name":"wp","href":"https:\/\/api.w.org\/{rel}","templated":true}]}}