{"id":186788,"date":"2023-11-29T17:24:26","date_gmt":"2023-11-29T16:24:26","guid":{"rendered":"https:\/\/acninternational.org\/?p=186788"},"modified":"2023-11-29T17:52:14","modified_gmt":"2023-11-29T16:52:14","slug":"einen-wendepunkt-fuer-den-interreligioesen-dialog-in-pakistan","status":"publish","type":"post","link":"https:\/\/acninternational.org\/de\/einen-wendepunkt-fuer-den-interreligioesen-dialog-in-pakistan\/","title":{"rendered":"Die Jaranwala-Unruhen markierten einen Wendepunkt f\u00fcr den interreligi\u00f6sen Dialog in Pakistan"},"content":{"rendered":"<p><em>Vor anderthalb Jahrzehnten stie\u00df Erzbischof Sebastian Shaw bei muslimischen F\u00fchrern auf viel Skepsis und geringes Interesse am Dialog. Nach Jahren des Vertrauensaufbaus, so sagt er, ergriffen die islamischen F\u00fchrer jetzt selbst die Initiative, um sich f\u00fcr verfolgte Christen einzusetzen.\u00a0\u00a0 <\/em><\/p>\n<p>Der Erzbischof von Lahore, Sebastian Francis Shaw, ist der Ansicht, dass der Druck islamischer Gelehrter wesentlich sei, um die Regierung zu ermutigen, gegen Extremisten vorzugehen, die Christen in Pakistan verfolgen.<\/p>\n<figure id=\"attachment_186765\" aria-describedby=\"caption-attachment-186765\" style=\"width: 670px\" class=\"wp-caption alignnone\"><img loading=\"lazy\" decoding=\"async\" class=\"wp-image-186765 size-full\" src=\"https:\/\/media.acninternational.org\/wp-content\/uploads\/2023\/11\/1-4.jpg\" alt=\"verfolgte Christen Pakistan\" width=\"670\" height=\"400\" srcset=\"https:\/\/media.acninternational.org\/wp-content\/uploads\/2023\/11\/1-4.jpg 670w, https:\/\/media.acninternational.org\/wp-content\/uploads\/2023\/11\/1-4-300x179.jpg 300w\" sizes=\"auto, (max-width: 670px) 100vw, 670px\" \/><figcaption id=\"caption-attachment-186765\" class=\"wp-caption-text\">Erzbischof Sebastian Shaw<\/figcaption><\/figure>\n<p>Bei einem Besuch am Hauptsitz des internationalen Hilfswerks Aid to the Church in Need (ACN) in Deutschland beschrieb der Erzbischof die Fr\u00fcchte des interreligi\u00f6sen Dialogs in seinem Heimatland, und berichtet, wie ein j\u00fcngster Vorfall der Christenverfolgung einen Wendepunkt in den Beziehungen zwischen der katholischen Kirche und dem Islam zu markieren scheint.<\/p>\n<p>Tausende von Christen waren gezwungen, aus ihren H\u00e4usern zu fliehen, als ein muslimischer Mob am 16. August in Jaranwala, Faisalabad, randalierte, weil Ger\u00fcchte kursierten, zwei christliche Br\u00fcder h\u00e4tten den Koran gesch\u00e4ndet. Dutzende von Kirchen wurden in Brand gesteckt und Hunderte von Familien wurden obdachlos, da ihre H\u00e4user gepl\u00fcndert und niedergebrannt wurden. Gl\u00fccklicherweise wurde niemand get\u00f6tet, aber die Christen mussten mehrere N\u00e4chte auf den Feldern schlafen, da es zu gef\u00e4hrlich war, in ihre H\u00e4user zur\u00fcckzukehren.<\/p>\n<figure id=\"attachment_186771\" aria-describedby=\"caption-attachment-186771\" style=\"width: 670px\" class=\"wp-caption alignnone\"><img loading=\"lazy\" decoding=\"async\" class=\"wp-image-186771 size-full\" src=\"https:\/\/media.acninternational.org\/wp-content\/uploads\/2023\/11\/2-1-2.jpg\" alt=\"verfolgte Christen Pakistan\" width=\"670\" height=\"400\" srcset=\"https:\/\/media.acninternational.org\/wp-content\/uploads\/2023\/11\/2-1-2.jpg 670w, https:\/\/media.acninternational.org\/wp-content\/uploads\/2023\/11\/2-1-2-300x179.jpg 300w\" sizes=\"auto, (max-width: 670px) 100vw, 670px\" \/><figcaption id=\"caption-attachment-186771\" class=\"wp-caption-text\">Kofinanzierung von Glaubensbildung; seelsorgerische Betreuung der christlichen Gemeinschaft durch christlich-muslimischen Dialog im Friedenszentrum<\/figcaption><\/figure>\n<p>\u201eAm n\u00e4chsten Tag hatten wir eine Pressekonferenz in Lahore mit sechs oder sieben islamischen F\u00fchrern, den <em>Ulemas<\/em>, die Mitglieder unserer Dialoggruppe sind. Ich zeigte einem von ihnen die Bilder der auf den Feldern schlafenden Kinder und sagte: \u201aWir sind nur 2 % der Bev\u00f6lkerung, ihr seid 97 %. Warum tun eure Leute uns das an?\u2018. Er war sehr aufgebracht, und w\u00e4hrend der Pressekonferenz wurde er sehr emotional und wandte sich an mich und sagte: \u201aHerr Bischof, ich bitte im Namen unseres ganzen Volkes um Verzeihung\u2018.\u201c<\/p>\n<h4><strong>Muslimische Stimmen gegen radikalen Islam<\/strong><\/h4>\n<p>Erzbischof Sebastian Shaw betont, dass die Gr\u00fcndung Pakistans als ein Projekt der Religionsfreiheit gedacht gewesen sei, in dem Nicht-Hindus dem strengen Kastensystem entkommen konnten, das in Indien noch immer herrschte. Die Christen in der Region, in der sich Jaranwala befindet, seien ma\u00dfgeblich daran beteiligt gewesen, dass der westliche Punjab dem neu gegr\u00fcndeten Land beitrat. Der Aufstieg des radikalen Islams sei jedoch seit Jahrzehnten ein Problem, und der Regierung fehle oft der Wille, gegen Extremisten vorzugehen, da dies zu Unruhen im ganzen Land f\u00fchren k\u00f6nne. \u201ePakistan toleriert jedes \u00dcbel, aber das Problem ist, dass dieses \u00dcbel dann so gro\u00df wird, dass es schwer zu kontrollieren ist. Nach den Unruhen wurden viele Menschen verhaftet, vor allem Mitglieder der extremistischen Partei TLP. Der Regierung f\u00e4llt es jedoch schwer, sie zu bestrafen, da dies Auswirkungen auf andere St\u00e4dte haben k\u00f6nnte. Traditionell versuchen sie, eine Vers\u00f6hnung zwischen den Christen und den Angreifern zu erzwingen, damit wir ihnen verzeihen, und das werden sie vielleicht auch dieses Mal vorschlagen.\u201c<\/p>\n<figure id=\"attachment_186753\" aria-describedby=\"caption-attachment-186753\" style=\"width: 670px\" class=\"wp-caption alignnone\"><img loading=\"lazy\" decoding=\"async\" class=\"wp-image-186753 size-full\" src=\"https:\/\/media.acninternational.org\/wp-content\/uploads\/2023\/11\/3-2-1.jpg\" alt=\"verfolgte Christen Pakistan\" width=\"670\" height=\"400\" srcset=\"https:\/\/media.acninternational.org\/wp-content\/uploads\/2023\/11\/3-2-1.jpg 670w, https:\/\/media.acninternational.org\/wp-content\/uploads\/2023\/11\/3-2-1-300x179.jpg 300w\" sizes=\"auto, (max-width: 670px) 100vw, 670px\" \/><figcaption id=\"caption-attachment-186753\" class=\"wp-caption-text\">Kofinanzierung von Glaubensbildung; seelsorgerische Betreuung der christlichen Gemeinschaft durch christlich-muslimischen Dialog im Friedenszentrum<\/figcaption><\/figure>\n<p>Erzbischof Shaw glaubt jedoch, dass sich die Dinge zurzeit \u00e4ndern. \u201eDie Stimmen der muslimischen Gelehrten sind sehr wichtig geworden, vor allem dort, wo es f\u00fcr die Regierung und die Streitkr\u00e4fte schwieriger ist, zu intervenieren. Eines der Ergebnisse unseres Dialogs ist, dass sich viele muslimische Gelehrte zum ersten Mal auf unsere Seite gestellt haben, und sie unterst\u00fctzen uns immer noch. Ich habe mich beispielsweise mit dem nationalen F\u00fchrer einer einflussreichen muslimischen Gruppe, der Jamaat-e-Islami, in Jaranwala getroffen. Er hat mir gesagt, dass er die Geschehnisse sehr bedauert, und hat versprochen, die Kinder zu unterst\u00fctzen, die ihre Schulb\u00fccher verloren haben, als ihre H\u00e4user niedergebrannt wurden. Vor zwei Wochen spendeten sie B\u00fccher f\u00fcr 200 Kinder. Dies ist ein Ergebnis unseres Dialogs, und deshalb m\u00fcssen wir den Dialog st\u00e4rker f\u00f6rdern.\u201c<\/p>\n<p>Der Erzbischof ist seit vielen Jahren im interreligi\u00f6sen Dialog stark engagiert. Fr\u00fcher war er Vorsitzender der Kommission f\u00fcr den interreligi\u00f6sen Dialog der pakistanischen Bischofskonferenz. Jetzt, da er von diesem Amt abgel\u00f6st wurde, arbeitet er weiterhin mit den Dutzenden von islamischen Dialogpartnern in seiner eigenen Erzdi\u00f6zese zusammen und ist au\u00dferdem Mitglied des vatikanischen Dikasteriums f\u00fcr den interreligi\u00f6sen Dialog.<\/p>\n<h4><strong>Schranken abbauen<\/strong><\/h4>\n<p>Anfangs, so sagt er, sei es den Muslimen schwergefallen, das Konzept des interreligi\u00f6sen Dialogs zu begreifen. \u201eZun\u00e4chst lehnten viele Muslime den Dialog ab. Sie sagten, der Islam sei sehr klar: Entweder du bist Muslim oder du bist kein Muslim, da gibt es nichts zu diskutieren. Aber nach mehreren Jahren der Anstrengung haben einige von ihnen jetzt ein Verst\u00e4ndnis daf\u00fcr, was wir tun und was wir gemeinsam erreichen k\u00f6nnen. Wir haben zum Beispiel gemeinsam das Dokument des Papstes zur Nachhaltigkeit, Laudato Si&#8216;, studiert. Wenn sie jetzt Vorf\u00e4lle wie die in Jaranwala sehen, haben viele Muslime das Gef\u00fchl, dass dies nicht das Bild Pakistans sein darf.\u201c<\/p>\n<figure id=\"attachment_186759\" aria-describedby=\"caption-attachment-186759\" style=\"width: 670px\" class=\"wp-caption alignnone\"><img loading=\"lazy\" decoding=\"async\" class=\"wp-image-186759 size-full\" src=\"https:\/\/media.acninternational.org\/wp-content\/uploads\/2023\/11\/4-2.jpg\" alt=\"verfolgte Christen in Pakistan\" width=\"670\" height=\"400\" srcset=\"https:\/\/media.acninternational.org\/wp-content\/uploads\/2023\/11\/4-2.jpg 670w, https:\/\/media.acninternational.org\/wp-content\/uploads\/2023\/11\/4-2-300x179.jpg 300w\" sizes=\"auto, (max-width: 670px) 100vw, 670px\" \/><figcaption id=\"caption-attachment-186759\" class=\"wp-caption-text\">Kirche und christliche H\u00e4user nach dem Angriff der Extremisten zerst\u00f6rt<\/figcaption><\/figure>\n<p>Der Erzbischof hofft, dass die Stimmen prominenter muslimischer F\u00fchrer, die die Verfolgung von Minderheiten in Pakistan anprangern, die Regierung dazu ermutigen werden, Christen und andere Glaubensgemeinschaften zu sch\u00fctzen und diejenigen zu bestrafen, die sie angreifen. Noch wichtiger sei aber, dass die <em>Ulemas<\/em> endlich selbst die Initiative ergreifen.<\/p>\n<p>\u201eErst letzte Woche hatten wir ein Treffen in unserem Bischofshaus, bei dem zwei <em>Ulemas<\/em>, darunter der Gro\u00dfimam von Lahore, sich bereit erkl\u00e4rten, eine interreligi\u00f6se Konferenz auf nationaler Ebene in der Bundeshauptstadt Islamabad zu organisieren. Auf diese Weise nehmen sie auch Einfluss auf die Regierung, damit diese sich mehr f\u00fcr den Dialog und eine bessere Gesellschaft in Pakistan einsetzt\u201c, meint er.<\/p>\n<p><em>ACN unterst\u00fctzt seit vielen Jahren den interreligi\u00f6sen Dialog in Pakistan, einschlie\u00dflich der Kofinanzierung des christlich-muslimischen Dialogs im &#8222;Friedenszentrum&#8220; in Lahore und anderer Aktivit\u00e4ten, um die Bildung zu Frieden, Solidarit\u00e4t und Dialog f\u00fcr junge Menschen zu f\u00f6rdern. Im Jahr 2023 unterst\u00fctzte das Hilfswerk das Don-Bosco-Fu\u00dfballturnier in Khuspur, das darauf abzielt, eine Atmosph\u00e4re des Dialogs, des gegenseitigen Respekts und des Verst\u00e4ndnisses zwischen jungen Menschen in Pakistan aus verschiedenen Religionsgemeinschaften zu f\u00f6rdern, sowie die Teilnahme junger Menschen am Interreligi\u00f6sen Rat f\u00fcr Frieden und Harmonie in Islamabad.<\/em><\/p>\n","protected":false},"excerpt":{"rendered":"<p>Nach Jahren des Vertrauensaufbaus, ergriffen die islamischen F\u00fchrer selbst die Initiative, um sich f\u00fcr verfolgte Christen in Pakistan einzusetzen<\/p>\n","protected":false},"author":4258341447,"featured_media":186779,"comment_status":"closed","ping_status":"closed","sticky":false,"template":"","format":"standard","meta":{"_acf_changed":false,"_acn_coauthor_ids":[],"_acn_featured_article":false,"footnotes":""},"categories":[929],"tags":[],"country":[104],"class_list":["post-186788","post","type-post","status-publish","format-standard","has-post-thumbnail","hentry","category-interview-2","country-pakistan"],"acn_coauthors":[],"acf":[],"yoast_head":"<!-- This site is optimized with the Yoast SEO Premium plugin v27.5 (Yoast SEO v27.5) - https:\/\/yoast.com\/product\/yoast-seo-premium-wordpress\/ -->\n<title>Interreligi\u00f6ser Dialog in Pakistan | ACN International<\/title>\n<meta name=\"description\" content=\"Nach Jahren des Vertrauensaufbaus, ergriffen die islamischen F\u00fchrer selbst die Initiative, um sich f\u00fcr verfolgte Christen in Pakistan einzusetzen.\u00a0\u00a0\" \/>\n<meta name=\"robots\" content=\"index, follow, max-snippet:-1, max-image-preview:large, max-video-preview:-1\" \/>\n<link rel=\"canonical\" href=\"https:\/\/acninternational.org\/de\/einen-wendepunkt-fuer-den-interreligioesen-dialog-in-pakistan\/\" \/>\n<meta property=\"og:locale\" content=\"de_DE\" \/>\n<meta property=\"og:type\" content=\"article\" \/>\n<meta property=\"og:title\" content=\"Die Jaranwala-Unruhen markierten einen Wendepunkt f\u00fcr den interreligi\u00f6sen Dialog in Pakistan\" \/>\n<meta property=\"og:description\" content=\"Nach Jahren des Vertrauensaufbaus, ergriffen die islamischen F\u00fchrer selbst die Initiative, um sich f\u00fcr verfolgte Christen in Pakistan einzusetzen.\u00a0\u00a0\" \/>\n<meta property=\"og:url\" content=\"https:\/\/acninternational.org\/de\/einen-wendepunkt-fuer-den-interreligioesen-dialog-in-pakistan\/\" \/>\n<meta property=\"og:site_name\" content=\"ACN International\" \/>\n<meta property=\"article:publisher\" content=\"https:\/\/www.facebook.com\/acninternationalorg\" \/>\n<meta property=\"article:published_time\" content=\"2023-11-29T16:24:26+00:00\" \/>\n<meta property=\"article:modified_time\" content=\"2023-11-29T16:52:14+00:00\" \/>\n<meta property=\"og:image\" content=\"https:\/\/media.acninternational.org\/wp-content\/uploads\/2023\/11\/heading_web-11.jpg\" \/>\n\t<meta property=\"og:image:width\" content=\"2000\" \/>\n\t<meta property=\"og:image:height\" content=\"625\" \/>\n\t<meta property=\"og:image:type\" content=\"image\/jpeg\" \/>\n<meta name=\"author\" content=\"ACN Press Team\" \/>\n<meta name=\"twitter:card\" content=\"summary_large_image\" \/>\n<meta name=\"twitter:creator\" content=\"@acn_int\" \/>\n<meta name=\"twitter:site\" content=\"@acn_int\" \/>\n<meta name=\"twitter:label1\" content=\"Verfasst von\" \/>\n\t<meta name=\"twitter:data1\" content=\"ACN Press Team\" \/>\n\t<meta name=\"twitter:label2\" content=\"Gesch\u00e4tzte Lesezeit\" \/>\n\t<meta name=\"twitter:data2\" content=\"6\u00a0Minuten\" \/>\n<script type=\"application\/ld+json\" class=\"yoast-schema-graph\">{\"@context\":\"https:\\\/\\\/schema.org\",\"@graph\":[{\"@type\":\"Article\",\"@id\":\"https:\\\/\\\/acninternational.org\\\/de\\\/einen-wendepunkt-fuer-den-interreligioesen-dialog-in-pakistan\\\/#article\",\"isPartOf\":{\"@id\":\"https:\\\/\\\/acninternational.org\\\/de\\\/einen-wendepunkt-fuer-den-interreligioesen-dialog-in-pakistan\\\/\"},\"author\":{\"name\":\"ACN Press Team\",\"@id\":\"https:\\\/\\\/acninternational.org\\\/de\\\/#\\\/schema\\\/person\\\/7f3dafb236b242fb2aa46be1411fd703\"},\"headline\":\"Die Jaranwala-Unruhen markierten einen Wendepunkt f\u00fcr den interreligi\u00f6sen Dialog in Pakistan\",\"datePublished\":\"2023-11-29T16:24:26+00:00\",\"dateModified\":\"2023-11-29T16:52:14+00:00\",\"mainEntityOfPage\":{\"@id\":\"https:\\\/\\\/acninternational.org\\\/de\\\/einen-wendepunkt-fuer-den-interreligioesen-dialog-in-pakistan\\\/\"},\"wordCount\":1080,\"publisher\":{\"@id\":\"https:\\\/\\\/acninternational.org\\\/de\\\/#organization\"},\"image\":{\"@id\":\"https:\\\/\\\/acninternational.org\\\/de\\\/einen-wendepunkt-fuer-den-interreligioesen-dialog-in-pakistan\\\/#primaryimage\"},\"thumbnailUrl\":\"https:\\\/\\\/media.acninternational.org\\\/wp-content\\\/uploads\\\/2023\\\/11\\\/heading_web-11.jpg\",\"articleSection\":[\"Interview\"],\"inLanguage\":\"de\"},{\"@type\":\"WebPage\",\"@id\":\"https:\\\/\\\/acninternational.org\\\/de\\\/einen-wendepunkt-fuer-den-interreligioesen-dialog-in-pakistan\\\/\",\"url\":\"https:\\\/\\\/acninternational.org\\\/de\\\/einen-wendepunkt-fuer-den-interreligioesen-dialog-in-pakistan\\\/\",\"name\":\"Interreligi\u00f6ser Dialog in Pakistan | ACN International\",\"isPartOf\":{\"@id\":\"https:\\\/\\\/acninternational.org\\\/de\\\/#website\"},\"primaryImageOfPage\":{\"@id\":\"https:\\\/\\\/acninternational.org\\\/de\\\/einen-wendepunkt-fuer-den-interreligioesen-dialog-in-pakistan\\\/#primaryimage\"},\"image\":{\"@id\":\"https:\\\/\\\/acninternational.org\\\/de\\\/einen-wendepunkt-fuer-den-interreligioesen-dialog-in-pakistan\\\/#primaryimage\"},\"thumbnailUrl\":\"https:\\\/\\\/media.acninternational.org\\\/wp-content\\\/uploads\\\/2023\\\/11\\\/heading_web-11.jpg\",\"datePublished\":\"2023-11-29T16:24:26+00:00\",\"dateModified\":\"2023-11-29T16:52:14+00:00\",\"description\":\"Nach Jahren des Vertrauensaufbaus, ergriffen die islamischen F\u00fchrer selbst die Initiative, um sich f\u00fcr verfolgte Christen in Pakistan einzusetzen.\u00a0\u00a0\",\"breadcrumb\":{\"@id\":\"https:\\\/\\\/acninternational.org\\\/de\\\/einen-wendepunkt-fuer-den-interreligioesen-dialog-in-pakistan\\\/#breadcrumb\"},\"inLanguage\":\"de\",\"potentialAction\":[{\"@type\":\"ReadAction\",\"target\":[\"https:\\\/\\\/acninternational.org\\\/de\\\/einen-wendepunkt-fuer-den-interreligioesen-dialog-in-pakistan\\\/\"]}]},{\"@type\":\"ImageObject\",\"inLanguage\":\"de\",\"@id\":\"https:\\\/\\\/acninternational.org\\\/de\\\/einen-wendepunkt-fuer-den-interreligioesen-dialog-in-pakistan\\\/#primaryimage\",\"url\":\"https:\\\/\\\/media.acninternational.org\\\/wp-content\\\/uploads\\\/2023\\\/11\\\/heading_web-11.jpg\",\"contentUrl\":\"https:\\\/\\\/media.acninternational.org\\\/wp-content\\\/uploads\\\/2023\\\/11\\\/heading_web-11.jpg\",\"width\":2000,\"height\":625,\"caption\":\"verfolgte Christen in Pakistan\"},{\"@type\":\"BreadcrumbList\",\"@id\":\"https:\\\/\\\/acninternational.org\\\/de\\\/einen-wendepunkt-fuer-den-interreligioesen-dialog-in-pakistan\\\/#breadcrumb\",\"itemListElement\":[{\"@type\":\"ListItem\",\"position\":1,\"name\":\"Home\",\"item\":\"https:\\\/\\\/acninternational.org\\\/de\\\/\"},{\"@type\":\"ListItem\",\"position\":2,\"name\":\"Interview\",\"item\":\"https:\\\/\\\/acninternational.org\\\/de\\\/category\\\/interview-2\\\/\"},{\"@type\":\"ListItem\",\"position\":3,\"name\":\"Die Jaranwala-Unruhen markierten einen Wendepunkt f\u00fcr den interreligi\u00f6sen Dialog in Pakistan\"}]},{\"@type\":\"WebSite\",\"@id\":\"https:\\\/\\\/acninternational.org\\\/de\\\/#website\",\"url\":\"https:\\\/\\\/acninternational.org\\\/de\\\/\",\"name\":\"ACN International\",\"description\":\"\",\"publisher\":{\"@id\":\"https:\\\/\\\/acninternational.org\\\/de\\\/#organization\"},\"potentialAction\":[{\"@type\":\"SearchAction\",\"target\":{\"@type\":\"EntryPoint\",\"urlTemplate\":\"https:\\\/\\\/acninternational.org\\\/de\\\/?s={search_term_string}\"},\"query-input\":{\"@type\":\"PropertyValueSpecification\",\"valueRequired\":true,\"valueName\":\"search_term_string\"}}],\"inLanguage\":\"de\"},{\"@type\":\"Organization\",\"@id\":\"https:\\\/\\\/acninternational.org\\\/de\\\/#organization\",\"name\":\"Aid to the Church in Need International\",\"url\":\"https:\\\/\\\/acninternational.org\\\/de\\\/\",\"logo\":{\"@type\":\"ImageObject\",\"inLanguage\":\"de\",\"@id\":\"https:\\\/\\\/acninternational.org\\\/de\\\/#\\\/schema\\\/logo\\\/image\\\/\",\"url\":\"https:\\\/\\\/media.acninternational.org\\\/wp-content\\\/uploads\\\/2019\\\/11\\\/acn_logo_blackvector.svg\",\"contentUrl\":\"https:\\\/\\\/media.acninternational.org\\\/wp-content\\\/uploads\\\/2019\\\/11\\\/acn_logo_blackvector.svg\",\"width\":232.6,\"height\":78,\"caption\":\"Aid to the Church in Need International\"},\"image\":{\"@id\":\"https:\\\/\\\/acninternational.org\\\/de\\\/#\\\/schema\\\/logo\\\/image\\\/\"},\"sameAs\":[\"https:\\\/\\\/www.facebook.com\\\/acninternationalorg\",\"https:\\\/\\\/x.com\\\/acn_int\",\"https:\\\/\\\/www.youtube.com\\\/channel\\\/UCQ-077gS0TnVzkhHmf1opZw\",\"https:\\\/\\\/www.instagram.com\\\/acn_international\\\/\"]},{\"@type\":\"Person\",\"@id\":\"https:\\\/\\\/acninternational.org\\\/de\\\/#\\\/schema\\\/person\\\/7f3dafb236b242fb2aa46be1411fd703\",\"name\":\"ACN Press Team\",\"description\":\"Lorem ipsum dolor sit amet, consectetur adipiscing elit, sed do eiusmod tempor incididunt ut labore et dolore magna aliqua. Ut enim ad minim veniam, quis nostrud exercitation ullamco laboris nisi ut aliquip ex ea commodo consequat.\",\"url\":\"https:\\\/\\\/acninternational.org\\\/de\\\/author\\\/acn-press-team\\\/\"}]}<\/script>\n<!-- \/ Yoast SEO Premium plugin. -->","yoast_head_json":{"title":"Interreligi\u00f6ser Dialog in Pakistan | ACN International","description":"Nach Jahren des Vertrauensaufbaus, ergriffen die islamischen F\u00fchrer selbst die Initiative, um sich f\u00fcr verfolgte Christen in Pakistan einzusetzen.\u00a0\u00a0","robots":{"index":"index","follow":"follow","max-snippet":"max-snippet:-1","max-image-preview":"max-image-preview:large","max-video-preview":"max-video-preview:-1"},"canonical":"https:\/\/acninternational.org\/de\/einen-wendepunkt-fuer-den-interreligioesen-dialog-in-pakistan\/","og_locale":"de_DE","og_type":"article","og_title":"Die Jaranwala-Unruhen markierten einen Wendepunkt f\u00fcr den interreligi\u00f6sen Dialog in Pakistan","og_description":"Nach Jahren des Vertrauensaufbaus, ergriffen die islamischen F\u00fchrer selbst die Initiative, um sich f\u00fcr verfolgte Christen in Pakistan einzusetzen.\u00a0\u00a0","og_url":"https:\/\/acninternational.org\/de\/einen-wendepunkt-fuer-den-interreligioesen-dialog-in-pakistan\/","og_site_name":"ACN International","article_publisher":"https:\/\/www.facebook.com\/acninternationalorg","article_published_time":"2023-11-29T16:24:26+00:00","article_modified_time":"2023-11-29T16:52:14+00:00","og_image":[{"width":2000,"height":625,"url":"https:\/\/media.acninternational.org\/wp-content\/uploads\/2023\/11\/heading_web-11.jpg","type":"image\/jpeg"}],"author":"ACN Press Team","twitter_card":"summary_large_image","twitter_creator":"@acn_int","twitter_site":"@acn_int","twitter_misc":{"Verfasst von":"ACN Press Team","Gesch\u00e4tzte Lesezeit":"6\u00a0Minuten"},"schema":{"@context":"https:\/\/schema.org","@graph":[{"@type":"Article","@id":"https:\/\/acninternational.org\/de\/einen-wendepunkt-fuer-den-interreligioesen-dialog-in-pakistan\/#article","isPartOf":{"@id":"https:\/\/acninternational.org\/de\/einen-wendepunkt-fuer-den-interreligioesen-dialog-in-pakistan\/"},"author":{"name":"ACN Press Team","@id":"https:\/\/acninternational.org\/de\/#\/schema\/person\/7f3dafb236b242fb2aa46be1411fd703"},"headline":"Die Jaranwala-Unruhen markierten einen Wendepunkt f\u00fcr den interreligi\u00f6sen Dialog in Pakistan","datePublished":"2023-11-29T16:24:26+00:00","dateModified":"2023-11-29T16:52:14+00:00","mainEntityOfPage":{"@id":"https:\/\/acninternational.org\/de\/einen-wendepunkt-fuer-den-interreligioesen-dialog-in-pakistan\/"},"wordCount":1080,"publisher":{"@id":"https:\/\/acninternational.org\/de\/#organization"},"image":{"@id":"https:\/\/acninternational.org\/de\/einen-wendepunkt-fuer-den-interreligioesen-dialog-in-pakistan\/#primaryimage"},"thumbnailUrl":"https:\/\/media.acninternational.org\/wp-content\/uploads\/2023\/11\/heading_web-11.jpg","articleSection":["Interview"],"inLanguage":"de"},{"@type":"WebPage","@id":"https:\/\/acninternational.org\/de\/einen-wendepunkt-fuer-den-interreligioesen-dialog-in-pakistan\/","url":"https:\/\/acninternational.org\/de\/einen-wendepunkt-fuer-den-interreligioesen-dialog-in-pakistan\/","name":"Interreligi\u00f6ser Dialog in Pakistan | ACN International","isPartOf":{"@id":"https:\/\/acninternational.org\/de\/#website"},"primaryImageOfPage":{"@id":"https:\/\/acninternational.org\/de\/einen-wendepunkt-fuer-den-interreligioesen-dialog-in-pakistan\/#primaryimage"},"image":{"@id":"https:\/\/acninternational.org\/de\/einen-wendepunkt-fuer-den-interreligioesen-dialog-in-pakistan\/#primaryimage"},"thumbnailUrl":"https:\/\/media.acninternational.org\/wp-content\/uploads\/2023\/11\/heading_web-11.jpg","datePublished":"2023-11-29T16:24:26+00:00","dateModified":"2023-11-29T16:52:14+00:00","description":"Nach Jahren des Vertrauensaufbaus, ergriffen die islamischen F\u00fchrer selbst die Initiative, um sich f\u00fcr verfolgte Christen in Pakistan einzusetzen.\u00a0\u00a0","breadcrumb":{"@id":"https:\/\/acninternational.org\/de\/einen-wendepunkt-fuer-den-interreligioesen-dialog-in-pakistan\/#breadcrumb"},"inLanguage":"de","potentialAction":[{"@type":"ReadAction","target":["https:\/\/acninternational.org\/de\/einen-wendepunkt-fuer-den-interreligioesen-dialog-in-pakistan\/"]}]},{"@type":"ImageObject","inLanguage":"de","@id":"https:\/\/acninternational.org\/de\/einen-wendepunkt-fuer-den-interreligioesen-dialog-in-pakistan\/#primaryimage","url":"https:\/\/media.acninternational.org\/wp-content\/uploads\/2023\/11\/heading_web-11.jpg","contentUrl":"https:\/\/media.acninternational.org\/wp-content\/uploads\/2023\/11\/heading_web-11.jpg","width":2000,"height":625,"caption":"verfolgte Christen in Pakistan"},{"@type":"BreadcrumbList","@id":"https:\/\/acninternational.org\/de\/einen-wendepunkt-fuer-den-interreligioesen-dialog-in-pakistan\/#breadcrumb","itemListElement":[{"@type":"ListItem","position":1,"name":"Home","item":"https:\/\/acninternational.org\/de\/"},{"@type":"ListItem","position":2,"name":"Interview","item":"https:\/\/acninternational.org\/de\/category\/interview-2\/"},{"@type":"ListItem","position":3,"name":"Die Jaranwala-Unruhen markierten einen Wendepunkt f\u00fcr den interreligi\u00f6sen Dialog in Pakistan"}]},{"@type":"WebSite","@id":"https:\/\/acninternational.org\/de\/#website","url":"https:\/\/acninternational.org\/de\/","name":"ACN International","description":"","publisher":{"@id":"https:\/\/acninternational.org\/de\/#organization"},"potentialAction":[{"@type":"SearchAction","target":{"@type":"EntryPoint","urlTemplate":"https:\/\/acninternational.org\/de\/?s={search_term_string}"},"query-input":{"@type":"PropertyValueSpecification","valueRequired":true,"valueName":"search_term_string"}}],"inLanguage":"de"},{"@type":"Organization","@id":"https:\/\/acninternational.org\/de\/#organization","name":"Aid to the Church in Need International","url":"https:\/\/acninternational.org\/de\/","logo":{"@type":"ImageObject","inLanguage":"de","@id":"https:\/\/acninternational.org\/de\/#\/schema\/logo\/image\/","url":"https:\/\/media.acninternational.org\/wp-content\/uploads\/2019\/11\/acn_logo_blackvector.svg","contentUrl":"https:\/\/media.acninternational.org\/wp-content\/uploads\/2019\/11\/acn_logo_blackvector.svg","width":232.6,"height":78,"caption":"Aid to the Church in Need International"},"image":{"@id":"https:\/\/acninternational.org\/de\/#\/schema\/logo\/image\/"},"sameAs":["https:\/\/www.facebook.com\/acninternationalorg","https:\/\/x.com\/acn_int","https:\/\/www.youtube.com\/channel\/UCQ-077gS0TnVzkhHmf1opZw","https:\/\/www.instagram.com\/acn_international\/"]},{"@type":"Person","@id":"https:\/\/acninternational.org\/de\/#\/schema\/person\/7f3dafb236b242fb2aa46be1411fd703","name":"ACN Press Team","description":"Lorem ipsum dolor sit amet, consectetur adipiscing elit, sed do eiusmod tempor incididunt ut labore et dolore magna aliqua. Ut enim ad minim veniam, quis nostrud exercitation ullamco laboris nisi ut aliquip ex ea commodo consequat.","url":"https:\/\/acninternational.org\/de\/author\/acn-press-team\/"}]}},"_links":{"self":[{"href":"https:\/\/acninternational.org\/de\/wp-json\/wp\/v2\/posts\/186788","targetHints":{"allow":["GET"]}}],"collection":[{"href":"https:\/\/acninternational.org\/de\/wp-json\/wp\/v2\/posts"}],"about":[{"href":"https:\/\/acninternational.org\/de\/wp-json\/wp\/v2\/types\/post"}],"author":[{"embeddable":true,"href":"https:\/\/acninternational.org\/de\/wp-json\/wp\/v2\/users\/4258341447"}],"replies":[{"embeddable":true,"href":"https:\/\/acninternational.org\/de\/wp-json\/wp\/v2\/comments?post=186788"}],"version-history":[{"count":0,"href":"https:\/\/acninternational.org\/de\/wp-json\/wp\/v2\/posts\/186788\/revisions"}],"wp:featuredmedia":[{"embeddable":true,"href":"https:\/\/acninternational.org\/de\/wp-json\/wp\/v2\/media\/186779"}],"wp:attachment":[{"href":"https:\/\/acninternational.org\/de\/wp-json\/wp\/v2\/media?parent=186788"}],"wp:term":[{"taxonomy":"category","embeddable":true,"href":"https:\/\/acninternational.org\/de\/wp-json\/wp\/v2\/categories?post=186788"},{"taxonomy":"post_tag","embeddable":true,"href":"https:\/\/acninternational.org\/de\/wp-json\/wp\/v2\/tags?post=186788"},{"taxonomy":"country","embeddable":true,"href":"https:\/\/acninternational.org\/de\/wp-json\/wp\/v2\/country?post=186788"}],"curies":[{"name":"wp","href":"https:\/\/api.w.org\/{rel}","templated":true}]}}