{"id":186282,"date":"2023-11-06T15:20:40","date_gmt":"2023-11-06T14:20:40","guid":{"rendered":"https:\/\/acninternational.org\/?p=186282"},"modified":"2023-11-06T15:21:42","modified_gmt":"2023-11-06T14:21:42","slug":"die-redweek-von-aid-to-the-church-in-need-wirft-ein-licht-auf-die-weltweite-christenverfolgung","status":"publish","type":"post","link":"https:\/\/acninternational.org\/de\/die-redweek-von-aid-to-the-church-in-need-wirft-ein-licht-auf-die-weltweite-christenverfolgung\/","title":{"rendered":"Die #RedWeek von Aid to the Church in Need wirft ein Licht auf die weltweite Christenverfolgung"},"content":{"rendered":"<p><em>Die Kampagne #RedWeek, organisiert von der internationalen p\u00e4pstlichen Stiftung Aid to the Church in Need (ACN), findet vom 19. bis zum 26. November statt. Sie will auf die mangelnde Religionsfreiheit und die Schwierigkeiten, denen verfolgte Christen<\/em><em> in etlichen Teilen der Welt ausgesetzt sind, aufmerksam machen.<\/em><\/p>\n<figure id=\"attachment_186265\" aria-describedby=\"caption-attachment-186265\" style=\"width: 800px\" class=\"wp-caption aligncenter\"><img loading=\"lazy\" decoding=\"async\" class=\"wp-image-186265 size-large\" src=\"https:\/\/media.acninternational.org\/wp-content\/uploads\/2023\/11\/ACN-20160422-39706-1024x752.jpg\" alt=\"Trevi-Brunnen\" width=\"800\" height=\"588\" srcset=\"https:\/\/media.acninternational.org\/wp-content\/uploads\/2023\/11\/ACN-20160422-39706-1024x752.jpg 1024w, https:\/\/media.acninternational.org\/wp-content\/uploads\/2023\/11\/ACN-20160422-39706-300x220.jpg 300w, https:\/\/media.acninternational.org\/wp-content\/uploads\/2023\/11\/ACN-20160422-39706-768x564.jpg 768w, https:\/\/media.acninternational.org\/wp-content\/uploads\/2023\/11\/ACN-20160422-39706.jpg 1080w\" sizes=\"auto, (max-width: 800px) 100vw, 800px\" \/><figcaption id=\"caption-attachment-186265\" class=\"wp-caption-text\">Trevi-Brunnen<\/figcaption><\/figure>\n<p>In einer zunehmend von Konflikten gepr\u00e4gten Welt kann es passieren, dass Christenverfolgung und die wachsende Unterminierung des allgemeinen Rechts auf Religionsfreiheit unbemerkt bleiben. Die Initiative von ACN, bei der unter anderem Denkm\u00e4ler und Geb\u00e4ude weltweit in rotes Licht getaucht werden, hat sich daher zum Ziel gesetzt, daf\u00fcr zu sorgen, dass verfolgte Christen nicht in Vergessenheit geraten. Viele der nationalen B\u00fcros des Hilfswerks organisieren Veranstaltungen, um das Thema ins Bewusstsein zu r\u00fccken; im Mittelpunkt stehen dabei Gebete und die Berichte derer, die am eigenen Leib Verfolgung erfahren haben.<\/p>\n<p>Mindestens 10 000 Personen werden als Teilnehmer an den zahlreichen Initiativen, die ACN in rund einem Dutzend L\u00e4ndern organisiert, erwartet. So werden um die 20 Kathedralen weltweit in rotes Licht getaucht, darunter die St. Patrick\u2019s Cathedral in Melbourne, Australien. Hier wird am 22. November zum zweiten Mal die \u201eNight of the Witnesses\u201c (Nacht der Zeugen) stattfinden, bei der unter anderem der Patriarch der Melkitisch-Katholischen Kirche, Joseph Absi, anwesend sein und \u00fcber die Lage der Christen in Syrien und im Nahen Osten sprechen wird.<\/p>\n<p>In \u00d6sterreich haben \u00fcber 100 Pfarreien ihre Teilnahme an der Initiative best\u00e4tigt; Kirchen und \u00f6ffentliche Geb\u00e4ude werden rot beleuchtet, darunter auch das \u00f6sterreichische Parlamentsgeb\u00e4ude. Zu den H\u00f6hepunkten geh\u00f6ren ein Flashmob auf dem Wiener Stephansplatz und ein Treffen mit dem \u00f6sterreichischen Parlamentspr\u00e4sidenten. \u00c4hnliche Veranstaltungen sind f\u00fcr die benachbarte Slowakei geplant, wo die eindrucksvollen Burgen von Nitra und Bratislava und andere bedeutende Bauwerke, wie der Dom der heiligen Elisabeth in Kosice, in rotem Licht erstrahlen werden. Beim Benefizkonzert f\u00fcr verfolgte Christen in der Kirche der Heiligen Familie wird ebenfalls ein gro\u00dfer Andrang erwartet.<\/p>\n<h4><strong>Rot angestrahlte Kathedralen<\/strong><\/h4>\n<p>In Deutschland werden rund 100 Kirchen \u2013 darunter der Passauer und der Regensburger Dom, das Freiburger M\u00fcnster, die Dresdner Kathedrale und der Paderborner Dom \u2013 rot beleuchtet. Vorgesehen sind auch Zeiten des Gebets und Berichte von Bischof Ashkarian aus Aleppo (Syrien) und Erzbischof Shaw aus Lahore (Pakistan), zwei L\u00e4nder, in denen Christen aufgrund ihrer Religion mit Schwierigkeiten konfrontiert sind.<\/p>\n<figure id=\"attachment_186271\" aria-describedby=\"caption-attachment-186271\" style=\"width: 800px\" class=\"wp-caption aligncenter\"><img loading=\"lazy\" decoding=\"async\" class=\"wp-image-186271 size-large\" src=\"https:\/\/media.acninternational.org\/wp-content\/uploads\/2023\/11\/ACN-20221123-136614-1024x683.jpg\" alt=\"Das Innere des Freiburger M\u00fcnsters\" width=\"800\" height=\"534\" srcset=\"https:\/\/media.acninternational.org\/wp-content\/uploads\/2023\/11\/ACN-20221123-136614-1024x683.jpg 1024w, https:\/\/media.acninternational.org\/wp-content\/uploads\/2023\/11\/ACN-20221123-136614-300x200.jpg 300w, https:\/\/media.acninternational.org\/wp-content\/uploads\/2023\/11\/ACN-20221123-136614-768x512.jpg 768w, https:\/\/media.acninternational.org\/wp-content\/uploads\/2023\/11\/ACN-20221123-136614.jpg 1080w\" sizes=\"auto, (max-width: 800px) 100vw, 800px\" \/><figcaption id=\"caption-attachment-186271\" class=\"wp-caption-text\">Das Innere des Freiburger M\u00fcnsters<\/figcaption><\/figure>\n<p>In den Niederlanden hat die #RedWeek-Kampagne in den letzten Jahren gro\u00dfen Anklang gefunden, und auch diesmal werden zu diesem Anlass wieder \u00fcber 150 katholische und protestantische Kirchengemeinden mit einem breiten Spektrum an Aktivit\u00e4ten und Veranstaltungen zusammenwirken. In vielen Kirchen werden heilige Messen, Gottesdienste, Gebete und \u00f6kumenische Begegnungen stattfinden oder einfach die T\u00fcren f\u00fcr die Gl\u00e4ubigen offenstehen, damit diese f\u00fcr die leidenden Christen beten und Kerzen anz\u00fcnden k\u00f6nnen.<\/p>\n<p>Das Vereinigte K\u00f6nigreich konzentriert seine Veranstaltungen auf den #RedWednesday, der in diesem Jahr auf den 22. November f\u00e4llt, und will vor allem auf die schwierige Situation in Afrika aufmerksam machen. Das Nationalb\u00fcro wird einen Bericht \u00fcber Religionsfreiheit auf diesem Kontinent pr\u00e4sentieren; zwei Hauptpunkte seiner Kampagne sind zudem das Beten von 100 000 Ges\u00e4tzen des Rosenkranzes f\u00fcr Afrika und die Spenden-Matching-Aktion \u201e\u00a3100.000 Matched Challenge for Africa\u201c mit dem Ziel, Spenden f\u00fcr Projekte zu sammeln, die Opfern fehlender Religionsfreiheit zugutekommen. Dar\u00fcber hinaus wird ein nigerianisches Ehepaar berichten, wie es den Pfingstanschlag von 2022 in Owo in der Di\u00f6zese Ondo \u00fcberlebt hat, bei dem 39 Menschen ums Leben kamen und etwa 80 verletzt wurden.<\/p>\n<p>In Frankreich werden die Kathedralen von Chartres, Bayonne, Reims, Angers, Caen, Bourges und Versailles rot angestrahlt. In Paris werden Gebets- und Informationsveranstaltungen stattfinden, darunter eine Gebetswache in Montmarte und eine weitere in La Trinit\u00e9, die der Jugend gewidmet ist.<\/p>\n<h4><strong>#RedWeek in Amerika<\/strong><\/h4>\n<p>In Kanada finden Veranstaltungen an verschiedenen Orten statt, darunter im St.-Josephs-Oratorium in Montreal, dem gr\u00f6\u00dften Heiligtum weltweit, das diesem Heiligen gewidmet ist. Ebenfalls in Montreal wird \u00a0eine heilige Messe in der Kathedrale Marie-Reine-du-Monde de Montr\u00e9al (\u201eMaria K\u00f6nigin der Welt von Montreal\u201c) gefeiert werden, in Toronto wird eine Gebetswache in der St.-Michaels-Kathedrale stattfinden. In beiden Kathedralen werden die jeweiligen Di\u00f6zesanbisch\u00f6fe anwesend sein und die Bauwerke rot angestrahlt.<\/p>\n<figure id=\"attachment_186277\" aria-describedby=\"caption-attachment-186277\" style=\"width: 800px\" class=\"wp-caption aligncenter\"><img loading=\"lazy\" decoding=\"async\" class=\"wp-image-186277 size-large\" src=\"https:\/\/media.acninternational.org\/wp-content\/uploads\/2023\/11\/ACN-20180228-68618-1024x768.jpg\" alt=\"Die rot beleuchtete Kathedrale von Morelia - bei Nacht\" width=\"800\" height=\"600\" srcset=\"https:\/\/media.acninternational.org\/wp-content\/uploads\/2023\/11\/ACN-20180228-68618-1024x768.jpg 1024w, https:\/\/media.acninternational.org\/wp-content\/uploads\/2023\/11\/ACN-20180228-68618-300x225.jpg 300w, https:\/\/media.acninternational.org\/wp-content\/uploads\/2023\/11\/ACN-20180228-68618-768x576.jpg 768w, https:\/\/media.acninternational.org\/wp-content\/uploads\/2023\/11\/ACN-20180228-68618.jpg 1080w\" sizes=\"auto, (max-width: 800px) 100vw, 800px\" \/><figcaption id=\"caption-attachment-186277\" class=\"wp-caption-text\">Die rot beleuchtete Kathedrale von Morelia &#8211; bei Nacht<\/figcaption><\/figure>\n<p>Auch in mehreren lateinamerikanischen L\u00e4ndern wird die #RedWeek stattfinden, so in Mexiko und Kolumbien, wo die Wallfahrtsst\u00e4tte Unserer Lieben Frau von Las Lajas rot angeleuchtet wird. Au\u00dferdem finden in Cali und Bogot\u00e1 mehrere Veranstaltungen statt, die sich insbesondere an Jugendliche richten, darunter ein \u201eVia Lucis\u201c (Lichtweg), bei der die Teilnehmenden den Bericht eines Priesters aus Uganda und einer Missionsschwester aus Venezuela h\u00f6ren k\u00f6nnen, die in der Pazifikregion Kolumbiens t\u00e4tig sind.<\/p>\n<p>Die #RedWeek-Initiative hat ihren Ursprung in Brasilien. Dort lie\u00df das lokale ACN-B\u00fcro 2015 die Statue \u201eCristo Redentor\u201c (Christus, der Erl\u00f6ser) in Rio de Janeiro rot beleuchten, um die Christenverfolgung im Irak zu symbolisieren. Davon inspiriert, lie\u00df das italienische ACN-B\u00fcro im April des darauffolgenden Jahres den Trevi-Brunnen in \u00e4hnlicher Weise anleuchten. Sp\u00e4ter f\u00fchrte das B\u00fcro im Vereinigten K\u00f6nigreich das Konzept weiter \u2013 mit dem #RedWednesday: An einem bestimmten Mittwoch im November werden Menschen gew\u00fcrdigt, die weltweit wegen ihres Glaubens verfolgt werden. Seitdem sind mehrere andere L\u00e4nder diesem Beispiel gefolgt, und die Initiative wurde von mehreren christlichen Konfessionen in vielen anderen Regionen unterst\u00fctzt, was ein starkes Zeichen der Solidarit\u00e4t ist.<\/p>\n<p><em>Aid to the Church in Need (ACN) unterst\u00fctzt jedes Jahr \u00fcber 5000 Projekte in rund 140 L\u00e4ndern und hilft Christen, die unterdr\u00fcckt werden oder nicht \u00fcber die n\u00f6tigen Mittel verf\u00fcgen, ihrer pastoralen Berufung zu folgen und ihren Glauben zu leben.<\/em><\/p>\n","protected":false},"excerpt":{"rendered":"<p>Die Kampagne #RedWeek, organisiert von der internationalen p\u00e4pstlichen Stiftung Aid to the Church in Need (ACN), findet vom 19. bis<\/p>\n","protected":false},"author":4258341447,"featured_media":186259,"comment_status":"closed","ping_status":"closed","sticky":false,"template":"","format":"standard","meta":{"_acf_changed":false,"_acn_coauthor_ids":[],"_acn_featured_article":false,"footnotes":""},"categories":[954],"tags":[],"country":[333],"class_list":["post-186282","post","type-post","status-publish","format-standard","has-post-thumbnail","hentry","category-news-de","country-international"],"acn_coauthors":[],"acf":[],"yoast_head":"<!-- This site is optimized with the Yoast SEO Premium plugin v27.5 (Yoast SEO v27.5) - https:\/\/yoast.com\/product\/yoast-seo-premium-wordpress\/ -->\n<title>Die #RedWeek von Aid to the Church in Need wirft ein Licht auf die weltweite Christenverfolgung | ACN International<\/title>\n<meta name=\"robots\" content=\"index, follow, max-snippet:-1, max-image-preview:large, max-video-preview:-1\" \/>\n<link rel=\"canonical\" href=\"https:\/\/acninternational.org\/de\/die-redweek-von-aid-to-the-church-in-need-wirft-ein-licht-auf-die-weltweite-christenverfolgung\/\" \/>\n<meta property=\"og:locale\" content=\"de_DE\" \/>\n<meta property=\"og:type\" content=\"article\" \/>\n<meta property=\"og:title\" content=\"Die #RedWeek von Aid to the Church in Need wirft ein Licht auf die weltweite Christenverfolgung\" \/>\n<meta property=\"og:description\" content=\"Die Kampagne #RedWeek, organisiert von der internationalen p\u00e4pstlichen Stiftung Aid to the Church in Need (ACN), findet vom 19. bis\" \/>\n<meta property=\"og:url\" content=\"https:\/\/acninternational.org\/de\/die-redweek-von-aid-to-the-church-in-need-wirft-ein-licht-auf-die-weltweite-christenverfolgung\/\" \/>\n<meta property=\"og:site_name\" content=\"ACN International\" \/>\n<meta property=\"article:publisher\" content=\"https:\/\/www.facebook.com\/acninternationalorg\" \/>\n<meta property=\"article:published_time\" content=\"2023-11-06T14:20:40+00:00\" \/>\n<meta property=\"article:modified_time\" content=\"2023-11-06T14:21:42+00:00\" \/>\n<meta property=\"og:image\" content=\"https:\/\/media.acninternational.org\/wp-content\/uploads\/2023\/11\/ACN-20201127-107593.jpg\" \/>\n\t<meta property=\"og:image:width\" content=\"1920\" \/>\n\t<meta property=\"og:image:height\" content=\"700\" \/>\n\t<meta property=\"og:image:type\" content=\"image\/jpeg\" \/>\n<meta name=\"author\" content=\"ACN Press Team\" \/>\n<meta name=\"twitter:card\" content=\"summary_large_image\" \/>\n<meta name=\"twitter:creator\" content=\"@acn_int\" \/>\n<meta name=\"twitter:site\" content=\"@acn_int\" \/>\n<meta name=\"twitter:label1\" content=\"Verfasst von\" \/>\n\t<meta name=\"twitter:data1\" content=\"ACN Press Team\" \/>\n\t<meta name=\"twitter:label2\" content=\"Gesch\u00e4tzte Lesezeit\" \/>\n\t<meta name=\"twitter:data2\" content=\"5\u00a0Minuten\" \/>\n<script type=\"application\/ld+json\" class=\"yoast-schema-graph\">{\"@context\":\"https:\\\/\\\/schema.org\",\"@graph\":[{\"@type\":\"Article\",\"@id\":\"https:\\\/\\\/acninternational.org\\\/de\\\/die-redweek-von-aid-to-the-church-in-need-wirft-ein-licht-auf-die-weltweite-christenverfolgung\\\/#article\",\"isPartOf\":{\"@id\":\"https:\\\/\\\/acninternational.org\\\/de\\\/die-redweek-von-aid-to-the-church-in-need-wirft-ein-licht-auf-die-weltweite-christenverfolgung\\\/\"},\"author\":{\"name\":\"ACN Press Team\",\"@id\":\"https:\\\/\\\/acninternational.org\\\/de\\\/#\\\/schema\\\/person\\\/7f3dafb236b242fb2aa46be1411fd703\"},\"headline\":\"Die #RedWeek von Aid to the Church in Need wirft ein Licht auf die weltweite Christenverfolgung\",\"datePublished\":\"2023-11-06T14:20:40+00:00\",\"dateModified\":\"2023-11-06T14:21:42+00:00\",\"mainEntityOfPage\":{\"@id\":\"https:\\\/\\\/acninternational.org\\\/de\\\/die-redweek-von-aid-to-the-church-in-need-wirft-ein-licht-auf-die-weltweite-christenverfolgung\\\/\"},\"wordCount\":969,\"publisher\":{\"@id\":\"https:\\\/\\\/acninternational.org\\\/de\\\/#organization\"},\"image\":{\"@id\":\"https:\\\/\\\/acninternational.org\\\/de\\\/die-redweek-von-aid-to-the-church-in-need-wirft-ein-licht-auf-die-weltweite-christenverfolgung\\\/#primaryimage\"},\"thumbnailUrl\":\"https:\\\/\\\/media.acninternational.org\\\/wp-content\\\/uploads\\\/2023\\\/11\\\/ACN-20201127-107593.jpg\",\"articleSection\":[\"Nachricht\"],\"inLanguage\":\"de\"},{\"@type\":\"WebPage\",\"@id\":\"https:\\\/\\\/acninternational.org\\\/de\\\/die-redweek-von-aid-to-the-church-in-need-wirft-ein-licht-auf-die-weltweite-christenverfolgung\\\/\",\"url\":\"https:\\\/\\\/acninternational.org\\\/de\\\/die-redweek-von-aid-to-the-church-in-need-wirft-ein-licht-auf-die-weltweite-christenverfolgung\\\/\",\"name\":\"Die #RedWeek von Aid to the Church in Need wirft ein Licht auf die weltweite Christenverfolgung | ACN International\",\"isPartOf\":{\"@id\":\"https:\\\/\\\/acninternational.org\\\/de\\\/#website\"},\"primaryImageOfPage\":{\"@id\":\"https:\\\/\\\/acninternational.org\\\/de\\\/die-redweek-von-aid-to-the-church-in-need-wirft-ein-licht-auf-die-weltweite-christenverfolgung\\\/#primaryimage\"},\"image\":{\"@id\":\"https:\\\/\\\/acninternational.org\\\/de\\\/die-redweek-von-aid-to-the-church-in-need-wirft-ein-licht-auf-die-weltweite-christenverfolgung\\\/#primaryimage\"},\"thumbnailUrl\":\"https:\\\/\\\/media.acninternational.org\\\/wp-content\\\/uploads\\\/2023\\\/11\\\/ACN-20201127-107593.jpg\",\"datePublished\":\"2023-11-06T14:20:40+00:00\",\"dateModified\":\"2023-11-06T14:21:42+00:00\",\"breadcrumb\":{\"@id\":\"https:\\\/\\\/acninternational.org\\\/de\\\/die-redweek-von-aid-to-the-church-in-need-wirft-ein-licht-auf-die-weltweite-christenverfolgung\\\/#breadcrumb\"},\"inLanguage\":\"de\",\"potentialAction\":[{\"@type\":\"ReadAction\",\"target\":[\"https:\\\/\\\/acninternational.org\\\/de\\\/die-redweek-von-aid-to-the-church-in-need-wirft-ein-licht-auf-die-weltweite-christenverfolgung\\\/\"]}]},{\"@type\":\"ImageObject\",\"inLanguage\":\"de\",\"@id\":\"https:\\\/\\\/acninternational.org\\\/de\\\/die-redweek-von-aid-to-the-church-in-need-wirft-ein-licht-auf-die-weltweite-christenverfolgung\\\/#primaryimage\",\"url\":\"https:\\\/\\\/media.acninternational.org\\\/wp-content\\\/uploads\\\/2023\\\/11\\\/ACN-20201127-107593.jpg\",\"contentUrl\":\"https:\\\/\\\/media.acninternational.org\\\/wp-content\\\/uploads\\\/2023\\\/11\\\/ACN-20201127-107593.jpg\",\"width\":1920,\"height\":700},{\"@type\":\"BreadcrumbList\",\"@id\":\"https:\\\/\\\/acninternational.org\\\/de\\\/die-redweek-von-aid-to-the-church-in-need-wirft-ein-licht-auf-die-weltweite-christenverfolgung\\\/#breadcrumb\",\"itemListElement\":[{\"@type\":\"ListItem\",\"position\":1,\"name\":\"Home\",\"item\":\"https:\\\/\\\/acninternational.org\\\/de\\\/\"},{\"@type\":\"ListItem\",\"position\":2,\"name\":\"Nachricht\",\"item\":\"https:\\\/\\\/acninternational.org\\\/de\\\/category\\\/news-de\\\/\"},{\"@type\":\"ListItem\",\"position\":3,\"name\":\"Die #RedWeek von Aid to the Church in Need wirft ein Licht auf die weltweite Christenverfolgung\"}]},{\"@type\":\"WebSite\",\"@id\":\"https:\\\/\\\/acninternational.org\\\/de\\\/#website\",\"url\":\"https:\\\/\\\/acninternational.org\\\/de\\\/\",\"name\":\"ACN International\",\"description\":\"\",\"publisher\":{\"@id\":\"https:\\\/\\\/acninternational.org\\\/de\\\/#organization\"},\"potentialAction\":[{\"@type\":\"SearchAction\",\"target\":{\"@type\":\"EntryPoint\",\"urlTemplate\":\"https:\\\/\\\/acninternational.org\\\/de\\\/?s={search_term_string}\"},\"query-input\":{\"@type\":\"PropertyValueSpecification\",\"valueRequired\":true,\"valueName\":\"search_term_string\"}}],\"inLanguage\":\"de\"},{\"@type\":\"Organization\",\"@id\":\"https:\\\/\\\/acninternational.org\\\/de\\\/#organization\",\"name\":\"Aid to the Church in Need International\",\"url\":\"https:\\\/\\\/acninternational.org\\\/de\\\/\",\"logo\":{\"@type\":\"ImageObject\",\"inLanguage\":\"de\",\"@id\":\"https:\\\/\\\/acninternational.org\\\/de\\\/#\\\/schema\\\/logo\\\/image\\\/\",\"url\":\"https:\\\/\\\/media.acninternational.org\\\/wp-content\\\/uploads\\\/2019\\\/11\\\/acn_logo_blackvector.svg\",\"contentUrl\":\"https:\\\/\\\/media.acninternational.org\\\/wp-content\\\/uploads\\\/2019\\\/11\\\/acn_logo_blackvector.svg\",\"width\":232.6,\"height\":78,\"caption\":\"Aid to the Church in Need International\"},\"image\":{\"@id\":\"https:\\\/\\\/acninternational.org\\\/de\\\/#\\\/schema\\\/logo\\\/image\\\/\"},\"sameAs\":[\"https:\\\/\\\/www.facebook.com\\\/acninternationalorg\",\"https:\\\/\\\/x.com\\\/acn_int\",\"https:\\\/\\\/www.youtube.com\\\/channel\\\/UCQ-077gS0TnVzkhHmf1opZw\",\"https:\\\/\\\/www.instagram.com\\\/acn_international\\\/\"]},{\"@type\":\"Person\",\"@id\":\"https:\\\/\\\/acninternational.org\\\/de\\\/#\\\/schema\\\/person\\\/7f3dafb236b242fb2aa46be1411fd703\",\"name\":\"ACN Press Team\",\"description\":\"Lorem ipsum dolor sit amet, consectetur adipiscing elit, sed do eiusmod tempor incididunt ut labore et dolore magna aliqua. Ut enim ad minim veniam, quis nostrud exercitation ullamco laboris nisi ut aliquip ex ea commodo consequat.\",\"url\":\"https:\\\/\\\/acninternational.org\\\/de\\\/author\\\/acn-press-team\\\/\"}]}<\/script>\n<!-- \/ Yoast SEO Premium plugin. -->","yoast_head_json":{"title":"Die #RedWeek von Aid to the Church in Need wirft ein Licht auf die weltweite Christenverfolgung | ACN International","robots":{"index":"index","follow":"follow","max-snippet":"max-snippet:-1","max-image-preview":"max-image-preview:large","max-video-preview":"max-video-preview:-1"},"canonical":"https:\/\/acninternational.org\/de\/die-redweek-von-aid-to-the-church-in-need-wirft-ein-licht-auf-die-weltweite-christenverfolgung\/","og_locale":"de_DE","og_type":"article","og_title":"Die #RedWeek von Aid to the Church in Need wirft ein Licht auf die weltweite Christenverfolgung","og_description":"Die Kampagne #RedWeek, organisiert von der internationalen p\u00e4pstlichen Stiftung Aid to the Church in Need (ACN), findet vom 19. bis","og_url":"https:\/\/acninternational.org\/de\/die-redweek-von-aid-to-the-church-in-need-wirft-ein-licht-auf-die-weltweite-christenverfolgung\/","og_site_name":"ACN International","article_publisher":"https:\/\/www.facebook.com\/acninternationalorg","article_published_time":"2023-11-06T14:20:40+00:00","article_modified_time":"2023-11-06T14:21:42+00:00","og_image":[{"width":1920,"height":700,"url":"https:\/\/media.acninternational.org\/wp-content\/uploads\/2023\/11\/ACN-20201127-107593.jpg","type":"image\/jpeg"}],"author":"ACN Press Team","twitter_card":"summary_large_image","twitter_creator":"@acn_int","twitter_site":"@acn_int","twitter_misc":{"Verfasst von":"ACN Press Team","Gesch\u00e4tzte Lesezeit":"5\u00a0Minuten"},"schema":{"@context":"https:\/\/schema.org","@graph":[{"@type":"Article","@id":"https:\/\/acninternational.org\/de\/die-redweek-von-aid-to-the-church-in-need-wirft-ein-licht-auf-die-weltweite-christenverfolgung\/#article","isPartOf":{"@id":"https:\/\/acninternational.org\/de\/die-redweek-von-aid-to-the-church-in-need-wirft-ein-licht-auf-die-weltweite-christenverfolgung\/"},"author":{"name":"ACN Press Team","@id":"https:\/\/acninternational.org\/de\/#\/schema\/person\/7f3dafb236b242fb2aa46be1411fd703"},"headline":"Die #RedWeek von Aid to the Church in Need wirft ein Licht auf die weltweite Christenverfolgung","datePublished":"2023-11-06T14:20:40+00:00","dateModified":"2023-11-06T14:21:42+00:00","mainEntityOfPage":{"@id":"https:\/\/acninternational.org\/de\/die-redweek-von-aid-to-the-church-in-need-wirft-ein-licht-auf-die-weltweite-christenverfolgung\/"},"wordCount":969,"publisher":{"@id":"https:\/\/acninternational.org\/de\/#organization"},"image":{"@id":"https:\/\/acninternational.org\/de\/die-redweek-von-aid-to-the-church-in-need-wirft-ein-licht-auf-die-weltweite-christenverfolgung\/#primaryimage"},"thumbnailUrl":"https:\/\/media.acninternational.org\/wp-content\/uploads\/2023\/11\/ACN-20201127-107593.jpg","articleSection":["Nachricht"],"inLanguage":"de"},{"@type":"WebPage","@id":"https:\/\/acninternational.org\/de\/die-redweek-von-aid-to-the-church-in-need-wirft-ein-licht-auf-die-weltweite-christenverfolgung\/","url":"https:\/\/acninternational.org\/de\/die-redweek-von-aid-to-the-church-in-need-wirft-ein-licht-auf-die-weltweite-christenverfolgung\/","name":"Die #RedWeek von Aid to the Church in Need wirft ein Licht auf die weltweite Christenverfolgung | ACN International","isPartOf":{"@id":"https:\/\/acninternational.org\/de\/#website"},"primaryImageOfPage":{"@id":"https:\/\/acninternational.org\/de\/die-redweek-von-aid-to-the-church-in-need-wirft-ein-licht-auf-die-weltweite-christenverfolgung\/#primaryimage"},"image":{"@id":"https:\/\/acninternational.org\/de\/die-redweek-von-aid-to-the-church-in-need-wirft-ein-licht-auf-die-weltweite-christenverfolgung\/#primaryimage"},"thumbnailUrl":"https:\/\/media.acninternational.org\/wp-content\/uploads\/2023\/11\/ACN-20201127-107593.jpg","datePublished":"2023-11-06T14:20:40+00:00","dateModified":"2023-11-06T14:21:42+00:00","breadcrumb":{"@id":"https:\/\/acninternational.org\/de\/die-redweek-von-aid-to-the-church-in-need-wirft-ein-licht-auf-die-weltweite-christenverfolgung\/#breadcrumb"},"inLanguage":"de","potentialAction":[{"@type":"ReadAction","target":["https:\/\/acninternational.org\/de\/die-redweek-von-aid-to-the-church-in-need-wirft-ein-licht-auf-die-weltweite-christenverfolgung\/"]}]},{"@type":"ImageObject","inLanguage":"de","@id":"https:\/\/acninternational.org\/de\/die-redweek-von-aid-to-the-church-in-need-wirft-ein-licht-auf-die-weltweite-christenverfolgung\/#primaryimage","url":"https:\/\/media.acninternational.org\/wp-content\/uploads\/2023\/11\/ACN-20201127-107593.jpg","contentUrl":"https:\/\/media.acninternational.org\/wp-content\/uploads\/2023\/11\/ACN-20201127-107593.jpg","width":1920,"height":700},{"@type":"BreadcrumbList","@id":"https:\/\/acninternational.org\/de\/die-redweek-von-aid-to-the-church-in-need-wirft-ein-licht-auf-die-weltweite-christenverfolgung\/#breadcrumb","itemListElement":[{"@type":"ListItem","position":1,"name":"Home","item":"https:\/\/acninternational.org\/de\/"},{"@type":"ListItem","position":2,"name":"Nachricht","item":"https:\/\/acninternational.org\/de\/category\/news-de\/"},{"@type":"ListItem","position":3,"name":"Die #RedWeek von Aid to the Church in Need wirft ein Licht auf die weltweite Christenverfolgung"}]},{"@type":"WebSite","@id":"https:\/\/acninternational.org\/de\/#website","url":"https:\/\/acninternational.org\/de\/","name":"ACN International","description":"","publisher":{"@id":"https:\/\/acninternational.org\/de\/#organization"},"potentialAction":[{"@type":"SearchAction","target":{"@type":"EntryPoint","urlTemplate":"https:\/\/acninternational.org\/de\/?s={search_term_string}"},"query-input":{"@type":"PropertyValueSpecification","valueRequired":true,"valueName":"search_term_string"}}],"inLanguage":"de"},{"@type":"Organization","@id":"https:\/\/acninternational.org\/de\/#organization","name":"Aid to the Church in Need International","url":"https:\/\/acninternational.org\/de\/","logo":{"@type":"ImageObject","inLanguage":"de","@id":"https:\/\/acninternational.org\/de\/#\/schema\/logo\/image\/","url":"https:\/\/media.acninternational.org\/wp-content\/uploads\/2019\/11\/acn_logo_blackvector.svg","contentUrl":"https:\/\/media.acninternational.org\/wp-content\/uploads\/2019\/11\/acn_logo_blackvector.svg","width":232.6,"height":78,"caption":"Aid to the Church in Need International"},"image":{"@id":"https:\/\/acninternational.org\/de\/#\/schema\/logo\/image\/"},"sameAs":["https:\/\/www.facebook.com\/acninternationalorg","https:\/\/x.com\/acn_int","https:\/\/www.youtube.com\/channel\/UCQ-077gS0TnVzkhHmf1opZw","https:\/\/www.instagram.com\/acn_international\/"]},{"@type":"Person","@id":"https:\/\/acninternational.org\/de\/#\/schema\/person\/7f3dafb236b242fb2aa46be1411fd703","name":"ACN Press Team","description":"Lorem ipsum dolor sit amet, consectetur adipiscing elit, sed do eiusmod tempor incididunt ut labore et dolore magna aliqua. Ut enim ad minim veniam, quis nostrud exercitation ullamco laboris nisi ut aliquip ex ea commodo consequat.","url":"https:\/\/acninternational.org\/de\/author\/acn-press-team\/"}]}},"_links":{"self":[{"href":"https:\/\/acninternational.org\/de\/wp-json\/wp\/v2\/posts\/186282","targetHints":{"allow":["GET"]}}],"collection":[{"href":"https:\/\/acninternational.org\/de\/wp-json\/wp\/v2\/posts"}],"about":[{"href":"https:\/\/acninternational.org\/de\/wp-json\/wp\/v2\/types\/post"}],"author":[{"embeddable":true,"href":"https:\/\/acninternational.org\/de\/wp-json\/wp\/v2\/users\/4258341447"}],"replies":[{"embeddable":true,"href":"https:\/\/acninternational.org\/de\/wp-json\/wp\/v2\/comments?post=186282"}],"version-history":[{"count":0,"href":"https:\/\/acninternational.org\/de\/wp-json\/wp\/v2\/posts\/186282\/revisions"}],"wp:featuredmedia":[{"embeddable":true,"href":"https:\/\/acninternational.org\/de\/wp-json\/wp\/v2\/media\/186259"}],"wp:attachment":[{"href":"https:\/\/acninternational.org\/de\/wp-json\/wp\/v2\/media?parent=186282"}],"wp:term":[{"taxonomy":"category","embeddable":true,"href":"https:\/\/acninternational.org\/de\/wp-json\/wp\/v2\/categories?post=186282"},{"taxonomy":"post_tag","embeddable":true,"href":"https:\/\/acninternational.org\/de\/wp-json\/wp\/v2\/tags?post=186282"},{"taxonomy":"country","embeddable":true,"href":"https:\/\/acninternational.org\/de\/wp-json\/wp\/v2\/country?post=186282"}],"curies":[{"name":"wp","href":"https:\/\/api.w.org\/{rel}","templated":true}]}}