{"id":184350,"date":"2023-07-28T09:46:44","date_gmt":"2023-07-28T07:46:44","guid":{"rendered":"https:\/\/acninternational.org\/?p=184350"},"modified":"2024-09-24T11:53:22","modified_gmt":"2024-09-24T09:53:22","slug":"andenken-von-pater-dall-oglio","status":"publish","type":"post","link":"https:\/\/acninternational.org\/de\/andenken-von-pater-dall-oglio\/","title":{"rendered":"Syrische Erzbisch\u00f6fe und ACN bitten Staatssekret\u00e4r Mantovano, das Andenken von Pater Paolo Dall&#8217;Oglio durch eine Lockerung der Wirtschaftssanktionen zu ehren"},"content":{"rendered":"<p>Am 24. Juli trafen Jacques Mourad, syrisch-katholischer Erzbischof von Homs in Syrien, sowie die Pr\u00e4sidentin und der Direktor von ACN Italien, Sandra Sarti und Alessandro Monteduro, mit Alfredo Mantovano, Staatssekret\u00e4r bei der Pr\u00e4sidentschaft des italienischen Ministerrats, zusammen. Anwesend waren ebenfalls der syrisch-katholische Erzbischof von Aleppo, Antoine Chahda, und der syrisch-katholische Bischof von Aretusa, Rami al-Kabalan.<\/p>\n<p>Erzbischof Jacques Mourad gr\u00fcndete die Klostergemeinschaft Deir Mar Musa zusammen mit dem italienischen Jesuitenpater Paolo Dall&#8217;Oglio, der vor zehn Jahren, am 29. Juli 2013, in Raqqa entf\u00fchrt wurde. Erzbischof Mourad brachte zu Beginn des Treffens seine Hoffnung zum Ausdruck, dass die Suche nach seinem Mitbegr\u00fcnder und den vielen anderen ebenfalls entf\u00fchrten Christen weitergehen m\u00f6ge.<\/p>\n<p>Der syrisch-katholische Erzbischof sprach auch \u00fcber das Leid des syrischen Volkes, das stark vom derzeitigen Embargo betroffen ist. Die von der internationalen Gemeinschaft verh\u00e4ngten Sanktionen, so der Erzbischof, tr\u00e4fen nur die Bev\u00f6lkerung und insbesondere die Christen, nicht aber die Regierung. Dies und die massenhafte Auswanderung junger Menschen, die sich einer Zukunft mit niedrigen Geh\u00e4ltern und wenig Perspektiven gegen\u00fcbers\u00e4hen, machten es immer wahrscheinlicher, dass die politischen und milit\u00e4rischen Ereignisse der letzten Jahre zu einem allm\u00e4hlichen Verschwinden der Christen aus dem Nahen Osten f\u00fchrten.<\/p>\n<p>Erzbischof Antoine Chahda prangerte die fehlenden Einnahmen an, ohne die die Bev\u00f6lkerung von Aleppo und anderen Teilen Syriens nicht in der Lage ist, Versorgungsleistungen wie Strom, Lebensmittel und Medikamente zu bezahlen. Bischof Rami Al-Kabalan hob seinerseits die Wichtigkeit der Aufrechterhaltung des katholischen Bildungssystems hervor. Viele Schulen seien entweder verstaatlicht oder geschlossen worden, was sich nicht nur auf den Lehrplan, sondern auch auf den Dialog zwischen verschiedenen religi\u00f6sen Gruppen auswirke, der von entscheidender Bedeutung sei, um Radikalisierung zu vermeiden.<\/p>\n<figure id=\"attachment_184334\" aria-describedby=\"caption-attachment-184334\" style=\"width: 670px\" class=\"wp-caption aligncenter\"><img loading=\"lazy\" decoding=\"async\" class=\"wp-image-184334 size-full\" src=\"https:\/\/media.acninternational.org\/wp-content\/uploads\/2023\/07\/pequena_web-6.jpg\" alt=\"Paolo Dall\u2019Oglio\" width=\"670\" height=\"400\" srcset=\"https:\/\/media.acninternational.org\/wp-content\/uploads\/2023\/07\/pequena_web-6.jpg 670w, https:\/\/media.acninternational.org\/wp-content\/uploads\/2023\/07\/pequena_web-6-300x179.jpg 300w\" sizes=\"auto, (max-width: 670px) 100vw, 670px\" \/><figcaption id=\"caption-attachment-184334\" class=\"wp-caption-text\">Paolo Dall\u2019Oglio<\/figcaption><\/figure>\n<p>Sarti und Monteduro erinnerten daran, dass vor dem bewaffneten Konflikt, der seit mehr als einem Jahrzehnt andauert, die Christen etwa 10 % der Bev\u00f6lkerung ausmachten, d. h. etwa zwei Millionen Menschen, w\u00e4hrend es jetzt nur noch 300 000 bis 500 000 sind.<\/p>\n<p>Die Vertreter von ACN Italien betonten auch, dass Schwierigkeiten bei der \u00dcberweisung von Geldern und bei der Einfuhr von Waren nach Syrien aufgrund der Sanktionen humanit\u00e4re Hilfe fast unm\u00f6glich machten. Obwohl die Sanktionen offiziell Ausnahmen f\u00fcr humanit\u00e4re Hilfe vors\u00e4hen, funktionierten diese in der Praxis nicht. Das europ\u00e4ische IBAN-Bankcodesystem und das US-amerikanische SWIFT-System blockierten alle \u00dcberweisungen nach Syrien, was es f\u00fcr das p\u00e4pstliche Hilfswerk sehr schwierig mache, Gelder aus humanit\u00e4ren Gr\u00fcnden zu \u00fcberweisen.<\/p>\n<p>Die Vertreter von ACN Italien appellieren daher an die internationale Gemeinschaft, die Worte von Papst Franziskus zu beherzigen, die er im Februar in seiner Ansprache an die Mitglieder des beim Heiligen Stuhl akkreditierten diplomatischen Corps gesprochen hat: \u201eMeine Gedanken gehen auch in den Jemen und in das geliebte Syrien, wo neben anderen ernsten Notsituationen ein gro\u00dfer Teil der Bev\u00f6lkerung von Ern\u00e4hrungsunsicherheit betroffen ist und die Kinder durch Unterern\u00e4hrung ausgezehrt sind. In einigen F\u00e4llen werden humanit\u00e4re Krisen durch Wirtschaftssanktionen versch\u00e4rft, die am Ende meist nicht die politisch Verantwortlichen, sondern vor allem die schw\u00e4chsten Bev\u00f6lkerungsschichten treffen. Deshalb sieht der Heilige Stuhl, selbst wenn er die Logik hinter den Sanktionen versteht, sie als nicht wirksam an und hofft auf ihre Lockerung, nicht zuletzt, um die humanit\u00e4ren Hilfen zu erm\u00f6glichen, vor allem was Medikamente und medizinisches Ger\u00e4t betrifft, die in dieser Zeit der Pandemie \u00e4u\u00dferst notwendig sind.\u201c<\/p>\n<p>Im Namen der italienischen Regierung bekundete Mantovano seine Solidarit\u00e4t mit dem syrisch-katholischen Erzbischof von Homs angesichts der dramatischen und immer noch nicht aufgekl\u00e4rten Entf\u00fchrung von Pater Paolo Dall\u2018Oglio und versicherte ihm, dass Italien die Suche nach ihm fortsetzen werde, insbesondere durch seine Nachrichtendienste. Der Staatssekret\u00e4r wies auch darauf hin, dass die Wirtschaftssanktionen die Versorgung der Bev\u00f6lkerung mit lebenswichtigen Hilfsg\u00fctern nicht behindern d\u00fcrften, da das Embargo derzeit alle Bem\u00fchungen zur Unterst\u00fctzung der am st\u00e4rksten bedrohten Bev\u00f6lkerungsgruppen, angefangen bei den Christen, zunichte mache.<\/p>\n<p>Die italienische Regierung werde mit ihren Verb\u00fcndeten, insbesondere in der Europ\u00e4ischen Union, dar\u00fcber beraten, wie das derzeitige Sanktionssystem am besten ge\u00e4ndert werden k\u00f6nne, um der kriegsm\u00fcden Bev\u00f6lkerung wieder Hoffnung zu geben.<\/p>\n","protected":false},"excerpt":{"rendered":"<p>Syrische Erzbisch\u00f6fe und ACN bitten Staatssekret\u00e4r Mantovano, das Andenken von Pater Paolo Dall&#8217;Oglio durch eine Lockerung der Wirtschaftssanktionen zu ehren.<\/p>\n","protected":false},"author":4258341447,"featured_media":184342,"comment_status":"closed","ping_status":"closed","sticky":false,"template":"","format":"standard","meta":{"_acf_changed":false,"_acn_coauthor_ids":[],"_acn_featured_article":false,"footnotes":""},"categories":[918],"tags":[],"country":[],"class_list":["post-184350","post","type-post","status-publish","format-standard","has-post-thumbnail","hentry","category-nachricht"],"acn_coauthors":[],"acf":[],"yoast_head":"<!-- This site is optimized with the Yoast SEO Premium plugin v27.5 (Yoast SEO v27.5) - https:\/\/yoast.com\/product\/yoast-seo-premium-wordpress\/ -->\n<title>Andenken von Pater Paolo Dall&#039;Oglio | ACN International<\/title>\n<meta name=\"description\" content=\"Syrische Erzbisch\u00f6fe und ACN bitten Staatssekret\u00e4r Mantovano, das Andenken von Pater Paolo Dall&#039;Oglio durch eine Lockerung der Wirtschaftssanktionen zu ehren.\" \/>\n<meta name=\"robots\" content=\"index, follow, max-snippet:-1, max-image-preview:large, max-video-preview:-1\" \/>\n<link rel=\"canonical\" href=\"https:\/\/acninternational.org\/de\/andenken-von-pater-dall-oglio\/\" \/>\n<meta property=\"og:locale\" content=\"de_DE\" \/>\n<meta property=\"og:type\" content=\"article\" \/>\n<meta property=\"og:title\" content=\"Syrische Erzbisch\u00f6fe und ACN bitten Staatssekret\u00e4r Mantovano, das Andenken von Pater Paolo Dall&#039;Oglio durch eine Lockerung der Wirtschaftssanktionen zu ehren\" \/>\n<meta property=\"og:description\" content=\"Syrische Erzbisch\u00f6fe und ACN bitten Staatssekret\u00e4r Mantovano, das Andenken von Pater Paolo Dall&#039;Oglio durch eine Lockerung der Wirtschaftssanktionen zu ehren.\" \/>\n<meta property=\"og:url\" content=\"https:\/\/acninternational.org\/de\/andenken-von-pater-dall-oglio\/\" \/>\n<meta property=\"og:site_name\" content=\"ACN International\" \/>\n<meta property=\"article:publisher\" content=\"https:\/\/www.facebook.com\/acninternationalorg\" \/>\n<meta property=\"article:published_time\" content=\"2023-07-28T07:46:44+00:00\" \/>\n<meta property=\"article:modified_time\" content=\"2024-09-24T09:53:22+00:00\" \/>\n<meta property=\"og:image\" content=\"https:\/\/media.acninternational.org\/wp-content\/uploads\/2023\/07\/heading_web-3-3.jpg\" \/>\n\t<meta property=\"og:image:width\" content=\"2000\" \/>\n\t<meta property=\"og:image:height\" content=\"625\" \/>\n\t<meta property=\"og:image:type\" content=\"image\/jpeg\" \/>\n<meta name=\"author\" content=\"ACN Press Team\" \/>\n<meta name=\"twitter:card\" content=\"summary_large_image\" \/>\n<meta name=\"twitter:creator\" content=\"@acn_int\" \/>\n<meta name=\"twitter:site\" content=\"@acn_int\" \/>\n<meta name=\"twitter:label1\" content=\"Verfasst von\" \/>\n\t<meta name=\"twitter:data1\" content=\"ACN Press Team\" \/>\n\t<meta name=\"twitter:label2\" content=\"Gesch\u00e4tzte Lesezeit\" \/>\n\t<meta name=\"twitter:data2\" content=\"4\u00a0Minuten\" \/>\n<script type=\"application\/ld+json\" class=\"yoast-schema-graph\">{\"@context\":\"https:\\\/\\\/schema.org\",\"@graph\":[{\"@type\":\"Article\",\"@id\":\"https:\\\/\\\/acninternational.org\\\/de\\\/andenken-von-pater-dall-oglio\\\/#article\",\"isPartOf\":{\"@id\":\"https:\\\/\\\/acninternational.org\\\/de\\\/andenken-von-pater-dall-oglio\\\/\"},\"author\":{\"name\":\"ACN Press Team\",\"@id\":\"https:\\\/\\\/acninternational.org\\\/de\\\/#\\\/schema\\\/person\\\/7f3dafb236b242fb2aa46be1411fd703\"},\"headline\":\"Syrische Erzbisch\u00f6fe und ACN bitten Staatssekret\u00e4r Mantovano, das Andenken von Pater Paolo Dall&#8217;Oglio durch eine Lockerung der Wirtschaftssanktionen zu ehren\",\"datePublished\":\"2023-07-28T07:46:44+00:00\",\"dateModified\":\"2024-09-24T09:53:22+00:00\",\"mainEntityOfPage\":{\"@id\":\"https:\\\/\\\/acninternational.org\\\/de\\\/andenken-von-pater-dall-oglio\\\/\"},\"wordCount\":726,\"publisher\":{\"@id\":\"https:\\\/\\\/acninternational.org\\\/de\\\/#organization\"},\"image\":{\"@id\":\"https:\\\/\\\/acninternational.org\\\/de\\\/andenken-von-pater-dall-oglio\\\/#primaryimage\"},\"thumbnailUrl\":\"https:\\\/\\\/media.acninternational.org\\\/wp-content\\\/uploads\\\/2023\\\/07\\\/heading_web-3-3.jpg\",\"articleSection\":[\"Nachricht\"],\"inLanguage\":\"de\"},{\"@type\":\"WebPage\",\"@id\":\"https:\\\/\\\/acninternational.org\\\/de\\\/andenken-von-pater-dall-oglio\\\/\",\"url\":\"https:\\\/\\\/acninternational.org\\\/de\\\/andenken-von-pater-dall-oglio\\\/\",\"name\":\"Andenken von Pater Paolo Dall'Oglio | ACN International\",\"isPartOf\":{\"@id\":\"https:\\\/\\\/acninternational.org\\\/de\\\/#website\"},\"primaryImageOfPage\":{\"@id\":\"https:\\\/\\\/acninternational.org\\\/de\\\/andenken-von-pater-dall-oglio\\\/#primaryimage\"},\"image\":{\"@id\":\"https:\\\/\\\/acninternational.org\\\/de\\\/andenken-von-pater-dall-oglio\\\/#primaryimage\"},\"thumbnailUrl\":\"https:\\\/\\\/media.acninternational.org\\\/wp-content\\\/uploads\\\/2023\\\/07\\\/heading_web-3-3.jpg\",\"datePublished\":\"2023-07-28T07:46:44+00:00\",\"dateModified\":\"2024-09-24T09:53:22+00:00\",\"description\":\"Syrische Erzbisch\u00f6fe und ACN bitten Staatssekret\u00e4r Mantovano, das Andenken von Pater Paolo Dall'Oglio durch eine Lockerung der Wirtschaftssanktionen zu ehren.\",\"breadcrumb\":{\"@id\":\"https:\\\/\\\/acninternational.org\\\/de\\\/andenken-von-pater-dall-oglio\\\/#breadcrumb\"},\"inLanguage\":\"de\",\"potentialAction\":[{\"@type\":\"ReadAction\",\"target\":[\"https:\\\/\\\/acninternational.org\\\/de\\\/andenken-von-pater-dall-oglio\\\/\"]}]},{\"@type\":\"ImageObject\",\"inLanguage\":\"de\",\"@id\":\"https:\\\/\\\/acninternational.org\\\/de\\\/andenken-von-pater-dall-oglio\\\/#primaryimage\",\"url\":\"https:\\\/\\\/media.acninternational.org\\\/wp-content\\\/uploads\\\/2023\\\/07\\\/heading_web-3-3.jpg\",\"contentUrl\":\"https:\\\/\\\/media.acninternational.org\\\/wp-content\\\/uploads\\\/2023\\\/07\\\/heading_web-3-3.jpg\",\"width\":2000,\"height\":625,\"caption\":\"Paolo Dall\u2019Oglio\"},{\"@type\":\"BreadcrumbList\",\"@id\":\"https:\\\/\\\/acninternational.org\\\/de\\\/andenken-von-pater-dall-oglio\\\/#breadcrumb\",\"itemListElement\":[{\"@type\":\"ListItem\",\"position\":1,\"name\":\"Home\",\"item\":\"https:\\\/\\\/acninternational.org\\\/de\\\/\"},{\"@type\":\"ListItem\",\"position\":2,\"name\":\"Nachricht\",\"item\":\"https:\\\/\\\/acninternational.org\\\/de\\\/category\\\/nachricht\\\/\"},{\"@type\":\"ListItem\",\"position\":3,\"name\":\"Syrische Erzbisch\u00f6fe und ACN bitten Staatssekret\u00e4r Mantovano, das Andenken von Pater Paolo Dall&#8217;Oglio durch eine Lockerung der Wirtschaftssanktionen zu ehren\"}]},{\"@type\":\"WebSite\",\"@id\":\"https:\\\/\\\/acninternational.org\\\/de\\\/#website\",\"url\":\"https:\\\/\\\/acninternational.org\\\/de\\\/\",\"name\":\"ACN International\",\"description\":\"\",\"publisher\":{\"@id\":\"https:\\\/\\\/acninternational.org\\\/de\\\/#organization\"},\"potentialAction\":[{\"@type\":\"SearchAction\",\"target\":{\"@type\":\"EntryPoint\",\"urlTemplate\":\"https:\\\/\\\/acninternational.org\\\/de\\\/?s={search_term_string}\"},\"query-input\":{\"@type\":\"PropertyValueSpecification\",\"valueRequired\":true,\"valueName\":\"search_term_string\"}}],\"inLanguage\":\"de\"},{\"@type\":\"Organization\",\"@id\":\"https:\\\/\\\/acninternational.org\\\/de\\\/#organization\",\"name\":\"Aid to the Church in Need International\",\"url\":\"https:\\\/\\\/acninternational.org\\\/de\\\/\",\"logo\":{\"@type\":\"ImageObject\",\"inLanguage\":\"de\",\"@id\":\"https:\\\/\\\/acninternational.org\\\/de\\\/#\\\/schema\\\/logo\\\/image\\\/\",\"url\":\"https:\\\/\\\/media.acninternational.org\\\/wp-content\\\/uploads\\\/2019\\\/11\\\/acn_logo_blackvector.svg\",\"contentUrl\":\"https:\\\/\\\/media.acninternational.org\\\/wp-content\\\/uploads\\\/2019\\\/11\\\/acn_logo_blackvector.svg\",\"width\":232.6,\"height\":78,\"caption\":\"Aid to the Church in Need International\"},\"image\":{\"@id\":\"https:\\\/\\\/acninternational.org\\\/de\\\/#\\\/schema\\\/logo\\\/image\\\/\"},\"sameAs\":[\"https:\\\/\\\/www.facebook.com\\\/acninternationalorg\",\"https:\\\/\\\/x.com\\\/acn_int\",\"https:\\\/\\\/www.youtube.com\\\/channel\\\/UCQ-077gS0TnVzkhHmf1opZw\",\"https:\\\/\\\/www.instagram.com\\\/acn_international\\\/\"]},{\"@type\":\"Person\",\"@id\":\"https:\\\/\\\/acninternational.org\\\/de\\\/#\\\/schema\\\/person\\\/7f3dafb236b242fb2aa46be1411fd703\",\"name\":\"ACN Press Team\",\"description\":\"Lorem ipsum dolor sit amet, consectetur adipiscing elit, sed do eiusmod tempor incididunt ut labore et dolore magna aliqua. Ut enim ad minim veniam, quis nostrud exercitation ullamco laboris nisi ut aliquip ex ea commodo consequat.\",\"url\":\"https:\\\/\\\/acninternational.org\\\/de\\\/author\\\/acn-press-team\\\/\"}]}<\/script>\n<!-- \/ Yoast SEO Premium plugin. -->","yoast_head_json":{"title":"Andenken von Pater Paolo Dall'Oglio | ACN International","description":"Syrische Erzbisch\u00f6fe und ACN bitten Staatssekret\u00e4r Mantovano, das Andenken von Pater Paolo Dall'Oglio durch eine Lockerung der Wirtschaftssanktionen zu ehren.","robots":{"index":"index","follow":"follow","max-snippet":"max-snippet:-1","max-image-preview":"max-image-preview:large","max-video-preview":"max-video-preview:-1"},"canonical":"https:\/\/acninternational.org\/de\/andenken-von-pater-dall-oglio\/","og_locale":"de_DE","og_type":"article","og_title":"Syrische Erzbisch\u00f6fe und ACN bitten Staatssekret\u00e4r Mantovano, das Andenken von Pater Paolo Dall'Oglio durch eine Lockerung der Wirtschaftssanktionen zu ehren","og_description":"Syrische Erzbisch\u00f6fe und ACN bitten Staatssekret\u00e4r Mantovano, das Andenken von Pater Paolo Dall'Oglio durch eine Lockerung der Wirtschaftssanktionen zu ehren.","og_url":"https:\/\/acninternational.org\/de\/andenken-von-pater-dall-oglio\/","og_site_name":"ACN International","article_publisher":"https:\/\/www.facebook.com\/acninternationalorg","article_published_time":"2023-07-28T07:46:44+00:00","article_modified_time":"2024-09-24T09:53:22+00:00","og_image":[{"width":2000,"height":625,"url":"https:\/\/media.acninternational.org\/wp-content\/uploads\/2023\/07\/heading_web-3-3.jpg","type":"image\/jpeg"}],"author":"ACN Press Team","twitter_card":"summary_large_image","twitter_creator":"@acn_int","twitter_site":"@acn_int","twitter_misc":{"Verfasst von":"ACN Press Team","Gesch\u00e4tzte Lesezeit":"4\u00a0Minuten"},"schema":{"@context":"https:\/\/schema.org","@graph":[{"@type":"Article","@id":"https:\/\/acninternational.org\/de\/andenken-von-pater-dall-oglio\/#article","isPartOf":{"@id":"https:\/\/acninternational.org\/de\/andenken-von-pater-dall-oglio\/"},"author":{"name":"ACN Press Team","@id":"https:\/\/acninternational.org\/de\/#\/schema\/person\/7f3dafb236b242fb2aa46be1411fd703"},"headline":"Syrische Erzbisch\u00f6fe und ACN bitten Staatssekret\u00e4r Mantovano, das Andenken von Pater Paolo Dall&#8217;Oglio durch eine Lockerung der Wirtschaftssanktionen zu ehren","datePublished":"2023-07-28T07:46:44+00:00","dateModified":"2024-09-24T09:53:22+00:00","mainEntityOfPage":{"@id":"https:\/\/acninternational.org\/de\/andenken-von-pater-dall-oglio\/"},"wordCount":726,"publisher":{"@id":"https:\/\/acninternational.org\/de\/#organization"},"image":{"@id":"https:\/\/acninternational.org\/de\/andenken-von-pater-dall-oglio\/#primaryimage"},"thumbnailUrl":"https:\/\/media.acninternational.org\/wp-content\/uploads\/2023\/07\/heading_web-3-3.jpg","articleSection":["Nachricht"],"inLanguage":"de"},{"@type":"WebPage","@id":"https:\/\/acninternational.org\/de\/andenken-von-pater-dall-oglio\/","url":"https:\/\/acninternational.org\/de\/andenken-von-pater-dall-oglio\/","name":"Andenken von Pater Paolo Dall'Oglio | ACN International","isPartOf":{"@id":"https:\/\/acninternational.org\/de\/#website"},"primaryImageOfPage":{"@id":"https:\/\/acninternational.org\/de\/andenken-von-pater-dall-oglio\/#primaryimage"},"image":{"@id":"https:\/\/acninternational.org\/de\/andenken-von-pater-dall-oglio\/#primaryimage"},"thumbnailUrl":"https:\/\/media.acninternational.org\/wp-content\/uploads\/2023\/07\/heading_web-3-3.jpg","datePublished":"2023-07-28T07:46:44+00:00","dateModified":"2024-09-24T09:53:22+00:00","description":"Syrische Erzbisch\u00f6fe und ACN bitten Staatssekret\u00e4r Mantovano, das Andenken von Pater Paolo Dall'Oglio durch eine Lockerung der Wirtschaftssanktionen zu ehren.","breadcrumb":{"@id":"https:\/\/acninternational.org\/de\/andenken-von-pater-dall-oglio\/#breadcrumb"},"inLanguage":"de","potentialAction":[{"@type":"ReadAction","target":["https:\/\/acninternational.org\/de\/andenken-von-pater-dall-oglio\/"]}]},{"@type":"ImageObject","inLanguage":"de","@id":"https:\/\/acninternational.org\/de\/andenken-von-pater-dall-oglio\/#primaryimage","url":"https:\/\/media.acninternational.org\/wp-content\/uploads\/2023\/07\/heading_web-3-3.jpg","contentUrl":"https:\/\/media.acninternational.org\/wp-content\/uploads\/2023\/07\/heading_web-3-3.jpg","width":2000,"height":625,"caption":"Paolo Dall\u2019Oglio"},{"@type":"BreadcrumbList","@id":"https:\/\/acninternational.org\/de\/andenken-von-pater-dall-oglio\/#breadcrumb","itemListElement":[{"@type":"ListItem","position":1,"name":"Home","item":"https:\/\/acninternational.org\/de\/"},{"@type":"ListItem","position":2,"name":"Nachricht","item":"https:\/\/acninternational.org\/de\/category\/nachricht\/"},{"@type":"ListItem","position":3,"name":"Syrische Erzbisch\u00f6fe und ACN bitten Staatssekret\u00e4r Mantovano, das Andenken von Pater Paolo Dall&#8217;Oglio durch eine Lockerung der Wirtschaftssanktionen zu ehren"}]},{"@type":"WebSite","@id":"https:\/\/acninternational.org\/de\/#website","url":"https:\/\/acninternational.org\/de\/","name":"ACN International","description":"","publisher":{"@id":"https:\/\/acninternational.org\/de\/#organization"},"potentialAction":[{"@type":"SearchAction","target":{"@type":"EntryPoint","urlTemplate":"https:\/\/acninternational.org\/de\/?s={search_term_string}"},"query-input":{"@type":"PropertyValueSpecification","valueRequired":true,"valueName":"search_term_string"}}],"inLanguage":"de"},{"@type":"Organization","@id":"https:\/\/acninternational.org\/de\/#organization","name":"Aid to the Church in Need International","url":"https:\/\/acninternational.org\/de\/","logo":{"@type":"ImageObject","inLanguage":"de","@id":"https:\/\/acninternational.org\/de\/#\/schema\/logo\/image\/","url":"https:\/\/media.acninternational.org\/wp-content\/uploads\/2019\/11\/acn_logo_blackvector.svg","contentUrl":"https:\/\/media.acninternational.org\/wp-content\/uploads\/2019\/11\/acn_logo_blackvector.svg","width":232.6,"height":78,"caption":"Aid to the Church in Need International"},"image":{"@id":"https:\/\/acninternational.org\/de\/#\/schema\/logo\/image\/"},"sameAs":["https:\/\/www.facebook.com\/acninternationalorg","https:\/\/x.com\/acn_int","https:\/\/www.youtube.com\/channel\/UCQ-077gS0TnVzkhHmf1opZw","https:\/\/www.instagram.com\/acn_international\/"]},{"@type":"Person","@id":"https:\/\/acninternational.org\/de\/#\/schema\/person\/7f3dafb236b242fb2aa46be1411fd703","name":"ACN Press Team","description":"Lorem ipsum dolor sit amet, consectetur adipiscing elit, sed do eiusmod tempor incididunt ut labore et dolore magna aliqua. Ut enim ad minim veniam, quis nostrud exercitation ullamco laboris nisi ut aliquip ex ea commodo consequat.","url":"https:\/\/acninternational.org\/de\/author\/acn-press-team\/"}]}},"_links":{"self":[{"href":"https:\/\/acninternational.org\/de\/wp-json\/wp\/v2\/posts\/184350","targetHints":{"allow":["GET"]}}],"collection":[{"href":"https:\/\/acninternational.org\/de\/wp-json\/wp\/v2\/posts"}],"about":[{"href":"https:\/\/acninternational.org\/de\/wp-json\/wp\/v2\/types\/post"}],"author":[{"embeddable":true,"href":"https:\/\/acninternational.org\/de\/wp-json\/wp\/v2\/users\/4258341447"}],"replies":[{"embeddable":true,"href":"https:\/\/acninternational.org\/de\/wp-json\/wp\/v2\/comments?post=184350"}],"version-history":[{"count":0,"href":"https:\/\/acninternational.org\/de\/wp-json\/wp\/v2\/posts\/184350\/revisions"}],"wp:featuredmedia":[{"embeddable":true,"href":"https:\/\/acninternational.org\/de\/wp-json\/wp\/v2\/media\/184342"}],"wp:attachment":[{"href":"https:\/\/acninternational.org\/de\/wp-json\/wp\/v2\/media?parent=184350"}],"wp:term":[{"taxonomy":"category","embeddable":true,"href":"https:\/\/acninternational.org\/de\/wp-json\/wp\/v2\/categories?post=184350"},{"taxonomy":"post_tag","embeddable":true,"href":"https:\/\/acninternational.org\/de\/wp-json\/wp\/v2\/tags?post=184350"},{"taxonomy":"country","embeddable":true,"href":"https:\/\/acninternational.org\/de\/wp-json\/wp\/v2\/country?post=184350"}],"curies":[{"name":"wp","href":"https:\/\/api.w.org\/{rel}","templated":true}]}}