{"id":181955,"date":"2023-06-28T09:30:17","date_gmt":"2023-06-28T07:30:17","guid":{"rendered":"https:\/\/acninternational.org\/?p=181955"},"modified":"2023-06-28T18:35:36","modified_gmt":"2023-06-28T16:35:36","slug":"myanmar-acn-ruft-zu-gebet","status":"publish","type":"post","link":"https:\/\/acninternational.org\/de\/myanmar-acn-ruft-zu-gebet\/","title":{"rendered":"Myanmar: ACN ruft zu Gebet f\u00fcr neuen Bischof im Bundesstaat Kayah auf"},"content":{"rendered":"<p>Die internationale Stiftung Aid to the Church in Need (ACN) bittet anl\u00e4sslich der Weihe von Mgr. Celso Ba Shwe zum Bischof von Loikaw, der Hauptstadt des Staates Kayah in Myanmar, zum Gebet auf. Die Bischofsweihe findet am 29. Juni, dem Fest der Heiligen Petrus und Paulus, statt.<\/p>\n<figure id=\"attachment_181927\" aria-describedby=\"caption-attachment-181927\" style=\"width: 670px\" class=\"wp-caption alignnone\"><img loading=\"lazy\" decoding=\"async\" class=\"wp-image-181927 size-full\" src=\"https:\/\/media.acninternational.org\/wp-content\/uploads\/2023\/06\/pequena_web-3-1.png\" alt=\"myanmar gebet\" width=\"670\" height=\"400\" srcset=\"https:\/\/media.acninternational.org\/wp-content\/uploads\/2023\/06\/pequena_web-3-1.png 670w, https:\/\/media.acninternational.org\/wp-content\/uploads\/2023\/06\/pequena_web-3-1-300x179.png 300w\" sizes=\"auto, (max-width: 670px) 100vw, 670px\" \/><figcaption id=\"caption-attachment-181927\" class=\"wp-caption-text\">Bishof Celso Ba Shaw von Loikaw<\/figcaption><\/figure>\n<p>Kayah hat eine betr\u00e4chtliche christliche Bev\u00f6lkerung und ist <a href=\"https:\/\/acninternational.org\/acn-calls-for-a-prayer-day-for-myanmar-on-february-1\/\">eine<\/a> der Regionen, die am st\u00e4rksten von den gewaltsamen Konflikten betroffen sind, die seit dem Milit\u00e4rputsch vom 1. Februar 2021 im ganzen Land w\u00fcten.<\/p>\n<p>In dieser schwierigen Zeit wird Mgr. Celso Ba Shwe, derzeit Administrator von Loikaw, die Nachfolge von Bischof Stephen Tjephe antreten, der vor mehr als zwei Jahren verstorben ist. Der ernannte Bischof Celso hat bereits zuvor seinen Mut und seine Charakterst\u00e4rke unter Beweis gestellt. Als die Proteste und Konflikte in Loikaw im Mai 2021 begannen, <a href=\"https:\/\/www.ucanews.com\/news\/myanmar-priest-follows-nuns-peacemaker-act\/91714\">\u00a0vermittelte er<\/a> <a href=\"https:\/\/www.ucanews.com\/news\/myanmar-priest-follows-nuns-peacemaker-act\/91714\">\u00a0zwischen den unbewaffneten Demonstranten<\/a>, unter denen sich viele Christen befanden, und den Sicherheitskr\u00e4ften. ACN dankt Gott f\u00fcr sein Engagement und seinen Dienst f\u00fcr die \u00c4rmsten und Ausgegrenzten.<\/p>\n<p><img loading=\"lazy\" decoding=\"async\" class=\"alignnone size-full wp-image-181933\" src=\"https:\/\/media.acninternational.org\/wp-content\/uploads\/2023\/06\/pequena_web-2.png\" alt=\"Myanmar prayers\" width=\"670\" height=\"400\" srcset=\"https:\/\/media.acninternational.org\/wp-content\/uploads\/2023\/06\/pequena_web-2.png 670w, https:\/\/media.acninternational.org\/wp-content\/uploads\/2023\/06\/pequena_web-2-300x179.png 300w\" sizes=\"auto, (max-width: 670px) 100vw, 670px\" \/><\/p>\n<p>Aufgrund des B\u00fcrgerkriegs werden nur wenige Gl\u00e4ubige, Priester und Ordensleute an der Weihe und Einsetzung des neuen Bischofs teilnehmen k\u00f6nnen. Deshalb bittet ACN alle Wohlt\u00e4ter und Freunde, sich am Fest der Heiligen Petrus und Paulus am Donnerstag, den 29. Juni, einem besonderen Gebet anzuschlie\u00dfen, als Ausdruck der Verbundenheit und Unterst\u00fctzung f\u00fcr den neuen Bischof von Loikaw und seine \u201eHerde\u201c, damit sie durch die gro\u00dfe Familie der Weltkirche ermutigt werden. Bitten wir, aus verschiedenen Teilen der Welt, um die Gaben des Heiligen Geistes &#8211; Rat, Weisheit, Verstand, St\u00e4rke, Erkenntnis, Fr\u00f6mmigkeit und Gottesfurcht -, um Bischof Celso bei seiner schwierigen Aufgabe zu unterst\u00fctzen.<\/p>\n<figure id=\"attachment_181939\" aria-describedby=\"caption-attachment-181939\" style=\"width: 670px\" class=\"wp-caption alignnone\"><img loading=\"lazy\" decoding=\"async\" class=\"wp-image-181939 size-full\" src=\"https:\/\/media.acninternational.org\/wp-content\/uploads\/2023\/06\/pequena_web-5-1.png\" alt=\"myanmar gebet\" width=\"670\" height=\"400\" srcset=\"https:\/\/media.acninternational.org\/wp-content\/uploads\/2023\/06\/pequena_web-5-1.png 670w, https:\/\/media.acninternational.org\/wp-content\/uploads\/2023\/06\/pequena_web-5-1-300x179.png 300w\" sizes=\"auto, (max-width: 670px) 100vw, 670px\" \/><figcaption id=\"caption-attachment-181939\" class=\"wp-caption-text\">P. Celso Ba appelliert an die Polizei, im Jahr 2021 keine unbewaffneten Zivilisten im Bundesstaat Kayah zu verletzen<\/figcaption><\/figure>\n<p>Beten wir f\u00fcr Myanmar, f\u00fcr sein Volk, f\u00fcr die christliche Gemeinschaft, die Priester und Ordensleute im Staat Kayah und f\u00fcr Bischof Celso Ba Shwe, den Hirten der Di\u00f6zese Loikaw.<\/p>\n","protected":false},"excerpt":{"rendered":"<p>ACN calls for prayers on the occasion of the episcopal ordination on 29 June of Mgr. Celso Ba Shwe as bishop of Loikaw, Myanmar<\/p>\n","protected":false},"author":4258341447,"featured_media":181947,"comment_status":"closed","ping_status":"closed","sticky":false,"template":"","format":"standard","meta":{"_acf_changed":false,"_acn_coauthor_ids":[],"_acn_featured_article":false,"footnotes":""},"categories":[954],"tags":[],"country":[524],"class_list":["post-181955","post","type-post","status-publish","format-standard","has-post-thumbnail","hentry","category-news-de","country-myanmar"],"acn_coauthors":[],"acf":[],"yoast_head":"<!-- This site is optimized with the Yoast SEO Premium plugin v27.5 (Yoast SEO v27.5) - https:\/\/yoast.com\/product\/yoast-seo-premium-wordpress\/ -->\n<title>Myanmar: ACN ruft zu Gebet | ACN International<\/title>\n<meta name=\"description\" content=\"ACN bittet anl\u00e4sslich der Weihe von Mgr. Celso Ba Shwe zum Bischof von Loikaw, der Hauptstadt des Staates Kayah in Myanmar, zum Gebet auf.\" \/>\n<meta name=\"robots\" content=\"index, follow, max-snippet:-1, max-image-preview:large, max-video-preview:-1\" \/>\n<link rel=\"canonical\" href=\"https:\/\/acninternational.org\/de\/myanmar-acn-ruft-zu-gebet\/\" \/>\n<meta property=\"og:locale\" content=\"de_DE\" \/>\n<meta property=\"og:type\" content=\"article\" \/>\n<meta property=\"og:title\" content=\"Myanmar: ACN ruft zu Gebet f\u00fcr neuen Bischof im Bundesstaat Kayah auf\" \/>\n<meta property=\"og:description\" content=\"ACN bittet anl\u00e4sslich der Weihe von Mgr. Celso Ba Shwe zum Bischof von Loikaw, der Hauptstadt des Staates Kayah in Myanmar, zum Gebet auf.\" \/>\n<meta property=\"og:url\" content=\"https:\/\/acninternational.org\/de\/myanmar-acn-ruft-zu-gebet\/\" \/>\n<meta property=\"og:site_name\" content=\"ACN International\" \/>\n<meta property=\"article:publisher\" content=\"https:\/\/www.facebook.com\/acninternationalorg\" \/>\n<meta property=\"article:published_time\" content=\"2023-06-28T07:30:17+00:00\" \/>\n<meta property=\"article:modified_time\" content=\"2023-06-28T16:35:36+00:00\" \/>\n<meta property=\"og:image\" content=\"https:\/\/media.acninternational.org\/wp-content\/uploads\/2023\/06\/heading_web.jpg\" \/>\n\t<meta property=\"og:image:width\" content=\"1750\" \/>\n\t<meta property=\"og:image:height\" content=\"547\" \/>\n\t<meta property=\"og:image:type\" content=\"image\/jpeg\" \/>\n<meta name=\"author\" content=\"ACN Press Team\" \/>\n<meta name=\"twitter:card\" content=\"summary_large_image\" \/>\n<meta name=\"twitter:creator\" content=\"@acn_int\" \/>\n<meta name=\"twitter:site\" content=\"@acn_int\" \/>\n<meta name=\"twitter:label1\" content=\"Verfasst von\" \/>\n\t<meta name=\"twitter:data1\" content=\"ACN Press Team\" \/>\n\t<meta name=\"twitter:label2\" content=\"Gesch\u00e4tzte Lesezeit\" \/>\n\t<meta name=\"twitter:data2\" content=\"3\u00a0Minuten\" \/>\n<script type=\"application\/ld+json\" class=\"yoast-schema-graph\">{\"@context\":\"https:\\\/\\\/schema.org\",\"@graph\":[{\"@type\":\"Article\",\"@id\":\"https:\\\/\\\/acninternational.org\\\/de\\\/myanmar-acn-ruft-zu-gebet\\\/#article\",\"isPartOf\":{\"@id\":\"https:\\\/\\\/acninternational.org\\\/de\\\/myanmar-acn-ruft-zu-gebet\\\/\"},\"author\":{\"name\":\"ACN Press Team\",\"@id\":\"https:\\\/\\\/acninternational.org\\\/de\\\/#\\\/schema\\\/person\\\/7f3dafb236b242fb2aa46be1411fd703\"},\"headline\":\"Myanmar: ACN ruft zu Gebet f\u00fcr neuen Bischof im Bundesstaat Kayah auf\",\"datePublished\":\"2023-06-28T07:30:17+00:00\",\"dateModified\":\"2023-06-28T16:35:36+00:00\",\"mainEntityOfPage\":{\"@id\":\"https:\\\/\\\/acninternational.org\\\/de\\\/myanmar-acn-ruft-zu-gebet\\\/\"},\"wordCount\":363,\"publisher\":{\"@id\":\"https:\\\/\\\/acninternational.org\\\/de\\\/#organization\"},\"image\":{\"@id\":\"https:\\\/\\\/acninternational.org\\\/de\\\/myanmar-acn-ruft-zu-gebet\\\/#primaryimage\"},\"thumbnailUrl\":\"https:\\\/\\\/media.acninternational.org\\\/wp-content\\\/uploads\\\/2023\\\/06\\\/heading_web.jpg\",\"articleSection\":[\"Nachricht\"],\"inLanguage\":\"de\"},{\"@type\":\"WebPage\",\"@id\":\"https:\\\/\\\/acninternational.org\\\/de\\\/myanmar-acn-ruft-zu-gebet\\\/\",\"url\":\"https:\\\/\\\/acninternational.org\\\/de\\\/myanmar-acn-ruft-zu-gebet\\\/\",\"name\":\"Myanmar: ACN ruft zu Gebet | ACN International\",\"isPartOf\":{\"@id\":\"https:\\\/\\\/acninternational.org\\\/de\\\/#website\"},\"primaryImageOfPage\":{\"@id\":\"https:\\\/\\\/acninternational.org\\\/de\\\/myanmar-acn-ruft-zu-gebet\\\/#primaryimage\"},\"image\":{\"@id\":\"https:\\\/\\\/acninternational.org\\\/de\\\/myanmar-acn-ruft-zu-gebet\\\/#primaryimage\"},\"thumbnailUrl\":\"https:\\\/\\\/media.acninternational.org\\\/wp-content\\\/uploads\\\/2023\\\/06\\\/heading_web.jpg\",\"datePublished\":\"2023-06-28T07:30:17+00:00\",\"dateModified\":\"2023-06-28T16:35:36+00:00\",\"description\":\"ACN bittet anl\u00e4sslich der Weihe von Mgr. Celso Ba Shwe zum Bischof von Loikaw, der Hauptstadt des Staates Kayah in Myanmar, zum Gebet auf.\",\"breadcrumb\":{\"@id\":\"https:\\\/\\\/acninternational.org\\\/de\\\/myanmar-acn-ruft-zu-gebet\\\/#breadcrumb\"},\"inLanguage\":\"de\",\"potentialAction\":[{\"@type\":\"ReadAction\",\"target\":[\"https:\\\/\\\/acninternational.org\\\/de\\\/myanmar-acn-ruft-zu-gebet\\\/\"]}]},{\"@type\":\"ImageObject\",\"inLanguage\":\"de\",\"@id\":\"https:\\\/\\\/acninternational.org\\\/de\\\/myanmar-acn-ruft-zu-gebet\\\/#primaryimage\",\"url\":\"https:\\\/\\\/media.acninternational.org\\\/wp-content\\\/uploads\\\/2023\\\/06\\\/heading_web.jpg\",\"contentUrl\":\"https:\\\/\\\/media.acninternational.org\\\/wp-content\\\/uploads\\\/2023\\\/06\\\/heading_web.jpg\",\"width\":1750,\"height\":547,\"caption\":\"Myanmar gebet\"},{\"@type\":\"BreadcrumbList\",\"@id\":\"https:\\\/\\\/acninternational.org\\\/de\\\/myanmar-acn-ruft-zu-gebet\\\/#breadcrumb\",\"itemListElement\":[{\"@type\":\"ListItem\",\"position\":1,\"name\":\"Home\",\"item\":\"https:\\\/\\\/acninternational.org\\\/de\\\/\"},{\"@type\":\"ListItem\",\"position\":2,\"name\":\"Nachricht\",\"item\":\"https:\\\/\\\/acninternational.org\\\/de\\\/category\\\/news-de\\\/\"},{\"@type\":\"ListItem\",\"position\":3,\"name\":\"Myanmar: ACN ruft zu Gebet f\u00fcr neuen Bischof im Bundesstaat Kayah auf\"}]},{\"@type\":\"WebSite\",\"@id\":\"https:\\\/\\\/acninternational.org\\\/de\\\/#website\",\"url\":\"https:\\\/\\\/acninternational.org\\\/de\\\/\",\"name\":\"ACN International\",\"description\":\"\",\"publisher\":{\"@id\":\"https:\\\/\\\/acninternational.org\\\/de\\\/#organization\"},\"potentialAction\":[{\"@type\":\"SearchAction\",\"target\":{\"@type\":\"EntryPoint\",\"urlTemplate\":\"https:\\\/\\\/acninternational.org\\\/de\\\/?s={search_term_string}\"},\"query-input\":{\"@type\":\"PropertyValueSpecification\",\"valueRequired\":true,\"valueName\":\"search_term_string\"}}],\"inLanguage\":\"de\"},{\"@type\":\"Organization\",\"@id\":\"https:\\\/\\\/acninternational.org\\\/de\\\/#organization\",\"name\":\"Aid to the Church in Need International\",\"url\":\"https:\\\/\\\/acninternational.org\\\/de\\\/\",\"logo\":{\"@type\":\"ImageObject\",\"inLanguage\":\"de\",\"@id\":\"https:\\\/\\\/acninternational.org\\\/de\\\/#\\\/schema\\\/logo\\\/image\\\/\",\"url\":\"https:\\\/\\\/media.acninternational.org\\\/wp-content\\\/uploads\\\/2019\\\/11\\\/acn_logo_blackvector.svg\",\"contentUrl\":\"https:\\\/\\\/media.acninternational.org\\\/wp-content\\\/uploads\\\/2019\\\/11\\\/acn_logo_blackvector.svg\",\"width\":232.6,\"height\":78,\"caption\":\"Aid to the Church in Need International\"},\"image\":{\"@id\":\"https:\\\/\\\/acninternational.org\\\/de\\\/#\\\/schema\\\/logo\\\/image\\\/\"},\"sameAs\":[\"https:\\\/\\\/www.facebook.com\\\/acninternationalorg\",\"https:\\\/\\\/x.com\\\/acn_int\",\"https:\\\/\\\/www.youtube.com\\\/channel\\\/UCQ-077gS0TnVzkhHmf1opZw\",\"https:\\\/\\\/www.instagram.com\\\/acn_international\\\/\"]},{\"@type\":\"Person\",\"@id\":\"https:\\\/\\\/acninternational.org\\\/de\\\/#\\\/schema\\\/person\\\/7f3dafb236b242fb2aa46be1411fd703\",\"name\":\"ACN Press Team\",\"description\":\"Lorem ipsum dolor sit amet, consectetur adipiscing elit, sed do eiusmod tempor incididunt ut labore et dolore magna aliqua. Ut enim ad minim veniam, quis nostrud exercitation ullamco laboris nisi ut aliquip ex ea commodo consequat.\",\"url\":\"https:\\\/\\\/acninternational.org\\\/de\\\/author\\\/acn-press-team\\\/\"}]}<\/script>\n<!-- \/ Yoast SEO Premium plugin. -->","yoast_head_json":{"title":"Myanmar: ACN ruft zu Gebet | ACN International","description":"ACN bittet anl\u00e4sslich der Weihe von Mgr. Celso Ba Shwe zum Bischof von Loikaw, der Hauptstadt des Staates Kayah in Myanmar, zum Gebet auf.","robots":{"index":"index","follow":"follow","max-snippet":"max-snippet:-1","max-image-preview":"max-image-preview:large","max-video-preview":"max-video-preview:-1"},"canonical":"https:\/\/acninternational.org\/de\/myanmar-acn-ruft-zu-gebet\/","og_locale":"de_DE","og_type":"article","og_title":"Myanmar: ACN ruft zu Gebet f\u00fcr neuen Bischof im Bundesstaat Kayah auf","og_description":"ACN bittet anl\u00e4sslich der Weihe von Mgr. Celso Ba Shwe zum Bischof von Loikaw, der Hauptstadt des Staates Kayah in Myanmar, zum Gebet auf.","og_url":"https:\/\/acninternational.org\/de\/myanmar-acn-ruft-zu-gebet\/","og_site_name":"ACN International","article_publisher":"https:\/\/www.facebook.com\/acninternationalorg","article_published_time":"2023-06-28T07:30:17+00:00","article_modified_time":"2023-06-28T16:35:36+00:00","og_image":[{"width":1750,"height":547,"url":"https:\/\/media.acninternational.org\/wp-content\/uploads\/2023\/06\/heading_web.jpg","type":"image\/jpeg"}],"author":"ACN Press Team","twitter_card":"summary_large_image","twitter_creator":"@acn_int","twitter_site":"@acn_int","twitter_misc":{"Verfasst von":"ACN Press Team","Gesch\u00e4tzte Lesezeit":"3\u00a0Minuten"},"schema":{"@context":"https:\/\/schema.org","@graph":[{"@type":"Article","@id":"https:\/\/acninternational.org\/de\/myanmar-acn-ruft-zu-gebet\/#article","isPartOf":{"@id":"https:\/\/acninternational.org\/de\/myanmar-acn-ruft-zu-gebet\/"},"author":{"name":"ACN Press Team","@id":"https:\/\/acninternational.org\/de\/#\/schema\/person\/7f3dafb236b242fb2aa46be1411fd703"},"headline":"Myanmar: ACN ruft zu Gebet f\u00fcr neuen Bischof im Bundesstaat Kayah auf","datePublished":"2023-06-28T07:30:17+00:00","dateModified":"2023-06-28T16:35:36+00:00","mainEntityOfPage":{"@id":"https:\/\/acninternational.org\/de\/myanmar-acn-ruft-zu-gebet\/"},"wordCount":363,"publisher":{"@id":"https:\/\/acninternational.org\/de\/#organization"},"image":{"@id":"https:\/\/acninternational.org\/de\/myanmar-acn-ruft-zu-gebet\/#primaryimage"},"thumbnailUrl":"https:\/\/media.acninternational.org\/wp-content\/uploads\/2023\/06\/heading_web.jpg","articleSection":["Nachricht"],"inLanguage":"de"},{"@type":"WebPage","@id":"https:\/\/acninternational.org\/de\/myanmar-acn-ruft-zu-gebet\/","url":"https:\/\/acninternational.org\/de\/myanmar-acn-ruft-zu-gebet\/","name":"Myanmar: ACN ruft zu Gebet | ACN International","isPartOf":{"@id":"https:\/\/acninternational.org\/de\/#website"},"primaryImageOfPage":{"@id":"https:\/\/acninternational.org\/de\/myanmar-acn-ruft-zu-gebet\/#primaryimage"},"image":{"@id":"https:\/\/acninternational.org\/de\/myanmar-acn-ruft-zu-gebet\/#primaryimage"},"thumbnailUrl":"https:\/\/media.acninternational.org\/wp-content\/uploads\/2023\/06\/heading_web.jpg","datePublished":"2023-06-28T07:30:17+00:00","dateModified":"2023-06-28T16:35:36+00:00","description":"ACN bittet anl\u00e4sslich der Weihe von Mgr. Celso Ba Shwe zum Bischof von Loikaw, der Hauptstadt des Staates Kayah in Myanmar, zum Gebet auf.","breadcrumb":{"@id":"https:\/\/acninternational.org\/de\/myanmar-acn-ruft-zu-gebet\/#breadcrumb"},"inLanguage":"de","potentialAction":[{"@type":"ReadAction","target":["https:\/\/acninternational.org\/de\/myanmar-acn-ruft-zu-gebet\/"]}]},{"@type":"ImageObject","inLanguage":"de","@id":"https:\/\/acninternational.org\/de\/myanmar-acn-ruft-zu-gebet\/#primaryimage","url":"https:\/\/media.acninternational.org\/wp-content\/uploads\/2023\/06\/heading_web.jpg","contentUrl":"https:\/\/media.acninternational.org\/wp-content\/uploads\/2023\/06\/heading_web.jpg","width":1750,"height":547,"caption":"Myanmar gebet"},{"@type":"BreadcrumbList","@id":"https:\/\/acninternational.org\/de\/myanmar-acn-ruft-zu-gebet\/#breadcrumb","itemListElement":[{"@type":"ListItem","position":1,"name":"Home","item":"https:\/\/acninternational.org\/de\/"},{"@type":"ListItem","position":2,"name":"Nachricht","item":"https:\/\/acninternational.org\/de\/category\/news-de\/"},{"@type":"ListItem","position":3,"name":"Myanmar: ACN ruft zu Gebet f\u00fcr neuen Bischof im Bundesstaat Kayah auf"}]},{"@type":"WebSite","@id":"https:\/\/acninternational.org\/de\/#website","url":"https:\/\/acninternational.org\/de\/","name":"ACN International","description":"","publisher":{"@id":"https:\/\/acninternational.org\/de\/#organization"},"potentialAction":[{"@type":"SearchAction","target":{"@type":"EntryPoint","urlTemplate":"https:\/\/acninternational.org\/de\/?s={search_term_string}"},"query-input":{"@type":"PropertyValueSpecification","valueRequired":true,"valueName":"search_term_string"}}],"inLanguage":"de"},{"@type":"Organization","@id":"https:\/\/acninternational.org\/de\/#organization","name":"Aid to the Church in Need International","url":"https:\/\/acninternational.org\/de\/","logo":{"@type":"ImageObject","inLanguage":"de","@id":"https:\/\/acninternational.org\/de\/#\/schema\/logo\/image\/","url":"https:\/\/media.acninternational.org\/wp-content\/uploads\/2019\/11\/acn_logo_blackvector.svg","contentUrl":"https:\/\/media.acninternational.org\/wp-content\/uploads\/2019\/11\/acn_logo_blackvector.svg","width":232.6,"height":78,"caption":"Aid to the Church in Need International"},"image":{"@id":"https:\/\/acninternational.org\/de\/#\/schema\/logo\/image\/"},"sameAs":["https:\/\/www.facebook.com\/acninternationalorg","https:\/\/x.com\/acn_int","https:\/\/www.youtube.com\/channel\/UCQ-077gS0TnVzkhHmf1opZw","https:\/\/www.instagram.com\/acn_international\/"]},{"@type":"Person","@id":"https:\/\/acninternational.org\/de\/#\/schema\/person\/7f3dafb236b242fb2aa46be1411fd703","name":"ACN Press Team","description":"Lorem ipsum dolor sit amet, consectetur adipiscing elit, sed do eiusmod tempor incididunt ut labore et dolore magna aliqua. Ut enim ad minim veniam, quis nostrud exercitation ullamco laboris nisi ut aliquip ex ea commodo consequat.","url":"https:\/\/acninternational.org\/de\/author\/acn-press-team\/"}]}},"_links":{"self":[{"href":"https:\/\/acninternational.org\/de\/wp-json\/wp\/v2\/posts\/181955","targetHints":{"allow":["GET"]}}],"collection":[{"href":"https:\/\/acninternational.org\/de\/wp-json\/wp\/v2\/posts"}],"about":[{"href":"https:\/\/acninternational.org\/de\/wp-json\/wp\/v2\/types\/post"}],"author":[{"embeddable":true,"href":"https:\/\/acninternational.org\/de\/wp-json\/wp\/v2\/users\/4258341447"}],"replies":[{"embeddable":true,"href":"https:\/\/acninternational.org\/de\/wp-json\/wp\/v2\/comments?post=181955"}],"version-history":[{"count":0,"href":"https:\/\/acninternational.org\/de\/wp-json\/wp\/v2\/posts\/181955\/revisions"}],"wp:featuredmedia":[{"embeddable":true,"href":"https:\/\/acninternational.org\/de\/wp-json\/wp\/v2\/media\/181947"}],"wp:attachment":[{"href":"https:\/\/acninternational.org\/de\/wp-json\/wp\/v2\/media?parent=181955"}],"wp:term":[{"taxonomy":"category","embeddable":true,"href":"https:\/\/acninternational.org\/de\/wp-json\/wp\/v2\/categories?post=181955"},{"taxonomy":"post_tag","embeddable":true,"href":"https:\/\/acninternational.org\/de\/wp-json\/wp\/v2\/tags?post=181955"},{"taxonomy":"country","embeddable":true,"href":"https:\/\/acninternational.org\/de\/wp-json\/wp\/v2\/country?post=181955"}],"curies":[{"name":"wp","href":"https:\/\/api.w.org\/{rel}","templated":true}]}}