{"id":181498,"date":"2023-06-13T12:02:16","date_gmt":"2023-06-13T10:02:16","guid":{"rendered":"https:\/\/acninternational.org\/?p=181498"},"modified":"2023-06-13T18:30:28","modified_gmt":"2023-06-13T16:30:28","slug":"die-kirche-will-interreligioesen-dialog-foerdern","status":"publish","type":"post","link":"https:\/\/acninternational.org\/de\/die-kirche-will-interreligioesen-dialog-foerdern\/","title":{"rendered":"Mosambik: Die Kirche will interreligi\u00f6sen Dialog im vom Terrorismus heimgesuchten Norden f\u00f6rdern"},"content":{"rendered":"<p>Interreligi\u00f6ser Dialog spielt f\u00fcr die katholische Kirche eine unauff\u00e4llige, aber wichtige Rolle, die dazu beitragen k\u00f6nnte, die Gei\u00dfel der <a href=\"https:\/\/acninternational.org\/de\/mosambik-anschlag-auf-christliche-doerfer\/\">terroristischen Gewalt im Norden Mosambiks<\/a> zu beenden. Pater Eduardo Roca gr\u00fcndete 2017 das Interreligi\u00f6se Zentrum f\u00fcr Frieden in der Di\u00f6zese Pemba, Mosambik. Im selben Jahr begannen die Terroranschl\u00e4ge in Cabo Delgado.<\/p>\n<p>\u201eDie katholische Kirche ist nicht nur besorgt. Sie beteiligt und engagiert sich stark, um alles zu tun, was m\u00f6glich ist, damit Friedensverhandlungen stattfinden k\u00f6nnen\u201c, so\u00a0 \u00a0der seit 2012 in Mahate, in der Di\u00f6zese Pemba, t\u00e4tige Projektpartner von ACN. Dieses Engagement besteht \u201eauf religi\u00f6ser, aber auch auf akademischer Ebene und in den lokalen Gemeinden\u201c.<\/p>\n<figure id=\"attachment_181480\" aria-describedby=\"caption-attachment-181480\" style=\"width: 670px\" class=\"wp-caption alignnone\"><img loading=\"lazy\" decoding=\"async\" class=\"wp-image-181480 size-full\" src=\"https:\/\/media.acninternational.org\/wp-content\/uploads\/2023\/06\/pequena_web-3.png\" alt=\"Interreligi\u00f6ser Dialog in Mosambik\" width=\"670\" height=\"400\" srcset=\"https:\/\/media.acninternational.org\/wp-content\/uploads\/2023\/06\/pequena_web-3.png 670w, https:\/\/media.acninternational.org\/wp-content\/uploads\/2023\/06\/pequena_web-3-300x179.png 300w\" sizes=\"auto, (max-width: 670px) 100vw, 670px\" \/><figcaption id=\"caption-attachment-181480\" class=\"wp-caption-text\">Pater Eduardo Roca<\/figcaption><\/figure>\n<p>Die Aussage des Priesters f\u00e4llt in eine Zeit, in der neue Versuche unternommen werden, einen Dialog zur Beendigung der bewaffneten Gewalt aufzunehmen. Die Kirche befindet sich daf\u00fcr aufgrund ihrer Pr\u00e4senz vor Ort und ihrer Kontakte zu den kleinsten und abgelegensten Gemeinden in einer privilegierten Position. \u201eWir ermutigen die Pfarrer, interreligi\u00f6se Gruppen zu gr\u00fcnden. Wir bieten in allen n\u00f6rdlichen Bezirken Schulungen an, um den interreligi\u00f6sen Dialog zu f\u00f6rdern und Br\u00fccken zu bauen, die es den Menschen erm\u00f6glichen, sich in einem sicheren Umfeld zu treffen und miteinander zu sprechen\u201c, sagt Pater Eduardo Roca.<\/p>\n<h4><strong>\u201eDie Mentalit\u00e4t entradikalisieren\u201c<\/strong><\/h4>\n<p>F\u00fcr die kommenden Monate sind bereits mehrere Veranstaltungen geplant. \u201eIn der zweiten Julih\u00e4lfte und dann im August und September werden wir in Palma, Moc\u00edmboa da Praia und Macomia Treffen mit etwa 50 f\u00fchrenden Vertretern muslimischer und christlicher Organisationen abhalten, um das von Papst Franziskus und dem Gro\u00dfimam von Al-Azhar unterzeichnete \u201eDokument \u00fcber die Br\u00fcderlichkeit aller Menschen f\u00fcr ein friedliches Zusammenleben in der Welt\u201c zu studieren und zu f\u00f6rdern, f\u00fchrt der Pfarrer aus.<\/p>\n<figure id=\"attachment_181486\" aria-describedby=\"caption-attachment-181486\" style=\"width: 670px\" class=\"wp-caption alignnone\"><img loading=\"lazy\" decoding=\"async\" class=\"wp-image-181486 size-full\" src=\"https:\/\/media.acninternational.org\/wp-content\/uploads\/2023\/06\/pequena_web-4.png\" alt=\"Interreligi\u00f6ser Dialog in Mosambik\" width=\"670\" height=\"400\" srcset=\"https:\/\/media.acninternational.org\/wp-content\/uploads\/2023\/06\/pequena_web-4.png 670w, https:\/\/media.acninternational.org\/wp-content\/uploads\/2023\/06\/pequena_web-4-300x179.png 300w\" sizes=\"auto, (max-width: 670px) 100vw, 670px\" \/><figcaption id=\"caption-attachment-181486\" class=\"wp-caption-text\">Kapelle der Gemeinde von San Mateus de Muatuca<\/figcaption><\/figure>\n<p>Mahate ist in vielerlei Hinsicht der perfekte Ort f\u00fcr diese Bem\u00fchungen. Das verarmte Stadtviertel entlang einer staubigen Stra\u00dfe ist das Zentrum des Islam in der Stadt Pemba. Es ist einer der Geburtsorte der Bewegung, die zu dem islamistischen Aufstand f\u00fchrte, der wiederum den gr\u00f6\u00dften Teil von Cabo Delgado in ein Kriegsgebiet verwandelt hat. Nur wenige kennen diesen Ort so gut wie Pater Eduardo Roca, der ACN erkl\u00e4rt, wie wichtig es ist, \u201emit den lokalen Gemeinschaften zusammenzuarbeiten, um die Denkweise zu entradikalisieren; es gibt eine Mentalit\u00e4t, die sich unter den lokalen F\u00fchrern verbreitet und diese gewaltt\u00e4tigen Ideen, die mit dem Islam verbunden sind, eingef\u00fchrt hat. Wir versuchen, dem entgegenzuwirken\u201c.<\/p>\n<h4><strong>\u201eGott unterst\u00fctzt niemals Gewalt\u201c<\/strong><\/h4>\n<p>Das Engagement der Kirche in einem Friedensprozess f\u00fcr Cabo Delgado wurde in einem Hirtenbrief der mosambikanischen Bisch\u00f6fe im vergangenen November angek\u00fcndigt. Darin betonten sie die Notwendigkeit des Dialogs anstelle von Waffengewalt zur Beendigung des Terrorismus in dem Land. \u201eWir m\u00fcssen alle unsere Kr\u00e4fte b\u00fcndeln, um L\u00f6sungen f\u00fcr diese Katastrophe zu finden, anstatt uns ausschlie\u00dflich auf milit\u00e4rische Gewalt zu verlassen. Wir m\u00f6chten alle, die in diesen Krieg verwickelt sind, an die Worte von Papst Franziskus erinnern: \u201aDer Gott des Friedens leitet niemals zum Krieg an, stachelt niemals zum Hass auf und unterst\u00fctzt niemals Gewalt. Und wir, die wir an ihn glauben, sind aufgerufen, den Frieden zu f\u00f6rdern durch Instrumente des Friedens wie die Begegnung, geduldige Verhandlungen und den Dialog, der der Sauerstoff des Zusammenlebens ist\u2018.\u201c<\/p>\n<figure id=\"attachment_181474\" aria-describedby=\"caption-attachment-181474\" style=\"width: 670px\" class=\"wp-caption alignnone\"><img loading=\"lazy\" decoding=\"async\" class=\"wp-image-181474 size-full\" src=\"https:\/\/media.acninternational.org\/wp-content\/uploads\/2023\/06\/pequena_web-5.png\" alt=\"Interreligi\u00f6ser Dialog in Mosambik\" width=\"670\" height=\"400\" srcset=\"https:\/\/media.acninternational.org\/wp-content\/uploads\/2023\/06\/pequena_web-5.png 670w, https:\/\/media.acninternational.org\/wp-content\/uploads\/2023\/06\/pequena_web-5-300x179.png 300w\" sizes=\"auto, (max-width: 670px) 100vw, 670px\" \/><figcaption id=\"caption-attachment-181474\" class=\"wp-caption-text\">Missionarische Aktion zur geistlichen und materiellen Unterst\u00fctzung von vertriebenen Familien in der Pfarrei Nossa Senhora de F\u00e1tima in Montepuez<\/figcaption><\/figure>\n<p>Der Aufstand, der in Mosambik \u2013 insbesondere in den Provinzen Cabo Delgado, Niassa und Nampula \u2013 Angst und Tod verbreitet, begann im Oktober 2017. Seitdem hat er mehr als 4 000 Menschenleben gefordert und rund eine Million Mosambikaner innerhalb des Landes vertrieben.<\/p>\n<p>ACN hat die Kirche in Mosambik insbesondere durch seelsorgerische, psychologische und soziale Hilfsprojekte unterst\u00fctzt, aber auch durch die Bereitstellung von Materialien f\u00fcr den Bau von Gemeindezentren und durch den Kauf von Fahrzeugen f\u00fcr Missionare, die sich um die Vertriebenen k\u00fcmmern. Dar\u00fcber hinaus wird ACN einem \u00f6rtlichen Priester ein Ausbildungsstipendium gew\u00e4hren, um ihn als kirchlichen Berater in Fragen des Islam und des interreligi\u00f6sen Dialogs vorzubereiten.<\/p>\n","protected":false},"excerpt":{"rendered":"<p>Die katholische Kirche in Mosambik spielt durch den Dialog eine unauff\u00e4llige, aber wichtige Rolle.<\/p>\n","protected":false},"author":4258341447,"featured_media":181470,"comment_status":"closed","ping_status":"closed","sticky":false,"template":"","format":"standard","meta":{"_acf_changed":false,"_acn_coauthor_ids":[],"footnotes":""},"categories":[918],"tags":[],"country":[848],"class_list":["post-181498","post","type-post","status-publish","format-standard","has-post-thumbnail","hentry","category-nachricht","country-mosambik"],"acn_coauthors":[],"acf":[],"yoast_head":"<!-- This site is optimized with the Yoast SEO Premium plugin v27.3 (Yoast SEO v27.3) - https:\/\/yoast.com\/product\/yoast-seo-premium-wordpress\/ -->\n<title>Interreligi\u00f6ser Dialog in Mosambik | ACN International<\/title>\n<meta name=\"description\" content=\"Der interreligi\u00f6se Dialog wird in der Kirche vorrangig behandelte und k\u00f6nnte die terroristische Gewalt in Mosambik beenden.\" \/>\n<meta name=\"robots\" content=\"index, follow, max-snippet:-1, max-image-preview:large, max-video-preview:-1\" \/>\n<link rel=\"canonical\" href=\"https:\/\/acninternational.org\/de\/die-kirche-will-interreligioesen-dialog-foerdern\/\" \/>\n<meta property=\"og:locale\" content=\"de_DE\" \/>\n<meta property=\"og:type\" content=\"article\" \/>\n<meta property=\"og:title\" content=\"Mosambik: Die Kirche will interreligi\u00f6sen Dialog im vom Terrorismus heimgesuchten Norden f\u00f6rdern\" \/>\n<meta property=\"og:description\" content=\"Der interreligi\u00f6se Dialog wird in der Kirche vorrangig behandelte und k\u00f6nnte die terroristische Gewalt in Mosambik beenden.\" \/>\n<meta property=\"og:url\" content=\"https:\/\/acninternational.org\/de\/die-kirche-will-interreligioesen-dialog-foerdern\/\" \/>\n<meta property=\"og:site_name\" content=\"ACN International\" \/>\n<meta property=\"article:publisher\" content=\"https:\/\/www.facebook.com\/acninternationalorg\" \/>\n<meta property=\"article:published_time\" content=\"2023-06-13T10:02:16+00:00\" \/>\n<meta property=\"article:modified_time\" content=\"2023-06-13T16:30:28+00:00\" \/>\n<meta property=\"og:image\" content=\"https:\/\/media.acninternational.org\/wp-content\/uploads\/2023\/06\/heading_web-1.jpg\" \/>\n\t<meta property=\"og:image:width\" content=\"2000\" \/>\n\t<meta property=\"og:image:height\" content=\"625\" \/>\n\t<meta property=\"og:image:type\" content=\"image\/jpeg\" \/>\n<meta name=\"author\" content=\"ACN Press Team\" \/>\n<meta name=\"twitter:card\" content=\"summary_large_image\" \/>\n<meta name=\"twitter:creator\" content=\"@acn_int\" \/>\n<meta name=\"twitter:site\" content=\"@acn_int\" \/>\n<meta name=\"twitter:label1\" content=\"Verfasst von\" \/>\n\t<meta name=\"twitter:data1\" content=\"ACN Press Team\" \/>\n\t<meta name=\"twitter:label2\" content=\"Gesch\u00e4tzte Lesezeit\" \/>\n\t<meta name=\"twitter:data2\" content=\"4\u00a0Minuten\" \/>\n<script type=\"application\/ld+json\" class=\"yoast-schema-graph\">{\"@context\":\"https:\\\/\\\/schema.org\",\"@graph\":[{\"@type\":\"Article\",\"@id\":\"https:\\\/\\\/acninternational.org\\\/de\\\/die-kirche-will-interreligioesen-dialog-foerdern\\\/#article\",\"isPartOf\":{\"@id\":\"https:\\\/\\\/acninternational.org\\\/de\\\/die-kirche-will-interreligioesen-dialog-foerdern\\\/\"},\"author\":{\"name\":\"ACN Press Team\",\"@id\":\"https:\\\/\\\/acninternational.org\\\/de\\\/#\\\/schema\\\/person\\\/7f3dafb236b242fb2aa46be1411fd703\"},\"headline\":\"Mosambik: Die Kirche will interreligi\u00f6sen Dialog im vom Terrorismus heimgesuchten Norden f\u00f6rdern\",\"datePublished\":\"2023-06-13T10:02:16+00:00\",\"dateModified\":\"2023-06-13T16:30:28+00:00\",\"mainEntityOfPage\":{\"@id\":\"https:\\\/\\\/acninternational.org\\\/de\\\/die-kirche-will-interreligioesen-dialog-foerdern\\\/\"},\"wordCount\":736,\"publisher\":{\"@id\":\"https:\\\/\\\/acninternational.org\\\/de\\\/#organization\"},\"image\":{\"@id\":\"https:\\\/\\\/acninternational.org\\\/de\\\/die-kirche-will-interreligioesen-dialog-foerdern\\\/#primaryimage\"},\"thumbnailUrl\":\"https:\\\/\\\/media.acninternational.org\\\/wp-content\\\/uploads\\\/2023\\\/06\\\/heading_web-1.jpg\",\"articleSection\":[\"Nachricht\"],\"inLanguage\":\"de\"},{\"@type\":\"WebPage\",\"@id\":\"https:\\\/\\\/acninternational.org\\\/de\\\/die-kirche-will-interreligioesen-dialog-foerdern\\\/\",\"url\":\"https:\\\/\\\/acninternational.org\\\/de\\\/die-kirche-will-interreligioesen-dialog-foerdern\\\/\",\"name\":\"Interreligi\u00f6ser Dialog in Mosambik | ACN International\",\"isPartOf\":{\"@id\":\"https:\\\/\\\/acninternational.org\\\/de\\\/#website\"},\"primaryImageOfPage\":{\"@id\":\"https:\\\/\\\/acninternational.org\\\/de\\\/die-kirche-will-interreligioesen-dialog-foerdern\\\/#primaryimage\"},\"image\":{\"@id\":\"https:\\\/\\\/acninternational.org\\\/de\\\/die-kirche-will-interreligioesen-dialog-foerdern\\\/#primaryimage\"},\"thumbnailUrl\":\"https:\\\/\\\/media.acninternational.org\\\/wp-content\\\/uploads\\\/2023\\\/06\\\/heading_web-1.jpg\",\"datePublished\":\"2023-06-13T10:02:16+00:00\",\"dateModified\":\"2023-06-13T16:30:28+00:00\",\"description\":\"Der interreligi\u00f6se Dialog wird in der Kirche vorrangig behandelte und k\u00f6nnte die terroristische Gewalt in Mosambik beenden.\",\"breadcrumb\":{\"@id\":\"https:\\\/\\\/acninternational.org\\\/de\\\/die-kirche-will-interreligioesen-dialog-foerdern\\\/#breadcrumb\"},\"inLanguage\":\"de\",\"potentialAction\":[{\"@type\":\"ReadAction\",\"target\":[\"https:\\\/\\\/acninternational.org\\\/de\\\/die-kirche-will-interreligioesen-dialog-foerdern\\\/\"]}]},{\"@type\":\"ImageObject\",\"inLanguage\":\"de\",\"@id\":\"https:\\\/\\\/acninternational.org\\\/de\\\/die-kirche-will-interreligioesen-dialog-foerdern\\\/#primaryimage\",\"url\":\"https:\\\/\\\/media.acninternational.org\\\/wp-content\\\/uploads\\\/2023\\\/06\\\/heading_web-1.jpg\",\"contentUrl\":\"https:\\\/\\\/media.acninternational.org\\\/wp-content\\\/uploads\\\/2023\\\/06\\\/heading_web-1.jpg\",\"width\":2000,\"height\":625,\"caption\":\"Kapelle der Gemeinde von San Mateus de Muatuca\"},{\"@type\":\"BreadcrumbList\",\"@id\":\"https:\\\/\\\/acninternational.org\\\/de\\\/die-kirche-will-interreligioesen-dialog-foerdern\\\/#breadcrumb\",\"itemListElement\":[{\"@type\":\"ListItem\",\"position\":1,\"name\":\"Home\",\"item\":\"https:\\\/\\\/acninternational.org\\\/de\\\/\"},{\"@type\":\"ListItem\",\"position\":2,\"name\":\"Nachricht\",\"item\":\"https:\\\/\\\/acninternational.org\\\/de\\\/category\\\/news-de\\\/\"},{\"@type\":\"ListItem\",\"position\":3,\"name\":\"Mosambik: Die Kirche will interreligi\u00f6sen Dialog im vom Terrorismus heimgesuchten Norden f\u00f6rdern\"}]},{\"@type\":\"WebSite\",\"@id\":\"https:\\\/\\\/acninternational.org\\\/de\\\/#website\",\"url\":\"https:\\\/\\\/acninternational.org\\\/de\\\/\",\"name\":\"ACN International\",\"description\":\"\",\"publisher\":{\"@id\":\"https:\\\/\\\/acninternational.org\\\/de\\\/#organization\"},\"potentialAction\":[{\"@type\":\"SearchAction\",\"target\":{\"@type\":\"EntryPoint\",\"urlTemplate\":\"https:\\\/\\\/acninternational.org\\\/de\\\/?s={search_term_string}\"},\"query-input\":{\"@type\":\"PropertyValueSpecification\",\"valueRequired\":true,\"valueName\":\"search_term_string\"}}],\"inLanguage\":\"de\"},{\"@type\":\"Organization\",\"@id\":\"https:\\\/\\\/acninternational.org\\\/de\\\/#organization\",\"name\":\"Aid to the Church in Need International\",\"url\":\"https:\\\/\\\/acninternational.org\\\/de\\\/\",\"logo\":{\"@type\":\"ImageObject\",\"inLanguage\":\"de\",\"@id\":\"https:\\\/\\\/acninternational.org\\\/de\\\/#\\\/schema\\\/logo\\\/image\\\/\",\"url\":\"https:\\\/\\\/media.acninternational.org\\\/wp-content\\\/uploads\\\/2019\\\/11\\\/acn_logo_blackvector.svg\",\"contentUrl\":\"https:\\\/\\\/media.acninternational.org\\\/wp-content\\\/uploads\\\/2019\\\/11\\\/acn_logo_blackvector.svg\",\"width\":232.6,\"height\":78,\"caption\":\"Aid to the Church in Need International\"},\"image\":{\"@id\":\"https:\\\/\\\/acninternational.org\\\/de\\\/#\\\/schema\\\/logo\\\/image\\\/\"},\"sameAs\":[\"https:\\\/\\\/www.facebook.com\\\/acninternationalorg\",\"https:\\\/\\\/x.com\\\/acn_int\",\"https:\\\/\\\/www.youtube.com\\\/channel\\\/UCQ-077gS0TnVzkhHmf1opZw\",\"https:\\\/\\\/www.instagram.com\\\/acn_international\\\/\"]},{\"@type\":\"Person\",\"@id\":\"https:\\\/\\\/acninternational.org\\\/de\\\/#\\\/schema\\\/person\\\/7f3dafb236b242fb2aa46be1411fd703\",\"name\":\"ACN Press Team\",\"description\":\"Lorem ipsum dolor sit amet, consectetur adipiscing elit, sed do eiusmod tempor incididunt ut labore et dolore magna aliqua. Ut enim ad minim veniam, quis nostrud exercitation ullamco laboris nisi ut aliquip ex ea commodo consequat.\",\"url\":\"https:\\\/\\\/acninternational.org\\\/de\\\/author\\\/acn-press-team\\\/\"}]}<\/script>\n<!-- \/ Yoast SEO Premium plugin. -->","yoast_head_json":{"title":"Interreligi\u00f6ser Dialog in Mosambik | ACN International","description":"Der interreligi\u00f6se Dialog wird in der Kirche vorrangig behandelte und k\u00f6nnte die terroristische Gewalt in Mosambik beenden.","robots":{"index":"index","follow":"follow","max-snippet":"max-snippet:-1","max-image-preview":"max-image-preview:large","max-video-preview":"max-video-preview:-1"},"canonical":"https:\/\/acninternational.org\/de\/die-kirche-will-interreligioesen-dialog-foerdern\/","og_locale":"de_DE","og_type":"article","og_title":"Mosambik: Die Kirche will interreligi\u00f6sen Dialog im vom Terrorismus heimgesuchten Norden f\u00f6rdern","og_description":"Der interreligi\u00f6se Dialog wird in der Kirche vorrangig behandelte und k\u00f6nnte die terroristische Gewalt in Mosambik beenden.","og_url":"https:\/\/acninternational.org\/de\/die-kirche-will-interreligioesen-dialog-foerdern\/","og_site_name":"ACN International","article_publisher":"https:\/\/www.facebook.com\/acninternationalorg","article_published_time":"2023-06-13T10:02:16+00:00","article_modified_time":"2023-06-13T16:30:28+00:00","og_image":[{"width":2000,"height":625,"url":"https:\/\/media.acninternational.org\/wp-content\/uploads\/2023\/06\/heading_web-1.jpg","type":"image\/jpeg"}],"author":"ACN Press Team","twitter_card":"summary_large_image","twitter_creator":"@acn_int","twitter_site":"@acn_int","twitter_misc":{"Verfasst von":"ACN Press Team","Gesch\u00e4tzte Lesezeit":"4\u00a0Minuten"},"schema":{"@context":"https:\/\/schema.org","@graph":[{"@type":"Article","@id":"https:\/\/acninternational.org\/de\/die-kirche-will-interreligioesen-dialog-foerdern\/#article","isPartOf":{"@id":"https:\/\/acninternational.org\/de\/die-kirche-will-interreligioesen-dialog-foerdern\/"},"author":{"name":"ACN Press Team","@id":"https:\/\/acninternational.org\/de\/#\/schema\/person\/7f3dafb236b242fb2aa46be1411fd703"},"headline":"Mosambik: Die Kirche will interreligi\u00f6sen Dialog im vom Terrorismus heimgesuchten Norden f\u00f6rdern","datePublished":"2023-06-13T10:02:16+00:00","dateModified":"2023-06-13T16:30:28+00:00","mainEntityOfPage":{"@id":"https:\/\/acninternational.org\/de\/die-kirche-will-interreligioesen-dialog-foerdern\/"},"wordCount":736,"publisher":{"@id":"https:\/\/acninternational.org\/de\/#organization"},"image":{"@id":"https:\/\/acninternational.org\/de\/die-kirche-will-interreligioesen-dialog-foerdern\/#primaryimage"},"thumbnailUrl":"https:\/\/media.acninternational.org\/wp-content\/uploads\/2023\/06\/heading_web-1.jpg","articleSection":["Nachricht"],"inLanguage":"de"},{"@type":"WebPage","@id":"https:\/\/acninternational.org\/de\/die-kirche-will-interreligioesen-dialog-foerdern\/","url":"https:\/\/acninternational.org\/de\/die-kirche-will-interreligioesen-dialog-foerdern\/","name":"Interreligi\u00f6ser Dialog in Mosambik | ACN International","isPartOf":{"@id":"https:\/\/acninternational.org\/de\/#website"},"primaryImageOfPage":{"@id":"https:\/\/acninternational.org\/de\/die-kirche-will-interreligioesen-dialog-foerdern\/#primaryimage"},"image":{"@id":"https:\/\/acninternational.org\/de\/die-kirche-will-interreligioesen-dialog-foerdern\/#primaryimage"},"thumbnailUrl":"https:\/\/media.acninternational.org\/wp-content\/uploads\/2023\/06\/heading_web-1.jpg","datePublished":"2023-06-13T10:02:16+00:00","dateModified":"2023-06-13T16:30:28+00:00","description":"Der interreligi\u00f6se Dialog wird in der Kirche vorrangig behandelte und k\u00f6nnte die terroristische Gewalt in Mosambik beenden.","breadcrumb":{"@id":"https:\/\/acninternational.org\/de\/die-kirche-will-interreligioesen-dialog-foerdern\/#breadcrumb"},"inLanguage":"de","potentialAction":[{"@type":"ReadAction","target":["https:\/\/acninternational.org\/de\/die-kirche-will-interreligioesen-dialog-foerdern\/"]}]},{"@type":"ImageObject","inLanguage":"de","@id":"https:\/\/acninternational.org\/de\/die-kirche-will-interreligioesen-dialog-foerdern\/#primaryimage","url":"https:\/\/media.acninternational.org\/wp-content\/uploads\/2023\/06\/heading_web-1.jpg","contentUrl":"https:\/\/media.acninternational.org\/wp-content\/uploads\/2023\/06\/heading_web-1.jpg","width":2000,"height":625,"caption":"Kapelle der Gemeinde von San Mateus de Muatuca"},{"@type":"BreadcrumbList","@id":"https:\/\/acninternational.org\/de\/die-kirche-will-interreligioesen-dialog-foerdern\/#breadcrumb","itemListElement":[{"@type":"ListItem","position":1,"name":"Home","item":"https:\/\/acninternational.org\/de\/"},{"@type":"ListItem","position":2,"name":"Nachricht","item":"https:\/\/acninternational.org\/de\/category\/news-de\/"},{"@type":"ListItem","position":3,"name":"Mosambik: Die Kirche will interreligi\u00f6sen Dialog im vom Terrorismus heimgesuchten Norden f\u00f6rdern"}]},{"@type":"WebSite","@id":"https:\/\/acninternational.org\/de\/#website","url":"https:\/\/acninternational.org\/de\/","name":"ACN International","description":"","publisher":{"@id":"https:\/\/acninternational.org\/de\/#organization"},"potentialAction":[{"@type":"SearchAction","target":{"@type":"EntryPoint","urlTemplate":"https:\/\/acninternational.org\/de\/?s={search_term_string}"},"query-input":{"@type":"PropertyValueSpecification","valueRequired":true,"valueName":"search_term_string"}}],"inLanguage":"de"},{"@type":"Organization","@id":"https:\/\/acninternational.org\/de\/#organization","name":"Aid to the Church in Need International","url":"https:\/\/acninternational.org\/de\/","logo":{"@type":"ImageObject","inLanguage":"de","@id":"https:\/\/acninternational.org\/de\/#\/schema\/logo\/image\/","url":"https:\/\/media.acninternational.org\/wp-content\/uploads\/2019\/11\/acn_logo_blackvector.svg","contentUrl":"https:\/\/media.acninternational.org\/wp-content\/uploads\/2019\/11\/acn_logo_blackvector.svg","width":232.6,"height":78,"caption":"Aid to the Church in Need International"},"image":{"@id":"https:\/\/acninternational.org\/de\/#\/schema\/logo\/image\/"},"sameAs":["https:\/\/www.facebook.com\/acninternationalorg","https:\/\/x.com\/acn_int","https:\/\/www.youtube.com\/channel\/UCQ-077gS0TnVzkhHmf1opZw","https:\/\/www.instagram.com\/acn_international\/"]},{"@type":"Person","@id":"https:\/\/acninternational.org\/de\/#\/schema\/person\/7f3dafb236b242fb2aa46be1411fd703","name":"ACN Press Team","description":"Lorem ipsum dolor sit amet, consectetur adipiscing elit, sed do eiusmod tempor incididunt ut labore et dolore magna aliqua. Ut enim ad minim veniam, quis nostrud exercitation ullamco laboris nisi ut aliquip ex ea commodo consequat.","url":"https:\/\/acninternational.org\/de\/author\/acn-press-team\/"}]}},"_links":{"self":[{"href":"https:\/\/acninternational.org\/de\/wp-json\/wp\/v2\/posts\/181498","targetHints":{"allow":["GET"]}}],"collection":[{"href":"https:\/\/acninternational.org\/de\/wp-json\/wp\/v2\/posts"}],"about":[{"href":"https:\/\/acninternational.org\/de\/wp-json\/wp\/v2\/types\/post"}],"author":[{"embeddable":true,"href":"https:\/\/acninternational.org\/de\/wp-json\/wp\/v2\/users\/4258341447"}],"replies":[{"embeddable":true,"href":"https:\/\/acninternational.org\/de\/wp-json\/wp\/v2\/comments?post=181498"}],"version-history":[{"count":0,"href":"https:\/\/acninternational.org\/de\/wp-json\/wp\/v2\/posts\/181498\/revisions"}],"wp:featuredmedia":[{"embeddable":true,"href":"https:\/\/acninternational.org\/de\/wp-json\/wp\/v2\/media\/181470"}],"wp:attachment":[{"href":"https:\/\/acninternational.org\/de\/wp-json\/wp\/v2\/media?parent=181498"}],"wp:term":[{"taxonomy":"category","embeddable":true,"href":"https:\/\/acninternational.org\/de\/wp-json\/wp\/v2\/categories?post=181498"},{"taxonomy":"post_tag","embeddable":true,"href":"https:\/\/acninternational.org\/de\/wp-json\/wp\/v2\/tags?post=181498"},{"taxonomy":"country","embeddable":true,"href":"https:\/\/acninternational.org\/de\/wp-json\/wp\/v2\/country?post=181498"}],"curies":[{"name":"wp","href":"https:\/\/api.w.org\/{rel}","templated":true}]}}