{"id":180321,"date":"2023-04-21T16:49:54","date_gmt":"2023-04-21T14:49:54","guid":{"rendered":"https:\/\/acninternational.org\/?p=180321"},"modified":"2024-08-09T11:56:53","modified_gmt":"2024-08-09T09:56:53","slug":"sudan-wir-koennen-nicht-aus-dem-haus-und-es-mangelt-an-wasser-strom-und-lebensmitteln-acn-bittet-um-gebet","status":"publish","type":"post","link":"https:\/\/acninternational.org\/de\/sudan-wir-koennen-nicht-aus-dem-haus-und-es-mangelt-an-wasser-strom-und-lebensmitteln-acn-bittet-um-gebet\/","title":{"rendered":"Sudan: \u201eWir k\u00f6nnen nicht aus dem Haus, und es mangelt an Wasser, Strom und Lebensmitteln\u201c &#8211; ACN bittet um Gebet"},"content":{"rendered":"<p><em>Am 16. April brachen K\u00e4mpfe zwischen der sudanesischen Armee und den Rapid Security Forces (RSF), einer legalisierten paramilit\u00e4rischen Gruppe im Sudan, aus. <\/em><\/p>\n<p><em>Die Armee agiert unter dem Befehl des jetzigen Pr\u00e4sidenten, General Abdel Fattah al-Burhan, w\u00e4hrend die RSF vom Vizepr\u00e4sidenten Mohammed Hamdan Dagalo alias Hemedti gef\u00fchrt werden. <\/em><\/p>\n<p><em>Bereits am ersten Tag der K\u00e4mpfe behauptete die RSF, die Kontrolle \u00fcber den Pr\u00e4sidentenpalast sowie drei Flugh\u00e4fen, darunter den Flughafen der Hauptstadt Khartum, \u00fcbernommen zu haben. Allerdings kann aktuell nicht von einem Sieg der RSF gesprochen werden. Stattdessen weitet sich der Kampf immer weiter aus und nach Medienangaben hat bereits fast 300 <\/em><em>Tote und \u00fcber 3000 Verletzte gefordert. \u00a0<\/em><\/p>\n<p><img loading=\"lazy\" decoding=\"async\" class=\"aligncenter size-large wp-image-180304\" src=\"https:\/\/media.acninternational.org\/wp-content\/uploads\/2023\/04\/ACN-20171204-65241-1024x683.jpeg\" alt=\"Kinga von Poschinger (Head of Section, Africa IV d at ACN) in Sierra Leone.\" width=\"800\" height=\"534\" srcset=\"https:\/\/media.acninternational.org\/wp-content\/uploads\/2023\/04\/ACN-20171204-65241-1024x683.jpeg 1024w, https:\/\/media.acninternational.org\/wp-content\/uploads\/2023\/04\/ACN-20171204-65241-300x200.jpeg 300w, https:\/\/media.acninternational.org\/wp-content\/uploads\/2023\/04\/ACN-20171204-65241-768x512.jpeg 768w, https:\/\/media.acninternational.org\/wp-content\/uploads\/2023\/04\/ACN-20171204-65241.jpeg 1080w\" sizes=\"auto, (max-width: 800px) 100vw, 800px\" \/><\/p>\n<p><em>Kinga von Schierstaedt, koordinierende Projektreferentin f\u00fcr ACN in Afrika und Verantwortliche f\u00fcr Projekte im Sudan, spricht mit Maria Lozano \u00fcber die Lage im Land und die Folgen des Konfliktes.<\/em><\/p>\n<h4><strong>Was berichten deine Kontaktpersonen \u00fcber die Lage in der Hauptstadt?<\/strong><\/h4>\n<p>Ich habe gerade mit einem Projektpartner telefoniert, der im Norden von Khartum ist, unweit von einem Ort, an dem sich die Rapid Support Forces verschanzt haben. W\u00e4hrend des Telefonats konnte ich die Sch\u00fcsse im Hintergrund h\u00f6ren. Er sagt, die Stra\u00dfen seien leer, wie in einer Geisterstadt: Es fahren keine Autos, man sieht keine Menschen und h\u00f6rt keine Stimmen in der Nachbarschaft.<\/p>\n<p>Unser Projektpartner und seine Mitbewohner k\u00f6nnen auch nicht mehr aus dem Haus, bzw. trauen sie sich nicht mehr hinaus. Weil aber keiner darauf vorbereitet war, haben sie keinen gro\u00dfen Vorrat an Lebensmitteln gekauft; und wenn sie welche, w\u00fcrde es ihnen aber auch nicht lange helfen, denn das Stromnetzwerk ist zusammengebrochen und somit funktioniert der K\u00fchlschrank nur dann, wenn sie den Generator mit dem knappen Dieselvorrat f\u00fcr eine kurze Zeit anmachen. Schlimmer als der Lebensmittel- sei der Wassermangel. Da es kein flie\u00dfendes Wasser mehr gibt, m\u00fcssen sie mit einer Pumpe das Wasser aus einem Brunnen sch\u00f6pfen, das eigentlich nur dazu dient, den Garten zu gie\u00dfen und auf jeden Fall abgekocht werden muss. Tags\u00fcber kann es momentan bis zu \u00fcber 40\u00b0C im Schatten werden.<\/p>\n<p><img loading=\"lazy\" decoding=\"async\" class=\"aligncenter size-large wp-image-180310\" src=\"https:\/\/media.acninternational.org\/wp-content\/uploads\/2023\/04\/ACN-20200622-102443-1024x683.jpeg\" alt=\"There is no real future for these children\" width=\"800\" height=\"534\" srcset=\"https:\/\/media.acninternational.org\/wp-content\/uploads\/2023\/04\/ACN-20200622-102443-1024x683.jpeg 1024w, https:\/\/media.acninternational.org\/wp-content\/uploads\/2023\/04\/ACN-20200622-102443-300x200.jpeg 300w, https:\/\/media.acninternational.org\/wp-content\/uploads\/2023\/04\/ACN-20200622-102443-768x512.jpeg 768w, https:\/\/media.acninternational.org\/wp-content\/uploads\/2023\/04\/ACN-20200622-102443.jpeg 1080w\" sizes=\"auto, (max-width: 800px) 100vw, 800px\" \/><\/p>\n<p>Immer wieder fliegen Flugzeuge des Milit\u00e4rs \u00fcber sie hinweg, um die verschanzten RSF anzugreifen und so f\u00fcrchte sein unsere Ansprechpartner, dass die Bomben auch sie treffen k\u00f6nnten.<\/p>\n<h4><strong>Was sind die Ziele des Putsches?<\/strong><\/h4>\n<p>Es handelt sich um einen Putschversuch von Vizepr\u00e4sident Hemedti, um Pr\u00e4sident al-Burhan zu st\u00fcrzen und ist gleichzeitig der Gipfel einer latenten Spannung, die seit dem Staatsstreich im Oktober 2021 herrschte. Bei dem Staatsstreich hatten beide die nach der Absetzung des Diktators Umar al-Baschir im April 2019 eingesetzte \u00dcbergangsregierung gest\u00fcrzt.<\/p>\n<p>Eigentlich es geht nicht um Ideologien, sondern darum, wie und mit wem regiert werden soll, um Interessen, Macht, Reichtum und die Integration der RSF. Hemedti betrachtet seine RSF als entscheidend f\u00fcr die Sicherheit des Landes und fordert mehr Macht. Die Verhandlungen \u00fcber die Aufnahme dieser paramilit\u00e4rischen Gruppe in die Armee sind ein Stolperstein zwischen den beiden. Al-Burhans Entscheidung, die RSF-Truppen in verschiedene Gebiete des Landes zu verlegen, da er Hemedti als Gefahr f\u00fcr seine Macht sieht, war der letzte Funke, der zum Ausbruch des Putschs f\u00fchrte.<\/p>\n<p>Aber es gibt ein weiteres wichtiges Motiv. Der Sudan ist Afrikas drittgr\u00f6\u00dfter Produzent an Gold, und Hemedti besitzt Goldminen im Norden des Landes. Nach Medienreporten gehen von dort j\u00e4hrlich bis zu <a href=\"https:\/\/substack.com\/redirect\/d05429b6-2a1b-4bff-b1f2-85b235d4c50b?j=eyJ1IjoiMXRkd2d5In0.n7JDoZrQG8K7OefY3tu6K50fgGOGwwYWVitO-Y8IXfE\" target=\"_blank\" rel=\"noopener\">16 Milliarden Dollar<\/a> in die Vereinigten Arabischen Emirate. Hemedti hat mit Gold sein Gesch\u00e4ft gemacht. Gold sichert seine Macht und eines seiner Interessen. Gleichzeitig hat auch die Armee eine Unmenge an Immobilien und Gesch\u00e4ften aller Art, die sie ungerne einer zivilen Regierung \u00fcbergeben m\u00f6chte.<\/p>\n<h4><strong>Sind denn die K\u00e4mpfe auf die Hauptstadt beschr\u00e4nkt? Sind sie lokal, oder droht die Ausweitung auf einen B\u00fcrgerkrieg im ganzen Land?<\/strong><\/h4>\n<p>Neben der Hauptstadt, wo die K\u00e4mpfe derzeit am st\u00e4rksten sind, gibt es auch Konfrontationen in Merowe, El Obeid und in der Gegend von Darfur. In El Obeid finden schwere K\u00e4mpfe statt, der Platz vor der Kathedrale wurde zu einem Schlachtfeld der beiden Fronten, da sich direkt nebenan ein Camp der RSF befindet. Am Donnerstag fielen zwei gro\u00dfe Sprengs\u00e4tze in das Gel\u00e4nde, einer zerschmetterte die Fenster der Kathedrale. Das anliegende Pfarrhaus wurde zerst\u00f6rt. Gott sei Dank ist dem Priester aber nichts passiert.<\/p>\n<p>Die Gefahr der Ausweitung besteht immer, denn es geht um einen Machtkampf und die Fronten sind sehr verh\u00e4rtet. Ich habe mit einem unserer Projektpartner in Kosti, im S\u00fcden des Landes an der Grenze zum S\u00fcdsudan, gesprochen. Da ist die Lage momentan noch ruhig.<\/p>\n<h4><strong>Wie ist denn die Lage f\u00fcr die katholische Kirche? Ist sie auch davon betroffen, in ihrer Arbeit in irgendeiner Form eingeschr\u00e4nkt?<\/strong><\/h4>\n<p>&nbsp;<\/p>\n<p><img loading=\"lazy\" decoding=\"async\" class=\"aligncenter size-large wp-image-180316\" src=\"https:\/\/media.acninternational.org\/wp-content\/uploads\/2023\/04\/ACN-20170731-59175-1024x808.jpeg\" alt=\"Holy mass at the Cathedral of El Obeid\" width=\"800\" height=\"631\" srcset=\"https:\/\/media.acninternational.org\/wp-content\/uploads\/2023\/04\/ACN-20170731-59175-1024x808.jpeg 1024w, https:\/\/media.acninternational.org\/wp-content\/uploads\/2023\/04\/ACN-20170731-59175-300x237.jpeg 300w, https:\/\/media.acninternational.org\/wp-content\/uploads\/2023\/04\/ACN-20170731-59175-768x606.jpeg 768w, https:\/\/media.acninternational.org\/wp-content\/uploads\/2023\/04\/ACN-20170731-59175.jpeg 1080w\" sizes=\"auto, (max-width: 800px) 100vw, 800px\" \/><\/p>\n<p>Die katholische Kirche im Sudan ist sehr klein, etwa 95% der Bev\u00f6lkerung ist muslimisch. Da es kein ideologischer oder religi\u00f6ser Konflikt ist, sind alle B\u00fcrger gleich betroffen. Gl\u00e4ubige, Priester und Ordensleute k\u00f6nnen nicht aus ihren H\u00e4usern. Die heilige Messe am Sonntag ist ausgefallen, die Priester feiern die t\u00e4gliche Messe nicht mehr in der Kirche. Das Glaubensleben findet in den Krisenzonen nur mehr im Haus statt.<\/p>\n<h4><strong>Was sind denn <\/strong><strong>absehbare Folgen? <\/strong><\/h4>\n<p>Einer unserer Projektpartner hat es so ausgedr\u00fcckt: \u201eIch habe das Gef\u00fchl, es wird immer dunkler im Sudan.\u201c Das Land war vorher schon in einer verzweifelten wirtschaftlichen Lage: eine enorme Inflation und keine Liquidit\u00e4t. Der Konflikt l\u00e4sst die Preise noch mehr steigen, w\u00e4hrend die Menschen kein Geld haben.<\/p>\n<h4><strong>Oft sind ja Fl\u00fcchtlingswellen die Folge von b\u00fcrgerkriegs\u00e4hnlichen Zust\u00e4nden. Zeichnet sich so etwas schon ab?<\/strong><\/h4>\n<p>Viele Menschen verlassen die Gebiete innerhalb der St\u00e4dte, in denen geschossen wird. Au\u00dferdem haben sie teilweise weder Strom noch Wasser, das sie zum \u00dcberleben brauchen, also fl\u00fcchten sie zu Verwandten oder Bekannten, meist au\u00dferhalb der Stadt. Noch haben wir keine Nachrichten von gro\u00dfen Fl\u00fcchtlingswellen oder auch Fl\u00fcchtlingscamps, aber es gibt auf jeden Fall eine Flucht aus den St\u00e4dten heraus.<\/p>\n<h4><strong>Besteht denn noch die Chance, diesen Konflikt einzud\u00e4mmen, und wer k\u00f6nnte da Einfluss nehmen?<\/strong><\/h4>\n<p>Die Fronten sind momentan unglaublich verh\u00e4rtet. Unsere Kontaktpersonen sagen, wenn nicht eine der Gruppen nachgibt oder siegt, dann glauben sie leider nicht an eine schnelle Beendigung des Konflikts. Da kann man also nur hoffen, dass die Vernunft siegt und nat\u00fcrlich auch beten. Wir sollten beten, dass eine Regierung im Sudan an die Macht kommt, die Gerechtigkeit und Frieden sucht. Das ist, worum uns alle unsere Kontakte bitten. Sie sagen uns, dass wir zurzeit mit materieller Hilfe nicht helfen k\u00f6nnen.\u00a0 \u201aDas Einzige, was uns jetzt Kraft geben kann, ist, wenn wir uns vom Gebet getragen wissen\u2018, sagten sie mir.<\/p>\n","protected":false},"excerpt":{"rendered":"<p>Die Armee agiert unter dem Befehl des jetzigen Pr\u00e4sidenten, General Abdel Fattah al-Burhan, w\u00e4hrend die RSF vom Vizepr\u00e4sidenten Mohammed Hamdan Dagalo alias Hemedti gef\u00fchrt werden<\/p>\n","protected":false},"author":4258341447,"featured_media":180298,"comment_status":"closed","ping_status":"closed","sticky":false,"template":"","format":"standard","meta":{"_acf_changed":false,"_acn_coauthor_ids":[],"footnotes":""},"categories":[929],"tags":[],"country":[911,910],"class_list":["post-180321","post","type-post","status-publish","format-standard","has-post-thumbnail","hentry","category-interview-2","country-sud-soudan","country-suedsudan"],"acn_coauthors":[],"acf":[],"yoast_head":"<!-- This site is optimized with the Yoast SEO Premium plugin v27.3 (Yoast SEO v27.3) - https:\/\/yoast.com\/product\/yoast-seo-premium-wordpress\/ -->\n<title>Sudan: \u201eWir k\u00f6nnen nicht aus dem Haus, und es mangelt an Wasser, Strom und Lebensmitteln\u201c - ACN bittet um Gebet | ACN International<\/title>\n<meta name=\"description\" content=\"Die Armee agiert unter dem Befehl des jetzigen Pr\u00e4sidenten, General Abdel Fattah al-Burhan, w\u00e4hrend die RSF vom Vizepr\u00e4sidenten Mohammed Hamdan Dagalo alias Hemedti gef\u00fchrt werden\" \/>\n<meta name=\"robots\" content=\"index, follow, max-snippet:-1, max-image-preview:large, max-video-preview:-1\" \/>\n<link rel=\"canonical\" href=\"https:\/\/acninternational.org\/de\/sudan-wir-koennen-nicht-aus-dem-haus-und-es-mangelt-an-wasser-strom-und-lebensmitteln-acn-bittet-um-gebet\/\" \/>\n<meta property=\"og:locale\" content=\"de_DE\" \/>\n<meta property=\"og:type\" content=\"article\" \/>\n<meta property=\"og:title\" content=\"Sudan: \u201eWir k\u00f6nnen nicht aus dem Haus, und es mangelt an Wasser, Strom und Lebensmitteln\u201c - ACN bittet um Gebet\" \/>\n<meta property=\"og:description\" content=\"Die Armee agiert unter dem Befehl des jetzigen Pr\u00e4sidenten, General Abdel Fattah al-Burhan, w\u00e4hrend die RSF vom Vizepr\u00e4sidenten Mohammed Hamdan Dagalo alias Hemedti gef\u00fchrt werden\" \/>\n<meta property=\"og:url\" content=\"https:\/\/acninternational.org\/de\/sudan-wir-koennen-nicht-aus-dem-haus-und-es-mangelt-an-wasser-strom-und-lebensmitteln-acn-bittet-um-gebet\/\" \/>\n<meta property=\"og:site_name\" content=\"ACN International\" \/>\n<meta property=\"article:publisher\" content=\"https:\/\/www.facebook.com\/acninternationalorg\" \/>\n<meta property=\"article:published_time\" content=\"2023-04-21T14:49:54+00:00\" \/>\n<meta property=\"article:modified_time\" content=\"2024-08-09T09:56:53+00:00\" \/>\n<meta property=\"og:image\" content=\"https:\/\/media.acninternational.org\/wp-content\/uploads\/2023\/04\/ACN-20200622-102381.jpeg\" \/>\n\t<meta property=\"og:image:width\" content=\"1920\" \/>\n\t<meta property=\"og:image:height\" content=\"700\" \/>\n\t<meta property=\"og:image:type\" content=\"image\/jpeg\" \/>\n<meta name=\"author\" content=\"ACN Press Team\" \/>\n<meta name=\"twitter:card\" content=\"summary_large_image\" \/>\n<meta name=\"twitter:creator\" content=\"@acn_int\" \/>\n<meta name=\"twitter:site\" content=\"@acn_int\" \/>\n<meta name=\"twitter:label1\" content=\"Verfasst von\" \/>\n\t<meta name=\"twitter:data1\" content=\"ACN Press Team\" \/>\n\t<meta name=\"twitter:label2\" content=\"Gesch\u00e4tzte Lesezeit\" \/>\n\t<meta name=\"twitter:data2\" content=\"6\u00a0Minuten\" \/>\n<script type=\"application\/ld+json\" class=\"yoast-schema-graph\">{\"@context\":\"https:\\\/\\\/schema.org\",\"@graph\":[{\"@type\":\"Article\",\"@id\":\"https:\\\/\\\/acninternational.org\\\/de\\\/sudan-wir-koennen-nicht-aus-dem-haus-und-es-mangelt-an-wasser-strom-und-lebensmitteln-acn-bittet-um-gebet\\\/#article\",\"isPartOf\":{\"@id\":\"https:\\\/\\\/acninternational.org\\\/de\\\/sudan-wir-koennen-nicht-aus-dem-haus-und-es-mangelt-an-wasser-strom-und-lebensmitteln-acn-bittet-um-gebet\\\/\"},\"author\":{\"name\":\"ACN Press Team\",\"@id\":\"https:\\\/\\\/acninternational.org\\\/de\\\/#\\\/schema\\\/person\\\/7f3dafb236b242fb2aa46be1411fd703\"},\"headline\":\"Sudan: \u201eWir k\u00f6nnen nicht aus dem Haus, und es mangelt an Wasser, Strom und Lebensmitteln\u201c &#8211; ACN bittet um Gebet\",\"datePublished\":\"2023-04-21T14:49:54+00:00\",\"dateModified\":\"2024-08-09T09:56:53+00:00\",\"mainEntityOfPage\":{\"@id\":\"https:\\\/\\\/acninternational.org\\\/de\\\/sudan-wir-koennen-nicht-aus-dem-haus-und-es-mangelt-an-wasser-strom-und-lebensmitteln-acn-bittet-um-gebet\\\/\"},\"wordCount\":1140,\"publisher\":{\"@id\":\"https:\\\/\\\/acninternational.org\\\/de\\\/#organization\"},\"image\":{\"@id\":\"https:\\\/\\\/acninternational.org\\\/de\\\/sudan-wir-koennen-nicht-aus-dem-haus-und-es-mangelt-an-wasser-strom-und-lebensmitteln-acn-bittet-um-gebet\\\/#primaryimage\"},\"thumbnailUrl\":\"https:\\\/\\\/media.acninternational.org\\\/wp-content\\\/uploads\\\/2023\\\/04\\\/ACN-20200622-102381.jpeg\",\"articleSection\":[\"Interview\"],\"inLanguage\":\"de\"},{\"@type\":\"WebPage\",\"@id\":\"https:\\\/\\\/acninternational.org\\\/de\\\/sudan-wir-koennen-nicht-aus-dem-haus-und-es-mangelt-an-wasser-strom-und-lebensmitteln-acn-bittet-um-gebet\\\/\",\"url\":\"https:\\\/\\\/acninternational.org\\\/de\\\/sudan-wir-koennen-nicht-aus-dem-haus-und-es-mangelt-an-wasser-strom-und-lebensmitteln-acn-bittet-um-gebet\\\/\",\"name\":\"Sudan: \u201eWir k\u00f6nnen nicht aus dem Haus, und es mangelt an Wasser, Strom und Lebensmitteln\u201c - ACN bittet um Gebet | ACN International\",\"isPartOf\":{\"@id\":\"https:\\\/\\\/acninternational.org\\\/de\\\/#website\"},\"primaryImageOfPage\":{\"@id\":\"https:\\\/\\\/acninternational.org\\\/de\\\/sudan-wir-koennen-nicht-aus-dem-haus-und-es-mangelt-an-wasser-strom-und-lebensmitteln-acn-bittet-um-gebet\\\/#primaryimage\"},\"image\":{\"@id\":\"https:\\\/\\\/acninternational.org\\\/de\\\/sudan-wir-koennen-nicht-aus-dem-haus-und-es-mangelt-an-wasser-strom-und-lebensmitteln-acn-bittet-um-gebet\\\/#primaryimage\"},\"thumbnailUrl\":\"https:\\\/\\\/media.acninternational.org\\\/wp-content\\\/uploads\\\/2023\\\/04\\\/ACN-20200622-102381.jpeg\",\"datePublished\":\"2023-04-21T14:49:54+00:00\",\"dateModified\":\"2024-08-09T09:56:53+00:00\",\"description\":\"Die Armee agiert unter dem Befehl des jetzigen Pr\u00e4sidenten, General Abdel Fattah al-Burhan, w\u00e4hrend die RSF vom Vizepr\u00e4sidenten Mohammed Hamdan Dagalo alias Hemedti gef\u00fchrt werden\",\"breadcrumb\":{\"@id\":\"https:\\\/\\\/acninternational.org\\\/de\\\/sudan-wir-koennen-nicht-aus-dem-haus-und-es-mangelt-an-wasser-strom-und-lebensmitteln-acn-bittet-um-gebet\\\/#breadcrumb\"},\"inLanguage\":\"de\",\"potentialAction\":[{\"@type\":\"ReadAction\",\"target\":[\"https:\\\/\\\/acninternational.org\\\/de\\\/sudan-wir-koennen-nicht-aus-dem-haus-und-es-mangelt-an-wasser-strom-und-lebensmitteln-acn-bittet-um-gebet\\\/\"]}]},{\"@type\":\"ImageObject\",\"inLanguage\":\"de\",\"@id\":\"https:\\\/\\\/acninternational.org\\\/de\\\/sudan-wir-koennen-nicht-aus-dem-haus-und-es-mangelt-an-wasser-strom-und-lebensmitteln-acn-bittet-um-gebet\\\/#primaryimage\",\"url\":\"https:\\\/\\\/media.acninternational.org\\\/wp-content\\\/uploads\\\/2023\\\/04\\\/ACN-20200622-102381.jpeg\",\"contentUrl\":\"https:\\\/\\\/media.acninternational.org\\\/wp-content\\\/uploads\\\/2023\\\/04\\\/ACN-20200622-102381.jpeg\",\"width\":1920,\"height\":700},{\"@type\":\"BreadcrumbList\",\"@id\":\"https:\\\/\\\/acninternational.org\\\/de\\\/sudan-wir-koennen-nicht-aus-dem-haus-und-es-mangelt-an-wasser-strom-und-lebensmitteln-acn-bittet-um-gebet\\\/#breadcrumb\",\"itemListElement\":[{\"@type\":\"ListItem\",\"position\":1,\"name\":\"Home\",\"item\":\"https:\\\/\\\/acninternational.org\\\/de\\\/\"},{\"@type\":\"ListItem\",\"position\":2,\"name\":\"Interview\",\"item\":\"https:\\\/\\\/acninternational.org\\\/de\\\/category\\\/interview-2\\\/\"},{\"@type\":\"ListItem\",\"position\":3,\"name\":\"Sudan: \u201eWir k\u00f6nnen nicht aus dem Haus, und es mangelt an Wasser, Strom und Lebensmitteln\u201c &#8211; ACN bittet um Gebet\"}]},{\"@type\":\"WebSite\",\"@id\":\"https:\\\/\\\/acninternational.org\\\/de\\\/#website\",\"url\":\"https:\\\/\\\/acninternational.org\\\/de\\\/\",\"name\":\"ACN International\",\"description\":\"\",\"publisher\":{\"@id\":\"https:\\\/\\\/acninternational.org\\\/de\\\/#organization\"},\"potentialAction\":[{\"@type\":\"SearchAction\",\"target\":{\"@type\":\"EntryPoint\",\"urlTemplate\":\"https:\\\/\\\/acninternational.org\\\/de\\\/?s={search_term_string}\"},\"query-input\":{\"@type\":\"PropertyValueSpecification\",\"valueRequired\":true,\"valueName\":\"search_term_string\"}}],\"inLanguage\":\"de\"},{\"@type\":\"Organization\",\"@id\":\"https:\\\/\\\/acninternational.org\\\/de\\\/#organization\",\"name\":\"Aid to the Church in Need International\",\"url\":\"https:\\\/\\\/acninternational.org\\\/de\\\/\",\"logo\":{\"@type\":\"ImageObject\",\"inLanguage\":\"de\",\"@id\":\"https:\\\/\\\/acninternational.org\\\/de\\\/#\\\/schema\\\/logo\\\/image\\\/\",\"url\":\"https:\\\/\\\/media.acninternational.org\\\/wp-content\\\/uploads\\\/2019\\\/11\\\/acn_logo_blackvector.svg\",\"contentUrl\":\"https:\\\/\\\/media.acninternational.org\\\/wp-content\\\/uploads\\\/2019\\\/11\\\/acn_logo_blackvector.svg\",\"width\":232.6,\"height\":78,\"caption\":\"Aid to the Church in Need International\"},\"image\":{\"@id\":\"https:\\\/\\\/acninternational.org\\\/de\\\/#\\\/schema\\\/logo\\\/image\\\/\"},\"sameAs\":[\"https:\\\/\\\/www.facebook.com\\\/acninternationalorg\",\"https:\\\/\\\/x.com\\\/acn_int\",\"https:\\\/\\\/www.youtube.com\\\/channel\\\/UCQ-077gS0TnVzkhHmf1opZw\",\"https:\\\/\\\/www.instagram.com\\\/acn_international\\\/\"]},{\"@type\":\"Person\",\"@id\":\"https:\\\/\\\/acninternational.org\\\/de\\\/#\\\/schema\\\/person\\\/7f3dafb236b242fb2aa46be1411fd703\",\"name\":\"ACN Press Team\",\"description\":\"Lorem ipsum dolor sit amet, consectetur adipiscing elit, sed do eiusmod tempor incididunt ut labore et dolore magna aliqua. Ut enim ad minim veniam, quis nostrud exercitation ullamco laboris nisi ut aliquip ex ea commodo consequat.\",\"url\":\"https:\\\/\\\/acninternational.org\\\/de\\\/author\\\/acn-press-team\\\/\"}]}<\/script>\n<!-- \/ Yoast SEO Premium plugin. -->","yoast_head_json":{"title":"Sudan: \u201eWir k\u00f6nnen nicht aus dem Haus, und es mangelt an Wasser, Strom und Lebensmitteln\u201c - ACN bittet um Gebet | ACN International","description":"Die Armee agiert unter dem Befehl des jetzigen Pr\u00e4sidenten, General Abdel Fattah al-Burhan, w\u00e4hrend die RSF vom Vizepr\u00e4sidenten Mohammed Hamdan Dagalo alias Hemedti gef\u00fchrt werden","robots":{"index":"index","follow":"follow","max-snippet":"max-snippet:-1","max-image-preview":"max-image-preview:large","max-video-preview":"max-video-preview:-1"},"canonical":"https:\/\/acninternational.org\/de\/sudan-wir-koennen-nicht-aus-dem-haus-und-es-mangelt-an-wasser-strom-und-lebensmitteln-acn-bittet-um-gebet\/","og_locale":"de_DE","og_type":"article","og_title":"Sudan: \u201eWir k\u00f6nnen nicht aus dem Haus, und es mangelt an Wasser, Strom und Lebensmitteln\u201c - ACN bittet um Gebet","og_description":"Die Armee agiert unter dem Befehl des jetzigen Pr\u00e4sidenten, General Abdel Fattah al-Burhan, w\u00e4hrend die RSF vom Vizepr\u00e4sidenten Mohammed Hamdan Dagalo alias Hemedti gef\u00fchrt werden","og_url":"https:\/\/acninternational.org\/de\/sudan-wir-koennen-nicht-aus-dem-haus-und-es-mangelt-an-wasser-strom-und-lebensmitteln-acn-bittet-um-gebet\/","og_site_name":"ACN International","article_publisher":"https:\/\/www.facebook.com\/acninternationalorg","article_published_time":"2023-04-21T14:49:54+00:00","article_modified_time":"2024-08-09T09:56:53+00:00","og_image":[{"width":1920,"height":700,"url":"https:\/\/media.acninternational.org\/wp-content\/uploads\/2023\/04\/ACN-20200622-102381.jpeg","type":"image\/jpeg"}],"author":"ACN Press Team","twitter_card":"summary_large_image","twitter_creator":"@acn_int","twitter_site":"@acn_int","twitter_misc":{"Verfasst von":"ACN Press Team","Gesch\u00e4tzte Lesezeit":"6\u00a0Minuten"},"schema":{"@context":"https:\/\/schema.org","@graph":[{"@type":"Article","@id":"https:\/\/acninternational.org\/de\/sudan-wir-koennen-nicht-aus-dem-haus-und-es-mangelt-an-wasser-strom-und-lebensmitteln-acn-bittet-um-gebet\/#article","isPartOf":{"@id":"https:\/\/acninternational.org\/de\/sudan-wir-koennen-nicht-aus-dem-haus-und-es-mangelt-an-wasser-strom-und-lebensmitteln-acn-bittet-um-gebet\/"},"author":{"name":"ACN Press Team","@id":"https:\/\/acninternational.org\/de\/#\/schema\/person\/7f3dafb236b242fb2aa46be1411fd703"},"headline":"Sudan: \u201eWir k\u00f6nnen nicht aus dem Haus, und es mangelt an Wasser, Strom und Lebensmitteln\u201c &#8211; ACN bittet um Gebet","datePublished":"2023-04-21T14:49:54+00:00","dateModified":"2024-08-09T09:56:53+00:00","mainEntityOfPage":{"@id":"https:\/\/acninternational.org\/de\/sudan-wir-koennen-nicht-aus-dem-haus-und-es-mangelt-an-wasser-strom-und-lebensmitteln-acn-bittet-um-gebet\/"},"wordCount":1140,"publisher":{"@id":"https:\/\/acninternational.org\/de\/#organization"},"image":{"@id":"https:\/\/acninternational.org\/de\/sudan-wir-koennen-nicht-aus-dem-haus-und-es-mangelt-an-wasser-strom-und-lebensmitteln-acn-bittet-um-gebet\/#primaryimage"},"thumbnailUrl":"https:\/\/media.acninternational.org\/wp-content\/uploads\/2023\/04\/ACN-20200622-102381.jpeg","articleSection":["Interview"],"inLanguage":"de"},{"@type":"WebPage","@id":"https:\/\/acninternational.org\/de\/sudan-wir-koennen-nicht-aus-dem-haus-und-es-mangelt-an-wasser-strom-und-lebensmitteln-acn-bittet-um-gebet\/","url":"https:\/\/acninternational.org\/de\/sudan-wir-koennen-nicht-aus-dem-haus-und-es-mangelt-an-wasser-strom-und-lebensmitteln-acn-bittet-um-gebet\/","name":"Sudan: \u201eWir k\u00f6nnen nicht aus dem Haus, und es mangelt an Wasser, Strom und Lebensmitteln\u201c - ACN bittet um Gebet | ACN International","isPartOf":{"@id":"https:\/\/acninternational.org\/de\/#website"},"primaryImageOfPage":{"@id":"https:\/\/acninternational.org\/de\/sudan-wir-koennen-nicht-aus-dem-haus-und-es-mangelt-an-wasser-strom-und-lebensmitteln-acn-bittet-um-gebet\/#primaryimage"},"image":{"@id":"https:\/\/acninternational.org\/de\/sudan-wir-koennen-nicht-aus-dem-haus-und-es-mangelt-an-wasser-strom-und-lebensmitteln-acn-bittet-um-gebet\/#primaryimage"},"thumbnailUrl":"https:\/\/media.acninternational.org\/wp-content\/uploads\/2023\/04\/ACN-20200622-102381.jpeg","datePublished":"2023-04-21T14:49:54+00:00","dateModified":"2024-08-09T09:56:53+00:00","description":"Die Armee agiert unter dem Befehl des jetzigen Pr\u00e4sidenten, General Abdel Fattah al-Burhan, w\u00e4hrend die RSF vom Vizepr\u00e4sidenten Mohammed Hamdan Dagalo alias Hemedti gef\u00fchrt werden","breadcrumb":{"@id":"https:\/\/acninternational.org\/de\/sudan-wir-koennen-nicht-aus-dem-haus-und-es-mangelt-an-wasser-strom-und-lebensmitteln-acn-bittet-um-gebet\/#breadcrumb"},"inLanguage":"de","potentialAction":[{"@type":"ReadAction","target":["https:\/\/acninternational.org\/de\/sudan-wir-koennen-nicht-aus-dem-haus-und-es-mangelt-an-wasser-strom-und-lebensmitteln-acn-bittet-um-gebet\/"]}]},{"@type":"ImageObject","inLanguage":"de","@id":"https:\/\/acninternational.org\/de\/sudan-wir-koennen-nicht-aus-dem-haus-und-es-mangelt-an-wasser-strom-und-lebensmitteln-acn-bittet-um-gebet\/#primaryimage","url":"https:\/\/media.acninternational.org\/wp-content\/uploads\/2023\/04\/ACN-20200622-102381.jpeg","contentUrl":"https:\/\/media.acninternational.org\/wp-content\/uploads\/2023\/04\/ACN-20200622-102381.jpeg","width":1920,"height":700},{"@type":"BreadcrumbList","@id":"https:\/\/acninternational.org\/de\/sudan-wir-koennen-nicht-aus-dem-haus-und-es-mangelt-an-wasser-strom-und-lebensmitteln-acn-bittet-um-gebet\/#breadcrumb","itemListElement":[{"@type":"ListItem","position":1,"name":"Home","item":"https:\/\/acninternational.org\/de\/"},{"@type":"ListItem","position":2,"name":"Interview","item":"https:\/\/acninternational.org\/de\/category\/interview-2\/"},{"@type":"ListItem","position":3,"name":"Sudan: \u201eWir k\u00f6nnen nicht aus dem Haus, und es mangelt an Wasser, Strom und Lebensmitteln\u201c &#8211; ACN bittet um Gebet"}]},{"@type":"WebSite","@id":"https:\/\/acninternational.org\/de\/#website","url":"https:\/\/acninternational.org\/de\/","name":"ACN International","description":"","publisher":{"@id":"https:\/\/acninternational.org\/de\/#organization"},"potentialAction":[{"@type":"SearchAction","target":{"@type":"EntryPoint","urlTemplate":"https:\/\/acninternational.org\/de\/?s={search_term_string}"},"query-input":{"@type":"PropertyValueSpecification","valueRequired":true,"valueName":"search_term_string"}}],"inLanguage":"de"},{"@type":"Organization","@id":"https:\/\/acninternational.org\/de\/#organization","name":"Aid to the Church in Need International","url":"https:\/\/acninternational.org\/de\/","logo":{"@type":"ImageObject","inLanguage":"de","@id":"https:\/\/acninternational.org\/de\/#\/schema\/logo\/image\/","url":"https:\/\/media.acninternational.org\/wp-content\/uploads\/2019\/11\/acn_logo_blackvector.svg","contentUrl":"https:\/\/media.acninternational.org\/wp-content\/uploads\/2019\/11\/acn_logo_blackvector.svg","width":232.6,"height":78,"caption":"Aid to the Church in Need International"},"image":{"@id":"https:\/\/acninternational.org\/de\/#\/schema\/logo\/image\/"},"sameAs":["https:\/\/www.facebook.com\/acninternationalorg","https:\/\/x.com\/acn_int","https:\/\/www.youtube.com\/channel\/UCQ-077gS0TnVzkhHmf1opZw","https:\/\/www.instagram.com\/acn_international\/"]},{"@type":"Person","@id":"https:\/\/acninternational.org\/de\/#\/schema\/person\/7f3dafb236b242fb2aa46be1411fd703","name":"ACN Press Team","description":"Lorem ipsum dolor sit amet, consectetur adipiscing elit, sed do eiusmod tempor incididunt ut labore et dolore magna aliqua. Ut enim ad minim veniam, quis nostrud exercitation ullamco laboris nisi ut aliquip ex ea commodo consequat.","url":"https:\/\/acninternational.org\/de\/author\/acn-press-team\/"}]}},"_links":{"self":[{"href":"https:\/\/acninternational.org\/de\/wp-json\/wp\/v2\/posts\/180321","targetHints":{"allow":["GET"]}}],"collection":[{"href":"https:\/\/acninternational.org\/de\/wp-json\/wp\/v2\/posts"}],"about":[{"href":"https:\/\/acninternational.org\/de\/wp-json\/wp\/v2\/types\/post"}],"author":[{"embeddable":true,"href":"https:\/\/acninternational.org\/de\/wp-json\/wp\/v2\/users\/4258341447"}],"replies":[{"embeddable":true,"href":"https:\/\/acninternational.org\/de\/wp-json\/wp\/v2\/comments?post=180321"}],"version-history":[{"count":0,"href":"https:\/\/acninternational.org\/de\/wp-json\/wp\/v2\/posts\/180321\/revisions"}],"wp:featuredmedia":[{"embeddable":true,"href":"https:\/\/acninternational.org\/de\/wp-json\/wp\/v2\/media\/180298"}],"wp:attachment":[{"href":"https:\/\/acninternational.org\/de\/wp-json\/wp\/v2\/media?parent=180321"}],"wp:term":[{"taxonomy":"category","embeddable":true,"href":"https:\/\/acninternational.org\/de\/wp-json\/wp\/v2\/categories?post=180321"},{"taxonomy":"post_tag","embeddable":true,"href":"https:\/\/acninternational.org\/de\/wp-json\/wp\/v2\/tags?post=180321"},{"taxonomy":"country","embeddable":true,"href":"https:\/\/acninternational.org\/de\/wp-json\/wp\/v2\/country?post=180321"}],"curies":[{"name":"wp","href":"https:\/\/api.w.org\/{rel}","templated":true}]}}