{"id":179334,"date":"2023-03-20T11:32:45","date_gmt":"2023-03-20T10:32:45","guid":{"rendered":"https:\/\/acninternational.org\/?p=179334"},"modified":"2023-03-20T11:53:35","modified_gmt":"2023-03-20T10:53:35","slug":"syrien-der-priester-der-beim-erdbeben-starb","status":"publish","type":"post","link":"https:\/\/acninternational.org\/de\/syrien-der-priester-der-beim-erdbeben-starb\/","title":{"rendered":"\u201eDu hast unser geschlagenes Volk in den Tod begleitet&#8220;"},"content":{"rendered":"<p><em>Herzliches Gedenken an Pater Imad Daher, der bei dem Erdbeben vom 6. Februar in Aleppo, Syrien ums Leben kam, verfasst von einer Freundin aus Kindertagen.<\/em><\/p>\n<p>Die aus Majd el Meouch (Libanon) stammende Schwester Jacky Abinassif kannte Pater Imad Daher, der am vergangenen Montag bei dem Erdbeben in Aleppo (Syrien) ums Leben kam, gut. \u201eEr war ein Freund meiner Familie, er war unser Nachbar und ein guter Freund meines Bruders\u201c, sagte sie gegen\u00fcber Aid to the Church in Need (ACN). Die Schwester lebt jetzt in Montreal, wo sie Kommunikationskoordinatorin der melkitischen griechisch-katholischen Eparchie von Kanada und Direktorin von Sawt el Rab (\u201eStimme des Herrn\u201c) ist, einem dreisprachigen Radiosender (Arabisch, Englisch und Franz\u00f6sisch), der \u00fcber das Internet sendet.<\/p>\n<p>In den letzten Jahren war Pater Imad viermal in Montreal, das letzte Mal im Januar. \u201eIn Montreal haben ihn die jungen Leute unserer Kirche sehr geliebt\u201c, sagt Schwester Jacky, die zu den Schwestern Unserer Lieben Frau vom Heiligen Rosenkranz geh\u00f6rt. Dieser so beliebte Mann der Tat und des Dialogs wurde am 10. Oktober 2012 im Syrienkrieg bei einem Bombenangriff verwundet. Durch den Einsturz einer Treppe wurden seine H\u00e4nde und einen gro\u00dfen Teil seines Gesichts zerquetscht.<\/p>\n<p>Aid to the Church in Need hat die Erlaubnis erhalten, das Zeugnis von Schwester Jacky zu bearbeiten und weiterzugeben. <em>Shucran<\/em>!<\/p>\n<figure id=\"attachment_179311\" aria-describedby=\"caption-attachment-179311\" style=\"width: 491px\" class=\"wp-caption alignnone\"><img loading=\"lazy\" decoding=\"async\" class=\"wp-image-179311 size-full\" src=\"https:\/\/media.acninternational.org\/wp-content\/uploads\/2023\/03\/ACN-20230308-142243.jpg\" alt=\"Schwester Jacky Abinassif\" width=\"491\" height=\"576\" srcset=\"https:\/\/media.acninternational.org\/wp-content\/uploads\/2023\/03\/ACN-20230308-142243.jpg 491w, https:\/\/media.acninternational.org\/wp-content\/uploads\/2023\/03\/ACN-20230308-142243-256x300.jpg 256w\" sizes=\"auto, (max-width: 491px) 100vw, 491px\" \/><figcaption id=\"caption-attachment-179311\" class=\"wp-caption-text\">Schwester Jacky Abinassif<\/figcaption><\/figure>\n<p>****<\/p>\n<p>Lieber Pater Imad, im Januar wussten wir noch nicht, dass dein Besuch in Montreal Dein letzter sein w\u00fcrde. Damals hatte ich Gelegenheit, dieses Foto von Dir mit Deinem Koffer zu machen: Es ist, als w\u00e4rst Du auf dem Weg ins Paradies!<\/p>\n<p>Wir schlugen Dir vor, noch ein paar Wochen in Montreal zu bleiben, um Deine Anwesenheit zu genie\u00dfen. Denn in Aleppo war die Schule immer noch geschlossen und es gab keinen Brennstoff, um die Klassenr\u00e4ume zu heizen.<\/p>\n<p>Du antwortetest: \u201eW\u00e4hrend des Krieges habe ich Aleppo nicht verlassen und ich habe unsere Leute nicht im Stich gelassen. Wenn sie frieren, werde ich mit ihnen frieren, und wenn sie in Gefahr sind, werde ich das Schlimmste und das Beste mit ihnen erleben.\u201c Du sagtest mir auch: \u201eMeine Schwester, meine Mutter, die Gottesmutter, l\u00e4sst mich nie im Stich: Gottes Wille geschehe.\u201c<\/p>\n<p>Im Syrienkrieg wurdest du verletzt und lagst monatelang im Krankenhaus. Du hast ein Auge verloren und musstest dich mehreren Operationen an den H\u00e4nden und im Gesicht unterziehen, aber du hast nie geklagt. Du hast deine Leiden mit denen von Jesus Christus getragen und hast unsere geschlagenes Volk in den Tod begleitet. Du hast die Trag\u00f6die des Erdbebens mit den Menschen in Aleppo geteilt und wurdest zum zweiten Mal unter den Tr\u00fcmmern begraben. Diesmal bist du jedoch gegangen, um mit dem wieder vereint zu sein, den dein Herz liebt: Jesus.<\/p>\n<p>Lieber Pater Imad, Weggef\u00e4hrte meiner Jugend und Begleiter beim Beten des Rosenkranzes, w\u00e4hrend des Libanonkrieges warst Du der Einzige, der unter den Bomben ganz Beirut von Ain El Remmaneh nach Achrafieh und dann nach Dawra durchquert hat, um Dich zu vergewissern, dass in den christlichen Gemeinden alles in Ordnung war.<\/p>\n<p>Nach 25 Jahren trafen wir uns in Kanada wieder, als Du am \u201eStimme des Herrn\u201c-Festival teilnahmst. Du warst voller Enthusiasmus und gl\u00fccklich, ein Festival f\u00fcr den Herrn zu erleben.<\/p>\n<figure id=\"attachment_179323\" aria-describedby=\"caption-attachment-179323\" style=\"width: 800px\" class=\"wp-caption alignnone\"><img loading=\"lazy\" decoding=\"async\" class=\"wp-image-179323 size-large\" src=\"https:\/\/media.acninternational.org\/wp-content\/uploads\/2023\/03\/ACN-20230308-142242-1024x792.jpg\" alt=\"P. Imnad Daher in Montr\u00e9al\" width=\"800\" height=\"619\" srcset=\"https:\/\/media.acninternational.org\/wp-content\/uploads\/2023\/03\/ACN-20230308-142242-1024x792.jpg 1024w, https:\/\/media.acninternational.org\/wp-content\/uploads\/2023\/03\/ACN-20230308-142242-300x232.jpg 300w, https:\/\/media.acninternational.org\/wp-content\/uploads\/2023\/03\/ACN-20230308-142242-768x594.jpg 768w, https:\/\/media.acninternational.org\/wp-content\/uploads\/2023\/03\/ACN-20230308-142242.jpg 1280w\" sizes=\"auto, (max-width: 800px) 100vw, 800px\" \/><figcaption id=\"caption-attachment-179323\" class=\"wp-caption-text\">P. Imnad Daher in Montr\u00e9al<\/figcaption><\/figure>\n<p>Au\u00dferdem hast Du w\u00e4hrend der COVID-19-Pandemie eine Facebook-Live-Sendung auf dem von mir betriebenen Radiosender (Sawt el Rab) \u00fcber die Lehren der katholischen Kirche gemacht. Denn Du wolltest, dass die Menschen zu den Lehren unserer Kirche zur\u00fcckkehren. In festem Ton sagtest Du zu mir: \u201eWir sollten nicht irgendjemandem folgen. Unsere Kirche ist unsere Mutter und seit zweitausend Jahren unsere Schule.\u201c<\/p>\n<p>In der melkitischen griechisch-katholischen Kathedrale Saint-Sauveur in Montreal haben Dich Jung und Alt gleicherma\u00dfen verehrt. Bei allen Versammlungen haben die jungen Leute nach Deiner Anwesenheit verlangt.<\/p>\n<p>Als Du Weihnachten und Neujahr hier bei uns gefeiert hast, warst Du voller Leben und Hoffnung. Du bist gekommen, um die Tochter meines Bruders Tony, eines guten Freundes von Dir, zu taufen und auch, um Deine Mitsch\u00fcler zu besuchen, die mit Dir an der Amal-Schule in Aleppo gewesen waren und schlie\u00dflich nach Kanada auswandern mussten. Du hast es getan, um sie daran zu erinnern, dass das Herz unserer Kirche Z\u00e4rtlichkeit ist und der Ort, an dem sie sich sicher f\u00fchlen k\u00f6nnen.<\/p>\n<p>Mein Bruder, ich wei\u00df, dass Du im Himmel bist, aber Dein Abschied zerrei\u00dft mir das Herz.<\/p>\n<figure id=\"attachment_179317\" aria-describedby=\"caption-attachment-179317\" style=\"width: 408px\" class=\"wp-caption alignnone\"><img loading=\"lazy\" decoding=\"async\" class=\"wp-image-179317 size-full\" src=\"https:\/\/media.acninternational.org\/wp-content\/uploads\/2023\/03\/ACN-20230206-140041.jpg\" alt=\"P. Imad Daher\" width=\"408\" height=\"520\" srcset=\"https:\/\/media.acninternational.org\/wp-content\/uploads\/2023\/03\/ACN-20230206-140041.jpg 408w, https:\/\/media.acninternational.org\/wp-content\/uploads\/2023\/03\/ACN-20230206-140041-235x300.jpg 235w\" sizes=\"auto, (max-width: 408px) 100vw, 408px\" \/><figcaption id=\"caption-attachment-179317\" class=\"wp-caption-text\">Father Imad Daher<\/figcaption><\/figure>\n<p>Ich bete, dass der Herr Deiner Mutter und Deiner Familie beisteht.<\/p>\n<p>Hilf uns, Dir wieder zu begegnen, wie unser Lehrer und Retter Jesus uns gelehrt hat, dass wir Kinder der Auferstehung und Kinder des Reiches Gottes sind.<\/p>\n<p>Christus ist auferstanden!<\/p>\n<p>Er ist wahrhaft auferstanden!<\/p>\n<p>Bitte f\u00fcr uns, lieber Vater und Bruder, und unterst\u00fctze alle, die sich an Dich wenden.<\/p>\n<p>Schlie\u00dflich wei\u00df ich im Geiste des Paulusbriefes an die Philipper, Kapitel 1, Vers 23, was einer Deiner gr\u00f6\u00dften W\u00fcnsche war: \u201e&#8230; Ich sehne mich danach, aufzubrechen und bei Christus zu sein \u2013 um wie viel besser w\u00e4re das!\u201c<\/p>\n<p><em>Ila lika<\/em>, Auf Wiedersehen!<\/p>\n<p>Schwester Jacky Abinassif<\/p>\n<p>Melkitisch griechisch-katholisch<\/p>\n","protected":false},"excerpt":{"rendered":"<p>Herzliches Gedenken an Pater Imad Daher, der bei dem Erdbeben vom 6. Februar in Aleppo, Syrien ums Leben kam, verfasst von einer Freundin<\/p>\n","protected":false},"author":4258341447,"featured_media":179307,"comment_status":"closed","ping_status":"closed","sticky":false,"template":"","format":"standard","meta":{"_acf_changed":false,"_acn_coauthor_ids":[],"footnotes":""},"categories":[968],"tags":[],"country":[852],"class_list":["post-179334","post","type-post","status-publish","format-standard","has-post-thumbnail","hentry","category-featured-de","country-syrien"],"acn_coauthors":[],"acf":[],"yoast_head":"<!-- This site is optimized with the Yoast SEO Premium plugin v27.3 (Yoast SEO v27.3) - https:\/\/yoast.com\/product\/yoast-seo-premium-wordpress\/ -->\n<title>Syrien: der Priester, der beim Erdbeben starb | ACN International<\/title>\n<meta name=\"description\" content=\"Herzliches Gedenken an Pater Imad Daher, der bei dem Erdbeben vom 6. Februar in Aleppo, Syrien ums Leben kam, verfasst von einer Freundin.\" \/>\n<meta name=\"robots\" content=\"index, follow, max-snippet:-1, max-image-preview:large, max-video-preview:-1\" \/>\n<link rel=\"canonical\" href=\"https:\/\/acninternational.org\/de\/syrien-der-priester-der-beim-erdbeben-starb\/\" \/>\n<meta property=\"og:locale\" content=\"de_DE\" \/>\n<meta property=\"og:type\" content=\"article\" \/>\n<meta property=\"og:title\" content=\"\u201eDu hast unser geschlagenes Volk in den Tod begleitet&quot;\" \/>\n<meta property=\"og:description\" content=\"Herzliches Gedenken an Pater Imad Daher, der bei dem Erdbeben vom 6. Februar in Aleppo, Syrien ums Leben kam, verfasst von einer Freundin.\" \/>\n<meta property=\"og:url\" content=\"https:\/\/acninternational.org\/de\/syrien-der-priester-der-beim-erdbeben-starb\/\" \/>\n<meta property=\"og:site_name\" content=\"ACN International\" \/>\n<meta property=\"article:publisher\" content=\"https:\/\/www.facebook.com\/acninternationalorg\" \/>\n<meta property=\"article:published_time\" content=\"2023-03-20T10:32:45+00:00\" \/>\n<meta property=\"article:modified_time\" content=\"2023-03-20T10:53:35+00:00\" \/>\n<meta property=\"og:image\" content=\"https:\/\/media.acninternational.org\/wp-content\/uploads\/2023\/03\/heading-1-1.png\" \/>\n\t<meta property=\"og:image:width\" content=\"2000\" \/>\n\t<meta property=\"og:image:height\" content=\"625\" \/>\n\t<meta property=\"og:image:type\" content=\"image\/png\" \/>\n<meta name=\"author\" content=\"ACN Press Team\" \/>\n<meta name=\"twitter:card\" content=\"summary_large_image\" \/>\n<meta name=\"twitter:creator\" content=\"@acn_int\" \/>\n<meta name=\"twitter:site\" content=\"@acn_int\" \/>\n<meta name=\"twitter:label1\" content=\"Verfasst von\" \/>\n\t<meta name=\"twitter:data1\" content=\"ACN Press Team\" \/>\n\t<meta name=\"twitter:label2\" content=\"Gesch\u00e4tzte Lesezeit\" \/>\n\t<meta name=\"twitter:data2\" content=\"5\u00a0Minuten\" \/>\n<script type=\"application\/ld+json\" class=\"yoast-schema-graph\">{\"@context\":\"https:\\\/\\\/schema.org\",\"@graph\":[{\"@type\":\"Article\",\"@id\":\"https:\\\/\\\/acninternational.org\\\/de\\\/syrien-der-priester-der-beim-erdbeben-starb\\\/#article\",\"isPartOf\":{\"@id\":\"https:\\\/\\\/acninternational.org\\\/de\\\/syrien-der-priester-der-beim-erdbeben-starb\\\/\"},\"author\":{\"name\":\"ACN Press Team\",\"@id\":\"https:\\\/\\\/acninternational.org\\\/de\\\/#\\\/schema\\\/person\\\/7f3dafb236b242fb2aa46be1411fd703\"},\"headline\":\"\u201eDu hast unser geschlagenes Volk in den Tod begleitet&#8220;\",\"datePublished\":\"2023-03-20T10:32:45+00:00\",\"dateModified\":\"2023-03-20T10:53:35+00:00\",\"mainEntityOfPage\":{\"@id\":\"https:\\\/\\\/acninternational.org\\\/de\\\/syrien-der-priester-der-beim-erdbeben-starb\\\/\"},\"wordCount\":875,\"publisher\":{\"@id\":\"https:\\\/\\\/acninternational.org\\\/de\\\/#organization\"},\"image\":{\"@id\":\"https:\\\/\\\/acninternational.org\\\/de\\\/syrien-der-priester-der-beim-erdbeben-starb\\\/#primaryimage\"},\"thumbnailUrl\":\"https:\\\/\\\/media.acninternational.org\\\/wp-content\\\/uploads\\\/2023\\\/03\\\/heading-1-1.png\",\"articleSection\":[\"FEATURED\"],\"inLanguage\":\"de\"},{\"@type\":\"WebPage\",\"@id\":\"https:\\\/\\\/acninternational.org\\\/de\\\/syrien-der-priester-der-beim-erdbeben-starb\\\/\",\"url\":\"https:\\\/\\\/acninternational.org\\\/de\\\/syrien-der-priester-der-beim-erdbeben-starb\\\/\",\"name\":\"Syrien: der Priester, der beim Erdbeben starb | ACN International\",\"isPartOf\":{\"@id\":\"https:\\\/\\\/acninternational.org\\\/de\\\/#website\"},\"primaryImageOfPage\":{\"@id\":\"https:\\\/\\\/acninternational.org\\\/de\\\/syrien-der-priester-der-beim-erdbeben-starb\\\/#primaryimage\"},\"image\":{\"@id\":\"https:\\\/\\\/acninternational.org\\\/de\\\/syrien-der-priester-der-beim-erdbeben-starb\\\/#primaryimage\"},\"thumbnailUrl\":\"https:\\\/\\\/media.acninternational.org\\\/wp-content\\\/uploads\\\/2023\\\/03\\\/heading-1-1.png\",\"datePublished\":\"2023-03-20T10:32:45+00:00\",\"dateModified\":\"2023-03-20T10:53:35+00:00\",\"description\":\"Herzliches Gedenken an Pater Imad Daher, der bei dem Erdbeben vom 6. Februar in Aleppo, Syrien ums Leben kam, verfasst von einer Freundin.\",\"breadcrumb\":{\"@id\":\"https:\\\/\\\/acninternational.org\\\/de\\\/syrien-der-priester-der-beim-erdbeben-starb\\\/#breadcrumb\"},\"inLanguage\":\"de\",\"potentialAction\":[{\"@type\":\"ReadAction\",\"target\":[\"https:\\\/\\\/acninternational.org\\\/de\\\/syrien-der-priester-der-beim-erdbeben-starb\\\/\"]}]},{\"@type\":\"ImageObject\",\"inLanguage\":\"de\",\"@id\":\"https:\\\/\\\/acninternational.org\\\/de\\\/syrien-der-priester-der-beim-erdbeben-starb\\\/#primaryimage\",\"url\":\"https:\\\/\\\/media.acninternational.org\\\/wp-content\\\/uploads\\\/2023\\\/03\\\/heading-1-1.png\",\"contentUrl\":\"https:\\\/\\\/media.acninternational.org\\\/wp-content\\\/uploads\\\/2023\\\/03\\\/heading-1-1.png\",\"width\":2000,\"height\":625,\"caption\":\"sacerdote muerto en el terremoto de siria\"},{\"@type\":\"BreadcrumbList\",\"@id\":\"https:\\\/\\\/acninternational.org\\\/de\\\/syrien-der-priester-der-beim-erdbeben-starb\\\/#breadcrumb\",\"itemListElement\":[{\"@type\":\"ListItem\",\"position\":1,\"name\":\"Home\",\"item\":\"https:\\\/\\\/acninternational.org\\\/de\\\/\"},{\"@type\":\"ListItem\",\"position\":2,\"name\":\"FEATURED\",\"item\":\"https:\\\/\\\/acninternational.org\\\/de\\\/category\\\/featured-de\\\/\"},{\"@type\":\"ListItem\",\"position\":3,\"name\":\"\u201eDu hast unser geschlagenes Volk in den Tod begleitet&#8220;\"}]},{\"@type\":\"WebSite\",\"@id\":\"https:\\\/\\\/acninternational.org\\\/de\\\/#website\",\"url\":\"https:\\\/\\\/acninternational.org\\\/de\\\/\",\"name\":\"ACN International\",\"description\":\"\",\"publisher\":{\"@id\":\"https:\\\/\\\/acninternational.org\\\/de\\\/#organization\"},\"potentialAction\":[{\"@type\":\"SearchAction\",\"target\":{\"@type\":\"EntryPoint\",\"urlTemplate\":\"https:\\\/\\\/acninternational.org\\\/de\\\/?s={search_term_string}\"},\"query-input\":{\"@type\":\"PropertyValueSpecification\",\"valueRequired\":true,\"valueName\":\"search_term_string\"}}],\"inLanguage\":\"de\"},{\"@type\":\"Organization\",\"@id\":\"https:\\\/\\\/acninternational.org\\\/de\\\/#organization\",\"name\":\"Aid to the Church in Need International\",\"url\":\"https:\\\/\\\/acninternational.org\\\/de\\\/\",\"logo\":{\"@type\":\"ImageObject\",\"inLanguage\":\"de\",\"@id\":\"https:\\\/\\\/acninternational.org\\\/de\\\/#\\\/schema\\\/logo\\\/image\\\/\",\"url\":\"https:\\\/\\\/media.acninternational.org\\\/wp-content\\\/uploads\\\/2019\\\/11\\\/acn_logo_blackvector.svg\",\"contentUrl\":\"https:\\\/\\\/media.acninternational.org\\\/wp-content\\\/uploads\\\/2019\\\/11\\\/acn_logo_blackvector.svg\",\"width\":232.6,\"height\":78,\"caption\":\"Aid to the Church in Need International\"},\"image\":{\"@id\":\"https:\\\/\\\/acninternational.org\\\/de\\\/#\\\/schema\\\/logo\\\/image\\\/\"},\"sameAs\":[\"https:\\\/\\\/www.facebook.com\\\/acninternationalorg\",\"https:\\\/\\\/x.com\\\/acn_int\",\"https:\\\/\\\/www.youtube.com\\\/channel\\\/UCQ-077gS0TnVzkhHmf1opZw\",\"https:\\\/\\\/www.instagram.com\\\/acn_international\\\/\"]},{\"@type\":\"Person\",\"@id\":\"https:\\\/\\\/acninternational.org\\\/de\\\/#\\\/schema\\\/person\\\/7f3dafb236b242fb2aa46be1411fd703\",\"name\":\"ACN Press Team\",\"description\":\"Lorem ipsum dolor sit amet, consectetur adipiscing elit, sed do eiusmod tempor incididunt ut labore et dolore magna aliqua. Ut enim ad minim veniam, quis nostrud exercitation ullamco laboris nisi ut aliquip ex ea commodo consequat.\",\"url\":\"https:\\\/\\\/acninternational.org\\\/de\\\/author\\\/acn-press-team\\\/\"}]}<\/script>\n<!-- \/ Yoast SEO Premium plugin. -->","yoast_head_json":{"title":"Syrien: der Priester, der beim Erdbeben starb | ACN International","description":"Herzliches Gedenken an Pater Imad Daher, der bei dem Erdbeben vom 6. Februar in Aleppo, Syrien ums Leben kam, verfasst von einer Freundin.","robots":{"index":"index","follow":"follow","max-snippet":"max-snippet:-1","max-image-preview":"max-image-preview:large","max-video-preview":"max-video-preview:-1"},"canonical":"https:\/\/acninternational.org\/de\/syrien-der-priester-der-beim-erdbeben-starb\/","og_locale":"de_DE","og_type":"article","og_title":"\u201eDu hast unser geschlagenes Volk in den Tod begleitet\"","og_description":"Herzliches Gedenken an Pater Imad Daher, der bei dem Erdbeben vom 6. Februar in Aleppo, Syrien ums Leben kam, verfasst von einer Freundin.","og_url":"https:\/\/acninternational.org\/de\/syrien-der-priester-der-beim-erdbeben-starb\/","og_site_name":"ACN International","article_publisher":"https:\/\/www.facebook.com\/acninternationalorg","article_published_time":"2023-03-20T10:32:45+00:00","article_modified_time":"2023-03-20T10:53:35+00:00","og_image":[{"width":2000,"height":625,"url":"https:\/\/media.acninternational.org\/wp-content\/uploads\/2023\/03\/heading-1-1.png","type":"image\/png"}],"author":"ACN Press Team","twitter_card":"summary_large_image","twitter_creator":"@acn_int","twitter_site":"@acn_int","twitter_misc":{"Verfasst von":"ACN Press Team","Gesch\u00e4tzte Lesezeit":"5\u00a0Minuten"},"schema":{"@context":"https:\/\/schema.org","@graph":[{"@type":"Article","@id":"https:\/\/acninternational.org\/de\/syrien-der-priester-der-beim-erdbeben-starb\/#article","isPartOf":{"@id":"https:\/\/acninternational.org\/de\/syrien-der-priester-der-beim-erdbeben-starb\/"},"author":{"name":"ACN Press Team","@id":"https:\/\/acninternational.org\/de\/#\/schema\/person\/7f3dafb236b242fb2aa46be1411fd703"},"headline":"\u201eDu hast unser geschlagenes Volk in den Tod begleitet&#8220;","datePublished":"2023-03-20T10:32:45+00:00","dateModified":"2023-03-20T10:53:35+00:00","mainEntityOfPage":{"@id":"https:\/\/acninternational.org\/de\/syrien-der-priester-der-beim-erdbeben-starb\/"},"wordCount":875,"publisher":{"@id":"https:\/\/acninternational.org\/de\/#organization"},"image":{"@id":"https:\/\/acninternational.org\/de\/syrien-der-priester-der-beim-erdbeben-starb\/#primaryimage"},"thumbnailUrl":"https:\/\/media.acninternational.org\/wp-content\/uploads\/2023\/03\/heading-1-1.png","articleSection":["FEATURED"],"inLanguage":"de"},{"@type":"WebPage","@id":"https:\/\/acninternational.org\/de\/syrien-der-priester-der-beim-erdbeben-starb\/","url":"https:\/\/acninternational.org\/de\/syrien-der-priester-der-beim-erdbeben-starb\/","name":"Syrien: der Priester, der beim Erdbeben starb | ACN International","isPartOf":{"@id":"https:\/\/acninternational.org\/de\/#website"},"primaryImageOfPage":{"@id":"https:\/\/acninternational.org\/de\/syrien-der-priester-der-beim-erdbeben-starb\/#primaryimage"},"image":{"@id":"https:\/\/acninternational.org\/de\/syrien-der-priester-der-beim-erdbeben-starb\/#primaryimage"},"thumbnailUrl":"https:\/\/media.acninternational.org\/wp-content\/uploads\/2023\/03\/heading-1-1.png","datePublished":"2023-03-20T10:32:45+00:00","dateModified":"2023-03-20T10:53:35+00:00","description":"Herzliches Gedenken an Pater Imad Daher, der bei dem Erdbeben vom 6. Februar in Aleppo, Syrien ums Leben kam, verfasst von einer Freundin.","breadcrumb":{"@id":"https:\/\/acninternational.org\/de\/syrien-der-priester-der-beim-erdbeben-starb\/#breadcrumb"},"inLanguage":"de","potentialAction":[{"@type":"ReadAction","target":["https:\/\/acninternational.org\/de\/syrien-der-priester-der-beim-erdbeben-starb\/"]}]},{"@type":"ImageObject","inLanguage":"de","@id":"https:\/\/acninternational.org\/de\/syrien-der-priester-der-beim-erdbeben-starb\/#primaryimage","url":"https:\/\/media.acninternational.org\/wp-content\/uploads\/2023\/03\/heading-1-1.png","contentUrl":"https:\/\/media.acninternational.org\/wp-content\/uploads\/2023\/03\/heading-1-1.png","width":2000,"height":625,"caption":"sacerdote muerto en el terremoto de siria"},{"@type":"BreadcrumbList","@id":"https:\/\/acninternational.org\/de\/syrien-der-priester-der-beim-erdbeben-starb\/#breadcrumb","itemListElement":[{"@type":"ListItem","position":1,"name":"Home","item":"https:\/\/acninternational.org\/de\/"},{"@type":"ListItem","position":2,"name":"FEATURED","item":"https:\/\/acninternational.org\/de\/category\/featured-de\/"},{"@type":"ListItem","position":3,"name":"\u201eDu hast unser geschlagenes Volk in den Tod begleitet&#8220;"}]},{"@type":"WebSite","@id":"https:\/\/acninternational.org\/de\/#website","url":"https:\/\/acninternational.org\/de\/","name":"ACN International","description":"","publisher":{"@id":"https:\/\/acninternational.org\/de\/#organization"},"potentialAction":[{"@type":"SearchAction","target":{"@type":"EntryPoint","urlTemplate":"https:\/\/acninternational.org\/de\/?s={search_term_string}"},"query-input":{"@type":"PropertyValueSpecification","valueRequired":true,"valueName":"search_term_string"}}],"inLanguage":"de"},{"@type":"Organization","@id":"https:\/\/acninternational.org\/de\/#organization","name":"Aid to the Church in Need International","url":"https:\/\/acninternational.org\/de\/","logo":{"@type":"ImageObject","inLanguage":"de","@id":"https:\/\/acninternational.org\/de\/#\/schema\/logo\/image\/","url":"https:\/\/media.acninternational.org\/wp-content\/uploads\/2019\/11\/acn_logo_blackvector.svg","contentUrl":"https:\/\/media.acninternational.org\/wp-content\/uploads\/2019\/11\/acn_logo_blackvector.svg","width":232.6,"height":78,"caption":"Aid to the Church in Need International"},"image":{"@id":"https:\/\/acninternational.org\/de\/#\/schema\/logo\/image\/"},"sameAs":["https:\/\/www.facebook.com\/acninternationalorg","https:\/\/x.com\/acn_int","https:\/\/www.youtube.com\/channel\/UCQ-077gS0TnVzkhHmf1opZw","https:\/\/www.instagram.com\/acn_international\/"]},{"@type":"Person","@id":"https:\/\/acninternational.org\/de\/#\/schema\/person\/7f3dafb236b242fb2aa46be1411fd703","name":"ACN Press Team","description":"Lorem ipsum dolor sit amet, consectetur adipiscing elit, sed do eiusmod tempor incididunt ut labore et dolore magna aliqua. Ut enim ad minim veniam, quis nostrud exercitation ullamco laboris nisi ut aliquip ex ea commodo consequat.","url":"https:\/\/acninternational.org\/de\/author\/acn-press-team\/"}]}},"_links":{"self":[{"href":"https:\/\/acninternational.org\/de\/wp-json\/wp\/v2\/posts\/179334","targetHints":{"allow":["GET"]}}],"collection":[{"href":"https:\/\/acninternational.org\/de\/wp-json\/wp\/v2\/posts"}],"about":[{"href":"https:\/\/acninternational.org\/de\/wp-json\/wp\/v2\/types\/post"}],"author":[{"embeddable":true,"href":"https:\/\/acninternational.org\/de\/wp-json\/wp\/v2\/users\/4258341447"}],"replies":[{"embeddable":true,"href":"https:\/\/acninternational.org\/de\/wp-json\/wp\/v2\/comments?post=179334"}],"version-history":[{"count":0,"href":"https:\/\/acninternational.org\/de\/wp-json\/wp\/v2\/posts\/179334\/revisions"}],"wp:featuredmedia":[{"embeddable":true,"href":"https:\/\/acninternational.org\/de\/wp-json\/wp\/v2\/media\/179307"}],"wp:attachment":[{"href":"https:\/\/acninternational.org\/de\/wp-json\/wp\/v2\/media?parent=179334"}],"wp:term":[{"taxonomy":"category","embeddable":true,"href":"https:\/\/acninternational.org\/de\/wp-json\/wp\/v2\/categories?post=179334"},{"taxonomy":"post_tag","embeddable":true,"href":"https:\/\/acninternational.org\/de\/wp-json\/wp\/v2\/tags?post=179334"},{"taxonomy":"country","embeddable":true,"href":"https:\/\/acninternational.org\/de\/wp-json\/wp\/v2\/country?post=179334"}],"curies":[{"name":"wp","href":"https:\/\/api.w.org\/{rel}","templated":true}]}}