{"id":179239,"date":"2023-03-13T16:05:09","date_gmt":"2023-03-13T15:05:09","guid":{"rendered":"https:\/\/acninternational.org\/?p=179239"},"modified":"2024-08-08T08:51:35","modified_gmt":"2024-08-08T06:51:35","slug":"10-jahre-papst-franziskus-an-der-seite-verfolgter-christen","status":"publish","type":"post","link":"https:\/\/acninternational.org\/de\/10-jahre-papst-franziskus-an-der-seite-verfolgter-christen\/","title":{"rendered":"10 Jahre Papst Franziskus an der Seite verfolgter Christen"},"content":{"rendered":"<p><em>Der Heilige Vater traf am vergangenen Mittwoch zwei jungen Christinnen aus Nigeria, die Opfer dschihadistischer Verfolgung sind.<\/em><\/p>\n<p>Anl\u00e4sslich des 10. Jahrestags des Pontifikats von Papst Franziskus m\u00f6chte das p\u00e4pstliche Hilfswerk Aid to the Church in Need (ACN) die N\u00e4he des Heiligen Vaters zu den leidenden und verfolgten Christen in der Welt sowie sein besonderes Interesse f\u00fcr den interreligi\u00f6sen Dialog und die Verteidigung der Religionsfreiheit hervorheben.<\/p>\n<figure id=\"attachment_179222\" aria-describedby=\"caption-attachment-179222\" style=\"width: 670px\" class=\"wp-caption aligncenter\"><img loading=\"lazy\" decoding=\"async\" class=\"wp-image-179222 size-full\" src=\"https:\/\/media.acninternational.org\/wp-content\/uploads\/2023\/03\/news_Pope-Francis10-years-1.jpg\" alt=\"\" width=\"670\" height=\"400\" srcset=\"https:\/\/media.acninternational.org\/wp-content\/uploads\/2023\/03\/news_Pope-Francis10-years-1.jpg 670w, https:\/\/media.acninternational.org\/wp-content\/uploads\/2023\/03\/news_Pope-Francis10-years-1-300x179.jpg 300w\" sizes=\"auto, (max-width: 670px) 100vw, 670px\" \/><figcaption id=\"caption-attachment-179222\" class=\"wp-caption-text\">Papst Franziskus traf Maryamu Joseph (19) und Janada Marcus (22), Opfer der Boko Haram Terroristen<\/figcaption><\/figure>\n<p>\u201eDer Heilige Vater hat uns anhand von vielen kleinen Begebenheiten immer wieder seine N\u00e4he gezeigt und der Arbeit unseres Hilfswerks Aid to the Church in Need gro\u00dfe Aufmerksamkeit geschenkt. Wir erinnern uns mit Dankbarkeit an solche Momente, etwa als er bei einer privaten Audienz unser Hilfswerk zusammen mit Rebeca Bitrus empfing, einer von Boko Haram verfolgten nigerianischen Christin, die Vergewaltigung und schreckliches Leid durchlitten hat\u201c, so Thomas Heine-Geldern, Gesch\u00e4ftsf\u00fchrender Pr\u00e4sident von ACN International. \u201eErst am Mittwoch, den 8. M\u00e4rz, begr\u00fc\u00dfte Franziskus nach der Generalaudienz zwei junge Frauen, die ebenfalls stark unter der islamistischen Terrorgewalt in Nordnigeria gelitten haben.\u201c<\/p>\n<p>\u201eWie k\u00f6nnten wir zudem seine Worte der Unterst\u00fctzung f\u00fcr die Familie von Asia Bibi vergessen, seine Bitte, dieser pakistanischen Frau, die aufgrund einer falschen Anklage wegen Blasphemie zehn Jahre lang inhaftiert war, seine Liebe und Unterst\u00fctzung zu \u00fcbermitteln\u201c, betont Heine-Geldern.<\/p>\n<p>Konkrete Beispiele f\u00fcr seine Sorge um die wegen ihres Glaubens Verfolgten sind zwei der monatlichen Videos des Heiligen Vaters mit Gebetsanliegen: In den Jahren 2017 und 2019 bat er darum, dass verfolgte Christen durch das Gebet und die materielle Hilfe der ganzen Kirche unterst\u00fctzt werden. Und im Januar 2022 nannte er <a href=\"https:\/\/acninternational.org\/two-out-of-three-people-suffer-persecution-because-of-their-faith-this-is-unacceptable-says-pope-francis\/\">religi\u00f6se Verfolgung<\/a> \u201einakzeptabel und unmenschlich\u201c sowie \u201eWahnsinn\u201c.<\/p>\n<p><strong>Besuche bei leidenden Christen in vergessenen L\u00e4ndern<\/strong><\/p>\n<p>Seine Besuche in L\u00e4ndern wie der Demokratischen Republik Kongo, dem S\u00fcdsudan und der Zentralafrikanischen Republik, Kasachstan oder dem <a href=\"https:\/\/acninternational.org\/activity\/middle-east\/pope-francis-trip-to-iraq\/\">Irak<\/a> sind ein Zeugnis und ein Verm\u00e4chtnis des Heiligen Vaters, der zuh\u00f6rt und der leidenden Kirche, den am meisten vergessenen und nach Frieden und Gerechtigkeit d\u00fcrstenden Menschen, entgegengeht. Im Irak betrat Franziskus Kirchen, die vom Islamischen Staat zerst\u00f6rt worden waren, und besuchte Gro\u00dfajatollah al-Sistani, eine Geste, die manche als \u201eMeilenstein auf dem Weg zum interreligi\u00f6sen Dialog\u201c bezeichnen.<\/p>\n<figure id=\"attachment_179228\" aria-describedby=\"caption-attachment-179228\" style=\"width: 670px\" class=\"wp-caption aligncenter\"><img loading=\"lazy\" decoding=\"async\" class=\"wp-image-179228 size-full\" src=\"https:\/\/media.acninternational.org\/wp-content\/uploads\/2023\/03\/news_Pope-Francis10-years-2.jpg\" alt=\"\" width=\"670\" height=\"400\" srcset=\"https:\/\/media.acninternational.org\/wp-content\/uploads\/2023\/03\/news_Pope-Francis10-years-2.jpg 670w, https:\/\/media.acninternational.org\/wp-content\/uploads\/2023\/03\/news_Pope-Francis10-years-2-300x179.jpg 300w\" sizes=\"auto, (max-width: 670px) 100vw, 670px\" \/><figcaption id=\"caption-attachment-179228\" class=\"wp-caption-text\">Interreligi\u00f6ses Treffen in Ur: Papst Franziskus trifft Vertreter der drei abrahamitischen Religionen im Irak<\/figcaption><\/figure>\n<p>Durch verschiedene Gesten hat der Nachfolger Petri seine Verbundenheit mit ACN und dessen Arbeit gezeigt. Im Jahr 2017 lud er die Menschen ein, gemeinsam mit dem P\u00e4pstlichen Hilfswerk im Rahmen der Kampagne \u201e<a href=\"http:\/\/www.archivioradiovaticana.va\/storico\/2016\/06\/17\/pope_releases_video_message_for_charity%E2%80%99s_%E2%80%9Cbe_god%E2%80%99s_mercy%E2%80%9D_project\/en-1237926\">Sei Gottes Barmherzigkeit<\/a>\u201c Werke der Barmherzigkeit zu tun. Bei mehreren Gelegenheiten hat er auch an die Initiative von ACN \u201e<a href=\"https:\/\/acninternational.org\/pope-francis-encourages-acns-campaign-one-million-children-praying-the-rosary\/\">Eine Million Kinder beten den Rosenkranz<\/a>\u201c erinnert, um f\u00fcr den Frieden in der Welt zu beten.<\/p>\n<p>\u201eIch selbst habe solche Momente gro\u00dfer N\u00e4he von Papst Franziskus zu unseren leidenden Br\u00fcdern und Schwestern miterlebt, beispielsweise als der Heilige Vater Rosenkr\u00e4nze oder die <a href=\"https:\/\/acninternational.org\/acns-syria-campaign-after-6000-rosaries-the-pope-also-blessed-a-marian-icon\/\">Ikone Unserer Lieben Frau von Syrien<\/a> segnete, mit dem Anliegen, f\u00fcr den Frieden in Syrien zu beten.\u201c Von seinem Balkon aus segnete er 6000 Rosenkr\u00e4nze, die ACN syrischen Familien schickte, die durch Krieg, Gewalt und Terror Angeh\u00f6rige verloren hatten.<\/p>\n<p><strong>Verteidigung der Religionsfreiheit<\/strong><\/p>\n<p>Zudem erinnert das Hilfswerk dankbar daran, dass der Heilige Vater immer wieder in Texten und Ansprachen auf die <a href=\"https:\/\/acninternational.org\/no-peace-without-religious-freedom-says-pope\/\">Bedeutung der Religionsfreiheit<\/a> hingewiesen hat. Erst vor kurzem, im Februar 2023, betonte er in einer Ansprache vor dem beim Heiligen Stuhl akkreditierte diplomatische Korps die Bedeutung der Verteidigung der Religionsfreiheit f\u00fcr den wahren Frieden in der Welt.<\/p>\n<p>\u201eWir sind besonders dankbar f\u00fcr die Analysedes Heiligen Vaters bez\u00fcglich der Zeiten, in denen wir leben, wenn er anprangert, dass es in vielen L\u00e4ndern der Welt zu einer ,h\u00f6flichen\u2018, versteckten Verfolgung von Christen kommt, die nicht durch Terror und terroristische Gewalt ges\u00e4t wird, sondern durch fehlenden Respekt vor dem Gewissen der menschlichen Person und dadurch, dass Menschen gezwungen werden, so zu leben, dass es moralischen Werten und sogar dem Heiligen widerspricht\u201c, schlie\u00dft Heine-Geldern ab.<\/p>\n<p>Der Papst hat bei mehreren Gelegenheiten das Recht auf Religionsfreiheit angesprochen. So auch 2014 beim <a href=\"https:\/\/www.vatican.va\/content\/francesco\/de\/angelus\/2014\/documents\/papa-francesco_angelus_20141226.html\">Angelusgebet<\/a> auf dem Petersplatz, als er sagte, dass das Opfer der heutigen \u201eM\u00e4rtyrer\u201c, die als Christen verfolgt werden, die Bem\u00fchungen um die Gew\u00e4hrleistung der Religionsfreiheit in der ganzen Welt st\u00e4rkt. Und vor kurzem auf seiner <a href=\"https:\/\/www.vatican.va\/content\/francesco\/de\/speeches\/2022\/september\/documents\/20220915-kazakhstan-finecongresso.html\">Kasachstanreise<\/a>, wo er am Kongress der F\u00fchrer der Welt- und traditionellen Religionen teilnahm. Dort erkl\u00e4rte er: \u201eEs ist das Recht eines jeden Menschen, seinen Glauben \u00f6ffentlich zu bezeugen, ihn vorzuschlagen, ohne ihn jemals aufzudr\u00e4ngen.\u201c<\/p>\n","protected":false},"excerpt":{"rendered":"<p>Anl\u00e4sslich des 10. Jahrestags des Pontifikats von Papst Franziskus m\u00f6chte ACN die N\u00e4he des Heiligen Vaters zu den leidenden und verfolgten Christen<\/p>\n","protected":false},"author":66,"featured_media":179218,"comment_status":"closed","ping_status":"closed","sticky":false,"template":"","format":"standard","meta":{"_acf_changed":false,"_acn_coauthor_ids":[],"footnotes":""},"categories":[918,954],"tags":[],"country":[393],"class_list":["post-179239","post","type-post","status-publish","format-standard","has-post-thumbnail","hentry","category-nachricht","category-news-de","country-internacional"],"acn_coauthors":[],"acf":[],"yoast_head":"<!-- This site is optimized with the Yoast SEO Premium plugin v27.3 (Yoast SEO v27.3) - https:\/\/yoast.com\/product\/yoast-seo-premium-wordpress\/ -->\n<title>10 Jahre Papst Franziskus an der Seite verfolgter Christen | ACN International<\/title>\n<meta name=\"description\" content=\"Anl\u00e4sslich des 10. Jahrestags des Pontifikats von Papst Franziskus m\u00f6chte ACN die N\u00e4he des Heiligen Vaters zu den leidenden und verfolgten Christen\" \/>\n<meta name=\"robots\" content=\"index, follow, max-snippet:-1, max-image-preview:large, max-video-preview:-1\" \/>\n<link rel=\"canonical\" href=\"https:\/\/acninternational.org\/de\/10-jahre-papst-franziskus-an-der-seite-verfolgter-christen\/\" \/>\n<meta property=\"og:locale\" content=\"de_DE\" \/>\n<meta property=\"og:type\" content=\"article\" \/>\n<meta property=\"og:title\" content=\"10 Jahre Papst Franziskus an der Seite verfolgter Christen\" \/>\n<meta property=\"og:description\" content=\"Anl\u00e4sslich des 10. Jahrestags des Pontifikats von Papst Franziskus m\u00f6chte ACN die N\u00e4he des Heiligen Vaters zu den leidenden und verfolgten Christen\" \/>\n<meta property=\"og:url\" content=\"https:\/\/acninternational.org\/de\/10-jahre-papst-franziskus-an-der-seite-verfolgter-christen\/\" \/>\n<meta property=\"og:site_name\" content=\"ACN International\" \/>\n<meta property=\"article:publisher\" content=\"https:\/\/www.facebook.com\/acninternationalorg\" \/>\n<meta property=\"article:published_time\" content=\"2023-03-13T15:05:09+00:00\" \/>\n<meta property=\"article:modified_time\" content=\"2024-08-08T06:51:35+00:00\" \/>\n<meta property=\"og:image\" content=\"https:\/\/media.acninternational.org\/wp-content\/uploads\/2023\/03\/news_Pope-Francis10-years.jpg\" \/>\n\t<meta property=\"og:image:width\" content=\"2000\" \/>\n\t<meta property=\"og:image:height\" content=\"625\" \/>\n\t<meta property=\"og:image:type\" content=\"image\/jpeg\" \/>\n<meta name=\"author\" content=\"Milena\" \/>\n<meta name=\"twitter:card\" content=\"summary_large_image\" \/>\n<meta name=\"twitter:creator\" content=\"@acn_int\" \/>\n<meta name=\"twitter:site\" content=\"@acn_int\" \/>\n<meta name=\"twitter:label1\" content=\"Verfasst von\" \/>\n\t<meta name=\"twitter:data1\" content=\"Milena\" \/>\n\t<meta name=\"twitter:label2\" content=\"Gesch\u00e4tzte Lesezeit\" \/>\n\t<meta name=\"twitter:data2\" content=\"4\u00a0Minuten\" \/>\n<script type=\"application\/ld+json\" class=\"yoast-schema-graph\">{\"@context\":\"https:\\\/\\\/schema.org\",\"@graph\":[{\"@type\":\"Article\",\"@id\":\"https:\\\/\\\/acninternational.org\\\/de\\\/10-jahre-papst-franziskus-an-der-seite-verfolgter-christen\\\/#article\",\"isPartOf\":{\"@id\":\"https:\\\/\\\/acninternational.org\\\/de\\\/10-jahre-papst-franziskus-an-der-seite-verfolgter-christen\\\/\"},\"author\":{\"name\":\"Milena\",\"@id\":\"https:\\\/\\\/acninternational.org\\\/de\\\/#\\\/schema\\\/person\\\/5a2b2930ad4475e0aa0dade4e51d9474\"},\"headline\":\"10 Jahre Papst Franziskus an der Seite verfolgter Christen\",\"datePublished\":\"2023-03-13T15:05:09+00:00\",\"dateModified\":\"2024-08-08T06:51:35+00:00\",\"mainEntityOfPage\":{\"@id\":\"https:\\\/\\\/acninternational.org\\\/de\\\/10-jahre-papst-franziskus-an-der-seite-verfolgter-christen\\\/\"},\"wordCount\":783,\"publisher\":{\"@id\":\"https:\\\/\\\/acninternational.org\\\/de\\\/#organization\"},\"image\":{\"@id\":\"https:\\\/\\\/acninternational.org\\\/de\\\/10-jahre-papst-franziskus-an-der-seite-verfolgter-christen\\\/#primaryimage\"},\"thumbnailUrl\":\"https:\\\/\\\/media.acninternational.org\\\/wp-content\\\/uploads\\\/2023\\\/03\\\/news_Pope-Francis10-years.jpg\",\"articleSection\":[\"Nachricht\",\"Nachricht\"],\"inLanguage\":\"de\"},{\"@type\":\"WebPage\",\"@id\":\"https:\\\/\\\/acninternational.org\\\/de\\\/10-jahre-papst-franziskus-an-der-seite-verfolgter-christen\\\/\",\"url\":\"https:\\\/\\\/acninternational.org\\\/de\\\/10-jahre-papst-franziskus-an-der-seite-verfolgter-christen\\\/\",\"name\":\"10 Jahre Papst Franziskus an der Seite verfolgter Christen | ACN International\",\"isPartOf\":{\"@id\":\"https:\\\/\\\/acninternational.org\\\/de\\\/#website\"},\"primaryImageOfPage\":{\"@id\":\"https:\\\/\\\/acninternational.org\\\/de\\\/10-jahre-papst-franziskus-an-der-seite-verfolgter-christen\\\/#primaryimage\"},\"image\":{\"@id\":\"https:\\\/\\\/acninternational.org\\\/de\\\/10-jahre-papst-franziskus-an-der-seite-verfolgter-christen\\\/#primaryimage\"},\"thumbnailUrl\":\"https:\\\/\\\/media.acninternational.org\\\/wp-content\\\/uploads\\\/2023\\\/03\\\/news_Pope-Francis10-years.jpg\",\"datePublished\":\"2023-03-13T15:05:09+00:00\",\"dateModified\":\"2024-08-08T06:51:35+00:00\",\"description\":\"Anl\u00e4sslich des 10. Jahrestags des Pontifikats von Papst Franziskus m\u00f6chte ACN die N\u00e4he des Heiligen Vaters zu den leidenden und verfolgten Christen\",\"breadcrumb\":{\"@id\":\"https:\\\/\\\/acninternational.org\\\/de\\\/10-jahre-papst-franziskus-an-der-seite-verfolgter-christen\\\/#breadcrumb\"},\"inLanguage\":\"de\",\"potentialAction\":[{\"@type\":\"ReadAction\",\"target\":[\"https:\\\/\\\/acninternational.org\\\/de\\\/10-jahre-papst-franziskus-an-der-seite-verfolgter-christen\\\/\"]}]},{\"@type\":\"ImageObject\",\"inLanguage\":\"de\",\"@id\":\"https:\\\/\\\/acninternational.org\\\/de\\\/10-jahre-papst-franziskus-an-der-seite-verfolgter-christen\\\/#primaryimage\",\"url\":\"https:\\\/\\\/media.acninternational.org\\\/wp-content\\\/uploads\\\/2023\\\/03\\\/news_Pope-Francis10-years.jpg\",\"contentUrl\":\"https:\\\/\\\/media.acninternational.org\\\/wp-content\\\/uploads\\\/2023\\\/03\\\/news_Pope-Francis10-years.jpg\",\"width\":2000,\"height\":625},{\"@type\":\"BreadcrumbList\",\"@id\":\"https:\\\/\\\/acninternational.org\\\/de\\\/10-jahre-papst-franziskus-an-der-seite-verfolgter-christen\\\/#breadcrumb\",\"itemListElement\":[{\"@type\":\"ListItem\",\"position\":1,\"name\":\"Home\",\"item\":\"https:\\\/\\\/acninternational.org\\\/de\\\/\"},{\"@type\":\"ListItem\",\"position\":2,\"name\":\"Nachricht\",\"item\":\"https:\\\/\\\/acninternational.org\\\/de\\\/category\\\/news-de\\\/\"},{\"@type\":\"ListItem\",\"position\":3,\"name\":\"10 Jahre Papst Franziskus an der Seite verfolgter Christen\"}]},{\"@type\":\"WebSite\",\"@id\":\"https:\\\/\\\/acninternational.org\\\/de\\\/#website\",\"url\":\"https:\\\/\\\/acninternational.org\\\/de\\\/\",\"name\":\"ACN International\",\"description\":\"\",\"publisher\":{\"@id\":\"https:\\\/\\\/acninternational.org\\\/de\\\/#organization\"},\"potentialAction\":[{\"@type\":\"SearchAction\",\"target\":{\"@type\":\"EntryPoint\",\"urlTemplate\":\"https:\\\/\\\/acninternational.org\\\/de\\\/?s={search_term_string}\"},\"query-input\":{\"@type\":\"PropertyValueSpecification\",\"valueRequired\":true,\"valueName\":\"search_term_string\"}}],\"inLanguage\":\"de\"},{\"@type\":\"Organization\",\"@id\":\"https:\\\/\\\/acninternational.org\\\/de\\\/#organization\",\"name\":\"Aid to the Church in Need International\",\"url\":\"https:\\\/\\\/acninternational.org\\\/de\\\/\",\"logo\":{\"@type\":\"ImageObject\",\"inLanguage\":\"de\",\"@id\":\"https:\\\/\\\/acninternational.org\\\/de\\\/#\\\/schema\\\/logo\\\/image\\\/\",\"url\":\"https:\\\/\\\/media.acninternational.org\\\/wp-content\\\/uploads\\\/2019\\\/11\\\/acn_logo_blackvector.svg\",\"contentUrl\":\"https:\\\/\\\/media.acninternational.org\\\/wp-content\\\/uploads\\\/2019\\\/11\\\/acn_logo_blackvector.svg\",\"width\":232.6,\"height\":78,\"caption\":\"Aid to the Church in Need International\"},\"image\":{\"@id\":\"https:\\\/\\\/acninternational.org\\\/de\\\/#\\\/schema\\\/logo\\\/image\\\/\"},\"sameAs\":[\"https:\\\/\\\/www.facebook.com\\\/acninternationalorg\",\"https:\\\/\\\/x.com\\\/acn_int\",\"https:\\\/\\\/www.youtube.com\\\/channel\\\/UCQ-077gS0TnVzkhHmf1opZw\",\"https:\\\/\\\/www.instagram.com\\\/acn_international\\\/\"]},{\"@type\":\"Person\",\"@id\":\"https:\\\/\\\/acninternational.org\\\/de\\\/#\\\/schema\\\/person\\\/5a2b2930ad4475e0aa0dade4e51d9474\",\"name\":\"Milena\",\"description\":\"Lorem ipsum dolor sit amet, consectetur adipiscing elit, sed do eiusmod tempor incididunt ut labore et dolore magna aliqua. Ut enim ad minim veniam, quis nostrud exercitation ullamco laboris nisi ut aliquip ex ea commodo consequat.\",\"url\":\"https:\\\/\\\/acninternational.org\\\/de\\\/author\\\/milena\\\/\"}]}<\/script>\n<!-- \/ Yoast SEO Premium plugin. -->","yoast_head_json":{"title":"10 Jahre Papst Franziskus an der Seite verfolgter Christen | ACN International","description":"Anl\u00e4sslich des 10. Jahrestags des Pontifikats von Papst Franziskus m\u00f6chte ACN die N\u00e4he des Heiligen Vaters zu den leidenden und verfolgten Christen","robots":{"index":"index","follow":"follow","max-snippet":"max-snippet:-1","max-image-preview":"max-image-preview:large","max-video-preview":"max-video-preview:-1"},"canonical":"https:\/\/acninternational.org\/de\/10-jahre-papst-franziskus-an-der-seite-verfolgter-christen\/","og_locale":"de_DE","og_type":"article","og_title":"10 Jahre Papst Franziskus an der Seite verfolgter Christen","og_description":"Anl\u00e4sslich des 10. Jahrestags des Pontifikats von Papst Franziskus m\u00f6chte ACN die N\u00e4he des Heiligen Vaters zu den leidenden und verfolgten Christen","og_url":"https:\/\/acninternational.org\/de\/10-jahre-papst-franziskus-an-der-seite-verfolgter-christen\/","og_site_name":"ACN International","article_publisher":"https:\/\/www.facebook.com\/acninternationalorg","article_published_time":"2023-03-13T15:05:09+00:00","article_modified_time":"2024-08-08T06:51:35+00:00","og_image":[{"width":2000,"height":625,"url":"https:\/\/media.acninternational.org\/wp-content\/uploads\/2023\/03\/news_Pope-Francis10-years.jpg","type":"image\/jpeg"}],"author":"Milena","twitter_card":"summary_large_image","twitter_creator":"@acn_int","twitter_site":"@acn_int","twitter_misc":{"Verfasst von":"Milena","Gesch\u00e4tzte Lesezeit":"4\u00a0Minuten"},"schema":{"@context":"https:\/\/schema.org","@graph":[{"@type":"Article","@id":"https:\/\/acninternational.org\/de\/10-jahre-papst-franziskus-an-der-seite-verfolgter-christen\/#article","isPartOf":{"@id":"https:\/\/acninternational.org\/de\/10-jahre-papst-franziskus-an-der-seite-verfolgter-christen\/"},"author":{"name":"Milena","@id":"https:\/\/acninternational.org\/de\/#\/schema\/person\/5a2b2930ad4475e0aa0dade4e51d9474"},"headline":"10 Jahre Papst Franziskus an der Seite verfolgter Christen","datePublished":"2023-03-13T15:05:09+00:00","dateModified":"2024-08-08T06:51:35+00:00","mainEntityOfPage":{"@id":"https:\/\/acninternational.org\/de\/10-jahre-papst-franziskus-an-der-seite-verfolgter-christen\/"},"wordCount":783,"publisher":{"@id":"https:\/\/acninternational.org\/de\/#organization"},"image":{"@id":"https:\/\/acninternational.org\/de\/10-jahre-papst-franziskus-an-der-seite-verfolgter-christen\/#primaryimage"},"thumbnailUrl":"https:\/\/media.acninternational.org\/wp-content\/uploads\/2023\/03\/news_Pope-Francis10-years.jpg","articleSection":["Nachricht","Nachricht"],"inLanguage":"de"},{"@type":"WebPage","@id":"https:\/\/acninternational.org\/de\/10-jahre-papst-franziskus-an-der-seite-verfolgter-christen\/","url":"https:\/\/acninternational.org\/de\/10-jahre-papst-franziskus-an-der-seite-verfolgter-christen\/","name":"10 Jahre Papst Franziskus an der Seite verfolgter Christen | ACN International","isPartOf":{"@id":"https:\/\/acninternational.org\/de\/#website"},"primaryImageOfPage":{"@id":"https:\/\/acninternational.org\/de\/10-jahre-papst-franziskus-an-der-seite-verfolgter-christen\/#primaryimage"},"image":{"@id":"https:\/\/acninternational.org\/de\/10-jahre-papst-franziskus-an-der-seite-verfolgter-christen\/#primaryimage"},"thumbnailUrl":"https:\/\/media.acninternational.org\/wp-content\/uploads\/2023\/03\/news_Pope-Francis10-years.jpg","datePublished":"2023-03-13T15:05:09+00:00","dateModified":"2024-08-08T06:51:35+00:00","description":"Anl\u00e4sslich des 10. Jahrestags des Pontifikats von Papst Franziskus m\u00f6chte ACN die N\u00e4he des Heiligen Vaters zu den leidenden und verfolgten Christen","breadcrumb":{"@id":"https:\/\/acninternational.org\/de\/10-jahre-papst-franziskus-an-der-seite-verfolgter-christen\/#breadcrumb"},"inLanguage":"de","potentialAction":[{"@type":"ReadAction","target":["https:\/\/acninternational.org\/de\/10-jahre-papst-franziskus-an-der-seite-verfolgter-christen\/"]}]},{"@type":"ImageObject","inLanguage":"de","@id":"https:\/\/acninternational.org\/de\/10-jahre-papst-franziskus-an-der-seite-verfolgter-christen\/#primaryimage","url":"https:\/\/media.acninternational.org\/wp-content\/uploads\/2023\/03\/news_Pope-Francis10-years.jpg","contentUrl":"https:\/\/media.acninternational.org\/wp-content\/uploads\/2023\/03\/news_Pope-Francis10-years.jpg","width":2000,"height":625},{"@type":"BreadcrumbList","@id":"https:\/\/acninternational.org\/de\/10-jahre-papst-franziskus-an-der-seite-verfolgter-christen\/#breadcrumb","itemListElement":[{"@type":"ListItem","position":1,"name":"Home","item":"https:\/\/acninternational.org\/de\/"},{"@type":"ListItem","position":2,"name":"Nachricht","item":"https:\/\/acninternational.org\/de\/category\/news-de\/"},{"@type":"ListItem","position":3,"name":"10 Jahre Papst Franziskus an der Seite verfolgter Christen"}]},{"@type":"WebSite","@id":"https:\/\/acninternational.org\/de\/#website","url":"https:\/\/acninternational.org\/de\/","name":"ACN International","description":"","publisher":{"@id":"https:\/\/acninternational.org\/de\/#organization"},"potentialAction":[{"@type":"SearchAction","target":{"@type":"EntryPoint","urlTemplate":"https:\/\/acninternational.org\/de\/?s={search_term_string}"},"query-input":{"@type":"PropertyValueSpecification","valueRequired":true,"valueName":"search_term_string"}}],"inLanguage":"de"},{"@type":"Organization","@id":"https:\/\/acninternational.org\/de\/#organization","name":"Aid to the Church in Need International","url":"https:\/\/acninternational.org\/de\/","logo":{"@type":"ImageObject","inLanguage":"de","@id":"https:\/\/acninternational.org\/de\/#\/schema\/logo\/image\/","url":"https:\/\/media.acninternational.org\/wp-content\/uploads\/2019\/11\/acn_logo_blackvector.svg","contentUrl":"https:\/\/media.acninternational.org\/wp-content\/uploads\/2019\/11\/acn_logo_blackvector.svg","width":232.6,"height":78,"caption":"Aid to the Church in Need International"},"image":{"@id":"https:\/\/acninternational.org\/de\/#\/schema\/logo\/image\/"},"sameAs":["https:\/\/www.facebook.com\/acninternationalorg","https:\/\/x.com\/acn_int","https:\/\/www.youtube.com\/channel\/UCQ-077gS0TnVzkhHmf1opZw","https:\/\/www.instagram.com\/acn_international\/"]},{"@type":"Person","@id":"https:\/\/acninternational.org\/de\/#\/schema\/person\/5a2b2930ad4475e0aa0dade4e51d9474","name":"Milena","description":"Lorem ipsum dolor sit amet, consectetur adipiscing elit, sed do eiusmod tempor incididunt ut labore et dolore magna aliqua. Ut enim ad minim veniam, quis nostrud exercitation ullamco laboris nisi ut aliquip ex ea commodo consequat.","url":"https:\/\/acninternational.org\/de\/author\/milena\/"}]}},"_links":{"self":[{"href":"https:\/\/acninternational.org\/de\/wp-json\/wp\/v2\/posts\/179239","targetHints":{"allow":["GET"]}}],"collection":[{"href":"https:\/\/acninternational.org\/de\/wp-json\/wp\/v2\/posts"}],"about":[{"href":"https:\/\/acninternational.org\/de\/wp-json\/wp\/v2\/types\/post"}],"author":[{"embeddable":true,"href":"https:\/\/acninternational.org\/de\/wp-json\/wp\/v2\/users\/66"}],"replies":[{"embeddable":true,"href":"https:\/\/acninternational.org\/de\/wp-json\/wp\/v2\/comments?post=179239"}],"version-history":[{"count":0,"href":"https:\/\/acninternational.org\/de\/wp-json\/wp\/v2\/posts\/179239\/revisions"}],"wp:featuredmedia":[{"embeddable":true,"href":"https:\/\/acninternational.org\/de\/wp-json\/wp\/v2\/media\/179218"}],"wp:attachment":[{"href":"https:\/\/acninternational.org\/de\/wp-json\/wp\/v2\/media?parent=179239"}],"wp:term":[{"taxonomy":"category","embeddable":true,"href":"https:\/\/acninternational.org\/de\/wp-json\/wp\/v2\/categories?post=179239"},{"taxonomy":"post_tag","embeddable":true,"href":"https:\/\/acninternational.org\/de\/wp-json\/wp\/v2\/tags?post=179239"},{"taxonomy":"country","embeddable":true,"href":"https:\/\/acninternational.org\/de\/wp-json\/wp\/v2\/country?post=179239"}],"curies":[{"name":"wp","href":"https:\/\/api.w.org\/{rel}","templated":true}]}}