{"id":178112,"date":"2023-02-03T10:30:54","date_gmt":"2023-02-03T09:30:54","guid":{"rendered":"https:\/\/acninternational.org\/?p=178112"},"modified":"2023-02-03T10:37:02","modified_gmt":"2023-02-03T09:37:02","slug":"der-papst-imsuedsudan-s-betas-zeugnis","status":"publish","type":"post","link":"https:\/\/acninternational.org\/de\/der-papst-imsuedsudan-s-betas-zeugnis\/","title":{"rendered":"S\u00fcdsudan: \u201eFalls ich den Papst treffe, werde ich ihm daf\u00fcr danken, dass er uns Hoffnung bringt\u201c"},"content":{"rendered":"<p>Schwester Beta Almendra, portugiesische Comboni-Missionarin in Wau, S\u00fcdsudan, kann ihre Vorfreude auf den <a href=\"https:\/\/www.vatican.va\/content\/francesco\/de\/travels\/2023\/outside\/documents\/congo-sudsudan-2023.html\">Besuch von Papst Franziskus<\/a>, der am Freitag, den 3. Februar, beginnt, kaum verbergen.<\/p>\n<p>In einer Nachricht an das portugiesische Nationalb\u00fcro von Aid to the Church in Need (ACN) berichtet sie, dass sie bereits 800 km-langen Weg von Wau zur Hauptstadt Juba unterwegs ist. Gl\u00fccklicherweise sei gerade Trockenzeit, was die Sache einfacher mache, da die unbefestigte Stra\u00dfen leichter zu befahren seien.<\/p>\n<p>\u201eWir sind auf dem Weg nach Juba. Wir sind so gl\u00fccklich, den Papst willkommen hei\u00dfen zu k\u00f6nnen. Wir reisen in einem Konvoi, und es wird zwei Tage dauern, bis wir Juba erreichen. Wir sind gut vorbereitet\u201c, sagt sie.<\/p>\n<p><img loading=\"lazy\" decoding=\"async\" class=\"alignnone wp-image-178105 size-full\" src=\"https:\/\/media.acninternational.org\/wp-content\/uploads\/2023\/02\/pequena-17.png\" alt=\"Der Papst im S\u00fcdsudan\" width=\"670\" height=\"400\" srcset=\"https:\/\/media.acninternational.org\/wp-content\/uploads\/2023\/02\/pequena-17.png 670w, https:\/\/media.acninternational.org\/wp-content\/uploads\/2023\/02\/pequena-17-300x179.png 300w\" sizes=\"auto, (max-width: 670px) 100vw, 670px\" \/><\/p>\n<p>Dieser Besuch ist ein Meilenstein in der Geschichte des j\u00fcngsten Landes der Erde, das erst 2011 seine Unabh\u00e4ngigkeit erlangte. Niemand m\u00f6chte au\u00dfen vor bleiben, erkl\u00e4rt Schwester Beta. \u201eAlle verfolgen die Nachrichten mit gro\u00dfer Aufmerksamkeit, die Erwartungen sind hoch, es gibt viel Freude und Hoffnung. Sehr viel Hoffnung!\u201d<\/p>\n<p>\u201eDiejenigen, die nach Juba reisen, wollen teilnehmen, sie wollen den Papst sehen und mit den anderen Christen beten, und diejenigen, die zuhause bleiben, werden das Ereignis \u00fcber Radio oder Fernsehen mitverfolgen, wenn sie die M\u00f6glichkeit dazu haben. Sie wollen nichts von dem verpassen, was in diesen f\u00fcr den S\u00fcdsudan so wichtigen Tagen geschieht.\u201c<\/p>\n<h4><strong>Der Frieden ist noch keine Realit\u00e4t<\/strong><\/h4>\n<p>Papst Franziskus reist in den S\u00fcdsudan mit einer Botschaft der Einheit und des Friedens, die f\u00fcr ein Land, das durch Stammeszugeh\u00f6rigkeiten gespalten ist und sich in den letzten 50 Jahren, einschlie\u00dflich des Jahrzehnts nach der Unabh\u00e4ngigkeit, die meiste Zeit im Kriegszustand befunden hat, von entscheidender Bedeutung ist.<\/p>\n<p>\u201eIn einigen Teilen des Landes wird weiterhin gek\u00e4mpft, der Frieden ist noch keine Realit\u00e4t. Wir arbeiten darauf hin, und deshalb kommt der Papst zusammen mit anderen christlichen F\u00fchrern zu dieser Pilgerreise. Sie kommen, um zu fragen, sie kommen, um den Dialog zu f\u00f6rdern, damit der Frieden eine konkrete Realit\u00e4t wird, die St\u00fcck f\u00fcr St\u00fcck erk\u00e4mpft werden muss\u201c, betont die portugiesische Ordensschwester.<\/p>\n<figure id=\"attachment_178099\" aria-describedby=\"caption-attachment-178099\" style=\"width: 670px\" class=\"wp-caption alignnone\"><img loading=\"lazy\" decoding=\"async\" class=\"wp-image-178099 size-full\" src=\"https:\/\/media.acninternational.org\/wp-content\/uploads\/2023\/02\/pequena-16.png\" alt=\"Der Papst im S\u00fcdsudan\" width=\"670\" height=\"400\" srcset=\"https:\/\/media.acninternational.org\/wp-content\/uploads\/2023\/02\/pequena-16.png 670w, https:\/\/media.acninternational.org\/wp-content\/uploads\/2023\/02\/pequena-16-300x179.png 300w\" sizes=\"auto, (max-width: 670px) 100vw, 670px\" \/><figcaption id=\"caption-attachment-178099\" class=\"wp-caption-text\">Schwester Beta Almendra bereitet sich auf den Empfang des Papstes vor<\/figcaption><\/figure>\n<p>Sie f\u00fcgt hinzu, dass sie in diesem Sinne wei\u00df, was sie sagen wird, wenn sie das Gl\u00fcck haben sollte, ein paar Worte mit dem Papst zu wechseln. \u201eAls Erstes werde ich mich bedanken. Danke, dass Sie in den S\u00fcdsudan gekommen sind, um diese Menschen zu besuchen, mit uns zu beten und uns echte Hoffnung zu geben, im Namen der ganzen Kirche und der Welt. Es ist gut zu wissen, dass wir vereint sind, dass wir zusammenstehen und dass dies eine synodale Kirche ist, die gemeinsam auf dem Weg ist und in der die Menschen sich gegenseitig helfen, ihre Ziele zu erreichen.\u201c<\/p>\n<p>Papst Franziskus wird vom 3. bis 5. Februar im S\u00fcdsudan sein.<\/p>\n","protected":false},"excerpt":{"rendered":"<p>Schwester Beta, portugiesische Comboni-Missionarin in Wau, S\u00fcdsudan, kann ihre Vorfreude auf den Besuch von Papst Franziskus kaum verbergen<\/p>\n","protected":false},"author":4258341447,"featured_media":178095,"comment_status":"closed","ping_status":"closed","sticky":false,"template":"","format":"standard","meta":{"_acf_changed":false,"_acn_coauthor_ids":[],"footnotes":""},"categories":[918,954],"tags":[],"country":[910],"class_list":["post-178112","post","type-post","status-publish","format-standard","has-post-thumbnail","hentry","category-nachricht","category-news-de","country-suedsudan"],"acn_coauthors":[],"acf":[],"yoast_head":"<!-- This site is optimized with the Yoast SEO Premium plugin v27.3 (Yoast SEO v27.3) - https:\/\/yoast.com\/product\/yoast-seo-premium-wordpress\/ -->\n<title>Der Papst im S\u00fcdsudan: S. Betas Zeugnis | ACN International<\/title>\n<meta name=\"description\" content=\"Schwester Beta, portugiesische Comboni-Missionarin in Wau, S\u00fcdsudan, kann ihre Vorfreude auf den Besuch von Papst Franziskus kaum verbergen.\" \/>\n<meta name=\"robots\" content=\"index, follow, max-snippet:-1, max-image-preview:large, max-video-preview:-1\" \/>\n<link rel=\"canonical\" href=\"https:\/\/acninternational.org\/de\/der-papst-imsuedsudan-s-betas-zeugnis\/\" \/>\n<meta property=\"og:locale\" content=\"de_DE\" \/>\n<meta property=\"og:type\" content=\"article\" \/>\n<meta property=\"og:title\" content=\"Der Papst im S\u00fcdsudan: S. Betas Zeugnis\" \/>\n<meta property=\"og:description\" content=\"Schwester Beta, portugiesische Comboni-Missionarin in Wau, S\u00fcdsudan, kann ihre Vorfreude auf den Besuch von Papst Franziskus kaum verbergen.\" \/>\n<meta property=\"og:url\" content=\"https:\/\/acninternational.org\/de\/der-papst-imsuedsudan-s-betas-zeugnis\/\" \/>\n<meta property=\"og:site_name\" content=\"ACN International\" \/>\n<meta property=\"article:publisher\" content=\"https:\/\/www.facebook.com\/acninternationalorg\" \/>\n<meta property=\"article:published_time\" content=\"2023-02-03T09:30:54+00:00\" \/>\n<meta property=\"article:modified_time\" content=\"2023-02-03T09:37:02+00:00\" \/>\n<meta property=\"og:image\" content=\"https:\/\/media.acninternational.org\/wp-content\/uploads\/2023\/02\/heading-9-1.png\" \/>\n\t<meta property=\"og:image:width\" content=\"2000\" \/>\n\t<meta property=\"og:image:height\" content=\"625\" \/>\n\t<meta property=\"og:image:type\" content=\"image\/png\" \/>\n<meta name=\"author\" content=\"ACN Press Team\" \/>\n<meta name=\"twitter:card\" content=\"summary_large_image\" \/>\n<meta name=\"twitter:title\" content=\"Der Papst im S\u00fcdsudan: S. Betas Zeugnis\" \/>\n<meta name=\"twitter:description\" content=\"Schwester Beta, portugiesische Comboni-Missionarin in Wau, S\u00fcdsudan, kann ihre Vorfreude auf den Besuch von Papst Franziskus kaum verbergen.\" \/>\n<meta name=\"twitter:creator\" content=\"@acn_int\" \/>\n<meta name=\"twitter:site\" content=\"@acn_int\" \/>\n<meta name=\"twitter:label1\" content=\"Verfasst von\" \/>\n\t<meta name=\"twitter:data1\" content=\"ACN Press Team\" \/>\n\t<meta name=\"twitter:label2\" content=\"Gesch\u00e4tzte Lesezeit\" \/>\n\t<meta name=\"twitter:data2\" content=\"3\u00a0Minuten\" \/>\n<script type=\"application\/ld+json\" class=\"yoast-schema-graph\">{\"@context\":\"https:\\\/\\\/schema.org\",\"@graph\":[{\"@type\":\"Article\",\"@id\":\"https:\\\/\\\/acninternational.org\\\/de\\\/der-papst-imsuedsudan-s-betas-zeugnis\\\/#article\",\"isPartOf\":{\"@id\":\"https:\\\/\\\/acninternational.org\\\/de\\\/der-papst-imsuedsudan-s-betas-zeugnis\\\/\"},\"author\":{\"name\":\"ACN Press Team\",\"@id\":\"https:\\\/\\\/acninternational.org\\\/de\\\/#\\\/schema\\\/person\\\/7f3dafb236b242fb2aa46be1411fd703\"},\"headline\":\"S\u00fcdsudan: \u201eFalls ich den Papst treffe, werde ich ihm daf\u00fcr danken, dass er uns Hoffnung bringt\u201c\",\"datePublished\":\"2023-02-03T09:30:54+00:00\",\"dateModified\":\"2023-02-03T09:37:02+00:00\",\"mainEntityOfPage\":{\"@id\":\"https:\\\/\\\/acninternational.org\\\/de\\\/der-papst-imsuedsudan-s-betas-zeugnis\\\/\"},\"wordCount\":502,\"publisher\":{\"@id\":\"https:\\\/\\\/acninternational.org\\\/de\\\/#organization\"},\"image\":{\"@id\":\"https:\\\/\\\/acninternational.org\\\/de\\\/der-papst-imsuedsudan-s-betas-zeugnis\\\/#primaryimage\"},\"thumbnailUrl\":\"https:\\\/\\\/media.acninternational.org\\\/wp-content\\\/uploads\\\/2023\\\/02\\\/heading-9-1.png\",\"articleSection\":[\"Nachricht\",\"Nachricht\"],\"inLanguage\":\"de\"},{\"@type\":\"WebPage\",\"@id\":\"https:\\\/\\\/acninternational.org\\\/de\\\/der-papst-imsuedsudan-s-betas-zeugnis\\\/\",\"url\":\"https:\\\/\\\/acninternational.org\\\/de\\\/der-papst-imsuedsudan-s-betas-zeugnis\\\/\",\"name\":\"Der Papst im S\u00fcdsudan: S. Betas Zeugnis | ACN International\",\"isPartOf\":{\"@id\":\"https:\\\/\\\/acninternational.org\\\/de\\\/#website\"},\"primaryImageOfPage\":{\"@id\":\"https:\\\/\\\/acninternational.org\\\/de\\\/der-papst-imsuedsudan-s-betas-zeugnis\\\/#primaryimage\"},\"image\":{\"@id\":\"https:\\\/\\\/acninternational.org\\\/de\\\/der-papst-imsuedsudan-s-betas-zeugnis\\\/#primaryimage\"},\"thumbnailUrl\":\"https:\\\/\\\/media.acninternational.org\\\/wp-content\\\/uploads\\\/2023\\\/02\\\/heading-9-1.png\",\"datePublished\":\"2023-02-03T09:30:54+00:00\",\"dateModified\":\"2023-02-03T09:37:02+00:00\",\"description\":\"Schwester Beta, portugiesische Comboni-Missionarin in Wau, S\u00fcdsudan, kann ihre Vorfreude auf den Besuch von Papst Franziskus kaum verbergen.\",\"breadcrumb\":{\"@id\":\"https:\\\/\\\/acninternational.org\\\/de\\\/der-papst-imsuedsudan-s-betas-zeugnis\\\/#breadcrumb\"},\"inLanguage\":\"de\",\"potentialAction\":[{\"@type\":\"ReadAction\",\"target\":[\"https:\\\/\\\/acninternational.org\\\/de\\\/der-papst-imsuedsudan-s-betas-zeugnis\\\/\"]}]},{\"@type\":\"ImageObject\",\"inLanguage\":\"de\",\"@id\":\"https:\\\/\\\/acninternational.org\\\/de\\\/der-papst-imsuedsudan-s-betas-zeugnis\\\/#primaryimage\",\"url\":\"https:\\\/\\\/media.acninternational.org\\\/wp-content\\\/uploads\\\/2023\\\/02\\\/heading-9-1.png\",\"contentUrl\":\"https:\\\/\\\/media.acninternational.org\\\/wp-content\\\/uploads\\\/2023\\\/02\\\/heading-9-1.png\",\"width\":2000,\"height\":625,\"caption\":\"The Pope in South Sudan\"},{\"@type\":\"BreadcrumbList\",\"@id\":\"https:\\\/\\\/acninternational.org\\\/de\\\/der-papst-imsuedsudan-s-betas-zeugnis\\\/#breadcrumb\",\"itemListElement\":[{\"@type\":\"ListItem\",\"position\":1,\"name\":\"Home\",\"item\":\"https:\\\/\\\/acninternational.org\\\/de\\\/\"},{\"@type\":\"ListItem\",\"position\":2,\"name\":\"Nachricht\",\"item\":\"https:\\\/\\\/acninternational.org\\\/de\\\/category\\\/news-de\\\/\"},{\"@type\":\"ListItem\",\"position\":3,\"name\":\"S\u00fcdsudan: \u201eFalls ich den Papst treffe, werde ich ihm daf\u00fcr danken, dass er uns Hoffnung bringt\u201c\"}]},{\"@type\":\"WebSite\",\"@id\":\"https:\\\/\\\/acninternational.org\\\/de\\\/#website\",\"url\":\"https:\\\/\\\/acninternational.org\\\/de\\\/\",\"name\":\"ACN International\",\"description\":\"\",\"publisher\":{\"@id\":\"https:\\\/\\\/acninternational.org\\\/de\\\/#organization\"},\"potentialAction\":[{\"@type\":\"SearchAction\",\"target\":{\"@type\":\"EntryPoint\",\"urlTemplate\":\"https:\\\/\\\/acninternational.org\\\/de\\\/?s={search_term_string}\"},\"query-input\":{\"@type\":\"PropertyValueSpecification\",\"valueRequired\":true,\"valueName\":\"search_term_string\"}}],\"inLanguage\":\"de\"},{\"@type\":\"Organization\",\"@id\":\"https:\\\/\\\/acninternational.org\\\/de\\\/#organization\",\"name\":\"Aid to the Church in Need International\",\"url\":\"https:\\\/\\\/acninternational.org\\\/de\\\/\",\"logo\":{\"@type\":\"ImageObject\",\"inLanguage\":\"de\",\"@id\":\"https:\\\/\\\/acninternational.org\\\/de\\\/#\\\/schema\\\/logo\\\/image\\\/\",\"url\":\"https:\\\/\\\/media.acninternational.org\\\/wp-content\\\/uploads\\\/2019\\\/11\\\/acn_logo_blackvector.svg\",\"contentUrl\":\"https:\\\/\\\/media.acninternational.org\\\/wp-content\\\/uploads\\\/2019\\\/11\\\/acn_logo_blackvector.svg\",\"width\":232.6,\"height\":78,\"caption\":\"Aid to the Church in Need International\"},\"image\":{\"@id\":\"https:\\\/\\\/acninternational.org\\\/de\\\/#\\\/schema\\\/logo\\\/image\\\/\"},\"sameAs\":[\"https:\\\/\\\/www.facebook.com\\\/acninternationalorg\",\"https:\\\/\\\/x.com\\\/acn_int\",\"https:\\\/\\\/www.youtube.com\\\/channel\\\/UCQ-077gS0TnVzkhHmf1opZw\",\"https:\\\/\\\/www.instagram.com\\\/acn_international\\\/\"]},{\"@type\":\"Person\",\"@id\":\"https:\\\/\\\/acninternational.org\\\/de\\\/#\\\/schema\\\/person\\\/7f3dafb236b242fb2aa46be1411fd703\",\"name\":\"ACN Press Team\",\"description\":\"Lorem ipsum dolor sit amet, consectetur adipiscing elit, sed do eiusmod tempor incididunt ut labore et dolore magna aliqua. Ut enim ad minim veniam, quis nostrud exercitation ullamco laboris nisi ut aliquip ex ea commodo consequat.\",\"url\":\"https:\\\/\\\/acninternational.org\\\/de\\\/author\\\/acn-press-team\\\/\"}]}<\/script>\n<!-- \/ Yoast SEO Premium plugin. -->","yoast_head_json":{"title":"Der Papst im S\u00fcdsudan: S. Betas Zeugnis | ACN International","description":"Schwester Beta, portugiesische Comboni-Missionarin in Wau, S\u00fcdsudan, kann ihre Vorfreude auf den Besuch von Papst Franziskus kaum verbergen.","robots":{"index":"index","follow":"follow","max-snippet":"max-snippet:-1","max-image-preview":"max-image-preview:large","max-video-preview":"max-video-preview:-1"},"canonical":"https:\/\/acninternational.org\/de\/der-papst-imsuedsudan-s-betas-zeugnis\/","og_locale":"de_DE","og_type":"article","og_title":"Der Papst im S\u00fcdsudan: S. Betas Zeugnis","og_description":"Schwester Beta, portugiesische Comboni-Missionarin in Wau, S\u00fcdsudan, kann ihre Vorfreude auf den Besuch von Papst Franziskus kaum verbergen.","og_url":"https:\/\/acninternational.org\/de\/der-papst-imsuedsudan-s-betas-zeugnis\/","og_site_name":"ACN International","article_publisher":"https:\/\/www.facebook.com\/acninternationalorg","article_published_time":"2023-02-03T09:30:54+00:00","article_modified_time":"2023-02-03T09:37:02+00:00","og_image":[{"width":2000,"height":625,"url":"https:\/\/media.acninternational.org\/wp-content\/uploads\/2023\/02\/heading-9-1.png","type":"image\/png"}],"author":"ACN Press Team","twitter_card":"summary_large_image","twitter_title":"Der Papst im S\u00fcdsudan: S. Betas Zeugnis","twitter_description":"Schwester Beta, portugiesische Comboni-Missionarin in Wau, S\u00fcdsudan, kann ihre Vorfreude auf den Besuch von Papst Franziskus kaum verbergen.","twitter_creator":"@acn_int","twitter_site":"@acn_int","twitter_misc":{"Verfasst von":"ACN Press Team","Gesch\u00e4tzte Lesezeit":"3\u00a0Minuten"},"schema":{"@context":"https:\/\/schema.org","@graph":[{"@type":"Article","@id":"https:\/\/acninternational.org\/de\/der-papst-imsuedsudan-s-betas-zeugnis\/#article","isPartOf":{"@id":"https:\/\/acninternational.org\/de\/der-papst-imsuedsudan-s-betas-zeugnis\/"},"author":{"name":"ACN Press Team","@id":"https:\/\/acninternational.org\/de\/#\/schema\/person\/7f3dafb236b242fb2aa46be1411fd703"},"headline":"S\u00fcdsudan: \u201eFalls ich den Papst treffe, werde ich ihm daf\u00fcr danken, dass er uns Hoffnung bringt\u201c","datePublished":"2023-02-03T09:30:54+00:00","dateModified":"2023-02-03T09:37:02+00:00","mainEntityOfPage":{"@id":"https:\/\/acninternational.org\/de\/der-papst-imsuedsudan-s-betas-zeugnis\/"},"wordCount":502,"publisher":{"@id":"https:\/\/acninternational.org\/de\/#organization"},"image":{"@id":"https:\/\/acninternational.org\/de\/der-papst-imsuedsudan-s-betas-zeugnis\/#primaryimage"},"thumbnailUrl":"https:\/\/media.acninternational.org\/wp-content\/uploads\/2023\/02\/heading-9-1.png","articleSection":["Nachricht","Nachricht"],"inLanguage":"de"},{"@type":"WebPage","@id":"https:\/\/acninternational.org\/de\/der-papst-imsuedsudan-s-betas-zeugnis\/","url":"https:\/\/acninternational.org\/de\/der-papst-imsuedsudan-s-betas-zeugnis\/","name":"Der Papst im S\u00fcdsudan: S. Betas Zeugnis | ACN International","isPartOf":{"@id":"https:\/\/acninternational.org\/de\/#website"},"primaryImageOfPage":{"@id":"https:\/\/acninternational.org\/de\/der-papst-imsuedsudan-s-betas-zeugnis\/#primaryimage"},"image":{"@id":"https:\/\/acninternational.org\/de\/der-papst-imsuedsudan-s-betas-zeugnis\/#primaryimage"},"thumbnailUrl":"https:\/\/media.acninternational.org\/wp-content\/uploads\/2023\/02\/heading-9-1.png","datePublished":"2023-02-03T09:30:54+00:00","dateModified":"2023-02-03T09:37:02+00:00","description":"Schwester Beta, portugiesische Comboni-Missionarin in Wau, S\u00fcdsudan, kann ihre Vorfreude auf den Besuch von Papst Franziskus kaum verbergen.","breadcrumb":{"@id":"https:\/\/acninternational.org\/de\/der-papst-imsuedsudan-s-betas-zeugnis\/#breadcrumb"},"inLanguage":"de","potentialAction":[{"@type":"ReadAction","target":["https:\/\/acninternational.org\/de\/der-papst-imsuedsudan-s-betas-zeugnis\/"]}]},{"@type":"ImageObject","inLanguage":"de","@id":"https:\/\/acninternational.org\/de\/der-papst-imsuedsudan-s-betas-zeugnis\/#primaryimage","url":"https:\/\/media.acninternational.org\/wp-content\/uploads\/2023\/02\/heading-9-1.png","contentUrl":"https:\/\/media.acninternational.org\/wp-content\/uploads\/2023\/02\/heading-9-1.png","width":2000,"height":625,"caption":"The Pope in South Sudan"},{"@type":"BreadcrumbList","@id":"https:\/\/acninternational.org\/de\/der-papst-imsuedsudan-s-betas-zeugnis\/#breadcrumb","itemListElement":[{"@type":"ListItem","position":1,"name":"Home","item":"https:\/\/acninternational.org\/de\/"},{"@type":"ListItem","position":2,"name":"Nachricht","item":"https:\/\/acninternational.org\/de\/category\/news-de\/"},{"@type":"ListItem","position":3,"name":"S\u00fcdsudan: \u201eFalls ich den Papst treffe, werde ich ihm daf\u00fcr danken, dass er uns Hoffnung bringt\u201c"}]},{"@type":"WebSite","@id":"https:\/\/acninternational.org\/de\/#website","url":"https:\/\/acninternational.org\/de\/","name":"ACN International","description":"","publisher":{"@id":"https:\/\/acninternational.org\/de\/#organization"},"potentialAction":[{"@type":"SearchAction","target":{"@type":"EntryPoint","urlTemplate":"https:\/\/acninternational.org\/de\/?s={search_term_string}"},"query-input":{"@type":"PropertyValueSpecification","valueRequired":true,"valueName":"search_term_string"}}],"inLanguage":"de"},{"@type":"Organization","@id":"https:\/\/acninternational.org\/de\/#organization","name":"Aid to the Church in Need International","url":"https:\/\/acninternational.org\/de\/","logo":{"@type":"ImageObject","inLanguage":"de","@id":"https:\/\/acninternational.org\/de\/#\/schema\/logo\/image\/","url":"https:\/\/media.acninternational.org\/wp-content\/uploads\/2019\/11\/acn_logo_blackvector.svg","contentUrl":"https:\/\/media.acninternational.org\/wp-content\/uploads\/2019\/11\/acn_logo_blackvector.svg","width":232.6,"height":78,"caption":"Aid to the Church in Need International"},"image":{"@id":"https:\/\/acninternational.org\/de\/#\/schema\/logo\/image\/"},"sameAs":["https:\/\/www.facebook.com\/acninternationalorg","https:\/\/x.com\/acn_int","https:\/\/www.youtube.com\/channel\/UCQ-077gS0TnVzkhHmf1opZw","https:\/\/www.instagram.com\/acn_international\/"]},{"@type":"Person","@id":"https:\/\/acninternational.org\/de\/#\/schema\/person\/7f3dafb236b242fb2aa46be1411fd703","name":"ACN Press Team","description":"Lorem ipsum dolor sit amet, consectetur adipiscing elit, sed do eiusmod tempor incididunt ut labore et dolore magna aliqua. Ut enim ad minim veniam, quis nostrud exercitation ullamco laboris nisi ut aliquip ex ea commodo consequat.","url":"https:\/\/acninternational.org\/de\/author\/acn-press-team\/"}]}},"_links":{"self":[{"href":"https:\/\/acninternational.org\/de\/wp-json\/wp\/v2\/posts\/178112","targetHints":{"allow":["GET"]}}],"collection":[{"href":"https:\/\/acninternational.org\/de\/wp-json\/wp\/v2\/posts"}],"about":[{"href":"https:\/\/acninternational.org\/de\/wp-json\/wp\/v2\/types\/post"}],"author":[{"embeddable":true,"href":"https:\/\/acninternational.org\/de\/wp-json\/wp\/v2\/users\/4258341447"}],"replies":[{"embeddable":true,"href":"https:\/\/acninternational.org\/de\/wp-json\/wp\/v2\/comments?post=178112"}],"version-history":[{"count":0,"href":"https:\/\/acninternational.org\/de\/wp-json\/wp\/v2\/posts\/178112\/revisions"}],"wp:featuredmedia":[{"embeddable":true,"href":"https:\/\/acninternational.org\/de\/wp-json\/wp\/v2\/media\/178095"}],"wp:attachment":[{"href":"https:\/\/acninternational.org\/de\/wp-json\/wp\/v2\/media?parent=178112"}],"wp:term":[{"taxonomy":"category","embeddable":true,"href":"https:\/\/acninternational.org\/de\/wp-json\/wp\/v2\/categories?post=178112"},{"taxonomy":"post_tag","embeddable":true,"href":"https:\/\/acninternational.org\/de\/wp-json\/wp\/v2\/tags?post=178112"},{"taxonomy":"country","embeddable":true,"href":"https:\/\/acninternational.org\/de\/wp-json\/wp\/v2\/country?post=178112"}],"curies":[{"name":"wp","href":"https:\/\/api.w.org\/{rel}","templated":true}]}}