{"id":176378,"date":"2022-11-22T14:20:01","date_gmt":"2022-11-22T13:20:01","guid":{"rendered":"https:\/\/acninternational.org\/?p=176378"},"modified":"2022-11-22T14:54:47","modified_gmt":"2022-11-22T13:54:47","slug":"entfuehrter-priester-in-mali","status":"publish","type":"post","link":"https:\/\/acninternational.org\/de\/entfuehrter-priester-in-mali\/","title":{"rendered":"Der in Mali entf\u00fchrte Priester war sich der Gefahr bewusst: \u201eWir stellen ein leichtes Ziel dar, aber wir haben einen Auftrag.\u201c"},"content":{"rendered":"<p><em>Der aus Deutschland stammende Missionar ist ein Projektpartner von ACN und engagiert sich sehr f\u00fcr den interreligi\u00f6sen Dialog. <\/em><\/p>\n<p>Das internationale Hilfswerk Aid to the Church in Need (ACN) schlie\u00dft sich der Best\u00fcrzung und Trauer \u00fcber das Verschwinden und die wahrscheinliche Entf\u00fchrung des Missionars Hans-Joachim Lohre in Bamako, der Hauptstadt von Mali, an, wo er seit mehr als drei\u00dfig Jahren t\u00e4tig ist.<\/p>\n<p>Der aus Deutschland stammende Priester verschwand am Sonntag, den 20. November, nachdem er in der Stadt in einem Kloster von Ordensschwestern die heilige Messe gefeiert hatte, best\u00e4tigte ein Mitglied der Kongregation der Afrikamissionare, auch bekannt als Wei\u00dfe V\u00e4ter, gegen\u00fcber ACN.<\/p>\n<figure id=\"attachment_176356\" aria-describedby=\"caption-attachment-176356\" style=\"width: 670px\" class=\"wp-caption alignnone\"><img loading=\"lazy\" decoding=\"async\" class=\"wp-image-176356 size-full\" src=\"https:\/\/media.acninternational.org\/wp-content\/uploads\/2022\/11\/pequena-49.png\" alt=\"Entf\u00fchrter Priester in Mali\" width=\"670\" height=\"400\" srcset=\"https:\/\/media.acninternational.org\/wp-content\/uploads\/2022\/11\/pequena-49.png 670w, https:\/\/media.acninternational.org\/wp-content\/uploads\/2022\/11\/pequena-49-300x179.png 300w\" sizes=\"auto, (max-width: 670px) 100vw, 670px\" \/><figcaption id=\"caption-attachment-176356\" class=\"wp-caption-text\">P. Hans-Joachim Lohre<\/figcaption><\/figure>\n<p>Nach den Aussagen der gleichen Quelle gibt es keine weiteren Informationen oder Details \u00fcber sein Verschwinden, aber alles deutet auf eine Entf\u00fchrung hin. Das Auto des Missionars wurde verlassen aufgefunden und das Kreuz, das er trug, lag auf dem Boden. \u00dcber die Entf\u00fchrer und ihre Motive sei noch nichts bekannt, hei\u00dft es.<\/p>\n<p>&#8222;Wir bitten alle unsere Wohlt\u00e4ter und Freunde um Gebete f\u00fcr die baldige Freilassung von Pater Ha-Jo, wie er von allen liebevoll genannt wird. Ein Friedensstifter inmitten von Gewalt und Terrorismus. Unser Hilfswerk hat seine Mission in den letzten Jahren unterst\u00fctzt, jetzt braucht er unsere Gebete und unsere Solidarit\u00e4t. Wir versichern seine geistliche Familie, die Afrikamissionare, und die Familie von Hans-Joachim Lohre in Deutschland unserer Unterst\u00fctzung. Z\u00e4hlen Sie auf unsere Gebete\u201c, sagt Thomas Heine-Geldern, Gesch\u00e4ftsf\u00fchrender Pr\u00e4sident von ACN.<\/p>\n<p>\u201eNeben dem Gebet ruft ACN die internationale Gemeinschaft dazu auf, alles zu tun, um das von den Dschihadisten verschuldete Drama zu stoppen, unter dem die Bev\u00f6lkerung der Sahelzone leidet, nicht nur in Mali, sondern auch in den Nachbarl\u00e4ndern. Es ist eine Trag\u00f6die, eine offene Wunde in dieser Welt\u201c, so Heine-Geldern.<\/p>\n<figure id=\"attachment_176368\" aria-describedby=\"caption-attachment-176368\" style=\"width: 670px\" class=\"wp-caption alignnone\"><img loading=\"lazy\" decoding=\"async\" class=\"wp-image-176368 size-full\" src=\"https:\/\/media.acninternational.org\/wp-content\/uploads\/2022\/11\/pequena-47.png\" alt=\"Entf\u00fchrter Priester in Mali\" width=\"670\" height=\"400\" srcset=\"https:\/\/media.acninternational.org\/wp-content\/uploads\/2022\/11\/pequena-47.png 670w, https:\/\/media.acninternational.org\/wp-content\/uploads\/2022\/11\/pequena-47-300x179.png 300w\" sizes=\"auto, (max-width: 670px) 100vw, 670px\" \/><figcaption id=\"caption-attachment-176368\" class=\"wp-caption-text\">Studenten des IFIC (Institut f\u00fcr islamisch-christliche Bildung) mit Pater Hans-Joachim<\/figcaption><\/figure>\n<p>Pater Ha-Jo ist ein Projektpartner von ACN und hat an mehreren Veranstaltungen von ACN teilgenommen. Bei einem Besuch des Missionars in der Schweiz vor nicht einmal sechs Monaten berichtete er den Wohlt\u00e4tern von ACN \u00fcber die Situation in Mali. \u201eSie kommen in Gruppen mit ihren Motorr\u00e4dern und die D\u00f6rfer m\u00fcssen ein Abkommen mit den Dschihadisten unterzeichnen. Es wird den Menschen verboten, die Glocke zu l\u00e4uten, Alkohol zu trinken und die Frauen m\u00fcssen den Schleier tragen.<\/p>\n<p>ACN hat wiederholt die <a href=\"https:\/\/acninternational.org\/de\/mali-der-hunger-eine-neue-waffe-der-dschihadisten-zur-unterwerfung-der-bevoelkerung\/\">Situation der Christen in dem Land<\/a> angeprangert, in dem in Zentralmali die mit Al-Qaida im Islamischen Maghreb (AQIM) verbundene Dschihadistengruppe Katiba Macina operiert. Die Gruppe verf\u00fcgt auch \u00fcber eine Einsatzzentrale in der Hauptstadt Bamako.<\/p>\n<p>Der Missionar war sich der t\u00e4glichen Gefahr bewusst, der er bei seiner Arbeit ausgesetzt war: \u201eMan wei\u00df nicht, wann und wo es einen treffen kann; als Europ\u00e4er und Wei\u00dfer stellen wir eine leichte Zielscheibe dar, und man hat uns gesagt, dass die Dschihadisten uns beobachten.\u201c In mehreren Interviews mit ACN erkl\u00e4rte er jedoch, warum ihn die drohende Gefahr nicht davon abhielt, im Land zu bleiben: \u201eDie Frage \u201aWer bin ich f\u00fcr dich?\u2018 gibt unserem Leben einen Sinn, und wir sehen, dass es nicht darauf ankommt, lange oder kurz zu leben, viel oder wenig zu tun, sondern dass das, was man tut, einen Sinn hat, um die Welt zu verbessern.\u201c<\/p>\n<figure id=\"attachment_176362\" aria-describedby=\"caption-attachment-176362\" style=\"width: 670px\" class=\"wp-caption alignnone\"><img loading=\"lazy\" decoding=\"async\" class=\"wp-image-176362 size-full\" src=\"https:\/\/media.acninternational.org\/wp-content\/uploads\/2022\/11\/pequena-48.png\" alt=\"Entf\u00fchrter Priester in Mali\" width=\"670\" height=\"400\" srcset=\"https:\/\/media.acninternational.org\/wp-content\/uploads\/2022\/11\/pequena-48.png 670w, https:\/\/media.acninternational.org\/wp-content\/uploads\/2022\/11\/pequena-48-300x179.png 300w\" sizes=\"auto, (max-width: 670px) 100vw, 670px\" \/><figcaption id=\"caption-attachment-176362\" class=\"wp-caption-text\">Studenten des IFIC (Institut f\u00fcr islamisch-christliche Bildung) mit Pater Hans-Joachim<\/figcaption><\/figure>\n<p>Pater Ha-Jo war sich der Bedeutung seiner Mission bewusst, die darin bestand, den christlich-muslimischen Dialog durch die Ausbildung von Laien und Ordensleuten in islamischen Studien zu f\u00f6rdern. \u201eZurzeit gibt es in Mali starke fundamentalistische Str\u00f6mungen, aber die gro\u00dfe Mehrheit will einfach nur in Frieden leben. Deshalb ist es wichtig, dass wir gute Beziehungen zu den Muslimen in unserer Umgebung pflegen. Wir vermitteln den Christen eine gr\u00fcndliche Kenntnis des Islam. Wenn sie dann in ihre Gemeinde zur\u00fcckkehren, k\u00f6nnen sie Br\u00fccken bauen und Kontakte zu den umliegenden Moscheen kn\u00fcpfen\u201c, erkl\u00e4rte er gegen\u00fcber ACN <a href=\"https:\/\/www.youtube.com\/watch?v=3Na4VCMg4cc\">bei seinem letzten Besuch in der internationalen Zentrale in Deutschland<\/a>.<\/p>\n<p>ACN hat in den vergangenen drei Jahren mehr als 70 Projekte in Mali unterst\u00fctzt, darunter f\u00fcr die n\u00e4chsten vier Jahre ein Schulungs- und Sensibilisierungsprogramm f\u00fcr Evangelisierungsbeauftragte, das vom Institut f\u00fcr islamisch-christliche Bildung (IFIC) in Zusammenarbeit mit Pater Hans-Joachim Lohre organisierte Begegnungstage umfasst.<\/p>\n","protected":false},"excerpt":{"rendered":"<p>The German-born missionary is an ACN partner and is heavily committed to inter-religious dialogue<\/p>\n","protected":false},"author":4258341447,"featured_media":176352,"comment_status":"closed","ping_status":"closed","sticky":false,"template":"","format":"standard","meta":{"_acf_changed":false,"_acn_coauthor_ids":[],"footnotes":""},"categories":[954],"tags":[],"country":[344],"class_list":["post-176378","post","type-post","status-publish","format-standard","has-post-thumbnail","hentry","category-news-de","country-mali"],"acn_coauthors":[],"acf":[],"yoast_head":"<!-- This site is optimized with the Yoast SEO Premium plugin v27.3 (Yoast SEO v27.3) - https:\/\/yoast.com\/product\/yoast-seo-premium-wordpress\/ -->\n<title>Entf\u00fchrter Priester in Mali | ACN International<\/title>\n<meta name=\"description\" content=\"Entf\u00fchrter Priester in Mali Hans-Joachim Lohre wird vermisst, nachdem er in einem Nonnenkloster eine Messe gefeiert hat.\" \/>\n<meta name=\"robots\" content=\"index, follow, max-snippet:-1, max-image-preview:large, max-video-preview:-1\" \/>\n<link rel=\"canonical\" href=\"https:\/\/acninternational.org\/de\/entfuehrter-priester-in-mali\/\" \/>\n<meta property=\"og:locale\" content=\"de_DE\" \/>\n<meta property=\"og:type\" content=\"article\" \/>\n<meta property=\"og:title\" content=\"Der in Mali entf\u00fchrte Priester war sich der Gefahr bewusst: \u201eWir stellen ein leichtes Ziel dar, aber wir haben einen Auftrag.\u201c\" \/>\n<meta property=\"og:description\" content=\"Entf\u00fchrter Priester in Mali Hans-Joachim Lohre wird vermisst, nachdem er in einem Nonnenkloster eine Messe gefeiert hat.\" \/>\n<meta property=\"og:url\" content=\"https:\/\/acninternational.org\/de\/entfuehrter-priester-in-mali\/\" \/>\n<meta property=\"og:site_name\" content=\"ACN International\" \/>\n<meta property=\"article:publisher\" content=\"https:\/\/www.facebook.com\/acninternationalorg\" \/>\n<meta property=\"article:published_time\" content=\"2022-11-22T13:20:01+00:00\" \/>\n<meta property=\"article:modified_time\" content=\"2022-11-22T13:54:47+00:00\" \/>\n<meta property=\"og:image\" content=\"https:\/\/media.acninternational.org\/wp-content\/uploads\/2022\/11\/heading-2022-11-22T142318.066-1.png\" \/>\n\t<meta property=\"og:image:width\" content=\"2000\" \/>\n\t<meta property=\"og:image:height\" content=\"625\" \/>\n\t<meta property=\"og:image:type\" content=\"image\/png\" \/>\n<meta name=\"author\" content=\"ACN Press Team\" \/>\n<meta name=\"twitter:card\" content=\"summary_large_image\" \/>\n<meta name=\"twitter:creator\" content=\"@acn_int\" \/>\n<meta name=\"twitter:site\" content=\"@acn_int\" \/>\n<meta name=\"twitter:label1\" content=\"Verfasst von\" \/>\n\t<meta name=\"twitter:data1\" content=\"ACN Press Team\" \/>\n\t<meta name=\"twitter:label2\" content=\"Gesch\u00e4tzte Lesezeit\" \/>\n\t<meta name=\"twitter:data2\" content=\"4\u00a0Minuten\" \/>\n<script type=\"application\/ld+json\" class=\"yoast-schema-graph\">{\"@context\":\"https:\\\/\\\/schema.org\",\"@graph\":[{\"@type\":\"Article\",\"@id\":\"https:\\\/\\\/acninternational.org\\\/de\\\/entfuehrter-priester-in-mali\\\/#article\",\"isPartOf\":{\"@id\":\"https:\\\/\\\/acninternational.org\\\/de\\\/entfuehrter-priester-in-mali\\\/\"},\"author\":{\"name\":\"ACN Press Team\",\"@id\":\"https:\\\/\\\/acninternational.org\\\/de\\\/#\\\/schema\\\/person\\\/7f3dafb236b242fb2aa46be1411fd703\"},\"headline\":\"Der in Mali entf\u00fchrte Priester war sich der Gefahr bewusst: \u201eWir stellen ein leichtes Ziel dar, aber wir haben einen Auftrag.\u201c\",\"datePublished\":\"2022-11-22T13:20:01+00:00\",\"dateModified\":\"2022-11-22T13:54:47+00:00\",\"mainEntityOfPage\":{\"@id\":\"https:\\\/\\\/acninternational.org\\\/de\\\/entfuehrter-priester-in-mali\\\/\"},\"wordCount\":764,\"publisher\":{\"@id\":\"https:\\\/\\\/acninternational.org\\\/de\\\/#organization\"},\"image\":{\"@id\":\"https:\\\/\\\/acninternational.org\\\/de\\\/entfuehrter-priester-in-mali\\\/#primaryimage\"},\"thumbnailUrl\":\"https:\\\/\\\/media.acninternational.org\\\/wp-content\\\/uploads\\\/2022\\\/11\\\/heading-2022-11-22T142318.066-1.png\",\"articleSection\":[\"Nachricht\"],\"inLanguage\":\"de\"},{\"@type\":\"WebPage\",\"@id\":\"https:\\\/\\\/acninternational.org\\\/de\\\/entfuehrter-priester-in-mali\\\/\",\"url\":\"https:\\\/\\\/acninternational.org\\\/de\\\/entfuehrter-priester-in-mali\\\/\",\"name\":\"Entf\u00fchrter Priester in Mali | ACN International\",\"isPartOf\":{\"@id\":\"https:\\\/\\\/acninternational.org\\\/de\\\/#website\"},\"primaryImageOfPage\":{\"@id\":\"https:\\\/\\\/acninternational.org\\\/de\\\/entfuehrter-priester-in-mali\\\/#primaryimage\"},\"image\":{\"@id\":\"https:\\\/\\\/acninternational.org\\\/de\\\/entfuehrter-priester-in-mali\\\/#primaryimage\"},\"thumbnailUrl\":\"https:\\\/\\\/media.acninternational.org\\\/wp-content\\\/uploads\\\/2022\\\/11\\\/heading-2022-11-22T142318.066-1.png\",\"datePublished\":\"2022-11-22T13:20:01+00:00\",\"dateModified\":\"2022-11-22T13:54:47+00:00\",\"description\":\"Entf\u00fchrter Priester in Mali Hans-Joachim Lohre wird vermisst, nachdem er in einem Nonnenkloster eine Messe gefeiert hat.\",\"breadcrumb\":{\"@id\":\"https:\\\/\\\/acninternational.org\\\/de\\\/entfuehrter-priester-in-mali\\\/#breadcrumb\"},\"inLanguage\":\"de\",\"potentialAction\":[{\"@type\":\"ReadAction\",\"target\":[\"https:\\\/\\\/acninternational.org\\\/de\\\/entfuehrter-priester-in-mali\\\/\"]}]},{\"@type\":\"ImageObject\",\"inLanguage\":\"de\",\"@id\":\"https:\\\/\\\/acninternational.org\\\/de\\\/entfuehrter-priester-in-mali\\\/#primaryimage\",\"url\":\"https:\\\/\\\/media.acninternational.org\\\/wp-content\\\/uploads\\\/2022\\\/11\\\/heading-2022-11-22T142318.066-1.png\",\"contentUrl\":\"https:\\\/\\\/media.acninternational.org\\\/wp-content\\\/uploads\\\/2022\\\/11\\\/heading-2022-11-22T142318.066-1.png\",\"width\":2000,\"height\":625,\"caption\":\"Entf\u00fchrter Priester in Mali\"},{\"@type\":\"BreadcrumbList\",\"@id\":\"https:\\\/\\\/acninternational.org\\\/de\\\/entfuehrter-priester-in-mali\\\/#breadcrumb\",\"itemListElement\":[{\"@type\":\"ListItem\",\"position\":1,\"name\":\"Home\",\"item\":\"https:\\\/\\\/acninternational.org\\\/de\\\/\"},{\"@type\":\"ListItem\",\"position\":2,\"name\":\"Nachricht\",\"item\":\"https:\\\/\\\/acninternational.org\\\/de\\\/category\\\/news-de\\\/\"},{\"@type\":\"ListItem\",\"position\":3,\"name\":\"Der in Mali entf\u00fchrte Priester war sich der Gefahr bewusst: \u201eWir stellen ein leichtes Ziel dar, aber wir haben einen Auftrag.\u201c\"}]},{\"@type\":\"WebSite\",\"@id\":\"https:\\\/\\\/acninternational.org\\\/de\\\/#website\",\"url\":\"https:\\\/\\\/acninternational.org\\\/de\\\/\",\"name\":\"ACN International\",\"description\":\"\",\"publisher\":{\"@id\":\"https:\\\/\\\/acninternational.org\\\/de\\\/#organization\"},\"potentialAction\":[{\"@type\":\"SearchAction\",\"target\":{\"@type\":\"EntryPoint\",\"urlTemplate\":\"https:\\\/\\\/acninternational.org\\\/de\\\/?s={search_term_string}\"},\"query-input\":{\"@type\":\"PropertyValueSpecification\",\"valueRequired\":true,\"valueName\":\"search_term_string\"}}],\"inLanguage\":\"de\"},{\"@type\":\"Organization\",\"@id\":\"https:\\\/\\\/acninternational.org\\\/de\\\/#organization\",\"name\":\"Aid to the Church in Need International\",\"url\":\"https:\\\/\\\/acninternational.org\\\/de\\\/\",\"logo\":{\"@type\":\"ImageObject\",\"inLanguage\":\"de\",\"@id\":\"https:\\\/\\\/acninternational.org\\\/de\\\/#\\\/schema\\\/logo\\\/image\\\/\",\"url\":\"https:\\\/\\\/media.acninternational.org\\\/wp-content\\\/uploads\\\/2019\\\/11\\\/acn_logo_blackvector.svg\",\"contentUrl\":\"https:\\\/\\\/media.acninternational.org\\\/wp-content\\\/uploads\\\/2019\\\/11\\\/acn_logo_blackvector.svg\",\"width\":232.6,\"height\":78,\"caption\":\"Aid to the Church in Need International\"},\"image\":{\"@id\":\"https:\\\/\\\/acninternational.org\\\/de\\\/#\\\/schema\\\/logo\\\/image\\\/\"},\"sameAs\":[\"https:\\\/\\\/www.facebook.com\\\/acninternationalorg\",\"https:\\\/\\\/x.com\\\/acn_int\",\"https:\\\/\\\/www.youtube.com\\\/channel\\\/UCQ-077gS0TnVzkhHmf1opZw\",\"https:\\\/\\\/www.instagram.com\\\/acn_international\\\/\"]},{\"@type\":\"Person\",\"@id\":\"https:\\\/\\\/acninternational.org\\\/de\\\/#\\\/schema\\\/person\\\/7f3dafb236b242fb2aa46be1411fd703\",\"name\":\"ACN Press Team\",\"description\":\"Lorem ipsum dolor sit amet, consectetur adipiscing elit, sed do eiusmod tempor incididunt ut labore et dolore magna aliqua. Ut enim ad minim veniam, quis nostrud exercitation ullamco laboris nisi ut aliquip ex ea commodo consequat.\",\"url\":\"https:\\\/\\\/acninternational.org\\\/de\\\/author\\\/acn-press-team\\\/\"}]}<\/script>\n<!-- \/ Yoast SEO Premium plugin. -->","yoast_head_json":{"title":"Entf\u00fchrter Priester in Mali | ACN International","description":"Entf\u00fchrter Priester in Mali Hans-Joachim Lohre wird vermisst, nachdem er in einem Nonnenkloster eine Messe gefeiert hat.","robots":{"index":"index","follow":"follow","max-snippet":"max-snippet:-1","max-image-preview":"max-image-preview:large","max-video-preview":"max-video-preview:-1"},"canonical":"https:\/\/acninternational.org\/de\/entfuehrter-priester-in-mali\/","og_locale":"de_DE","og_type":"article","og_title":"Der in Mali entf\u00fchrte Priester war sich der Gefahr bewusst: \u201eWir stellen ein leichtes Ziel dar, aber wir haben einen Auftrag.\u201c","og_description":"Entf\u00fchrter Priester in Mali Hans-Joachim Lohre wird vermisst, nachdem er in einem Nonnenkloster eine Messe gefeiert hat.","og_url":"https:\/\/acninternational.org\/de\/entfuehrter-priester-in-mali\/","og_site_name":"ACN International","article_publisher":"https:\/\/www.facebook.com\/acninternationalorg","article_published_time":"2022-11-22T13:20:01+00:00","article_modified_time":"2022-11-22T13:54:47+00:00","og_image":[{"width":2000,"height":625,"url":"https:\/\/media.acninternational.org\/wp-content\/uploads\/2022\/11\/heading-2022-11-22T142318.066-1.png","type":"image\/png"}],"author":"ACN Press Team","twitter_card":"summary_large_image","twitter_creator":"@acn_int","twitter_site":"@acn_int","twitter_misc":{"Verfasst von":"ACN Press Team","Gesch\u00e4tzte Lesezeit":"4\u00a0Minuten"},"schema":{"@context":"https:\/\/schema.org","@graph":[{"@type":"Article","@id":"https:\/\/acninternational.org\/de\/entfuehrter-priester-in-mali\/#article","isPartOf":{"@id":"https:\/\/acninternational.org\/de\/entfuehrter-priester-in-mali\/"},"author":{"name":"ACN Press Team","@id":"https:\/\/acninternational.org\/de\/#\/schema\/person\/7f3dafb236b242fb2aa46be1411fd703"},"headline":"Der in Mali entf\u00fchrte Priester war sich der Gefahr bewusst: \u201eWir stellen ein leichtes Ziel dar, aber wir haben einen Auftrag.\u201c","datePublished":"2022-11-22T13:20:01+00:00","dateModified":"2022-11-22T13:54:47+00:00","mainEntityOfPage":{"@id":"https:\/\/acninternational.org\/de\/entfuehrter-priester-in-mali\/"},"wordCount":764,"publisher":{"@id":"https:\/\/acninternational.org\/de\/#organization"},"image":{"@id":"https:\/\/acninternational.org\/de\/entfuehrter-priester-in-mali\/#primaryimage"},"thumbnailUrl":"https:\/\/media.acninternational.org\/wp-content\/uploads\/2022\/11\/heading-2022-11-22T142318.066-1.png","articleSection":["Nachricht"],"inLanguage":"de"},{"@type":"WebPage","@id":"https:\/\/acninternational.org\/de\/entfuehrter-priester-in-mali\/","url":"https:\/\/acninternational.org\/de\/entfuehrter-priester-in-mali\/","name":"Entf\u00fchrter Priester in Mali | ACN International","isPartOf":{"@id":"https:\/\/acninternational.org\/de\/#website"},"primaryImageOfPage":{"@id":"https:\/\/acninternational.org\/de\/entfuehrter-priester-in-mali\/#primaryimage"},"image":{"@id":"https:\/\/acninternational.org\/de\/entfuehrter-priester-in-mali\/#primaryimage"},"thumbnailUrl":"https:\/\/media.acninternational.org\/wp-content\/uploads\/2022\/11\/heading-2022-11-22T142318.066-1.png","datePublished":"2022-11-22T13:20:01+00:00","dateModified":"2022-11-22T13:54:47+00:00","description":"Entf\u00fchrter Priester in Mali Hans-Joachim Lohre wird vermisst, nachdem er in einem Nonnenkloster eine Messe gefeiert hat.","breadcrumb":{"@id":"https:\/\/acninternational.org\/de\/entfuehrter-priester-in-mali\/#breadcrumb"},"inLanguage":"de","potentialAction":[{"@type":"ReadAction","target":["https:\/\/acninternational.org\/de\/entfuehrter-priester-in-mali\/"]}]},{"@type":"ImageObject","inLanguage":"de","@id":"https:\/\/acninternational.org\/de\/entfuehrter-priester-in-mali\/#primaryimage","url":"https:\/\/media.acninternational.org\/wp-content\/uploads\/2022\/11\/heading-2022-11-22T142318.066-1.png","contentUrl":"https:\/\/media.acninternational.org\/wp-content\/uploads\/2022\/11\/heading-2022-11-22T142318.066-1.png","width":2000,"height":625,"caption":"Entf\u00fchrter Priester in Mali"},{"@type":"BreadcrumbList","@id":"https:\/\/acninternational.org\/de\/entfuehrter-priester-in-mali\/#breadcrumb","itemListElement":[{"@type":"ListItem","position":1,"name":"Home","item":"https:\/\/acninternational.org\/de\/"},{"@type":"ListItem","position":2,"name":"Nachricht","item":"https:\/\/acninternational.org\/de\/category\/news-de\/"},{"@type":"ListItem","position":3,"name":"Der in Mali entf\u00fchrte Priester war sich der Gefahr bewusst: \u201eWir stellen ein leichtes Ziel dar, aber wir haben einen Auftrag.\u201c"}]},{"@type":"WebSite","@id":"https:\/\/acninternational.org\/de\/#website","url":"https:\/\/acninternational.org\/de\/","name":"ACN International","description":"","publisher":{"@id":"https:\/\/acninternational.org\/de\/#organization"},"potentialAction":[{"@type":"SearchAction","target":{"@type":"EntryPoint","urlTemplate":"https:\/\/acninternational.org\/de\/?s={search_term_string}"},"query-input":{"@type":"PropertyValueSpecification","valueRequired":true,"valueName":"search_term_string"}}],"inLanguage":"de"},{"@type":"Organization","@id":"https:\/\/acninternational.org\/de\/#organization","name":"Aid to the Church in Need International","url":"https:\/\/acninternational.org\/de\/","logo":{"@type":"ImageObject","inLanguage":"de","@id":"https:\/\/acninternational.org\/de\/#\/schema\/logo\/image\/","url":"https:\/\/media.acninternational.org\/wp-content\/uploads\/2019\/11\/acn_logo_blackvector.svg","contentUrl":"https:\/\/media.acninternational.org\/wp-content\/uploads\/2019\/11\/acn_logo_blackvector.svg","width":232.6,"height":78,"caption":"Aid to the Church in Need International"},"image":{"@id":"https:\/\/acninternational.org\/de\/#\/schema\/logo\/image\/"},"sameAs":["https:\/\/www.facebook.com\/acninternationalorg","https:\/\/x.com\/acn_int","https:\/\/www.youtube.com\/channel\/UCQ-077gS0TnVzkhHmf1opZw","https:\/\/www.instagram.com\/acn_international\/"]},{"@type":"Person","@id":"https:\/\/acninternational.org\/de\/#\/schema\/person\/7f3dafb236b242fb2aa46be1411fd703","name":"ACN Press Team","description":"Lorem ipsum dolor sit amet, consectetur adipiscing elit, sed do eiusmod tempor incididunt ut labore et dolore magna aliqua. Ut enim ad minim veniam, quis nostrud exercitation ullamco laboris nisi ut aliquip ex ea commodo consequat.","url":"https:\/\/acninternational.org\/de\/author\/acn-press-team\/"}]}},"_links":{"self":[{"href":"https:\/\/acninternational.org\/de\/wp-json\/wp\/v2\/posts\/176378","targetHints":{"allow":["GET"]}}],"collection":[{"href":"https:\/\/acninternational.org\/de\/wp-json\/wp\/v2\/posts"}],"about":[{"href":"https:\/\/acninternational.org\/de\/wp-json\/wp\/v2\/types\/post"}],"author":[{"embeddable":true,"href":"https:\/\/acninternational.org\/de\/wp-json\/wp\/v2\/users\/4258341447"}],"replies":[{"embeddable":true,"href":"https:\/\/acninternational.org\/de\/wp-json\/wp\/v2\/comments?post=176378"}],"version-history":[{"count":0,"href":"https:\/\/acninternational.org\/de\/wp-json\/wp\/v2\/posts\/176378\/revisions"}],"wp:featuredmedia":[{"embeddable":true,"href":"https:\/\/acninternational.org\/de\/wp-json\/wp\/v2\/media\/176352"}],"wp:attachment":[{"href":"https:\/\/acninternational.org\/de\/wp-json\/wp\/v2\/media?parent=176378"}],"wp:term":[{"taxonomy":"category","embeddable":true,"href":"https:\/\/acninternational.org\/de\/wp-json\/wp\/v2\/categories?post=176378"},{"taxonomy":"post_tag","embeddable":true,"href":"https:\/\/acninternational.org\/de\/wp-json\/wp\/v2\/tags?post=176378"},{"taxonomy":"country","embeddable":true,"href":"https:\/\/acninternational.org\/de\/wp-json\/wp\/v2\/country?post=176378"}],"curies":[{"name":"wp","href":"https:\/\/api.w.org\/{rel}","templated":true}]}}