{"id":175990,"date":"2022-11-11T13:53:26","date_gmt":"2022-11-11T12:53:26","guid":{"rendered":"https:\/\/acninternational.org\/?p=175990"},"modified":"2022-11-15T15:39:03","modified_gmt":"2022-11-15T14:39:03","slug":"papst-franziskus-im-suedsudan-grosse-freude","status":"publish","type":"post","link":"https:\/\/acninternational.org\/de\/papst-franziskus-im-suedsudan-grosse-freude\/","title":{"rendered":"S\u00fcdsudan: \u201eDer Papstbesuch wird eine gro\u00dfe Freude sein in einem Land, in dem Kinder immer noch hungern\u201c, sagt eine Missionsschwester."},"content":{"rendered":"<p><em>Papst Franziskus im S\u00fcdsudan<\/em>: Die Ank\u00fcndigung, dass der Heilige Vater m\u00f6glicherweise im Februar n\u00e4chsten Jahres den S\u00fcdsudan besuchen wird, ist von der katholischen Gemeinschaft im Land \u201emit gro\u00dfer Freude\u201c aufgenommen worden, so Schwester Beta Almendra, Missionarin in Wau, der zweitgr\u00f6\u00dften Stadt des afrikanischen Landes.<\/p>\n<p>Die Freude ist verst\u00e4ndlich, nachdem der f\u00fcr Anfang Juli dieses Jahres geplante Besuch aufgrund des Gesundheitszustands des Heiligen Vaters verschoben werden musste. Verst\u00e4ndlich auch, weil das Land die Aufmerksamkeit der internationalen Gemeinschaft braucht.<\/p>\n<p>Die Gewalt von bewaffneten Gruppen untereinander und die Hungersnot sind zwei der gr\u00f6\u00dften Probleme des Landes. Sch\u00e4tzungsweise sieben Millionen Menschen, d. h. ein Drittel der Bev\u00f6lkerung, leiden unter schwerer Ern\u00e4hrungsunsicherheit. Die Situation hat sich bereits durch die Covid19-Pandemie versch\u00e4rft und durch den Krieg in der Ukraine noch weiter verschlimmert.<\/p>\n<figure id=\"attachment_175856\" aria-describedby=\"caption-attachment-175856\" style=\"width: 670px\" class=\"wp-caption alignnone\"><img loading=\"lazy\" decoding=\"async\" class=\"wp-image-175856 size-full\" src=\"https:\/\/media.acninternational.org\/wp-content\/uploads\/2022\/11\/pequena-16.png\" alt=\"Papst Franziskus im S\u00fcdsudan: gro\u00dfe Freude\" width=\"670\" height=\"400\" srcset=\"https:\/\/media.acninternational.org\/wp-content\/uploads\/2022\/11\/pequena-16.png 670w, https:\/\/media.acninternational.org\/wp-content\/uploads\/2022\/11\/pequena-16-300x179.png 300w\" sizes=\"auto, (max-width: 670px) 100vw, 670px\" \/><figcaption id=\"caption-attachment-175856\" class=\"wp-caption-text\">Unterst\u00fctzung der Hungerpr\u00e4vention durch die Comboni-Missionare in der Pfarrei Holy Cross.<\/figcaption><\/figure>\n<p>Im Gespr\u00e4ch mit dem portugiesischen Sitz des internationalen Hilfswerks Aid to the Church in Need (ACN) sagte Schwester Beta, dass \u201evon au\u00dfen \u00fcberhaupt keine Unterst\u00fctzung kommt\u201c, was im Land sp\u00fcrbar werde: \u201eEinige Nichtregierungsorganisationen ziehen sich zur\u00fcck\u201c, erkl\u00e4rt die 52-j\u00e4hrige portugiesische Ordensschwester.<\/p>\n<p>\u201eHier im S\u00fcdsudan ist die Lage noch nicht stabil; wir schaffen es nicht allein.\u201c Als Beispiel nannte sie den Hunger: \u201eIn einer der Schulen, in denen ich arbeite, haben wir einmal am Tag Essen ausgegeben. F\u00fcr viele Sch\u00fcler war das die einzige Gelegenheit, Bohnen oder Reis zu essen. Aber die Schule musste die Essensausgabe aufgeben, weil die Unterst\u00fctzung nicht ausreicht und kein Geld da ist, um Essen f\u00fcr die Sch\u00fcler zu kaufen.\u201c Die Folgen zeigten sich in erh\u00f6htem Krankenstand und verminderten schulischen Leistungen.<\/p>\n<p>Zwar ist die Region Wau im Gegensatz zu anderen Landesteilen derzeit friedlich, doch ist der Hunger eine der Hauptfolgen der politischen Unruhen im S\u00fcdsudan. Das Land befindet sich seit 2013 im B\u00fcrgerkrieg zwischen den Anh\u00e4ngern von Pr\u00e4sident Salva Kiir, einem ethnischen Dinka, und Vizepr\u00e4sident Riek Machar, einem ethnischen Nuer. Dem Krieg sind rund 400 000 Menschen zum Opfer gefallen; mehr als zwei Millionen Menschen wurden vertrieben.<\/p>\n<figure id=\"attachment_175862\" aria-describedby=\"caption-attachment-175862\" style=\"width: 670px\" class=\"wp-caption alignnone\"><img loading=\"lazy\" decoding=\"async\" class=\"wp-image-175862 size-full\" src=\"https:\/\/media.acninternational.org\/wp-content\/uploads\/2022\/11\/pequena-15.png\" alt=\"Papst Franziskus im S\u00fcdsudan\" width=\"670\" height=\"400\" srcset=\"https:\/\/media.acninternational.org\/wp-content\/uploads\/2022\/11\/pequena-15.png 670w, https:\/\/media.acninternational.org\/wp-content\/uploads\/2022\/11\/pequena-15-300x179.png 300w\" sizes=\"auto, (max-width: 670px) 100vw, 670px\" \/><figcaption id=\"caption-attachment-175862\" class=\"wp-caption-text\">Gruppenfoto mit Schwester Beta Almendra in Wau.<\/figcaption><\/figure>\n<p>Am 15. September k\u00fcndigte Papst Franziskus auf seiner R\u00fcckreise aus Kasachstan an, dass er seine Reisepl\u00e4ne in den S\u00fcdsudan und die Demokratische Republik Kongo wieder aufnehmen wolle. Begleitet werden soll der Papst vom Erzbischof von Canterbury, Justin Welby, dem Primas der Anglikanischen Kirche, die im S\u00fcdsudan stark vertreten ist. Welby hat auch an einem Gebetstreffen teilgenommen, das der Papst 2019 im Vatikan f\u00fcr Spitzenpolitiker des S\u00fcdsudan gehalten hat.<\/p>\n<p>Das Hilfswerk ACN finanziert zahlreiche Projekte im S\u00fcdsudan. Dazu geh\u00f6ren die Unterst\u00fctzung der Seelsorge f\u00fcr Fl\u00fcchtlinge, Ausbildungshilfen f\u00fcr Ordensschwestern und Katecheten, Existenzhilfe f\u00fcr Priester durch Messstipendien und Hilfe bei ihrer pastoralen und geistlichen Ausbildung. Das Hilfswerk hat auch zum Bau und zur Renovierung von Einrichtungen f\u00fcr die Pastoralarbeit in St\u00e4dten wie Wau, Juba und Yirol beigetragen.<\/p>\n","protected":false},"excerpt":{"rendered":"<p>Die Ank\u00fcndigung, dass Papst Franziskus einen Besuch im S\u00fcdsudan erw\u00e4gt, wird im Februar n\u00e4chsten Jahres stattfinden<\/p>\n","protected":false},"author":4258341447,"featured_media":175870,"comment_status":"closed","ping_status":"closed","sticky":false,"template":"","format":"standard","meta":{"_acf_changed":false,"_acn_coauthor_ids":[],"footnotes":""},"categories":[954],"tags":[],"country":[778],"class_list":["post-175990","post","type-post","status-publish","format-standard","has-post-thumbnail","hentry","category-news-de","country-south-sudan"],"acn_coauthors":[],"acf":[],"yoast_head":"<!-- This site is optimized with the Yoast SEO Premium plugin v27.3 (Yoast SEO v27.3) - https:\/\/yoast.com\/product\/yoast-seo-premium-wordpress\/ -->\n<title>Papst Franziskus im S\u00fcdsudan: gro\u00dfe Freude | ACN International<\/title>\n<meta name=\"description\" content=\"Die Ank\u00fcndigung, dass Papst Franziskus einen Besuch im S\u00fcdsudan erw\u00e4gt, wird im Februar n\u00e4chsten Jahres stattfinden.\" \/>\n<meta name=\"robots\" content=\"index, follow, max-snippet:-1, max-image-preview:large, max-video-preview:-1\" \/>\n<link rel=\"canonical\" href=\"https:\/\/acninternational.org\/de\/papst-franziskus-im-suedsudan-grosse-freude\/\" \/>\n<meta property=\"og:locale\" content=\"de_DE\" \/>\n<meta property=\"og:type\" content=\"article\" \/>\n<meta property=\"og:title\" content=\"S\u00fcdsudan: \u201eDer Papstbesuch wird eine gro\u00dfe Freude sein in einem Land, in dem Kinder immer noch hungern\u201c, sagt eine Missionsschwester.\" \/>\n<meta property=\"og:description\" content=\"Die Ank\u00fcndigung, dass Papst Franziskus einen Besuch im S\u00fcdsudan erw\u00e4gt, wird im Februar n\u00e4chsten Jahres stattfinden.\" \/>\n<meta property=\"og:url\" content=\"https:\/\/acninternational.org\/de\/papst-franziskus-im-suedsudan-grosse-freude\/\" \/>\n<meta property=\"og:site_name\" content=\"ACN International\" \/>\n<meta property=\"article:publisher\" content=\"https:\/\/www.facebook.com\/acninternationalorg\" \/>\n<meta property=\"article:published_time\" content=\"2022-11-11T12:53:26+00:00\" \/>\n<meta property=\"article:modified_time\" content=\"2022-11-15T14:39:03+00:00\" \/>\n<meta property=\"og:image\" content=\"https:\/\/media.acninternational.org\/wp-content\/uploads\/2022\/11\/grande-9-2.png\" \/>\n\t<meta property=\"og:image:width\" content=\"2000\" \/>\n\t<meta property=\"og:image:height\" content=\"625\" \/>\n\t<meta property=\"og:image:type\" content=\"image\/png\" \/>\n<meta name=\"author\" content=\"ACN Press Team\" \/>\n<meta name=\"twitter:card\" content=\"summary_large_image\" \/>\n<meta name=\"twitter:creator\" content=\"@acn_int\" \/>\n<meta name=\"twitter:site\" content=\"@acn_int\" \/>\n<meta name=\"twitter:label1\" content=\"Verfasst von\" \/>\n\t<meta name=\"twitter:data1\" content=\"ACN Press Team\" \/>\n\t<meta name=\"twitter:label2\" content=\"Gesch\u00e4tzte Lesezeit\" \/>\n\t<meta name=\"twitter:data2\" content=\"3\u00a0Minuten\" \/>\n<script type=\"application\/ld+json\" class=\"yoast-schema-graph\">{\"@context\":\"https:\\\/\\\/schema.org\",\"@graph\":[{\"@type\":\"Article\",\"@id\":\"https:\\\/\\\/acninternational.org\\\/de\\\/papst-franziskus-im-suedsudan-grosse-freude\\\/#article\",\"isPartOf\":{\"@id\":\"https:\\\/\\\/acninternational.org\\\/de\\\/papst-franziskus-im-suedsudan-grosse-freude\\\/\"},\"author\":{\"name\":\"ACN Press Team\",\"@id\":\"https:\\\/\\\/acninternational.org\\\/de\\\/#\\\/schema\\\/person\\\/7f3dafb236b242fb2aa46be1411fd703\"},\"headline\":\"S\u00fcdsudan: \u201eDer Papstbesuch wird eine gro\u00dfe Freude sein in einem Land, in dem Kinder immer noch hungern\u201c, sagt eine Missionsschwester.\",\"datePublished\":\"2022-11-11T12:53:26+00:00\",\"dateModified\":\"2022-11-15T14:39:03+00:00\",\"mainEntityOfPage\":{\"@id\":\"https:\\\/\\\/acninternational.org\\\/de\\\/papst-franziskus-im-suedsudan-grosse-freude\\\/\"},\"wordCount\":542,\"publisher\":{\"@id\":\"https:\\\/\\\/acninternational.org\\\/de\\\/#organization\"},\"image\":{\"@id\":\"https:\\\/\\\/acninternational.org\\\/de\\\/papst-franziskus-im-suedsudan-grosse-freude\\\/#primaryimage\"},\"thumbnailUrl\":\"https:\\\/\\\/media.acninternational.org\\\/wp-content\\\/uploads\\\/2022\\\/11\\\/grande-9-2.png\",\"articleSection\":[\"Nachricht\"],\"inLanguage\":\"de\"},{\"@type\":\"WebPage\",\"@id\":\"https:\\\/\\\/acninternational.org\\\/de\\\/papst-franziskus-im-suedsudan-grosse-freude\\\/\",\"url\":\"https:\\\/\\\/acninternational.org\\\/de\\\/papst-franziskus-im-suedsudan-grosse-freude\\\/\",\"name\":\"Papst Franziskus im S\u00fcdsudan: gro\u00dfe Freude | ACN International\",\"isPartOf\":{\"@id\":\"https:\\\/\\\/acninternational.org\\\/de\\\/#website\"},\"primaryImageOfPage\":{\"@id\":\"https:\\\/\\\/acninternational.org\\\/de\\\/papst-franziskus-im-suedsudan-grosse-freude\\\/#primaryimage\"},\"image\":{\"@id\":\"https:\\\/\\\/acninternational.org\\\/de\\\/papst-franziskus-im-suedsudan-grosse-freude\\\/#primaryimage\"},\"thumbnailUrl\":\"https:\\\/\\\/media.acninternational.org\\\/wp-content\\\/uploads\\\/2022\\\/11\\\/grande-9-2.png\",\"datePublished\":\"2022-11-11T12:53:26+00:00\",\"dateModified\":\"2022-11-15T14:39:03+00:00\",\"description\":\"Die Ank\u00fcndigung, dass Papst Franziskus einen Besuch im S\u00fcdsudan erw\u00e4gt, wird im Februar n\u00e4chsten Jahres stattfinden.\",\"breadcrumb\":{\"@id\":\"https:\\\/\\\/acninternational.org\\\/de\\\/papst-franziskus-im-suedsudan-grosse-freude\\\/#breadcrumb\"},\"inLanguage\":\"de\",\"potentialAction\":[{\"@type\":\"ReadAction\",\"target\":[\"https:\\\/\\\/acninternational.org\\\/de\\\/papst-franziskus-im-suedsudan-grosse-freude\\\/\"]}]},{\"@type\":\"ImageObject\",\"inLanguage\":\"de\",\"@id\":\"https:\\\/\\\/acninternational.org\\\/de\\\/papst-franziskus-im-suedsudan-grosse-freude\\\/#primaryimage\",\"url\":\"https:\\\/\\\/media.acninternational.org\\\/wp-content\\\/uploads\\\/2022\\\/11\\\/grande-9-2.png\",\"contentUrl\":\"https:\\\/\\\/media.acninternational.org\\\/wp-content\\\/uploads\\\/2022\\\/11\\\/grande-9-2.png\",\"width\":2000,\"height\":625,\"caption\":\"Schwester Beta Almendra mit ihren Sch\u00fclern in Wau.\"},{\"@type\":\"BreadcrumbList\",\"@id\":\"https:\\\/\\\/acninternational.org\\\/de\\\/papst-franziskus-im-suedsudan-grosse-freude\\\/#breadcrumb\",\"itemListElement\":[{\"@type\":\"ListItem\",\"position\":1,\"name\":\"Home\",\"item\":\"https:\\\/\\\/acninternational.org\\\/de\\\/\"},{\"@type\":\"ListItem\",\"position\":2,\"name\":\"Nachricht\",\"item\":\"https:\\\/\\\/acninternational.org\\\/de\\\/category\\\/news-de\\\/\"},{\"@type\":\"ListItem\",\"position\":3,\"name\":\"S\u00fcdsudan: \u201eDer Papstbesuch wird eine gro\u00dfe Freude sein in einem Land, in dem Kinder immer noch hungern\u201c, sagt eine Missionsschwester.\"}]},{\"@type\":\"WebSite\",\"@id\":\"https:\\\/\\\/acninternational.org\\\/de\\\/#website\",\"url\":\"https:\\\/\\\/acninternational.org\\\/de\\\/\",\"name\":\"ACN International\",\"description\":\"\",\"publisher\":{\"@id\":\"https:\\\/\\\/acninternational.org\\\/de\\\/#organization\"},\"potentialAction\":[{\"@type\":\"SearchAction\",\"target\":{\"@type\":\"EntryPoint\",\"urlTemplate\":\"https:\\\/\\\/acninternational.org\\\/de\\\/?s={search_term_string}\"},\"query-input\":{\"@type\":\"PropertyValueSpecification\",\"valueRequired\":true,\"valueName\":\"search_term_string\"}}],\"inLanguage\":\"de\"},{\"@type\":\"Organization\",\"@id\":\"https:\\\/\\\/acninternational.org\\\/de\\\/#organization\",\"name\":\"Aid to the Church in Need International\",\"url\":\"https:\\\/\\\/acninternational.org\\\/de\\\/\",\"logo\":{\"@type\":\"ImageObject\",\"inLanguage\":\"de\",\"@id\":\"https:\\\/\\\/acninternational.org\\\/de\\\/#\\\/schema\\\/logo\\\/image\\\/\",\"url\":\"https:\\\/\\\/media.acninternational.org\\\/wp-content\\\/uploads\\\/2019\\\/11\\\/acn_logo_blackvector.svg\",\"contentUrl\":\"https:\\\/\\\/media.acninternational.org\\\/wp-content\\\/uploads\\\/2019\\\/11\\\/acn_logo_blackvector.svg\",\"width\":232.6,\"height\":78,\"caption\":\"Aid to the Church in Need International\"},\"image\":{\"@id\":\"https:\\\/\\\/acninternational.org\\\/de\\\/#\\\/schema\\\/logo\\\/image\\\/\"},\"sameAs\":[\"https:\\\/\\\/www.facebook.com\\\/acninternationalorg\",\"https:\\\/\\\/x.com\\\/acn_int\",\"https:\\\/\\\/www.youtube.com\\\/channel\\\/UCQ-077gS0TnVzkhHmf1opZw\",\"https:\\\/\\\/www.instagram.com\\\/acn_international\\\/\"]},{\"@type\":\"Person\",\"@id\":\"https:\\\/\\\/acninternational.org\\\/de\\\/#\\\/schema\\\/person\\\/7f3dafb236b242fb2aa46be1411fd703\",\"name\":\"ACN Press Team\",\"description\":\"Lorem ipsum dolor sit amet, consectetur adipiscing elit, sed do eiusmod tempor incididunt ut labore et dolore magna aliqua. Ut enim ad minim veniam, quis nostrud exercitation ullamco laboris nisi ut aliquip ex ea commodo consequat.\",\"url\":\"https:\\\/\\\/acninternational.org\\\/de\\\/author\\\/acn-press-team\\\/\"}]}<\/script>\n<!-- \/ Yoast SEO Premium plugin. -->","yoast_head_json":{"title":"Papst Franziskus im S\u00fcdsudan: gro\u00dfe Freude | ACN International","description":"Die Ank\u00fcndigung, dass Papst Franziskus einen Besuch im S\u00fcdsudan erw\u00e4gt, wird im Februar n\u00e4chsten Jahres stattfinden.","robots":{"index":"index","follow":"follow","max-snippet":"max-snippet:-1","max-image-preview":"max-image-preview:large","max-video-preview":"max-video-preview:-1"},"canonical":"https:\/\/acninternational.org\/de\/papst-franziskus-im-suedsudan-grosse-freude\/","og_locale":"de_DE","og_type":"article","og_title":"S\u00fcdsudan: \u201eDer Papstbesuch wird eine gro\u00dfe Freude sein in einem Land, in dem Kinder immer noch hungern\u201c, sagt eine Missionsschwester.","og_description":"Die Ank\u00fcndigung, dass Papst Franziskus einen Besuch im S\u00fcdsudan erw\u00e4gt, wird im Februar n\u00e4chsten Jahres stattfinden.","og_url":"https:\/\/acninternational.org\/de\/papst-franziskus-im-suedsudan-grosse-freude\/","og_site_name":"ACN International","article_publisher":"https:\/\/www.facebook.com\/acninternationalorg","article_published_time":"2022-11-11T12:53:26+00:00","article_modified_time":"2022-11-15T14:39:03+00:00","og_image":[{"width":2000,"height":625,"url":"https:\/\/media.acninternational.org\/wp-content\/uploads\/2022\/11\/grande-9-2.png","type":"image\/png"}],"author":"ACN Press Team","twitter_card":"summary_large_image","twitter_creator":"@acn_int","twitter_site":"@acn_int","twitter_misc":{"Verfasst von":"ACN Press Team","Gesch\u00e4tzte Lesezeit":"3\u00a0Minuten"},"schema":{"@context":"https:\/\/schema.org","@graph":[{"@type":"Article","@id":"https:\/\/acninternational.org\/de\/papst-franziskus-im-suedsudan-grosse-freude\/#article","isPartOf":{"@id":"https:\/\/acninternational.org\/de\/papst-franziskus-im-suedsudan-grosse-freude\/"},"author":{"name":"ACN Press Team","@id":"https:\/\/acninternational.org\/de\/#\/schema\/person\/7f3dafb236b242fb2aa46be1411fd703"},"headline":"S\u00fcdsudan: \u201eDer Papstbesuch wird eine gro\u00dfe Freude sein in einem Land, in dem Kinder immer noch hungern\u201c, sagt eine Missionsschwester.","datePublished":"2022-11-11T12:53:26+00:00","dateModified":"2022-11-15T14:39:03+00:00","mainEntityOfPage":{"@id":"https:\/\/acninternational.org\/de\/papst-franziskus-im-suedsudan-grosse-freude\/"},"wordCount":542,"publisher":{"@id":"https:\/\/acninternational.org\/de\/#organization"},"image":{"@id":"https:\/\/acninternational.org\/de\/papst-franziskus-im-suedsudan-grosse-freude\/#primaryimage"},"thumbnailUrl":"https:\/\/media.acninternational.org\/wp-content\/uploads\/2022\/11\/grande-9-2.png","articleSection":["Nachricht"],"inLanguage":"de"},{"@type":"WebPage","@id":"https:\/\/acninternational.org\/de\/papst-franziskus-im-suedsudan-grosse-freude\/","url":"https:\/\/acninternational.org\/de\/papst-franziskus-im-suedsudan-grosse-freude\/","name":"Papst Franziskus im S\u00fcdsudan: gro\u00dfe Freude | ACN International","isPartOf":{"@id":"https:\/\/acninternational.org\/de\/#website"},"primaryImageOfPage":{"@id":"https:\/\/acninternational.org\/de\/papst-franziskus-im-suedsudan-grosse-freude\/#primaryimage"},"image":{"@id":"https:\/\/acninternational.org\/de\/papst-franziskus-im-suedsudan-grosse-freude\/#primaryimage"},"thumbnailUrl":"https:\/\/media.acninternational.org\/wp-content\/uploads\/2022\/11\/grande-9-2.png","datePublished":"2022-11-11T12:53:26+00:00","dateModified":"2022-11-15T14:39:03+00:00","description":"Die Ank\u00fcndigung, dass Papst Franziskus einen Besuch im S\u00fcdsudan erw\u00e4gt, wird im Februar n\u00e4chsten Jahres stattfinden.","breadcrumb":{"@id":"https:\/\/acninternational.org\/de\/papst-franziskus-im-suedsudan-grosse-freude\/#breadcrumb"},"inLanguage":"de","potentialAction":[{"@type":"ReadAction","target":["https:\/\/acninternational.org\/de\/papst-franziskus-im-suedsudan-grosse-freude\/"]}]},{"@type":"ImageObject","inLanguage":"de","@id":"https:\/\/acninternational.org\/de\/papst-franziskus-im-suedsudan-grosse-freude\/#primaryimage","url":"https:\/\/media.acninternational.org\/wp-content\/uploads\/2022\/11\/grande-9-2.png","contentUrl":"https:\/\/media.acninternational.org\/wp-content\/uploads\/2022\/11\/grande-9-2.png","width":2000,"height":625,"caption":"Schwester Beta Almendra mit ihren Sch\u00fclern in Wau."},{"@type":"BreadcrumbList","@id":"https:\/\/acninternational.org\/de\/papst-franziskus-im-suedsudan-grosse-freude\/#breadcrumb","itemListElement":[{"@type":"ListItem","position":1,"name":"Home","item":"https:\/\/acninternational.org\/de\/"},{"@type":"ListItem","position":2,"name":"Nachricht","item":"https:\/\/acninternational.org\/de\/category\/news-de\/"},{"@type":"ListItem","position":3,"name":"S\u00fcdsudan: \u201eDer Papstbesuch wird eine gro\u00dfe Freude sein in einem Land, in dem Kinder immer noch hungern\u201c, sagt eine Missionsschwester."}]},{"@type":"WebSite","@id":"https:\/\/acninternational.org\/de\/#website","url":"https:\/\/acninternational.org\/de\/","name":"ACN International","description":"","publisher":{"@id":"https:\/\/acninternational.org\/de\/#organization"},"potentialAction":[{"@type":"SearchAction","target":{"@type":"EntryPoint","urlTemplate":"https:\/\/acninternational.org\/de\/?s={search_term_string}"},"query-input":{"@type":"PropertyValueSpecification","valueRequired":true,"valueName":"search_term_string"}}],"inLanguage":"de"},{"@type":"Organization","@id":"https:\/\/acninternational.org\/de\/#organization","name":"Aid to the Church in Need International","url":"https:\/\/acninternational.org\/de\/","logo":{"@type":"ImageObject","inLanguage":"de","@id":"https:\/\/acninternational.org\/de\/#\/schema\/logo\/image\/","url":"https:\/\/media.acninternational.org\/wp-content\/uploads\/2019\/11\/acn_logo_blackvector.svg","contentUrl":"https:\/\/media.acninternational.org\/wp-content\/uploads\/2019\/11\/acn_logo_blackvector.svg","width":232.6,"height":78,"caption":"Aid to the Church in Need International"},"image":{"@id":"https:\/\/acninternational.org\/de\/#\/schema\/logo\/image\/"},"sameAs":["https:\/\/www.facebook.com\/acninternationalorg","https:\/\/x.com\/acn_int","https:\/\/www.youtube.com\/channel\/UCQ-077gS0TnVzkhHmf1opZw","https:\/\/www.instagram.com\/acn_international\/"]},{"@type":"Person","@id":"https:\/\/acninternational.org\/de\/#\/schema\/person\/7f3dafb236b242fb2aa46be1411fd703","name":"ACN Press Team","description":"Lorem ipsum dolor sit amet, consectetur adipiscing elit, sed do eiusmod tempor incididunt ut labore et dolore magna aliqua. Ut enim ad minim veniam, quis nostrud exercitation ullamco laboris nisi ut aliquip ex ea commodo consequat.","url":"https:\/\/acninternational.org\/de\/author\/acn-press-team\/"}]}},"_links":{"self":[{"href":"https:\/\/acninternational.org\/de\/wp-json\/wp\/v2\/posts\/175990","targetHints":{"allow":["GET"]}}],"collection":[{"href":"https:\/\/acninternational.org\/de\/wp-json\/wp\/v2\/posts"}],"about":[{"href":"https:\/\/acninternational.org\/de\/wp-json\/wp\/v2\/types\/post"}],"author":[{"embeddable":true,"href":"https:\/\/acninternational.org\/de\/wp-json\/wp\/v2\/users\/4258341447"}],"replies":[{"embeddable":true,"href":"https:\/\/acninternational.org\/de\/wp-json\/wp\/v2\/comments?post=175990"}],"version-history":[{"count":0,"href":"https:\/\/acninternational.org\/de\/wp-json\/wp\/v2\/posts\/175990\/revisions"}],"wp:featuredmedia":[{"embeddable":true,"href":"https:\/\/acninternational.org\/de\/wp-json\/wp\/v2\/media\/175870"}],"wp:attachment":[{"href":"https:\/\/acninternational.org\/de\/wp-json\/wp\/v2\/media?parent=175990"}],"wp:term":[{"taxonomy":"category","embeddable":true,"href":"https:\/\/acninternational.org\/de\/wp-json\/wp\/v2\/categories?post=175990"},{"taxonomy":"post_tag","embeddable":true,"href":"https:\/\/acninternational.org\/de\/wp-json\/wp\/v2\/tags?post=175990"},{"taxonomy":"country","embeddable":true,"href":"https:\/\/acninternational.org\/de\/wp-json\/wp\/v2\/country?post=175990"}],"curies":[{"name":"wp","href":"https:\/\/api.w.org\/{rel}","templated":true}]}}