{"id":175147,"date":"2022-10-10T16:46:32","date_gmt":"2022-10-10T14:46:32","guid":{"rendered":"https:\/\/acninternational.org\/?p=175147"},"modified":"2022-10-12T09:45:29","modified_gmt":"2022-10-12T07:45:29","slug":"krieg-in-der-ukraine-beeinflusst-pastoralarbeit","status":"publish","type":"post","link":"https:\/\/acninternational.org\/de\/krieg-in-der-ukraine-beeinflusst-pastoralarbeit\/","title":{"rendered":"Ukraine: Priester sollen keine Angst haben"},"content":{"rendered":"<p>Krieg in der Ukraine: Anl\u00e4sslich des nun fast acht Monate andauernden Kriegs sprach Aid to the Church in Need mit dem griechisch-katholischen Bischof von Charkiw, Vasylij Tuchapets, , w\u00e4hrend seines Besuches beim Hauptsitz des Hilfswerkes, dar\u00fcber, wie wichtig es ist, bei den Menschen zu bleiben, wie sich der Krieg in der Ukraine auf die pastorale Arbeit ausgewirkt hat und welche Bed\u00fcrfnisse in der Ostukraine angesichts des nahenden Winters bestehen.<\/p>\n<p>Am ersten Tag der Invasion im Februar dieses Jahres wurde Bischof Vasylij um 5 Uhr morgens vom L\u00e4rm der Explosionen geweckt; die Russen hatten gerade mit der Bombardierung von Charkiw begonnen. Auf dem Weg zur Kathedrale sah er Menschen in Panik, von denen viele versuchten, mit ihrem Gep\u00e4ck zum Bahnhof zu gelangen. Der \u00f6ffentliche Nahverkehr funktionierte nicht mehr, und an den Tankstellen bildeten sich lange Schlangen.<\/p>\n<p>Seine erste Anweisung an diesem Tag war, dass alle Priester in ihren Pfarreien bleiben sollten, in der N\u00e4he der ihnen anvertrauten Gl\u00e4ubigen. Gleichzeitig sollten sie f\u00fcr die Sicherheit ihrer Familien sorgen, denn die meisten griechisch-katholischen Di\u00f6zesanpriester haben Ehefrauen und Kinder.<\/p>\n<p>Als der Bischof eines Abends nach der Messe die Kathedrale verlie\u00df, wurde er von einer Gruppe junger M\u00e4nner aus dem Ort angesprochen, die er noch nie in der Kirche gesehen hatte. \u201eDanke, dass Sie bei uns geblieben sind\u201c, sagten sie. Allein die Anwesenheit von jemandem, der f\u00fcr sie betet, st\u00e4rke die Menschen, sagt Bischof Vasylij: \u201eDie Priester sollen keine Angst haben; der Herr wird segnen. Wenn sie weggingen, w\u00e4re das ein gro\u00dfer Verlust f\u00fcr alle.\u201c<\/p>\n<figure id=\"attachment_175131\" aria-describedby=\"caption-attachment-175131\" style=\"width: 670px\" class=\"wp-caption alignnone\"><img loading=\"lazy\" decoding=\"async\" class=\"wp-image-175131 size-full\" src=\"https:\/\/media.acninternational.org\/wp-content\/uploads\/2022\/10\/pequena-4-1.png\" alt=\"Krieg in der Ukraine\" width=\"670\" height=\"400\" srcset=\"https:\/\/media.acninternational.org\/wp-content\/uploads\/2022\/10\/pequena-4-1.png 670w, https:\/\/media.acninternational.org\/wp-content\/uploads\/2022\/10\/pequena-4-1-300x179.png 300w\" sizes=\"auto, (max-width: 670px) 100vw, 670px\" \/><figcaption id=\"caption-attachment-175131\" class=\"wp-caption-text\">Der Besuch von Bischof Vasylij Tuchapets in der ACN-Zentrale<\/figcaption><\/figure>\n<h4>\u201eWir pfl\u00fcgen, andere werden ernten\u201c<\/h4>\n<p>Das Exarchat von Charkiw, das erst im Jahr 2014 errichtet wurde, erstreckt sich \u00fcber 84.000 Quadratkilometer &#8211; etwa die Gr\u00f6\u00dfe von \u00d6sterreich &#8211; und umfasst die drei Regionen Charkiw, Poltawa und Sumy mit insgesamt mehr als f\u00fcnf Millionen Einwohnern. Dieses traditionell orthodoxe Gebiet wurde w\u00e4hrend der Sowjetzeit stark s\u00e4kularisiert.<\/p>\n<p>\u201eWir haben unsere Arbeit mit den griechisch-katholischen Gl\u00e4ubigen begonnen &#8211; die meisten von ihnen waren ehemalige Universit\u00e4tsstudenten, die in Charkiw geblieben waren, oder ehemals nach Sibirien Deportierte\u201c, sagt der Bischof, \u201edoch jetzt sind die meisten Gemeindemitglieder Einheimische, die durch den Kontakt mit unseren Pfarreien zu ihrem Glauben gefunden haben. Ich denke, unsere Aufgabe ist es, zu pfl\u00fcgen, den Boden zu bereiten; nach uns kommen diejenigen, die s\u00e4en werden, und die n\u00e4chsten Generationen werden bereits ernten, wie der heilige Paulus sagte.\u201c<\/p>\n<p>Die Seelsorge habe sich durch den Krieg in der Ukraine ver\u00e4ndert, stellt Bischof Vasylij fest. Viele Menschen seien weggegangen, aber es seien auch neue hinzugekommen, die Hilfe und Schutz suchten. Jeden Tag k\u00e4men Menschen in die Kathedrale von Charkiw, nicht nur auf der Suche nach humanit\u00e4rer Hilfe. Sie h\u00e4tten Fragen und seien auf der Suche nach Antworten. \u201eDie meisten Menschen, die im Moment zum Beten kommen, sind diejenigen, die w\u00e4hrend des Krieges begonnen haben, zu kommen. Manchmal bitten sie nach Jahren des Zusammenlebens um die Eheschlie\u00dfung oder die Taufe ihrer Kinder\u201c&#8220;, berichtet er.<\/p>\n<p>Auch die Kinder k\u00e4men in die Kirche, nachdem sie oft monatelang in ihren Wohnungen, Kellern und Unterk\u00fcnften gelebt h\u00e4tten. Ordensschwestern und Helfer organisierten Spiele, und Begegnungen und zweimal pro Woche Katechismusunterricht f\u00fcr diejenigen, die teilnehmen m\u00f6chten. F\u00fcr einige sei es der erste Kontakt mit dem Gebet. \u201eDie Schulklassen sind aus Sicherheitsgr\u00fcnden online, aber wir werden unsere Treffen f\u00fcr Kinder fortsetzen\u201c, sagt der Bischof. Zur pastoralen Arbeit mit Kindern geh\u00f6ren auch die Sommerlager, genannt \u201eFerien mit Gott\u201c, die dank der Unterst\u00fctzung von ACN stattfinden. W\u00e4hrend des Krieges wurden die Camps nicht nur aufrechterhalten, sondern ihre Zahl wurde sogar erh\u00f6ht.<\/p>\n<p>T\u00e4glich werde in den Gemeinden f\u00fcr ein Ende der Aggression und f\u00fcr den Frieden gebetet. \u201eAls Christen wissen wir sehr wohl, dass die Kraft vom Herrn kommt und nicht von der Gr\u00f6\u00dfe der Armee abh\u00e4ngt\u201c, sagt der Bischof. Die Kathedrale feiere t\u00e4glich die Liturgie in der Unterkirche, da die Oberkirche als Lager f\u00fcr humanit\u00e4re Hilfe genutzt werde.<\/p>\n<figure id=\"attachment_175137\" aria-describedby=\"caption-attachment-175137\" style=\"width: 670px\" class=\"wp-caption alignnone\"><img loading=\"lazy\" decoding=\"async\" class=\"wp-image-175137 size-full\" src=\"https:\/\/media.acninternational.org\/wp-content\/uploads\/2022\/10\/pequena-3-1.png\" alt=\"Krieg in der Ukraine\" width=\"670\" height=\"400\" srcset=\"https:\/\/media.acninternational.org\/wp-content\/uploads\/2022\/10\/pequena-3-1.png 670w, https:\/\/media.acninternational.org\/wp-content\/uploads\/2022\/10\/pequena-3-1-300x179.png 300w\" sizes=\"auto, (max-width: 670px) 100vw, 670px\" \/><figcaption id=\"caption-attachment-175137\" class=\"wp-caption-text\">Die Kathedrale von Charkiw wurde aufgrund des Krieges in der Ukraine als Lagerhaus genutzt<\/figcaption><\/figure>\n<h4>Der Winter wird nicht einfach werden, Hilfe wird weiterhin ben\u00f6tigt im\u00a0Krieg in der Ukraine<\/h4>\n<p>Schon bald nach Kriegsbeginn trafen erste Hilfslieferungen in Charkiw ein. Mit der Zeit wurden die Priester und Freiwilligen zu Experten darin, Lebensmittel, Kleidung, Medikamente, Hygieneartikel, Kindersachen usw. so zu sortieren, dass sie den Menschen schnell genau das geben k\u00f6nnen, was sie brauchen. Noch immer kommen zwischen 1500 und 2000 Menschen aus der ganzen Stadt in die Kathedrale, um nach Hilfe zu fragen, weil sie hier verschiedene Dinge an einem Ort bekommen k\u00f6nnen.<br \/>\nDie Verteilung von Hilfsg\u00fctern wurde jedoch von drei auf einen Tag in der Woche reduziert, zum Teil wegen der Warenknappheit, aber auch um Vorr\u00e4te f\u00fcr den Herbst und Winter f\u00fcr neue Fl\u00fcchtlinge zu lagern.<\/p>\n<p>Die D\u00f6rfer in der Umgebung sind durch den russischen Beschuss schwer besch\u00e4digt worden, so dass die Menschen in der Stadt Schutz suchen.<\/p>\n<p>\u201eDie Sch\u00e4den in Charkiw sind schnell behoben, und die Infrastruktur ist in Betrieb, aber dieser Winter wird nicht einfach werden\u201c, warnt der Bischof. Viele Geb\u00e4ude h\u00e4tten durch den Beschuss zerbrochene Fenster, so dass die erste Aufgabe darin bestehe, daf\u00fcr zu sorgen, dass es die Menschen in ihren Wohnungen warm h\u00e4tten. Lebensmittel, warme Sachen und Medikamente w\u00fcrden weiterhin ben\u00f6tigt, wobei letztere Priorit\u00e4t haben, da mit dem kalten Wetter auch saisonale Krankheiten auftreten werden. \u201eWir brauchen immer noch Hilfe f\u00fcr die Menschen, und dieser Bedarf wird noch lange anhalten, denn die Menschen haben jetzt keine Arbeit und kein Einkommen, also m\u00fcssen wir zumindest die grundlegenden Dinge bereitstellen\u201c, erkl\u00e4rt Bischof Vasylij.<\/p>\n<p>ACN war die erste Hilfsorganisation, die Vasylij Tuchapets im Jahr 2014 nach seiner Ernennung zum Bischof von Charkiw besuchte. Im Laufe der Jahre haben die Di\u00f6zese und ACN viele Projekte ins Leben gerufen, darunter den laufenden Bau der Kathedrale und anderer Kirchen, den Aufbau von Gemeindezentren und Infrastruktur, die Unterst\u00fctzung von Priestern und Schwestern, Katechismusprojekte und Projekte zur Kinder- und Jugendarbeit.<\/p>\n<p>An die Wohlt\u00e4ter von ACN gewandt, sagt Bischof Vasylij: \u201eDanke f\u00fcr Ihre Unterst\u00fctzung und Zusammenarbeit! Auf diese Weise verbreiten wir das Wort Gottes im Osten der Ukraine, wo es w\u00e4hrend der fast 80 Jahre des Kommunismus verboten war. Die Wiederbelebung des Glaubens braucht viel Zeit und viel Arbeit, angefangen beim Aufbau von grundlegenden Strukturen, um einen Ort f\u00fcr Gebet und Katechismus zu schaffen und den Priestern die M\u00f6glichkeit zu geben, nahe bei ihren Leuten zu leben. Jeder unserer Priester zelebriert mindestens einmal im Monat eine Messe f\u00fcr die Anliegen unserer Wohlt\u00e4ter. Ich danke Ihnen f\u00fcr diese Zusammenarbeit und hoffe, dass sie fortgesetzt wird. M\u00f6ge der Herr Sie f\u00fcr Ihren Dienst segnen, der f\u00fcr die Kirche so wichtig ist!\u201c<\/p>\n","protected":false},"excerpt":{"rendered":"<p>\u201eWir brauchen immer noch Hilfe f\u00fcr die Menschen, und dieser Bedarf wird noch lange anhalten.\u201c<\/p>\n","protected":false},"author":4258341447,"featured_media":175127,"comment_status":"closed","ping_status":"closed","sticky":false,"template":"","format":"standard","meta":{"_acf_changed":false,"_acn_coauthor_ids":[],"footnotes":""},"categories":[968],"tags":[],"country":[156],"class_list":["post-175147","post","type-post","status-publish","format-standard","has-post-thumbnail","hentry","category-featured-de","country-ukraine"],"acn_coauthors":[],"acf":[],"yoast_head":"<!-- This site is optimized with the Yoast SEO Premium plugin v27.3 (Yoast SEO v27.3) - https:\/\/yoast.com\/product\/yoast-seo-premium-wordpress\/ -->\n<title>Krieg in der Ukraine beeinflusst Pastoralarbeit | ACN International<\/title>\n<meta name=\"description\" content=\"Der Bischof von Charkiw erkl\u00e4rt wie sich der Krieg in der Ukraine auf die Pastoralarbeit ausgewirkt hat und wie wichtig die Priester sind.\" \/>\n<meta name=\"robots\" content=\"index, follow, max-snippet:-1, max-image-preview:large, max-video-preview:-1\" \/>\n<link rel=\"canonical\" href=\"https:\/\/acninternational.org\/de\/krieg-in-der-ukraine-beeinflusst-pastoralarbeit\/\" \/>\n<meta property=\"og:locale\" content=\"de_DE\" \/>\n<meta property=\"og:type\" content=\"article\" \/>\n<meta property=\"og:title\" content=\"Ukraine: Priester sollen keine Angst haben\" \/>\n<meta property=\"og:description\" content=\"Der Bischof von Charkiw erkl\u00e4rt wie sich der Krieg in der Ukraine auf die Pastoralarbeit ausgewirkt hat und wie wichtig die Priester sind.\" \/>\n<meta property=\"og:url\" content=\"https:\/\/acninternational.org\/de\/krieg-in-der-ukraine-beeinflusst-pastoralarbeit\/\" \/>\n<meta property=\"og:site_name\" content=\"ACN International\" \/>\n<meta property=\"article:publisher\" content=\"https:\/\/www.facebook.com\/acninternationalorg\" \/>\n<meta property=\"article:published_time\" content=\"2022-10-10T14:46:32+00:00\" \/>\n<meta property=\"article:modified_time\" content=\"2022-10-12T07:45:29+00:00\" \/>\n<meta property=\"og:image\" content=\"https:\/\/media.acninternational.org\/wp-content\/uploads\/2022\/10\/grande-3.png\" \/>\n\t<meta property=\"og:image:width\" content=\"2000\" \/>\n\t<meta property=\"og:image:height\" content=\"625\" \/>\n\t<meta property=\"og:image:type\" content=\"image\/png\" \/>\n<meta name=\"author\" content=\"ACN Press Team\" \/>\n<meta name=\"twitter:card\" content=\"summary_large_image\" \/>\n<meta name=\"twitter:creator\" content=\"@acn_int\" \/>\n<meta name=\"twitter:site\" content=\"@acn_int\" \/>\n<meta name=\"twitter:label1\" content=\"Verfasst von\" \/>\n\t<meta name=\"twitter:data1\" content=\"ACN Press Team\" \/>\n\t<meta name=\"twitter:label2\" content=\"Gesch\u00e4tzte Lesezeit\" \/>\n\t<meta name=\"twitter:data2\" content=\"6\u00a0Minuten\" \/>\n<script type=\"application\/ld+json\" class=\"yoast-schema-graph\">{\"@context\":\"https:\\\/\\\/schema.org\",\"@graph\":[{\"@type\":\"Article\",\"@id\":\"https:\\\/\\\/acninternational.org\\\/de\\\/krieg-in-der-ukraine-beeinflusst-pastoralarbeit\\\/#article\",\"isPartOf\":{\"@id\":\"https:\\\/\\\/acninternational.org\\\/de\\\/krieg-in-der-ukraine-beeinflusst-pastoralarbeit\\\/\"},\"author\":{\"name\":\"ACN Press Team\",\"@id\":\"https:\\\/\\\/acninternational.org\\\/de\\\/#\\\/schema\\\/person\\\/7f3dafb236b242fb2aa46be1411fd703\"},\"headline\":\"Ukraine: Priester sollen keine Angst haben\",\"datePublished\":\"2022-10-10T14:46:32+00:00\",\"dateModified\":\"2022-10-12T07:45:29+00:00\",\"mainEntityOfPage\":{\"@id\":\"https:\\\/\\\/acninternational.org\\\/de\\\/krieg-in-der-ukraine-beeinflusst-pastoralarbeit\\\/\"},\"wordCount\":1184,\"publisher\":{\"@id\":\"https:\\\/\\\/acninternational.org\\\/de\\\/#organization\"},\"image\":{\"@id\":\"https:\\\/\\\/acninternational.org\\\/de\\\/krieg-in-der-ukraine-beeinflusst-pastoralarbeit\\\/#primaryimage\"},\"thumbnailUrl\":\"https:\\\/\\\/media.acninternational.org\\\/wp-content\\\/uploads\\\/2022\\\/10\\\/grande-3.png\",\"articleSection\":[\"FEATURED\"],\"inLanguage\":\"de\"},{\"@type\":\"WebPage\",\"@id\":\"https:\\\/\\\/acninternational.org\\\/de\\\/krieg-in-der-ukraine-beeinflusst-pastoralarbeit\\\/\",\"url\":\"https:\\\/\\\/acninternational.org\\\/de\\\/krieg-in-der-ukraine-beeinflusst-pastoralarbeit\\\/\",\"name\":\"Krieg in der Ukraine beeinflusst Pastoralarbeit | ACN International\",\"isPartOf\":{\"@id\":\"https:\\\/\\\/acninternational.org\\\/de\\\/#website\"},\"primaryImageOfPage\":{\"@id\":\"https:\\\/\\\/acninternational.org\\\/de\\\/krieg-in-der-ukraine-beeinflusst-pastoralarbeit\\\/#primaryimage\"},\"image\":{\"@id\":\"https:\\\/\\\/acninternational.org\\\/de\\\/krieg-in-der-ukraine-beeinflusst-pastoralarbeit\\\/#primaryimage\"},\"thumbnailUrl\":\"https:\\\/\\\/media.acninternational.org\\\/wp-content\\\/uploads\\\/2022\\\/10\\\/grande-3.png\",\"datePublished\":\"2022-10-10T14:46:32+00:00\",\"dateModified\":\"2022-10-12T07:45:29+00:00\",\"description\":\"Der Bischof von Charkiw erkl\u00e4rt wie sich der Krieg in der Ukraine auf die Pastoralarbeit ausgewirkt hat und wie wichtig die Priester sind.\",\"breadcrumb\":{\"@id\":\"https:\\\/\\\/acninternational.org\\\/de\\\/krieg-in-der-ukraine-beeinflusst-pastoralarbeit\\\/#breadcrumb\"},\"inLanguage\":\"de\",\"potentialAction\":[{\"@type\":\"ReadAction\",\"target\":[\"https:\\\/\\\/acninternational.org\\\/de\\\/krieg-in-der-ukraine-beeinflusst-pastoralarbeit\\\/\"]}]},{\"@type\":\"ImageObject\",\"inLanguage\":\"de\",\"@id\":\"https:\\\/\\\/acninternational.org\\\/de\\\/krieg-in-der-ukraine-beeinflusst-pastoralarbeit\\\/#primaryimage\",\"url\":\"https:\\\/\\\/media.acninternational.org\\\/wp-content\\\/uploads\\\/2022\\\/10\\\/grande-3.png\",\"contentUrl\":\"https:\\\/\\\/media.acninternational.org\\\/wp-content\\\/uploads\\\/2022\\\/10\\\/grande-3.png\",\"width\":2000,\"height\":625,\"caption\":\"Menschen, die Hilfe von Caritas-Freiwilligen erhalten\"},{\"@type\":\"BreadcrumbList\",\"@id\":\"https:\\\/\\\/acninternational.org\\\/de\\\/krieg-in-der-ukraine-beeinflusst-pastoralarbeit\\\/#breadcrumb\",\"itemListElement\":[{\"@type\":\"ListItem\",\"position\":1,\"name\":\"Home\",\"item\":\"https:\\\/\\\/acninternational.org\\\/de\\\/\"},{\"@type\":\"ListItem\",\"position\":2,\"name\":\"FEATURED\",\"item\":\"https:\\\/\\\/acninternational.org\\\/de\\\/category\\\/featured-de\\\/\"},{\"@type\":\"ListItem\",\"position\":3,\"name\":\"Ukraine: Priester sollen keine Angst haben\"}]},{\"@type\":\"WebSite\",\"@id\":\"https:\\\/\\\/acninternational.org\\\/de\\\/#website\",\"url\":\"https:\\\/\\\/acninternational.org\\\/de\\\/\",\"name\":\"ACN International\",\"description\":\"\",\"publisher\":{\"@id\":\"https:\\\/\\\/acninternational.org\\\/de\\\/#organization\"},\"potentialAction\":[{\"@type\":\"SearchAction\",\"target\":{\"@type\":\"EntryPoint\",\"urlTemplate\":\"https:\\\/\\\/acninternational.org\\\/de\\\/?s={search_term_string}\"},\"query-input\":{\"@type\":\"PropertyValueSpecification\",\"valueRequired\":true,\"valueName\":\"search_term_string\"}}],\"inLanguage\":\"de\"},{\"@type\":\"Organization\",\"@id\":\"https:\\\/\\\/acninternational.org\\\/de\\\/#organization\",\"name\":\"Aid to the Church in Need International\",\"url\":\"https:\\\/\\\/acninternational.org\\\/de\\\/\",\"logo\":{\"@type\":\"ImageObject\",\"inLanguage\":\"de\",\"@id\":\"https:\\\/\\\/acninternational.org\\\/de\\\/#\\\/schema\\\/logo\\\/image\\\/\",\"url\":\"https:\\\/\\\/media.acninternational.org\\\/wp-content\\\/uploads\\\/2019\\\/11\\\/acn_logo_blackvector.svg\",\"contentUrl\":\"https:\\\/\\\/media.acninternational.org\\\/wp-content\\\/uploads\\\/2019\\\/11\\\/acn_logo_blackvector.svg\",\"width\":232.6,\"height\":78,\"caption\":\"Aid to the Church in Need International\"},\"image\":{\"@id\":\"https:\\\/\\\/acninternational.org\\\/de\\\/#\\\/schema\\\/logo\\\/image\\\/\"},\"sameAs\":[\"https:\\\/\\\/www.facebook.com\\\/acninternationalorg\",\"https:\\\/\\\/x.com\\\/acn_int\",\"https:\\\/\\\/www.youtube.com\\\/channel\\\/UCQ-077gS0TnVzkhHmf1opZw\",\"https:\\\/\\\/www.instagram.com\\\/acn_international\\\/\"]},{\"@type\":\"Person\",\"@id\":\"https:\\\/\\\/acninternational.org\\\/de\\\/#\\\/schema\\\/person\\\/7f3dafb236b242fb2aa46be1411fd703\",\"name\":\"ACN Press Team\",\"description\":\"Lorem ipsum dolor sit amet, consectetur adipiscing elit, sed do eiusmod tempor incididunt ut labore et dolore magna aliqua. Ut enim ad minim veniam, quis nostrud exercitation ullamco laboris nisi ut aliquip ex ea commodo consequat.\",\"url\":\"https:\\\/\\\/acninternational.org\\\/de\\\/author\\\/acn-press-team\\\/\"}]}<\/script>\n<!-- \/ Yoast SEO Premium plugin. -->","yoast_head_json":{"title":"Krieg in der Ukraine beeinflusst Pastoralarbeit | ACN International","description":"Der Bischof von Charkiw erkl\u00e4rt wie sich der Krieg in der Ukraine auf die Pastoralarbeit ausgewirkt hat und wie wichtig die Priester sind.","robots":{"index":"index","follow":"follow","max-snippet":"max-snippet:-1","max-image-preview":"max-image-preview:large","max-video-preview":"max-video-preview:-1"},"canonical":"https:\/\/acninternational.org\/de\/krieg-in-der-ukraine-beeinflusst-pastoralarbeit\/","og_locale":"de_DE","og_type":"article","og_title":"Ukraine: Priester sollen keine Angst haben","og_description":"Der Bischof von Charkiw erkl\u00e4rt wie sich der Krieg in der Ukraine auf die Pastoralarbeit ausgewirkt hat und wie wichtig die Priester sind.","og_url":"https:\/\/acninternational.org\/de\/krieg-in-der-ukraine-beeinflusst-pastoralarbeit\/","og_site_name":"ACN International","article_publisher":"https:\/\/www.facebook.com\/acninternationalorg","article_published_time":"2022-10-10T14:46:32+00:00","article_modified_time":"2022-10-12T07:45:29+00:00","og_image":[{"width":2000,"height":625,"url":"https:\/\/media.acninternational.org\/wp-content\/uploads\/2022\/10\/grande-3.png","type":"image\/png"}],"author":"ACN Press Team","twitter_card":"summary_large_image","twitter_creator":"@acn_int","twitter_site":"@acn_int","twitter_misc":{"Verfasst von":"ACN Press Team","Gesch\u00e4tzte Lesezeit":"6\u00a0Minuten"},"schema":{"@context":"https:\/\/schema.org","@graph":[{"@type":"Article","@id":"https:\/\/acninternational.org\/de\/krieg-in-der-ukraine-beeinflusst-pastoralarbeit\/#article","isPartOf":{"@id":"https:\/\/acninternational.org\/de\/krieg-in-der-ukraine-beeinflusst-pastoralarbeit\/"},"author":{"name":"ACN Press Team","@id":"https:\/\/acninternational.org\/de\/#\/schema\/person\/7f3dafb236b242fb2aa46be1411fd703"},"headline":"Ukraine: Priester sollen keine Angst haben","datePublished":"2022-10-10T14:46:32+00:00","dateModified":"2022-10-12T07:45:29+00:00","mainEntityOfPage":{"@id":"https:\/\/acninternational.org\/de\/krieg-in-der-ukraine-beeinflusst-pastoralarbeit\/"},"wordCount":1184,"publisher":{"@id":"https:\/\/acninternational.org\/de\/#organization"},"image":{"@id":"https:\/\/acninternational.org\/de\/krieg-in-der-ukraine-beeinflusst-pastoralarbeit\/#primaryimage"},"thumbnailUrl":"https:\/\/media.acninternational.org\/wp-content\/uploads\/2022\/10\/grande-3.png","articleSection":["FEATURED"],"inLanguage":"de"},{"@type":"WebPage","@id":"https:\/\/acninternational.org\/de\/krieg-in-der-ukraine-beeinflusst-pastoralarbeit\/","url":"https:\/\/acninternational.org\/de\/krieg-in-der-ukraine-beeinflusst-pastoralarbeit\/","name":"Krieg in der Ukraine beeinflusst Pastoralarbeit | ACN International","isPartOf":{"@id":"https:\/\/acninternational.org\/de\/#website"},"primaryImageOfPage":{"@id":"https:\/\/acninternational.org\/de\/krieg-in-der-ukraine-beeinflusst-pastoralarbeit\/#primaryimage"},"image":{"@id":"https:\/\/acninternational.org\/de\/krieg-in-der-ukraine-beeinflusst-pastoralarbeit\/#primaryimage"},"thumbnailUrl":"https:\/\/media.acninternational.org\/wp-content\/uploads\/2022\/10\/grande-3.png","datePublished":"2022-10-10T14:46:32+00:00","dateModified":"2022-10-12T07:45:29+00:00","description":"Der Bischof von Charkiw erkl\u00e4rt wie sich der Krieg in der Ukraine auf die Pastoralarbeit ausgewirkt hat und wie wichtig die Priester sind.","breadcrumb":{"@id":"https:\/\/acninternational.org\/de\/krieg-in-der-ukraine-beeinflusst-pastoralarbeit\/#breadcrumb"},"inLanguage":"de","potentialAction":[{"@type":"ReadAction","target":["https:\/\/acninternational.org\/de\/krieg-in-der-ukraine-beeinflusst-pastoralarbeit\/"]}]},{"@type":"ImageObject","inLanguage":"de","@id":"https:\/\/acninternational.org\/de\/krieg-in-der-ukraine-beeinflusst-pastoralarbeit\/#primaryimage","url":"https:\/\/media.acninternational.org\/wp-content\/uploads\/2022\/10\/grande-3.png","contentUrl":"https:\/\/media.acninternational.org\/wp-content\/uploads\/2022\/10\/grande-3.png","width":2000,"height":625,"caption":"Menschen, die Hilfe von Caritas-Freiwilligen erhalten"},{"@type":"BreadcrumbList","@id":"https:\/\/acninternational.org\/de\/krieg-in-der-ukraine-beeinflusst-pastoralarbeit\/#breadcrumb","itemListElement":[{"@type":"ListItem","position":1,"name":"Home","item":"https:\/\/acninternational.org\/de\/"},{"@type":"ListItem","position":2,"name":"FEATURED","item":"https:\/\/acninternational.org\/de\/category\/featured-de\/"},{"@type":"ListItem","position":3,"name":"Ukraine: Priester sollen keine Angst haben"}]},{"@type":"WebSite","@id":"https:\/\/acninternational.org\/de\/#website","url":"https:\/\/acninternational.org\/de\/","name":"ACN International","description":"","publisher":{"@id":"https:\/\/acninternational.org\/de\/#organization"},"potentialAction":[{"@type":"SearchAction","target":{"@type":"EntryPoint","urlTemplate":"https:\/\/acninternational.org\/de\/?s={search_term_string}"},"query-input":{"@type":"PropertyValueSpecification","valueRequired":true,"valueName":"search_term_string"}}],"inLanguage":"de"},{"@type":"Organization","@id":"https:\/\/acninternational.org\/de\/#organization","name":"Aid to the Church in Need International","url":"https:\/\/acninternational.org\/de\/","logo":{"@type":"ImageObject","inLanguage":"de","@id":"https:\/\/acninternational.org\/de\/#\/schema\/logo\/image\/","url":"https:\/\/media.acninternational.org\/wp-content\/uploads\/2019\/11\/acn_logo_blackvector.svg","contentUrl":"https:\/\/media.acninternational.org\/wp-content\/uploads\/2019\/11\/acn_logo_blackvector.svg","width":232.6,"height":78,"caption":"Aid to the Church in Need International"},"image":{"@id":"https:\/\/acninternational.org\/de\/#\/schema\/logo\/image\/"},"sameAs":["https:\/\/www.facebook.com\/acninternationalorg","https:\/\/x.com\/acn_int","https:\/\/www.youtube.com\/channel\/UCQ-077gS0TnVzkhHmf1opZw","https:\/\/www.instagram.com\/acn_international\/"]},{"@type":"Person","@id":"https:\/\/acninternational.org\/de\/#\/schema\/person\/7f3dafb236b242fb2aa46be1411fd703","name":"ACN Press Team","description":"Lorem ipsum dolor sit amet, consectetur adipiscing elit, sed do eiusmod tempor incididunt ut labore et dolore magna aliqua. Ut enim ad minim veniam, quis nostrud exercitation ullamco laboris nisi ut aliquip ex ea commodo consequat.","url":"https:\/\/acninternational.org\/de\/author\/acn-press-team\/"}]}},"_links":{"self":[{"href":"https:\/\/acninternational.org\/de\/wp-json\/wp\/v2\/posts\/175147","targetHints":{"allow":["GET"]}}],"collection":[{"href":"https:\/\/acninternational.org\/de\/wp-json\/wp\/v2\/posts"}],"about":[{"href":"https:\/\/acninternational.org\/de\/wp-json\/wp\/v2\/types\/post"}],"author":[{"embeddable":true,"href":"https:\/\/acninternational.org\/de\/wp-json\/wp\/v2\/users\/4258341447"}],"replies":[{"embeddable":true,"href":"https:\/\/acninternational.org\/de\/wp-json\/wp\/v2\/comments?post=175147"}],"version-history":[{"count":0,"href":"https:\/\/acninternational.org\/de\/wp-json\/wp\/v2\/posts\/175147\/revisions"}],"wp:featuredmedia":[{"embeddable":true,"href":"https:\/\/acninternational.org\/de\/wp-json\/wp\/v2\/media\/175127"}],"wp:attachment":[{"href":"https:\/\/acninternational.org\/de\/wp-json\/wp\/v2\/media?parent=175147"}],"wp:term":[{"taxonomy":"category","embeddable":true,"href":"https:\/\/acninternational.org\/de\/wp-json\/wp\/v2\/categories?post=175147"},{"taxonomy":"post_tag","embeddable":true,"href":"https:\/\/acninternational.org\/de\/wp-json\/wp\/v2\/tags?post=175147"},{"taxonomy":"country","embeddable":true,"href":"https:\/\/acninternational.org\/de\/wp-json\/wp\/v2\/country?post=175147"}],"curies":[{"name":"wp","href":"https:\/\/api.w.org\/{rel}","templated":true}]}}