{"id":171761,"date":"2022-07-04T11:28:41","date_gmt":"2022-07-04T09:28:41","guid":{"rendered":"https:\/\/acninternational.org\/?p=171761"},"modified":"2022-07-04T16:36:23","modified_gmt":"2022-07-04T14:36:23","slug":"nicaragua-steht-an-der-spitze-religioeser-verfolgung-in-lateinamerika","status":"publish","type":"post","link":"https:\/\/acninternational.org\/de\/nicaragua-steht-an-der-spitze-religioeser-verfolgung-in-lateinamerika\/","title":{"rendered":"Nicaragua steht an der Spitze religi\u00f6ser Verfolgung in Lateinamerika"},"content":{"rendered":"<p><strong>Fast zweihundert Angriffe auf die katholische Kirche in vier Jahren<\/strong><\/p>\n<p>In weniger als vier Jahren hat die katholische Kirche in Nicaragua mehr als 190 Angriffe und Pl\u00fcnderungen erlitten, darunter einen <a href=\"https:\/\/acninternational.org\/nicaragua-acn-condemns-terrorist-attack-on-cathedral\/\" target=\"_blank\" rel=\"noopener\">Brand<\/a> in der Kathedrale von Managua, sowie die Verfolgung von Geistlichen unter dem Regime von Daniel Ortega. Dies geht aus dem Untersuchungsbericht: \u201e<em>Nicaragua: Verfolgte Kirche (2018-2022\u201c) <\/em>hervor, den das Hilfswerk Aid to the Church in Need erhalten hat. Erstellt wurde er von Martha Patricia Molina Montenegro, Mitglied der Beobachtungsstelle f\u00fcr Transparenz und Korruptionsbek\u00e4mpfung.<\/p>\n<p><img loading=\"lazy\" decoding=\"async\" class=\"aligncenter size-large wp-image-171782\" src=\"https:\/\/media.acninternational.org\/wp-content\/uploads\/2022\/07\/ACN-20200801-103573-768x1024.jpeg\" alt=\"\" width=\"768\" height=\"1024\" srcset=\"https:\/\/media.acninternational.org\/wp-content\/uploads\/2022\/07\/ACN-20200801-103573-768x1024.jpeg 768w, https:\/\/media.acninternational.org\/wp-content\/uploads\/2022\/07\/ACN-20200801-103573-225x300.jpeg 225w, https:\/\/media.acninternational.org\/wp-content\/uploads\/2022\/07\/ACN-20200801-103573.jpeg 960w\" sizes=\"auto, (max-width: 768px) 100vw, 768px\" \/><\/p>\n<p>Der Bericht wurde im Mai ver\u00f6ffentlicht und beinhaltet daher nicht die letzte Serie von Anschl\u00e4gen, die im Juni im Land stattgefunden haben. Dazu geh\u00f6ren die <a href=\"https:\/\/acninternational.org\/es\/acoso-policial-a-obispo-de-nicaragua\/\" target=\"_blank\" rel=\"noopener\">Schikanen<\/a> gegen Monsignore Rolando Alvarez Lagos, den Bischof der Di\u00f6zese Matagalpa, die Schlie\u00dfung katholischer Fernsehsender und die Ausweisung der Ordensschwestern von Mutter Teresa.<\/p>\n<p><strong>Mehr als 190 Angriffe gemeldet<\/strong><\/p>\n<p>Laut der Studie liegen die angegebenen Zahlen unter der tats\u00e4chlichen Zahl der Angriffe. \u201eWir haben F\u00e4lle gefunden, in denen Priester, die der Diebst\u00e4hle und Sch\u00e4ndungen \u00fcberdr\u00fcssig waren, beschlossen haben, nur letztere zu melden. Andere haben sich entschieden zu schweigen, weil sie nicht an das Rechtssystem glauben\u201c, hei\u00dft es in dem Bericht.<\/p>\n<p><img loading=\"lazy\" decoding=\"async\" class=\"aligncenter size-full wp-image-171788\" src=\"https:\/\/media.acninternational.org\/wp-content\/uploads\/2022\/07\/ACN-20200803-103577.jpeg\" alt=\"\" width=\"544\" height=\"689\" srcset=\"https:\/\/media.acninternational.org\/wp-content\/uploads\/2022\/07\/ACN-20200803-103577.jpeg 544w, https:\/\/media.acninternational.org\/wp-content\/uploads\/2022\/07\/ACN-20200803-103577-237x300.jpeg 237w\" sizes=\"auto, (max-width: 544px) 100vw, 544px\" \/><\/p>\n<p>Aus den vorliegenden Daten geht hervor, dass es sich bei 37 % der Anfeindungen um Angriffe auf Priester, Bisch\u00f6fe, Ordensschwestern, Seminaristen und Laien handelt, einschlie\u00dflich F\u00e4llen der Ausweisung aus dem Land, und bei 19 % um Sch\u00e4ndungen von heiligen St\u00e4tten und Kultgegenst\u00e4nden. Dar\u00fcber hinaus gab es zahlreiche F\u00e4lle (17 %) von Belagerungen, Zerst\u00f6rungen, Brandstiftung, Sperrung von Grundversorgungseinrichtungen und Eindringen in Privateigentum, etc.<\/p>\n<p><strong>Schlie\u00dfung von NGOs und katholischen Mediensendern<\/strong><\/p>\n<p>Dar\u00fcber hinaus k\u00fcndigte diese Woche das nicaraguanische Innenministerium die Schlie\u00dfung von 101 Nichtregierungsorganisationen (NGO) an, darunter die von Mutter Teresa von Kalkutta gegr\u00fcndete Vereinigung der Missionarinnen der N\u00e4chstenliebe. Die Ordensschwestern widmen sich der Betreuung der \u00c4rmsten der Gesellschaft und betreiben ein Altenheim, einen Kindergarten f\u00fcr Kinder mittelloser M\u00fctter und ein Heim f\u00fcr verlassene oder missbrauchte Jugendliche.<\/p>\n<p>F\u00fcnf weitere katholische Einrichtungen sind auf der Liste zu finden. Wenn die Nationalversammlung diese Initiative n\u00e4chste Woche annimmt, wird die Zahl der NGOs, die unter der Regierung Ortega f\u00fcr illegal erkl\u00e4rt worden sind, auf 758 steigen.<\/p>\n<p>Am 28. Juni wurde auch Telecable, auf dem TV Merced der Di\u00f6zese Matagalpa und Canal San Jos\u00e9 der Di\u00f6zese Estel\u00ed ausgestrahlt wurden, vom Netz genommen. Am 31. Mai war Canal 51, ein von der Kirche betriebener katholischer Sender, bereits vom Netz genommen worden.<\/p>\n<p><strong>Gr\u00fcnde der Feindseligkeit<\/strong><\/p>\n<p>Die Wurzeln der Feindseligkeit seitens der nicaraguanischen Regierung liegen dem Bericht zufolge in der <a href=\"https:\/\/acninternational.org\/film-award-for-crtn-documentary-on-the-difficult-situation-of-the-church-in-nicaragua\/\" target=\"_blank\" rel=\"noopener\">Unterst\u00fctzung<\/a> der katholischen Kirche f\u00fcr Studenten w\u00e4hrend der friedlichen Demonstrationen der Nicaraguaner gegen Korruption und Vetternwirtschaft im Land seit April 2018.\u00a0 Die Kirchen \u00f6ffneten ihre T\u00fcren, um R\u00e4ume f\u00fcr den Dialog und f\u00fcr gemeinsames Gebet zu schaffen, aber auch, um sich um die Verwundeten zu k\u00fcmmern und die Familien der Ermordeten oder Entf\u00fchrten zu tr\u00f6sten.<\/p>\n<p>\u201eVor April 2018 gab es nur sporadisch Angriffe auf die Kirche. Anschlie\u00dfend haben die Feindseligkeiten zugenommen und sind eskaliert. Die beleidigende und bedrohliche Sprache und die drohenden \u00c4u\u00dferungen des Pr\u00e4sidentenpaares gegen\u00fcber der katholischen F\u00fchrungsebene wurden immer deutlicher. Die Aktionen von Beh\u00f6rden gegen die karitative Arbeit der Kirche haben zugenommen\u201c, hei\u00dft es in dem Bericht.<\/p>\n<p>ACN hatte schon in seinem <a href=\"https:\/\/acninternational.org\/religiousfreedomreport\/de\/reports\/ni\/\" target=\"_blank\" rel=\"noopener\"><em>Religionsfreiheit Weltweit Bericht 2021<\/em><\/a> auf die schwierige Situation im Land aufmerksam gemacht.<\/p>\n<p>https:\/\/youtu.be\/miQwzBebWZQ<\/p>\n","protected":false},"excerpt":{"rendered":"<p>Viele Mitglieder des Klerus haben wegen ihrer Opposition gegen die Regierung und deren Politik gelitten. Im M\u00e4rz wies Pr\u00e4sident Daniel<\/p>\n","protected":false},"author":4258341447,"featured_media":171776,"comment_status":"closed","ping_status":"closed","sticky":false,"template":"","format":"standard","meta":{"_acf_changed":false,"_acn_coauthor_ids":[],"_acn_featured_article":false,"footnotes":""},"categories":[954],"tags":[],"country":[149],"class_list":["post-171761","post","type-post","status-publish","format-standard","has-post-thumbnail","hentry","category-news-de","country-nicaragua"],"acn_coauthors":[],"acf":[],"yoast_head":"<!-- This site is optimized with the Yoast SEO Premium plugin v27.5 (Yoast SEO v27.5) - https:\/\/yoast.com\/product\/yoast-seo-premium-wordpress\/ -->\n<title>Nicaragua steht an der Spitze religi\u00f6ser Verfolgung in Lateinamerika | ACN International<\/title>\n<meta name=\"robots\" content=\"index, follow, max-snippet:-1, max-image-preview:large, max-video-preview:-1\" \/>\n<link rel=\"canonical\" href=\"https:\/\/acninternational.org\/de\/nicaragua-steht-an-der-spitze-religioeser-verfolgung-in-lateinamerika\/\" \/>\n<meta property=\"og:locale\" content=\"de_DE\" \/>\n<meta property=\"og:type\" content=\"article\" \/>\n<meta property=\"og:title\" content=\"Nicaragua steht an der Spitze religi\u00f6ser Verfolgung in Lateinamerika\" \/>\n<meta property=\"og:description\" content=\"Viele Mitglieder des Klerus haben wegen ihrer Opposition gegen die Regierung und deren Politik gelitten. Im M\u00e4rz wies Pr\u00e4sident Daniel\" \/>\n<meta property=\"og:url\" content=\"https:\/\/acninternational.org\/de\/nicaragua-steht-an-der-spitze-religioeser-verfolgung-in-lateinamerika\/\" \/>\n<meta property=\"og:site_name\" content=\"ACN International\" \/>\n<meta property=\"article:publisher\" content=\"https:\/\/www.facebook.com\/acninternationalorg\" \/>\n<meta property=\"article:published_time\" content=\"2022-07-04T09:28:41+00:00\" \/>\n<meta property=\"article:modified_time\" content=\"2022-07-04T14:36:23+00:00\" \/>\n<meta property=\"og:image\" content=\"https:\/\/media.acninternational.org\/wp-content\/uploads\/2022\/07\/ACN-20190122-82733-banner.jpeg\" \/>\n\t<meta property=\"og:image:width\" content=\"1920\" \/>\n\t<meta property=\"og:image:height\" content=\"700\" \/>\n\t<meta property=\"og:image:type\" content=\"image\/jpeg\" \/>\n<meta name=\"author\" content=\"ACN Press Team\" \/>\n<meta name=\"twitter:card\" content=\"summary_large_image\" \/>\n<meta name=\"twitter:creator\" content=\"@acn_int\" \/>\n<meta name=\"twitter:site\" content=\"@acn_int\" \/>\n<meta name=\"twitter:label1\" content=\"Verfasst von\" \/>\n\t<meta name=\"twitter:data1\" content=\"ACN Press Team\" \/>\n\t<meta name=\"twitter:label2\" content=\"Gesch\u00e4tzte Lesezeit\" \/>\n\t<meta name=\"twitter:data2\" content=\"3\u00a0Minuten\" \/>\n<script type=\"application\/ld+json\" class=\"yoast-schema-graph\">{\"@context\":\"https:\\\/\\\/schema.org\",\"@graph\":[{\"@type\":\"Article\",\"@id\":\"https:\\\/\\\/acninternational.org\\\/de\\\/nicaragua-steht-an-der-spitze-religioeser-verfolgung-in-lateinamerika\\\/#article\",\"isPartOf\":{\"@id\":\"https:\\\/\\\/acninternational.org\\\/de\\\/nicaragua-steht-an-der-spitze-religioeser-verfolgung-in-lateinamerika\\\/\"},\"author\":{\"name\":\"ACN Press Team\",\"@id\":\"https:\\\/\\\/acninternational.org\\\/de\\\/#\\\/schema\\\/person\\\/7f3dafb236b242fb2aa46be1411fd703\"},\"headline\":\"Nicaragua steht an der Spitze religi\u00f6ser Verfolgung in Lateinamerika\",\"datePublished\":\"2022-07-04T09:28:41+00:00\",\"dateModified\":\"2022-07-04T14:36:23+00:00\",\"mainEntityOfPage\":{\"@id\":\"https:\\\/\\\/acninternational.org\\\/de\\\/nicaragua-steht-an-der-spitze-religioeser-verfolgung-in-lateinamerika\\\/\"},\"wordCount\":587,\"publisher\":{\"@id\":\"https:\\\/\\\/acninternational.org\\\/de\\\/#organization\"},\"image\":{\"@id\":\"https:\\\/\\\/acninternational.org\\\/de\\\/nicaragua-steht-an-der-spitze-religioeser-verfolgung-in-lateinamerika\\\/#primaryimage\"},\"thumbnailUrl\":\"https:\\\/\\\/media.acninternational.org\\\/wp-content\\\/uploads\\\/2022\\\/07\\\/ACN-20190122-82733-banner.jpeg\",\"articleSection\":[\"Nachricht\"],\"inLanguage\":\"de\"},{\"@type\":\"WebPage\",\"@id\":\"https:\\\/\\\/acninternational.org\\\/de\\\/nicaragua-steht-an-der-spitze-religioeser-verfolgung-in-lateinamerika\\\/\",\"url\":\"https:\\\/\\\/acninternational.org\\\/de\\\/nicaragua-steht-an-der-spitze-religioeser-verfolgung-in-lateinamerika\\\/\",\"name\":\"Nicaragua steht an der Spitze religi\u00f6ser Verfolgung in Lateinamerika | ACN International\",\"isPartOf\":{\"@id\":\"https:\\\/\\\/acninternational.org\\\/de\\\/#website\"},\"primaryImageOfPage\":{\"@id\":\"https:\\\/\\\/acninternational.org\\\/de\\\/nicaragua-steht-an-der-spitze-religioeser-verfolgung-in-lateinamerika\\\/#primaryimage\"},\"image\":{\"@id\":\"https:\\\/\\\/acninternational.org\\\/de\\\/nicaragua-steht-an-der-spitze-religioeser-verfolgung-in-lateinamerika\\\/#primaryimage\"},\"thumbnailUrl\":\"https:\\\/\\\/media.acninternational.org\\\/wp-content\\\/uploads\\\/2022\\\/07\\\/ACN-20190122-82733-banner.jpeg\",\"datePublished\":\"2022-07-04T09:28:41+00:00\",\"dateModified\":\"2022-07-04T14:36:23+00:00\",\"breadcrumb\":{\"@id\":\"https:\\\/\\\/acninternational.org\\\/de\\\/nicaragua-steht-an-der-spitze-religioeser-verfolgung-in-lateinamerika\\\/#breadcrumb\"},\"inLanguage\":\"de\",\"potentialAction\":[{\"@type\":\"ReadAction\",\"target\":[\"https:\\\/\\\/acninternational.org\\\/de\\\/nicaragua-steht-an-der-spitze-religioeser-verfolgung-in-lateinamerika\\\/\"]}]},{\"@type\":\"ImageObject\",\"inLanguage\":\"de\",\"@id\":\"https:\\\/\\\/acninternational.org\\\/de\\\/nicaragua-steht-an-der-spitze-religioeser-verfolgung-in-lateinamerika\\\/#primaryimage\",\"url\":\"https:\\\/\\\/media.acninternational.org\\\/wp-content\\\/uploads\\\/2022\\\/07\\\/ACN-20190122-82733-banner.jpeg\",\"contentUrl\":\"https:\\\/\\\/media.acninternational.org\\\/wp-content\\\/uploads\\\/2022\\\/07\\\/ACN-20190122-82733-banner.jpeg\",\"width\":1920,\"height\":700},{\"@type\":\"BreadcrumbList\",\"@id\":\"https:\\\/\\\/acninternational.org\\\/de\\\/nicaragua-steht-an-der-spitze-religioeser-verfolgung-in-lateinamerika\\\/#breadcrumb\",\"itemListElement\":[{\"@type\":\"ListItem\",\"position\":1,\"name\":\"Home\",\"item\":\"https:\\\/\\\/acninternational.org\\\/de\\\/\"},{\"@type\":\"ListItem\",\"position\":2,\"name\":\"Nachricht\",\"item\":\"https:\\\/\\\/acninternational.org\\\/de\\\/category\\\/news-de\\\/\"},{\"@type\":\"ListItem\",\"position\":3,\"name\":\"Nicaragua steht an der Spitze religi\u00f6ser Verfolgung in Lateinamerika\"}]},{\"@type\":\"WebSite\",\"@id\":\"https:\\\/\\\/acninternational.org\\\/de\\\/#website\",\"url\":\"https:\\\/\\\/acninternational.org\\\/de\\\/\",\"name\":\"ACN International\",\"description\":\"\",\"publisher\":{\"@id\":\"https:\\\/\\\/acninternational.org\\\/de\\\/#organization\"},\"potentialAction\":[{\"@type\":\"SearchAction\",\"target\":{\"@type\":\"EntryPoint\",\"urlTemplate\":\"https:\\\/\\\/acninternational.org\\\/de\\\/?s={search_term_string}\"},\"query-input\":{\"@type\":\"PropertyValueSpecification\",\"valueRequired\":true,\"valueName\":\"search_term_string\"}}],\"inLanguage\":\"de\"},{\"@type\":\"Organization\",\"@id\":\"https:\\\/\\\/acninternational.org\\\/de\\\/#organization\",\"name\":\"Aid to the Church in Need International\",\"url\":\"https:\\\/\\\/acninternational.org\\\/de\\\/\",\"logo\":{\"@type\":\"ImageObject\",\"inLanguage\":\"de\",\"@id\":\"https:\\\/\\\/acninternational.org\\\/de\\\/#\\\/schema\\\/logo\\\/image\\\/\",\"url\":\"https:\\\/\\\/media.acninternational.org\\\/wp-content\\\/uploads\\\/2019\\\/11\\\/acn_logo_blackvector.svg\",\"contentUrl\":\"https:\\\/\\\/media.acninternational.org\\\/wp-content\\\/uploads\\\/2019\\\/11\\\/acn_logo_blackvector.svg\",\"width\":232.6,\"height\":78,\"caption\":\"Aid to the Church in Need International\"},\"image\":{\"@id\":\"https:\\\/\\\/acninternational.org\\\/de\\\/#\\\/schema\\\/logo\\\/image\\\/\"},\"sameAs\":[\"https:\\\/\\\/www.facebook.com\\\/acninternationalorg\",\"https:\\\/\\\/x.com\\\/acn_int\",\"https:\\\/\\\/www.youtube.com\\\/channel\\\/UCQ-077gS0TnVzkhHmf1opZw\",\"https:\\\/\\\/www.instagram.com\\\/acn_international\\\/\"]},{\"@type\":\"Person\",\"@id\":\"https:\\\/\\\/acninternational.org\\\/de\\\/#\\\/schema\\\/person\\\/7f3dafb236b242fb2aa46be1411fd703\",\"name\":\"ACN Press Team\",\"description\":\"Lorem ipsum dolor sit amet, consectetur adipiscing elit, sed do eiusmod tempor incididunt ut labore et dolore magna aliqua. Ut enim ad minim veniam, quis nostrud exercitation ullamco laboris nisi ut aliquip ex ea commodo consequat.\",\"url\":\"https:\\\/\\\/acninternational.org\\\/de\\\/author\\\/acn-press-team\\\/\"}]}<\/script>\n<!-- \/ Yoast SEO Premium plugin. -->","yoast_head_json":{"title":"Nicaragua steht an der Spitze religi\u00f6ser Verfolgung in Lateinamerika | ACN International","robots":{"index":"index","follow":"follow","max-snippet":"max-snippet:-1","max-image-preview":"max-image-preview:large","max-video-preview":"max-video-preview:-1"},"canonical":"https:\/\/acninternational.org\/de\/nicaragua-steht-an-der-spitze-religioeser-verfolgung-in-lateinamerika\/","og_locale":"de_DE","og_type":"article","og_title":"Nicaragua steht an der Spitze religi\u00f6ser Verfolgung in Lateinamerika","og_description":"Viele Mitglieder des Klerus haben wegen ihrer Opposition gegen die Regierung und deren Politik gelitten. Im M\u00e4rz wies Pr\u00e4sident Daniel","og_url":"https:\/\/acninternational.org\/de\/nicaragua-steht-an-der-spitze-religioeser-verfolgung-in-lateinamerika\/","og_site_name":"ACN International","article_publisher":"https:\/\/www.facebook.com\/acninternationalorg","article_published_time":"2022-07-04T09:28:41+00:00","article_modified_time":"2022-07-04T14:36:23+00:00","og_image":[{"width":1920,"height":700,"url":"https:\/\/media.acninternational.org\/wp-content\/uploads\/2022\/07\/ACN-20190122-82733-banner.jpeg","type":"image\/jpeg"}],"author":"ACN Press Team","twitter_card":"summary_large_image","twitter_creator":"@acn_int","twitter_site":"@acn_int","twitter_misc":{"Verfasst von":"ACN Press Team","Gesch\u00e4tzte Lesezeit":"3\u00a0Minuten"},"schema":{"@context":"https:\/\/schema.org","@graph":[{"@type":"Article","@id":"https:\/\/acninternational.org\/de\/nicaragua-steht-an-der-spitze-religioeser-verfolgung-in-lateinamerika\/#article","isPartOf":{"@id":"https:\/\/acninternational.org\/de\/nicaragua-steht-an-der-spitze-religioeser-verfolgung-in-lateinamerika\/"},"author":{"name":"ACN Press Team","@id":"https:\/\/acninternational.org\/de\/#\/schema\/person\/7f3dafb236b242fb2aa46be1411fd703"},"headline":"Nicaragua steht an der Spitze religi\u00f6ser Verfolgung in Lateinamerika","datePublished":"2022-07-04T09:28:41+00:00","dateModified":"2022-07-04T14:36:23+00:00","mainEntityOfPage":{"@id":"https:\/\/acninternational.org\/de\/nicaragua-steht-an-der-spitze-religioeser-verfolgung-in-lateinamerika\/"},"wordCount":587,"publisher":{"@id":"https:\/\/acninternational.org\/de\/#organization"},"image":{"@id":"https:\/\/acninternational.org\/de\/nicaragua-steht-an-der-spitze-religioeser-verfolgung-in-lateinamerika\/#primaryimage"},"thumbnailUrl":"https:\/\/media.acninternational.org\/wp-content\/uploads\/2022\/07\/ACN-20190122-82733-banner.jpeg","articleSection":["Nachricht"],"inLanguage":"de"},{"@type":"WebPage","@id":"https:\/\/acninternational.org\/de\/nicaragua-steht-an-der-spitze-religioeser-verfolgung-in-lateinamerika\/","url":"https:\/\/acninternational.org\/de\/nicaragua-steht-an-der-spitze-religioeser-verfolgung-in-lateinamerika\/","name":"Nicaragua steht an der Spitze religi\u00f6ser Verfolgung in Lateinamerika | ACN International","isPartOf":{"@id":"https:\/\/acninternational.org\/de\/#website"},"primaryImageOfPage":{"@id":"https:\/\/acninternational.org\/de\/nicaragua-steht-an-der-spitze-religioeser-verfolgung-in-lateinamerika\/#primaryimage"},"image":{"@id":"https:\/\/acninternational.org\/de\/nicaragua-steht-an-der-spitze-religioeser-verfolgung-in-lateinamerika\/#primaryimage"},"thumbnailUrl":"https:\/\/media.acninternational.org\/wp-content\/uploads\/2022\/07\/ACN-20190122-82733-banner.jpeg","datePublished":"2022-07-04T09:28:41+00:00","dateModified":"2022-07-04T14:36:23+00:00","breadcrumb":{"@id":"https:\/\/acninternational.org\/de\/nicaragua-steht-an-der-spitze-religioeser-verfolgung-in-lateinamerika\/#breadcrumb"},"inLanguage":"de","potentialAction":[{"@type":"ReadAction","target":["https:\/\/acninternational.org\/de\/nicaragua-steht-an-der-spitze-religioeser-verfolgung-in-lateinamerika\/"]}]},{"@type":"ImageObject","inLanguage":"de","@id":"https:\/\/acninternational.org\/de\/nicaragua-steht-an-der-spitze-religioeser-verfolgung-in-lateinamerika\/#primaryimage","url":"https:\/\/media.acninternational.org\/wp-content\/uploads\/2022\/07\/ACN-20190122-82733-banner.jpeg","contentUrl":"https:\/\/media.acninternational.org\/wp-content\/uploads\/2022\/07\/ACN-20190122-82733-banner.jpeg","width":1920,"height":700},{"@type":"BreadcrumbList","@id":"https:\/\/acninternational.org\/de\/nicaragua-steht-an-der-spitze-religioeser-verfolgung-in-lateinamerika\/#breadcrumb","itemListElement":[{"@type":"ListItem","position":1,"name":"Home","item":"https:\/\/acninternational.org\/de\/"},{"@type":"ListItem","position":2,"name":"Nachricht","item":"https:\/\/acninternational.org\/de\/category\/news-de\/"},{"@type":"ListItem","position":3,"name":"Nicaragua steht an der Spitze religi\u00f6ser Verfolgung in Lateinamerika"}]},{"@type":"WebSite","@id":"https:\/\/acninternational.org\/de\/#website","url":"https:\/\/acninternational.org\/de\/","name":"ACN International","description":"","publisher":{"@id":"https:\/\/acninternational.org\/de\/#organization"},"potentialAction":[{"@type":"SearchAction","target":{"@type":"EntryPoint","urlTemplate":"https:\/\/acninternational.org\/de\/?s={search_term_string}"},"query-input":{"@type":"PropertyValueSpecification","valueRequired":true,"valueName":"search_term_string"}}],"inLanguage":"de"},{"@type":"Organization","@id":"https:\/\/acninternational.org\/de\/#organization","name":"Aid to the Church in Need International","url":"https:\/\/acninternational.org\/de\/","logo":{"@type":"ImageObject","inLanguage":"de","@id":"https:\/\/acninternational.org\/de\/#\/schema\/logo\/image\/","url":"https:\/\/media.acninternational.org\/wp-content\/uploads\/2019\/11\/acn_logo_blackvector.svg","contentUrl":"https:\/\/media.acninternational.org\/wp-content\/uploads\/2019\/11\/acn_logo_blackvector.svg","width":232.6,"height":78,"caption":"Aid to the Church in Need International"},"image":{"@id":"https:\/\/acninternational.org\/de\/#\/schema\/logo\/image\/"},"sameAs":["https:\/\/www.facebook.com\/acninternationalorg","https:\/\/x.com\/acn_int","https:\/\/www.youtube.com\/channel\/UCQ-077gS0TnVzkhHmf1opZw","https:\/\/www.instagram.com\/acn_international\/"]},{"@type":"Person","@id":"https:\/\/acninternational.org\/de\/#\/schema\/person\/7f3dafb236b242fb2aa46be1411fd703","name":"ACN Press Team","description":"Lorem ipsum dolor sit amet, consectetur adipiscing elit, sed do eiusmod tempor incididunt ut labore et dolore magna aliqua. Ut enim ad minim veniam, quis nostrud exercitation ullamco laboris nisi ut aliquip ex ea commodo consequat.","url":"https:\/\/acninternational.org\/de\/author\/acn-press-team\/"}]}},"_links":{"self":[{"href":"https:\/\/acninternational.org\/de\/wp-json\/wp\/v2\/posts\/171761","targetHints":{"allow":["GET"]}}],"collection":[{"href":"https:\/\/acninternational.org\/de\/wp-json\/wp\/v2\/posts"}],"about":[{"href":"https:\/\/acninternational.org\/de\/wp-json\/wp\/v2\/types\/post"}],"author":[{"embeddable":true,"href":"https:\/\/acninternational.org\/de\/wp-json\/wp\/v2\/users\/4258341447"}],"replies":[{"embeddable":true,"href":"https:\/\/acninternational.org\/de\/wp-json\/wp\/v2\/comments?post=171761"}],"version-history":[{"count":0,"href":"https:\/\/acninternational.org\/de\/wp-json\/wp\/v2\/posts\/171761\/revisions"}],"wp:featuredmedia":[{"embeddable":true,"href":"https:\/\/acninternational.org\/de\/wp-json\/wp\/v2\/media\/171776"}],"wp:attachment":[{"href":"https:\/\/acninternational.org\/de\/wp-json\/wp\/v2\/media?parent=171761"}],"wp:term":[{"taxonomy":"category","embeddable":true,"href":"https:\/\/acninternational.org\/de\/wp-json\/wp\/v2\/categories?post=171761"},{"taxonomy":"post_tag","embeddable":true,"href":"https:\/\/acninternational.org\/de\/wp-json\/wp\/v2\/tags?post=171761"},{"taxonomy":"country","embeddable":true,"href":"https:\/\/acninternational.org\/de\/wp-json\/wp\/v2\/country?post=171761"}],"curies":[{"name":"wp","href":"https:\/\/api.w.org\/{rel}","templated":true}]}}