{"id":171675,"date":"2022-06-29T13:27:26","date_gmt":"2022-06-29T11:27:26","guid":{"rendered":"https:\/\/acninternational.org\/?p=171675"},"modified":"2022-06-29T13:46:28","modified_gmt":"2022-06-29T11:46:28","slug":"ermordung-von-priestern-in-nigeria","status":"publish","type":"post","link":"https:\/\/acninternational.org\/de\/ermordung-von-priestern-in-nigeria\/","title":{"rendered":"Bischof best\u00fcrzt \u00fcber die Ermordung von Priestern in Nigeria: \u201eNiemand ist mehr sicher\u201c"},"content":{"rendered":"<p><em>Die Priester Vitus Borogo und Pater Christopher Odia wurden bei offensichtlich <\/em><em>gescheiterten<\/em> <em>Entf\u00fchrungsversuchen ermordet. Nigeria wird nach wie vor von Kriminalit\u00e4t heimgesucht, und viele Priester sind ins Visier von Banditen geraten.<\/em><\/p>\n<p>Die Ermordung von zwei katholischen Priestern in Nigeria am vergangenen Wochenende hat die \u00f6rtliche christliche Gemeinschaft verunsichert und schockiert.<\/p>\n<p>In einem Telefongespr\u00e4ch mit ACN sprach Erzbischof Matthew Man-Oso Ndagoso aus Kaduna am Dienstag, den 28. Juni, von Angst und Traumatisierung nach der Ermordung des 50-j\u00e4hrigen Priesters seiner Erzdi\u00f6zese, Vitus Borogo, dessen Beerdigung f\u00fcr den 30. Juni geplant ist.<\/p>\n<p>\u201eBei allen liegen die Nerven blank. Bei uns allen, beim Klerus, bei den Laien, bei allen. Die Menschen haben Angst, und das zu Recht. Die Menschen sind traumatisiert, und das zu Recht.\u201c<\/p>\n<p>\u201eIn dieser Situation ist niemand mehr sicher. Wenn man sein Haus verl\u00e4sst, selbst tags\u00fcber, ist man nicht sicher, bis man zur\u00fcckkommt\u201c, f\u00fcgt er hinzu.<\/p>\n<figure id=\"attachment_171669\" aria-describedby=\"caption-attachment-171669\" style=\"width: 670px\" class=\"wp-caption alignnone\"><img loading=\"lazy\" decoding=\"async\" class=\"wp-image-171669 size-full\" src=\"https:\/\/media.acninternational.org\/wp-content\/uploads\/2022\/06\/pequenya1-11.png\" alt=\"Beerdigung eines Seminaristen in Nigerien\" width=\"670\" height=\"400\" srcset=\"https:\/\/media.acninternational.org\/wp-content\/uploads\/2022\/06\/pequenya1-11.png 670w, https:\/\/media.acninternational.org\/wp-content\/uploads\/2022\/06\/pequenya1-11-300x179.png 300w\" sizes=\"auto, (max-width: 670px) 100vw, 670px\" \/><figcaption id=\"caption-attachment-171669\" class=\"wp-caption-text\">Beerdigung des Seminaristen Michael Nnadi<\/figcaption><\/figure>\n<p><strong>Zwei weitere Personen wurden gekidnappt<br \/>\n<\/strong>Kriminelle \u00fcberfielen Vitus, als er seine Familie auf einer Farm in der Region Prison Farm, nicht weit von Kaduna City, besuchte. Die bewaffneten M\u00e4nner erschossen ihn und entf\u00fchrten seinen j\u00fcngeren Bruder und einen weiteren Mann. Sie befinden sich nach wie vor in Gefangenschaft an einem unbekannten Ort.<\/p>\n<p>\u201cDas kam v\u00f6llig unerwartet. Es sind Kidnapper, sie wollen Geld. Wir wissen nicht, warum sie ihn get\u00f6tet haben. Offensichtlich wollten sie sie alle entf\u00fchren, aber aus irgendeinem Grund haben sie sich entschieden, ihn zu t\u00f6ten, nur Gott wei\u00df, warum\u201c, sagt Erzbischof Matthew und f\u00fcgt hinzu: \u201ees war wirklich schockierend f\u00fcr uns alle\u201c.<\/p>\n<p>Bislang hat die Kirche keine weiteren Informationen \u00fcber die Identit\u00e4t der Verbrecher oder ihre Forderungen, sagt Erzbischof Matthew.<\/p>\n<p><strong>Durch die unsichere Lage haben die Menschen keinen Zugang zu den Sakramenten<br \/>\n<\/strong>Nigeria wurde in den letzten Jahren stark von Gewalt und Banditentum heimgesucht, und viele Priester wurden zur Zielscheibe von Entf\u00fchrern. Die Erzdi\u00f6zese Kaduna ist besonders stark von Gewalt und Unruhen betroffen.<\/p>\n<p>Bei einer von ACN organisierten <a href=\"https:\/\/acninternational.org\/religious-freedom-in-nigeria\/\">Online-Konferenz<\/a> vor einigen Wochen zog Msgr. Matthew eine Bilanz der Verluste: \u201eIn den letzten drei Jahren wurden sieben meiner Priester entf\u00fchrt, zwei wurden get\u00f6tet und einer war drei Jahre und zwei Monate in Gefangenschaft. Vier wurden freigelassen. In f\u00fcnfzig meiner Pfarreien k\u00f6nnen die Priester nicht in ihren Pfarrh\u00e4usern leben, weil sie zur Zielscheibe werden, weil sie als leichte Geldquelle f\u00fcr L\u00f6segeld angesehen werden. Ich kann keine Pastoralbesuche machen, wie ich es sonst tue, die Priester k\u00f6nnen nicht in die D\u00f6rfer gehen und die heilige Messe feiern. Die Menschen k\u00f6nnen ihre Felder nicht bestellen, also k\u00f6nnen sie sich nicht selbst ern\u00e4hren. Durch diese Unsicherheit haben die Menschen keinen Zugang zu den Sakramenten\u201c<\/p>\n<p>Vitus Borogo ist der dritte Priester, der in der im Norden des Landes gelegenen Erzdi\u00f6zese ermordet wurde.<\/p>\n<p><strong>Auch der S\u00fcden des Landes ist betroffen<br \/>\n<\/strong>Entf\u00fchrungen sind jedoch auch f\u00fcr die nigerianische Kirche im S\u00fcden des Landes zu einem Problem geworden. Am selben Wochenende, an dem Pater Vitus get\u00f6tet wurde, wurde ein anderer Priester, Christopher Odia, 41, in der Di\u00f6zese Auchi ermordet. Der Priester wurde bei einem gescheiterten Entf\u00fchrungsversuch get\u00f6tet, als er aus seinem Pfarrhaus kam, um die Sonntagsmesse in der katholischen Kirche St. Michael in Ikabigbo zu feiern, hei\u00dft es in einer Mitteilung der Di\u00f6zese, die ACN vorliegt.<\/p>\n<p>Die katholische Kirche in Nigeria steht der <a href=\"https:\/\/acninternational.org\/nigeria-the-most-populous-country-on-the-african-continent-is-at-war\/\">Regierung<\/a> sehr kritisch gegen\u00fcber und macht sie f\u00fcr die zunehmende Unsicherheit verantwortlich und daf\u00fcr, dass sie nicht genug tut, um die Unschuldigen vor Kriminellen zu sch\u00fctzen.<\/p>\n","protected":false},"excerpt":{"rendered":"<p>\u201cDie Menschen haben Angst, und das zu Recht. Die Menschen sind traumatisiert, und das zu Recht.\u201c<\/p>\n","protected":false},"author":4258341447,"featured_media":171660,"comment_status":"closed","ping_status":"closed","sticky":false,"template":"","format":"standard","meta":{"_acf_changed":false,"_acn_coauthor_ids":[],"footnotes":""},"categories":[918,234],"tags":[1130,1026],"country":[408],"class_list":["post-171675","post","type-post","status-publish","format-standard","has-post-thumbnail","hentry","category-nachricht","category-unkategorisiert","tag-ermordung","tag-nigeria-de","country-nigeria-es"],"acn_coauthors":[],"acf":[],"yoast_head":"<!-- This site is optimized with the Yoast SEO Premium plugin v27.3 (Yoast SEO v27.3) - https:\/\/yoast.com\/product\/yoast-seo-premium-wordpress\/ -->\n<title>Ermordung von Priestern in Nigeria | ACN International<\/title>\n<meta name=\"description\" content=\"Die Ermordung von zwei katholischen Priestern in Nigeria hat die \u00f6rtliche christliche Gemeinschaft verunsichert und schockiert.\" \/>\n<meta name=\"robots\" content=\"index, follow, max-snippet:-1, max-image-preview:large, max-video-preview:-1\" \/>\n<link rel=\"canonical\" href=\"https:\/\/acninternational.org\/de\/ermordung-von-priestern-in-nigeria\/\" \/>\n<meta property=\"og:locale\" content=\"de_DE\" \/>\n<meta property=\"og:type\" content=\"article\" \/>\n<meta property=\"og:title\" content=\"Ermordung von Priestern in Nigeria\" \/>\n<meta property=\"og:description\" content=\"Die Ermordung von zwei katholischen Priestern in Nigeria ist schockierend.\" \/>\n<meta property=\"og:url\" content=\"https:\/\/acninternational.org\/de\/ermordung-von-priestern-in-nigeria\/\" \/>\n<meta property=\"og:site_name\" content=\"ACN International\" \/>\n<meta property=\"article:publisher\" content=\"https:\/\/www.facebook.com\/acninternationalorg\" \/>\n<meta property=\"article:published_time\" content=\"2022-06-29T11:27:26+00:00\" \/>\n<meta property=\"article:modified_time\" content=\"2022-06-29T11:46:28+00:00\" \/>\n<meta property=\"og:image\" content=\"https:\/\/media.acninternational.org\/wp-content\/uploads\/2022\/06\/heading-64-1.png\" \/>\n\t<meta property=\"og:image:width\" content=\"2000\" \/>\n\t<meta property=\"og:image:height\" content=\"625\" \/>\n\t<meta property=\"og:image:type\" content=\"image\/png\" \/>\n<meta name=\"author\" content=\"ACN Press Team\" \/>\n<meta name=\"twitter:card\" content=\"summary_large_image\" \/>\n<meta name=\"twitter:title\" content=\"Ermordung von Priestern in Nigeria\" \/>\n<meta name=\"twitter:description\" content=\"Die Ermordung von zwei katholischen Priestern in Nigeria hat die \u00f6rtliche christliche Gemeinschaft verunsichert und schockiert.\" \/>\n<meta name=\"twitter:creator\" content=\"@acn_int\" \/>\n<meta name=\"twitter:site\" content=\"@acn_int\" \/>\n<meta name=\"twitter:label1\" content=\"Verfasst von\" \/>\n\t<meta name=\"twitter:data1\" content=\"ACN Press Team\" \/>\n\t<meta name=\"twitter:label2\" content=\"Gesch\u00e4tzte Lesezeit\" \/>\n\t<meta name=\"twitter:data2\" content=\"3\u00a0Minuten\" \/>\n<script type=\"application\/ld+json\" class=\"yoast-schema-graph\">{\"@context\":\"https:\\\/\\\/schema.org\",\"@graph\":[{\"@type\":\"Article\",\"@id\":\"https:\\\/\\\/acninternational.org\\\/de\\\/ermordung-von-priestern-in-nigeria\\\/#article\",\"isPartOf\":{\"@id\":\"https:\\\/\\\/acninternational.org\\\/de\\\/ermordung-von-priestern-in-nigeria\\\/\"},\"author\":{\"name\":\"ACN Press Team\",\"@id\":\"https:\\\/\\\/acninternational.org\\\/de\\\/#\\\/schema\\\/person\\\/7f3dafb236b242fb2aa46be1411fd703\"},\"headline\":\"Bischof best\u00fcrzt \u00fcber die Ermordung von Priestern in Nigeria: \u201eNiemand ist mehr sicher\u201c\",\"datePublished\":\"2022-06-29T11:27:26+00:00\",\"dateModified\":\"2022-06-29T11:46:28+00:00\",\"mainEntityOfPage\":{\"@id\":\"https:\\\/\\\/acninternational.org\\\/de\\\/ermordung-von-priestern-in-nigeria\\\/\"},\"wordCount\":629,\"publisher\":{\"@id\":\"https:\\\/\\\/acninternational.org\\\/de\\\/#organization\"},\"image\":{\"@id\":\"https:\\\/\\\/acninternational.org\\\/de\\\/ermordung-von-priestern-in-nigeria\\\/#primaryimage\"},\"thumbnailUrl\":\"https:\\\/\\\/media.acninternational.org\\\/wp-content\\\/uploads\\\/2022\\\/06\\\/heading-64-1.png\",\"keywords\":[\"Ermordung\",\"Nigeria\"],\"articleSection\":[\"Nachricht\",\"Unkategorisiert\"],\"inLanguage\":\"de\"},{\"@type\":\"WebPage\",\"@id\":\"https:\\\/\\\/acninternational.org\\\/de\\\/ermordung-von-priestern-in-nigeria\\\/\",\"url\":\"https:\\\/\\\/acninternational.org\\\/de\\\/ermordung-von-priestern-in-nigeria\\\/\",\"name\":\"Ermordung von Priestern in Nigeria | ACN International\",\"isPartOf\":{\"@id\":\"https:\\\/\\\/acninternational.org\\\/de\\\/#website\"},\"primaryImageOfPage\":{\"@id\":\"https:\\\/\\\/acninternational.org\\\/de\\\/ermordung-von-priestern-in-nigeria\\\/#primaryimage\"},\"image\":{\"@id\":\"https:\\\/\\\/acninternational.org\\\/de\\\/ermordung-von-priestern-in-nigeria\\\/#primaryimage\"},\"thumbnailUrl\":\"https:\\\/\\\/media.acninternational.org\\\/wp-content\\\/uploads\\\/2022\\\/06\\\/heading-64-1.png\",\"datePublished\":\"2022-06-29T11:27:26+00:00\",\"dateModified\":\"2022-06-29T11:46:28+00:00\",\"description\":\"Die Ermordung von zwei katholischen Priestern in Nigeria hat die \u00f6rtliche christliche Gemeinschaft verunsichert und schockiert.\",\"breadcrumb\":{\"@id\":\"https:\\\/\\\/acninternational.org\\\/de\\\/ermordung-von-priestern-in-nigeria\\\/#breadcrumb\"},\"inLanguage\":\"de\",\"potentialAction\":[{\"@type\":\"ReadAction\",\"target\":[\"https:\\\/\\\/acninternational.org\\\/de\\\/ermordung-von-priestern-in-nigeria\\\/\"]}]},{\"@type\":\"ImageObject\",\"inLanguage\":\"de\",\"@id\":\"https:\\\/\\\/acninternational.org\\\/de\\\/ermordung-von-priestern-in-nigeria\\\/#primaryimage\",\"url\":\"https:\\\/\\\/media.acninternational.org\\\/wp-content\\\/uploads\\\/2022\\\/06\\\/heading-64-1.png\",\"contentUrl\":\"https:\\\/\\\/media.acninternational.org\\\/wp-content\\\/uploads\\\/2022\\\/06\\\/heading-64-1.png\",\"width\":2000,\"height\":625,\"caption\":\"Prozession mit dem Sarg von Michael Nnadi\"},{\"@type\":\"BreadcrumbList\",\"@id\":\"https:\\\/\\\/acninternational.org\\\/de\\\/ermordung-von-priestern-in-nigeria\\\/#breadcrumb\",\"itemListElement\":[{\"@type\":\"ListItem\",\"position\":1,\"name\":\"Home\",\"item\":\"https:\\\/\\\/acninternational.org\\\/de\\\/\"},{\"@type\":\"ListItem\",\"position\":2,\"name\":\"Nachricht\",\"item\":\"https:\\\/\\\/acninternational.org\\\/de\\\/category\\\/nachricht\\\/\"},{\"@type\":\"ListItem\",\"position\":3,\"name\":\"Bischof best\u00fcrzt \u00fcber die Ermordung von Priestern in Nigeria: \u201eNiemand ist mehr sicher\u201c\"}]},{\"@type\":\"WebSite\",\"@id\":\"https:\\\/\\\/acninternational.org\\\/de\\\/#website\",\"url\":\"https:\\\/\\\/acninternational.org\\\/de\\\/\",\"name\":\"ACN International\",\"description\":\"\",\"publisher\":{\"@id\":\"https:\\\/\\\/acninternational.org\\\/de\\\/#organization\"},\"potentialAction\":[{\"@type\":\"SearchAction\",\"target\":{\"@type\":\"EntryPoint\",\"urlTemplate\":\"https:\\\/\\\/acninternational.org\\\/de\\\/?s={search_term_string}\"},\"query-input\":{\"@type\":\"PropertyValueSpecification\",\"valueRequired\":true,\"valueName\":\"search_term_string\"}}],\"inLanguage\":\"de\"},{\"@type\":\"Organization\",\"@id\":\"https:\\\/\\\/acninternational.org\\\/de\\\/#organization\",\"name\":\"Aid to the Church in Need International\",\"url\":\"https:\\\/\\\/acninternational.org\\\/de\\\/\",\"logo\":{\"@type\":\"ImageObject\",\"inLanguage\":\"de\",\"@id\":\"https:\\\/\\\/acninternational.org\\\/de\\\/#\\\/schema\\\/logo\\\/image\\\/\",\"url\":\"https:\\\/\\\/media.acninternational.org\\\/wp-content\\\/uploads\\\/2019\\\/11\\\/acn_logo_blackvector.svg\",\"contentUrl\":\"https:\\\/\\\/media.acninternational.org\\\/wp-content\\\/uploads\\\/2019\\\/11\\\/acn_logo_blackvector.svg\",\"width\":232.6,\"height\":78,\"caption\":\"Aid to the Church in Need International\"},\"image\":{\"@id\":\"https:\\\/\\\/acninternational.org\\\/de\\\/#\\\/schema\\\/logo\\\/image\\\/\"},\"sameAs\":[\"https:\\\/\\\/www.facebook.com\\\/acninternationalorg\",\"https:\\\/\\\/x.com\\\/acn_int\",\"https:\\\/\\\/www.youtube.com\\\/channel\\\/UCQ-077gS0TnVzkhHmf1opZw\",\"https:\\\/\\\/www.instagram.com\\\/acn_international\\\/\"]},{\"@type\":\"Person\",\"@id\":\"https:\\\/\\\/acninternational.org\\\/de\\\/#\\\/schema\\\/person\\\/7f3dafb236b242fb2aa46be1411fd703\",\"name\":\"ACN Press Team\",\"description\":\"Lorem ipsum dolor sit amet, consectetur adipiscing elit, sed do eiusmod tempor incididunt ut labore et dolore magna aliqua. Ut enim ad minim veniam, quis nostrud exercitation ullamco laboris nisi ut aliquip ex ea commodo consequat.\",\"url\":\"https:\\\/\\\/acninternational.org\\\/de\\\/author\\\/acn-press-team\\\/\"}]}<\/script>\n<!-- \/ Yoast SEO Premium plugin. -->","yoast_head_json":{"title":"Ermordung von Priestern in Nigeria | ACN International","description":"Die Ermordung von zwei katholischen Priestern in Nigeria hat die \u00f6rtliche christliche Gemeinschaft verunsichert und schockiert.","robots":{"index":"index","follow":"follow","max-snippet":"max-snippet:-1","max-image-preview":"max-image-preview:large","max-video-preview":"max-video-preview:-1"},"canonical":"https:\/\/acninternational.org\/de\/ermordung-von-priestern-in-nigeria\/","og_locale":"de_DE","og_type":"article","og_title":"Ermordung von Priestern in Nigeria","og_description":"Die Ermordung von zwei katholischen Priestern in Nigeria ist schockierend.","og_url":"https:\/\/acninternational.org\/de\/ermordung-von-priestern-in-nigeria\/","og_site_name":"ACN International","article_publisher":"https:\/\/www.facebook.com\/acninternationalorg","article_published_time":"2022-06-29T11:27:26+00:00","article_modified_time":"2022-06-29T11:46:28+00:00","og_image":[{"width":2000,"height":625,"url":"https:\/\/media.acninternational.org\/wp-content\/uploads\/2022\/06\/heading-64-1.png","type":"image\/png"}],"author":"ACN Press Team","twitter_card":"summary_large_image","twitter_title":"Ermordung von Priestern in Nigeria","twitter_description":"Die Ermordung von zwei katholischen Priestern in Nigeria hat die \u00f6rtliche christliche Gemeinschaft verunsichert und schockiert.","twitter_creator":"@acn_int","twitter_site":"@acn_int","twitter_misc":{"Verfasst von":"ACN Press Team","Gesch\u00e4tzte Lesezeit":"3\u00a0Minuten"},"schema":{"@context":"https:\/\/schema.org","@graph":[{"@type":"Article","@id":"https:\/\/acninternational.org\/de\/ermordung-von-priestern-in-nigeria\/#article","isPartOf":{"@id":"https:\/\/acninternational.org\/de\/ermordung-von-priestern-in-nigeria\/"},"author":{"name":"ACN Press Team","@id":"https:\/\/acninternational.org\/de\/#\/schema\/person\/7f3dafb236b242fb2aa46be1411fd703"},"headline":"Bischof best\u00fcrzt \u00fcber die Ermordung von Priestern in Nigeria: \u201eNiemand ist mehr sicher\u201c","datePublished":"2022-06-29T11:27:26+00:00","dateModified":"2022-06-29T11:46:28+00:00","mainEntityOfPage":{"@id":"https:\/\/acninternational.org\/de\/ermordung-von-priestern-in-nigeria\/"},"wordCount":629,"publisher":{"@id":"https:\/\/acninternational.org\/de\/#organization"},"image":{"@id":"https:\/\/acninternational.org\/de\/ermordung-von-priestern-in-nigeria\/#primaryimage"},"thumbnailUrl":"https:\/\/media.acninternational.org\/wp-content\/uploads\/2022\/06\/heading-64-1.png","keywords":["Ermordung","Nigeria"],"articleSection":["Nachricht","Unkategorisiert"],"inLanguage":"de"},{"@type":"WebPage","@id":"https:\/\/acninternational.org\/de\/ermordung-von-priestern-in-nigeria\/","url":"https:\/\/acninternational.org\/de\/ermordung-von-priestern-in-nigeria\/","name":"Ermordung von Priestern in Nigeria | ACN International","isPartOf":{"@id":"https:\/\/acninternational.org\/de\/#website"},"primaryImageOfPage":{"@id":"https:\/\/acninternational.org\/de\/ermordung-von-priestern-in-nigeria\/#primaryimage"},"image":{"@id":"https:\/\/acninternational.org\/de\/ermordung-von-priestern-in-nigeria\/#primaryimage"},"thumbnailUrl":"https:\/\/media.acninternational.org\/wp-content\/uploads\/2022\/06\/heading-64-1.png","datePublished":"2022-06-29T11:27:26+00:00","dateModified":"2022-06-29T11:46:28+00:00","description":"Die Ermordung von zwei katholischen Priestern in Nigeria hat die \u00f6rtliche christliche Gemeinschaft verunsichert und schockiert.","breadcrumb":{"@id":"https:\/\/acninternational.org\/de\/ermordung-von-priestern-in-nigeria\/#breadcrumb"},"inLanguage":"de","potentialAction":[{"@type":"ReadAction","target":["https:\/\/acninternational.org\/de\/ermordung-von-priestern-in-nigeria\/"]}]},{"@type":"ImageObject","inLanguage":"de","@id":"https:\/\/acninternational.org\/de\/ermordung-von-priestern-in-nigeria\/#primaryimage","url":"https:\/\/media.acninternational.org\/wp-content\/uploads\/2022\/06\/heading-64-1.png","contentUrl":"https:\/\/media.acninternational.org\/wp-content\/uploads\/2022\/06\/heading-64-1.png","width":2000,"height":625,"caption":"Prozession mit dem Sarg von Michael Nnadi"},{"@type":"BreadcrumbList","@id":"https:\/\/acninternational.org\/de\/ermordung-von-priestern-in-nigeria\/#breadcrumb","itemListElement":[{"@type":"ListItem","position":1,"name":"Home","item":"https:\/\/acninternational.org\/de\/"},{"@type":"ListItem","position":2,"name":"Nachricht","item":"https:\/\/acninternational.org\/de\/category\/nachricht\/"},{"@type":"ListItem","position":3,"name":"Bischof best\u00fcrzt \u00fcber die Ermordung von Priestern in Nigeria: \u201eNiemand ist mehr sicher\u201c"}]},{"@type":"WebSite","@id":"https:\/\/acninternational.org\/de\/#website","url":"https:\/\/acninternational.org\/de\/","name":"ACN International","description":"","publisher":{"@id":"https:\/\/acninternational.org\/de\/#organization"},"potentialAction":[{"@type":"SearchAction","target":{"@type":"EntryPoint","urlTemplate":"https:\/\/acninternational.org\/de\/?s={search_term_string}"},"query-input":{"@type":"PropertyValueSpecification","valueRequired":true,"valueName":"search_term_string"}}],"inLanguage":"de"},{"@type":"Organization","@id":"https:\/\/acninternational.org\/de\/#organization","name":"Aid to the Church in Need International","url":"https:\/\/acninternational.org\/de\/","logo":{"@type":"ImageObject","inLanguage":"de","@id":"https:\/\/acninternational.org\/de\/#\/schema\/logo\/image\/","url":"https:\/\/media.acninternational.org\/wp-content\/uploads\/2019\/11\/acn_logo_blackvector.svg","contentUrl":"https:\/\/media.acninternational.org\/wp-content\/uploads\/2019\/11\/acn_logo_blackvector.svg","width":232.6,"height":78,"caption":"Aid to the Church in Need International"},"image":{"@id":"https:\/\/acninternational.org\/de\/#\/schema\/logo\/image\/"},"sameAs":["https:\/\/www.facebook.com\/acninternationalorg","https:\/\/x.com\/acn_int","https:\/\/www.youtube.com\/channel\/UCQ-077gS0TnVzkhHmf1opZw","https:\/\/www.instagram.com\/acn_international\/"]},{"@type":"Person","@id":"https:\/\/acninternational.org\/de\/#\/schema\/person\/7f3dafb236b242fb2aa46be1411fd703","name":"ACN Press Team","description":"Lorem ipsum dolor sit amet, consectetur adipiscing elit, sed do eiusmod tempor incididunt ut labore et dolore magna aliqua. Ut enim ad minim veniam, quis nostrud exercitation ullamco laboris nisi ut aliquip ex ea commodo consequat.","url":"https:\/\/acninternational.org\/de\/author\/acn-press-team\/"}]}},"_links":{"self":[{"href":"https:\/\/acninternational.org\/de\/wp-json\/wp\/v2\/posts\/171675","targetHints":{"allow":["GET"]}}],"collection":[{"href":"https:\/\/acninternational.org\/de\/wp-json\/wp\/v2\/posts"}],"about":[{"href":"https:\/\/acninternational.org\/de\/wp-json\/wp\/v2\/types\/post"}],"author":[{"embeddable":true,"href":"https:\/\/acninternational.org\/de\/wp-json\/wp\/v2\/users\/4258341447"}],"replies":[{"embeddable":true,"href":"https:\/\/acninternational.org\/de\/wp-json\/wp\/v2\/comments?post=171675"}],"version-history":[{"count":0,"href":"https:\/\/acninternational.org\/de\/wp-json\/wp\/v2\/posts\/171675\/revisions"}],"wp:featuredmedia":[{"embeddable":true,"href":"https:\/\/acninternational.org\/de\/wp-json\/wp\/v2\/media\/171660"}],"wp:attachment":[{"href":"https:\/\/acninternational.org\/de\/wp-json\/wp\/v2\/media?parent=171675"}],"wp:term":[{"taxonomy":"category","embeddable":true,"href":"https:\/\/acninternational.org\/de\/wp-json\/wp\/v2\/categories?post=171675"},{"taxonomy":"post_tag","embeddable":true,"href":"https:\/\/acninternational.org\/de\/wp-json\/wp\/v2\/tags?post=171675"},{"taxonomy":"country","embeddable":true,"href":"https:\/\/acninternational.org\/de\/wp-json\/wp\/v2\/country?post=171675"}],"curies":[{"name":"wp","href":"https:\/\/api.w.org\/{rel}","templated":true}]}}