{"id":171094,"date":"2022-06-08T16:05:10","date_gmt":"2022-06-08T14:05:10","guid":{"rendered":"https:\/\/acninternational.org\/?p=171094"},"modified":"2022-06-08T17:19:15","modified_gmt":"2022-06-08T15:19:15","slug":"pfingstmassaker-in-nigeria","status":"publish","type":"post","link":"https:\/\/acninternational.org\/de\/pfingstmassaker-in-nigeria\/","title":{"rendered":"Priester ruft \u201ealle auf, bei den Ermittlungen vor Ort zu helfen\u201c, um die Wahrheit \u00fcber das Pfingstmassaker in Nigeria aufzudecken."},"content":{"rendered":"<p><em>Es gibt immer noch keine Informationen bez\u00fcglich der Schuldigen an der Ermordung dutzender Menschen w\u00e4hrend der Pfingstsonntagsmesse in Owo, in der Di\u00f6zese Ondo in Nigeria. In einem exklusiven Interview mit Aid to the Church in Need (ACN), spricht der Priester Augustine Ikwu, Direktor f\u00fcr Soziale Kommunikation der Di\u00f6zese, \u00fcber den Zustand der Verwundeten und dar\u00fcber, wie die Kirche vor Ort alles ihr M\u00f6gliche unternimmt, um weitere Gewalt zu verhindern.<\/em><\/p>\n<p><strong>Wie viele Menschen wurden genau bei dem Anschlag am vergangenen Sonntag get\u00f6tet oder verletzt? <\/strong><\/p>\n<p>In der Leichenhalle befinden sich 38 best\u00e4tigte Opfer. Darunter sind f\u00fcnf Kinder &#8211; ein M\u00e4dchen und vier Jungen -, zwei junge Teenager und 31 Erwachsene, zw\u00f6lf M\u00e4nner und 19 Frauen. Aber wir versuchen immer noch, die Namen derer zu ermitteln, die im Krankenhaus liegen. Uns liegen schon einige Namen vor, doch Einzelne wurden in private Krankenh\u00e4user gebracht. Wir versuchen, die Familien all derjenigen, die in der Kirche waren, zu kontaktieren, um alle zu erfassen. Au\u00dferdem rufen wir alle auf, die sich um die Leichen ihrer Familienmitglieder gek\u00fcmmert haben, sich bei uns zu melden.\u00a0 Darum k\u00f6nnen wir zum jetzigen Zeitpunkt keine endg\u00fcltige Zahl der Verletzten ver\u00f6ffentlichen.<\/p>\n<p><strong>Wie ist der Zustand der Verwundeten? K\u00f6nnte die Zahl der Toten noch steigen? <\/strong><\/p>\n<p>Ich war gestern im Krankenhaus und habe alle gesehen, die dort waren. Die meisten befinden sich in einem relativ stabilen Zustand, wenige sind in einem kritischen Zustand, was die Verletzungen angeht. Die \u00c4rzte leisten eine gro\u00dfartige Arbeit und ich hoffe, diese Verwundeten werden mit Gottes Hilfe, unseren Gebeten und dem Einsatz des medizinischen Personals \u00fcberleben.<\/p>\n<p><strong>Was wissen wir \u00fcber die Angreifer?<\/strong><\/p>\n<p>Wir haben bisher noch nichts Konkretes in der Hand. Es gab so viel Spekulation, doch wir wollen uns nicht an Spekulationen festhalten, die sich dann als falsch herausstellen. Manche dieser Spekulationen klingen recht logisch und folgerichtig angesichts der allgemeinen Situation unseres Landes, wie etwa die Unsicherheit, die politischen Auseinandersetzungen und die Konflikte zwischen Fulani-Viehhirten und Bauern. Wir k\u00f6nnen weder sagen, dass diese Spekulationen falsch sind, noch k\u00f6nnen wir sie best\u00e4tigen. Es handelt sich um M\u00f6glichkeiten, doch bevor wir nicht Fakten in der Hand haben, k\u00f6nnen wir nichts dazu sagen. Hoffentlich wird jemand festgenommen werden und die wahren Motive hinter dem Anschlag gestehen.<\/p>\n<p><strong>Gab es bereits Konflikte im Bundesstaat Ondo, entweder durch militante Islamisten oder durch Fulani-Viehhirten? <\/strong><\/p>\n<p>Im Allgemeinen ist es in unserem Staat friedlich gewesen. Ab und zu gibt es kleinere Probleme, aber keine ernsten Begebenheiten. Dies ist wirklich ein friedlicher Staat, und es ist schwer zu glauben, dass einheimische Muslime etwas Derartiges tun w\u00fcrden. Es hat immer einen klaren Unterschied zwischen Muslimen im Norden und im S\u00fcden des Landes gegeben. Die Muslime, die in unserer Region leben, sind relativ friedlich, und sie haben diese Gr\u00e4ueltat \u00f6ffentlich verurteilt. Darum k\u00f6nnen wir sie ihnen nicht einfach die Schuld daran geben.<\/p>\n<p><strong>Was sind die wichtigsten Bed\u00fcrfnisse der Di\u00f6zese im Moment?<\/strong><\/p>\n<p>Es ist f\u00fcr uns eine schwierige Zeit, und wir m\u00f6chten Sie alle aufrufen, uns in Ihre Gebete einzuschlie\u00dfen, f\u00fcr die Verstorbenen und Verletzten und f\u00fcr ihre Familien in der Di\u00f6zese zu beten. Wir haben heute mit einer Novene begonnen, und wir m\u00f6chten alle bitten, mit uns zu beten. Wir rufen auch alle, die k\u00f6nnen, dazu auf, uns bei den Ermittlungen vor Ort zu helfen. Wir m\u00f6chten aber auch die Welt auffordern, die Situation der Unsicherheit zu erkennen, nicht nur in unserem Bundesstaat, sondern im ganzen Land, denn die Unsicherheit hat jetzt buchst\u00e4blich das ganze Land erfasst. Und wenn ich der aktuellen Regierung etwas sagen d\u00fcrfte, w\u00fcrde ich ihr sagen, dass es nicht unehrenhaft ist, zur\u00fcckzutreten, wenn man mit einer Situation konfrontiert ist, derer man nicht Herr werden kann. Wenn das Land unregierbar geworden ist, sollte es ehrenhaft sein, zur\u00fcckzutreten und Raum f\u00fcr jemand anderen zu lassen, der einspringt und der die Situation besser im Griff haben k\u00f6nnte. Wir d\u00fcrfen uns nicht von der Gier leiten lassen.<\/p>\n<p><strong>Sind Sie besorgt, dass die christliche Gemeinschaft versuchen k\u00f6nnte, sich an den mutma\u00dflichen Schuldigen f\u00fcr die Geschehnisse zu r\u00e4chen?<\/strong><\/p>\n<p>Der Bischof appelliert weiterhin an die \u00d6ffentlichkeit, friedvoll zu sein, gesetzestreu, und nicht die Rechtsprechung in die eigenen H\u00e4nde zu nehmen. Keiner sollte losgehen, um B\u00f6ses mit B\u00f6sem zu vergelten. Das ist ganz und gar nicht die christliche Art zu leben. Sogar in dieser Situation beantworten wir B\u00f6ses mit Frieden. Das ist leicht gesagt, aber schwer, in die Tat umzusetzen, doch auf lange Sicht werden wir entdecken, dass dies besser f\u00fcr die Gesellschaft ist.<\/p>\n<p>Wir haben Hoffnung in Gott. Wir sind wie die drei Gef\u00e4hrten im Alten Testament, die in den brennenden Ofen geworfen wurden. Sie sagten: \u201cWenn unser Gott uns nicht retten kann, dann last uns im Ofen zugrunde gehen.\u201c, und Gott rettete sie. Vielleicht ist das auch eine Herausforderung an Gott, denn die Menschen rufen ihn jetzt an, weil sie die Situation wirklich nicht kontrollieren k\u00f6nnen. Wir hoffen, dass Er uns helfen wird, wir glauben daran, doch wir haben Angst. Die Menschen werden vielleicht die Sache in die eigene Hand nehmen wollen, denn vielen Menschen ist mittlerweile alles egal. Darum haben wir an die \u00d6ffentlichkeit appelliert, darauf zu verzichten und nicht noch mehr Schaden anzurichten.<\/p>\n","protected":false},"excerpt":{"rendered":"<p>In der Leichenhalle befinden sich 38 best\u00e4tigte Opfer, aber wir versuchen immer noch, die Namen derer zu ermitteln<\/p>\n","protected":false},"author":4258341447,"featured_media":171128,"comment_status":"closed","ping_status":"closed","sticky":false,"template":"","format":"standard","meta":{"_acf_changed":false,"_acn_coauthor_ids":[],"footnotes":""},"categories":[929],"tags":[1024,1026,1025],"country":[408],"class_list":["post-171094","post","type-post","status-publish","format-standard","has-post-thumbnail","hentry","category-interview-2","tag-massaker","tag-nigeria-de","tag-religioese-freiheit","country-nigeria-es"],"acn_coauthors":[],"acf":[],"yoast_head":"<!-- This site is optimized with the Yoast SEO Premium plugin v27.3 (Yoast SEO v27.3) - https:\/\/yoast.com\/product\/yoast-seo-premium-wordpress\/ -->\n<title>Interview \u00fcber das Massaker an Pfingsten in Nigeria | ACN International<\/title>\n<meta name=\"description\" content=\"Die Identit\u00e4t der Angreifer des Pfingstsonntags in Nigeria ist noch unbekannt, best\u00e4tigte der Kommunikationsdirektor in einem Interview.\" \/>\n<meta name=\"robots\" content=\"index, follow, max-snippet:-1, max-image-preview:large, max-video-preview:-1\" \/>\n<link rel=\"canonical\" href=\"https:\/\/acninternational.org\/de\/pfingstmassaker-in-nigeria\/\" \/>\n<meta property=\"og:locale\" content=\"de_DE\" \/>\n<meta property=\"og:type\" content=\"article\" \/>\n<meta property=\"og:title\" content=\"Priester ruft \u201ealle auf, bei den Ermittlungen vor Ort zu helfen\u201c, um die Wahrheit \u00fcber das Pfingstmassaker in Nigeria aufzudecken.\" \/>\n<meta property=\"og:description\" content=\"Die Identit\u00e4t der Angreifer des Pfingstsonntags in Nigeria ist noch unbekannt, best\u00e4tigte der Kommunikationsdirektor in einem Interview.\" \/>\n<meta property=\"og:url\" content=\"https:\/\/acninternational.org\/de\/pfingstmassaker-in-nigeria\/\" \/>\n<meta property=\"og:site_name\" content=\"ACN International\" \/>\n<meta property=\"article:publisher\" content=\"https:\/\/www.facebook.com\/acninternationalorg\" \/>\n<meta property=\"article:published_time\" content=\"2022-06-08T14:05:10+00:00\" \/>\n<meta property=\"article:modified_time\" content=\"2022-06-08T15:19:15+00:00\" \/>\n<meta property=\"og:image\" content=\"https:\/\/media.acninternational.org\/wp-content\/uploads\/2022\/06\/heading-49-1.png\" \/>\n\t<meta property=\"og:image:width\" content=\"2000\" \/>\n\t<meta property=\"og:image:height\" content=\"625\" \/>\n\t<meta property=\"og:image:type\" content=\"image\/png\" \/>\n<meta name=\"author\" content=\"ACN Press Team\" \/>\n<meta name=\"twitter:card\" content=\"summary_large_image\" \/>\n<meta name=\"twitter:creator\" content=\"@acn_int\" \/>\n<meta name=\"twitter:site\" content=\"@acn_int\" \/>\n<meta name=\"twitter:label1\" content=\"Verfasst von\" \/>\n\t<meta name=\"twitter:data1\" content=\"ACN Press Team\" \/>\n\t<meta name=\"twitter:label2\" content=\"Gesch\u00e4tzte Lesezeit\" \/>\n\t<meta name=\"twitter:data2\" content=\"4\u00a0Minuten\" \/>\n<script type=\"application\/ld+json\" class=\"yoast-schema-graph\">{\"@context\":\"https:\\\/\\\/schema.org\",\"@graph\":[{\"@type\":\"Article\",\"@id\":\"https:\\\/\\\/acninternational.org\\\/de\\\/pfingstmassaker-in-nigeria\\\/#article\",\"isPartOf\":{\"@id\":\"https:\\\/\\\/acninternational.org\\\/de\\\/pfingstmassaker-in-nigeria\\\/\"},\"author\":{\"name\":\"ACN Press Team\",\"@id\":\"https:\\\/\\\/acninternational.org\\\/de\\\/#\\\/schema\\\/person\\\/7f3dafb236b242fb2aa46be1411fd703\"},\"headline\":\"Priester ruft \u201ealle auf, bei den Ermittlungen vor Ort zu helfen\u201c, um die Wahrheit \u00fcber das Pfingstmassaker in Nigeria aufzudecken.\",\"datePublished\":\"2022-06-08T14:05:10+00:00\",\"dateModified\":\"2022-06-08T15:19:15+00:00\",\"mainEntityOfPage\":{\"@id\":\"https:\\\/\\\/acninternational.org\\\/de\\\/pfingstmassaker-in-nigeria\\\/\"},\"wordCount\":919,\"publisher\":{\"@id\":\"https:\\\/\\\/acninternational.org\\\/de\\\/#organization\"},\"image\":{\"@id\":\"https:\\\/\\\/acninternational.org\\\/de\\\/pfingstmassaker-in-nigeria\\\/#primaryimage\"},\"thumbnailUrl\":\"https:\\\/\\\/media.acninternational.org\\\/wp-content\\\/uploads\\\/2022\\\/06\\\/heading-49-1.png\",\"keywords\":[\"massaker\",\"Nigeria\",\"religi\u00f6se freiheit\"],\"articleSection\":[\"Interview\"],\"inLanguage\":\"de\"},{\"@type\":\"WebPage\",\"@id\":\"https:\\\/\\\/acninternational.org\\\/de\\\/pfingstmassaker-in-nigeria\\\/\",\"url\":\"https:\\\/\\\/acninternational.org\\\/de\\\/pfingstmassaker-in-nigeria\\\/\",\"name\":\"Interview \u00fcber das Massaker an Pfingsten in Nigeria | ACN International\",\"isPartOf\":{\"@id\":\"https:\\\/\\\/acninternational.org\\\/de\\\/#website\"},\"primaryImageOfPage\":{\"@id\":\"https:\\\/\\\/acninternational.org\\\/de\\\/pfingstmassaker-in-nigeria\\\/#primaryimage\"},\"image\":{\"@id\":\"https:\\\/\\\/acninternational.org\\\/de\\\/pfingstmassaker-in-nigeria\\\/#primaryimage\"},\"thumbnailUrl\":\"https:\\\/\\\/media.acninternational.org\\\/wp-content\\\/uploads\\\/2022\\\/06\\\/heading-49-1.png\",\"datePublished\":\"2022-06-08T14:05:10+00:00\",\"dateModified\":\"2022-06-08T15:19:15+00:00\",\"description\":\"Die Identit\u00e4t der Angreifer des Pfingstsonntags in Nigeria ist noch unbekannt, best\u00e4tigte der Kommunikationsdirektor in einem Interview.\",\"breadcrumb\":{\"@id\":\"https:\\\/\\\/acninternational.org\\\/de\\\/pfingstmassaker-in-nigeria\\\/#breadcrumb\"},\"inLanguage\":\"de\",\"potentialAction\":[{\"@type\":\"ReadAction\",\"target\":[\"https:\\\/\\\/acninternational.org\\\/de\\\/pfingstmassaker-in-nigeria\\\/\"]}]},{\"@type\":\"ImageObject\",\"inLanguage\":\"de\",\"@id\":\"https:\\\/\\\/acninternational.org\\\/de\\\/pfingstmassaker-in-nigeria\\\/#primaryimage\",\"url\":\"https:\\\/\\\/media.acninternational.org\\\/wp-content\\\/uploads\\\/2022\\\/06\\\/heading-49-1.png\",\"contentUrl\":\"https:\\\/\\\/media.acninternational.org\\\/wp-content\\\/uploads\\\/2022\\\/06\\\/heading-49-1.png\",\"width\":2000,\"height\":625,\"caption\":\"Seminarians in procession to the holy mass\"},{\"@type\":\"BreadcrumbList\",\"@id\":\"https:\\\/\\\/acninternational.org\\\/de\\\/pfingstmassaker-in-nigeria\\\/#breadcrumb\",\"itemListElement\":[{\"@type\":\"ListItem\",\"position\":1,\"name\":\"Home\",\"item\":\"https:\\\/\\\/acninternational.org\\\/de\\\/\"},{\"@type\":\"ListItem\",\"position\":2,\"name\":\"Interview\",\"item\":\"https:\\\/\\\/acninternational.org\\\/de\\\/category\\\/interview-2\\\/\"},{\"@type\":\"ListItem\",\"position\":3,\"name\":\"Priester ruft \u201ealle auf, bei den Ermittlungen vor Ort zu helfen\u201c, um die Wahrheit \u00fcber das Pfingstmassaker in Nigeria aufzudecken.\"}]},{\"@type\":\"WebSite\",\"@id\":\"https:\\\/\\\/acninternational.org\\\/de\\\/#website\",\"url\":\"https:\\\/\\\/acninternational.org\\\/de\\\/\",\"name\":\"ACN International\",\"description\":\"\",\"publisher\":{\"@id\":\"https:\\\/\\\/acninternational.org\\\/de\\\/#organization\"},\"potentialAction\":[{\"@type\":\"SearchAction\",\"target\":{\"@type\":\"EntryPoint\",\"urlTemplate\":\"https:\\\/\\\/acninternational.org\\\/de\\\/?s={search_term_string}\"},\"query-input\":{\"@type\":\"PropertyValueSpecification\",\"valueRequired\":true,\"valueName\":\"search_term_string\"}}],\"inLanguage\":\"de\"},{\"@type\":\"Organization\",\"@id\":\"https:\\\/\\\/acninternational.org\\\/de\\\/#organization\",\"name\":\"Aid to the Church in Need International\",\"url\":\"https:\\\/\\\/acninternational.org\\\/de\\\/\",\"logo\":{\"@type\":\"ImageObject\",\"inLanguage\":\"de\",\"@id\":\"https:\\\/\\\/acninternational.org\\\/de\\\/#\\\/schema\\\/logo\\\/image\\\/\",\"url\":\"https:\\\/\\\/media.acninternational.org\\\/wp-content\\\/uploads\\\/2019\\\/11\\\/acn_logo_blackvector.svg\",\"contentUrl\":\"https:\\\/\\\/media.acninternational.org\\\/wp-content\\\/uploads\\\/2019\\\/11\\\/acn_logo_blackvector.svg\",\"width\":232.6,\"height\":78,\"caption\":\"Aid to the Church in Need International\"},\"image\":{\"@id\":\"https:\\\/\\\/acninternational.org\\\/de\\\/#\\\/schema\\\/logo\\\/image\\\/\"},\"sameAs\":[\"https:\\\/\\\/www.facebook.com\\\/acninternationalorg\",\"https:\\\/\\\/x.com\\\/acn_int\",\"https:\\\/\\\/www.youtube.com\\\/channel\\\/UCQ-077gS0TnVzkhHmf1opZw\",\"https:\\\/\\\/www.instagram.com\\\/acn_international\\\/\"]},{\"@type\":\"Person\",\"@id\":\"https:\\\/\\\/acninternational.org\\\/de\\\/#\\\/schema\\\/person\\\/7f3dafb236b242fb2aa46be1411fd703\",\"name\":\"ACN Press Team\",\"description\":\"Lorem ipsum dolor sit amet, consectetur adipiscing elit, sed do eiusmod tempor incididunt ut labore et dolore magna aliqua. Ut enim ad minim veniam, quis nostrud exercitation ullamco laboris nisi ut aliquip ex ea commodo consequat.\",\"url\":\"https:\\\/\\\/acninternational.org\\\/de\\\/author\\\/acn-press-team\\\/\"}]}<\/script>\n<!-- \/ Yoast SEO Premium plugin. -->","yoast_head_json":{"title":"Interview \u00fcber das Massaker an Pfingsten in Nigeria | ACN International","description":"Die Identit\u00e4t der Angreifer des Pfingstsonntags in Nigeria ist noch unbekannt, best\u00e4tigte der Kommunikationsdirektor in einem Interview.","robots":{"index":"index","follow":"follow","max-snippet":"max-snippet:-1","max-image-preview":"max-image-preview:large","max-video-preview":"max-video-preview:-1"},"canonical":"https:\/\/acninternational.org\/de\/pfingstmassaker-in-nigeria\/","og_locale":"de_DE","og_type":"article","og_title":"Priester ruft \u201ealle auf, bei den Ermittlungen vor Ort zu helfen\u201c, um die Wahrheit \u00fcber das Pfingstmassaker in Nigeria aufzudecken.","og_description":"Die Identit\u00e4t der Angreifer des Pfingstsonntags in Nigeria ist noch unbekannt, best\u00e4tigte der Kommunikationsdirektor in einem Interview.","og_url":"https:\/\/acninternational.org\/de\/pfingstmassaker-in-nigeria\/","og_site_name":"ACN International","article_publisher":"https:\/\/www.facebook.com\/acninternationalorg","article_published_time":"2022-06-08T14:05:10+00:00","article_modified_time":"2022-06-08T15:19:15+00:00","og_image":[{"width":2000,"height":625,"url":"https:\/\/media.acninternational.org\/wp-content\/uploads\/2022\/06\/heading-49-1.png","type":"image\/png"}],"author":"ACN Press Team","twitter_card":"summary_large_image","twitter_creator":"@acn_int","twitter_site":"@acn_int","twitter_misc":{"Verfasst von":"ACN Press Team","Gesch\u00e4tzte Lesezeit":"4\u00a0Minuten"},"schema":{"@context":"https:\/\/schema.org","@graph":[{"@type":"Article","@id":"https:\/\/acninternational.org\/de\/pfingstmassaker-in-nigeria\/#article","isPartOf":{"@id":"https:\/\/acninternational.org\/de\/pfingstmassaker-in-nigeria\/"},"author":{"name":"ACN Press Team","@id":"https:\/\/acninternational.org\/de\/#\/schema\/person\/7f3dafb236b242fb2aa46be1411fd703"},"headline":"Priester ruft \u201ealle auf, bei den Ermittlungen vor Ort zu helfen\u201c, um die Wahrheit \u00fcber das Pfingstmassaker in Nigeria aufzudecken.","datePublished":"2022-06-08T14:05:10+00:00","dateModified":"2022-06-08T15:19:15+00:00","mainEntityOfPage":{"@id":"https:\/\/acninternational.org\/de\/pfingstmassaker-in-nigeria\/"},"wordCount":919,"publisher":{"@id":"https:\/\/acninternational.org\/de\/#organization"},"image":{"@id":"https:\/\/acninternational.org\/de\/pfingstmassaker-in-nigeria\/#primaryimage"},"thumbnailUrl":"https:\/\/media.acninternational.org\/wp-content\/uploads\/2022\/06\/heading-49-1.png","keywords":["massaker","Nigeria","religi\u00f6se freiheit"],"articleSection":["Interview"],"inLanguage":"de"},{"@type":"WebPage","@id":"https:\/\/acninternational.org\/de\/pfingstmassaker-in-nigeria\/","url":"https:\/\/acninternational.org\/de\/pfingstmassaker-in-nigeria\/","name":"Interview \u00fcber das Massaker an Pfingsten in Nigeria | ACN International","isPartOf":{"@id":"https:\/\/acninternational.org\/de\/#website"},"primaryImageOfPage":{"@id":"https:\/\/acninternational.org\/de\/pfingstmassaker-in-nigeria\/#primaryimage"},"image":{"@id":"https:\/\/acninternational.org\/de\/pfingstmassaker-in-nigeria\/#primaryimage"},"thumbnailUrl":"https:\/\/media.acninternational.org\/wp-content\/uploads\/2022\/06\/heading-49-1.png","datePublished":"2022-06-08T14:05:10+00:00","dateModified":"2022-06-08T15:19:15+00:00","description":"Die Identit\u00e4t der Angreifer des Pfingstsonntags in Nigeria ist noch unbekannt, best\u00e4tigte der Kommunikationsdirektor in einem Interview.","breadcrumb":{"@id":"https:\/\/acninternational.org\/de\/pfingstmassaker-in-nigeria\/#breadcrumb"},"inLanguage":"de","potentialAction":[{"@type":"ReadAction","target":["https:\/\/acninternational.org\/de\/pfingstmassaker-in-nigeria\/"]}]},{"@type":"ImageObject","inLanguage":"de","@id":"https:\/\/acninternational.org\/de\/pfingstmassaker-in-nigeria\/#primaryimage","url":"https:\/\/media.acninternational.org\/wp-content\/uploads\/2022\/06\/heading-49-1.png","contentUrl":"https:\/\/media.acninternational.org\/wp-content\/uploads\/2022\/06\/heading-49-1.png","width":2000,"height":625,"caption":"Seminarians in procession to the holy mass"},{"@type":"BreadcrumbList","@id":"https:\/\/acninternational.org\/de\/pfingstmassaker-in-nigeria\/#breadcrumb","itemListElement":[{"@type":"ListItem","position":1,"name":"Home","item":"https:\/\/acninternational.org\/de\/"},{"@type":"ListItem","position":2,"name":"Interview","item":"https:\/\/acninternational.org\/de\/category\/interview-2\/"},{"@type":"ListItem","position":3,"name":"Priester ruft \u201ealle auf, bei den Ermittlungen vor Ort zu helfen\u201c, um die Wahrheit \u00fcber das Pfingstmassaker in Nigeria aufzudecken."}]},{"@type":"WebSite","@id":"https:\/\/acninternational.org\/de\/#website","url":"https:\/\/acninternational.org\/de\/","name":"ACN International","description":"","publisher":{"@id":"https:\/\/acninternational.org\/de\/#organization"},"potentialAction":[{"@type":"SearchAction","target":{"@type":"EntryPoint","urlTemplate":"https:\/\/acninternational.org\/de\/?s={search_term_string}"},"query-input":{"@type":"PropertyValueSpecification","valueRequired":true,"valueName":"search_term_string"}}],"inLanguage":"de"},{"@type":"Organization","@id":"https:\/\/acninternational.org\/de\/#organization","name":"Aid to the Church in Need International","url":"https:\/\/acninternational.org\/de\/","logo":{"@type":"ImageObject","inLanguage":"de","@id":"https:\/\/acninternational.org\/de\/#\/schema\/logo\/image\/","url":"https:\/\/media.acninternational.org\/wp-content\/uploads\/2019\/11\/acn_logo_blackvector.svg","contentUrl":"https:\/\/media.acninternational.org\/wp-content\/uploads\/2019\/11\/acn_logo_blackvector.svg","width":232.6,"height":78,"caption":"Aid to the Church in Need International"},"image":{"@id":"https:\/\/acninternational.org\/de\/#\/schema\/logo\/image\/"},"sameAs":["https:\/\/www.facebook.com\/acninternationalorg","https:\/\/x.com\/acn_int","https:\/\/www.youtube.com\/channel\/UCQ-077gS0TnVzkhHmf1opZw","https:\/\/www.instagram.com\/acn_international\/"]},{"@type":"Person","@id":"https:\/\/acninternational.org\/de\/#\/schema\/person\/7f3dafb236b242fb2aa46be1411fd703","name":"ACN Press Team","description":"Lorem ipsum dolor sit amet, consectetur adipiscing elit, sed do eiusmod tempor incididunt ut labore et dolore magna aliqua. Ut enim ad minim veniam, quis nostrud exercitation ullamco laboris nisi ut aliquip ex ea commodo consequat.","url":"https:\/\/acninternational.org\/de\/author\/acn-press-team\/"}]}},"_links":{"self":[{"href":"https:\/\/acninternational.org\/de\/wp-json\/wp\/v2\/posts\/171094","targetHints":{"allow":["GET"]}}],"collection":[{"href":"https:\/\/acninternational.org\/de\/wp-json\/wp\/v2\/posts"}],"about":[{"href":"https:\/\/acninternational.org\/de\/wp-json\/wp\/v2\/types\/post"}],"author":[{"embeddable":true,"href":"https:\/\/acninternational.org\/de\/wp-json\/wp\/v2\/users\/4258341447"}],"replies":[{"embeddable":true,"href":"https:\/\/acninternational.org\/de\/wp-json\/wp\/v2\/comments?post=171094"}],"version-history":[{"count":0,"href":"https:\/\/acninternational.org\/de\/wp-json\/wp\/v2\/posts\/171094\/revisions"}],"wp:featuredmedia":[{"embeddable":true,"href":"https:\/\/acninternational.org\/de\/wp-json\/wp\/v2\/media\/171128"}],"wp:attachment":[{"href":"https:\/\/acninternational.org\/de\/wp-json\/wp\/v2\/media?parent=171094"}],"wp:term":[{"taxonomy":"category","embeddable":true,"href":"https:\/\/acninternational.org\/de\/wp-json\/wp\/v2\/categories?post=171094"},{"taxonomy":"post_tag","embeddable":true,"href":"https:\/\/acninternational.org\/de\/wp-json\/wp\/v2\/tags?post=171094"},{"taxonomy":"country","embeddable":true,"href":"https:\/\/acninternational.org\/de\/wp-json\/wp\/v2\/country?post=171094"}],"curies":[{"name":"wp","href":"https:\/\/api.w.org\/{rel}","templated":true}]}}