{"id":170177,"date":"2022-05-10T16:46:25","date_gmt":"2022-05-10T14:46:25","guid":{"rendered":"https:\/\/acninternational.org\/?p=170177"},"modified":"2022-05-10T17:04:29","modified_gmt":"2022-05-10T15:04:29","slug":"der-besuch-des-papstes-im-suedsudan","status":"publish","type":"post","link":"https:\/\/acninternational.org\/de\/der-besuch-des-papstes-im-suedsudan\/","title":{"rendered":"\u201eDer Besuch des Papstes wird sehr wichtig f\u00fcr den Frieden sein\u201c, erkl\u00e4rt eine Missionarin im S\u00fcdsudan"},"content":{"rendered":"<p>Nach Auffassung einer Comboni-Missionsschwester, die in Wau im S\u00fcdsudan lebt, k\u00f6nnte der f\u00fcr den 5. bis 7. Juli geplante Besuch von Papst Franziskus im j\u00fcngsten Staat der Welt ein historischer Impuls f\u00fcr den Friedensprozess sein.<\/p>\n<p>\u201eDer Papst wird eine \u00e4u\u00dferst wichtige Rolle spielen. Der Papst, die christlichen Kirchen und alle christlichen geistlichen F\u00fchrer vor Ort, uns allen, kommt derzeit eine sehr wichtige Rolle in der Geschichte des S\u00fcdsudan zu\u201c, sagt Schwester Beta Almendra bei ihrem Gespr\u00e4ch mit ACN.<\/p>\n<p>\u201eDie Menschen z\u00e4hlen auf uns. Kommt es zu Gewalt, fragen sie sofort: Und wo ist die Kirche? Wo sind die Verantwortlichen? Sie sind auf uns, auf unsere Unterst\u00fctzung, auf unsere Hilfe, auf unsere Gebete und auf alles angewiesen, was wir f\u00fcr den Frieden in diesem Land tun k\u00f6nnen.\u201c<\/p>\n<p>Schwester Beta Almendra (52) stammt urspr\u00fcnglich aus Portugal. Der S\u00fcdsudan ist ihre zweite Station als Missionarin in Afrika. Zuvor war sie sechs Jahre in Kenia t\u00e4tig. Anfang 2021, als die Corona-Pandemie auf ihrem H\u00f6hepunkt war, kam sie nach Wau. In Bezug auf den Papstbesuch hat sie gro\u00dfe Erwartungen, vor allem, weil Franziskus in der Vergangenheit bereits viel bewirken konnte, um das Land zu befrieden und der Gewalt und dem Krieg im S\u00fcdsudan ein Ende zu setzen.<\/p>\n<p>\u201eViele Menschen im S\u00fcdsudan kennen gar nichts anderes. Es gibt Generationen, die in den Krieg hineingeboren wurden. Der letzte Krieg war grauenhaft, denn so vieles wurde zerst\u00f6rt: Schulen, Infrastruktur, Krankenh\u00e4user, Kirchen, Menschenleben, darunter das Leben vieler Frauen und Kinder. Man hat versucht, Menschen zu eliminieren, die \u00fcber eine gewisse Bildung verf\u00fcgten und in F\u00fchrungspositionen h\u00e4tten kommen k\u00f6nnen.\u201c<\/p>\n<p><strong>Eine unvergessene Geste<\/strong><\/p>\n<p>Im April 2019 verbl\u00fcffte Papst Franziskus die ganze Welt, als er sich niederkniete, um die F\u00fc\u00dfe von Pr\u00e4sident Salva Kiir und die der Oppositionsf\u00fchrer und designierten Vizepr\u00e4sidenten Riek Machar und Rebecca Nyandeng zu k\u00fcssen, die zu spirituellen Exerzitien in den Vatikan gekommen waren. \u00a0Noch heute erinnert sich jeder im S\u00fcdsudan an diese Geste. Auch wenn der Frieden nach wie vor br\u00fcchig ist. \u201eVor wenigen Tagen\u201d, so die Missionsschwester, \u201egab es einen Moment gro\u00dfer Spannungen und fast w\u00e4re ein neuer Krieg ausgebrochen. Einer unserer Kirchenf\u00fchrer ging zum Pr\u00e4sidenten und zum Vize-Pr\u00e4sidenten und fragte sie: \u201aHabt ihr vergessen, was der Papst f\u00fcr euch getan hat? Ihr habt \u00f6ffentlich erkl\u00e4rt, dass seine Geste euer Leben ver\u00e4ndert hat und dass es im S\u00fcdsudan keinen Krieg mehr geben wird.\u2018 Die Erinnerung an diese Geste veranlasste die Politiker, eine neue Vereinbarung zu schlie\u00dfen, wieder in einen Dialog miteinander einzutreten und einen weiteren Schritt hin zu einem dauerhaften Frieden zu gehen.\u201c<\/p>\n<figure id=\"attachment_170167\" aria-describedby=\"caption-attachment-170167\" style=\"width: 670px\" class=\"wp-caption alignnone\"><img loading=\"lazy\" decoding=\"async\" class=\"wp-image-170172 size-full\" src=\"https:\/\/media.acninternational.org\/wp-content\/uploads\/2022\/05\/pequenya-1-6.png\" alt=\"La Hermana Beta Almendra junto a estudiantes de Sud\u00e1n del Sur\" width=\"670\" height=\"400\" srcset=\"https:\/\/media.acninternational.org\/wp-content\/uploads\/2022\/05\/pequenya-1-6.png 670w, https:\/\/media.acninternational.org\/wp-content\/uploads\/2022\/05\/pequenya-1-6-300x179.png 300w\" sizes=\"auto, (max-width: 670px) 100vw, 670px\" \/><figcaption id=\"caption-attachment-170167\" class=\"wp-caption-text\">La Hermana Beta Almendra junto a estudiantes<\/figcaption><\/figure>\n<p>Der Besuch des Papstes im Juli findet angesichts der f\u00fcr Dezember geplanten Wahlen zu einem \u00e4u\u00dferst bedeutsamen Zeitpunkt statt. Momentan gilt jedoch die gesamte Aufmerksamkeit dem Heiligen Vater und den Vorbereitungen, die einen reibungslosen Ablauf seiner Reise gew\u00e4hrleisten sollen. Um den Papst sehen zu k\u00f6nnen, muss Schwester Beta in die s\u00fcdsudanesische Hauptstadt Juba reisen. Dies ist zwar eine \u201eteure und gef\u00e4hrliche\u201c Reise, die sie jedoch \u201egerne auf sich nehmen\u201c will.<\/p>\n<p>\u201eIch erwarte von der Reise des Papstes, dass den Menschen klar wird, dass Frieden m\u00f6glich und etwas Gutes ist, dass er der einzige Weg ist, um dieses Land voranzubringen, damit Schulen und Krankenh\u00e4user funktionieren, damit die Menschen im S\u00fcdsudan zu Lehrern, \u00c4rzten, Piloten und Ingenieuren ausgebildet werden k\u00f6nnen und in der Lage sind, in Frieden f\u00fcr ihr eigenes Land zu sorgen.\u201c<\/p>\n<p><strong>\u201eWir z\u00e4hlen auf euch\u201d<\/strong><\/p>\n<p>Der Besuch des Papstes soll zudem die Aufmerksamkeit auf die Schwierigkeiten der Kirche vor Ort, auf die grundlegenden Bed\u00fcrfnisse der Bev\u00f6lkerung und die in vielen Bereichen der Gesellschaft dringend ben\u00f6tigte Hilfe lenken. \u201eDie Kirche im S\u00fcdsudan ist sehr stark auf Hilfe von au\u00dfen angewiesen. In der Di\u00f6zese Wau beispielsweise m\u00fcssen Priesterseminare, Di\u00f6zesanh\u00e4user, Kl\u00f6ster, Schulen und Krankenh\u00e4user aufgebaut werden. Es geht darum, in Strukturen zu investieren, die bereits vorhanden waren, aber zerst\u00f6rt wurden. Wir sind wirklich vollkommen von externer Hilfe abh\u00e4ngig.\u201c Nach den Worten der portugiesischen Ordensschwester vertraut die Mission \u2013 auch in Bezug auf die anderen Bed\u00fcrfnisse der Di\u00f6zese Wau \u2013 auf die Hilfe von ACN und deren Wohlt\u00e4tern. \u201eWir z\u00e4hlen auf euch!\u201c<\/p>\n<p><em>ACN<\/em><em> unterst\u00fctzt den S\u00fcdsudan seit 2015 und finanziert den Bau bzw. Wiederaufbau von Kirchen und pastoralen Zentren, die Ausbildung von Seminaristen und gibt Existenzhilfe f\u00fcr Priester und Ordensleute. Derzeit unterst\u00fctzt ACN zum Beispiel den Bau eines Priesterwohnheims f\u00fcr die Dompfarrei von Wau.<\/em><\/p>\n","protected":false},"excerpt":{"rendered":"<p>\u201eDer Papst, die christlichen Kirchen und F\u00fchrer vor Ort, uns allen, kommt derzeit eine sehr wichtige Rolle in der Geschichte des S\u00fcdsudan zu\u201c<\/p>\n","protected":false},"author":4258341447,"featured_media":170163,"comment_status":"closed","ping_status":"closed","sticky":false,"template":"","format":"standard","meta":{"_acf_changed":false,"_acn_coauthor_ids":[],"footnotes":""},"categories":[991],"tags":[],"country":[910],"class_list":["post-170177","post","type-post","status-publish","format-standard","has-post-thumbnail","hentry","category-articulo-de","country-suedsudan"],"acn_coauthors":[],"acf":[],"yoast_head":"<!-- This site is optimized with the Yoast SEO Premium plugin v27.3 (Yoast SEO v27.3) - https:\/\/yoast.com\/product\/yoast-seo-premium-wordpress\/ -->\n<title>\u201eDer Besuch des Papstes wird sehr wichtig f\u00fcr den Frieden sein\u201c, erkl\u00e4rt eine Missionarin im S\u00fcdsudan | ACN International<\/title>\n<meta name=\"description\" content=\"\u201eDer Papst, die christlichen Kirchen und alle christlichen geistlichen F\u00fchrer vor Ort, spielen eine sehr wichtige Rolle in S\u00fcdsudan.\u201c\" \/>\n<meta name=\"robots\" content=\"index, follow, max-snippet:-1, max-image-preview:large, max-video-preview:-1\" \/>\n<link rel=\"canonical\" href=\"https:\/\/acninternational.org\/de\/der-besuch-des-papstes-im-suedsudan\/\" \/>\n<meta property=\"og:locale\" content=\"de_DE\" \/>\n<meta property=\"og:type\" content=\"article\" \/>\n<meta property=\"og:title\" content=\"\u201eDer Besuch des Papstes wird sehr wichtig f\u00fcr den Frieden sein\u201c, erkl\u00e4rt eine Missionarin im S\u00fcdsudan\" \/>\n<meta property=\"og:description\" content=\"\u201eDer Papst, die christlichen Kirchen und alle christlichen geistlichen F\u00fchrer vor Ort, spielen eine sehr wichtige Rolle in S\u00fcdsudan.\u201c\" \/>\n<meta property=\"og:url\" content=\"https:\/\/acninternational.org\/de\/der-besuch-des-papstes-im-suedsudan\/\" \/>\n<meta property=\"og:site_name\" content=\"ACN International\" \/>\n<meta property=\"article:publisher\" content=\"https:\/\/www.facebook.com\/acninternationalorg\" \/>\n<meta property=\"article:published_time\" content=\"2022-05-10T14:46:25+00:00\" \/>\n<meta property=\"article:modified_time\" content=\"2022-05-10T15:04:29+00:00\" \/>\n<meta property=\"og:image\" content=\"https:\/\/media.acninternational.org\/wp-content\/uploads\/2022\/05\/heading-20-2.png\" \/>\n\t<meta property=\"og:image:width\" content=\"2000\" \/>\n\t<meta property=\"og:image:height\" content=\"625\" \/>\n\t<meta property=\"og:image:type\" content=\"image\/png\" \/>\n<meta name=\"author\" content=\"ACN Press Team\" \/>\n<meta name=\"twitter:card\" content=\"summary_large_image\" \/>\n<meta name=\"twitter:creator\" content=\"@acn_int\" \/>\n<meta name=\"twitter:site\" content=\"@acn_int\" \/>\n<meta name=\"twitter:label1\" content=\"Verfasst von\" \/>\n\t<meta name=\"twitter:data1\" content=\"ACN Press Team\" \/>\n\t<meta name=\"twitter:label2\" content=\"Gesch\u00e4tzte Lesezeit\" \/>\n\t<meta name=\"twitter:data2\" content=\"4\u00a0Minuten\" \/>\n<script type=\"application\/ld+json\" class=\"yoast-schema-graph\">{\"@context\":\"https:\\\/\\\/schema.org\",\"@graph\":[{\"@type\":\"Article\",\"@id\":\"https:\\\/\\\/acninternational.org\\\/de\\\/der-besuch-des-papstes-im-suedsudan\\\/#article\",\"isPartOf\":{\"@id\":\"https:\\\/\\\/acninternational.org\\\/de\\\/der-besuch-des-papstes-im-suedsudan\\\/\"},\"author\":{\"name\":\"ACN Press Team\",\"@id\":\"https:\\\/\\\/acninternational.org\\\/de\\\/#\\\/schema\\\/person\\\/7f3dafb236b242fb2aa46be1411fd703\"},\"headline\":\"\u201eDer Besuch des Papstes wird sehr wichtig f\u00fcr den Frieden sein\u201c, erkl\u00e4rt eine Missionarin im S\u00fcdsudan\",\"datePublished\":\"2022-05-10T14:46:25+00:00\",\"dateModified\":\"2022-05-10T15:04:29+00:00\",\"mainEntityOfPage\":{\"@id\":\"https:\\\/\\\/acninternational.org\\\/de\\\/der-besuch-des-papstes-im-suedsudan\\\/\"},\"wordCount\":809,\"publisher\":{\"@id\":\"https:\\\/\\\/acninternational.org\\\/de\\\/#organization\"},\"image\":{\"@id\":\"https:\\\/\\\/acninternational.org\\\/de\\\/der-besuch-des-papstes-im-suedsudan\\\/#primaryimage\"},\"thumbnailUrl\":\"https:\\\/\\\/media.acninternational.org\\\/wp-content\\\/uploads\\\/2022\\\/05\\\/heading-20-2.png\",\"articleSection\":[\"ART\u00cdCULO\"],\"inLanguage\":\"de\"},{\"@type\":\"WebPage\",\"@id\":\"https:\\\/\\\/acninternational.org\\\/de\\\/der-besuch-des-papstes-im-suedsudan\\\/\",\"url\":\"https:\\\/\\\/acninternational.org\\\/de\\\/der-besuch-des-papstes-im-suedsudan\\\/\",\"name\":\"\u201eDer Besuch des Papstes wird sehr wichtig f\u00fcr den Frieden sein\u201c, erkl\u00e4rt eine Missionarin im S\u00fcdsudan | ACN International\",\"isPartOf\":{\"@id\":\"https:\\\/\\\/acninternational.org\\\/de\\\/#website\"},\"primaryImageOfPage\":{\"@id\":\"https:\\\/\\\/acninternational.org\\\/de\\\/der-besuch-des-papstes-im-suedsudan\\\/#primaryimage\"},\"image\":{\"@id\":\"https:\\\/\\\/acninternational.org\\\/de\\\/der-besuch-des-papstes-im-suedsudan\\\/#primaryimage\"},\"thumbnailUrl\":\"https:\\\/\\\/media.acninternational.org\\\/wp-content\\\/uploads\\\/2022\\\/05\\\/heading-20-2.png\",\"datePublished\":\"2022-05-10T14:46:25+00:00\",\"dateModified\":\"2022-05-10T15:04:29+00:00\",\"description\":\"\u201eDer Papst, die christlichen Kirchen und alle christlichen geistlichen F\u00fchrer vor Ort, spielen eine sehr wichtige Rolle in S\u00fcdsudan.\u201c\",\"breadcrumb\":{\"@id\":\"https:\\\/\\\/acninternational.org\\\/de\\\/der-besuch-des-papstes-im-suedsudan\\\/#breadcrumb\"},\"inLanguage\":\"de\",\"potentialAction\":[{\"@type\":\"ReadAction\",\"target\":[\"https:\\\/\\\/acninternational.org\\\/de\\\/der-besuch-des-papstes-im-suedsudan\\\/\"]}]},{\"@type\":\"ImageObject\",\"inLanguage\":\"de\",\"@id\":\"https:\\\/\\\/acninternational.org\\\/de\\\/der-besuch-des-papstes-im-suedsudan\\\/#primaryimage\",\"url\":\"https:\\\/\\\/media.acninternational.org\\\/wp-content\\\/uploads\\\/2022\\\/05\\\/heading-20-2.png\",\"contentUrl\":\"https:\\\/\\\/media.acninternational.org\\\/wp-content\\\/uploads\\\/2022\\\/05\\\/heading-20-2.png\",\"width\":2000,\"height\":625,\"caption\":\"Cristianos rezando el V\u00eda Crucis\"},{\"@type\":\"BreadcrumbList\",\"@id\":\"https:\\\/\\\/acninternational.org\\\/de\\\/der-besuch-des-papstes-im-suedsudan\\\/#breadcrumb\",\"itemListElement\":[{\"@type\":\"ListItem\",\"position\":1,\"name\":\"Home\",\"item\":\"https:\\\/\\\/acninternational.org\\\/de\\\/\"},{\"@type\":\"ListItem\",\"position\":2,\"name\":\"FEATURED\",\"item\":\"https:\\\/\\\/acninternational.org\\\/de\\\/category\\\/featured-de\\\/\"},{\"@type\":\"ListItem\",\"position\":3,\"name\":\"\u201eDer Besuch des Papstes wird sehr wichtig f\u00fcr den Frieden sein\u201c, erkl\u00e4rt eine Missionarin im S\u00fcdsudan\"}]},{\"@type\":\"WebSite\",\"@id\":\"https:\\\/\\\/acninternational.org\\\/de\\\/#website\",\"url\":\"https:\\\/\\\/acninternational.org\\\/de\\\/\",\"name\":\"ACN International\",\"description\":\"\",\"publisher\":{\"@id\":\"https:\\\/\\\/acninternational.org\\\/de\\\/#organization\"},\"potentialAction\":[{\"@type\":\"SearchAction\",\"target\":{\"@type\":\"EntryPoint\",\"urlTemplate\":\"https:\\\/\\\/acninternational.org\\\/de\\\/?s={search_term_string}\"},\"query-input\":{\"@type\":\"PropertyValueSpecification\",\"valueRequired\":true,\"valueName\":\"search_term_string\"}}],\"inLanguage\":\"de\"},{\"@type\":\"Organization\",\"@id\":\"https:\\\/\\\/acninternational.org\\\/de\\\/#organization\",\"name\":\"Aid to the Church in Need International\",\"url\":\"https:\\\/\\\/acninternational.org\\\/de\\\/\",\"logo\":{\"@type\":\"ImageObject\",\"inLanguage\":\"de\",\"@id\":\"https:\\\/\\\/acninternational.org\\\/de\\\/#\\\/schema\\\/logo\\\/image\\\/\",\"url\":\"https:\\\/\\\/media.acninternational.org\\\/wp-content\\\/uploads\\\/2019\\\/11\\\/acn_logo_blackvector.svg\",\"contentUrl\":\"https:\\\/\\\/media.acninternational.org\\\/wp-content\\\/uploads\\\/2019\\\/11\\\/acn_logo_blackvector.svg\",\"width\":232.6,\"height\":78,\"caption\":\"Aid to the Church in Need International\"},\"image\":{\"@id\":\"https:\\\/\\\/acninternational.org\\\/de\\\/#\\\/schema\\\/logo\\\/image\\\/\"},\"sameAs\":[\"https:\\\/\\\/www.facebook.com\\\/acninternationalorg\",\"https:\\\/\\\/x.com\\\/acn_int\",\"https:\\\/\\\/www.youtube.com\\\/channel\\\/UCQ-077gS0TnVzkhHmf1opZw\",\"https:\\\/\\\/www.instagram.com\\\/acn_international\\\/\"]},{\"@type\":\"Person\",\"@id\":\"https:\\\/\\\/acninternational.org\\\/de\\\/#\\\/schema\\\/person\\\/7f3dafb236b242fb2aa46be1411fd703\",\"name\":\"ACN Press Team\",\"description\":\"Lorem ipsum dolor sit amet, consectetur adipiscing elit, sed do eiusmod tempor incididunt ut labore et dolore magna aliqua. Ut enim ad minim veniam, quis nostrud exercitation ullamco laboris nisi ut aliquip ex ea commodo consequat.\",\"url\":\"https:\\\/\\\/acninternational.org\\\/de\\\/author\\\/acn-press-team\\\/\"}]}<\/script>\n<!-- \/ Yoast SEO Premium plugin. -->","yoast_head_json":{"title":"\u201eDer Besuch des Papstes wird sehr wichtig f\u00fcr den Frieden sein\u201c, erkl\u00e4rt eine Missionarin im S\u00fcdsudan | ACN International","description":"\u201eDer Papst, die christlichen Kirchen und alle christlichen geistlichen F\u00fchrer vor Ort, spielen eine sehr wichtige Rolle in S\u00fcdsudan.\u201c","robots":{"index":"index","follow":"follow","max-snippet":"max-snippet:-1","max-image-preview":"max-image-preview:large","max-video-preview":"max-video-preview:-1"},"canonical":"https:\/\/acninternational.org\/de\/der-besuch-des-papstes-im-suedsudan\/","og_locale":"de_DE","og_type":"article","og_title":"\u201eDer Besuch des Papstes wird sehr wichtig f\u00fcr den Frieden sein\u201c, erkl\u00e4rt eine Missionarin im S\u00fcdsudan","og_description":"\u201eDer Papst, die christlichen Kirchen und alle christlichen geistlichen F\u00fchrer vor Ort, spielen eine sehr wichtige Rolle in S\u00fcdsudan.\u201c","og_url":"https:\/\/acninternational.org\/de\/der-besuch-des-papstes-im-suedsudan\/","og_site_name":"ACN International","article_publisher":"https:\/\/www.facebook.com\/acninternationalorg","article_published_time":"2022-05-10T14:46:25+00:00","article_modified_time":"2022-05-10T15:04:29+00:00","og_image":[{"width":2000,"height":625,"url":"https:\/\/media.acninternational.org\/wp-content\/uploads\/2022\/05\/heading-20-2.png","type":"image\/png"}],"author":"ACN Press Team","twitter_card":"summary_large_image","twitter_creator":"@acn_int","twitter_site":"@acn_int","twitter_misc":{"Verfasst von":"ACN Press Team","Gesch\u00e4tzte Lesezeit":"4\u00a0Minuten"},"schema":{"@context":"https:\/\/schema.org","@graph":[{"@type":"Article","@id":"https:\/\/acninternational.org\/de\/der-besuch-des-papstes-im-suedsudan\/#article","isPartOf":{"@id":"https:\/\/acninternational.org\/de\/der-besuch-des-papstes-im-suedsudan\/"},"author":{"name":"ACN Press Team","@id":"https:\/\/acninternational.org\/de\/#\/schema\/person\/7f3dafb236b242fb2aa46be1411fd703"},"headline":"\u201eDer Besuch des Papstes wird sehr wichtig f\u00fcr den Frieden sein\u201c, erkl\u00e4rt eine Missionarin im S\u00fcdsudan","datePublished":"2022-05-10T14:46:25+00:00","dateModified":"2022-05-10T15:04:29+00:00","mainEntityOfPage":{"@id":"https:\/\/acninternational.org\/de\/der-besuch-des-papstes-im-suedsudan\/"},"wordCount":809,"publisher":{"@id":"https:\/\/acninternational.org\/de\/#organization"},"image":{"@id":"https:\/\/acninternational.org\/de\/der-besuch-des-papstes-im-suedsudan\/#primaryimage"},"thumbnailUrl":"https:\/\/media.acninternational.org\/wp-content\/uploads\/2022\/05\/heading-20-2.png","articleSection":["ART\u00cdCULO"],"inLanguage":"de"},{"@type":"WebPage","@id":"https:\/\/acninternational.org\/de\/der-besuch-des-papstes-im-suedsudan\/","url":"https:\/\/acninternational.org\/de\/der-besuch-des-papstes-im-suedsudan\/","name":"\u201eDer Besuch des Papstes wird sehr wichtig f\u00fcr den Frieden sein\u201c, erkl\u00e4rt eine Missionarin im S\u00fcdsudan | ACN International","isPartOf":{"@id":"https:\/\/acninternational.org\/de\/#website"},"primaryImageOfPage":{"@id":"https:\/\/acninternational.org\/de\/der-besuch-des-papstes-im-suedsudan\/#primaryimage"},"image":{"@id":"https:\/\/acninternational.org\/de\/der-besuch-des-papstes-im-suedsudan\/#primaryimage"},"thumbnailUrl":"https:\/\/media.acninternational.org\/wp-content\/uploads\/2022\/05\/heading-20-2.png","datePublished":"2022-05-10T14:46:25+00:00","dateModified":"2022-05-10T15:04:29+00:00","description":"\u201eDer Papst, die christlichen Kirchen und alle christlichen geistlichen F\u00fchrer vor Ort, spielen eine sehr wichtige Rolle in S\u00fcdsudan.\u201c","breadcrumb":{"@id":"https:\/\/acninternational.org\/de\/der-besuch-des-papstes-im-suedsudan\/#breadcrumb"},"inLanguage":"de","potentialAction":[{"@type":"ReadAction","target":["https:\/\/acninternational.org\/de\/der-besuch-des-papstes-im-suedsudan\/"]}]},{"@type":"ImageObject","inLanguage":"de","@id":"https:\/\/acninternational.org\/de\/der-besuch-des-papstes-im-suedsudan\/#primaryimage","url":"https:\/\/media.acninternational.org\/wp-content\/uploads\/2022\/05\/heading-20-2.png","contentUrl":"https:\/\/media.acninternational.org\/wp-content\/uploads\/2022\/05\/heading-20-2.png","width":2000,"height":625,"caption":"Cristianos rezando el V\u00eda Crucis"},{"@type":"BreadcrumbList","@id":"https:\/\/acninternational.org\/de\/der-besuch-des-papstes-im-suedsudan\/#breadcrumb","itemListElement":[{"@type":"ListItem","position":1,"name":"Home","item":"https:\/\/acninternational.org\/de\/"},{"@type":"ListItem","position":2,"name":"FEATURED","item":"https:\/\/acninternational.org\/de\/category\/featured-de\/"},{"@type":"ListItem","position":3,"name":"\u201eDer Besuch des Papstes wird sehr wichtig f\u00fcr den Frieden sein\u201c, erkl\u00e4rt eine Missionarin im S\u00fcdsudan"}]},{"@type":"WebSite","@id":"https:\/\/acninternational.org\/de\/#website","url":"https:\/\/acninternational.org\/de\/","name":"ACN International","description":"","publisher":{"@id":"https:\/\/acninternational.org\/de\/#organization"},"potentialAction":[{"@type":"SearchAction","target":{"@type":"EntryPoint","urlTemplate":"https:\/\/acninternational.org\/de\/?s={search_term_string}"},"query-input":{"@type":"PropertyValueSpecification","valueRequired":true,"valueName":"search_term_string"}}],"inLanguage":"de"},{"@type":"Organization","@id":"https:\/\/acninternational.org\/de\/#organization","name":"Aid to the Church in Need International","url":"https:\/\/acninternational.org\/de\/","logo":{"@type":"ImageObject","inLanguage":"de","@id":"https:\/\/acninternational.org\/de\/#\/schema\/logo\/image\/","url":"https:\/\/media.acninternational.org\/wp-content\/uploads\/2019\/11\/acn_logo_blackvector.svg","contentUrl":"https:\/\/media.acninternational.org\/wp-content\/uploads\/2019\/11\/acn_logo_blackvector.svg","width":232.6,"height":78,"caption":"Aid to the Church in Need International"},"image":{"@id":"https:\/\/acninternational.org\/de\/#\/schema\/logo\/image\/"},"sameAs":["https:\/\/www.facebook.com\/acninternationalorg","https:\/\/x.com\/acn_int","https:\/\/www.youtube.com\/channel\/UCQ-077gS0TnVzkhHmf1opZw","https:\/\/www.instagram.com\/acn_international\/"]},{"@type":"Person","@id":"https:\/\/acninternational.org\/de\/#\/schema\/person\/7f3dafb236b242fb2aa46be1411fd703","name":"ACN Press Team","description":"Lorem ipsum dolor sit amet, consectetur adipiscing elit, sed do eiusmod tempor incididunt ut labore et dolore magna aliqua. Ut enim ad minim veniam, quis nostrud exercitation ullamco laboris nisi ut aliquip ex ea commodo consequat.","url":"https:\/\/acninternational.org\/de\/author\/acn-press-team\/"}]}},"_links":{"self":[{"href":"https:\/\/acninternational.org\/de\/wp-json\/wp\/v2\/posts\/170177","targetHints":{"allow":["GET"]}}],"collection":[{"href":"https:\/\/acninternational.org\/de\/wp-json\/wp\/v2\/posts"}],"about":[{"href":"https:\/\/acninternational.org\/de\/wp-json\/wp\/v2\/types\/post"}],"author":[{"embeddable":true,"href":"https:\/\/acninternational.org\/de\/wp-json\/wp\/v2\/users\/4258341447"}],"replies":[{"embeddable":true,"href":"https:\/\/acninternational.org\/de\/wp-json\/wp\/v2\/comments?post=170177"}],"version-history":[{"count":0,"href":"https:\/\/acninternational.org\/de\/wp-json\/wp\/v2\/posts\/170177\/revisions"}],"wp:featuredmedia":[{"embeddable":true,"href":"https:\/\/acninternational.org\/de\/wp-json\/wp\/v2\/media\/170163"}],"wp:attachment":[{"href":"https:\/\/acninternational.org\/de\/wp-json\/wp\/v2\/media?parent=170177"}],"wp:term":[{"taxonomy":"category","embeddable":true,"href":"https:\/\/acninternational.org\/de\/wp-json\/wp\/v2\/categories?post=170177"},{"taxonomy":"post_tag","embeddable":true,"href":"https:\/\/acninternational.org\/de\/wp-json\/wp\/v2\/tags?post=170177"},{"taxonomy":"country","embeddable":true,"href":"https:\/\/acninternational.org\/de\/wp-json\/wp\/v2\/country?post=170177"}],"curies":[{"name":"wp","href":"https:\/\/api.w.org\/{rel}","templated":true}]}}