{"id":169960,"date":"2022-05-06T05:42:47","date_gmt":"2022-05-06T03:42:47","guid":{"rendered":"https:\/\/acninternational.org\/?p=169960"},"modified":"2022-05-06T05:42:52","modified_gmt":"2022-05-06T03:42:52","slug":"zu-unrecht-der-blasphemie-beschuldigt-verbrachte-ich-acht-jahre-im-todestrakt","status":"publish","type":"post","link":"https:\/\/acninternational.org\/de\/zu-unrecht-der-blasphemie-beschuldigt-verbrachte-ich-acht-jahre-im-todestrakt\/","title":{"rendered":"\u201eZu Unrecht der Blasphemie beschuldigt, verbrachte ich acht Jahre im Todestrakt\u201c"},"content":{"rendered":"<p><em>Shagufta und Shafqat Emmanuel, katholische Eheleute aus Mian Channu, einer kleinen Stadt 155 Meilen s\u00fcdlich von Lahore, Pakistan, wurden im Juli 2013 unter der falschen Anklage der Blasphemie verhaftet. Nach acht Jahren in der Todeszelle, getrennt voneinander und von ihren vier Kindern, wurden sie schlie\u00dflich am 3. Juni 2021 vom Obersten Gerichtshof in Lahore wieder auf freien Fu\u00df gesetzt. Endlich frei, erz\u00e4hlt Shagufta ACN ihre Geschichte in ihren eigenen Worten.<\/em><\/p>\n<p>\u201eIch wurde in eine sehr gl\u00e4ubige christliche Familie hineingeboren, besuchte regelm\u00e4\u00dfig die Messe und empfing die Kommunion. Ich war immer ganz erpicht darauf, zum Katechismus-Unterricht zu gehen und darauf, den Rosenkranz zu beten. Mein Vater und meine Mutter lehrten mich und meine sechs Geschwister, stark im Glauben zu sein und auf jegliche Opfer und Verfolgungen vorbereitet zu sein.<\/p>\n<p><img loading=\"lazy\" decoding=\"async\" class=\"aligncenter size-full wp-image-169943\" src=\"https:\/\/media.acninternational.org\/wp-content\/uploads\/2022\/05\/ACN-20210604-113716.jpeg\" alt=\"\" width=\"460\" height=\"225\" srcset=\"https:\/\/media.acninternational.org\/wp-content\/uploads\/2022\/05\/ACN-20210604-113716.jpeg 460w, https:\/\/media.acninternational.org\/wp-content\/uploads\/2022\/05\/ACN-20210604-113716-300x147.jpeg 300w\" sizes=\"auto, (max-width: 460px) 100vw, 460px\" \/><\/p>\n<p>Die meisten Familien in unserem Dorf waren muslimisch, aber es gab auch etliche Christen. Wir hatten sehr freundliche Beziehungen zu den Muslimen. Ich erinnere mich daran, dass ich mit muslimischen M\u00e4dchen spielte, wir uns gegenseitig zu Hause besuchten und zu Weihnachten und zum Fest des Fastenbrechens Eid al-Fitr Gl\u00fcckw\u00fcnsche aussprachen und S\u00fc\u00dfigkeiten schenkten. Auch meine Br\u00fcder hatten sehr gute muslimische Freunde. Ich kann mich nicht daran erinnern, dass es je einen Streit oder eine Auseinandersetzung im Namen der Religion gab.<\/p>\n<p>Einige Jahre nach meiner Heirat mit Shafqat Emmanuel zogen wir nach Gojra und mein Mann fand dort eine Arbeit. Tragischerweise wurde er vor etwa zw\u00f6lf Jahren von einer verirrten Kugel getroffen, als er versuchte, einen Streit zu schlichten; seitdem ist er gel\u00e4hmt. Das Leben danach war hart, doch wir hatten Gl\u00fcck und fanden beide eine Arbeit an der St. John\u2018s High School in Gojra. Im Anschluss an die Stunden in der Schule reparierte mein Mann Handys, um etwas Geld f\u00fcr die Familie dazuzuverdienen.<\/p>\n<p>Eines Tages, im Juli 2013, sahen wir zu unserem Entsetzen mehrere Polizeiwagen mit Dutzenden Beamten vorfahren. Sie st\u00fcrmten unser Haus und verhafteten meinen Mann und mich unter dem Vorwurf der Gottesl\u00e4sterung, weil eine beleidigende Textnachricht \u00fcber Mohammed \u00fcber unsere Handy-SIM-Karte verschickt worden war. Das Telefon war auf meinen Namen registriert und wurde auch von meinem Mann benutzt. Die beleidigende Nachricht warn auf Englisch verfasst, einer Sprache, die weder mein Mann noch ich sprechen oder lesen k\u00f6nnen. Wir wurden eine Nacht lang in Polizeigewahrsam festgehalten und am n\u00e4chsten Tag brachte man uns ins Gef\u00e4ngnis.<\/p>\n<p><img loading=\"lazy\" decoding=\"async\" class=\"aligncenter size-large wp-image-169949\" src=\"https:\/\/media.acninternational.org\/wp-content\/uploads\/2022\/05\/20120410_009-683x1024.jpeg\" alt=\"\" width=\"683\" height=\"1024\" srcset=\"https:\/\/media.acninternational.org\/wp-content\/uploads\/2022\/05\/20120410_009-683x1024.jpeg 683w, https:\/\/media.acninternational.org\/wp-content\/uploads\/2022\/05\/20120410_009-200x300.jpeg 200w, https:\/\/media.acninternational.org\/wp-content\/uploads\/2022\/05\/20120410_009-768x1152.jpeg 768w, https:\/\/media.acninternational.org\/wp-content\/uploads\/2022\/05\/20120410_009-1024x1536.jpeg 1024w, https:\/\/media.acninternational.org\/wp-content\/uploads\/2022\/05\/20120410_009.jpeg 1280w\" sizes=\"auto, (max-width: 683px) 100vw, 683px\" \/><\/p>\n<p>Im Gef\u00e4ngnis wurden wir gefoltert. Die Beamten sagten meinem Mann, dass sie mich vor seinen Augen vergewaltigen w\u00fcrden, wenn er nicht gestand, also tat er es, obwohl wir beide unschuldig waren.<\/p>\n<p>Acht Monate waren wir im Gef\u00e4ngnis, bevor ein Richter uns f\u00fcr schuldig befand und zum Tode verurteilte. Unser Anwalt durfte sein Schlusspl\u00e4doyer nicht zu Ende f\u00fchren, keiner von uns wurde angeh\u00f6rt. Ich wurde ohnm\u00e4chtig, als ich das Todesurteil h\u00f6rte. Die Verurteilung war ein schwerer Schlag f\u00fcr uns und unsere Familie und schockierte die gesamte christliche Gemeinschaft in Pakistan und anderswo.<\/p>\n<p>Shafqat wurde in das Gef\u00e4ngnis von Faisalabad \u00fcberf\u00fchrt, w\u00e4hrend ich in eine Zelle im Todestrakt in Multan gebracht wurde. Acht lange Jahre sa\u00dfen wir in der Todeszelle. Sie k\u00f6nnen sich vorstellen, wie schwer das f\u00fcr meine Kinder war. Meine S\u00f6hne waren damals 13, zehn und sieben Jahre alt und meine Tochter war erst f\u00fcnf. Sie mussten st\u00e4ndig umziehen und verbrachten ihre Zeit damit, sich vor muslimischen Fundamentalisten zu verstecken, die drohten, sie anzugreifen; nur alle f\u00fcnf oder sechs Monate besuchten sie mich f\u00fcr etwa 20 bis 30 Minuten. Ich weinte jeden Tag, weil ich nicht bei meinen Kindern sein konnte. Mein Leben war schrecklich, und ich dachte st\u00e4ndig daran, dass mein Mann und ich eines Tages geh\u00e4ngt w\u00fcrden.<\/p>\n<p>Doch trotz all dieser be\u00e4ngstigenden Albtr\u00e4ume verlor ich nie die Hoffnung und meinen Glauben. Ich betete t\u00e4glich, ohne einen Tag auszulassen. Ich las die Bibel und sang Psalmen und Hymnen auf Urdu und Punjabi und das gab mir sehr viel Trost. Nie verlor ich den Glauben und die Hoffnung, dass mein lebendiger Herr Jesus Christus, der den Tod besiegt hat und am dritten Tag von den Toten auferstanden ist, uns befreien und mich vom Tod bewahren w\u00fcrde, da mein Mann und ich unschuldig waren.<\/p>\n<p>Mehrmals sagte man mir, mein Todesurteil w\u00fcrde in lebenslange Haft umgewandelt, wenn ich zum Islam konvertierte, und irgendwann lie\u00dfe man mich dann frei. Ich habe immer Nein gesagt. Der auferstandene Herr Jesus Christus ist mein Leben und mein Erl\u00f6ser. Er hat sein Leben f\u00fcr mich geopfert, obwohl ich eine S\u00fcnderin bin. Nie und nimmer werde ich meine Religion wechseln und zum Islam konvertieren. Lieber werde ich geh\u00e4ngt, als Jesus Christus zu verleugnen.<\/p>\n<p>Mittlerweile zeigte sich die Wirkung g\u00f6ttlicher Intervention, denn im Europ\u00e4ischen Parlament, in Menschenrechtsorganisationen auf der ganzen Welt wie auch in der katholischen Kirche und bei Aid to the Church in Need wurden Stimmen laut, die sich gegen unseren unfairen Prozess und unsere Verurteilung wandten. Sie beteten f\u00fcr unsere Freilassung und boten uns moralischen und geistlichen Beistand an. Mein Mann und ich werden all unseren Unterst\u00fctzern stets dankbar sein. Herzlichen Dank! Gott segne sie alle!<\/p>\n<p>Eine Zeit lang war Asia Bibi, die ebenfalls unter der falschen Anklage der Blasphemie zum Tode verurteilt worden war, meine Nachbarin in der Todeszelle in Multan. Immer wenn wir uns trafen, beteten wir gemeinsam, tr\u00f6steten uns gegenseitig und erneuerten unseren festen Glauben an Jesus Christus. Zur Weihnachtszeit teilten wir Kuchen mit anderen muslimischen und christlichen Gef\u00e4ngnisinsassinnen.<\/p>\n<p>Als ich h\u00f6rte, dass Asia freigelassen wurde, freute ich mich von ganzem Herzen und war \u00fcberzeugt, dass auch ich eines Tages wieder frei sein w\u00fcrde. Und schlie\u00dflich geschah es \u2013 man lie\u00df mein Mann und mich frei. Doch leider konnten Shafqat und ich, ebenso wie Asia Bibi, nicht mit unserer Familie in Pakistan bleiben, sondern mussten Asyl beantragen und uns in einem anderen Land niederlassen, weil fanatische und extremistische Muslime darauf aus waren, uns zu t\u00f6ten, wenn wir in Pakistan blieben.<\/p>\n<p><img loading=\"lazy\" decoding=\"async\" class=\"aligncenter size-large wp-image-169955\" src=\"https:\/\/media.acninternational.org\/wp-content\/uploads\/2022\/05\/ACN-20220502-127696-683x1024.jpeg\" alt=\"\" width=\"683\" height=\"1024\" srcset=\"https:\/\/media.acninternational.org\/wp-content\/uploads\/2022\/05\/ACN-20220502-127696-683x1024.jpeg 683w, https:\/\/media.acninternational.org\/wp-content\/uploads\/2022\/05\/ACN-20220502-127696-200x300.jpeg 200w, https:\/\/media.acninternational.org\/wp-content\/uploads\/2022\/05\/ACN-20220502-127696-768x1152.jpeg 768w, https:\/\/media.acninternational.org\/wp-content\/uploads\/2022\/05\/ACN-20220502-127696-1024x1536.jpeg 1024w, https:\/\/media.acninternational.org\/wp-content\/uploads\/2022\/05\/ACN-20220502-127696.jpeg 1080w\" sizes=\"auto, (max-width: 683px) 100vw, 683px\" \/><\/p>\n<p>Wir sind jedoch sehr froh, dass ein europ\u00e4isches Land uns Asyl gew\u00e4hrt hat und unsere Familie nun wieder vereint ist. Hier sind wir in Sicherheit und k\u00f6nnen unsere Religion frei aus\u00fcben.<\/p>\n<p>Ich hoffe und bete, dass derartige falsche Blasphemie-Anschuldigungen, die oft nur aus pers\u00f6nlichen Gr\u00fcnden oder aufgrund von Zwistigkeiten erhoben werden, in Pakistan aufh\u00f6ren und dass diejenigen bestraft werden, die f\u00fcr schuldig befunden werden, andere f\u00e4lschlich beschuldigt zu haben.<\/p>\n<p>Alles Lob und alle Ehre geb\u00fchren meinem lebendigen Herrn Jesus Christus und meinem barmherzigen Gott, der ein gerechter Gott ist.\u201c<\/p>\n","protected":false},"excerpt":{"rendered":"<p>Shagufta und Shafqat Emmanuel, katholische Eheleute aus Mian Channu, einer kleinen Stadt 155 Meilen s\u00fcdlich von Lahore, Pakistan, wurden im<\/p>\n","protected":false},"author":4258341447,"featured_media":169937,"comment_status":"closed","ping_status":"closed","sticky":false,"template":"","format":"standard","meta":{"_acf_changed":false,"_acn_coauthor_ids":[],"footnotes":""},"categories":[954],"tags":[],"country":[104],"class_list":["post-169960","post","type-post","status-publish","format-standard","has-post-thumbnail","hentry","category-news-de","country-pakistan"],"acn_coauthors":[],"acf":[],"yoast_head":"<!-- This site is optimized with the Yoast SEO Premium plugin v27.3 (Yoast SEO v27.3) - https:\/\/yoast.com\/product\/yoast-seo-premium-wordpress\/ -->\n<title>\u201eZu Unrecht der Blasphemie beschuldigt, verbrachte ich acht Jahre im Todestrakt\u201c | ACN International<\/title>\n<meta name=\"robots\" content=\"index, follow, max-snippet:-1, max-image-preview:large, max-video-preview:-1\" \/>\n<link rel=\"canonical\" href=\"https:\/\/acninternational.org\/de\/zu-unrecht-der-blasphemie-beschuldigt-verbrachte-ich-acht-jahre-im-todestrakt\/\" \/>\n<meta property=\"og:locale\" content=\"de_DE\" \/>\n<meta property=\"og:type\" content=\"article\" \/>\n<meta property=\"og:title\" content=\"\u201eZu Unrecht der Blasphemie beschuldigt, verbrachte ich acht Jahre im Todestrakt\u201c\" \/>\n<meta property=\"og:description\" content=\"Shagufta und Shafqat Emmanuel, katholische Eheleute aus Mian Channu, einer kleinen Stadt 155 Meilen s\u00fcdlich von Lahore, Pakistan, wurden im\" \/>\n<meta property=\"og:url\" content=\"https:\/\/acninternational.org\/de\/zu-unrecht-der-blasphemie-beschuldigt-verbrachte-ich-acht-jahre-im-todestrakt\/\" \/>\n<meta property=\"og:site_name\" content=\"ACN International\" \/>\n<meta property=\"article:publisher\" content=\"https:\/\/www.facebook.com\/acninternationalorg\" \/>\n<meta property=\"article:published_time\" content=\"2022-05-06T03:42:47+00:00\" \/>\n<meta property=\"article:modified_time\" content=\"2022-05-06T03:42:52+00:00\" \/>\n<meta property=\"og:image\" content=\"https:\/\/media.acninternational.org\/wp-content\/uploads\/2022\/05\/ACN-20220502-127695.jpeg\" \/>\n\t<meta property=\"og:image:width\" content=\"1920\" \/>\n\t<meta property=\"og:image:height\" content=\"700\" \/>\n\t<meta property=\"og:image:type\" content=\"image\/jpeg\" \/>\n<meta name=\"author\" content=\"ACN Press Team\" \/>\n<meta name=\"twitter:card\" content=\"summary_large_image\" \/>\n<meta name=\"twitter:creator\" content=\"@acn_int\" \/>\n<meta name=\"twitter:site\" content=\"@acn_int\" \/>\n<meta name=\"twitter:label1\" content=\"Verfasst von\" \/>\n\t<meta name=\"twitter:data1\" content=\"ACN Press Team\" \/>\n\t<meta name=\"twitter:label2\" content=\"Gesch\u00e4tzte Lesezeit\" \/>\n\t<meta name=\"twitter:data2\" content=\"6\u00a0Minuten\" \/>\n<script type=\"application\/ld+json\" class=\"yoast-schema-graph\">{\"@context\":\"https:\\\/\\\/schema.org\",\"@graph\":[{\"@type\":\"Article\",\"@id\":\"https:\\\/\\\/acninternational.org\\\/de\\\/zu-unrecht-der-blasphemie-beschuldigt-verbrachte-ich-acht-jahre-im-todestrakt\\\/#article\",\"isPartOf\":{\"@id\":\"https:\\\/\\\/acninternational.org\\\/de\\\/zu-unrecht-der-blasphemie-beschuldigt-verbrachte-ich-acht-jahre-im-todestrakt\\\/\"},\"author\":{\"name\":\"ACN Press Team\",\"@id\":\"https:\\\/\\\/acninternational.org\\\/de\\\/#\\\/schema\\\/person\\\/7f3dafb236b242fb2aa46be1411fd703\"},\"headline\":\"\u201eZu Unrecht der Blasphemie beschuldigt, verbrachte ich acht Jahre im Todestrakt\u201c\",\"datePublished\":\"2022-05-06T03:42:47+00:00\",\"dateModified\":\"2022-05-06T03:42:52+00:00\",\"mainEntityOfPage\":{\"@id\":\"https:\\\/\\\/acninternational.org\\\/de\\\/zu-unrecht-der-blasphemie-beschuldigt-verbrachte-ich-acht-jahre-im-todestrakt\\\/\"},\"wordCount\":1125,\"publisher\":{\"@id\":\"https:\\\/\\\/acninternational.org\\\/de\\\/#organization\"},\"image\":{\"@id\":\"https:\\\/\\\/acninternational.org\\\/de\\\/zu-unrecht-der-blasphemie-beschuldigt-verbrachte-ich-acht-jahre-im-todestrakt\\\/#primaryimage\"},\"thumbnailUrl\":\"https:\\\/\\\/media.acninternational.org\\\/wp-content\\\/uploads\\\/2022\\\/05\\\/ACN-20220502-127695.jpeg\",\"articleSection\":[\"Nachricht\"],\"inLanguage\":\"de\"},{\"@type\":\"WebPage\",\"@id\":\"https:\\\/\\\/acninternational.org\\\/de\\\/zu-unrecht-der-blasphemie-beschuldigt-verbrachte-ich-acht-jahre-im-todestrakt\\\/\",\"url\":\"https:\\\/\\\/acninternational.org\\\/de\\\/zu-unrecht-der-blasphemie-beschuldigt-verbrachte-ich-acht-jahre-im-todestrakt\\\/\",\"name\":\"\u201eZu Unrecht der Blasphemie beschuldigt, verbrachte ich acht Jahre im Todestrakt\u201c | ACN International\",\"isPartOf\":{\"@id\":\"https:\\\/\\\/acninternational.org\\\/de\\\/#website\"},\"primaryImageOfPage\":{\"@id\":\"https:\\\/\\\/acninternational.org\\\/de\\\/zu-unrecht-der-blasphemie-beschuldigt-verbrachte-ich-acht-jahre-im-todestrakt\\\/#primaryimage\"},\"image\":{\"@id\":\"https:\\\/\\\/acninternational.org\\\/de\\\/zu-unrecht-der-blasphemie-beschuldigt-verbrachte-ich-acht-jahre-im-todestrakt\\\/#primaryimage\"},\"thumbnailUrl\":\"https:\\\/\\\/media.acninternational.org\\\/wp-content\\\/uploads\\\/2022\\\/05\\\/ACN-20220502-127695.jpeg\",\"datePublished\":\"2022-05-06T03:42:47+00:00\",\"dateModified\":\"2022-05-06T03:42:52+00:00\",\"breadcrumb\":{\"@id\":\"https:\\\/\\\/acninternational.org\\\/de\\\/zu-unrecht-der-blasphemie-beschuldigt-verbrachte-ich-acht-jahre-im-todestrakt\\\/#breadcrumb\"},\"inLanguage\":\"de\",\"potentialAction\":[{\"@type\":\"ReadAction\",\"target\":[\"https:\\\/\\\/acninternational.org\\\/de\\\/zu-unrecht-der-blasphemie-beschuldigt-verbrachte-ich-acht-jahre-im-todestrakt\\\/\"]}]},{\"@type\":\"ImageObject\",\"inLanguage\":\"de\",\"@id\":\"https:\\\/\\\/acninternational.org\\\/de\\\/zu-unrecht-der-blasphemie-beschuldigt-verbrachte-ich-acht-jahre-im-todestrakt\\\/#primaryimage\",\"url\":\"https:\\\/\\\/media.acninternational.org\\\/wp-content\\\/uploads\\\/2022\\\/05\\\/ACN-20220502-127695.jpeg\",\"contentUrl\":\"https:\\\/\\\/media.acninternational.org\\\/wp-content\\\/uploads\\\/2022\\\/05\\\/ACN-20220502-127695.jpeg\",\"width\":1920,\"height\":700},{\"@type\":\"BreadcrumbList\",\"@id\":\"https:\\\/\\\/acninternational.org\\\/de\\\/zu-unrecht-der-blasphemie-beschuldigt-verbrachte-ich-acht-jahre-im-todestrakt\\\/#breadcrumb\",\"itemListElement\":[{\"@type\":\"ListItem\",\"position\":1,\"name\":\"Home\",\"item\":\"https:\\\/\\\/acninternational.org\\\/de\\\/\"},{\"@type\":\"ListItem\",\"position\":2,\"name\":\"Nachricht\",\"item\":\"https:\\\/\\\/acninternational.org\\\/de\\\/category\\\/news-de\\\/\"},{\"@type\":\"ListItem\",\"position\":3,\"name\":\"\u201eZu Unrecht der Blasphemie beschuldigt, verbrachte ich acht Jahre im Todestrakt\u201c\"}]},{\"@type\":\"WebSite\",\"@id\":\"https:\\\/\\\/acninternational.org\\\/de\\\/#website\",\"url\":\"https:\\\/\\\/acninternational.org\\\/de\\\/\",\"name\":\"ACN International\",\"description\":\"\",\"publisher\":{\"@id\":\"https:\\\/\\\/acninternational.org\\\/de\\\/#organization\"},\"potentialAction\":[{\"@type\":\"SearchAction\",\"target\":{\"@type\":\"EntryPoint\",\"urlTemplate\":\"https:\\\/\\\/acninternational.org\\\/de\\\/?s={search_term_string}\"},\"query-input\":{\"@type\":\"PropertyValueSpecification\",\"valueRequired\":true,\"valueName\":\"search_term_string\"}}],\"inLanguage\":\"de\"},{\"@type\":\"Organization\",\"@id\":\"https:\\\/\\\/acninternational.org\\\/de\\\/#organization\",\"name\":\"Aid to the Church in Need International\",\"url\":\"https:\\\/\\\/acninternational.org\\\/de\\\/\",\"logo\":{\"@type\":\"ImageObject\",\"inLanguage\":\"de\",\"@id\":\"https:\\\/\\\/acninternational.org\\\/de\\\/#\\\/schema\\\/logo\\\/image\\\/\",\"url\":\"https:\\\/\\\/media.acninternational.org\\\/wp-content\\\/uploads\\\/2019\\\/11\\\/acn_logo_blackvector.svg\",\"contentUrl\":\"https:\\\/\\\/media.acninternational.org\\\/wp-content\\\/uploads\\\/2019\\\/11\\\/acn_logo_blackvector.svg\",\"width\":232.6,\"height\":78,\"caption\":\"Aid to the Church in Need International\"},\"image\":{\"@id\":\"https:\\\/\\\/acninternational.org\\\/de\\\/#\\\/schema\\\/logo\\\/image\\\/\"},\"sameAs\":[\"https:\\\/\\\/www.facebook.com\\\/acninternationalorg\",\"https:\\\/\\\/x.com\\\/acn_int\",\"https:\\\/\\\/www.youtube.com\\\/channel\\\/UCQ-077gS0TnVzkhHmf1opZw\",\"https:\\\/\\\/www.instagram.com\\\/acn_international\\\/\"]},{\"@type\":\"Person\",\"@id\":\"https:\\\/\\\/acninternational.org\\\/de\\\/#\\\/schema\\\/person\\\/7f3dafb236b242fb2aa46be1411fd703\",\"name\":\"ACN Press Team\",\"description\":\"Lorem ipsum dolor sit amet, consectetur adipiscing elit, sed do eiusmod tempor incididunt ut labore et dolore magna aliqua. Ut enim ad minim veniam, quis nostrud exercitation ullamco laboris nisi ut aliquip ex ea commodo consequat.\",\"url\":\"https:\\\/\\\/acninternational.org\\\/de\\\/author\\\/acn-press-team\\\/\"}]}<\/script>\n<!-- \/ Yoast SEO Premium plugin. -->","yoast_head_json":{"title":"\u201eZu Unrecht der Blasphemie beschuldigt, verbrachte ich acht Jahre im Todestrakt\u201c | ACN International","robots":{"index":"index","follow":"follow","max-snippet":"max-snippet:-1","max-image-preview":"max-image-preview:large","max-video-preview":"max-video-preview:-1"},"canonical":"https:\/\/acninternational.org\/de\/zu-unrecht-der-blasphemie-beschuldigt-verbrachte-ich-acht-jahre-im-todestrakt\/","og_locale":"de_DE","og_type":"article","og_title":"\u201eZu Unrecht der Blasphemie beschuldigt, verbrachte ich acht Jahre im Todestrakt\u201c","og_description":"Shagufta und Shafqat Emmanuel, katholische Eheleute aus Mian Channu, einer kleinen Stadt 155 Meilen s\u00fcdlich von Lahore, Pakistan, wurden im","og_url":"https:\/\/acninternational.org\/de\/zu-unrecht-der-blasphemie-beschuldigt-verbrachte-ich-acht-jahre-im-todestrakt\/","og_site_name":"ACN International","article_publisher":"https:\/\/www.facebook.com\/acninternationalorg","article_published_time":"2022-05-06T03:42:47+00:00","article_modified_time":"2022-05-06T03:42:52+00:00","og_image":[{"width":1920,"height":700,"url":"https:\/\/media.acninternational.org\/wp-content\/uploads\/2022\/05\/ACN-20220502-127695.jpeg","type":"image\/jpeg"}],"author":"ACN Press Team","twitter_card":"summary_large_image","twitter_creator":"@acn_int","twitter_site":"@acn_int","twitter_misc":{"Verfasst von":"ACN Press Team","Gesch\u00e4tzte Lesezeit":"6\u00a0Minuten"},"schema":{"@context":"https:\/\/schema.org","@graph":[{"@type":"Article","@id":"https:\/\/acninternational.org\/de\/zu-unrecht-der-blasphemie-beschuldigt-verbrachte-ich-acht-jahre-im-todestrakt\/#article","isPartOf":{"@id":"https:\/\/acninternational.org\/de\/zu-unrecht-der-blasphemie-beschuldigt-verbrachte-ich-acht-jahre-im-todestrakt\/"},"author":{"name":"ACN Press Team","@id":"https:\/\/acninternational.org\/de\/#\/schema\/person\/7f3dafb236b242fb2aa46be1411fd703"},"headline":"\u201eZu Unrecht der Blasphemie beschuldigt, verbrachte ich acht Jahre im Todestrakt\u201c","datePublished":"2022-05-06T03:42:47+00:00","dateModified":"2022-05-06T03:42:52+00:00","mainEntityOfPage":{"@id":"https:\/\/acninternational.org\/de\/zu-unrecht-der-blasphemie-beschuldigt-verbrachte-ich-acht-jahre-im-todestrakt\/"},"wordCount":1125,"publisher":{"@id":"https:\/\/acninternational.org\/de\/#organization"},"image":{"@id":"https:\/\/acninternational.org\/de\/zu-unrecht-der-blasphemie-beschuldigt-verbrachte-ich-acht-jahre-im-todestrakt\/#primaryimage"},"thumbnailUrl":"https:\/\/media.acninternational.org\/wp-content\/uploads\/2022\/05\/ACN-20220502-127695.jpeg","articleSection":["Nachricht"],"inLanguage":"de"},{"@type":"WebPage","@id":"https:\/\/acninternational.org\/de\/zu-unrecht-der-blasphemie-beschuldigt-verbrachte-ich-acht-jahre-im-todestrakt\/","url":"https:\/\/acninternational.org\/de\/zu-unrecht-der-blasphemie-beschuldigt-verbrachte-ich-acht-jahre-im-todestrakt\/","name":"\u201eZu Unrecht der Blasphemie beschuldigt, verbrachte ich acht Jahre im Todestrakt\u201c | ACN International","isPartOf":{"@id":"https:\/\/acninternational.org\/de\/#website"},"primaryImageOfPage":{"@id":"https:\/\/acninternational.org\/de\/zu-unrecht-der-blasphemie-beschuldigt-verbrachte-ich-acht-jahre-im-todestrakt\/#primaryimage"},"image":{"@id":"https:\/\/acninternational.org\/de\/zu-unrecht-der-blasphemie-beschuldigt-verbrachte-ich-acht-jahre-im-todestrakt\/#primaryimage"},"thumbnailUrl":"https:\/\/media.acninternational.org\/wp-content\/uploads\/2022\/05\/ACN-20220502-127695.jpeg","datePublished":"2022-05-06T03:42:47+00:00","dateModified":"2022-05-06T03:42:52+00:00","breadcrumb":{"@id":"https:\/\/acninternational.org\/de\/zu-unrecht-der-blasphemie-beschuldigt-verbrachte-ich-acht-jahre-im-todestrakt\/#breadcrumb"},"inLanguage":"de","potentialAction":[{"@type":"ReadAction","target":["https:\/\/acninternational.org\/de\/zu-unrecht-der-blasphemie-beschuldigt-verbrachte-ich-acht-jahre-im-todestrakt\/"]}]},{"@type":"ImageObject","inLanguage":"de","@id":"https:\/\/acninternational.org\/de\/zu-unrecht-der-blasphemie-beschuldigt-verbrachte-ich-acht-jahre-im-todestrakt\/#primaryimage","url":"https:\/\/media.acninternational.org\/wp-content\/uploads\/2022\/05\/ACN-20220502-127695.jpeg","contentUrl":"https:\/\/media.acninternational.org\/wp-content\/uploads\/2022\/05\/ACN-20220502-127695.jpeg","width":1920,"height":700},{"@type":"BreadcrumbList","@id":"https:\/\/acninternational.org\/de\/zu-unrecht-der-blasphemie-beschuldigt-verbrachte-ich-acht-jahre-im-todestrakt\/#breadcrumb","itemListElement":[{"@type":"ListItem","position":1,"name":"Home","item":"https:\/\/acninternational.org\/de\/"},{"@type":"ListItem","position":2,"name":"Nachricht","item":"https:\/\/acninternational.org\/de\/category\/news-de\/"},{"@type":"ListItem","position":3,"name":"\u201eZu Unrecht der Blasphemie beschuldigt, verbrachte ich acht Jahre im Todestrakt\u201c"}]},{"@type":"WebSite","@id":"https:\/\/acninternational.org\/de\/#website","url":"https:\/\/acninternational.org\/de\/","name":"ACN International","description":"","publisher":{"@id":"https:\/\/acninternational.org\/de\/#organization"},"potentialAction":[{"@type":"SearchAction","target":{"@type":"EntryPoint","urlTemplate":"https:\/\/acninternational.org\/de\/?s={search_term_string}"},"query-input":{"@type":"PropertyValueSpecification","valueRequired":true,"valueName":"search_term_string"}}],"inLanguage":"de"},{"@type":"Organization","@id":"https:\/\/acninternational.org\/de\/#organization","name":"Aid to the Church in Need International","url":"https:\/\/acninternational.org\/de\/","logo":{"@type":"ImageObject","inLanguage":"de","@id":"https:\/\/acninternational.org\/de\/#\/schema\/logo\/image\/","url":"https:\/\/media.acninternational.org\/wp-content\/uploads\/2019\/11\/acn_logo_blackvector.svg","contentUrl":"https:\/\/media.acninternational.org\/wp-content\/uploads\/2019\/11\/acn_logo_blackvector.svg","width":232.6,"height":78,"caption":"Aid to the Church in Need International"},"image":{"@id":"https:\/\/acninternational.org\/de\/#\/schema\/logo\/image\/"},"sameAs":["https:\/\/www.facebook.com\/acninternationalorg","https:\/\/x.com\/acn_int","https:\/\/www.youtube.com\/channel\/UCQ-077gS0TnVzkhHmf1opZw","https:\/\/www.instagram.com\/acn_international\/"]},{"@type":"Person","@id":"https:\/\/acninternational.org\/de\/#\/schema\/person\/7f3dafb236b242fb2aa46be1411fd703","name":"ACN Press Team","description":"Lorem ipsum dolor sit amet, consectetur adipiscing elit, sed do eiusmod tempor incididunt ut labore et dolore magna aliqua. Ut enim ad minim veniam, quis nostrud exercitation ullamco laboris nisi ut aliquip ex ea commodo consequat.","url":"https:\/\/acninternational.org\/de\/author\/acn-press-team\/"}]}},"_links":{"self":[{"href":"https:\/\/acninternational.org\/de\/wp-json\/wp\/v2\/posts\/169960","targetHints":{"allow":["GET"]}}],"collection":[{"href":"https:\/\/acninternational.org\/de\/wp-json\/wp\/v2\/posts"}],"about":[{"href":"https:\/\/acninternational.org\/de\/wp-json\/wp\/v2\/types\/post"}],"author":[{"embeddable":true,"href":"https:\/\/acninternational.org\/de\/wp-json\/wp\/v2\/users\/4258341447"}],"replies":[{"embeddable":true,"href":"https:\/\/acninternational.org\/de\/wp-json\/wp\/v2\/comments?post=169960"}],"version-history":[{"count":0,"href":"https:\/\/acninternational.org\/de\/wp-json\/wp\/v2\/posts\/169960\/revisions"}],"wp:featuredmedia":[{"embeddable":true,"href":"https:\/\/acninternational.org\/de\/wp-json\/wp\/v2\/media\/169937"}],"wp:attachment":[{"href":"https:\/\/acninternational.org\/de\/wp-json\/wp\/v2\/media?parent=169960"}],"wp:term":[{"taxonomy":"category","embeddable":true,"href":"https:\/\/acninternational.org\/de\/wp-json\/wp\/v2\/categories?post=169960"},{"taxonomy":"post_tag","embeddable":true,"href":"https:\/\/acninternational.org\/de\/wp-json\/wp\/v2\/tags?post=169960"},{"taxonomy":"country","embeddable":true,"href":"https:\/\/acninternational.org\/de\/wp-json\/wp\/v2\/country?post=169960"}],"curies":[{"name":"wp","href":"https:\/\/api.w.org\/{rel}","templated":true}]}}