{"id":169630,"date":"2022-04-29T17:30:28","date_gmt":"2022-04-29T15:30:28","guid":{"rendered":"https:\/\/acninternational.org\/?p=169630"},"modified":"2022-05-04T14:57:28","modified_gmt":"2022-05-04T12:57:28","slug":"seminarist-am-amazonas","status":"publish","type":"post","link":"https:\/\/acninternational.org\/de\/seminarist-am-amazonas\/","title":{"rendered":"Seminarist am Amazonas: Fr\u00fcher fing er mit seinem Gro\u00dfvater Fische, nun wird er Menschenfischer"},"content":{"rendered":"<p>Lediglich 600 Kilometer trennen Santa Isabel do Rio Negro, eine Flussstadt tief im Amazonasgebiet, vom Priesterseminar San Jos\u00e9 in Manaus, aber man k\u00f6nnte meinen, es handele sich um zwei ganz unterschiedliche Welten.<\/p>\n<p>In der Stadt am Flussufer begann Rolisson Afonsos Weg zum Priesterseminar, und die Zeit im Amazonasgebiet ist ihm noch gut in Erinnerung. \u201eIch wurde in Manaus geboren. Meine Mutter war zu jung, um sich um mich zu k\u00fcmmern, und hatte finanzielle Probleme, so dass ich zu meinen Gro\u00dfeltern nach Santa Isabel do Rio Negro geschickt wurde. Meine Gro\u00dfeltern waren gl\u00e4ubige Katholiken. Sie konnten kaum lesen und schreiben, aber wir haben jeden Tag den Rosenkranz gebetet und \u00fcber das Evangelium nachgedacht, und jeden Sonntag gingen wir zur heiligen Messe\u201c, erinnert er sich.<\/p>\n<p>Eine seiner liebsten Erinnerungen ist das Fischen zusammen mit seinem Gro\u00dfvater. F\u00fcr die Gemeinde war der Fluss alles: Zugangsweg, Erholungsort, aber vor allem ein Ort des Lebens und des Lebensunterhalts. Da sie sich keinen Au\u00dfenbordmotor leisten konnten, ruderten sie zu nahe gelegenen Inseln, wo sie stundenlang fischten, um etwas zu den Mahlzeiten beizutragen.<\/p>\n<p>Rolisson war erst zw\u00f6lf Jahre alt, als er, in der H\u00e4ngematte liegend, seiner Gro\u00dfmutter anvertraute, dass er Priester werden wolle. \u201eIch wollte Priester werden wegen der Kleidung und des Rituals, das hat mich fasziniert\u201c, gibt er zu.<\/p>\n<p>Als sich dies jedoch herumsprach, wurde er von seinen Freunden geh\u00e4nselt. Deshalb gab er die Idee auf. Seine Jugendzeit war von Verfehlungen gepr\u00e4gt: exzessives Feiern, Alkohol- und Drogenmissbrauch sowie Frauengeschichten geh\u00f6rten dazu. Er h\u00f6rte auf, den Glauben zu praktizieren und dar\u00fcber nachzudenken. Doch trotz allem blieben seine Gro\u00dfeltern immer an seiner Seite. \u201eDamals war ich nicht in der Lage, ihre Entt\u00e4uschung<\/p>\n<p>\u00fcber mich zu verstehen. Aber diese Erfahrungen waren auch wichtig, denn ich denke, dass ich jetzt besser ger\u00fcstet bin, um andere junge Menschen in \u00e4hnlichen Situationen zu erreichen\u201c, sagt er<\/p>\n<p><iframe loading=\"lazy\" title=\"Lent Campaign 2022: seminarian from Brazil\" width=\"640\" height=\"360\" src=\"https:\/\/www.youtube.com\/embed\/eGCJAEHdGM8?feature=oembed\" frameborder=\"0\" allow=\"accelerometer; autoplay; clipboard-write; encrypted-media; gyroscope; picture-in-picture; web-share\" referrerpolicy=\"strict-origin-when-cross-origin\" allowfullscreen><\/iframe><\/p>\n<p>Schlie\u00dflich zog er nach Manaus, um die Schule fortzusetzen und mit seiner Mutter und seinen Geschwistern zusammenzuleben. Paradoxerweise war es die Trennung von seinen katholischen Gro\u00dfeltern, die ihn auf den Weg zur\u00fcck in die Kirche brachte. \u201eMeine Mutter und meine Geschwister sind evangelikal. Sie stellten mir Fragen zu meinem katholischen Glauben, aber ich konnte sie nicht beantworten. Also habe ich mich auf die Suche nach einer Gemeinschaft mit katholischen Gl\u00e4ubigen in der N\u00e4he meines Wohnorts gemacht. Ich habe mich engagiert und bin einer Jugendgruppe beigetreten\u201c.<\/p>\n<p>Er studierte und bekam schlie\u00dflich einen Job. Was er seiner Gro\u00dfmutter einmal anvertraut hatte, war ihm jedoch im Hinterkopf geblieben. Nun tauchte es wieder auf. Da er das Leben im abgelegenen Amazonasgebiet selbst erlebt hatte, wusste er am besten, wie sehr diese Gemeinden Priester brauchen. \u201eEinige der Ufergemeinden werden nur einmal im Monat oder sogar nur einmal im Jahr von einem Priester besucht: Der Priester kommt, feiert eine Messe und kehrt wieder in die Stadt zur\u00fcck. Das ist einer der Gr\u00fcnde, warum ich Priester werden m\u00f6chte, um diesen Menschen die Sakramente und das Evangelium zu bringen und auf ihre Bed\u00fcrfnisse einzugehen\u201c, erkl\u00e4rt er.<\/p>\n<p>Der letzte Schritt fiel ihm nicht leicht. Am schwersten war es, einen sicheren und vielversprechenden Arbeitsplatz f\u00fcr die Ungewissheit eines Lebens im Seminar aufzugeben. In einer Region Brasiliens mit kaum Arbeitspl\u00e4tzen und weit verbreiteter Armut ist auch die Kirche arm. Die Lebenshaltungskosten des Priesternachwuchses werden durch Spenden bestritten. <a href=\"https:\/\/acninternational.org\/de\/task-area\/ausbildung-von-priestern-und-ordensleuten\/\">\u00dcber seine Wohlt\u00e4ter ist ACN einer der wichtigsten Geldgeber f\u00fcr diese Ausbildung<\/a>.<\/p>\n<p>Im Priesterseminar San Jos\u00e9 leben inzwischen viele Studenten, darunter auch Angeh\u00f6rige verschiedener indigener Gemeinschaften, die dazu beitragen werden, die Sprache des Evangeliums an ihre eigenen sozialen und kulturellen Gegebenheiten anzupassen.<\/p>\n<p>Rolisson ist immer wieder bewegt, wenn er Passagen aus den Evangelien liest, die sich auf den Fischfang beziehen. \u201eSo wie Jesus am Ufer des Sees von Galil\u00e4a entlangging, um seine J\u00fcnger \u2013 einfache Menschen \u2013 zu Menschenfischern zu machen, so ruft er auch uns, die Ufergemeinden, damit wir seine J\u00fcnger werden und das Evangelium verk\u00fcnden\u201c.<\/p>\n<p>So wie jeder Fischer eine bestimmte Ausstattung ben\u00f6tigt, um seinen Beruf aus\u00fcben zu k\u00f6nnen, so brauchen auch diese neuen Menschenfischer, die dazu berufen sind, die Amazonasgebiete zu evangelisieren, eine Ausbildung und materielle G\u00fcter wie moderne Boote, um ihren Herden besser dienen zu k\u00f6nnen. Und genau hier hilft ACN.<\/p>\n<p>\u201eIch m\u00f6chte allen Wohlt\u00e4tern von ACN f\u00fcr ihre Hilfe danken <a href=\"https:\/\/acninternational.org\/lent-2022\/\">und sie bitten, uns weiterhin zu unterst\u00fctzen<\/a>, damit wir mehr Priester f\u00fcr unser Amazonasgebiet und f\u00fcr die ganze Welt haben, damit wir weiterhin die Eucharistie und unsere pastorale Arbeit an die entlegensten Orte bringen k\u00f6nnen\u201c, sagt abschlie\u00dfend Rolisson Afonso.<\/p>\n","protected":false},"excerpt":{"rendered":"<p>,,Meine Mutter und meine Geschwister sind evangelisch. Sie stellten mir Fragen \u00fcber meinen katholischen Glauben, aber ich konnte sie nicht beantworten.\u201c<\/p>\n","protected":false},"author":4258341447,"featured_media":169525,"comment_status":"closed","ping_status":"closed","sticky":false,"template":"","format":"standard","meta":{"_acf_changed":false,"_acn_coauthor_ids":[],"footnotes":""},"categories":[968],"tags":[],"country":[827],"class_list":["post-169630","post","type-post","status-publish","format-standard","has-post-thumbnail","hentry","category-featured-de","country-brasilien"],"acn_coauthors":[],"acf":[],"yoast_head":"<!-- This site is optimized with the Yoast SEO Premium plugin v27.3 (Yoast SEO v27.3) - https:\/\/yoast.com\/product\/yoast-seo-premium-wordpress\/ -->\n<title>Seminarist am Amazonas: Fr\u00fcher fing er mit seinem Gro\u00dfvater Fische, nun wird er Menschenfischer | ACN International<\/title>\n<meta name=\"description\" content=\"Der Brasilianer Rolisson war erst 12 Jahre alt, als er seiner Gro\u00dfmutter sagte, er wolle katholischer Priester werden.\" \/>\n<meta name=\"robots\" content=\"index, follow, max-snippet:-1, max-image-preview:large, max-video-preview:-1\" \/>\n<link rel=\"canonical\" href=\"https:\/\/acninternational.org\/de\/seminarist-am-amazonas\/\" \/>\n<meta property=\"og:locale\" content=\"de_DE\" \/>\n<meta property=\"og:type\" content=\"article\" \/>\n<meta property=\"og:title\" content=\"Seminarist am Amazonas: Fr\u00fcher fing er mit seinem Gro\u00dfvater Fische, nun wird er Menschenfischer\" \/>\n<meta property=\"og:description\" content=\"Der Brasilianer Rolisson war erst 12 Jahre alt, als er seiner Gro\u00dfmutter sagte, er wolle katholischer Priester werden.\" \/>\n<meta property=\"og:url\" content=\"https:\/\/acninternational.org\/de\/seminarist-am-amazonas\/\" \/>\n<meta property=\"og:site_name\" content=\"ACN International\" \/>\n<meta property=\"article:publisher\" content=\"https:\/\/www.facebook.com\/acninternationalorg\" \/>\n<meta property=\"article:published_time\" content=\"2022-04-29T15:30:28+00:00\" \/>\n<meta property=\"article:modified_time\" content=\"2022-05-04T12:57:28+00:00\" \/>\n<meta property=\"og:image\" content=\"https:\/\/media.acninternational.org\/wp-content\/uploads\/2022\/04\/ACN-20211222-121831.jpg\" \/>\n\t<meta property=\"og:image:width\" content=\"640\" \/>\n\t<meta property=\"og:image:height\" content=\"427\" \/>\n\t<meta property=\"og:image:type\" content=\"image\/jpeg\" \/>\n<meta name=\"author\" content=\"ACN Press Team\" \/>\n<meta name=\"twitter:card\" content=\"summary_large_image\" \/>\n<meta name=\"twitter:creator\" content=\"@acn_int\" \/>\n<meta name=\"twitter:site\" content=\"@acn_int\" \/>\n<meta name=\"twitter:label1\" content=\"Verfasst von\" \/>\n\t<meta name=\"twitter:data1\" content=\"ACN Press Team\" \/>\n\t<meta name=\"twitter:label2\" content=\"Gesch\u00e4tzte Lesezeit\" \/>\n\t<meta name=\"twitter:data2\" content=\"4\u00a0Minuten\" \/>\n<script type=\"application\/ld+json\" class=\"yoast-schema-graph\">{\"@context\":\"https:\\\/\\\/schema.org\",\"@graph\":[{\"@type\":\"Article\",\"@id\":\"https:\\\/\\\/acninternational.org\\\/de\\\/seminarist-am-amazonas\\\/#article\",\"isPartOf\":{\"@id\":\"https:\\\/\\\/acninternational.org\\\/de\\\/seminarist-am-amazonas\\\/\"},\"author\":{\"name\":\"ACN Press Team\",\"@id\":\"https:\\\/\\\/acninternational.org\\\/de\\\/#\\\/schema\\\/person\\\/7f3dafb236b242fb2aa46be1411fd703\"},\"headline\":\"Seminarist am Amazonas: Fr\u00fcher fing er mit seinem Gro\u00dfvater Fische, nun wird er Menschenfischer\",\"datePublished\":\"2022-04-29T15:30:28+00:00\",\"dateModified\":\"2022-05-04T12:57:28+00:00\",\"mainEntityOfPage\":{\"@id\":\"https:\\\/\\\/acninternational.org\\\/de\\\/seminarist-am-amazonas\\\/\"},\"wordCount\":804,\"publisher\":{\"@id\":\"https:\\\/\\\/acninternational.org\\\/de\\\/#organization\"},\"image\":{\"@id\":\"https:\\\/\\\/acninternational.org\\\/de\\\/seminarist-am-amazonas\\\/#primaryimage\"},\"thumbnailUrl\":\"https:\\\/\\\/media.acninternational.org\\\/wp-content\\\/uploads\\\/2022\\\/04\\\/ACN-20211222-121831.jpg\",\"articleSection\":[\"FEATURED\"],\"inLanguage\":\"de\"},{\"@type\":\"WebPage\",\"@id\":\"https:\\\/\\\/acninternational.org\\\/de\\\/seminarist-am-amazonas\\\/\",\"url\":\"https:\\\/\\\/acninternational.org\\\/de\\\/seminarist-am-amazonas\\\/\",\"name\":\"Seminarist am Amazonas: Fr\u00fcher fing er mit seinem Gro\u00dfvater Fische, nun wird er Menschenfischer | ACN International\",\"isPartOf\":{\"@id\":\"https:\\\/\\\/acninternational.org\\\/de\\\/#website\"},\"primaryImageOfPage\":{\"@id\":\"https:\\\/\\\/acninternational.org\\\/de\\\/seminarist-am-amazonas\\\/#primaryimage\"},\"image\":{\"@id\":\"https:\\\/\\\/acninternational.org\\\/de\\\/seminarist-am-amazonas\\\/#primaryimage\"},\"thumbnailUrl\":\"https:\\\/\\\/media.acninternational.org\\\/wp-content\\\/uploads\\\/2022\\\/04\\\/ACN-20211222-121831.jpg\",\"datePublished\":\"2022-04-29T15:30:28+00:00\",\"dateModified\":\"2022-05-04T12:57:28+00:00\",\"description\":\"Der Brasilianer Rolisson war erst 12 Jahre alt, als er seiner Gro\u00dfmutter sagte, er wolle katholischer Priester werden.\",\"breadcrumb\":{\"@id\":\"https:\\\/\\\/acninternational.org\\\/de\\\/seminarist-am-amazonas\\\/#breadcrumb\"},\"inLanguage\":\"de\",\"potentialAction\":[{\"@type\":\"ReadAction\",\"target\":[\"https:\\\/\\\/acninternational.org\\\/de\\\/seminarist-am-amazonas\\\/\"]}]},{\"@type\":\"ImageObject\",\"inLanguage\":\"de\",\"@id\":\"https:\\\/\\\/acninternational.org\\\/de\\\/seminarist-am-amazonas\\\/#primaryimage\",\"url\":\"https:\\\/\\\/media.acninternational.org\\\/wp-content\\\/uploads\\\/2022\\\/04\\\/ACN-20211222-121831.jpg\",\"contentUrl\":\"https:\\\/\\\/media.acninternational.org\\\/wp-content\\\/uploads\\\/2022\\\/04\\\/ACN-20211222-121831.jpg\",\"width\":640,\"height\":427,\"caption\":\"Katholischer Seminarist in Brasilien\"},{\"@type\":\"BreadcrumbList\",\"@id\":\"https:\\\/\\\/acninternational.org\\\/de\\\/seminarist-am-amazonas\\\/#breadcrumb\",\"itemListElement\":[{\"@type\":\"ListItem\",\"position\":1,\"name\":\"Home\",\"item\":\"https:\\\/\\\/acninternational.org\\\/de\\\/\"},{\"@type\":\"ListItem\",\"position\":2,\"name\":\"FEATURED\",\"item\":\"https:\\\/\\\/acninternational.org\\\/de\\\/category\\\/featured-de\\\/\"},{\"@type\":\"ListItem\",\"position\":3,\"name\":\"Seminarist am Amazonas: Fr\u00fcher fing er mit seinem Gro\u00dfvater Fische, nun wird er Menschenfischer\"}]},{\"@type\":\"WebSite\",\"@id\":\"https:\\\/\\\/acninternational.org\\\/de\\\/#website\",\"url\":\"https:\\\/\\\/acninternational.org\\\/de\\\/\",\"name\":\"ACN International\",\"description\":\"\",\"publisher\":{\"@id\":\"https:\\\/\\\/acninternational.org\\\/de\\\/#organization\"},\"potentialAction\":[{\"@type\":\"SearchAction\",\"target\":{\"@type\":\"EntryPoint\",\"urlTemplate\":\"https:\\\/\\\/acninternational.org\\\/de\\\/?s={search_term_string}\"},\"query-input\":{\"@type\":\"PropertyValueSpecification\",\"valueRequired\":true,\"valueName\":\"search_term_string\"}}],\"inLanguage\":\"de\"},{\"@type\":\"Organization\",\"@id\":\"https:\\\/\\\/acninternational.org\\\/de\\\/#organization\",\"name\":\"Aid to the Church in Need International\",\"url\":\"https:\\\/\\\/acninternational.org\\\/de\\\/\",\"logo\":{\"@type\":\"ImageObject\",\"inLanguage\":\"de\",\"@id\":\"https:\\\/\\\/acninternational.org\\\/de\\\/#\\\/schema\\\/logo\\\/image\\\/\",\"url\":\"https:\\\/\\\/media.acninternational.org\\\/wp-content\\\/uploads\\\/2019\\\/11\\\/acn_logo_blackvector.svg\",\"contentUrl\":\"https:\\\/\\\/media.acninternational.org\\\/wp-content\\\/uploads\\\/2019\\\/11\\\/acn_logo_blackvector.svg\",\"width\":232.6,\"height\":78,\"caption\":\"Aid to the Church in Need International\"},\"image\":{\"@id\":\"https:\\\/\\\/acninternational.org\\\/de\\\/#\\\/schema\\\/logo\\\/image\\\/\"},\"sameAs\":[\"https:\\\/\\\/www.facebook.com\\\/acninternationalorg\",\"https:\\\/\\\/x.com\\\/acn_int\",\"https:\\\/\\\/www.youtube.com\\\/channel\\\/UCQ-077gS0TnVzkhHmf1opZw\",\"https:\\\/\\\/www.instagram.com\\\/acn_international\\\/\"]},{\"@type\":\"Person\",\"@id\":\"https:\\\/\\\/acninternational.org\\\/de\\\/#\\\/schema\\\/person\\\/7f3dafb236b242fb2aa46be1411fd703\",\"name\":\"ACN Press Team\",\"description\":\"Lorem ipsum dolor sit amet, consectetur adipiscing elit, sed do eiusmod tempor incididunt ut labore et dolore magna aliqua. Ut enim ad minim veniam, quis nostrud exercitation ullamco laboris nisi ut aliquip ex ea commodo consequat.\",\"url\":\"https:\\\/\\\/acninternational.org\\\/de\\\/author\\\/acn-press-team\\\/\"}]}<\/script>\n<!-- \/ Yoast SEO Premium plugin. -->","yoast_head_json":{"title":"Seminarist am Amazonas: Fr\u00fcher fing er mit seinem Gro\u00dfvater Fische, nun wird er Menschenfischer | ACN International","description":"Der Brasilianer Rolisson war erst 12 Jahre alt, als er seiner Gro\u00dfmutter sagte, er wolle katholischer Priester werden.","robots":{"index":"index","follow":"follow","max-snippet":"max-snippet:-1","max-image-preview":"max-image-preview:large","max-video-preview":"max-video-preview:-1"},"canonical":"https:\/\/acninternational.org\/de\/seminarist-am-amazonas\/","og_locale":"de_DE","og_type":"article","og_title":"Seminarist am Amazonas: Fr\u00fcher fing er mit seinem Gro\u00dfvater Fische, nun wird er Menschenfischer","og_description":"Der Brasilianer Rolisson war erst 12 Jahre alt, als er seiner Gro\u00dfmutter sagte, er wolle katholischer Priester werden.","og_url":"https:\/\/acninternational.org\/de\/seminarist-am-amazonas\/","og_site_name":"ACN International","article_publisher":"https:\/\/www.facebook.com\/acninternationalorg","article_published_time":"2022-04-29T15:30:28+00:00","article_modified_time":"2022-05-04T12:57:28+00:00","og_image":[{"width":640,"height":427,"url":"https:\/\/media.acninternational.org\/wp-content\/uploads\/2022\/04\/ACN-20211222-121831.jpg","type":"image\/jpeg"}],"author":"ACN Press Team","twitter_card":"summary_large_image","twitter_creator":"@acn_int","twitter_site":"@acn_int","twitter_misc":{"Verfasst von":"ACN Press Team","Gesch\u00e4tzte Lesezeit":"4\u00a0Minuten"},"schema":{"@context":"https:\/\/schema.org","@graph":[{"@type":"Article","@id":"https:\/\/acninternational.org\/de\/seminarist-am-amazonas\/#article","isPartOf":{"@id":"https:\/\/acninternational.org\/de\/seminarist-am-amazonas\/"},"author":{"name":"ACN Press Team","@id":"https:\/\/acninternational.org\/de\/#\/schema\/person\/7f3dafb236b242fb2aa46be1411fd703"},"headline":"Seminarist am Amazonas: Fr\u00fcher fing er mit seinem Gro\u00dfvater Fische, nun wird er Menschenfischer","datePublished":"2022-04-29T15:30:28+00:00","dateModified":"2022-05-04T12:57:28+00:00","mainEntityOfPage":{"@id":"https:\/\/acninternational.org\/de\/seminarist-am-amazonas\/"},"wordCount":804,"publisher":{"@id":"https:\/\/acninternational.org\/de\/#organization"},"image":{"@id":"https:\/\/acninternational.org\/de\/seminarist-am-amazonas\/#primaryimage"},"thumbnailUrl":"https:\/\/media.acninternational.org\/wp-content\/uploads\/2022\/04\/ACN-20211222-121831.jpg","articleSection":["FEATURED"],"inLanguage":"de"},{"@type":"WebPage","@id":"https:\/\/acninternational.org\/de\/seminarist-am-amazonas\/","url":"https:\/\/acninternational.org\/de\/seminarist-am-amazonas\/","name":"Seminarist am Amazonas: Fr\u00fcher fing er mit seinem Gro\u00dfvater Fische, nun wird er Menschenfischer | ACN International","isPartOf":{"@id":"https:\/\/acninternational.org\/de\/#website"},"primaryImageOfPage":{"@id":"https:\/\/acninternational.org\/de\/seminarist-am-amazonas\/#primaryimage"},"image":{"@id":"https:\/\/acninternational.org\/de\/seminarist-am-amazonas\/#primaryimage"},"thumbnailUrl":"https:\/\/media.acninternational.org\/wp-content\/uploads\/2022\/04\/ACN-20211222-121831.jpg","datePublished":"2022-04-29T15:30:28+00:00","dateModified":"2022-05-04T12:57:28+00:00","description":"Der Brasilianer Rolisson war erst 12 Jahre alt, als er seiner Gro\u00dfmutter sagte, er wolle katholischer Priester werden.","breadcrumb":{"@id":"https:\/\/acninternational.org\/de\/seminarist-am-amazonas\/#breadcrumb"},"inLanguage":"de","potentialAction":[{"@type":"ReadAction","target":["https:\/\/acninternational.org\/de\/seminarist-am-amazonas\/"]}]},{"@type":"ImageObject","inLanguage":"de","@id":"https:\/\/acninternational.org\/de\/seminarist-am-amazonas\/#primaryimage","url":"https:\/\/media.acninternational.org\/wp-content\/uploads\/2022\/04\/ACN-20211222-121831.jpg","contentUrl":"https:\/\/media.acninternational.org\/wp-content\/uploads\/2022\/04\/ACN-20211222-121831.jpg","width":640,"height":427,"caption":"Katholischer Seminarist in Brasilien"},{"@type":"BreadcrumbList","@id":"https:\/\/acninternational.org\/de\/seminarist-am-amazonas\/#breadcrumb","itemListElement":[{"@type":"ListItem","position":1,"name":"Home","item":"https:\/\/acninternational.org\/de\/"},{"@type":"ListItem","position":2,"name":"FEATURED","item":"https:\/\/acninternational.org\/de\/category\/featured-de\/"},{"@type":"ListItem","position":3,"name":"Seminarist am Amazonas: Fr\u00fcher fing er mit seinem Gro\u00dfvater Fische, nun wird er Menschenfischer"}]},{"@type":"WebSite","@id":"https:\/\/acninternational.org\/de\/#website","url":"https:\/\/acninternational.org\/de\/","name":"ACN International","description":"","publisher":{"@id":"https:\/\/acninternational.org\/de\/#organization"},"potentialAction":[{"@type":"SearchAction","target":{"@type":"EntryPoint","urlTemplate":"https:\/\/acninternational.org\/de\/?s={search_term_string}"},"query-input":{"@type":"PropertyValueSpecification","valueRequired":true,"valueName":"search_term_string"}}],"inLanguage":"de"},{"@type":"Organization","@id":"https:\/\/acninternational.org\/de\/#organization","name":"Aid to the Church in Need International","url":"https:\/\/acninternational.org\/de\/","logo":{"@type":"ImageObject","inLanguage":"de","@id":"https:\/\/acninternational.org\/de\/#\/schema\/logo\/image\/","url":"https:\/\/media.acninternational.org\/wp-content\/uploads\/2019\/11\/acn_logo_blackvector.svg","contentUrl":"https:\/\/media.acninternational.org\/wp-content\/uploads\/2019\/11\/acn_logo_blackvector.svg","width":232.6,"height":78,"caption":"Aid to the Church in Need International"},"image":{"@id":"https:\/\/acninternational.org\/de\/#\/schema\/logo\/image\/"},"sameAs":["https:\/\/www.facebook.com\/acninternationalorg","https:\/\/x.com\/acn_int","https:\/\/www.youtube.com\/channel\/UCQ-077gS0TnVzkhHmf1opZw","https:\/\/www.instagram.com\/acn_international\/"]},{"@type":"Person","@id":"https:\/\/acninternational.org\/de\/#\/schema\/person\/7f3dafb236b242fb2aa46be1411fd703","name":"ACN Press Team","description":"Lorem ipsum dolor sit amet, consectetur adipiscing elit, sed do eiusmod tempor incididunt ut labore et dolore magna aliqua. Ut enim ad minim veniam, quis nostrud exercitation ullamco laboris nisi ut aliquip ex ea commodo consequat.","url":"https:\/\/acninternational.org\/de\/author\/acn-press-team\/"}]}},"_links":{"self":[{"href":"https:\/\/acninternational.org\/de\/wp-json\/wp\/v2\/posts\/169630","targetHints":{"allow":["GET"]}}],"collection":[{"href":"https:\/\/acninternational.org\/de\/wp-json\/wp\/v2\/posts"}],"about":[{"href":"https:\/\/acninternational.org\/de\/wp-json\/wp\/v2\/types\/post"}],"author":[{"embeddable":true,"href":"https:\/\/acninternational.org\/de\/wp-json\/wp\/v2\/users\/4258341447"}],"replies":[{"embeddable":true,"href":"https:\/\/acninternational.org\/de\/wp-json\/wp\/v2\/comments?post=169630"}],"version-history":[{"count":0,"href":"https:\/\/acninternational.org\/de\/wp-json\/wp\/v2\/posts\/169630\/revisions"}],"wp:featuredmedia":[{"embeddable":true,"href":"https:\/\/acninternational.org\/de\/wp-json\/wp\/v2\/media\/169525"}],"wp:attachment":[{"href":"https:\/\/acninternational.org\/de\/wp-json\/wp\/v2\/media?parent=169630"}],"wp:term":[{"taxonomy":"category","embeddable":true,"href":"https:\/\/acninternational.org\/de\/wp-json\/wp\/v2\/categories?post=169630"},{"taxonomy":"post_tag","embeddable":true,"href":"https:\/\/acninternational.org\/de\/wp-json\/wp\/v2\/tags?post=169630"},{"taxonomy":"country","embeddable":true,"href":"https:\/\/acninternational.org\/de\/wp-json\/wp\/v2\/country?post=169630"}],"curies":[{"name":"wp","href":"https:\/\/api.w.org\/{rel}","templated":true}]}}