{"id":169130,"date":"2022-04-11T09:43:32","date_gmt":"2022-04-11T07:43:32","guid":{"rendered":"https:\/\/acninternational.org\/?p=169130"},"modified":"2022-04-11T10:00:32","modified_gmt":"2022-04-11T08:00:32","slug":"karmeliter-missionarinnen-in-burundi","status":"publish","type":"post","link":"https:\/\/acninternational.org\/de\/karmeliter-missionarinnen-in-burundi\/","title":{"rendered":"Karmeliter-Missionarinnen in Burundi: \u201eM\u00fctter\u201c der Vers\u00f6hnung"},"content":{"rendered":"<p><em>Burundi, eines der kleinsten L\u00e4nder Afrikas, leidet unter der 2015 ausgebrochenen sozialen und politischen Krise. In dieser Situation hat das Land, dessen Bev\u00f6lkerung zu 94 % aus Christen besteht, von mehreren Ordensgemeinschaften Unterst\u00fctzung erhalten. Aid to the Church in Need (ACN) hat dar\u00fcber mit den Karmelitinnen in Burundi gesprochen, die von der Bev\u00f6lkerung als \u201eM\u00fctter\u201c bezeichnet werden, weil sie sich der Menschen angenommen und sie beim Vers\u00f6hnungsprozess unterst\u00fctzt haben.\u00a0 <\/em><\/p>\n<p><strong>Wie war die Ankunft der ersten Schwestern Ihrer Gemeinschaft in diesem Land?<\/strong><\/p>\n<p>Anfangs, im Jahr 1973, kamen vier Schwestern; alle vier stammten aus Polen. Das Land lebte in gro\u00dfer Armut. Die einzige Krankenstation dort wurde von den Schwestern geleitet. Der Beginn war f\u00fcr sie besonders schwierig, weil sie Kirundi, die Sprache der Einheimischen, nicht sprachen. Gl\u00fccklicherweise wurden die Schwestern gut aufgenommen, da sie von den \u00f6rtlichen Beh\u00f6rden akzeptiert wurden. Die Menschen haben gro\u00dfen Respekt vor Autorit\u00e4ten. Wenn also die Regierenden die Schwestern akzeptierten, dann wussten die Menschen, dass die Anwesenheit der Missionarinnen zu ihrem Besten sein w\u00fcrde. Unsere Kapelle war Haupttreffpunkt f\u00fcr die Einheimischen. Obwohl die Schwestern nicht gut Kirundi sprachen, kamen die Menschen in die Kapelle, um mit ihnen zusammen zu sein, und so wurden die ersten Beziehungen gekn\u00fcpft. Zurzeit ist die Gemeinschaft mit f\u00fcnf H\u00e4usern in Burundi gesegnet. Heute ist uns klar, dass dieses Land uns braucht und dass wir hier sein m\u00fcssen, um so viele Menschen zu unterst\u00fctzen, die leiden und in Not sind.<\/p>\n<p><strong>Erinnern Sie sich an irgendwelche besondere Vorkommnisse aus den ersten Jahren in Burundi, die die Schwestern erlebt haben?<\/strong><\/p>\n<p>Eine der polnischen Schwestern, die von Anfang an dabei waren, half bei der Entbindung einer schwangeren Frau, die sich in einem sehr schlechten Gesundheitszustand befand. Das Baby kam zur Welt, aber leider ist die Mutter verstorben. Also k\u00fcmmerte sich die Schwester um das Neugeborene. Das Baby war ein Fr\u00fchchen und ben\u00f6tigte daher einen Brutkasten. Zwei Tagesm\u00e4rsche vom n\u00e4chsten Krankenhaus entfernt und angesichts der schlechten wirtschaftlichen Bedingungen in der Region, war dies unm\u00f6glich. Da sie keine bessere L\u00f6sung fand, legte die Schwester, die bei der Entbindung half, das Baby in einen Pappkarton und deckte es gut zu. Und so trug sie es mit sich, wohin sie auch ging. Gott sei Dank konnte sich das Kind Wochen sp\u00e4ter normal entwickeln.<\/p>\n<p><strong>Wie sieht die burundische Bev\u00f6lkerung Ihre Gemeinschaft heute?<\/strong><\/p>\n<p>Die Anwesenheit der Gemeinschaft war eine Revolution. Das ist sie auch heute noch. Die Schwestern brachten jede Menge Ver\u00e4nderungen mit sich. Durch die Anwesenheit der Schwestern erhielt die Bev\u00f6lkerung eine Unterst\u00fctzung, die sie vorher nicht hatte. Die Menschen nennen uns \u201eM\u00fctter\u201c. Sie f\u00fchlen sich wie Kinder, die getr\u00f6stet werden, denen in ihren Bed\u00fcrfnissen geholfen wird. Sie sp\u00fcren, dass wir sie verstehen. Die Vers\u00f6hnung zwischen den Menschen hat nach und nach zugenommen. Mit der Ankunft der Gemeinschaft wurde die Bildung von Kindern und Jugendlichen gest\u00e4rkt. Die Familien sch\u00e4tzen die Anwesenheit unserer Gemeinschaft sehr, auch weil sie vor allem an den Wochenenden einen Treffpunkt haben. Ab Samstag treffen sich Kinder, Jugendliche und Erwachsene zur Katechese, zu Bildungsrunden oder zur Vorbereitung der sonnt\u00e4glichen Eucharistie. Einige versammeln sich vor der heiligen Messe am Sonntagmorgen. Viele andere bleiben nach der Messe, um sich mit den Schwestern und anderen Familien auszutauschen. Da es in der Region kaum sportliche oder kulturelle Aktivit\u00e4ten gibt, ist dieser Ort der Begegnung f\u00fcr die Bev\u00f6lkerung sehr wertvoll.<\/p>\n<figure id=\"attachment_169125\" aria-describedby=\"caption-attachment-169125\" style=\"width: 670px\" class=\"wp-caption alignnone\"><img loading=\"lazy\" decoding=\"async\" class=\"wp-image-169125 size-full\" src=\"https:\/\/media.acninternational.org\/wp-content\/uploads\/2022\/04\/pequenya-5.png\" alt=\"Schwestern der Gemeinschaft der Karmelitinnen vom Kinde Jesu\" width=\"670\" height=\"400\" srcset=\"https:\/\/media.acninternational.org\/wp-content\/uploads\/2022\/04\/pequenya-5.png 670w, https:\/\/media.acninternational.org\/wp-content\/uploads\/2022\/04\/pequenya-5-300x179.png 300w\" sizes=\"auto, (max-width: 670px) 100vw, 670px\" \/><figcaption id=\"caption-attachment-169125\" class=\"wp-caption-text\">Schwestern der Gemeinschaft der Karmelitinnen vom Kinde Jesu<\/figcaption><\/figure>\n<p><strong>Ihre Gemeinschaft leistet viel f\u00fcr die Gesundheit, die Wirtschaft und die Bildung der Menschen. Sie f\u00fchrt allerdings sowohl ein aktives als auch ein kontemplatives Leben. Wie schaffen Sie es, kontemplativ zu leben?<\/strong><\/p>\n<p>Wir sind davon \u00fcberzeugt, dass das kontemplative Leben eine unabdingbare Hilfe f\u00fcr die Vers\u00f6hnung in diesem Land ist. Angesichts der vielen N\u00f6te, mit denen wir konfrontiert sind, besteht die gro\u00dfe Herausforderung jedoch darin, unser Gebetsleben nicht zu vernachl\u00e4ssigen. Jeden Tag halten wir mehrere intensive Gebetszeiten, vor allem morgens und abends, aber auch in der Mittagszeit halten wir inne, um gemeinsam zu beten. Das kontemplative Leben ist und bleibt unentbehrlich f\u00fcr die Kirche und f\u00fcr die Welt. Das Gebet ist f\u00fcr uns die Nahrung, die uns in die Lage versetzt, weiterhin die materielle und geistige Hilfe zu leisten, die die Menschen brauchen. Sie ist f\u00fcr uns auch eine Zeit der k\u00f6rperlichen und geistigen Erneuerung.<\/p>\n<p>Wir achten sehr darauf, dass alle Schwestern t\u00e4gliche, monatliche und j\u00e4hrliche Zeiten f\u00fcr diese Erneuerung haben. Dies erm\u00f6glicht es uns, kontinuierlich sehr aktiv zu bleiben. Wir hoffen, dass dies auch in der Zukunft der Fall sein wird. Gl\u00fccklicherweise ist diese Art von Leben auch heute noch f\u00fcr viele junge Frauen attraktiv. Im Jahr 2021 haben f\u00fcnf neue Anw\u00e4rterinnen den Prozess zur Pr\u00fcfung ihrer Berufung begonnen. Wir vertrauen also darauf, dass der Herr unsere Gemeinschaft auch k\u00fcnftig segnen wird, damit wir unseren Auftrag in diesem Land weiterhin erf\u00fcllen k\u00f6nnen.<\/p>\n<p><strong>F\u00fcr welche Anliegen beten Sie?<\/strong><\/p>\n<p>Vor allem bewegt es uns, f\u00fcr Burundi zu beten. Seit unserer Ankunft sind der Krieg, die Gefangenen und die Ungerechtigkeiten ein Grund, f\u00fcr dieses Land zu beten. Wir beten auch daf\u00fcr, dass der Herr unsere Arbeit dort weiterhin segnen m\u00f6ge. Zu unseren Anliegen geh\u00f6ren der Heilige Vater, die Regierenden und nat\u00fcrlich auch unsere Wohlt\u00e4ter. Auch in den schwierigsten Zeiten, die das Land durchgemacht hat, haben wir nicht aufgegeben. Im Gegenteil, wir sind st\u00e4rker geworden. Wir haben uns weiter f\u00fcr die Vers\u00f6hnung eingesetzt. Wir sind hinausgegangen, um den materiellen Bed\u00fcrfnissen der Bev\u00f6lkerung zu begegnen. Wir haben den Kranken geholfen, Fl\u00fcchtlinge aufgenommen und all diese Menschen in ihrem Schmerz begleitet. All diese T\u00e4tigkeiten haben uns motiviert, unser Gebet zu intensivieren und vor allem um Vers\u00f6hnung in diesem Land zu bitten.<\/p>\n<p>Wir beten ebenfalls daf\u00fcr, dass wir auch in Zukunft auf die finanzielle Unterst\u00fctzung von ACN z\u00e4hlen k\u00f6nnen, denn dank dieser Hilfe konnten wir verschiedene Projekte zur Versorgung der Bev\u00f6lkerung durchf\u00fchren. Wir beten, dass die Schwestern, die sich in der Ausbildung befinden, ihr Studium abschlie\u00dfen k\u00f6nnen. Eine von ihnen studiert mit dem Ziel, \u00c4rztin zu werden. Zwei weitere wollen Krankenschwester werden. Wiederum eine m\u00f6chte Erzieherin werden. Wir hoffen, dass eine weitere Schwester eine Ausbildung in der karmelitischen Spiritualit\u00e4t erhalten kann, die die Grundlage unseres Gebets ist.<\/p>\n<p><em>Die Karmelitinnen vom Kinde Jesu erhalten vom internationalen Hilfswerk Aid to the Church in Need (ACN) Unterst\u00fctzung f\u00fcr den Bau einer Kapelle und eines Hauses f\u00fcr die Schwestern in Bujumbura, um ihre apostolische Arbeit fortsetzen zu k\u00f6nnen.<\/em><\/p>\n","protected":false},"excerpt":{"rendered":"<p>&#8220;Die Leute nennen uns &#8222;M\u00fctter&#8220;. Sie betrachten sich als unsere Kinder, die gut beraten und in ihren Bed\u00fcrfnissen unterst\u00fctzt werden, und sie f\u00fchlen sich von uns verstanden.&#8220;<\/p>\n","protected":false},"author":4258341447,"featured_media":169115,"comment_status":"closed","ping_status":"closed","sticky":false,"template":"","format":"standard","meta":{"_acf_changed":false,"_acn_coauthor_ids":[],"footnotes":""},"categories":[924],"tags":[],"country":[822],"class_list":["post-169130","post","type-post","status-publish","format-standard","has-post-thumbnail","hentry","category-feature","country-burundi"],"acn_coauthors":[],"acf":[],"yoast_head":"<!-- This site is optimized with the Yoast SEO Premium plugin v27.3 (Yoast SEO v27.3) - https:\/\/yoast.com\/product\/yoast-seo-premium-wordpress\/ -->\n<title>Karmeliter-Missionarinnen in Burundi: \u201eM\u00fctter\u201c der Vers\u00f6hnung | ACN International<\/title>\n<meta name=\"description\" content=\"All diese T\u00e4tigkeiten haben uns motiviert, unser Gebet zu intensivieren und vor allem um Vers\u00f6hnung in Burundi zu bitten.\" \/>\n<meta name=\"robots\" content=\"index, follow, max-snippet:-1, max-image-preview:large, max-video-preview:-1\" \/>\n<link rel=\"canonical\" href=\"https:\/\/acninternational.org\/de\/karmeliter-missionarinnen-in-burundi\/\" \/>\n<meta property=\"og:locale\" content=\"de_DE\" \/>\n<meta property=\"og:type\" content=\"article\" \/>\n<meta property=\"og:title\" content=\"Karmeliter-Missionarinnen in Burundi: \u201eM\u00fctter\u201c der Vers\u00f6hnung\" \/>\n<meta property=\"og:description\" content=\"All diese T\u00e4tigkeiten haben uns motiviert, unser Gebet zu intensivieren und vor allem um Vers\u00f6hnung in Burundi zu bitten.\" \/>\n<meta property=\"og:url\" content=\"https:\/\/acninternational.org\/de\/karmeliter-missionarinnen-in-burundi\/\" \/>\n<meta property=\"og:site_name\" content=\"ACN International\" \/>\n<meta property=\"article:publisher\" content=\"https:\/\/www.facebook.com\/acninternationalorg\" \/>\n<meta property=\"article:published_time\" content=\"2022-04-11T07:43:32+00:00\" \/>\n<meta property=\"article:modified_time\" content=\"2022-04-11T08:00:32+00:00\" \/>\n<meta property=\"og:image\" content=\"https:\/\/media.acninternational.org\/wp-content\/uploads\/2022\/04\/heading-6.png\" \/>\n\t<meta property=\"og:image:width\" content=\"2000\" \/>\n\t<meta property=\"og:image:height\" content=\"625\" \/>\n\t<meta property=\"og:image:type\" content=\"image\/png\" \/>\n<meta name=\"author\" content=\"ACN Press Team\" \/>\n<meta name=\"twitter:card\" content=\"summary_large_image\" \/>\n<meta name=\"twitter:creator\" content=\"@acn_int\" \/>\n<meta name=\"twitter:site\" content=\"@acn_int\" \/>\n<meta name=\"twitter:label1\" content=\"Verfasst von\" \/>\n\t<meta name=\"twitter:data1\" content=\"ACN Press Team\" \/>\n\t<meta name=\"twitter:label2\" content=\"Gesch\u00e4tzte Lesezeit\" \/>\n\t<meta name=\"twitter:data2\" content=\"6\u00a0Minuten\" \/>\n<script type=\"application\/ld+json\" class=\"yoast-schema-graph\">{\"@context\":\"https:\\\/\\\/schema.org\",\"@graph\":[{\"@type\":\"Article\",\"@id\":\"https:\\\/\\\/acninternational.org\\\/de\\\/karmeliter-missionarinnen-in-burundi\\\/#article\",\"isPartOf\":{\"@id\":\"https:\\\/\\\/acninternational.org\\\/de\\\/karmeliter-missionarinnen-in-burundi\\\/\"},\"author\":{\"name\":\"ACN Press Team\",\"@id\":\"https:\\\/\\\/acninternational.org\\\/de\\\/#\\\/schema\\\/person\\\/7f3dafb236b242fb2aa46be1411fd703\"},\"headline\":\"Karmeliter-Missionarinnen in Burundi: \u201eM\u00fctter\u201c der Vers\u00f6hnung\",\"datePublished\":\"2022-04-11T07:43:32+00:00\",\"dateModified\":\"2022-04-11T08:00:32+00:00\",\"mainEntityOfPage\":{\"@id\":\"https:\\\/\\\/acninternational.org\\\/de\\\/karmeliter-missionarinnen-in-burundi\\\/\"},\"wordCount\":1151,\"publisher\":{\"@id\":\"https:\\\/\\\/acninternational.org\\\/de\\\/#organization\"},\"image\":{\"@id\":\"https:\\\/\\\/acninternational.org\\\/de\\\/karmeliter-missionarinnen-in-burundi\\\/#primaryimage\"},\"thumbnailUrl\":\"https:\\\/\\\/media.acninternational.org\\\/wp-content\\\/uploads\\\/2022\\\/04\\\/heading-6.png\",\"articleSection\":[\"Feature\"],\"inLanguage\":\"de\"},{\"@type\":\"WebPage\",\"@id\":\"https:\\\/\\\/acninternational.org\\\/de\\\/karmeliter-missionarinnen-in-burundi\\\/\",\"url\":\"https:\\\/\\\/acninternational.org\\\/de\\\/karmeliter-missionarinnen-in-burundi\\\/\",\"name\":\"Karmeliter-Missionarinnen in Burundi: \u201eM\u00fctter\u201c der Vers\u00f6hnung | ACN International\",\"isPartOf\":{\"@id\":\"https:\\\/\\\/acninternational.org\\\/de\\\/#website\"},\"primaryImageOfPage\":{\"@id\":\"https:\\\/\\\/acninternational.org\\\/de\\\/karmeliter-missionarinnen-in-burundi\\\/#primaryimage\"},\"image\":{\"@id\":\"https:\\\/\\\/acninternational.org\\\/de\\\/karmeliter-missionarinnen-in-burundi\\\/#primaryimage\"},\"thumbnailUrl\":\"https:\\\/\\\/media.acninternational.org\\\/wp-content\\\/uploads\\\/2022\\\/04\\\/heading-6.png\",\"datePublished\":\"2022-04-11T07:43:32+00:00\",\"dateModified\":\"2022-04-11T08:00:32+00:00\",\"description\":\"All diese T\u00e4tigkeiten haben uns motiviert, unser Gebet zu intensivieren und vor allem um Vers\u00f6hnung in Burundi zu bitten.\",\"breadcrumb\":{\"@id\":\"https:\\\/\\\/acninternational.org\\\/de\\\/karmeliter-missionarinnen-in-burundi\\\/#breadcrumb\"},\"inLanguage\":\"de\",\"potentialAction\":[{\"@type\":\"ReadAction\",\"target\":[\"https:\\\/\\\/acninternational.org\\\/de\\\/karmeliter-missionarinnen-in-burundi\\\/\"]}]},{\"@type\":\"ImageObject\",\"inLanguage\":\"de\",\"@id\":\"https:\\\/\\\/acninternational.org\\\/de\\\/karmeliter-missionarinnen-in-burundi\\\/#primaryimage\",\"url\":\"https:\\\/\\\/media.acninternational.org\\\/wp-content\\\/uploads\\\/2022\\\/04\\\/heading-6.png\",\"contentUrl\":\"https:\\\/\\\/media.acninternational.org\\\/wp-content\\\/uploads\\\/2022\\\/04\\\/heading-6.png\",\"width\":2000,\"height\":625,\"caption\":\"Kinder im Klassenzimmer der Schule der Karmeliterinnen vom Kinde Jesu in Burundi\"},{\"@type\":\"BreadcrumbList\",\"@id\":\"https:\\\/\\\/acninternational.org\\\/de\\\/karmeliter-missionarinnen-in-burundi\\\/#breadcrumb\",\"itemListElement\":[{\"@type\":\"ListItem\",\"position\":1,\"name\":\"Home\",\"item\":\"https:\\\/\\\/acninternational.org\\\/de\\\/\"},{\"@type\":\"ListItem\",\"position\":2,\"name\":\"Feature\",\"item\":\"https:\\\/\\\/acninternational.org\\\/de\\\/category\\\/feature\\\/\"},{\"@type\":\"ListItem\",\"position\":3,\"name\":\"Karmeliter-Missionarinnen in Burundi: \u201eM\u00fctter\u201c der Vers\u00f6hnung\"}]},{\"@type\":\"WebSite\",\"@id\":\"https:\\\/\\\/acninternational.org\\\/de\\\/#website\",\"url\":\"https:\\\/\\\/acninternational.org\\\/de\\\/\",\"name\":\"ACN International\",\"description\":\"\",\"publisher\":{\"@id\":\"https:\\\/\\\/acninternational.org\\\/de\\\/#organization\"},\"potentialAction\":[{\"@type\":\"SearchAction\",\"target\":{\"@type\":\"EntryPoint\",\"urlTemplate\":\"https:\\\/\\\/acninternational.org\\\/de\\\/?s={search_term_string}\"},\"query-input\":{\"@type\":\"PropertyValueSpecification\",\"valueRequired\":true,\"valueName\":\"search_term_string\"}}],\"inLanguage\":\"de\"},{\"@type\":\"Organization\",\"@id\":\"https:\\\/\\\/acninternational.org\\\/de\\\/#organization\",\"name\":\"Aid to the Church in Need International\",\"url\":\"https:\\\/\\\/acninternational.org\\\/de\\\/\",\"logo\":{\"@type\":\"ImageObject\",\"inLanguage\":\"de\",\"@id\":\"https:\\\/\\\/acninternational.org\\\/de\\\/#\\\/schema\\\/logo\\\/image\\\/\",\"url\":\"https:\\\/\\\/media.acninternational.org\\\/wp-content\\\/uploads\\\/2019\\\/11\\\/acn_logo_blackvector.svg\",\"contentUrl\":\"https:\\\/\\\/media.acninternational.org\\\/wp-content\\\/uploads\\\/2019\\\/11\\\/acn_logo_blackvector.svg\",\"width\":232.6,\"height\":78,\"caption\":\"Aid to the Church in Need International\"},\"image\":{\"@id\":\"https:\\\/\\\/acninternational.org\\\/de\\\/#\\\/schema\\\/logo\\\/image\\\/\"},\"sameAs\":[\"https:\\\/\\\/www.facebook.com\\\/acninternationalorg\",\"https:\\\/\\\/x.com\\\/acn_int\",\"https:\\\/\\\/www.youtube.com\\\/channel\\\/UCQ-077gS0TnVzkhHmf1opZw\",\"https:\\\/\\\/www.instagram.com\\\/acn_international\\\/\"]},{\"@type\":\"Person\",\"@id\":\"https:\\\/\\\/acninternational.org\\\/de\\\/#\\\/schema\\\/person\\\/7f3dafb236b242fb2aa46be1411fd703\",\"name\":\"ACN Press Team\",\"description\":\"Lorem ipsum dolor sit amet, consectetur adipiscing elit, sed do eiusmod tempor incididunt ut labore et dolore magna aliqua. Ut enim ad minim veniam, quis nostrud exercitation ullamco laboris nisi ut aliquip ex ea commodo consequat.\",\"url\":\"https:\\\/\\\/acninternational.org\\\/de\\\/author\\\/acn-press-team\\\/\"}]}<\/script>\n<!-- \/ Yoast SEO Premium plugin. -->","yoast_head_json":{"title":"Karmeliter-Missionarinnen in Burundi: \u201eM\u00fctter\u201c der Vers\u00f6hnung | ACN International","description":"All diese T\u00e4tigkeiten haben uns motiviert, unser Gebet zu intensivieren und vor allem um Vers\u00f6hnung in Burundi zu bitten.","robots":{"index":"index","follow":"follow","max-snippet":"max-snippet:-1","max-image-preview":"max-image-preview:large","max-video-preview":"max-video-preview:-1"},"canonical":"https:\/\/acninternational.org\/de\/karmeliter-missionarinnen-in-burundi\/","og_locale":"de_DE","og_type":"article","og_title":"Karmeliter-Missionarinnen in Burundi: \u201eM\u00fctter\u201c der Vers\u00f6hnung","og_description":"All diese T\u00e4tigkeiten haben uns motiviert, unser Gebet zu intensivieren und vor allem um Vers\u00f6hnung in Burundi zu bitten.","og_url":"https:\/\/acninternational.org\/de\/karmeliter-missionarinnen-in-burundi\/","og_site_name":"ACN International","article_publisher":"https:\/\/www.facebook.com\/acninternationalorg","article_published_time":"2022-04-11T07:43:32+00:00","article_modified_time":"2022-04-11T08:00:32+00:00","og_image":[{"width":2000,"height":625,"url":"https:\/\/media.acninternational.org\/wp-content\/uploads\/2022\/04\/heading-6.png","type":"image\/png"}],"author":"ACN Press Team","twitter_card":"summary_large_image","twitter_creator":"@acn_int","twitter_site":"@acn_int","twitter_misc":{"Verfasst von":"ACN Press Team","Gesch\u00e4tzte Lesezeit":"6\u00a0Minuten"},"schema":{"@context":"https:\/\/schema.org","@graph":[{"@type":"Article","@id":"https:\/\/acninternational.org\/de\/karmeliter-missionarinnen-in-burundi\/#article","isPartOf":{"@id":"https:\/\/acninternational.org\/de\/karmeliter-missionarinnen-in-burundi\/"},"author":{"name":"ACN Press Team","@id":"https:\/\/acninternational.org\/de\/#\/schema\/person\/7f3dafb236b242fb2aa46be1411fd703"},"headline":"Karmeliter-Missionarinnen in Burundi: \u201eM\u00fctter\u201c der Vers\u00f6hnung","datePublished":"2022-04-11T07:43:32+00:00","dateModified":"2022-04-11T08:00:32+00:00","mainEntityOfPage":{"@id":"https:\/\/acninternational.org\/de\/karmeliter-missionarinnen-in-burundi\/"},"wordCount":1151,"publisher":{"@id":"https:\/\/acninternational.org\/de\/#organization"},"image":{"@id":"https:\/\/acninternational.org\/de\/karmeliter-missionarinnen-in-burundi\/#primaryimage"},"thumbnailUrl":"https:\/\/media.acninternational.org\/wp-content\/uploads\/2022\/04\/heading-6.png","articleSection":["Feature"],"inLanguage":"de"},{"@type":"WebPage","@id":"https:\/\/acninternational.org\/de\/karmeliter-missionarinnen-in-burundi\/","url":"https:\/\/acninternational.org\/de\/karmeliter-missionarinnen-in-burundi\/","name":"Karmeliter-Missionarinnen in Burundi: \u201eM\u00fctter\u201c der Vers\u00f6hnung | ACN International","isPartOf":{"@id":"https:\/\/acninternational.org\/de\/#website"},"primaryImageOfPage":{"@id":"https:\/\/acninternational.org\/de\/karmeliter-missionarinnen-in-burundi\/#primaryimage"},"image":{"@id":"https:\/\/acninternational.org\/de\/karmeliter-missionarinnen-in-burundi\/#primaryimage"},"thumbnailUrl":"https:\/\/media.acninternational.org\/wp-content\/uploads\/2022\/04\/heading-6.png","datePublished":"2022-04-11T07:43:32+00:00","dateModified":"2022-04-11T08:00:32+00:00","description":"All diese T\u00e4tigkeiten haben uns motiviert, unser Gebet zu intensivieren und vor allem um Vers\u00f6hnung in Burundi zu bitten.","breadcrumb":{"@id":"https:\/\/acninternational.org\/de\/karmeliter-missionarinnen-in-burundi\/#breadcrumb"},"inLanguage":"de","potentialAction":[{"@type":"ReadAction","target":["https:\/\/acninternational.org\/de\/karmeliter-missionarinnen-in-burundi\/"]}]},{"@type":"ImageObject","inLanguage":"de","@id":"https:\/\/acninternational.org\/de\/karmeliter-missionarinnen-in-burundi\/#primaryimage","url":"https:\/\/media.acninternational.org\/wp-content\/uploads\/2022\/04\/heading-6.png","contentUrl":"https:\/\/media.acninternational.org\/wp-content\/uploads\/2022\/04\/heading-6.png","width":2000,"height":625,"caption":"Kinder im Klassenzimmer der Schule der Karmeliterinnen vom Kinde Jesu in Burundi"},{"@type":"BreadcrumbList","@id":"https:\/\/acninternational.org\/de\/karmeliter-missionarinnen-in-burundi\/#breadcrumb","itemListElement":[{"@type":"ListItem","position":1,"name":"Home","item":"https:\/\/acninternational.org\/de\/"},{"@type":"ListItem","position":2,"name":"Feature","item":"https:\/\/acninternational.org\/de\/category\/feature\/"},{"@type":"ListItem","position":3,"name":"Karmeliter-Missionarinnen in Burundi: \u201eM\u00fctter\u201c der Vers\u00f6hnung"}]},{"@type":"WebSite","@id":"https:\/\/acninternational.org\/de\/#website","url":"https:\/\/acninternational.org\/de\/","name":"ACN International","description":"","publisher":{"@id":"https:\/\/acninternational.org\/de\/#organization"},"potentialAction":[{"@type":"SearchAction","target":{"@type":"EntryPoint","urlTemplate":"https:\/\/acninternational.org\/de\/?s={search_term_string}"},"query-input":{"@type":"PropertyValueSpecification","valueRequired":true,"valueName":"search_term_string"}}],"inLanguage":"de"},{"@type":"Organization","@id":"https:\/\/acninternational.org\/de\/#organization","name":"Aid to the Church in Need International","url":"https:\/\/acninternational.org\/de\/","logo":{"@type":"ImageObject","inLanguage":"de","@id":"https:\/\/acninternational.org\/de\/#\/schema\/logo\/image\/","url":"https:\/\/media.acninternational.org\/wp-content\/uploads\/2019\/11\/acn_logo_blackvector.svg","contentUrl":"https:\/\/media.acninternational.org\/wp-content\/uploads\/2019\/11\/acn_logo_blackvector.svg","width":232.6,"height":78,"caption":"Aid to the Church in Need International"},"image":{"@id":"https:\/\/acninternational.org\/de\/#\/schema\/logo\/image\/"},"sameAs":["https:\/\/www.facebook.com\/acninternationalorg","https:\/\/x.com\/acn_int","https:\/\/www.youtube.com\/channel\/UCQ-077gS0TnVzkhHmf1opZw","https:\/\/www.instagram.com\/acn_international\/"]},{"@type":"Person","@id":"https:\/\/acninternational.org\/de\/#\/schema\/person\/7f3dafb236b242fb2aa46be1411fd703","name":"ACN Press Team","description":"Lorem ipsum dolor sit amet, consectetur adipiscing elit, sed do eiusmod tempor incididunt ut labore et dolore magna aliqua. Ut enim ad minim veniam, quis nostrud exercitation ullamco laboris nisi ut aliquip ex ea commodo consequat.","url":"https:\/\/acninternational.org\/de\/author\/acn-press-team\/"}]}},"_links":{"self":[{"href":"https:\/\/acninternational.org\/de\/wp-json\/wp\/v2\/posts\/169130","targetHints":{"allow":["GET"]}}],"collection":[{"href":"https:\/\/acninternational.org\/de\/wp-json\/wp\/v2\/posts"}],"about":[{"href":"https:\/\/acninternational.org\/de\/wp-json\/wp\/v2\/types\/post"}],"author":[{"embeddable":true,"href":"https:\/\/acninternational.org\/de\/wp-json\/wp\/v2\/users\/4258341447"}],"replies":[{"embeddable":true,"href":"https:\/\/acninternational.org\/de\/wp-json\/wp\/v2\/comments?post=169130"}],"version-history":[{"count":0,"href":"https:\/\/acninternational.org\/de\/wp-json\/wp\/v2\/posts\/169130\/revisions"}],"wp:featuredmedia":[{"embeddable":true,"href":"https:\/\/acninternational.org\/de\/wp-json\/wp\/v2\/media\/169115"}],"wp:attachment":[{"href":"https:\/\/acninternational.org\/de\/wp-json\/wp\/v2\/media?parent=169130"}],"wp:term":[{"taxonomy":"category","embeddable":true,"href":"https:\/\/acninternational.org\/de\/wp-json\/wp\/v2\/categories?post=169130"},{"taxonomy":"post_tag","embeddable":true,"href":"https:\/\/acninternational.org\/de\/wp-json\/wp\/v2\/tags?post=169130"},{"taxonomy":"country","embeddable":true,"href":"https:\/\/acninternational.org\/de\/wp-json\/wp\/v2\/country?post=169130"}],"curies":[{"name":"wp","href":"https:\/\/api.w.org\/{rel}","templated":true}]}}