{"id":168432,"date":"2022-03-25T09:28:18","date_gmt":"2022-03-25T08:28:18","guid":{"rendered":"https:\/\/acninternational.org\/?p=168432"},"modified":"2022-03-25T09:47:51","modified_gmt":"2022-03-25T08:47:51","slug":"weihe-an-das-marias-unbefleckte-herz-russland-und-ukraine","status":"publish","type":"post","link":"https:\/\/acninternational.org\/de\/weihe-an-das-marias-unbefleckte-herz-russland-und-ukraine\/","title":{"rendered":"Ukraine: \u201eWir glauben an die Hilfe der Gottesmutter Maria\u201c"},"content":{"rendered":"<p>Bisch\u00f6fe in umk\u00e4mpften Gebieten setzen Hoffnung in den weltweiten Weiheakt von Papst Franziskus<\/p>\n<p>Vier Wochen nach Beginn des Krieges setzen viele Gl\u00e4ubige in der Ukraine gro\u00dfe Hoffnung in die j\u00fcngste Initiative von Papst Franziskus, Russland und die Ukraine dem Unbefleckten Herzen Mariens zu weihen. So erkl\u00e4rte Bischof Stanislav Szyrokoradiuk aus Odessa dem weltweiten Hilfswerk Aid to the Church in Need (ACN): \u201eMit gro\u00dfer Hoffnung beten wir mit der ganzen Welt und bitten um das Gebet. Wir glauben an die Hilfe der Gottesmutter Maria.\u201c<\/p>\n<p><strong>\u201eMein Gott, so viele Menschen sterben t\u00e4glich\u201c<\/strong><\/p>\n<p>W\u00e4hrend Odessa in den ersten vier Kriegswochen noch weitgehend von K\u00e4mpfen verschont blieb, stehe seine Bischofsstadt nun unter Beschuss und es g\u00e4be h\u00e4ufig Luftalarm, teilte Szyrokoradiuk besorgt mit. \u201eWir f\u00fcrchten st\u00e4ndig einen Angriff vom Meer aus.\u201c<\/p>\n<p>Odessa liegt am Schwarzen Meer und unweit der Krim, wo zahlreiche russische Milit\u00e4rschiffe stationiert sind. Die Gedanken an seine Gemeinden und die Menschen in der Region bereiteten ihm st\u00e4ndig \u201eAngst und Schmerz\u201c, klagte der Bischof: \u201eMein Gott, so viele Menschen sterben t\u00e4glich!\u201c<\/p>\n<p>Trotz anschwellender K\u00e4mpfe haben sich die katholischen Gemeinden in Odessa und weiteren Regionen des Landes mit Novenen und Andachten auf den Weiheakt vorbereitet. So auch in Charkiw im Osten der Ukraine. Von dort meldete sich Bischof Pavlo Honcharuk mit einer Videobotschaft bei ACN: \u201eIch m\u00f6chte mit Ihnen meine Freude teilen \u00fcber die Initiative von Papst Franziskus, Russland und die Ukraine dem Unbefleckten Herzen Mariens zu weihen.\u201c<\/p>\n<figure id=\"attachment_168427\" aria-describedby=\"caption-attachment-168427\" style=\"width: 670px\" class=\"wp-caption alignnone\"><img loading=\"lazy\" decoding=\"async\" class=\"wp-image-168427 size-full\" src=\"https:\/\/media.acninternational.org\/wp-content\/uploads\/2022\/03\/pequenya-4.jpg\" alt=\"Ukrainische Katholiken beten zur Mutter Gottes f\u00fcr den Frieden.\" width=\"670\" height=\"400\" srcset=\"https:\/\/media.acninternational.org\/wp-content\/uploads\/2022\/03\/pequenya-4.jpg 670w, https:\/\/media.acninternational.org\/wp-content\/uploads\/2022\/03\/pequenya-4-300x179.jpg 300w\" sizes=\"auto, (max-width: 670px) 100vw, 670px\" \/><figcaption id=\"caption-attachment-168427\" class=\"wp-caption-text\">Ukrainische Katholiken beten zur Mutter Gottes f\u00fcr den Frieden.<\/figcaption><\/figure>\n<p>Charkiw geh\u00f6rt seit Beginn des Krieges zu den am heftigsten umk\u00e4mpften Regionen des Landes. Bischof Honcharuk dokumentierte f\u00fcr ACN k\u00fcrzlich die Zerst\u00f6rung von privaten Wohngeb\u00e4uden. Auch das Dach seines Bischofshauses wurde von einem Projektil getroffen.<\/p>\n<p><strong>Weihe ist \u201eZeichen des Sieges Gottes\u201c<\/strong><\/p>\n<p>Inmitten des Leids und der Zerst\u00f6rung sei der Weiheakt \u201eein Zeichen des Sieges Gottes, der Liebe, der G\u00fcte und des Lebens\u201c, erkl\u00e4rte Bischof Honcharuk weiter. \u201eAuch unsere Di\u00f6zese sowie andere Di\u00f6zesen in der Ukraine haben mit den Vorbereitungen f\u00fcr Novenen zum Unbefleckten Herzen Mariens begonnen, und wir bereiten uns jetzt auf ein so sch\u00f6nes Ereignis vor\u201c. Bischof Honcharuk rief in seiner Botschaft an ACN dazu auf \u201eden Rosenkranz um die F\u00fcrsprache Mariens zu beten. M\u00f6ge Gott Sie alle segnen!\u201c<\/p>\n<p>Papst Franziskus wird die Weihe an das Unbefleckte Herz Mariens am 25. M\u00e4rz um 17:00 Uhr im Petersdom in Rom vollziehen. Er hat auch die Bisch\u00f6fe weltweit aufgefordert, sich diesem Akt anzuschlie\u00dfen.<\/p>\n<p>Mit der Weihe entspricht Papst Franziskus der Bitte der ukrainischen Bischofskonferenz und zahlreicher Gl\u00e4ubiger weltweit. Der Weiheakt hat seine Wurzeln in den Marienerscheinungen im portugiesischen Fatima im Jahr 1917.<\/p>\n<p>Mehrfach haben die P\u00e4pste die Weihe der gesamten Menschheit an das Herz Mariens vollzogen, vor allem Papst Johannes Paul II. im Jahr 1984 zusammen mit den Bisch\u00f6fen der Welt. Zum bevorstehenden Weiheakt am 25. M\u00e4rz hat der Vatikan ein eigenes Weihegebet ver\u00f6ffentlicht. K\u00fcrzlich wurde auch eine Kopie der Statue von Fatima in die Ukraine geschickt und dort feierlich empfangen.<\/p>\n","protected":false},"excerpt":{"rendered":"<p>Die Bisch\u00f6fe der umstrittenen Gebiete setzen ihre Hoffnung auf die internationale Weihe von Papst Franziskus. Die Weihe ist &#8222;ein Zeichen f\u00fcr den Sieg Gottes&#8220;.<\/p>\n","protected":false},"author":4258341447,"featured_media":168418,"comment_status":"closed","ping_status":"closed","sticky":false,"template":"","format":"standard","meta":{"_acf_changed":false,"_acn_coauthor_ids":[],"footnotes":""},"categories":[924],"tags":[],"country":[156],"class_list":["post-168432","post","type-post","status-publish","format-standard","has-post-thumbnail","hentry","category-feature","country-ukraine"],"acn_coauthors":[],"acf":[],"yoast_head":"<!-- This site is optimized with the Yoast SEO Premium plugin v27.3 (Yoast SEO v27.3) - https:\/\/yoast.com\/product\/yoast-seo-premium-wordpress\/ -->\n<title>Ukraine: \u201eWir glauben an die Hilfe der Gottesmutter Maria\u201c | ACN International<\/title>\n<meta name=\"description\" content=\"Die Bisch\u00f6fe der umstrittenen Gebiete setzen ihre Hoffnung auf die internationale Weihe von Papst Franziskus, &quot;Zeichen f\u00fcr den Sieg Gottes&quot;.\" \/>\n<meta name=\"robots\" content=\"index, follow, max-snippet:-1, max-image-preview:large, max-video-preview:-1\" \/>\n<link rel=\"canonical\" href=\"https:\/\/acninternational.org\/de\/weihe-an-das-marias-unbefleckte-herz-russland-und-ukraine\/\" \/>\n<meta property=\"og:locale\" content=\"de_DE\" \/>\n<meta property=\"og:type\" content=\"article\" \/>\n<meta property=\"og:title\" content=\"Ukraine: \u201eWir glauben an die Hilfe der Gottesmutter Maria\u201c\" \/>\n<meta property=\"og:description\" content=\"Die Bisch\u00f6fe der umstrittenen Gebiete setzen ihre Hoffnung auf die internationale Weihe von Papst Franziskus, &quot;Zeichen f\u00fcr den Sieg Gottes&quot;.\" \/>\n<meta property=\"og:url\" content=\"https:\/\/acninternational.org\/de\/weihe-an-das-marias-unbefleckte-herz-russland-und-ukraine\/\" \/>\n<meta property=\"og:site_name\" content=\"ACN International\" \/>\n<meta property=\"article:publisher\" content=\"https:\/\/www.facebook.com\/acninternationalorg\" \/>\n<meta property=\"article:published_time\" content=\"2022-03-25T08:28:18+00:00\" \/>\n<meta property=\"article:modified_time\" content=\"2022-03-25T08:47:51+00:00\" \/>\n<meta property=\"og:image\" content=\"https:\/\/media.acninternational.org\/wp-content\/uploads\/2022\/03\/heading-5.jpg\" \/>\n\t<meta property=\"og:image:width\" content=\"2000\" \/>\n\t<meta property=\"og:image:height\" content=\"625\" \/>\n\t<meta property=\"og:image:type\" content=\"image\/jpeg\" \/>\n<meta name=\"author\" content=\"ACN Press Team\" \/>\n<meta name=\"twitter:card\" content=\"summary_large_image\" \/>\n<meta name=\"twitter:creator\" content=\"@acn_int\" \/>\n<meta name=\"twitter:site\" content=\"@acn_int\" \/>\n<meta name=\"twitter:label1\" content=\"Verfasst von\" \/>\n\t<meta name=\"twitter:data1\" content=\"ACN Press Team\" \/>\n\t<meta name=\"twitter:label2\" content=\"Gesch\u00e4tzte Lesezeit\" \/>\n\t<meta name=\"twitter:data2\" content=\"3\u00a0Minuten\" \/>\n<script type=\"application\/ld+json\" class=\"yoast-schema-graph\">{\"@context\":\"https:\\\/\\\/schema.org\",\"@graph\":[{\"@type\":\"Article\",\"@id\":\"https:\\\/\\\/acninternational.org\\\/de\\\/weihe-an-das-marias-unbefleckte-herz-russland-und-ukraine\\\/#article\",\"isPartOf\":{\"@id\":\"https:\\\/\\\/acninternational.org\\\/de\\\/weihe-an-das-marias-unbefleckte-herz-russland-und-ukraine\\\/\"},\"author\":{\"name\":\"ACN Press Team\",\"@id\":\"https:\\\/\\\/acninternational.org\\\/de\\\/#\\\/schema\\\/person\\\/7f3dafb236b242fb2aa46be1411fd703\"},\"headline\":\"Ukraine: \u201eWir glauben an die Hilfe der Gottesmutter Maria\u201c\",\"datePublished\":\"2022-03-25T08:28:18+00:00\",\"dateModified\":\"2022-03-25T08:47:51+00:00\",\"mainEntityOfPage\":{\"@id\":\"https:\\\/\\\/acninternational.org\\\/de\\\/weihe-an-das-marias-unbefleckte-herz-russland-und-ukraine\\\/\"},\"wordCount\":538,\"publisher\":{\"@id\":\"https:\\\/\\\/acninternational.org\\\/de\\\/#organization\"},\"image\":{\"@id\":\"https:\\\/\\\/acninternational.org\\\/de\\\/weihe-an-das-marias-unbefleckte-herz-russland-und-ukraine\\\/#primaryimage\"},\"thumbnailUrl\":\"https:\\\/\\\/media.acninternational.org\\\/wp-content\\\/uploads\\\/2022\\\/03\\\/heading-5.jpg\",\"articleSection\":[\"Feature\"],\"inLanguage\":\"de\"},{\"@type\":\"WebPage\",\"@id\":\"https:\\\/\\\/acninternational.org\\\/de\\\/weihe-an-das-marias-unbefleckte-herz-russland-und-ukraine\\\/\",\"url\":\"https:\\\/\\\/acninternational.org\\\/de\\\/weihe-an-das-marias-unbefleckte-herz-russland-und-ukraine\\\/\",\"name\":\"Ukraine: \u201eWir glauben an die Hilfe der Gottesmutter Maria\u201c | ACN International\",\"isPartOf\":{\"@id\":\"https:\\\/\\\/acninternational.org\\\/de\\\/#website\"},\"primaryImageOfPage\":{\"@id\":\"https:\\\/\\\/acninternational.org\\\/de\\\/weihe-an-das-marias-unbefleckte-herz-russland-und-ukraine\\\/#primaryimage\"},\"image\":{\"@id\":\"https:\\\/\\\/acninternational.org\\\/de\\\/weihe-an-das-marias-unbefleckte-herz-russland-und-ukraine\\\/#primaryimage\"},\"thumbnailUrl\":\"https:\\\/\\\/media.acninternational.org\\\/wp-content\\\/uploads\\\/2022\\\/03\\\/heading-5.jpg\",\"datePublished\":\"2022-03-25T08:28:18+00:00\",\"dateModified\":\"2022-03-25T08:47:51+00:00\",\"description\":\"Die Bisch\u00f6fe der umstrittenen Gebiete setzen ihre Hoffnung auf die internationale Weihe von Papst Franziskus, \\\"Zeichen f\u00fcr den Sieg Gottes\\\".\",\"breadcrumb\":{\"@id\":\"https:\\\/\\\/acninternational.org\\\/de\\\/weihe-an-das-marias-unbefleckte-herz-russland-und-ukraine\\\/#breadcrumb\"},\"inLanguage\":\"de\",\"potentialAction\":[{\"@type\":\"ReadAction\",\"target\":[\"https:\\\/\\\/acninternational.org\\\/de\\\/weihe-an-das-marias-unbefleckte-herz-russland-und-ukraine\\\/\"]}]},{\"@type\":\"ImageObject\",\"inLanguage\":\"de\",\"@id\":\"https:\\\/\\\/acninternational.org\\\/de\\\/weihe-an-das-marias-unbefleckte-herz-russland-und-ukraine\\\/#primaryimage\",\"url\":\"https:\\\/\\\/media.acninternational.org\\\/wp-content\\\/uploads\\\/2022\\\/03\\\/heading-5.jpg\",\"contentUrl\":\"https:\\\/\\\/media.acninternational.org\\\/wp-content\\\/uploads\\\/2022\\\/03\\\/heading-5.jpg\",\"width\":2000,\"height\":625,\"caption\":\"Pilgerbild der Fatima, das nach Lviv geschickt wurde.\"},{\"@type\":\"BreadcrumbList\",\"@id\":\"https:\\\/\\\/acninternational.org\\\/de\\\/weihe-an-das-marias-unbefleckte-herz-russland-und-ukraine\\\/#breadcrumb\",\"itemListElement\":[{\"@type\":\"ListItem\",\"position\":1,\"name\":\"Home\",\"item\":\"https:\\\/\\\/acninternational.org\\\/de\\\/\"},{\"@type\":\"ListItem\",\"position\":2,\"name\":\"Feature\",\"item\":\"https:\\\/\\\/acninternational.org\\\/de\\\/category\\\/feature\\\/\"},{\"@type\":\"ListItem\",\"position\":3,\"name\":\"Ukraine: \u201eWir glauben an die Hilfe der Gottesmutter Maria\u201c\"}]},{\"@type\":\"WebSite\",\"@id\":\"https:\\\/\\\/acninternational.org\\\/de\\\/#website\",\"url\":\"https:\\\/\\\/acninternational.org\\\/de\\\/\",\"name\":\"ACN International\",\"description\":\"\",\"publisher\":{\"@id\":\"https:\\\/\\\/acninternational.org\\\/de\\\/#organization\"},\"potentialAction\":[{\"@type\":\"SearchAction\",\"target\":{\"@type\":\"EntryPoint\",\"urlTemplate\":\"https:\\\/\\\/acninternational.org\\\/de\\\/?s={search_term_string}\"},\"query-input\":{\"@type\":\"PropertyValueSpecification\",\"valueRequired\":true,\"valueName\":\"search_term_string\"}}],\"inLanguage\":\"de\"},{\"@type\":\"Organization\",\"@id\":\"https:\\\/\\\/acninternational.org\\\/de\\\/#organization\",\"name\":\"Aid to the Church in Need International\",\"url\":\"https:\\\/\\\/acninternational.org\\\/de\\\/\",\"logo\":{\"@type\":\"ImageObject\",\"inLanguage\":\"de\",\"@id\":\"https:\\\/\\\/acninternational.org\\\/de\\\/#\\\/schema\\\/logo\\\/image\\\/\",\"url\":\"https:\\\/\\\/media.acninternational.org\\\/wp-content\\\/uploads\\\/2019\\\/11\\\/acn_logo_blackvector.svg\",\"contentUrl\":\"https:\\\/\\\/media.acninternational.org\\\/wp-content\\\/uploads\\\/2019\\\/11\\\/acn_logo_blackvector.svg\",\"width\":232.6,\"height\":78,\"caption\":\"Aid to the Church in Need International\"},\"image\":{\"@id\":\"https:\\\/\\\/acninternational.org\\\/de\\\/#\\\/schema\\\/logo\\\/image\\\/\"},\"sameAs\":[\"https:\\\/\\\/www.facebook.com\\\/acninternationalorg\",\"https:\\\/\\\/x.com\\\/acn_int\",\"https:\\\/\\\/www.youtube.com\\\/channel\\\/UCQ-077gS0TnVzkhHmf1opZw\",\"https:\\\/\\\/www.instagram.com\\\/acn_international\\\/\"]},{\"@type\":\"Person\",\"@id\":\"https:\\\/\\\/acninternational.org\\\/de\\\/#\\\/schema\\\/person\\\/7f3dafb236b242fb2aa46be1411fd703\",\"name\":\"ACN Press Team\",\"description\":\"Lorem ipsum dolor sit amet, consectetur adipiscing elit, sed do eiusmod tempor incididunt ut labore et dolore magna aliqua. Ut enim ad minim veniam, quis nostrud exercitation ullamco laboris nisi ut aliquip ex ea commodo consequat.\",\"url\":\"https:\\\/\\\/acninternational.org\\\/de\\\/author\\\/acn-press-team\\\/\"}]}<\/script>\n<!-- \/ Yoast SEO Premium plugin. -->","yoast_head_json":{"title":"Ukraine: \u201eWir glauben an die Hilfe der Gottesmutter Maria\u201c | ACN International","description":"Die Bisch\u00f6fe der umstrittenen Gebiete setzen ihre Hoffnung auf die internationale Weihe von Papst Franziskus, \"Zeichen f\u00fcr den Sieg Gottes\".","robots":{"index":"index","follow":"follow","max-snippet":"max-snippet:-1","max-image-preview":"max-image-preview:large","max-video-preview":"max-video-preview:-1"},"canonical":"https:\/\/acninternational.org\/de\/weihe-an-das-marias-unbefleckte-herz-russland-und-ukraine\/","og_locale":"de_DE","og_type":"article","og_title":"Ukraine: \u201eWir glauben an die Hilfe der Gottesmutter Maria\u201c","og_description":"Die Bisch\u00f6fe der umstrittenen Gebiete setzen ihre Hoffnung auf die internationale Weihe von Papst Franziskus, \"Zeichen f\u00fcr den Sieg Gottes\".","og_url":"https:\/\/acninternational.org\/de\/weihe-an-das-marias-unbefleckte-herz-russland-und-ukraine\/","og_site_name":"ACN International","article_publisher":"https:\/\/www.facebook.com\/acninternationalorg","article_published_time":"2022-03-25T08:28:18+00:00","article_modified_time":"2022-03-25T08:47:51+00:00","og_image":[{"width":2000,"height":625,"url":"https:\/\/media.acninternational.org\/wp-content\/uploads\/2022\/03\/heading-5.jpg","type":"image\/jpeg"}],"author":"ACN Press Team","twitter_card":"summary_large_image","twitter_creator":"@acn_int","twitter_site":"@acn_int","twitter_misc":{"Verfasst von":"ACN Press Team","Gesch\u00e4tzte Lesezeit":"3\u00a0Minuten"},"schema":{"@context":"https:\/\/schema.org","@graph":[{"@type":"Article","@id":"https:\/\/acninternational.org\/de\/weihe-an-das-marias-unbefleckte-herz-russland-und-ukraine\/#article","isPartOf":{"@id":"https:\/\/acninternational.org\/de\/weihe-an-das-marias-unbefleckte-herz-russland-und-ukraine\/"},"author":{"name":"ACN Press Team","@id":"https:\/\/acninternational.org\/de\/#\/schema\/person\/7f3dafb236b242fb2aa46be1411fd703"},"headline":"Ukraine: \u201eWir glauben an die Hilfe der Gottesmutter Maria\u201c","datePublished":"2022-03-25T08:28:18+00:00","dateModified":"2022-03-25T08:47:51+00:00","mainEntityOfPage":{"@id":"https:\/\/acninternational.org\/de\/weihe-an-das-marias-unbefleckte-herz-russland-und-ukraine\/"},"wordCount":538,"publisher":{"@id":"https:\/\/acninternational.org\/de\/#organization"},"image":{"@id":"https:\/\/acninternational.org\/de\/weihe-an-das-marias-unbefleckte-herz-russland-und-ukraine\/#primaryimage"},"thumbnailUrl":"https:\/\/media.acninternational.org\/wp-content\/uploads\/2022\/03\/heading-5.jpg","articleSection":["Feature"],"inLanguage":"de"},{"@type":"WebPage","@id":"https:\/\/acninternational.org\/de\/weihe-an-das-marias-unbefleckte-herz-russland-und-ukraine\/","url":"https:\/\/acninternational.org\/de\/weihe-an-das-marias-unbefleckte-herz-russland-und-ukraine\/","name":"Ukraine: \u201eWir glauben an die Hilfe der Gottesmutter Maria\u201c | ACN International","isPartOf":{"@id":"https:\/\/acninternational.org\/de\/#website"},"primaryImageOfPage":{"@id":"https:\/\/acninternational.org\/de\/weihe-an-das-marias-unbefleckte-herz-russland-und-ukraine\/#primaryimage"},"image":{"@id":"https:\/\/acninternational.org\/de\/weihe-an-das-marias-unbefleckte-herz-russland-und-ukraine\/#primaryimage"},"thumbnailUrl":"https:\/\/media.acninternational.org\/wp-content\/uploads\/2022\/03\/heading-5.jpg","datePublished":"2022-03-25T08:28:18+00:00","dateModified":"2022-03-25T08:47:51+00:00","description":"Die Bisch\u00f6fe der umstrittenen Gebiete setzen ihre Hoffnung auf die internationale Weihe von Papst Franziskus, \"Zeichen f\u00fcr den Sieg Gottes\".","breadcrumb":{"@id":"https:\/\/acninternational.org\/de\/weihe-an-das-marias-unbefleckte-herz-russland-und-ukraine\/#breadcrumb"},"inLanguage":"de","potentialAction":[{"@type":"ReadAction","target":["https:\/\/acninternational.org\/de\/weihe-an-das-marias-unbefleckte-herz-russland-und-ukraine\/"]}]},{"@type":"ImageObject","inLanguage":"de","@id":"https:\/\/acninternational.org\/de\/weihe-an-das-marias-unbefleckte-herz-russland-und-ukraine\/#primaryimage","url":"https:\/\/media.acninternational.org\/wp-content\/uploads\/2022\/03\/heading-5.jpg","contentUrl":"https:\/\/media.acninternational.org\/wp-content\/uploads\/2022\/03\/heading-5.jpg","width":2000,"height":625,"caption":"Pilgerbild der Fatima, das nach Lviv geschickt wurde."},{"@type":"BreadcrumbList","@id":"https:\/\/acninternational.org\/de\/weihe-an-das-marias-unbefleckte-herz-russland-und-ukraine\/#breadcrumb","itemListElement":[{"@type":"ListItem","position":1,"name":"Home","item":"https:\/\/acninternational.org\/de\/"},{"@type":"ListItem","position":2,"name":"Feature","item":"https:\/\/acninternational.org\/de\/category\/feature\/"},{"@type":"ListItem","position":3,"name":"Ukraine: \u201eWir glauben an die Hilfe der Gottesmutter Maria\u201c"}]},{"@type":"WebSite","@id":"https:\/\/acninternational.org\/de\/#website","url":"https:\/\/acninternational.org\/de\/","name":"ACN International","description":"","publisher":{"@id":"https:\/\/acninternational.org\/de\/#organization"},"potentialAction":[{"@type":"SearchAction","target":{"@type":"EntryPoint","urlTemplate":"https:\/\/acninternational.org\/de\/?s={search_term_string}"},"query-input":{"@type":"PropertyValueSpecification","valueRequired":true,"valueName":"search_term_string"}}],"inLanguage":"de"},{"@type":"Organization","@id":"https:\/\/acninternational.org\/de\/#organization","name":"Aid to the Church in Need International","url":"https:\/\/acninternational.org\/de\/","logo":{"@type":"ImageObject","inLanguage":"de","@id":"https:\/\/acninternational.org\/de\/#\/schema\/logo\/image\/","url":"https:\/\/media.acninternational.org\/wp-content\/uploads\/2019\/11\/acn_logo_blackvector.svg","contentUrl":"https:\/\/media.acninternational.org\/wp-content\/uploads\/2019\/11\/acn_logo_blackvector.svg","width":232.6,"height":78,"caption":"Aid to the Church in Need International"},"image":{"@id":"https:\/\/acninternational.org\/de\/#\/schema\/logo\/image\/"},"sameAs":["https:\/\/www.facebook.com\/acninternationalorg","https:\/\/x.com\/acn_int","https:\/\/www.youtube.com\/channel\/UCQ-077gS0TnVzkhHmf1opZw","https:\/\/www.instagram.com\/acn_international\/"]},{"@type":"Person","@id":"https:\/\/acninternational.org\/de\/#\/schema\/person\/7f3dafb236b242fb2aa46be1411fd703","name":"ACN Press Team","description":"Lorem ipsum dolor sit amet, consectetur adipiscing elit, sed do eiusmod tempor incididunt ut labore et dolore magna aliqua. Ut enim ad minim veniam, quis nostrud exercitation ullamco laboris nisi ut aliquip ex ea commodo consequat.","url":"https:\/\/acninternational.org\/de\/author\/acn-press-team\/"}]}},"_links":{"self":[{"href":"https:\/\/acninternational.org\/de\/wp-json\/wp\/v2\/posts\/168432","targetHints":{"allow":["GET"]}}],"collection":[{"href":"https:\/\/acninternational.org\/de\/wp-json\/wp\/v2\/posts"}],"about":[{"href":"https:\/\/acninternational.org\/de\/wp-json\/wp\/v2\/types\/post"}],"author":[{"embeddable":true,"href":"https:\/\/acninternational.org\/de\/wp-json\/wp\/v2\/users\/4258341447"}],"replies":[{"embeddable":true,"href":"https:\/\/acninternational.org\/de\/wp-json\/wp\/v2\/comments?post=168432"}],"version-history":[{"count":0,"href":"https:\/\/acninternational.org\/de\/wp-json\/wp\/v2\/posts\/168432\/revisions"}],"wp:featuredmedia":[{"embeddable":true,"href":"https:\/\/acninternational.org\/de\/wp-json\/wp\/v2\/media\/168418"}],"wp:attachment":[{"href":"https:\/\/acninternational.org\/de\/wp-json\/wp\/v2\/media?parent=168432"}],"wp:term":[{"taxonomy":"category","embeddable":true,"href":"https:\/\/acninternational.org\/de\/wp-json\/wp\/v2\/categories?post=168432"},{"taxonomy":"post_tag","embeddable":true,"href":"https:\/\/acninternational.org\/de\/wp-json\/wp\/v2\/tags?post=168432"},{"taxonomy":"country","embeddable":true,"href":"https:\/\/acninternational.org\/de\/wp-json\/wp\/v2\/country?post=168432"}],"curies":[{"name":"wp","href":"https:\/\/api.w.org\/{rel}","templated":true}]}}