{"id":164219,"date":"2021-12-14T03:00:27","date_gmt":"2021-12-14T02:00:27","guid":{"rendered":"https:\/\/acninternational.org\/?p=164219"},"modified":"2021-12-14T12:29:41","modified_gmt":"2021-12-14T11:29:41","slug":"libanon-ich-wurde-zum-fluechtling-wie-das-jesuskind","status":"publish","type":"post","link":"https:\/\/acninternational.org\/de\/libanon-ich-wurde-zum-fluechtling-wie-das-jesuskind\/","title":{"rendered":"Libanon: \u201eIch wurde zum Fl\u00fcchtling, wie das Jesuskind\u201c"},"content":{"rendered":"<p>\u201eMein Name ist Majed. Ich lebe jetzt mit meiner Familie im Libanon, aber mein Vater hat mir erz\u00e4hlt, dass wir urspr\u00fcnglich aus Syrien stammen und dort zu Hause sind.\u201c Der zw\u00f6lfj\u00e4hrige Majed ist einer von Tausenden Fl\u00fcchtlingen, die ihr Land verlassen mussten und in der Stadt Zahl\u00e9 in der libanesischen Bekaa-Ebene Zuflucht gesucht haben.<\/p>\n<p><img loading=\"lazy\" decoding=\"async\" class=\"alignnone size-large wp-image-164200\" src=\"https:\/\/media.acninternational.org\/wp-content\/uploads\/2021\/12\/ACN-20210922-116970-1024x768.jpeg\" alt=\"\" width=\"800\" height=\"600\" srcset=\"https:\/\/media.acninternational.org\/wp-content\/uploads\/2021\/12\/ACN-20210922-116970-1024x768.jpeg 1024w, https:\/\/media.acninternational.org\/wp-content\/uploads\/2021\/12\/ACN-20210922-116970-300x225.jpeg 300w, https:\/\/media.acninternational.org\/wp-content\/uploads\/2021\/12\/ACN-20210922-116970-768x576.jpeg 768w, https:\/\/media.acninternational.org\/wp-content\/uploads\/2021\/12\/ACN-20210922-116970-1536x1152.jpeg 1536w, https:\/\/media.acninternational.org\/wp-content\/uploads\/2021\/12\/ACN-20210922-116970.jpeg 1920w\" sizes=\"auto, (max-width: 800px) 100vw, 800px\" \/><\/p>\n<p>Majed war damals erst drei Jahre alt; er hat keine Erinnerung an die Schrecken des Krieges in Syrien, von denen sein Vater Basman Abboud im Gespr\u00e4ch mit Aid to the Church in Need (ACN) erz\u00e4hlt: \u201eInnerhalb von sechs Monaten wurden mindestens 50 Menschen aus unserem Dorf get\u00f6tet. Andere wurden entf\u00fchrt, vielen wurde ihre Lebensgrundlage zerst\u00f6rt und niedergebrannt. Wir hielten es dort ein Jahr lang aus. Es war die H\u00f6lle: keine Arbeit, kein Strom, keine Schulen, kein Essen. Das Scharfsch\u00fctzenfeuer war eine t\u00e4gliche Bedrohung. Durch die Schulschlie\u00dfungen bekam eine ganze Generation keine Bildung.\u201c<\/p>\n<p>Von Beginn des Krieges an hatten die Christen das Gef\u00fchl, dass von ihnen lediglich erwartet wurde, dass sie weggingen. Viele Christen in Syrien berichten, dass die Terrorgruppen den Slogan wiederholten: \u201eAlawiten (die religi\u00f6se Konfession von Pr\u00e4sident Assad) in den Sarg, Christen nach Beirut (die Hauptstadt des Libanon)\u201c. \u201eEs war ein Krieg mit allen Konsequenzen. Noch bevor sich die Situation verschlimmerte, wussten wir, dass unsere Stra\u00dfen bereits vergeben waren. Einige erahnten sogar, wer das eine und wer das andere Haus bekommen w\u00fcrde\u201c, erz\u00e4hlt Basman Abboud tieftraurig.<\/p>\n<p><img loading=\"lazy\" decoding=\"async\" class=\"alignnone size-large wp-image-164206\" src=\"https:\/\/media.acninternational.org\/wp-content\/uploads\/2021\/12\/ACN-20210922-116975-1024x740.jpeg\" alt=\"\" width=\"800\" height=\"578\" srcset=\"https:\/\/media.acninternational.org\/wp-content\/uploads\/2021\/12\/ACN-20210922-116975-1024x740.jpeg 1024w, https:\/\/media.acninternational.org\/wp-content\/uploads\/2021\/12\/ACN-20210922-116975-300x217.jpeg 300w, https:\/\/media.acninternational.org\/wp-content\/uploads\/2021\/12\/ACN-20210922-116975-768x555.jpeg 768w, https:\/\/media.acninternational.org\/wp-content\/uploads\/2021\/12\/ACN-20210922-116975-1536x1110.jpeg 1536w, https:\/\/media.acninternational.org\/wp-content\/uploads\/2021\/12\/ACN-20210922-116975.jpeg 1920w\" sizes=\"auto, (max-width: 800px) 100vw, 800px\" \/><\/p>\n<p>Majed kann sich auch nicht mehr daran erinnern, wie sie aus ihrem Land geflohen sind, aber sein Vater Basman wird es nie vergessen: \u201eSie griffen uns mit Gewehren an; wir waren wehrlos. Sie t\u00f6teten f\u00fcnfzehn junge M\u00e4nner und brannten f\u00fcnf H\u00e4user nieder. Alle sind weggelaufen. Wir haben nichts mitgenommen, nur die Kleidung, die wir am K\u00f6rper trugen. Wir verlie\u00dfen unser Haus und liefen weg.\u201c Sie kamen am 20. M\u00e4rz 2012 in Zahl\u00e9 an, ein Datum, das die Familie nie vergessen wird, weil es ihre Geschichte auf tragische Weise gepr\u00e4gt hat. Zun\u00e4chst wohnten sie bei einem Verwandten, der einige Monate zuvor in Zahl\u00e9 Zuflucht gesucht hatte. Es war Winter und sie hatten keine Decken. Sie wohnten zu f\u00fcnfzehnt in einem Haus und schliefen in zwei Schichten, weil es nicht genug Platz f\u00fcr alle gab. In dieser Situation, so Majeds Vater, \u201eh\u00f6rten wir, dass der katholische Erzbischof den Fl\u00fcchtlingen hilft. Was w\u00e4re aus uns geworden ohne diese Hilfe des Bistums? Seit unserer Ankunft haben wir mit so vielen Problemen zu k\u00e4mpfen gehabt &#8230;\u201c<\/p>\n<p>Einige Monate sp\u00e4ter fand Basman Abboud eine Stelle. Sie zogen in ein Haus mit zwei Schlafzimmern. Das Gehalt reichte kaum aus, um die Miete, die Stromrechnung und andere laufende Kosten zu bezahlen. Deshalb ist die Familie von Basman und Majed auch dankbar, dass sie an dem Hilfsprogramm von \u201eSt. John the Merciful\u201c, der Suppenk\u00fcche der Di\u00f6zese, teilnehmen kann. Die Suppenk\u00fcche versorgt syrische Fl\u00fcchtlingsfamilien und libanesische Familien, die von der gro\u00dfen Krise betroffen sind.<\/p>\n<p>\u201eGott sei Dank. Denn ohne diese gro\u00dfz\u00fcgige Hilfe w\u00fcssten wir nicht, was wir tun sollten. Dazu kommt, dass wir wegen der Krise und der COVID-19-Pandemie seit einem Jahr keine Arbeit mehr haben. Wenn die Libanesen schon keine Arbeit haben und ihre Lebensbedingungen sehr schwierig sind, wie soll es uns dann gehen? Wir sind Fl\u00fcchtlinge im Libanon. Wir erhalten Unterst\u00fctzung auch im medizinischen Bereich: Das ebenfalls vom Bistum betriebene Tel-Chiha-Krankenhaus hat uns bei der Operation meiner Frau geholfen\u201c, sagt Basman.<\/p>\n<p><img loading=\"lazy\" decoding=\"async\" class=\"alignnone size-large wp-image-164212\" src=\"https:\/\/media.acninternational.org\/wp-content\/uploads\/2021\/12\/ACN-20210923-117055-1024x819.jpeg\" alt=\"\" width=\"800\" height=\"640\" srcset=\"https:\/\/media.acninternational.org\/wp-content\/uploads\/2021\/12\/ACN-20210923-117055-1024x819.jpeg 1024w, https:\/\/media.acninternational.org\/wp-content\/uploads\/2021\/12\/ACN-20210923-117055-300x240.jpeg 300w, https:\/\/media.acninternational.org\/wp-content\/uploads\/2021\/12\/ACN-20210923-117055-768x614.jpeg 768w, https:\/\/media.acninternational.org\/wp-content\/uploads\/2021\/12\/ACN-20210923-117055-1536x1229.jpeg 1536w, https:\/\/media.acninternational.org\/wp-content\/uploads\/2021\/12\/ACN-20210923-117055.jpeg 1920w\" sizes=\"auto, (max-width: 800px) 100vw, 800px\" \/><\/p>\n<p>Das Gebet habe die Familie in diesen Jahren des gro\u00dfen Leids und der Not stets begleitet und gest\u00e4rkt, da ist er sich sicher. \u201eDer Herr ist gegenw\u00e4rtig und wir vertrauen auf seine Gegenwart. Wir sind noch am Leben. Wir sind all denen dankbar, die Gutes tun. Ich bitte Gott, dass er sie belohnt. Denn wir k\u00f6nnen ihnen nicht vergelten, was sie tun. Gott sieht und wei\u00df alles, was sie f\u00fcr uns tun.\u201c<\/p>\n<p>Majed freut sich, dass bald Weihnachten ist. Allerdings ist es manchmal eine schwierige Zeit: \u201eIch bin zum Fl\u00fcchtling geworden, wie das Christkind, das mit seinen Eltern fliehen musste. Manchmal ist meine Familie traurig, wir bekommen Heimweh. Es gibt auch Tr\u00e4nen, wenn Papa uns erz\u00e4hlt, dass wir ein sch\u00f6nes Haus hatten, gro\u00df und hell. Die Kirche war weihnachtlich geschm\u00fcckt und hie\u00df alle willkommen; nun ist das alles verschwunden. Mein Weihnachtswunsch ist, dass die Menschen an Familien wie meine denken und uns Fl\u00fcchtlingen helfen, Hoffnung auf eine bessere Zukunft zu haben. Allen frohe Weihnachten!\u201c<\/p>\n","protected":false},"excerpt":{"rendered":"<p>\u201eMein Name ist Majed. Ich lebe jetzt mit meiner Familie im<\/p>\n","protected":false},"author":4258341447,"featured_media":164194,"comment_status":"closed","ping_status":"closed","sticky":false,"template":"","format":"standard","meta":{"_acf_changed":false,"_acn_coauthor_ids":[],"footnotes":""},"categories":[954],"tags":[],"country":[846],"class_list":["post-164219","post","type-post","status-publish","format-standard","has-post-thumbnail","hentry","category-news-de","country-libanon"],"acn_coauthors":[],"acf":[],"yoast_head":"<!-- This site is optimized with the Yoast SEO Premium plugin v27.3 (Yoast SEO v27.3) - https:\/\/yoast.com\/product\/yoast-seo-premium-wordpress\/ -->\n<title>Libanon: \u201eIch wurde zum Fl\u00fcchtling, wie das Jesuskind\u201c | ACN International<\/title>\n<meta name=\"robots\" content=\"index, follow, max-snippet:-1, max-image-preview:large, max-video-preview:-1\" \/>\n<link rel=\"canonical\" href=\"https:\/\/acninternational.org\/de\/libanon-ich-wurde-zum-fluechtling-wie-das-jesuskind\/\" \/>\n<meta property=\"og:locale\" content=\"de_DE\" \/>\n<meta property=\"og:type\" content=\"article\" \/>\n<meta property=\"og:title\" content=\"Libanon: \u201eIch wurde zum Fl\u00fcchtling, wie das Jesuskind\u201c\" \/>\n<meta property=\"og:description\" content=\"\u201eMein Name ist Majed. Ich lebe jetzt mit meiner Familie im\" \/>\n<meta property=\"og:url\" content=\"https:\/\/acninternational.org\/de\/libanon-ich-wurde-zum-fluechtling-wie-das-jesuskind\/\" \/>\n<meta property=\"og:site_name\" content=\"ACN International\" \/>\n<meta property=\"article:publisher\" content=\"https:\/\/www.facebook.com\/acninternationalorg\" \/>\n<meta property=\"article:published_time\" content=\"2021-12-14T02:00:27+00:00\" \/>\n<meta property=\"article:modified_time\" content=\"2021-12-14T11:29:41+00:00\" \/>\n<meta property=\"og:image\" content=\"https:\/\/media.acninternational.org\/wp-content\/uploads\/2021\/12\/ACN-20210922-116972.jpeg\" \/>\n\t<meta property=\"og:image:width\" content=\"1920\" \/>\n\t<meta property=\"og:image:height\" content=\"1080\" \/>\n\t<meta property=\"og:image:type\" content=\"image\/jpeg\" \/>\n<meta name=\"author\" content=\"ACN Press Team\" \/>\n<meta name=\"twitter:card\" content=\"summary_large_image\" \/>\n<meta name=\"twitter:creator\" content=\"@acn_int\" \/>\n<meta name=\"twitter:site\" content=\"@acn_int\" \/>\n<meta name=\"twitter:label1\" content=\"Verfasst von\" \/>\n\t<meta name=\"twitter:data1\" content=\"ACN Press Team\" \/>\n\t<meta name=\"twitter:label2\" content=\"Gesch\u00e4tzte Lesezeit\" \/>\n\t<meta name=\"twitter:data2\" content=\"4\u00a0Minuten\" \/>\n<script type=\"application\/ld+json\" class=\"yoast-schema-graph\">{\"@context\":\"https:\\\/\\\/schema.org\",\"@graph\":[{\"@type\":\"Article\",\"@id\":\"https:\\\/\\\/acninternational.org\\\/de\\\/libanon-ich-wurde-zum-fluechtling-wie-das-jesuskind\\\/#article\",\"isPartOf\":{\"@id\":\"https:\\\/\\\/acninternational.org\\\/de\\\/libanon-ich-wurde-zum-fluechtling-wie-das-jesuskind\\\/\"},\"author\":{\"name\":\"ACN Press Team\",\"@id\":\"https:\\\/\\\/acninternational.org\\\/de\\\/#\\\/schema\\\/person\\\/7f3dafb236b242fb2aa46be1411fd703\"},\"headline\":\"Libanon: \u201eIch wurde zum Fl\u00fcchtling, wie das Jesuskind\u201c\",\"datePublished\":\"2021-12-14T02:00:27+00:00\",\"dateModified\":\"2021-12-14T11:29:41+00:00\",\"mainEntityOfPage\":{\"@id\":\"https:\\\/\\\/acninternational.org\\\/de\\\/libanon-ich-wurde-zum-fluechtling-wie-das-jesuskind\\\/\"},\"wordCount\":782,\"publisher\":{\"@id\":\"https:\\\/\\\/acninternational.org\\\/de\\\/#organization\"},\"image\":{\"@id\":\"https:\\\/\\\/acninternational.org\\\/de\\\/libanon-ich-wurde-zum-fluechtling-wie-das-jesuskind\\\/#primaryimage\"},\"thumbnailUrl\":\"https:\\\/\\\/media.acninternational.org\\\/wp-content\\\/uploads\\\/2021\\\/12\\\/ACN-20210922-116972.jpeg\",\"articleSection\":[\"Nachricht\"],\"inLanguage\":\"de\"},{\"@type\":\"WebPage\",\"@id\":\"https:\\\/\\\/acninternational.org\\\/de\\\/libanon-ich-wurde-zum-fluechtling-wie-das-jesuskind\\\/\",\"url\":\"https:\\\/\\\/acninternational.org\\\/de\\\/libanon-ich-wurde-zum-fluechtling-wie-das-jesuskind\\\/\",\"name\":\"Libanon: \u201eIch wurde zum Fl\u00fcchtling, wie das Jesuskind\u201c | ACN International\",\"isPartOf\":{\"@id\":\"https:\\\/\\\/acninternational.org\\\/de\\\/#website\"},\"primaryImageOfPage\":{\"@id\":\"https:\\\/\\\/acninternational.org\\\/de\\\/libanon-ich-wurde-zum-fluechtling-wie-das-jesuskind\\\/#primaryimage\"},\"image\":{\"@id\":\"https:\\\/\\\/acninternational.org\\\/de\\\/libanon-ich-wurde-zum-fluechtling-wie-das-jesuskind\\\/#primaryimage\"},\"thumbnailUrl\":\"https:\\\/\\\/media.acninternational.org\\\/wp-content\\\/uploads\\\/2021\\\/12\\\/ACN-20210922-116972.jpeg\",\"datePublished\":\"2021-12-14T02:00:27+00:00\",\"dateModified\":\"2021-12-14T11:29:41+00:00\",\"breadcrumb\":{\"@id\":\"https:\\\/\\\/acninternational.org\\\/de\\\/libanon-ich-wurde-zum-fluechtling-wie-das-jesuskind\\\/#breadcrumb\"},\"inLanguage\":\"de\",\"potentialAction\":[{\"@type\":\"ReadAction\",\"target\":[\"https:\\\/\\\/acninternational.org\\\/de\\\/libanon-ich-wurde-zum-fluechtling-wie-das-jesuskind\\\/\"]}]},{\"@type\":\"ImageObject\",\"inLanguage\":\"de\",\"@id\":\"https:\\\/\\\/acninternational.org\\\/de\\\/libanon-ich-wurde-zum-fluechtling-wie-das-jesuskind\\\/#primaryimage\",\"url\":\"https:\\\/\\\/media.acninternational.org\\\/wp-content\\\/uploads\\\/2021\\\/12\\\/ACN-20210922-116972.jpeg\",\"contentUrl\":\"https:\\\/\\\/media.acninternational.org\\\/wp-content\\\/uploads\\\/2021\\\/12\\\/ACN-20210922-116972.jpeg\",\"width\":1920,\"height\":1080},{\"@type\":\"BreadcrumbList\",\"@id\":\"https:\\\/\\\/acninternational.org\\\/de\\\/libanon-ich-wurde-zum-fluechtling-wie-das-jesuskind\\\/#breadcrumb\",\"itemListElement\":[{\"@type\":\"ListItem\",\"position\":1,\"name\":\"Home\",\"item\":\"https:\\\/\\\/acninternational.org\\\/de\\\/\"},{\"@type\":\"ListItem\",\"position\":2,\"name\":\"Nachricht\",\"item\":\"https:\\\/\\\/acninternational.org\\\/de\\\/category\\\/news-de\\\/\"},{\"@type\":\"ListItem\",\"position\":3,\"name\":\"Libanon: \u201eIch wurde zum Fl\u00fcchtling, wie das Jesuskind\u201c\"}]},{\"@type\":\"WebSite\",\"@id\":\"https:\\\/\\\/acninternational.org\\\/de\\\/#website\",\"url\":\"https:\\\/\\\/acninternational.org\\\/de\\\/\",\"name\":\"ACN International\",\"description\":\"\",\"publisher\":{\"@id\":\"https:\\\/\\\/acninternational.org\\\/de\\\/#organization\"},\"potentialAction\":[{\"@type\":\"SearchAction\",\"target\":{\"@type\":\"EntryPoint\",\"urlTemplate\":\"https:\\\/\\\/acninternational.org\\\/de\\\/?s={search_term_string}\"},\"query-input\":{\"@type\":\"PropertyValueSpecification\",\"valueRequired\":true,\"valueName\":\"search_term_string\"}}],\"inLanguage\":\"de\"},{\"@type\":\"Organization\",\"@id\":\"https:\\\/\\\/acninternational.org\\\/de\\\/#organization\",\"name\":\"Aid to the Church in Need International\",\"url\":\"https:\\\/\\\/acninternational.org\\\/de\\\/\",\"logo\":{\"@type\":\"ImageObject\",\"inLanguage\":\"de\",\"@id\":\"https:\\\/\\\/acninternational.org\\\/de\\\/#\\\/schema\\\/logo\\\/image\\\/\",\"url\":\"https:\\\/\\\/media.acninternational.org\\\/wp-content\\\/uploads\\\/2019\\\/11\\\/acn_logo_blackvector.svg\",\"contentUrl\":\"https:\\\/\\\/media.acninternational.org\\\/wp-content\\\/uploads\\\/2019\\\/11\\\/acn_logo_blackvector.svg\",\"width\":232.6,\"height\":78,\"caption\":\"Aid to the Church in Need International\"},\"image\":{\"@id\":\"https:\\\/\\\/acninternational.org\\\/de\\\/#\\\/schema\\\/logo\\\/image\\\/\"},\"sameAs\":[\"https:\\\/\\\/www.facebook.com\\\/acninternationalorg\",\"https:\\\/\\\/x.com\\\/acn_int\",\"https:\\\/\\\/www.youtube.com\\\/channel\\\/UCQ-077gS0TnVzkhHmf1opZw\",\"https:\\\/\\\/www.instagram.com\\\/acn_international\\\/\"]},{\"@type\":\"Person\",\"@id\":\"https:\\\/\\\/acninternational.org\\\/de\\\/#\\\/schema\\\/person\\\/7f3dafb236b242fb2aa46be1411fd703\",\"name\":\"ACN Press Team\",\"description\":\"Lorem ipsum dolor sit amet, consectetur adipiscing elit, sed do eiusmod tempor incididunt ut labore et dolore magna aliqua. Ut enim ad minim veniam, quis nostrud exercitation ullamco laboris nisi ut aliquip ex ea commodo consequat.\",\"url\":\"https:\\\/\\\/acninternational.org\\\/de\\\/author\\\/acn-press-team\\\/\"}]}<\/script>\n<!-- \/ Yoast SEO Premium plugin. -->","yoast_head_json":{"title":"Libanon: \u201eIch wurde zum Fl\u00fcchtling, wie das Jesuskind\u201c | ACN International","robots":{"index":"index","follow":"follow","max-snippet":"max-snippet:-1","max-image-preview":"max-image-preview:large","max-video-preview":"max-video-preview:-1"},"canonical":"https:\/\/acninternational.org\/de\/libanon-ich-wurde-zum-fluechtling-wie-das-jesuskind\/","og_locale":"de_DE","og_type":"article","og_title":"Libanon: \u201eIch wurde zum Fl\u00fcchtling, wie das Jesuskind\u201c","og_description":"\u201eMein Name ist Majed. Ich lebe jetzt mit meiner Familie im","og_url":"https:\/\/acninternational.org\/de\/libanon-ich-wurde-zum-fluechtling-wie-das-jesuskind\/","og_site_name":"ACN International","article_publisher":"https:\/\/www.facebook.com\/acninternationalorg","article_published_time":"2021-12-14T02:00:27+00:00","article_modified_time":"2021-12-14T11:29:41+00:00","og_image":[{"width":1920,"height":1080,"url":"https:\/\/media.acninternational.org\/wp-content\/uploads\/2021\/12\/ACN-20210922-116972.jpeg","type":"image\/jpeg"}],"author":"ACN Press Team","twitter_card":"summary_large_image","twitter_creator":"@acn_int","twitter_site":"@acn_int","twitter_misc":{"Verfasst von":"ACN Press Team","Gesch\u00e4tzte Lesezeit":"4\u00a0Minuten"},"schema":{"@context":"https:\/\/schema.org","@graph":[{"@type":"Article","@id":"https:\/\/acninternational.org\/de\/libanon-ich-wurde-zum-fluechtling-wie-das-jesuskind\/#article","isPartOf":{"@id":"https:\/\/acninternational.org\/de\/libanon-ich-wurde-zum-fluechtling-wie-das-jesuskind\/"},"author":{"name":"ACN Press Team","@id":"https:\/\/acninternational.org\/de\/#\/schema\/person\/7f3dafb236b242fb2aa46be1411fd703"},"headline":"Libanon: \u201eIch wurde zum Fl\u00fcchtling, wie das Jesuskind\u201c","datePublished":"2021-12-14T02:00:27+00:00","dateModified":"2021-12-14T11:29:41+00:00","mainEntityOfPage":{"@id":"https:\/\/acninternational.org\/de\/libanon-ich-wurde-zum-fluechtling-wie-das-jesuskind\/"},"wordCount":782,"publisher":{"@id":"https:\/\/acninternational.org\/de\/#organization"},"image":{"@id":"https:\/\/acninternational.org\/de\/libanon-ich-wurde-zum-fluechtling-wie-das-jesuskind\/#primaryimage"},"thumbnailUrl":"https:\/\/media.acninternational.org\/wp-content\/uploads\/2021\/12\/ACN-20210922-116972.jpeg","articleSection":["Nachricht"],"inLanguage":"de"},{"@type":"WebPage","@id":"https:\/\/acninternational.org\/de\/libanon-ich-wurde-zum-fluechtling-wie-das-jesuskind\/","url":"https:\/\/acninternational.org\/de\/libanon-ich-wurde-zum-fluechtling-wie-das-jesuskind\/","name":"Libanon: \u201eIch wurde zum Fl\u00fcchtling, wie das Jesuskind\u201c | ACN International","isPartOf":{"@id":"https:\/\/acninternational.org\/de\/#website"},"primaryImageOfPage":{"@id":"https:\/\/acninternational.org\/de\/libanon-ich-wurde-zum-fluechtling-wie-das-jesuskind\/#primaryimage"},"image":{"@id":"https:\/\/acninternational.org\/de\/libanon-ich-wurde-zum-fluechtling-wie-das-jesuskind\/#primaryimage"},"thumbnailUrl":"https:\/\/media.acninternational.org\/wp-content\/uploads\/2021\/12\/ACN-20210922-116972.jpeg","datePublished":"2021-12-14T02:00:27+00:00","dateModified":"2021-12-14T11:29:41+00:00","breadcrumb":{"@id":"https:\/\/acninternational.org\/de\/libanon-ich-wurde-zum-fluechtling-wie-das-jesuskind\/#breadcrumb"},"inLanguage":"de","potentialAction":[{"@type":"ReadAction","target":["https:\/\/acninternational.org\/de\/libanon-ich-wurde-zum-fluechtling-wie-das-jesuskind\/"]}]},{"@type":"ImageObject","inLanguage":"de","@id":"https:\/\/acninternational.org\/de\/libanon-ich-wurde-zum-fluechtling-wie-das-jesuskind\/#primaryimage","url":"https:\/\/media.acninternational.org\/wp-content\/uploads\/2021\/12\/ACN-20210922-116972.jpeg","contentUrl":"https:\/\/media.acninternational.org\/wp-content\/uploads\/2021\/12\/ACN-20210922-116972.jpeg","width":1920,"height":1080},{"@type":"BreadcrumbList","@id":"https:\/\/acninternational.org\/de\/libanon-ich-wurde-zum-fluechtling-wie-das-jesuskind\/#breadcrumb","itemListElement":[{"@type":"ListItem","position":1,"name":"Home","item":"https:\/\/acninternational.org\/de\/"},{"@type":"ListItem","position":2,"name":"Nachricht","item":"https:\/\/acninternational.org\/de\/category\/news-de\/"},{"@type":"ListItem","position":3,"name":"Libanon: \u201eIch wurde zum Fl\u00fcchtling, wie das Jesuskind\u201c"}]},{"@type":"WebSite","@id":"https:\/\/acninternational.org\/de\/#website","url":"https:\/\/acninternational.org\/de\/","name":"ACN International","description":"","publisher":{"@id":"https:\/\/acninternational.org\/de\/#organization"},"potentialAction":[{"@type":"SearchAction","target":{"@type":"EntryPoint","urlTemplate":"https:\/\/acninternational.org\/de\/?s={search_term_string}"},"query-input":{"@type":"PropertyValueSpecification","valueRequired":true,"valueName":"search_term_string"}}],"inLanguage":"de"},{"@type":"Organization","@id":"https:\/\/acninternational.org\/de\/#organization","name":"Aid to the Church in Need International","url":"https:\/\/acninternational.org\/de\/","logo":{"@type":"ImageObject","inLanguage":"de","@id":"https:\/\/acninternational.org\/de\/#\/schema\/logo\/image\/","url":"https:\/\/media.acninternational.org\/wp-content\/uploads\/2019\/11\/acn_logo_blackvector.svg","contentUrl":"https:\/\/media.acninternational.org\/wp-content\/uploads\/2019\/11\/acn_logo_blackvector.svg","width":232.6,"height":78,"caption":"Aid to the Church in Need International"},"image":{"@id":"https:\/\/acninternational.org\/de\/#\/schema\/logo\/image\/"},"sameAs":["https:\/\/www.facebook.com\/acninternationalorg","https:\/\/x.com\/acn_int","https:\/\/www.youtube.com\/channel\/UCQ-077gS0TnVzkhHmf1opZw","https:\/\/www.instagram.com\/acn_international\/"]},{"@type":"Person","@id":"https:\/\/acninternational.org\/de\/#\/schema\/person\/7f3dafb236b242fb2aa46be1411fd703","name":"ACN Press Team","description":"Lorem ipsum dolor sit amet, consectetur adipiscing elit, sed do eiusmod tempor incididunt ut labore et dolore magna aliqua. Ut enim ad minim veniam, quis nostrud exercitation ullamco laboris nisi ut aliquip ex ea commodo consequat.","url":"https:\/\/acninternational.org\/de\/author\/acn-press-team\/"}]}},"_links":{"self":[{"href":"https:\/\/acninternational.org\/de\/wp-json\/wp\/v2\/posts\/164219","targetHints":{"allow":["GET"]}}],"collection":[{"href":"https:\/\/acninternational.org\/de\/wp-json\/wp\/v2\/posts"}],"about":[{"href":"https:\/\/acninternational.org\/de\/wp-json\/wp\/v2\/types\/post"}],"author":[{"embeddable":true,"href":"https:\/\/acninternational.org\/de\/wp-json\/wp\/v2\/users\/4258341447"}],"replies":[{"embeddable":true,"href":"https:\/\/acninternational.org\/de\/wp-json\/wp\/v2\/comments?post=164219"}],"version-history":[{"count":0,"href":"https:\/\/acninternational.org\/de\/wp-json\/wp\/v2\/posts\/164219\/revisions"}],"wp:featuredmedia":[{"embeddable":true,"href":"https:\/\/acninternational.org\/de\/wp-json\/wp\/v2\/media\/164194"}],"wp:attachment":[{"href":"https:\/\/acninternational.org\/de\/wp-json\/wp\/v2\/media?parent=164219"}],"wp:term":[{"taxonomy":"category","embeddable":true,"href":"https:\/\/acninternational.org\/de\/wp-json\/wp\/v2\/categories?post=164219"},{"taxonomy":"post_tag","embeddable":true,"href":"https:\/\/acninternational.org\/de\/wp-json\/wp\/v2\/tags?post=164219"},{"taxonomy":"country","embeddable":true,"href":"https:\/\/acninternational.org\/de\/wp-json\/wp\/v2\/country?post=164219"}],"curies":[{"name":"wp","href":"https:\/\/api.w.org\/{rel}","templated":true}]}}