{"id":163327,"date":"2021-12-03T02:15:05","date_gmt":"2021-12-03T01:15:05","guid":{"rendered":"https:\/\/acninternational.org\/?p=163327"},"modified":"2021-12-03T02:15:12","modified_gmt":"2021-12-03T01:15:12","slug":"nigeria-ein-priester-erzaehlt-von-seiner-entfuehrung-durch-fulani-hirten","status":"publish","type":"post","link":"https:\/\/acninternational.org\/de\/nigeria-ein-priester-erzaehlt-von-seiner-entfuehrung-durch-fulani-hirten\/","title":{"rendered":"Nigeria: Ein Priester erz\u00e4hlt von seiner Entf\u00fchrung durch Fulani-Hirten"},"content":{"rendered":"<p><em>Entf\u00fchrungen sind ein Markenzeichen terroristischer Organisationen in Nigeria, darunter Boko Haram und der Islamische Staat Provinz Westafrika, und Geistliche werden zunehmend zur Zielscheibe. Im Fr\u00fchjahr 2021 wurde Pater Bako Francis Awesuh, 37, Priester der Pfarrei St. Johannes Paul II. in Gadanaji, in der Lokalregion Kachia im Bundesstaat Kaduna, mehr als einen Monat lang von muslimischen Fulani-Hirten gefangen gehalten, die f\u00fcr t\u00f6dliche Angriffe auf christliche Bauern entlang von Nigerias Middle Belt, verantwortlich gemacht werden. Pater Awesuh beschrieb seinen Leidensweg k\u00fcrzlich in einem Interview mit Aid to the Church in Need (ACN).<\/em><\/p>\n<p><img loading=\"lazy\" decoding=\"async\" class=\"aligncenter wp-image-163314 size-full\" src=\"https:\/\/media.acninternational.org\/wp-content\/uploads\/2021\/12\/ACN-20180920-76968.jpeg\" alt=\"\" width=\"1920\" height=\"889\" srcset=\"https:\/\/media.acninternational.org\/wp-content\/uploads\/2021\/12\/ACN-20180920-76968.jpeg 1920w, https:\/\/media.acninternational.org\/wp-content\/uploads\/2021\/12\/ACN-20180920-76968-300x139.jpeg 300w, https:\/\/media.acninternational.org\/wp-content\/uploads\/2021\/12\/ACN-20180920-76968-1024x474.jpeg 1024w, https:\/\/media.acninternational.org\/wp-content\/uploads\/2021\/12\/ACN-20180920-76968-768x356.jpeg 768w, https:\/\/media.acninternational.org\/wp-content\/uploads\/2021\/12\/ACN-20180920-76968-1536x711.jpeg 1536w\" sizes=\"auto, (max-width: 1920px) 100vw, 1920px\" \/><\/p>\n<p>\u201eEs geschah am 16. Mai, um genau 23 Uhr. Ich h\u00f6rte Sch\u00fcsse und schaltete schnell den Fernseher aus. Als ich das Licht ausmachte, sah ich Schatten und h\u00f6rte Schritte. Ich \u00f6ffnete vorsichtig den Vorhang, um zu sehen, was vor sich ging. Ich sah f\u00fcnf kr\u00e4ftig gebaute und gut bewaffnete Fulani-Hirten, die ich an ihrer Kleidung und an der Art, wie sie sprachen, erkannte. Ich stand verwirrt da und wusste nicht, was ich tun sollte, denn ich f\u00fchlte mich v\u00f6llig verloren. Da klopfte es an der T\u00fcr. Meine Beine wurden kalt und mein K\u00f6rper steif. Ich schwitzte sehr stark.<\/p>\n<p>Sie klopften immer wieder, aber ich hatte Angst, die T\u00fcr zu \u00f6ffnen. Sie brachen die T\u00fcr auf und dr\u00e4ngten ins Haus. Einer der M\u00e4nner dr\u00fcckte mich auf den Boden, fesselte mich und schlug mich gnadenlos mit den Worten \u201cka ki ka bude mana kofa da tsori\u201c (\u201edu wirst gefoltert, weil du uns so lange drau\u00dfen stehen gelassen hast und dich geweigert hast, die T\u00fcr zu \u00f6ffnen, als wir geklopft haben\u201c). Sie zogen mich bis auf die Unterhose aus.<\/p>\n<p>Ich wurde zusammen mit zehn meiner Gemeindemitglieder entf\u00fchrt. Wir wanderten drei Tage lang durch den Busch, ohne Essen und Wasser und ern\u00e4hrten uns nur von Mangos. Wir waren hungrig, m\u00fcde und schwach, unsere Beine schmerzten sehr und unsere F\u00fc\u00dfe waren geschwollen durch das Barfu\u00dflaufen Am zweiten und dritten Tag regnete es, aber wir mussten weitergehen.<\/p>\n<p>Am dritten Tag kamen wir zu einem tief im Wald gelegenen Lager. Dort gab es eine kleine H\u00fctte, in der man uns festhielt. Bei unserer Ankunft bekamen wir Reis mit \u00d6l und Salz serviert, wie Gefangene. Das war unsere Essensroutine w\u00e4hrend unseres gesamten Aufenthalts im Busch. Die Frauen, die zusammen mit mir entf\u00fchrt worden waren, kochten f\u00fcr uns. Wir verbrachten einen Monat und f\u00fcnf Tage im Busch.<\/p>\n<p>W\u00e4hrend unserer gesamten Gefangenschaft durften wir nicht baden. Wir mussten in der H\u00fctte urinieren und unseren Stuhlgang entrichten. Wir stanken wie Leichen und die H\u00fctte roch wie eine Leichenhalle.<br \/>\nWir wurden gefoltert und mit dem Tod bedroht, wenn nicht ein L\u00f6segeld von 50 Millionen Naira (etwa 120.000 Dollar) gezahlt w\u00fcrde. Unsere Familien wurden aufgefordert, zu zahlen<\/p>\n<p>In der Zwischenzeit hatten einige meiner Gemeindemitglieder versucht, uns vor den Entf\u00fchrern zu retten. Drei Menschen verloren dabei ihr Leben: Jeremiah Madaki, Everest Yero, unsere Gemeindesekret\u00e4rin, und ein \u00e4lterer Mann. Sie hatten uns ausfindig gemacht.<\/p>\n<p><img loading=\"lazy\" decoding=\"async\" class=\"aligncenter size-full wp-image-163320\" src=\"https:\/\/media.acninternational.org\/wp-content\/uploads\/2021\/12\/ACN-20190320-85564.jpeg\" alt=\"\" width=\"637\" height=\"295\" srcset=\"https:\/\/media.acninternational.org\/wp-content\/uploads\/2021\/12\/ACN-20190320-85564.jpeg 637w, https:\/\/media.acninternational.org\/wp-content\/uploads\/2021\/12\/ACN-20190320-85564-300x139.jpeg 300w\" sizes=\"auto, (max-width: 637px) 100vw, 637px\" \/><\/p>\n<p>Oh, was f\u00fcr ein Schmerz, als ich mit ansehen musste, wie drei meiner Gemeindemitglieder kaltbl\u00fctig erschossen wurden, direkt vor meinen Augen, und ich nichts tun konnte. Es war sehr schmerzhaft! Zu diesem Zeitpunkt f\u00fchlte ich mich hilflos, hoffnungslos, nutzlos und ruhelos! Ich sehnte mich nach dem Tod, w\u00e4hrend sich die Szene des Mordes immer wieder in meinem Kopf abspielte. Wegen des Schocks, den ich erlitt, konnte ich nicht beten. Wann immer ich den Mund \u00f6ffnete, um zu beten, fehlten mir die Worte. Alles, was ich sagen konnte, war \u2018Herr, erbarme dich\u2019.<\/p>\n<p>Schlie\u00dflich waren unsere Familien in der Lage, das L\u00f6segeld zu bezahlen, und \u2013 Gott sei gepriesen! \u2013wurden wir freigelassen und kamen mit dem Leben davon. Ich bin nur knapp dem Tod entgangen. Ich wei\u00df von so vielen Priestern, die vor und nach mir entf\u00fchrt wurden, die sogar get\u00f6tet wurden, nachdem ein L\u00f6segeld bezahlt worden war.<\/p>\n<p>Danach war ich traumatisiert und musste mich einer Therapie unterziehen; au\u00dferdem verbrachte ich einige Zeit im Krankenhaus. Heute bin ich immer noch untergetaucht, aus Sicherheitsgr\u00fcnden und um mich vollst\u00e4ndig zu erholen. Die Liebe, die ich von meiner Familie, meinen Freunden und vor allem von der Kirche erhalten und erfahren habe, war enorm.<br \/>\nFulani-Angriffe haben im Bundesstaat Kaduna stark zugenommen. Ich rufe daher die internationale Gemeinschaft auf, uns zu helfen.\u201c<\/p>\n","protected":false},"excerpt":{"rendered":"<p>Entf\u00fchrungen sind ein Markenzeichen terroristischer Organisationen in Nigeria, darunter Boko Haram und der Islamische Staat Provinz Westafrika, und Geistliche werden<\/p>\n","protected":false},"author":4258341447,"featured_media":163308,"comment_status":"closed","ping_status":"closed","sticky":false,"template":"","format":"standard","meta":{"_acf_changed":false,"_acn_coauthor_ids":[],"footnotes":""},"categories":[954],"tags":[],"country":[116],"class_list":["post-163327","post","type-post","status-publish","format-standard","has-post-thumbnail","hentry","category-news-de","country-nigeria"],"acn_coauthors":[],"acf":[],"yoast_head":"<!-- This site is optimized with the Yoast SEO Premium plugin v27.3 (Yoast SEO v27.3) - https:\/\/yoast.com\/product\/yoast-seo-premium-wordpress\/ -->\n<title>Nigeria: Ein Priester erz\u00e4hlt von seiner Entf\u00fchrung durch Fulani-Hirten | ACN International<\/title>\n<meta name=\"robots\" content=\"index, follow, max-snippet:-1, max-image-preview:large, max-video-preview:-1\" \/>\n<link rel=\"canonical\" href=\"https:\/\/acninternational.org\/de\/nigeria-ein-priester-erzaehlt-von-seiner-entfuehrung-durch-fulani-hirten\/\" \/>\n<meta property=\"og:locale\" content=\"de_DE\" \/>\n<meta property=\"og:type\" content=\"article\" \/>\n<meta property=\"og:title\" content=\"Nigeria: Ein Priester erz\u00e4hlt von seiner Entf\u00fchrung durch Fulani-Hirten\" \/>\n<meta property=\"og:description\" content=\"Entf\u00fchrungen sind ein Markenzeichen terroristischer Organisationen in Nigeria, darunter Boko Haram und der Islamische Staat Provinz Westafrika, und Geistliche werden\" \/>\n<meta property=\"og:url\" content=\"https:\/\/acninternational.org\/de\/nigeria-ein-priester-erzaehlt-von-seiner-entfuehrung-durch-fulani-hirten\/\" \/>\n<meta property=\"og:site_name\" content=\"ACN International\" \/>\n<meta property=\"article:publisher\" content=\"https:\/\/www.facebook.com\/acninternationalorg\" \/>\n<meta property=\"article:published_time\" content=\"2021-12-03T01:15:05+00:00\" \/>\n<meta property=\"article:modified_time\" content=\"2021-12-03T01:15:12+00:00\" \/>\n<meta property=\"og:image\" content=\"https:\/\/media.acninternational.org\/wp-content\/uploads\/2021\/12\/ACN-20211125-119977.jpeg\" \/>\n\t<meta property=\"og:image:width\" content=\"1024\" \/>\n\t<meta property=\"og:image:height\" content=\"680\" \/>\n\t<meta property=\"og:image:type\" content=\"image\/jpeg\" \/>\n<meta name=\"author\" content=\"ACN Press Team\" \/>\n<meta name=\"twitter:card\" content=\"summary_large_image\" \/>\n<meta name=\"twitter:creator\" content=\"@acn_int\" \/>\n<meta name=\"twitter:site\" content=\"@acn_int\" \/>\n<meta name=\"twitter:label1\" content=\"Verfasst von\" \/>\n\t<meta name=\"twitter:data1\" content=\"ACN Press Team\" \/>\n\t<meta name=\"twitter:label2\" content=\"Gesch\u00e4tzte Lesezeit\" \/>\n\t<meta name=\"twitter:data2\" content=\"4\u00a0Minuten\" \/>\n<script type=\"application\/ld+json\" class=\"yoast-schema-graph\">{\"@context\":\"https:\\\/\\\/schema.org\",\"@graph\":[{\"@type\":\"Article\",\"@id\":\"https:\\\/\\\/acninternational.org\\\/de\\\/nigeria-ein-priester-erzaehlt-von-seiner-entfuehrung-durch-fulani-hirten\\\/#article\",\"isPartOf\":{\"@id\":\"https:\\\/\\\/acninternational.org\\\/de\\\/nigeria-ein-priester-erzaehlt-von-seiner-entfuehrung-durch-fulani-hirten\\\/\"},\"author\":{\"name\":\"ACN Press Team\",\"@id\":\"https:\\\/\\\/acninternational.org\\\/de\\\/#\\\/schema\\\/person\\\/7f3dafb236b242fb2aa46be1411fd703\"},\"headline\":\"Nigeria: Ein Priester erz\u00e4hlt von seiner Entf\u00fchrung durch Fulani-Hirten\",\"datePublished\":\"2021-12-03T01:15:05+00:00\",\"dateModified\":\"2021-12-03T01:15:12+00:00\",\"mainEntityOfPage\":{\"@id\":\"https:\\\/\\\/acninternational.org\\\/de\\\/nigeria-ein-priester-erzaehlt-von-seiner-entfuehrung-durch-fulani-hirten\\\/\"},\"wordCount\":748,\"publisher\":{\"@id\":\"https:\\\/\\\/acninternational.org\\\/de\\\/#organization\"},\"image\":{\"@id\":\"https:\\\/\\\/acninternational.org\\\/de\\\/nigeria-ein-priester-erzaehlt-von-seiner-entfuehrung-durch-fulani-hirten\\\/#primaryimage\"},\"thumbnailUrl\":\"https:\\\/\\\/media.acninternational.org\\\/wp-content\\\/uploads\\\/2021\\\/12\\\/ACN-20211125-119977.jpeg\",\"articleSection\":[\"Nachricht\"],\"inLanguage\":\"de\"},{\"@type\":\"WebPage\",\"@id\":\"https:\\\/\\\/acninternational.org\\\/de\\\/nigeria-ein-priester-erzaehlt-von-seiner-entfuehrung-durch-fulani-hirten\\\/\",\"url\":\"https:\\\/\\\/acninternational.org\\\/de\\\/nigeria-ein-priester-erzaehlt-von-seiner-entfuehrung-durch-fulani-hirten\\\/\",\"name\":\"Nigeria: Ein Priester erz\u00e4hlt von seiner Entf\u00fchrung durch Fulani-Hirten | ACN International\",\"isPartOf\":{\"@id\":\"https:\\\/\\\/acninternational.org\\\/de\\\/#website\"},\"primaryImageOfPage\":{\"@id\":\"https:\\\/\\\/acninternational.org\\\/de\\\/nigeria-ein-priester-erzaehlt-von-seiner-entfuehrung-durch-fulani-hirten\\\/#primaryimage\"},\"image\":{\"@id\":\"https:\\\/\\\/acninternational.org\\\/de\\\/nigeria-ein-priester-erzaehlt-von-seiner-entfuehrung-durch-fulani-hirten\\\/#primaryimage\"},\"thumbnailUrl\":\"https:\\\/\\\/media.acninternational.org\\\/wp-content\\\/uploads\\\/2021\\\/12\\\/ACN-20211125-119977.jpeg\",\"datePublished\":\"2021-12-03T01:15:05+00:00\",\"dateModified\":\"2021-12-03T01:15:12+00:00\",\"breadcrumb\":{\"@id\":\"https:\\\/\\\/acninternational.org\\\/de\\\/nigeria-ein-priester-erzaehlt-von-seiner-entfuehrung-durch-fulani-hirten\\\/#breadcrumb\"},\"inLanguage\":\"de\",\"potentialAction\":[{\"@type\":\"ReadAction\",\"target\":[\"https:\\\/\\\/acninternational.org\\\/de\\\/nigeria-ein-priester-erzaehlt-von-seiner-entfuehrung-durch-fulani-hirten\\\/\"]}]},{\"@type\":\"ImageObject\",\"inLanguage\":\"de\",\"@id\":\"https:\\\/\\\/acninternational.org\\\/de\\\/nigeria-ein-priester-erzaehlt-von-seiner-entfuehrung-durch-fulani-hirten\\\/#primaryimage\",\"url\":\"https:\\\/\\\/media.acninternational.org\\\/wp-content\\\/uploads\\\/2021\\\/12\\\/ACN-20211125-119977.jpeg\",\"contentUrl\":\"https:\\\/\\\/media.acninternational.org\\\/wp-content\\\/uploads\\\/2021\\\/12\\\/ACN-20211125-119977.jpeg\",\"width\":1024,\"height\":680},{\"@type\":\"BreadcrumbList\",\"@id\":\"https:\\\/\\\/acninternational.org\\\/de\\\/nigeria-ein-priester-erzaehlt-von-seiner-entfuehrung-durch-fulani-hirten\\\/#breadcrumb\",\"itemListElement\":[{\"@type\":\"ListItem\",\"position\":1,\"name\":\"Home\",\"item\":\"https:\\\/\\\/acninternational.org\\\/de\\\/\"},{\"@type\":\"ListItem\",\"position\":2,\"name\":\"Nachricht\",\"item\":\"https:\\\/\\\/acninternational.org\\\/de\\\/category\\\/news-de\\\/\"},{\"@type\":\"ListItem\",\"position\":3,\"name\":\"Nigeria: Ein Priester erz\u00e4hlt von seiner Entf\u00fchrung durch Fulani-Hirten\"}]},{\"@type\":\"WebSite\",\"@id\":\"https:\\\/\\\/acninternational.org\\\/de\\\/#website\",\"url\":\"https:\\\/\\\/acninternational.org\\\/de\\\/\",\"name\":\"ACN International\",\"description\":\"\",\"publisher\":{\"@id\":\"https:\\\/\\\/acninternational.org\\\/de\\\/#organization\"},\"potentialAction\":[{\"@type\":\"SearchAction\",\"target\":{\"@type\":\"EntryPoint\",\"urlTemplate\":\"https:\\\/\\\/acninternational.org\\\/de\\\/?s={search_term_string}\"},\"query-input\":{\"@type\":\"PropertyValueSpecification\",\"valueRequired\":true,\"valueName\":\"search_term_string\"}}],\"inLanguage\":\"de\"},{\"@type\":\"Organization\",\"@id\":\"https:\\\/\\\/acninternational.org\\\/de\\\/#organization\",\"name\":\"Aid to the Church in Need International\",\"url\":\"https:\\\/\\\/acninternational.org\\\/de\\\/\",\"logo\":{\"@type\":\"ImageObject\",\"inLanguage\":\"de\",\"@id\":\"https:\\\/\\\/acninternational.org\\\/de\\\/#\\\/schema\\\/logo\\\/image\\\/\",\"url\":\"https:\\\/\\\/media.acninternational.org\\\/wp-content\\\/uploads\\\/2019\\\/11\\\/acn_logo_blackvector.svg\",\"contentUrl\":\"https:\\\/\\\/media.acninternational.org\\\/wp-content\\\/uploads\\\/2019\\\/11\\\/acn_logo_blackvector.svg\",\"width\":232.6,\"height\":78,\"caption\":\"Aid to the Church in Need International\"},\"image\":{\"@id\":\"https:\\\/\\\/acninternational.org\\\/de\\\/#\\\/schema\\\/logo\\\/image\\\/\"},\"sameAs\":[\"https:\\\/\\\/www.facebook.com\\\/acninternationalorg\",\"https:\\\/\\\/x.com\\\/acn_int\",\"https:\\\/\\\/www.youtube.com\\\/channel\\\/UCQ-077gS0TnVzkhHmf1opZw\",\"https:\\\/\\\/www.instagram.com\\\/acn_international\\\/\"]},{\"@type\":\"Person\",\"@id\":\"https:\\\/\\\/acninternational.org\\\/de\\\/#\\\/schema\\\/person\\\/7f3dafb236b242fb2aa46be1411fd703\",\"name\":\"ACN Press Team\",\"description\":\"Lorem ipsum dolor sit amet, consectetur adipiscing elit, sed do eiusmod tempor incididunt ut labore et dolore magna aliqua. Ut enim ad minim veniam, quis nostrud exercitation ullamco laboris nisi ut aliquip ex ea commodo consequat.\",\"url\":\"https:\\\/\\\/acninternational.org\\\/de\\\/author\\\/acn-press-team\\\/\"}]}<\/script>\n<!-- \/ Yoast SEO Premium plugin. -->","yoast_head_json":{"title":"Nigeria: Ein Priester erz\u00e4hlt von seiner Entf\u00fchrung durch Fulani-Hirten | ACN International","robots":{"index":"index","follow":"follow","max-snippet":"max-snippet:-1","max-image-preview":"max-image-preview:large","max-video-preview":"max-video-preview:-1"},"canonical":"https:\/\/acninternational.org\/de\/nigeria-ein-priester-erzaehlt-von-seiner-entfuehrung-durch-fulani-hirten\/","og_locale":"de_DE","og_type":"article","og_title":"Nigeria: Ein Priester erz\u00e4hlt von seiner Entf\u00fchrung durch Fulani-Hirten","og_description":"Entf\u00fchrungen sind ein Markenzeichen terroristischer Organisationen in Nigeria, darunter Boko Haram und der Islamische Staat Provinz Westafrika, und Geistliche werden","og_url":"https:\/\/acninternational.org\/de\/nigeria-ein-priester-erzaehlt-von-seiner-entfuehrung-durch-fulani-hirten\/","og_site_name":"ACN International","article_publisher":"https:\/\/www.facebook.com\/acninternationalorg","article_published_time":"2021-12-03T01:15:05+00:00","article_modified_time":"2021-12-03T01:15:12+00:00","og_image":[{"width":1024,"height":680,"url":"https:\/\/media.acninternational.org\/wp-content\/uploads\/2021\/12\/ACN-20211125-119977.jpeg","type":"image\/jpeg"}],"author":"ACN Press Team","twitter_card":"summary_large_image","twitter_creator":"@acn_int","twitter_site":"@acn_int","twitter_misc":{"Verfasst von":"ACN Press Team","Gesch\u00e4tzte Lesezeit":"4\u00a0Minuten"},"schema":{"@context":"https:\/\/schema.org","@graph":[{"@type":"Article","@id":"https:\/\/acninternational.org\/de\/nigeria-ein-priester-erzaehlt-von-seiner-entfuehrung-durch-fulani-hirten\/#article","isPartOf":{"@id":"https:\/\/acninternational.org\/de\/nigeria-ein-priester-erzaehlt-von-seiner-entfuehrung-durch-fulani-hirten\/"},"author":{"name":"ACN Press Team","@id":"https:\/\/acninternational.org\/de\/#\/schema\/person\/7f3dafb236b242fb2aa46be1411fd703"},"headline":"Nigeria: Ein Priester erz\u00e4hlt von seiner Entf\u00fchrung durch Fulani-Hirten","datePublished":"2021-12-03T01:15:05+00:00","dateModified":"2021-12-03T01:15:12+00:00","mainEntityOfPage":{"@id":"https:\/\/acninternational.org\/de\/nigeria-ein-priester-erzaehlt-von-seiner-entfuehrung-durch-fulani-hirten\/"},"wordCount":748,"publisher":{"@id":"https:\/\/acninternational.org\/de\/#organization"},"image":{"@id":"https:\/\/acninternational.org\/de\/nigeria-ein-priester-erzaehlt-von-seiner-entfuehrung-durch-fulani-hirten\/#primaryimage"},"thumbnailUrl":"https:\/\/media.acninternational.org\/wp-content\/uploads\/2021\/12\/ACN-20211125-119977.jpeg","articleSection":["Nachricht"],"inLanguage":"de"},{"@type":"WebPage","@id":"https:\/\/acninternational.org\/de\/nigeria-ein-priester-erzaehlt-von-seiner-entfuehrung-durch-fulani-hirten\/","url":"https:\/\/acninternational.org\/de\/nigeria-ein-priester-erzaehlt-von-seiner-entfuehrung-durch-fulani-hirten\/","name":"Nigeria: Ein Priester erz\u00e4hlt von seiner Entf\u00fchrung durch Fulani-Hirten | ACN International","isPartOf":{"@id":"https:\/\/acninternational.org\/de\/#website"},"primaryImageOfPage":{"@id":"https:\/\/acninternational.org\/de\/nigeria-ein-priester-erzaehlt-von-seiner-entfuehrung-durch-fulani-hirten\/#primaryimage"},"image":{"@id":"https:\/\/acninternational.org\/de\/nigeria-ein-priester-erzaehlt-von-seiner-entfuehrung-durch-fulani-hirten\/#primaryimage"},"thumbnailUrl":"https:\/\/media.acninternational.org\/wp-content\/uploads\/2021\/12\/ACN-20211125-119977.jpeg","datePublished":"2021-12-03T01:15:05+00:00","dateModified":"2021-12-03T01:15:12+00:00","breadcrumb":{"@id":"https:\/\/acninternational.org\/de\/nigeria-ein-priester-erzaehlt-von-seiner-entfuehrung-durch-fulani-hirten\/#breadcrumb"},"inLanguage":"de","potentialAction":[{"@type":"ReadAction","target":["https:\/\/acninternational.org\/de\/nigeria-ein-priester-erzaehlt-von-seiner-entfuehrung-durch-fulani-hirten\/"]}]},{"@type":"ImageObject","inLanguage":"de","@id":"https:\/\/acninternational.org\/de\/nigeria-ein-priester-erzaehlt-von-seiner-entfuehrung-durch-fulani-hirten\/#primaryimage","url":"https:\/\/media.acninternational.org\/wp-content\/uploads\/2021\/12\/ACN-20211125-119977.jpeg","contentUrl":"https:\/\/media.acninternational.org\/wp-content\/uploads\/2021\/12\/ACN-20211125-119977.jpeg","width":1024,"height":680},{"@type":"BreadcrumbList","@id":"https:\/\/acninternational.org\/de\/nigeria-ein-priester-erzaehlt-von-seiner-entfuehrung-durch-fulani-hirten\/#breadcrumb","itemListElement":[{"@type":"ListItem","position":1,"name":"Home","item":"https:\/\/acninternational.org\/de\/"},{"@type":"ListItem","position":2,"name":"Nachricht","item":"https:\/\/acninternational.org\/de\/category\/news-de\/"},{"@type":"ListItem","position":3,"name":"Nigeria: Ein Priester erz\u00e4hlt von seiner Entf\u00fchrung durch Fulani-Hirten"}]},{"@type":"WebSite","@id":"https:\/\/acninternational.org\/de\/#website","url":"https:\/\/acninternational.org\/de\/","name":"ACN International","description":"","publisher":{"@id":"https:\/\/acninternational.org\/de\/#organization"},"potentialAction":[{"@type":"SearchAction","target":{"@type":"EntryPoint","urlTemplate":"https:\/\/acninternational.org\/de\/?s={search_term_string}"},"query-input":{"@type":"PropertyValueSpecification","valueRequired":true,"valueName":"search_term_string"}}],"inLanguage":"de"},{"@type":"Organization","@id":"https:\/\/acninternational.org\/de\/#organization","name":"Aid to the Church in Need International","url":"https:\/\/acninternational.org\/de\/","logo":{"@type":"ImageObject","inLanguage":"de","@id":"https:\/\/acninternational.org\/de\/#\/schema\/logo\/image\/","url":"https:\/\/media.acninternational.org\/wp-content\/uploads\/2019\/11\/acn_logo_blackvector.svg","contentUrl":"https:\/\/media.acninternational.org\/wp-content\/uploads\/2019\/11\/acn_logo_blackvector.svg","width":232.6,"height":78,"caption":"Aid to the Church in Need International"},"image":{"@id":"https:\/\/acninternational.org\/de\/#\/schema\/logo\/image\/"},"sameAs":["https:\/\/www.facebook.com\/acninternationalorg","https:\/\/x.com\/acn_int","https:\/\/www.youtube.com\/channel\/UCQ-077gS0TnVzkhHmf1opZw","https:\/\/www.instagram.com\/acn_international\/"]},{"@type":"Person","@id":"https:\/\/acninternational.org\/de\/#\/schema\/person\/7f3dafb236b242fb2aa46be1411fd703","name":"ACN Press Team","description":"Lorem ipsum dolor sit amet, consectetur adipiscing elit, sed do eiusmod tempor incididunt ut labore et dolore magna aliqua. Ut enim ad minim veniam, quis nostrud exercitation ullamco laboris nisi ut aliquip ex ea commodo consequat.","url":"https:\/\/acninternational.org\/de\/author\/acn-press-team\/"}]}},"_links":{"self":[{"href":"https:\/\/acninternational.org\/de\/wp-json\/wp\/v2\/posts\/163327","targetHints":{"allow":["GET"]}}],"collection":[{"href":"https:\/\/acninternational.org\/de\/wp-json\/wp\/v2\/posts"}],"about":[{"href":"https:\/\/acninternational.org\/de\/wp-json\/wp\/v2\/types\/post"}],"author":[{"embeddable":true,"href":"https:\/\/acninternational.org\/de\/wp-json\/wp\/v2\/users\/4258341447"}],"replies":[{"embeddable":true,"href":"https:\/\/acninternational.org\/de\/wp-json\/wp\/v2\/comments?post=163327"}],"version-history":[{"count":0,"href":"https:\/\/acninternational.org\/de\/wp-json\/wp\/v2\/posts\/163327\/revisions"}],"wp:featuredmedia":[{"embeddable":true,"href":"https:\/\/acninternational.org\/de\/wp-json\/wp\/v2\/media\/163308"}],"wp:attachment":[{"href":"https:\/\/acninternational.org\/de\/wp-json\/wp\/v2\/media?parent=163327"}],"wp:term":[{"taxonomy":"category","embeddable":true,"href":"https:\/\/acninternational.org\/de\/wp-json\/wp\/v2\/categories?post=163327"},{"taxonomy":"post_tag","embeddable":true,"href":"https:\/\/acninternational.org\/de\/wp-json\/wp\/v2\/tags?post=163327"},{"taxonomy":"country","embeddable":true,"href":"https:\/\/acninternational.org\/de\/wp-json\/wp\/v2\/country?post=163327"}],"curies":[{"name":"wp","href":"https:\/\/api.w.org\/{rel}","templated":true}]}}