{"id":158866,"date":"2021-08-16T12:44:23","date_gmt":"2021-08-16T10:44:23","guid":{"rendered":"https:\/\/acninternational.org\/year-of-saint-joseph-acn-presents-testimonies-of-devotion-to-saint-joseph-among-its-project-partners-in-africa-asia-and-latin-america\/"},"modified":"2021-08-31T14:36:38","modified_gmt":"2021-08-31T12:36:38","slug":"year-of-saint-joseph-acn-presents-testimonies-of-devotion-to-saint-joseph-among-its-project-partners-in-africa-asia-and-latin-america","status":"publish","type":"post","link":"https:\/\/acninternational.org\/de\/year-of-saint-joseph-acn-presents-testimonies-of-devotion-to-saint-joseph-among-its-project-partners-in-africa-asia-and-latin-america\/","title":{"rendered":"Josefsjahr: ACN stellt Zeugnisse der Verehrung des heiligen Josefs bei Projektpartnern in Afrika, Asien und Lateinamerika vor"},"content":{"rendered":"<p>Anl\u00e4sslich des von Papst Franziskus ausgerufenen Josefjahres von Dezember 2020 bis Dezember 2021 hat das p\u00e4pstliche Hilfswerk Aid to the Church in Need (ACN) \u00dcberlegungen, Zeugnisse und Wunder im Zusammenhang mit dem heiligen Josef bei den Projektpartnern in verschiedenen Teilen der Welt gesammelt.<\/p>\n<figure id=\"attachment_157989\" aria-describedby=\"caption-attachment-157989\" style=\"width: 670px\" class=\"wp-caption alignnone\"><img loading=\"lazy\" decoding=\"async\" class=\"wp-image-157989 size-full\" src=\"https:\/\/media.acninternational.org\/wp-content\/uploads\/2021\/08\/acn-news_Year-of-Saint-Joseph-2-1.jpg\" alt=\"\" width=\"670\" height=\"400\" srcset=\"https:\/\/media.acninternational.org\/wp-content\/uploads\/2021\/08\/acn-news_Year-of-Saint-Joseph-2-1.jpg 670w, https:\/\/media.acninternational.org\/wp-content\/uploads\/2021\/08\/acn-news_Year-of-Saint-Joseph-2-1-300x179.jpg 300w\" sizes=\"auto, (max-width: 670px) 100vw, 670px\" \/><figcaption id=\"caption-attachment-157989\" class=\"wp-caption-text\">Feier des Jahres des Heiligen Josef, von Dezember 2020 bis Dezember 2021.<\/figcaption><\/figure>\n<p>\u201eDer heilige Josef ist ein Vorbild in allen Bereichen des Lebens\u201c, so Bischof Domingo Buezo Leivo vom Apostolischen Vikariat Izabal in Guatemala. Die \u00dcberlegungen \u00fcber den heiligen Josef spiegeln jedoch in gewisser Weise die speziellen Anliegen jedes Landes wider: \u201eIch m\u00f6chte den heiligen Josef als den verantwortungsbewussten Mann in den Mittelpunkt stellen, der f\u00fcr das Leben des Kindes und der Mutter sorgt, und deshalb fliehen und die Folgen der Flucht ertragen musste: Unannehmlichkeiten, M\u00fcdigkeit, Gefahren, Unsicherheit. Aber er hat das Leben des Kindes und der Mutter gerettet\u201c, sagte er. Dabei weist er auf das menschliche Drama hin, das Tausende von Migranten aus Mittel- und S\u00fcdamerika erleben, die auf der Suche nach einem besseren Leben f\u00fcr sich und ihre Familien aus ihren L\u00e4ndern fliehen. \u201eEinige k\u00e4mpfen buchst\u00e4blich darum, das Leben zu retten, wie Josef und Maria mit dem Jesuskind im Arm\u201c, sagte der Bischof. Er stellt alle, die sich \u201eden Gefahren und Herausforderungen auf dem Migrationsweg\u201c aussetzen, unter die Obhut des heiligen Josefs.<\/p>\n<figure id=\"attachment_157993\" aria-describedby=\"caption-attachment-157993\" style=\"width: 670px\" class=\"wp-caption alignnone\"><img loading=\"lazy\" decoding=\"async\" class=\"wp-image-157995 size-full\" src=\"https:\/\/media.acninternational.org\/wp-content\/uploads\/2021\/08\/acn-news_Year-of-Saint-Joseph-3.jpg\" alt=\"\" width=\"670\" height=\"400\" srcset=\"https:\/\/media.acninternational.org\/wp-content\/uploads\/2021\/08\/acn-news_Year-of-Saint-Joseph-3.jpg 670w, https:\/\/media.acninternational.org\/wp-content\/uploads\/2021\/08\/acn-news_Year-of-Saint-Joseph-3-300x179.jpg 300w\" sizes=\"auto, (max-width: 670px) 100vw, 670px\" \/><figcaption id=\"caption-attachment-157993\" class=\"wp-caption-text\">Procession of the faithful of the parish Our Lady of Guadalupe, in Chel, Guatemala (photo taken before the pandemic)<\/figcaption><\/figure>\n<p>Priester und Ordensschwestern aus Guinea-Bissau, Uruguay, S\u00fcdafrika und Brasilien \u2013 um nur einige L\u00e4nder zu nennen \u2013\u00ad erz\u00e4hlen, wie sie die Verehrung des heiligen Josefs in ihren jeweiligen Gemeinschaften feiern. In Manaus, Brasilien, wo das Hilfswerk die Ausbildung von Seminaristen der Erzdi\u00f6zese unterst\u00fctzt, ist die Verehrung des heiligen Josefs in der ganzen Stadt weit verbreitet.<\/p>\n<p>Im Jahr 1848 wurde das Seminar San Jos\u00e9 gegr\u00fcndet und die dort ausgebildeten Priester errichteten die Pfarrei St. Josef. Jahre sp\u00e4ter wurde zwar das Seminar geschlossen, aber \u201edie Verehrung des heiligen Josefs blieb erhalten, und die Pfarrei festigte sich\u201c, erkl\u00e4rt Pater Zenildo Lima, derzeitiger Rektor des Erzdi\u00f6zesanseminars St. Josef, gegen\u00fcber ACN. 1999 begann eine Gruppe von Gl\u00e4ubigen, am 19. eines jeden Monats eine Novene zu Ehren des heiligen Josefs zu beten. Die Andacht verbreitete sich schnell im Volk, und wurde zum \u201eH\u00f6hepunkt der Volksfr\u00f6mmigkeit in der Erzdi\u00f6zese\u201c. Die Pfarrei wurde zum Di\u00f6zesanheiligtum des heiligen Josefs erhoben. An dessen Festtag str\u00f6men mehr als 100.000 Gl\u00e4ubige dorthin.<\/p>\n<figure id=\"attachment_158001\" aria-describedby=\"caption-attachment-158001\" style=\"width: 670px\" class=\"wp-caption alignnone\"><img loading=\"lazy\" decoding=\"async\" class=\"wp-image-158001 size-full\" src=\"https:\/\/media.acninternational.org\/wp-content\/uploads\/2021\/08\/acn-news_Year-of-Saint-Joseph-4.jpg\" alt=\"\" width=\"670\" height=\"400\" srcset=\"https:\/\/media.acninternational.org\/wp-content\/uploads\/2021\/08\/acn-news_Year-of-Saint-Joseph-4.jpg 670w, https:\/\/media.acninternational.org\/wp-content\/uploads\/2021\/08\/acn-news_Year-of-Saint-Joseph-4-300x179.jpg 300w\" sizes=\"auto, (max-width: 670px) 100vw, 670px\" \/><figcaption id=\"caption-attachment-158001\" class=\"wp-caption-text\">Seminaristen des Sankt-Joseph-Seminars in Manaus, Brasilien (Foto aus der Zeit vor der Pandemie).<\/figcaption><\/figure>\n<p>\u201eAm Fu\u00dfe des Gnadenbildes ereignen sich zahlreiche Geschichten von Schmerz, Hoffnung und Gebet\u201c, betont Pater Zenildo. So wie seine eigene Geschichte: Im Dezember 2016 erkrankte der Priester an einer Lungenentz\u00fcndung und geriet sogar in Todesangst; nach f\u00fcnf Stunden, in denen er zwischen Leben und Tod schwankte, \u00fcberwand er die Krise. Am 19. Dezember verlie\u00df er das Krankenhaus: \u201eAls meine 78-j\u00e4hrige Mutter mich sah, lief sie auf mich zu, umarmte mich und sagte mir unter Tr\u00e4nen der Dankbarkeit ins Ohr: \u201aIch habe mich eindringlich an den heiligen Josef gewandt, um dich nicht zu verlieren!\u2019\u201c<\/p>\n<p>Andere Projektpartner erz\u00e4hlen von geistlichen Gnadenerweisen des heiligen Josefs. So P. Godino Phokoso aus der Di\u00f6zese Dedza in Malawi. Er berichtet dem Hilfswerk, wie ihm sein Vater die Verehrung zum heiligen Josef weitergab: \u201eEr nannte den heiligen Josef meistens \u201aden Zimmermann\u2019. Er erz\u00e4hlte mir h\u00e4ufig von ihm. Er sagte, dass er ein gerechter Mann sei, ein hart arbeitender Mann, ein liebender Vater\u201c.<\/p>\n<figure id=\"attachment_158025\" aria-describedby=\"caption-attachment-158025\" style=\"width: 670px\" class=\"wp-caption alignnone\"><img loading=\"lazy\" decoding=\"async\" class=\"wp-image-158025 size-full\" src=\"https:\/\/media.acninternational.org\/wp-content\/uploads\/2021\/08\/acn-news_Year-of-Saint-Joseph-5-1.jpg\" alt=\"\" width=\"670\" height=\"400\" srcset=\"https:\/\/media.acninternational.org\/wp-content\/uploads\/2021\/08\/acn-news_Year-of-Saint-Joseph-5-1.jpg 670w, https:\/\/media.acninternational.org\/wp-content\/uploads\/2021\/08\/acn-news_Year-of-Saint-Joseph-5-1-300x179.jpg 300w\" sizes=\"auto, (max-width: 670px) 100vw, 670px\" \/><figcaption id=\"caption-attachment-158025\" class=\"wp-caption-text\">Dorfbewohner, die darauf warten, ihren Mais in der Mahlm\u00fchle des St. Kizito Seminars in Dezda, Malawi, zu mahlen.<\/figcaption><\/figure>\n<p>Laut Pater Godino war es auch der heilige Josef, der ihm beim Eintritt ins Priesterseminar, beim Studium und bei der Vorbereitung auf den Priesterberuf half. Seine Beziehung zum heiligen Josef ist \u201ewie zwischen Vater und Sohn\u201c. \u201eEr ist mein liebender Vater, der nicht m\u00fcde wird, meine Bitten zu erf\u00fcllen\u201c, so beispielsweise \u201eeine gute Predigt zu halten, ein guter Diener Gottes zu sein, Gesundheit, usw. Ich habe viele dieser Dinge von ihm erhalten. Viele der Dinge, die ich jetzt bezeugen kann, habe ich bereits erhalten. Weitere Gnadenerweise sind auf dem Weg\u201c, sagt er.<\/p>\n<figure id=\"attachment_158013\" aria-describedby=\"caption-attachment-158013\" style=\"width: 670px\" class=\"wp-caption alignnone\"><img loading=\"lazy\" decoding=\"async\" class=\"wp-image-158013 size-full\" src=\"https:\/\/media.acninternational.org\/wp-content\/uploads\/2021\/08\/acn-news_Year-of-Saint-Joseph-6.jpg\" alt=\"\" width=\"670\" height=\"400\" srcset=\"https:\/\/media.acninternational.org\/wp-content\/uploads\/2021\/08\/acn-news_Year-of-Saint-Joseph-6.jpg 670w, https:\/\/media.acninternational.org\/wp-content\/uploads\/2021\/08\/acn-news_Year-of-Saint-Joseph-6-300x179.jpg 300w\" sizes=\"auto, (max-width: 670px) 100vw, 670px\" \/><figcaption id=\"caption-attachment-158013\" class=\"wp-caption-text\">Seminaristen vor einem Priesterseminar in Jharkhand, Indien.<\/figcaption><\/figure>\n<p>Zu den von ACN zusammengetragenen Zeugnissen geh\u00f6ren ebenfalls Wunder- und Heilungsgeschichten, die der F\u00fcrsprache des heiligen Josefs in Indien zugeschrieben werden. Jesuitenpater George Kerketta von der Pfarrei St. Josef in Dolda, Indien, hat ACN bei der Reparatur des Kirchendachs unterst\u00fctzt. Er berichtet von Ehe- und Familienkrisen, die dank der F\u00fcrsprache des heiligen Josefs gel\u00f6st werden konnten. Der Jesuit ist sich sicher, dass auf die F\u00fcrsprache des Patriarchen Priester- und Ordensberufungen geweckt wurden. In der im Dschungel gelegenen Pfarrei berichten Menschen aber auch von Hilfe in erschreckenden Augenblicken, so zum Beispiel, als ein Pfarrangeh\u00f6riger von einem Tiger angegriffen wurde. Er erholte sich von seinen Wunden, nachdem seine Familie zum heiligen Josef gebetet hatte.<\/p>\n<p>Die Feier des Josefjahrs ist von COVID-19 gepr\u00e4gt. Dies war f\u00fcr viele Menschen ein Grund, sich seinem Schutz anzuvertrauen, so Pater Ernest Adwok, Pfarrer der St. Josephs-Kathedrale in Malakal, S\u00fcdsudan. \u201ePapst Franziskus m\u00f6chte, dass dieses Jahr dem heiligen Josef gewidmet wird. Wegen der Pandemie befinden wir uns in einem Lockdown. Ist es trotzdem m\u00f6glich, einige Aktivit\u00e4ten zum Jahr des heiligen Josefs durchzuf\u00fchren? Wenn wir auf Gott vertrauen \u2013 daran glaube ich \u2013, kann jede Ver\u00e4nderung eintreten. Wir hoffen, dass auf die F\u00fcrsprache des heiligen Josefs die ganze Welt von dieser Pandemie befreit wird\u201c, so der Priester. \u201eDer heilige Josef war ein Mann der Tr\u00e4ume und ein Mann der Tat. Tr\u00e4ume und Taten: Ich habe dies als meinen Lebensweg, als meine Berufung angenommen. Ich habe Tr\u00e4ume \u00fcber mein zuk\u00fcnftiges Leben. Was soll ich in der Gemeinde tun, in der ich arbeite?\u201c, denkt der Priester laut nach.<\/p>\n<figure id=\"attachment_158019\" aria-describedby=\"caption-attachment-158019\" style=\"width: 670px\" class=\"wp-caption alignnone\"><img loading=\"lazy\" decoding=\"async\" class=\"wp-image-158019 size-full\" src=\"https:\/\/media.acninternational.org\/wp-content\/uploads\/2021\/08\/acn-news_Year-of-Saint-Joseph-7.jpg\" alt=\"\" width=\"670\" height=\"400\" srcset=\"https:\/\/media.acninternational.org\/wp-content\/uploads\/2021\/08\/acn-news_Year-of-Saint-Joseph-7.jpg 670w, https:\/\/media.acninternational.org\/wp-content\/uploads\/2021\/08\/acn-news_Year-of-Saint-Joseph-7-300x179.jpg 300w\" sizes=\"auto, (max-width: 670px) 100vw, 670px\" \/><figcaption id=\"caption-attachment-158019\" class=\"wp-caption-text\">Pater Ernest Adwok, Pfarrer der Saint Joseph&#8217;s Cathedral in Malakal, S\u00fcdsudan.<\/figcaption><\/figure>\n<p><strong>Mehr Zeugnisse k\u00f6nnen <a href=\"https:\/\/acninternational.org\/testimonies-of-devotion-to-saint-joseph\/\">hier<\/a> abgerufen werden.<\/strong><\/p>\n","protected":false},"excerpt":{"rendered":"<p>Priests and religious from Guinea Bissau, Uruguay, and Brazil describe how they express their devotion to St Joseph<\/p>\n","protected":false},"author":66,"featured_media":157983,"comment_status":"closed","ping_status":"closed","sticky":false,"template":"","format":"standard","meta":{"_acf_changed":false,"_acn_coauthor_ids":[],"footnotes":""},"categories":[918],"tags":[],"country":[333],"class_list":["post-158866","post","type-post","status-publish","format-standard","has-post-thumbnail","hentry","category-nachricht","country-international"],"acn_coauthors":[],"acf":[],"yoast_head":"<!-- This site is optimized with the Yoast SEO Premium plugin v27.3 (Yoast SEO v27.3) - https:\/\/yoast.com\/product\/yoast-seo-premium-wordpress\/ -->\n<title>Josefsjahr: ACN stellt Zeugnisse der Verehrung des heiligen Josefs bei Projektpartnern in Afrika, Asien und Lateinamerika vor | ACN International<\/title>\n<meta name=\"description\" content=\"Anl\u00e4sslich des von Papst Franziskus ausgerufenen Josefjahres von Dezember 2020 bis Dezember 2021 hat das p\u00e4pstliche Hilfswerk Aid to the Church in Need (ACN) \u00dcberlegungen, Zeugnisse und Wunder im Zusammenhang mit dem heiligen Josef bei den Projektpartnern in verschiedenen Teilen der Welt gesammelt.\" \/>\n<meta name=\"robots\" content=\"index, follow, max-snippet:-1, max-image-preview:large, max-video-preview:-1\" \/>\n<link rel=\"canonical\" href=\"https:\/\/acninternational.org\/de\/year-of-saint-joseph-acn-presents-testimonies-of-devotion-to-saint-joseph-among-its-project-partners-in-africa-asia-and-latin-america\/\" \/>\n<meta property=\"og:locale\" content=\"de_DE\" \/>\n<meta property=\"og:type\" content=\"article\" \/>\n<meta property=\"og:title\" content=\"Josefsjahr: ACN stellt Zeugnisse der Verehrung des heiligen Josefs bei Projektpartnern in Afrika, Asien und Lateinamerika vor\" \/>\n<meta property=\"og:description\" content=\"Anl\u00e4sslich des von Papst Franziskus ausgerufenen Josefjahres von Dezember 2020 bis Dezember 2021 hat das p\u00e4pstliche Hilfswerk Aid to the Church in Need (ACN) \u00dcberlegungen, Zeugnisse und Wunder im Zusammenhang mit dem heiligen Josef bei den Projektpartnern in verschiedenen Teilen der Welt gesammelt.\" \/>\n<meta property=\"og:url\" content=\"https:\/\/acninternational.org\/de\/year-of-saint-joseph-acn-presents-testimonies-of-devotion-to-saint-joseph-among-its-project-partners-in-africa-asia-and-latin-america\/\" \/>\n<meta property=\"og:site_name\" content=\"ACN International\" \/>\n<meta property=\"article:publisher\" content=\"https:\/\/www.facebook.com\/acninternationalorg\" \/>\n<meta property=\"article:published_time\" content=\"2021-08-16T10:44:23+00:00\" \/>\n<meta property=\"article:modified_time\" content=\"2021-08-31T12:36:38+00:00\" \/>\n<meta property=\"og:image\" content=\"https:\/\/media.acninternational.org\/wp-content\/uploads\/2021\/08\/acn-news_Year-of-Saint-Joseph-1.jpg\" \/>\n\t<meta property=\"og:image:width\" content=\"2000\" \/>\n\t<meta property=\"og:image:height\" content=\"625\" \/>\n\t<meta property=\"og:image:type\" content=\"image\/jpeg\" \/>\n<meta name=\"author\" content=\"Milena\" \/>\n<meta name=\"twitter:card\" content=\"summary_large_image\" \/>\n<meta name=\"twitter:creator\" content=\"@acn_int\" \/>\n<meta name=\"twitter:site\" content=\"@acn_int\" \/>\n<meta name=\"twitter:label1\" content=\"Verfasst von\" \/>\n\t<meta name=\"twitter:data1\" content=\"Milena\" \/>\n\t<meta name=\"twitter:label2\" content=\"Gesch\u00e4tzte Lesezeit\" \/>\n\t<meta name=\"twitter:data2\" content=\"6\u00a0Minuten\" \/>\n<script type=\"application\/ld+json\" class=\"yoast-schema-graph\">{\"@context\":\"https:\\\/\\\/schema.org\",\"@graph\":[{\"@type\":\"Article\",\"@id\":\"https:\\\/\\\/acninternational.org\\\/de\\\/year-of-saint-joseph-acn-presents-testimonies-of-devotion-to-saint-joseph-among-its-project-partners-in-africa-asia-and-latin-america\\\/#article\",\"isPartOf\":{\"@id\":\"https:\\\/\\\/acninternational.org\\\/de\\\/year-of-saint-joseph-acn-presents-testimonies-of-devotion-to-saint-joseph-among-its-project-partners-in-africa-asia-and-latin-america\\\/\"},\"author\":{\"name\":\"Milena\",\"@id\":\"https:\\\/\\\/acninternational.org\\\/de\\\/#\\\/schema\\\/person\\\/5a2b2930ad4475e0aa0dade4e51d9474\"},\"headline\":\"Josefsjahr: ACN stellt Zeugnisse der Verehrung des heiligen Josefs bei Projektpartnern in Afrika, Asien und Lateinamerika vor\",\"datePublished\":\"2021-08-16T10:44:23+00:00\",\"dateModified\":\"2021-08-31T12:36:38+00:00\",\"mainEntityOfPage\":{\"@id\":\"https:\\\/\\\/acninternational.org\\\/de\\\/year-of-saint-joseph-acn-presents-testimonies-of-devotion-to-saint-joseph-among-its-project-partners-in-africa-asia-and-latin-america\\\/\"},\"wordCount\":1062,\"publisher\":{\"@id\":\"https:\\\/\\\/acninternational.org\\\/de\\\/#organization\"},\"image\":{\"@id\":\"https:\\\/\\\/acninternational.org\\\/de\\\/year-of-saint-joseph-acn-presents-testimonies-of-devotion-to-saint-joseph-among-its-project-partners-in-africa-asia-and-latin-america\\\/#primaryimage\"},\"thumbnailUrl\":\"https:\\\/\\\/media.acninternational.org\\\/wp-content\\\/uploads\\\/2021\\\/08\\\/acn-news_Year-of-Saint-Joseph-1.jpg\",\"articleSection\":[\"Nachricht\"],\"inLanguage\":\"de\"},{\"@type\":\"WebPage\",\"@id\":\"https:\\\/\\\/acninternational.org\\\/de\\\/year-of-saint-joseph-acn-presents-testimonies-of-devotion-to-saint-joseph-among-its-project-partners-in-africa-asia-and-latin-america\\\/\",\"url\":\"https:\\\/\\\/acninternational.org\\\/de\\\/year-of-saint-joseph-acn-presents-testimonies-of-devotion-to-saint-joseph-among-its-project-partners-in-africa-asia-and-latin-america\\\/\",\"name\":\"Josefsjahr: ACN stellt Zeugnisse der Verehrung des heiligen Josefs bei Projektpartnern in Afrika, Asien und Lateinamerika vor | ACN International\",\"isPartOf\":{\"@id\":\"https:\\\/\\\/acninternational.org\\\/de\\\/#website\"},\"primaryImageOfPage\":{\"@id\":\"https:\\\/\\\/acninternational.org\\\/de\\\/year-of-saint-joseph-acn-presents-testimonies-of-devotion-to-saint-joseph-among-its-project-partners-in-africa-asia-and-latin-america\\\/#primaryimage\"},\"image\":{\"@id\":\"https:\\\/\\\/acninternational.org\\\/de\\\/year-of-saint-joseph-acn-presents-testimonies-of-devotion-to-saint-joseph-among-its-project-partners-in-africa-asia-and-latin-america\\\/#primaryimage\"},\"thumbnailUrl\":\"https:\\\/\\\/media.acninternational.org\\\/wp-content\\\/uploads\\\/2021\\\/08\\\/acn-news_Year-of-Saint-Joseph-1.jpg\",\"datePublished\":\"2021-08-16T10:44:23+00:00\",\"dateModified\":\"2021-08-31T12:36:38+00:00\",\"description\":\"Anl\u00e4sslich des von Papst Franziskus ausgerufenen Josefjahres von Dezember 2020 bis Dezember 2021 hat das p\u00e4pstliche Hilfswerk Aid to the Church in Need (ACN) \u00dcberlegungen, Zeugnisse und Wunder im Zusammenhang mit dem heiligen Josef bei den Projektpartnern in verschiedenen Teilen der Welt gesammelt.\",\"breadcrumb\":{\"@id\":\"https:\\\/\\\/acninternational.org\\\/de\\\/year-of-saint-joseph-acn-presents-testimonies-of-devotion-to-saint-joseph-among-its-project-partners-in-africa-asia-and-latin-america\\\/#breadcrumb\"},\"inLanguage\":\"de\",\"potentialAction\":[{\"@type\":\"ReadAction\",\"target\":[\"https:\\\/\\\/acninternational.org\\\/de\\\/year-of-saint-joseph-acn-presents-testimonies-of-devotion-to-saint-joseph-among-its-project-partners-in-africa-asia-and-latin-america\\\/\"]}]},{\"@type\":\"ImageObject\",\"inLanguage\":\"de\",\"@id\":\"https:\\\/\\\/acninternational.org\\\/de\\\/year-of-saint-joseph-acn-presents-testimonies-of-devotion-to-saint-joseph-among-its-project-partners-in-africa-asia-and-latin-america\\\/#primaryimage\",\"url\":\"https:\\\/\\\/media.acninternational.org\\\/wp-content\\\/uploads\\\/2021\\\/08\\\/acn-news_Year-of-Saint-Joseph-1.jpg\",\"contentUrl\":\"https:\\\/\\\/media.acninternational.org\\\/wp-content\\\/uploads\\\/2021\\\/08\\\/acn-news_Year-of-Saint-Joseph-1.jpg\",\"width\":2000,\"height\":625},{\"@type\":\"BreadcrumbList\",\"@id\":\"https:\\\/\\\/acninternational.org\\\/de\\\/year-of-saint-joseph-acn-presents-testimonies-of-devotion-to-saint-joseph-among-its-project-partners-in-africa-asia-and-latin-america\\\/#breadcrumb\",\"itemListElement\":[{\"@type\":\"ListItem\",\"position\":1,\"name\":\"Home\",\"item\":\"https:\\\/\\\/acninternational.org\\\/de\\\/\"},{\"@type\":\"ListItem\",\"position\":2,\"name\":\"Nachricht\",\"item\":\"https:\\\/\\\/acninternational.org\\\/de\\\/category\\\/nachricht\\\/\"},{\"@type\":\"ListItem\",\"position\":3,\"name\":\"Josefsjahr: ACN stellt Zeugnisse der Verehrung des heiligen Josefs bei Projektpartnern in Afrika, Asien und Lateinamerika vor\"}]},{\"@type\":\"WebSite\",\"@id\":\"https:\\\/\\\/acninternational.org\\\/de\\\/#website\",\"url\":\"https:\\\/\\\/acninternational.org\\\/de\\\/\",\"name\":\"ACN International\",\"description\":\"\",\"publisher\":{\"@id\":\"https:\\\/\\\/acninternational.org\\\/de\\\/#organization\"},\"potentialAction\":[{\"@type\":\"SearchAction\",\"target\":{\"@type\":\"EntryPoint\",\"urlTemplate\":\"https:\\\/\\\/acninternational.org\\\/de\\\/?s={search_term_string}\"},\"query-input\":{\"@type\":\"PropertyValueSpecification\",\"valueRequired\":true,\"valueName\":\"search_term_string\"}}],\"inLanguage\":\"de\"},{\"@type\":\"Organization\",\"@id\":\"https:\\\/\\\/acninternational.org\\\/de\\\/#organization\",\"name\":\"Aid to the Church in Need International\",\"url\":\"https:\\\/\\\/acninternational.org\\\/de\\\/\",\"logo\":{\"@type\":\"ImageObject\",\"inLanguage\":\"de\",\"@id\":\"https:\\\/\\\/acninternational.org\\\/de\\\/#\\\/schema\\\/logo\\\/image\\\/\",\"url\":\"https:\\\/\\\/media.acninternational.org\\\/wp-content\\\/uploads\\\/2019\\\/11\\\/acn_logo_blackvector.svg\",\"contentUrl\":\"https:\\\/\\\/media.acninternational.org\\\/wp-content\\\/uploads\\\/2019\\\/11\\\/acn_logo_blackvector.svg\",\"width\":232.6,\"height\":78,\"caption\":\"Aid to the Church in Need International\"},\"image\":{\"@id\":\"https:\\\/\\\/acninternational.org\\\/de\\\/#\\\/schema\\\/logo\\\/image\\\/\"},\"sameAs\":[\"https:\\\/\\\/www.facebook.com\\\/acninternationalorg\",\"https:\\\/\\\/x.com\\\/acn_int\",\"https:\\\/\\\/www.youtube.com\\\/channel\\\/UCQ-077gS0TnVzkhHmf1opZw\",\"https:\\\/\\\/www.instagram.com\\\/acn_international\\\/\"]},{\"@type\":\"Person\",\"@id\":\"https:\\\/\\\/acninternational.org\\\/de\\\/#\\\/schema\\\/person\\\/5a2b2930ad4475e0aa0dade4e51d9474\",\"name\":\"Milena\",\"description\":\"Lorem ipsum dolor sit amet, consectetur adipiscing elit, sed do eiusmod tempor incididunt ut labore et dolore magna aliqua. Ut enim ad minim veniam, quis nostrud exercitation ullamco laboris nisi ut aliquip ex ea commodo consequat.\",\"url\":\"https:\\\/\\\/acninternational.org\\\/de\\\/author\\\/milena\\\/\"}]}<\/script>\n<!-- \/ Yoast SEO Premium plugin. -->","yoast_head_json":{"title":"Josefsjahr: ACN stellt Zeugnisse der Verehrung des heiligen Josefs bei Projektpartnern in Afrika, Asien und Lateinamerika vor | ACN International","description":"Anl\u00e4sslich des von Papst Franziskus ausgerufenen Josefjahres von Dezember 2020 bis Dezember 2021 hat das p\u00e4pstliche Hilfswerk Aid to the Church in Need (ACN) \u00dcberlegungen, Zeugnisse und Wunder im Zusammenhang mit dem heiligen Josef bei den Projektpartnern in verschiedenen Teilen der Welt gesammelt.","robots":{"index":"index","follow":"follow","max-snippet":"max-snippet:-1","max-image-preview":"max-image-preview:large","max-video-preview":"max-video-preview:-1"},"canonical":"https:\/\/acninternational.org\/de\/year-of-saint-joseph-acn-presents-testimonies-of-devotion-to-saint-joseph-among-its-project-partners-in-africa-asia-and-latin-america\/","og_locale":"de_DE","og_type":"article","og_title":"Josefsjahr: ACN stellt Zeugnisse der Verehrung des heiligen Josefs bei Projektpartnern in Afrika, Asien und Lateinamerika vor","og_description":"Anl\u00e4sslich des von Papst Franziskus ausgerufenen Josefjahres von Dezember 2020 bis Dezember 2021 hat das p\u00e4pstliche Hilfswerk Aid to the Church in Need (ACN) \u00dcberlegungen, Zeugnisse und Wunder im Zusammenhang mit dem heiligen Josef bei den Projektpartnern in verschiedenen Teilen der Welt gesammelt.","og_url":"https:\/\/acninternational.org\/de\/year-of-saint-joseph-acn-presents-testimonies-of-devotion-to-saint-joseph-among-its-project-partners-in-africa-asia-and-latin-america\/","og_site_name":"ACN International","article_publisher":"https:\/\/www.facebook.com\/acninternationalorg","article_published_time":"2021-08-16T10:44:23+00:00","article_modified_time":"2021-08-31T12:36:38+00:00","og_image":[{"width":2000,"height":625,"url":"https:\/\/media.acninternational.org\/wp-content\/uploads\/2021\/08\/acn-news_Year-of-Saint-Joseph-1.jpg","type":"image\/jpeg"}],"author":"Milena","twitter_card":"summary_large_image","twitter_creator":"@acn_int","twitter_site":"@acn_int","twitter_misc":{"Verfasst von":"Milena","Gesch\u00e4tzte Lesezeit":"6\u00a0Minuten"},"schema":{"@context":"https:\/\/schema.org","@graph":[{"@type":"Article","@id":"https:\/\/acninternational.org\/de\/year-of-saint-joseph-acn-presents-testimonies-of-devotion-to-saint-joseph-among-its-project-partners-in-africa-asia-and-latin-america\/#article","isPartOf":{"@id":"https:\/\/acninternational.org\/de\/year-of-saint-joseph-acn-presents-testimonies-of-devotion-to-saint-joseph-among-its-project-partners-in-africa-asia-and-latin-america\/"},"author":{"name":"Milena","@id":"https:\/\/acninternational.org\/de\/#\/schema\/person\/5a2b2930ad4475e0aa0dade4e51d9474"},"headline":"Josefsjahr: ACN stellt Zeugnisse der Verehrung des heiligen Josefs bei Projektpartnern in Afrika, Asien und Lateinamerika vor","datePublished":"2021-08-16T10:44:23+00:00","dateModified":"2021-08-31T12:36:38+00:00","mainEntityOfPage":{"@id":"https:\/\/acninternational.org\/de\/year-of-saint-joseph-acn-presents-testimonies-of-devotion-to-saint-joseph-among-its-project-partners-in-africa-asia-and-latin-america\/"},"wordCount":1062,"publisher":{"@id":"https:\/\/acninternational.org\/de\/#organization"},"image":{"@id":"https:\/\/acninternational.org\/de\/year-of-saint-joseph-acn-presents-testimonies-of-devotion-to-saint-joseph-among-its-project-partners-in-africa-asia-and-latin-america\/#primaryimage"},"thumbnailUrl":"https:\/\/media.acninternational.org\/wp-content\/uploads\/2021\/08\/acn-news_Year-of-Saint-Joseph-1.jpg","articleSection":["Nachricht"],"inLanguage":"de"},{"@type":"WebPage","@id":"https:\/\/acninternational.org\/de\/year-of-saint-joseph-acn-presents-testimonies-of-devotion-to-saint-joseph-among-its-project-partners-in-africa-asia-and-latin-america\/","url":"https:\/\/acninternational.org\/de\/year-of-saint-joseph-acn-presents-testimonies-of-devotion-to-saint-joseph-among-its-project-partners-in-africa-asia-and-latin-america\/","name":"Josefsjahr: ACN stellt Zeugnisse der Verehrung des heiligen Josefs bei Projektpartnern in Afrika, Asien und Lateinamerika vor | ACN International","isPartOf":{"@id":"https:\/\/acninternational.org\/de\/#website"},"primaryImageOfPage":{"@id":"https:\/\/acninternational.org\/de\/year-of-saint-joseph-acn-presents-testimonies-of-devotion-to-saint-joseph-among-its-project-partners-in-africa-asia-and-latin-america\/#primaryimage"},"image":{"@id":"https:\/\/acninternational.org\/de\/year-of-saint-joseph-acn-presents-testimonies-of-devotion-to-saint-joseph-among-its-project-partners-in-africa-asia-and-latin-america\/#primaryimage"},"thumbnailUrl":"https:\/\/media.acninternational.org\/wp-content\/uploads\/2021\/08\/acn-news_Year-of-Saint-Joseph-1.jpg","datePublished":"2021-08-16T10:44:23+00:00","dateModified":"2021-08-31T12:36:38+00:00","description":"Anl\u00e4sslich des von Papst Franziskus ausgerufenen Josefjahres von Dezember 2020 bis Dezember 2021 hat das p\u00e4pstliche Hilfswerk Aid to the Church in Need (ACN) \u00dcberlegungen, Zeugnisse und Wunder im Zusammenhang mit dem heiligen Josef bei den Projektpartnern in verschiedenen Teilen der Welt gesammelt.","breadcrumb":{"@id":"https:\/\/acninternational.org\/de\/year-of-saint-joseph-acn-presents-testimonies-of-devotion-to-saint-joseph-among-its-project-partners-in-africa-asia-and-latin-america\/#breadcrumb"},"inLanguage":"de","potentialAction":[{"@type":"ReadAction","target":["https:\/\/acninternational.org\/de\/year-of-saint-joseph-acn-presents-testimonies-of-devotion-to-saint-joseph-among-its-project-partners-in-africa-asia-and-latin-america\/"]}]},{"@type":"ImageObject","inLanguage":"de","@id":"https:\/\/acninternational.org\/de\/year-of-saint-joseph-acn-presents-testimonies-of-devotion-to-saint-joseph-among-its-project-partners-in-africa-asia-and-latin-america\/#primaryimage","url":"https:\/\/media.acninternational.org\/wp-content\/uploads\/2021\/08\/acn-news_Year-of-Saint-Joseph-1.jpg","contentUrl":"https:\/\/media.acninternational.org\/wp-content\/uploads\/2021\/08\/acn-news_Year-of-Saint-Joseph-1.jpg","width":2000,"height":625},{"@type":"BreadcrumbList","@id":"https:\/\/acninternational.org\/de\/year-of-saint-joseph-acn-presents-testimonies-of-devotion-to-saint-joseph-among-its-project-partners-in-africa-asia-and-latin-america\/#breadcrumb","itemListElement":[{"@type":"ListItem","position":1,"name":"Home","item":"https:\/\/acninternational.org\/de\/"},{"@type":"ListItem","position":2,"name":"Nachricht","item":"https:\/\/acninternational.org\/de\/category\/nachricht\/"},{"@type":"ListItem","position":3,"name":"Josefsjahr: ACN stellt Zeugnisse der Verehrung des heiligen Josefs bei Projektpartnern in Afrika, Asien und Lateinamerika vor"}]},{"@type":"WebSite","@id":"https:\/\/acninternational.org\/de\/#website","url":"https:\/\/acninternational.org\/de\/","name":"ACN International","description":"","publisher":{"@id":"https:\/\/acninternational.org\/de\/#organization"},"potentialAction":[{"@type":"SearchAction","target":{"@type":"EntryPoint","urlTemplate":"https:\/\/acninternational.org\/de\/?s={search_term_string}"},"query-input":{"@type":"PropertyValueSpecification","valueRequired":true,"valueName":"search_term_string"}}],"inLanguage":"de"},{"@type":"Organization","@id":"https:\/\/acninternational.org\/de\/#organization","name":"Aid to the Church in Need International","url":"https:\/\/acninternational.org\/de\/","logo":{"@type":"ImageObject","inLanguage":"de","@id":"https:\/\/acninternational.org\/de\/#\/schema\/logo\/image\/","url":"https:\/\/media.acninternational.org\/wp-content\/uploads\/2019\/11\/acn_logo_blackvector.svg","contentUrl":"https:\/\/media.acninternational.org\/wp-content\/uploads\/2019\/11\/acn_logo_blackvector.svg","width":232.6,"height":78,"caption":"Aid to the Church in Need International"},"image":{"@id":"https:\/\/acninternational.org\/de\/#\/schema\/logo\/image\/"},"sameAs":["https:\/\/www.facebook.com\/acninternationalorg","https:\/\/x.com\/acn_int","https:\/\/www.youtube.com\/channel\/UCQ-077gS0TnVzkhHmf1opZw","https:\/\/www.instagram.com\/acn_international\/"]},{"@type":"Person","@id":"https:\/\/acninternational.org\/de\/#\/schema\/person\/5a2b2930ad4475e0aa0dade4e51d9474","name":"Milena","description":"Lorem ipsum dolor sit amet, consectetur adipiscing elit, sed do eiusmod tempor incididunt ut labore et dolore magna aliqua. Ut enim ad minim veniam, quis nostrud exercitation ullamco laboris nisi ut aliquip ex ea commodo consequat.","url":"https:\/\/acninternational.org\/de\/author\/milena\/"}]}},"_links":{"self":[{"href":"https:\/\/acninternational.org\/de\/wp-json\/wp\/v2\/posts\/158866","targetHints":{"allow":["GET"]}}],"collection":[{"href":"https:\/\/acninternational.org\/de\/wp-json\/wp\/v2\/posts"}],"about":[{"href":"https:\/\/acninternational.org\/de\/wp-json\/wp\/v2\/types\/post"}],"author":[{"embeddable":true,"href":"https:\/\/acninternational.org\/de\/wp-json\/wp\/v2\/users\/66"}],"replies":[{"embeddable":true,"href":"https:\/\/acninternational.org\/de\/wp-json\/wp\/v2\/comments?post=158866"}],"version-history":[{"count":0,"href":"https:\/\/acninternational.org\/de\/wp-json\/wp\/v2\/posts\/158866\/revisions"}],"wp:featuredmedia":[{"embeddable":true,"href":"https:\/\/acninternational.org\/de\/wp-json\/wp\/v2\/media\/157983"}],"wp:attachment":[{"href":"https:\/\/acninternational.org\/de\/wp-json\/wp\/v2\/media?parent=158866"}],"wp:term":[{"taxonomy":"category","embeddable":true,"href":"https:\/\/acninternational.org\/de\/wp-json\/wp\/v2\/categories?post=158866"},{"taxonomy":"post_tag","embeddable":true,"href":"https:\/\/acninternational.org\/de\/wp-json\/wp\/v2\/tags?post=158866"},{"taxonomy":"country","embeddable":true,"href":"https:\/\/acninternational.org\/de\/wp-json\/wp\/v2\/country?post=158866"}],"curies":[{"name":"wp","href":"https:\/\/api.w.org\/{rel}","templated":true}]}}