{"id":158548,"date":"2021-08-27T09:58:24","date_gmt":"2021-08-27T07:58:24","guid":{"rendered":"https:\/\/acninternational.org\/?p=158548"},"modified":"2021-08-27T12:34:55","modified_gmt":"2021-08-27T10:34:55","slug":"ungarn-viele-laender-leiden-unter-fehlenden-mitteln-oder-fehlenden-grundrechten-wir-im-westen-sind-haeufig-mit-fehlendem-glauben-konfrontiert","status":"publish","type":"post","link":"https:\/\/acninternational.org\/de\/ungarn-viele-laender-leiden-unter-fehlenden-mitteln-oder-fehlenden-grundrechten-wir-im-westen-sind-haeufig-mit-fehlendem-glauben-konfrontiert\/","title":{"rendered":"Ungarn: Viele L\u00e4nder leiden unter fehlenden Mitteln oder fehlenden Grundrechten. Wir im Westen sind h\u00e4ufig mit fehlendem Glauben konfrontiert"},"content":{"rendered":"<p><em>Zum ersten Mal seit 21 Jahren wird der Papst auf dem Kongress anwesend sein<\/em><\/p>\n<p>Der 52. Internationale Eucharistische Kongress wird Katholiken aus aller Welt zusammenbringen, um ihr Verst\u00e4ndnis der Bedeutung der Eucharistie zu vertiefen und \u00fcber die Mission der Katholischen Kirche, Gottes Liebe in der heutigen Welt pr\u00e4sent werden zu lassen, zu reflektieren. In diesem Jahr findet der Kongress vom 5. \u2013 12. September in der ungarischen Hauptstadt Budapest statt.<\/p>\n<p>Das Thema des Eucharistischen Kongresses 2021 ist den Schlussworten von Psalm 87,7 entnommen: \u201eDenn bei Dir ist die Quelle des Lebens\u201c. Der Kongress, der urspr\u00fcnglich 2020 stattfinden sollte, wurde infolge der Corona-Pandemie auf das Jahr 2021 verschoben.<\/p>\n<p>\u201eZiel dieser Begegnung ist es, die Liebe zur Eucharistie, dem heiligen Mysterium unseres Glaubens, bekannt zu machen und zu f\u00f6rdern\u201c, erkl\u00e4rt Regina Lynch, Projektleiterin der p\u00e4pstlichen Stiftung <em><strong>Aid to the Church in Need (ACN International)<\/strong><\/em>, einem internationalen katholischen Hilfswerk. \u201eWir glauben, dass dieser Kongress in Zeiten der Pandemie geradezu prophetisch ist. Er kann f\u00fcr das Leben der Kirche sehr wichtig sein, nun da COVID-19 es den Menschen vielerorts schwermacht, an Heiligen Messen und Eucharistischen Andachten teilzunehmen\u201c, f\u00fcgt sie hinzu.<\/p>\n<figure id=\"attachment_158675\" aria-describedby=\"caption-attachment-158675\" style=\"width: 800px\" class=\"wp-caption aligncenter\"><img loading=\"lazy\" decoding=\"async\" class=\"wp-image-158675 size-large\" src=\"https:\/\/media.acninternational.org\/wp-content\/uploads\/2021\/08\/ACN-20210423-112369-1024x683.jpg\" alt=\"\" width=\"800\" height=\"534\" srcset=\"https:\/\/media.acninternational.org\/wp-content\/uploads\/2021\/08\/ACN-20210423-112369-1024x683.jpg 1024w, https:\/\/media.acninternational.org\/wp-content\/uploads\/2021\/08\/ACN-20210423-112369-300x200.jpg 300w, https:\/\/media.acninternational.org\/wp-content\/uploads\/2021\/08\/ACN-20210423-112369-768x512.jpg 768w, https:\/\/media.acninternational.org\/wp-content\/uploads\/2021\/08\/ACN-20210423-112369-1536x1024.jpg 1536w, https:\/\/media.acninternational.org\/wp-content\/uploads\/2021\/08\/ACN-20210423-112369.jpg 1920w\" sizes=\"auto, (max-width: 800px) 100vw, 800px\" \/><figcaption id=\"caption-attachment-158675\" class=\"wp-caption-text\">Regina Lynch, Director of Projets ACN<\/figcaption><\/figure>\n<p>\u201eWir sind der Ansicht, dass die F\u00f6rderung des eucharistischen Lebens unter den Gl\u00e4ubigen ganz elementar f\u00fcr das Leben der Gemeinde ist. Es bedeutet, Christus zu den Gemeinden zu bringen. In vielen L\u00e4ndern haben die Gl\u00e4ubigen eine echte Sehnsucht, die Eucharistie zu empfangen und ihre Gegenwart zu sp\u00fcren. Gemeinsam mit anderen sind sie mit vielen Problemen konfrontiert \u2013 fehlende Religionsfreiheit, Unsicherheit infolge ziviler und milit\u00e4rischer Konflikte, gro\u00dfe Entfernungen in Verbindung mit fehlenden Transportm\u00f6glichkeiten, und auch Armut. Vielen Gemeinden fehlen die Mittel, ein Gotteshaus zu bauen oder auch nur ihre Priester zu unterst\u00fctzen\u201c, erkl\u00e4rt Regina Lynch.<\/p>\n<p>Aus diesem Grund unterst\u00fctzt ACN viele Projekte, die die erforderlichen Mittel bereitstellen, um die Pr\u00e4senz der Eucharistie zu f\u00f6rdern \u201ebeispielsweise, indem ein Motorrad zur Verf\u00fcgung gestellt wird, damit der Priester zur Feier der Heiligen Messe zu einer entlegenen Missionsstation fahren kann, oder der Bau einer Kapelle in einem abgelegenen W\u00fcstengebiet oder im Gebirge. Diese Hilfe kann zahlreiche Formen annehmen, angefangen bei etwas Praktischem wie einer Hostienbackmaschine bis hin zu etwas eher Langfristigen, wie die Ausbildung zuk\u00fcnftiger Priester.\u201c<\/p>\n<p><img loading=\"lazy\" decoding=\"async\" class=\"aligncenter wp-image-158681 size-large\" src=\"https:\/\/media.acninternational.org\/wp-content\/uploads\/2021\/08\/ACN-20210505-112744-1-1024x768.jpeg\" alt=\"\" width=\"800\" height=\"600\" srcset=\"https:\/\/media.acninternational.org\/wp-content\/uploads\/2021\/08\/ACN-20210505-112744-1-1024x768.jpeg 1024w, https:\/\/media.acninternational.org\/wp-content\/uploads\/2021\/08\/ACN-20210505-112744-1-300x225.jpeg 300w, https:\/\/media.acninternational.org\/wp-content\/uploads\/2021\/08\/ACN-20210505-112744-1-768x576.jpeg 768w, https:\/\/media.acninternational.org\/wp-content\/uploads\/2021\/08\/ACN-20210505-112744-1.jpeg 1500w\" sizes=\"auto, (max-width: 800px) 100vw, 800px\" \/><\/p>\n<p>\u201eIn den genannten F\u00e4llen geht es um fehlende Mittel oder fehlende Grundrechte. Wir im Westen sind h\u00e4ufig mit fehlendem Glauben konfrontiert. Zu viel Stress, zu wenig Zeit oder Gleichg\u00fcltigkeit gegen\u00fcber der Eucharistie. Aus diesem Grund ist es sehr wichtig, daf\u00fcr zu beten, dass der Kongress eine innere Erneuerung f\u00fcr Europa und den Westen bringt\u201c, folgert die ACN-Projektleiterin.<\/p>\n<p>Kardinal P\u00e9ter Erd\u0151, der Primas von Ungarn, bringt seinerseits in seinem Aufruf zur Teilnahme am Kongress sein Vertrauen zum Ausdruck, \u201edas Gott Sein Volk niemals im Stich lassen wird. Er ist \u00fcber die Jahrhunderte hinweg bei uns und Er erwartet uns zu einer gl\u00fccklichen Begegnung in der Ewigkeit. M\u00f6gen wir auch hier auf Erden die Gelegenheit zu jeder einzelnen Begegnung mit Ihm ergreifen! Wir haben in Budapest eine Verabredung mit Christus! M\u00f6ge Er der leuchtende Begleiter unseres Lebens sein, m\u00f6ge Er es sein, der Optimismus und Freude in unser Leben bringt!\u201c<br \/>\nIn den vergangenen Jahren wurde der Kongress von einem Delegierten geleitet, der vom Heiligen Stuhl eigens f\u00fcr diesen Anlass ernannt wurde. In Budapest hingegen wird zum ersten Mal seit 21 Jahren der Papst zu Gast sein, um am 12. September die Abschlussmesse zu feiern. Das letzte Mal war der Papst im Jahr 2000, dem Heiligen Jahr der katholischen Kirche, auf dem Kongress anwesend.<\/p>\n<p>Nach der offiziellen Ank\u00fcndigung des Besuchs des Heiligen Vaters in Budapest, erkl\u00e4rte Kardinal Erd\u0151: \u201eDie katholische Gemeinde erwartet die Ankunft des Heiligen Vaters in gro\u00dfer Freude und Liebe. Wir beten, dass sein Besuch ein Zeichen der Hoffnung und des Neuanfangs nach dem Abklingen der Pandemie ist.\u201c<br \/>\nEs ist 25 Jahre her, dass ein Papst nach Ungarn reiste. Damals besuchte Papst Johannes Paul II. auf seinem Weg nach Pannonhalma und Gy\u0151r auch Budapest.<\/p>\n<p>Unter denjenigen, die w\u00e4hrend der Tage des Gebets, der Katechese und der Reflexion ein pers\u00f6nliches Zeugnis ablegen werden, sind auch Kardin\u00e4le aus L\u00e4ndern, in denen Christen ihren Glauben unter sehr schwierigen Bedingungen leben \u2013 beispielsweise der chald\u00e4ische Patriarch Louis Raphael Sako aus dem Irak, Kardinal John Onaiyekan, emeritierter Erzbischof von Abuja und ehemaliger Vorsitzender der Bischofskonferenz von Nigeria und Kardinal Charles Bo, Erzbischof von Yangon und Vorsitzender der Bischofskonferenz von Myanmar.<\/p>\n<p><img loading=\"lazy\" decoding=\"async\" class=\"aligncenter wp-image-158687 size-large\" src=\"https:\/\/media.acninternational.org\/wp-content\/uploads\/2021\/08\/ACN-20210416-112051-1-1024x768.jpeg\" alt=\"\" width=\"800\" height=\"600\" srcset=\"https:\/\/media.acninternational.org\/wp-content\/uploads\/2021\/08\/ACN-20210416-112051-1-1024x768.jpeg 1024w, https:\/\/media.acninternational.org\/wp-content\/uploads\/2021\/08\/ACN-20210416-112051-1-300x225.jpeg 300w, https:\/\/media.acninternational.org\/wp-content\/uploads\/2021\/08\/ACN-20210416-112051-1-768x576.jpeg 768w, https:\/\/media.acninternational.org\/wp-content\/uploads\/2021\/08\/ACN-20210416-112051-1.jpeg 1299w\" sizes=\"auto, (max-width: 800px) 100vw, 800px\" \/><\/p>\n<p>Weitere Informationen \u00fcber ACN-Projekte im Zusammenhang mit dem Mysterium der Eucharistie folgen in einem gesonderten Dossier.<\/p>\n<p><strong>Geschichte<\/strong>: Der erste Eucharistische Kongress fand im Jahr 1881 in Lillie (Frankreich) statt. Der Kongress wird jeweils in einer anderen Stadt veranstaltet und fand im Laufe seiner 140-j\u00e4hrigen Existenz in 24 L\u00e4ndern statt. Urspr\u00fcnglich handelte es sich um einen j\u00e4hrlichen Kongress, aktuell gibt es jedoch keinen regelm\u00e4\u00dfigen Veranstaltungsturnus. In den vergangenen Jahren fand der Kongress alle drei oder vier Jahre statt. Der n\u00e4chste Kongress wird voraussichtlich im Jahr 2024 in Quito (Ecuador) abgehalten.<\/p>\n<p><strong>Heilige, denen wir die Fr\u00fcchte des Kongresses anempfehlen k\u00f6nnen<\/strong>: Ungarn ist ein Land, das viele Heilige hervorgebracht hat. Zu den bekanntesten dieser Heiligen z\u00e4hlen die Heilige Elisabeth von Ungarn und der Heilige Stephan von Ungarn, K\u00f6nig und Vater des christlichen Ungarn. Die beiden Heiligen sind sehr unterschiedlich, aber beide haben in ihrem Leben gezeigt, wie wichtig es ist, Gott nahe zu bleiben, um die ihnen anvertraute Aufgabe zu erf\u00fcllen. So sind die Heilige Elisabeth und der Heilige Stephan herausragende Vorbilder f\u00fcr alle Ungarn und alle Christen der Welt, und so k\u00f6nnen wir ihnen die Fr\u00fcchte des 52. Internationalen Eucharistischen Kongresses und die Erneuerung der Verehrung der Eucharistie im Westen anempfehlen.<\/p>\n","protected":false},"excerpt":{"rendered":"<p>Zum ersten Mal seit 21 Jahren wird der Papst auf dem Kongress anwesend sein Der 52. Internationale Eucharistische Kongress wird<\/p>\n","protected":false},"author":4258341447,"featured_media":158481,"comment_status":"closed","ping_status":"closed","sticky":false,"template":"","format":"standard","meta":{"_acf_changed":false,"_acn_coauthor_ids":[],"footnotes":""},"categories":[917],"tags":[],"country":[947],"class_list":["post-158548","post","type-post","status-publish","format-standard","has-post-thumbnail","hentry","category-news-2","country-hungary"],"acn_coauthors":[],"acf":[],"yoast_head":"<!-- This site is optimized with the Yoast SEO Premium plugin v27.3 (Yoast SEO v27.3) - https:\/\/yoast.com\/product\/yoast-seo-premium-wordpress\/ -->\n<title>Ungarn: Viele L\u00e4nder leiden unter fehlenden Mitteln oder fehlenden Grundrechten. Wir im Westen sind h\u00e4ufig mit fehlendem Glauben konfrontiert | ACN International<\/title>\n<meta name=\"robots\" content=\"index, follow, max-snippet:-1, max-image-preview:large, max-video-preview:-1\" \/>\n<link rel=\"canonical\" href=\"https:\/\/acninternational.org\/de\/ungarn-viele-laender-leiden-unter-fehlenden-mitteln-oder-fehlenden-grundrechten-wir-im-westen-sind-haeufig-mit-fehlendem-glauben-konfrontiert\/\" \/>\n<meta property=\"og:locale\" content=\"de_DE\" \/>\n<meta property=\"og:type\" content=\"article\" \/>\n<meta property=\"og:title\" content=\"Ungarn: Viele L\u00e4nder leiden unter fehlenden Mitteln oder fehlenden Grundrechten. Wir im Westen sind h\u00e4ufig mit fehlendem Glauben konfrontiert\" \/>\n<meta property=\"og:description\" content=\"Zum ersten Mal seit 21 Jahren wird der Papst auf dem Kongress anwesend sein Der 52. Internationale Eucharistische Kongress wird\" \/>\n<meta property=\"og:url\" content=\"https:\/\/acninternational.org\/de\/ungarn-viele-laender-leiden-unter-fehlenden-mitteln-oder-fehlenden-grundrechten-wir-im-westen-sind-haeufig-mit-fehlendem-glauben-konfrontiert\/\" \/>\n<meta property=\"og:site_name\" content=\"ACN International\" \/>\n<meta property=\"article:publisher\" content=\"https:\/\/www.facebook.com\/acninternationalorg\" \/>\n<meta property=\"article:published_time\" content=\"2021-08-27T07:58:24+00:00\" \/>\n<meta property=\"article:modified_time\" content=\"2021-08-27T10:34:55+00:00\" \/>\n<meta property=\"og:image\" content=\"https:\/\/media.acninternational.org\/wp-content\/uploads\/2021\/08\/ACN-20171011-62622.jpeg\" \/>\n\t<meta property=\"og:image:width\" content=\"1920\" \/>\n\t<meta property=\"og:image:height\" content=\"1280\" \/>\n\t<meta property=\"og:image:type\" content=\"image\/jpeg\" \/>\n<meta name=\"author\" content=\"ACN Press Team\" \/>\n<meta name=\"twitter:card\" content=\"summary_large_image\" \/>\n<meta name=\"twitter:creator\" content=\"@acn_int\" \/>\n<meta name=\"twitter:site\" content=\"@acn_int\" \/>\n<meta name=\"twitter:label1\" content=\"Verfasst von\" \/>\n\t<meta name=\"twitter:data1\" content=\"ACN Press Team\" \/>\n\t<meta name=\"twitter:label2\" content=\"Gesch\u00e4tzte Lesezeit\" \/>\n\t<meta name=\"twitter:data2\" content=\"5\u00a0Minuten\" \/>\n<script type=\"application\/ld+json\" class=\"yoast-schema-graph\">{\"@context\":\"https:\\\/\\\/schema.org\",\"@graph\":[{\"@type\":\"Article\",\"@id\":\"https:\\\/\\\/acninternational.org\\\/de\\\/ungarn-viele-laender-leiden-unter-fehlenden-mitteln-oder-fehlenden-grundrechten-wir-im-westen-sind-haeufig-mit-fehlendem-glauben-konfrontiert\\\/#article\",\"isPartOf\":{\"@id\":\"https:\\\/\\\/acninternational.org\\\/de\\\/ungarn-viele-laender-leiden-unter-fehlenden-mitteln-oder-fehlenden-grundrechten-wir-im-westen-sind-haeufig-mit-fehlendem-glauben-konfrontiert\\\/\"},\"author\":{\"name\":\"ACN Press Team\",\"@id\":\"https:\\\/\\\/acninternational.org\\\/de\\\/#\\\/schema\\\/person\\\/7f3dafb236b242fb2aa46be1411fd703\"},\"headline\":\"Ungarn: Viele L\u00e4nder leiden unter fehlenden Mitteln oder fehlenden Grundrechten. Wir im Westen sind h\u00e4ufig mit fehlendem Glauben konfrontiert\",\"datePublished\":\"2021-08-27T07:58:24+00:00\",\"dateModified\":\"2021-08-27T10:34:55+00:00\",\"mainEntityOfPage\":{\"@id\":\"https:\\\/\\\/acninternational.org\\\/de\\\/ungarn-viele-laender-leiden-unter-fehlenden-mitteln-oder-fehlenden-grundrechten-wir-im-westen-sind-haeufig-mit-fehlendem-glauben-konfrontiert\\\/\"},\"wordCount\":985,\"publisher\":{\"@id\":\"https:\\\/\\\/acninternational.org\\\/de\\\/#organization\"},\"image\":{\"@id\":\"https:\\\/\\\/acninternational.org\\\/de\\\/ungarn-viele-laender-leiden-unter-fehlenden-mitteln-oder-fehlenden-grundrechten-wir-im-westen-sind-haeufig-mit-fehlendem-glauben-konfrontiert\\\/#primaryimage\"},\"thumbnailUrl\":\"https:\\\/\\\/media.acninternational.org\\\/wp-content\\\/uploads\\\/2021\\\/08\\\/ACN-20171011-62622.jpeg\",\"articleSection\":[\"News\"],\"inLanguage\":\"de\"},{\"@type\":\"WebPage\",\"@id\":\"https:\\\/\\\/acninternational.org\\\/de\\\/ungarn-viele-laender-leiden-unter-fehlenden-mitteln-oder-fehlenden-grundrechten-wir-im-westen-sind-haeufig-mit-fehlendem-glauben-konfrontiert\\\/\",\"url\":\"https:\\\/\\\/acninternational.org\\\/de\\\/ungarn-viele-laender-leiden-unter-fehlenden-mitteln-oder-fehlenden-grundrechten-wir-im-westen-sind-haeufig-mit-fehlendem-glauben-konfrontiert\\\/\",\"name\":\"Ungarn: Viele L\u00e4nder leiden unter fehlenden Mitteln oder fehlenden Grundrechten. Wir im Westen sind h\u00e4ufig mit fehlendem Glauben konfrontiert | ACN International\",\"isPartOf\":{\"@id\":\"https:\\\/\\\/acninternational.org\\\/de\\\/#website\"},\"primaryImageOfPage\":{\"@id\":\"https:\\\/\\\/acninternational.org\\\/de\\\/ungarn-viele-laender-leiden-unter-fehlenden-mitteln-oder-fehlenden-grundrechten-wir-im-westen-sind-haeufig-mit-fehlendem-glauben-konfrontiert\\\/#primaryimage\"},\"image\":{\"@id\":\"https:\\\/\\\/acninternational.org\\\/de\\\/ungarn-viele-laender-leiden-unter-fehlenden-mitteln-oder-fehlenden-grundrechten-wir-im-westen-sind-haeufig-mit-fehlendem-glauben-konfrontiert\\\/#primaryimage\"},\"thumbnailUrl\":\"https:\\\/\\\/media.acninternational.org\\\/wp-content\\\/uploads\\\/2021\\\/08\\\/ACN-20171011-62622.jpeg\",\"datePublished\":\"2021-08-27T07:58:24+00:00\",\"dateModified\":\"2021-08-27T10:34:55+00:00\",\"breadcrumb\":{\"@id\":\"https:\\\/\\\/acninternational.org\\\/de\\\/ungarn-viele-laender-leiden-unter-fehlenden-mitteln-oder-fehlenden-grundrechten-wir-im-westen-sind-haeufig-mit-fehlendem-glauben-konfrontiert\\\/#breadcrumb\"},\"inLanguage\":\"de\",\"potentialAction\":[{\"@type\":\"ReadAction\",\"target\":[\"https:\\\/\\\/acninternational.org\\\/de\\\/ungarn-viele-laender-leiden-unter-fehlenden-mitteln-oder-fehlenden-grundrechten-wir-im-westen-sind-haeufig-mit-fehlendem-glauben-konfrontiert\\\/\"]}]},{\"@type\":\"ImageObject\",\"inLanguage\":\"de\",\"@id\":\"https:\\\/\\\/acninternational.org\\\/de\\\/ungarn-viele-laender-leiden-unter-fehlenden-mitteln-oder-fehlenden-grundrechten-wir-im-westen-sind-haeufig-mit-fehlendem-glauben-konfrontiert\\\/#primaryimage\",\"url\":\"https:\\\/\\\/media.acninternational.org\\\/wp-content\\\/uploads\\\/2021\\\/08\\\/ACN-20171011-62622.jpeg\",\"contentUrl\":\"https:\\\/\\\/media.acninternational.org\\\/wp-content\\\/uploads\\\/2021\\\/08\\\/ACN-20171011-62622.jpeg\",\"width\":1920,\"height\":1280},{\"@type\":\"BreadcrumbList\",\"@id\":\"https:\\\/\\\/acninternational.org\\\/de\\\/ungarn-viele-laender-leiden-unter-fehlenden-mitteln-oder-fehlenden-grundrechten-wir-im-westen-sind-haeufig-mit-fehlendem-glauben-konfrontiert\\\/#breadcrumb\",\"itemListElement\":[{\"@type\":\"ListItem\",\"position\":1,\"name\":\"Home\",\"item\":\"https:\\\/\\\/acninternational.org\\\/de\\\/\"},{\"@type\":\"ListItem\",\"position\":2,\"name\":\"Nachricht\",\"item\":\"https:\\\/\\\/acninternational.org\\\/de\\\/category\\\/news-de\\\/\"},{\"@type\":\"ListItem\",\"position\":3,\"name\":\"Ungarn: Viele L\u00e4nder leiden unter fehlenden Mitteln oder fehlenden Grundrechten. Wir im Westen sind h\u00e4ufig mit fehlendem Glauben konfrontiert\"}]},{\"@type\":\"WebSite\",\"@id\":\"https:\\\/\\\/acninternational.org\\\/de\\\/#website\",\"url\":\"https:\\\/\\\/acninternational.org\\\/de\\\/\",\"name\":\"ACN International\",\"description\":\"\",\"publisher\":{\"@id\":\"https:\\\/\\\/acninternational.org\\\/de\\\/#organization\"},\"potentialAction\":[{\"@type\":\"SearchAction\",\"target\":{\"@type\":\"EntryPoint\",\"urlTemplate\":\"https:\\\/\\\/acninternational.org\\\/de\\\/?s={search_term_string}\"},\"query-input\":{\"@type\":\"PropertyValueSpecification\",\"valueRequired\":true,\"valueName\":\"search_term_string\"}}],\"inLanguage\":\"de\"},{\"@type\":\"Organization\",\"@id\":\"https:\\\/\\\/acninternational.org\\\/de\\\/#organization\",\"name\":\"Aid to the Church in Need International\",\"url\":\"https:\\\/\\\/acninternational.org\\\/de\\\/\",\"logo\":{\"@type\":\"ImageObject\",\"inLanguage\":\"de\",\"@id\":\"https:\\\/\\\/acninternational.org\\\/de\\\/#\\\/schema\\\/logo\\\/image\\\/\",\"url\":\"https:\\\/\\\/media.acninternational.org\\\/wp-content\\\/uploads\\\/2019\\\/11\\\/acn_logo_blackvector.svg\",\"contentUrl\":\"https:\\\/\\\/media.acninternational.org\\\/wp-content\\\/uploads\\\/2019\\\/11\\\/acn_logo_blackvector.svg\",\"width\":232.6,\"height\":78,\"caption\":\"Aid to the Church in Need International\"},\"image\":{\"@id\":\"https:\\\/\\\/acninternational.org\\\/de\\\/#\\\/schema\\\/logo\\\/image\\\/\"},\"sameAs\":[\"https:\\\/\\\/www.facebook.com\\\/acninternationalorg\",\"https:\\\/\\\/x.com\\\/acn_int\",\"https:\\\/\\\/www.youtube.com\\\/channel\\\/UCQ-077gS0TnVzkhHmf1opZw\",\"https:\\\/\\\/www.instagram.com\\\/acn_international\\\/\"]},{\"@type\":\"Person\",\"@id\":\"https:\\\/\\\/acninternational.org\\\/de\\\/#\\\/schema\\\/person\\\/7f3dafb236b242fb2aa46be1411fd703\",\"name\":\"ACN Press Team\",\"description\":\"Lorem ipsum dolor sit amet, consectetur adipiscing elit, sed do eiusmod tempor incididunt ut labore et dolore magna aliqua. Ut enim ad minim veniam, quis nostrud exercitation ullamco laboris nisi ut aliquip ex ea commodo consequat.\",\"url\":\"https:\\\/\\\/acninternational.org\\\/de\\\/author\\\/acn-press-team\\\/\"}]}<\/script>\n<!-- \/ Yoast SEO Premium plugin. -->","yoast_head_json":{"title":"Ungarn: Viele L\u00e4nder leiden unter fehlenden Mitteln oder fehlenden Grundrechten. Wir im Westen sind h\u00e4ufig mit fehlendem Glauben konfrontiert | ACN International","robots":{"index":"index","follow":"follow","max-snippet":"max-snippet:-1","max-image-preview":"max-image-preview:large","max-video-preview":"max-video-preview:-1"},"canonical":"https:\/\/acninternational.org\/de\/ungarn-viele-laender-leiden-unter-fehlenden-mitteln-oder-fehlenden-grundrechten-wir-im-westen-sind-haeufig-mit-fehlendem-glauben-konfrontiert\/","og_locale":"de_DE","og_type":"article","og_title":"Ungarn: Viele L\u00e4nder leiden unter fehlenden Mitteln oder fehlenden Grundrechten. Wir im Westen sind h\u00e4ufig mit fehlendem Glauben konfrontiert","og_description":"Zum ersten Mal seit 21 Jahren wird der Papst auf dem Kongress anwesend sein Der 52. Internationale Eucharistische Kongress wird","og_url":"https:\/\/acninternational.org\/de\/ungarn-viele-laender-leiden-unter-fehlenden-mitteln-oder-fehlenden-grundrechten-wir-im-westen-sind-haeufig-mit-fehlendem-glauben-konfrontiert\/","og_site_name":"ACN International","article_publisher":"https:\/\/www.facebook.com\/acninternationalorg","article_published_time":"2021-08-27T07:58:24+00:00","article_modified_time":"2021-08-27T10:34:55+00:00","og_image":[{"width":1920,"height":1280,"url":"https:\/\/media.acninternational.org\/wp-content\/uploads\/2021\/08\/ACN-20171011-62622.jpeg","type":"image\/jpeg"}],"author":"ACN Press Team","twitter_card":"summary_large_image","twitter_creator":"@acn_int","twitter_site":"@acn_int","twitter_misc":{"Verfasst von":"ACN Press Team","Gesch\u00e4tzte Lesezeit":"5\u00a0Minuten"},"schema":{"@context":"https:\/\/schema.org","@graph":[{"@type":"Article","@id":"https:\/\/acninternational.org\/de\/ungarn-viele-laender-leiden-unter-fehlenden-mitteln-oder-fehlenden-grundrechten-wir-im-westen-sind-haeufig-mit-fehlendem-glauben-konfrontiert\/#article","isPartOf":{"@id":"https:\/\/acninternational.org\/de\/ungarn-viele-laender-leiden-unter-fehlenden-mitteln-oder-fehlenden-grundrechten-wir-im-westen-sind-haeufig-mit-fehlendem-glauben-konfrontiert\/"},"author":{"name":"ACN Press Team","@id":"https:\/\/acninternational.org\/de\/#\/schema\/person\/7f3dafb236b242fb2aa46be1411fd703"},"headline":"Ungarn: Viele L\u00e4nder leiden unter fehlenden Mitteln oder fehlenden Grundrechten. Wir im Westen sind h\u00e4ufig mit fehlendem Glauben konfrontiert","datePublished":"2021-08-27T07:58:24+00:00","dateModified":"2021-08-27T10:34:55+00:00","mainEntityOfPage":{"@id":"https:\/\/acninternational.org\/de\/ungarn-viele-laender-leiden-unter-fehlenden-mitteln-oder-fehlenden-grundrechten-wir-im-westen-sind-haeufig-mit-fehlendem-glauben-konfrontiert\/"},"wordCount":985,"publisher":{"@id":"https:\/\/acninternational.org\/de\/#organization"},"image":{"@id":"https:\/\/acninternational.org\/de\/ungarn-viele-laender-leiden-unter-fehlenden-mitteln-oder-fehlenden-grundrechten-wir-im-westen-sind-haeufig-mit-fehlendem-glauben-konfrontiert\/#primaryimage"},"thumbnailUrl":"https:\/\/media.acninternational.org\/wp-content\/uploads\/2021\/08\/ACN-20171011-62622.jpeg","articleSection":["News"],"inLanguage":"de"},{"@type":"WebPage","@id":"https:\/\/acninternational.org\/de\/ungarn-viele-laender-leiden-unter-fehlenden-mitteln-oder-fehlenden-grundrechten-wir-im-westen-sind-haeufig-mit-fehlendem-glauben-konfrontiert\/","url":"https:\/\/acninternational.org\/de\/ungarn-viele-laender-leiden-unter-fehlenden-mitteln-oder-fehlenden-grundrechten-wir-im-westen-sind-haeufig-mit-fehlendem-glauben-konfrontiert\/","name":"Ungarn: Viele L\u00e4nder leiden unter fehlenden Mitteln oder fehlenden Grundrechten. Wir im Westen sind h\u00e4ufig mit fehlendem Glauben konfrontiert | ACN International","isPartOf":{"@id":"https:\/\/acninternational.org\/de\/#website"},"primaryImageOfPage":{"@id":"https:\/\/acninternational.org\/de\/ungarn-viele-laender-leiden-unter-fehlenden-mitteln-oder-fehlenden-grundrechten-wir-im-westen-sind-haeufig-mit-fehlendem-glauben-konfrontiert\/#primaryimage"},"image":{"@id":"https:\/\/acninternational.org\/de\/ungarn-viele-laender-leiden-unter-fehlenden-mitteln-oder-fehlenden-grundrechten-wir-im-westen-sind-haeufig-mit-fehlendem-glauben-konfrontiert\/#primaryimage"},"thumbnailUrl":"https:\/\/media.acninternational.org\/wp-content\/uploads\/2021\/08\/ACN-20171011-62622.jpeg","datePublished":"2021-08-27T07:58:24+00:00","dateModified":"2021-08-27T10:34:55+00:00","breadcrumb":{"@id":"https:\/\/acninternational.org\/de\/ungarn-viele-laender-leiden-unter-fehlenden-mitteln-oder-fehlenden-grundrechten-wir-im-westen-sind-haeufig-mit-fehlendem-glauben-konfrontiert\/#breadcrumb"},"inLanguage":"de","potentialAction":[{"@type":"ReadAction","target":["https:\/\/acninternational.org\/de\/ungarn-viele-laender-leiden-unter-fehlenden-mitteln-oder-fehlenden-grundrechten-wir-im-westen-sind-haeufig-mit-fehlendem-glauben-konfrontiert\/"]}]},{"@type":"ImageObject","inLanguage":"de","@id":"https:\/\/acninternational.org\/de\/ungarn-viele-laender-leiden-unter-fehlenden-mitteln-oder-fehlenden-grundrechten-wir-im-westen-sind-haeufig-mit-fehlendem-glauben-konfrontiert\/#primaryimage","url":"https:\/\/media.acninternational.org\/wp-content\/uploads\/2021\/08\/ACN-20171011-62622.jpeg","contentUrl":"https:\/\/media.acninternational.org\/wp-content\/uploads\/2021\/08\/ACN-20171011-62622.jpeg","width":1920,"height":1280},{"@type":"BreadcrumbList","@id":"https:\/\/acninternational.org\/de\/ungarn-viele-laender-leiden-unter-fehlenden-mitteln-oder-fehlenden-grundrechten-wir-im-westen-sind-haeufig-mit-fehlendem-glauben-konfrontiert\/#breadcrumb","itemListElement":[{"@type":"ListItem","position":1,"name":"Home","item":"https:\/\/acninternational.org\/de\/"},{"@type":"ListItem","position":2,"name":"Nachricht","item":"https:\/\/acninternational.org\/de\/category\/news-de\/"},{"@type":"ListItem","position":3,"name":"Ungarn: Viele L\u00e4nder leiden unter fehlenden Mitteln oder fehlenden Grundrechten. Wir im Westen sind h\u00e4ufig mit fehlendem Glauben konfrontiert"}]},{"@type":"WebSite","@id":"https:\/\/acninternational.org\/de\/#website","url":"https:\/\/acninternational.org\/de\/","name":"ACN International","description":"","publisher":{"@id":"https:\/\/acninternational.org\/de\/#organization"},"potentialAction":[{"@type":"SearchAction","target":{"@type":"EntryPoint","urlTemplate":"https:\/\/acninternational.org\/de\/?s={search_term_string}"},"query-input":{"@type":"PropertyValueSpecification","valueRequired":true,"valueName":"search_term_string"}}],"inLanguage":"de"},{"@type":"Organization","@id":"https:\/\/acninternational.org\/de\/#organization","name":"Aid to the Church in Need International","url":"https:\/\/acninternational.org\/de\/","logo":{"@type":"ImageObject","inLanguage":"de","@id":"https:\/\/acninternational.org\/de\/#\/schema\/logo\/image\/","url":"https:\/\/media.acninternational.org\/wp-content\/uploads\/2019\/11\/acn_logo_blackvector.svg","contentUrl":"https:\/\/media.acninternational.org\/wp-content\/uploads\/2019\/11\/acn_logo_blackvector.svg","width":232.6,"height":78,"caption":"Aid to the Church in Need International"},"image":{"@id":"https:\/\/acninternational.org\/de\/#\/schema\/logo\/image\/"},"sameAs":["https:\/\/www.facebook.com\/acninternationalorg","https:\/\/x.com\/acn_int","https:\/\/www.youtube.com\/channel\/UCQ-077gS0TnVzkhHmf1opZw","https:\/\/www.instagram.com\/acn_international\/"]},{"@type":"Person","@id":"https:\/\/acninternational.org\/de\/#\/schema\/person\/7f3dafb236b242fb2aa46be1411fd703","name":"ACN Press Team","description":"Lorem ipsum dolor sit amet, consectetur adipiscing elit, sed do eiusmod tempor incididunt ut labore et dolore magna aliqua. Ut enim ad minim veniam, quis nostrud exercitation ullamco laboris nisi ut aliquip ex ea commodo consequat.","url":"https:\/\/acninternational.org\/de\/author\/acn-press-team\/"}]}},"_links":{"self":[{"href":"https:\/\/acninternational.org\/de\/wp-json\/wp\/v2\/posts\/158548","targetHints":{"allow":["GET"]}}],"collection":[{"href":"https:\/\/acninternational.org\/de\/wp-json\/wp\/v2\/posts"}],"about":[{"href":"https:\/\/acninternational.org\/de\/wp-json\/wp\/v2\/types\/post"}],"author":[{"embeddable":true,"href":"https:\/\/acninternational.org\/de\/wp-json\/wp\/v2\/users\/4258341447"}],"replies":[{"embeddable":true,"href":"https:\/\/acninternational.org\/de\/wp-json\/wp\/v2\/comments?post=158548"}],"version-history":[{"count":0,"href":"https:\/\/acninternational.org\/de\/wp-json\/wp\/v2\/posts\/158548\/revisions"}],"wp:featuredmedia":[{"embeddable":true,"href":"https:\/\/acninternational.org\/de\/wp-json\/wp\/v2\/media\/158481"}],"wp:attachment":[{"href":"https:\/\/acninternational.org\/de\/wp-json\/wp\/v2\/media?parent=158548"}],"wp:term":[{"taxonomy":"category","embeddable":true,"href":"https:\/\/acninternational.org\/de\/wp-json\/wp\/v2\/categories?post=158548"},{"taxonomy":"post_tag","embeddable":true,"href":"https:\/\/acninternational.org\/de\/wp-json\/wp\/v2\/tags?post=158548"},{"taxonomy":"country","embeddable":true,"href":"https:\/\/acninternational.org\/de\/wp-json\/wp\/v2\/country?post=158548"}],"curies":[{"name":"wp","href":"https:\/\/api.w.org\/{rel}","templated":true}]}}