{"id":157360,"date":"2021-08-06T14:05:21","date_gmt":"2021-08-06T12:05:21","guid":{"rendered":"https:\/\/acninternational.org\/?p=157360"},"modified":"2021-08-06T14:24:26","modified_gmt":"2021-08-06T12:24:26","slug":"karamles-irak-rita-und-rami","status":"publish","type":"post","link":"https:\/\/acninternational.org\/de\/karamles-irak-rita-und-rami\/","title":{"rendered":"Karamles (Irak): Rita und Rami"},"content":{"rendered":"<p><em>Sieben Jahre nach der ISIS-Invasion setzen junge Iraker darauf, in ihrem Heimatland zu bleiben<\/em><\/p>\n<p>6. August 2014 \u00ad\u2013 das Datum hat sich ins Ged\u00e4chtnis der irakischen Christen f\u00fcr immer eingebrannt. In einer verh\u00e4ngnisvollen Nacht w\u00fctete der Islamische Staat in der Ninive-Ebene. Tausende von Familien mussten mit dem, was sie am Leib trugen, nach Erbil fliehen, der Hauptstadt Kurdistans. Sie mussten alles zur\u00fccklassen, um ihr Leben zu retten. Dieses Datum hat das Leben vieler junger irakischer Christen ver\u00e4ndert, so auch das von Rita und Rami.<\/p>\n<p>In dieser irakischen Region n\u00f6rdlich und \u00f6stlich von Mossul gilt f\u00fcr alles die Z\u00e4hlweise \u201evor ISIS\u201c oder \u201enach ISIS\u201c. So auch in Karamles (Karemlasch), einem christlichen Dorf mit gro\u00dfer Bedeutung f\u00fcr die chald\u00e4ischen Katholiken, da es einst die Residenz von drei chald\u00e4ischen Patriarchen war. \u201eVor ISIS\u201c z\u00e4hlte es etwa viertausend Einwohner, von denen fast alle vor der Ankunft der Dschihadisten geflohen sind. Der Pfarrer war einer der letzten, die gingen; nur ein paar alte Menschen blieben zur\u00fcck.<\/p>\n<p>ISIS setzte seine Schreckensherrschaft durch. Karamles wurde ein wichtiger St\u00fctzpunkt im Kampf gegen kurdische K\u00e4mpfer, die <em>Peshmerga<\/em>, und irakische Streitkr\u00e4fte. Radikale Islamisten gruben Tunnel, um sich durch die Stadt zu bewegen, unter anderem unter der St. Josephs Kirche und dem Wallfahrtsort der Heiligen Barbara. Die Kirche von St. Adday wurde niedergebrannt, die Sakristei zerst\u00f6rt und der Friedhof verw\u00fcstet. Die H\u00e4user in der Stadt beherbergten K\u00e4mpfer des Islamischen Staates und waren durch Tunnel und L\u00f6cher in den W\u00e4nden miteinander verbunden. Der Kindergarten wurde als Waffenfabrik genutzt.<\/p>\n<figure id=\"attachment_157352\" aria-describedby=\"caption-attachment-157352\" style=\"width: 670px\" class=\"wp-caption alignnone\"><img loading=\"lazy\" decoding=\"async\" class=\"wp-image-157352 size-full\" src=\"https:\/\/media.acninternational.org\/wp-content\/uploads\/2021\/08\/Iraq_Karamlesh_Centre-of-Saint-Joseph.jpg\" alt=\"Karamlesh (Irak) - Zentrum &quot;Heiliger Joseph&quot;.\" width=\"670\" height=\"400\" srcset=\"https:\/\/media.acninternational.org\/wp-content\/uploads\/2021\/08\/Iraq_Karamlesh_Centre-of-Saint-Joseph.jpg 670w, https:\/\/media.acninternational.org\/wp-content\/uploads\/2021\/08\/Iraq_Karamlesh_Centre-of-Saint-Joseph-300x179.jpg 300w\" sizes=\"auto, (max-width: 670px) 100vw, 670px\" \/><figcaption id=\"caption-attachment-157352\" class=\"wp-caption-text\">Karamlesh (Irak) &#8211; Zentrum &#8222;Heiliger Joseph&#8220;.<\/figcaption><\/figure>\n<p>Unter den Tausenden von Christen, die aus Karamles nach Erbil flohen, befanden sich auch Rami und Rita \u2013 zwei junge Menschen, die sich zu diesem Zeitpunkt kaum kannten. Rami war 22 Jahre alt und wurde in einem der vielen Lager untergebracht, die die Kirche f\u00fcr vertriebene Familien eingerichtet hatte. Die erst 16 Jahre alte Rita und ihre Familie fanden in einem gemieteten Haus Unterschlupf. Eines Tages besuchte Rita das Lager, in dem Rami lebte, und lernte den jungen Mann kennen. Unter diesen schwierigen Bedingungen wurden sie Freunde.<\/p>\n<p>Am 24. Oktober 2016 wurde Karamles von der irakischen Armee befreit. Hassbotschaften von ISIS-K\u00e4mpfern waren an unz\u00e4hligen T\u00fcren, Mauern und W\u00e4llen zu lesen. Erst ISIS und dann die Bombardierungen aus der Luft zur Befreiung. Alles war gepl\u00fcndert oder zerst\u00f6rt worden.<\/p>\n<p>Rami war der erste, der mit seiner Familie nach Karamles zur\u00fcckkehrte. Karamles geh\u00f6rte zu den St\u00e4dten, die am schnellsten wieder zum Leben erweckt wurden. Bald wurden die Kreuze wieder auf den Kuppeln einiger Hauptkirchen angebracht. Stra\u00dfen, Schulen und Kirchen wurden wiederaufgebaut. Bald darauf kam auch Rita zur\u00fcck. Allm\u00e4hlich kehrte das Leben in das Dorf zur\u00fcck. Gesch\u00e4fte wurden er\u00f6ffnet, darunter zwei Friseurl\u00e4den und eine B\u00e4ckerei.<\/p>\n<p>\u201eDie Menschen hier sind sehr freundlich und friedlich. Deshalb h\u00e4tten wir niemals gedacht, dass uns so etwas Schreckliches passieren k\u00f6nnte. ISIS hat unsere H\u00e4user in milit\u00e4rische Einrichtungen verwandelt. Die Kirche Santa Barbara wurde ihr Hauptquartier\u201c, erl\u00e4utert Rami.<\/p>\n<p>Insgesamt ist fast die H\u00e4lfte der Familien bereits zur\u00fcckgekehrt. Allerdings sind bei vielen von ihnen Familienmitglieder in der Hauptstadt geblieben oder aus dem Land ausgewandert, weshalb nur ein Drittel der Einwohner wieder in Karamles lebt. Am gemeinsamen Tisch bleiben viele Pl\u00e4tze leer.<\/p>\n<p>Doch Rami und Rita beschlossen, noch einen Schritt weiter zu gehen. Mutig haben sie geschafft, was vor sieben Jahren unm\u00f6glich schien, als sie alles zur\u00fccklassen und fliehen mussten, um zun\u00e4chst als Vertriebene zu leben und dann wieder von vorne anzufangen. Sie wollen hier bleiben und eine Familie gr\u00fcnden. \u201eUnser Leben ist nicht ohne Risiken. Aber das Leben bleibt nicht stehen, ob es Risiken gibt oder nicht. Wir m\u00fcssen weiterleben\u201c, so Rami gegen\u00fcber dem Hilfswerk Aid to the Church in Need (ACN).<\/p>\n<p>https:\/\/youtu.be\/OH7WRzFd6qQ<\/p>\n<p>Es war das erste Paar, das im Chald\u00e4ischen Zentrum St. Joseph Hochzeit feierte. Vor der Ankunft der Dschihadisten wurde das Zentrum f\u00fcr zahlreiche Veranstaltungen genutzt: Hochzeiten, Trauerfeiern, Vortr\u00e4ge, Filme, Podiumsgespr\u00e4che, Ausstellungen, Jugendaktivit\u00e4ten und vieles mehr. Auch Familien aus vielen umliegenden D\u00f6rfern und die in Karamles lebende ethnische und religi\u00f6se Minderheit der Shabak feierten hier ihre Feste.<\/p>\n<p>ISIS hatte das Geb\u00e4ude schwer besch\u00e4digt zur\u00fcckgelassen: die D\u00e4cher, das L\u00fcftungssystem, die sanit\u00e4ren Anlagen, die Elektrizit\u00e4t, die Rohrleitungen, die K\u00fcche und die Telefonanlage &#8230; alles war unbrauchbar. In den oberen Stockwerken gab es zerbrochene W\u00e4nde, weil die Dschihadisten von dort aus auf die weitl\u00e4ufige Ebene schossen.<\/p>\n<p>Mit Hilfe der Wohlt\u00e4ter des ACN-Hilfswerks ist all dies zu einem \u201eVorher\u201c geworden. Rami und Rita konnten das St.-Josephs-Zentrum einweihen und ihre Hochzeit in ihrem Geburtsland feiern, dem Land, das sie verloren hatten und nun wiedergewonnen haben. Traditionelle irakische T\u00e4nze wechseln sich w\u00e4hrend der Feier mit den Trinkspr\u00fcchen von Jung und Alt ab. Sieben Jahre, nachdem Angst und Tod \u00fcber Karamles hereingebrochen sind, keimt neues Leben und neue Hoffnung auf.<\/p>\n<p>\u201eAn die Kirchenwand schrieben sie: \u201aEs wird kein Christentum mehr im Irak geben\u2019. Aber es ist ihnen nicht gelungen. Gott sei Dank sind wir, die irakischen Christen, wieder zur\u00fcck?\u201c, so Rami.<\/p>\n<p style=\"text-align: right;\">Maria Lozano<\/p>\n","protected":false},"excerpt":{"rendered":"<p>Sieben Jahre nach der ISIS-Invasion setzen junge Iraker darauf, in ihrem Heimatland zu bleiben 6. August 2014 \u00ad\u2013 das Datum<\/p>\n","protected":false},"author":4258341447,"featured_media":157346,"comment_status":"closed","ping_status":"closed","sticky":false,"template":"","format":"standard","meta":{"_acf_changed":false,"_acn_coauthor_ids":[],"footnotes":""},"categories":[935,920],"tags":[],"country":[386],"class_list":["post-157360","post","type-post","status-publish","format-standard","has-post-thumbnail","hentry","category-projects-es","category-projekt","country-irak"],"acn_coauthors":[],"acf":[],"yoast_head":"<!-- This site is optimized with the Yoast SEO Premium plugin v27.3 (Yoast SEO v27.3) - https:\/\/yoast.com\/product\/yoast-seo-premium-wordpress\/ -->\n<title>Karamles (Irak): Rita und Rami | ACN International<\/title>\n<meta name=\"description\" content=\"6. August 2014 \u00ad\u2013 das Datum hat sich ins Ged\u00e4chtnis der irakischen Christen f\u00fcr immer eingebrannt. In einer verh\u00e4ngnisvollen Nacht w\u00fctete der Islamische Staat in der Ninive-Ebene. Tausende von Familien mussten mit dem, was sie am Leib trugen, nach Erbil fliehen, der Hauptstadt Kurdistans. Sie mussten alles zur\u00fccklassen, um ihr Leben zu retten.\" \/>\n<meta name=\"robots\" content=\"index, follow, max-snippet:-1, max-image-preview:large, max-video-preview:-1\" \/>\n<link rel=\"canonical\" href=\"https:\/\/acninternational.org\/de\/karamles-irak-rita-und-rami\/\" \/>\n<meta property=\"og:locale\" content=\"de_DE\" \/>\n<meta property=\"og:type\" content=\"article\" \/>\n<meta property=\"og:title\" content=\"Karamles (Irak): Rita und Rami\" \/>\n<meta property=\"og:description\" content=\"6. August 2014 \u00ad\u2013 das Datum hat sich ins Ged\u00e4chtnis der irakischen Christen f\u00fcr immer eingebrannt. In einer verh\u00e4ngnisvollen Nacht w\u00fctete der Islamische Staat in der Ninive-Ebene. Tausende von Familien mussten mit dem, was sie am Leib trugen, nach Erbil fliehen, der Hauptstadt Kurdistans. Sie mussten alles zur\u00fccklassen, um ihr Leben zu retten.\" \/>\n<meta property=\"og:url\" content=\"https:\/\/acninternational.org\/de\/karamles-irak-rita-und-rami\/\" \/>\n<meta property=\"og:site_name\" content=\"ACN International\" \/>\n<meta property=\"article:publisher\" content=\"https:\/\/www.facebook.com\/acninternationalorg\" \/>\n<meta property=\"article:published_time\" content=\"2021-08-06T12:05:21+00:00\" \/>\n<meta property=\"article:modified_time\" content=\"2021-08-06T12:24:26+00:00\" \/>\n<meta property=\"og:image\" content=\"https:\/\/media.acninternational.org\/wp-content\/uploads\/2021\/08\/Karamlesh_Iraq_Rita-and-Rami.jpg\" \/>\n\t<meta property=\"og:image:width\" content=\"1400\" \/>\n\t<meta property=\"og:image:height\" content=\"438\" \/>\n\t<meta property=\"og:image:type\" content=\"image\/jpeg\" \/>\n<meta name=\"author\" content=\"ACN Press Team\" \/>\n<meta name=\"twitter:card\" content=\"summary_large_image\" \/>\n<meta name=\"twitter:creator\" content=\"@acn_int\" \/>\n<meta name=\"twitter:site\" content=\"@acn_int\" \/>\n<meta name=\"twitter:label1\" content=\"Verfasst von\" \/>\n\t<meta name=\"twitter:data1\" content=\"ACN Press Team\" \/>\n\t<meta name=\"twitter:label2\" content=\"Gesch\u00e4tzte Lesezeit\" \/>\n\t<meta name=\"twitter:data2\" content=\"4\u00a0Minuten\" \/>\n<script type=\"application\/ld+json\" class=\"yoast-schema-graph\">{\"@context\":\"https:\\\/\\\/schema.org\",\"@graph\":[{\"@type\":\"Article\",\"@id\":\"https:\\\/\\\/acninternational.org\\\/de\\\/karamles-irak-rita-und-rami\\\/#article\",\"isPartOf\":{\"@id\":\"https:\\\/\\\/acninternational.org\\\/de\\\/karamles-irak-rita-und-rami\\\/\"},\"author\":{\"name\":\"ACN Press Team\",\"@id\":\"https:\\\/\\\/acninternational.org\\\/de\\\/#\\\/schema\\\/person\\\/7f3dafb236b242fb2aa46be1411fd703\"},\"headline\":\"Karamles (Irak): Rita und Rami\",\"datePublished\":\"2021-08-06T12:05:21+00:00\",\"dateModified\":\"2021-08-06T12:24:26+00:00\",\"mainEntityOfPage\":{\"@id\":\"https:\\\/\\\/acninternational.org\\\/de\\\/karamles-irak-rita-und-rami\\\/\"},\"wordCount\":896,\"publisher\":{\"@id\":\"https:\\\/\\\/acninternational.org\\\/de\\\/#organization\"},\"image\":{\"@id\":\"https:\\\/\\\/acninternational.org\\\/de\\\/karamles-irak-rita-und-rami\\\/#primaryimage\"},\"thumbnailUrl\":\"https:\\\/\\\/media.acninternational.org\\\/wp-content\\\/uploads\\\/2021\\\/08\\\/Karamlesh_Iraq_Rita-and-Rami.jpg\",\"articleSection\":[\"PROJECTS\",\"Projekt\"],\"inLanguage\":\"de\"},{\"@type\":\"WebPage\",\"@id\":\"https:\\\/\\\/acninternational.org\\\/de\\\/karamles-irak-rita-und-rami\\\/\",\"url\":\"https:\\\/\\\/acninternational.org\\\/de\\\/karamles-irak-rita-und-rami\\\/\",\"name\":\"Karamles (Irak): Rita und Rami | ACN International\",\"isPartOf\":{\"@id\":\"https:\\\/\\\/acninternational.org\\\/de\\\/#website\"},\"primaryImageOfPage\":{\"@id\":\"https:\\\/\\\/acninternational.org\\\/de\\\/karamles-irak-rita-und-rami\\\/#primaryimage\"},\"image\":{\"@id\":\"https:\\\/\\\/acninternational.org\\\/de\\\/karamles-irak-rita-und-rami\\\/#primaryimage\"},\"thumbnailUrl\":\"https:\\\/\\\/media.acninternational.org\\\/wp-content\\\/uploads\\\/2021\\\/08\\\/Karamlesh_Iraq_Rita-and-Rami.jpg\",\"datePublished\":\"2021-08-06T12:05:21+00:00\",\"dateModified\":\"2021-08-06T12:24:26+00:00\",\"description\":\"6. August 2014 \u00ad\u2013 das Datum hat sich ins Ged\u00e4chtnis der irakischen Christen f\u00fcr immer eingebrannt. In einer verh\u00e4ngnisvollen Nacht w\u00fctete der Islamische Staat in der Ninive-Ebene. Tausende von Familien mussten mit dem, was sie am Leib trugen, nach Erbil fliehen, der Hauptstadt Kurdistans. Sie mussten alles zur\u00fccklassen, um ihr Leben zu retten.\",\"breadcrumb\":{\"@id\":\"https:\\\/\\\/acninternational.org\\\/de\\\/karamles-irak-rita-und-rami\\\/#breadcrumb\"},\"inLanguage\":\"de\",\"potentialAction\":[{\"@type\":\"ReadAction\",\"target\":[\"https:\\\/\\\/acninternational.org\\\/de\\\/karamles-irak-rita-und-rami\\\/\"]}]},{\"@type\":\"ImageObject\",\"inLanguage\":\"de\",\"@id\":\"https:\\\/\\\/acninternational.org\\\/de\\\/karamles-irak-rita-und-rami\\\/#primaryimage\",\"url\":\"https:\\\/\\\/media.acninternational.org\\\/wp-content\\\/uploads\\\/2021\\\/08\\\/Karamlesh_Iraq_Rita-and-Rami.jpg\",\"contentUrl\":\"https:\\\/\\\/media.acninternational.org\\\/wp-content\\\/uploads\\\/2021\\\/08\\\/Karamlesh_Iraq_Rita-and-Rami.jpg\",\"width\":1400,\"height\":438},{\"@type\":\"BreadcrumbList\",\"@id\":\"https:\\\/\\\/acninternational.org\\\/de\\\/karamles-irak-rita-und-rami\\\/#breadcrumb\",\"itemListElement\":[{\"@type\":\"ListItem\",\"position\":1,\"name\":\"Home\",\"item\":\"https:\\\/\\\/acninternational.org\\\/de\\\/\"},{\"@type\":\"ListItem\",\"position\":2,\"name\":\"PROJECTS\",\"item\":\"https:\\\/\\\/acninternational.org\\\/de\\\/category\\\/projects-de\\\/\"},{\"@type\":\"ListItem\",\"position\":3,\"name\":\"Karamles (Irak): Rita und Rami\"}]},{\"@type\":\"WebSite\",\"@id\":\"https:\\\/\\\/acninternational.org\\\/de\\\/#website\",\"url\":\"https:\\\/\\\/acninternational.org\\\/de\\\/\",\"name\":\"ACN International\",\"description\":\"\",\"publisher\":{\"@id\":\"https:\\\/\\\/acninternational.org\\\/de\\\/#organization\"},\"potentialAction\":[{\"@type\":\"SearchAction\",\"target\":{\"@type\":\"EntryPoint\",\"urlTemplate\":\"https:\\\/\\\/acninternational.org\\\/de\\\/?s={search_term_string}\"},\"query-input\":{\"@type\":\"PropertyValueSpecification\",\"valueRequired\":true,\"valueName\":\"search_term_string\"}}],\"inLanguage\":\"de\"},{\"@type\":\"Organization\",\"@id\":\"https:\\\/\\\/acninternational.org\\\/de\\\/#organization\",\"name\":\"Aid to the Church in Need International\",\"url\":\"https:\\\/\\\/acninternational.org\\\/de\\\/\",\"logo\":{\"@type\":\"ImageObject\",\"inLanguage\":\"de\",\"@id\":\"https:\\\/\\\/acninternational.org\\\/de\\\/#\\\/schema\\\/logo\\\/image\\\/\",\"url\":\"https:\\\/\\\/media.acninternational.org\\\/wp-content\\\/uploads\\\/2019\\\/11\\\/acn_logo_blackvector.svg\",\"contentUrl\":\"https:\\\/\\\/media.acninternational.org\\\/wp-content\\\/uploads\\\/2019\\\/11\\\/acn_logo_blackvector.svg\",\"width\":232.6,\"height\":78,\"caption\":\"Aid to the Church in Need International\"},\"image\":{\"@id\":\"https:\\\/\\\/acninternational.org\\\/de\\\/#\\\/schema\\\/logo\\\/image\\\/\"},\"sameAs\":[\"https:\\\/\\\/www.facebook.com\\\/acninternationalorg\",\"https:\\\/\\\/x.com\\\/acn_int\",\"https:\\\/\\\/www.youtube.com\\\/channel\\\/UCQ-077gS0TnVzkhHmf1opZw\",\"https:\\\/\\\/www.instagram.com\\\/acn_international\\\/\"]},{\"@type\":\"Person\",\"@id\":\"https:\\\/\\\/acninternational.org\\\/de\\\/#\\\/schema\\\/person\\\/7f3dafb236b242fb2aa46be1411fd703\",\"name\":\"ACN Press Team\",\"description\":\"Lorem ipsum dolor sit amet, consectetur adipiscing elit, sed do eiusmod tempor incididunt ut labore et dolore magna aliqua. Ut enim ad minim veniam, quis nostrud exercitation ullamco laboris nisi ut aliquip ex ea commodo consequat.\",\"url\":\"https:\\\/\\\/acninternational.org\\\/de\\\/author\\\/acn-press-team\\\/\"}]}<\/script>\n<!-- \/ Yoast SEO Premium plugin. -->","yoast_head_json":{"title":"Karamles (Irak): Rita und Rami | ACN International","description":"6. August 2014 \u00ad\u2013 das Datum hat sich ins Ged\u00e4chtnis der irakischen Christen f\u00fcr immer eingebrannt. In einer verh\u00e4ngnisvollen Nacht w\u00fctete der Islamische Staat in der Ninive-Ebene. Tausende von Familien mussten mit dem, was sie am Leib trugen, nach Erbil fliehen, der Hauptstadt Kurdistans. Sie mussten alles zur\u00fccklassen, um ihr Leben zu retten.","robots":{"index":"index","follow":"follow","max-snippet":"max-snippet:-1","max-image-preview":"max-image-preview:large","max-video-preview":"max-video-preview:-1"},"canonical":"https:\/\/acninternational.org\/de\/karamles-irak-rita-und-rami\/","og_locale":"de_DE","og_type":"article","og_title":"Karamles (Irak): Rita und Rami","og_description":"6. August 2014 \u00ad\u2013 das Datum hat sich ins Ged\u00e4chtnis der irakischen Christen f\u00fcr immer eingebrannt. In einer verh\u00e4ngnisvollen Nacht w\u00fctete der Islamische Staat in der Ninive-Ebene. Tausende von Familien mussten mit dem, was sie am Leib trugen, nach Erbil fliehen, der Hauptstadt Kurdistans. Sie mussten alles zur\u00fccklassen, um ihr Leben zu retten.","og_url":"https:\/\/acninternational.org\/de\/karamles-irak-rita-und-rami\/","og_site_name":"ACN International","article_publisher":"https:\/\/www.facebook.com\/acninternationalorg","article_published_time":"2021-08-06T12:05:21+00:00","article_modified_time":"2021-08-06T12:24:26+00:00","og_image":[{"width":1400,"height":438,"url":"https:\/\/media.acninternational.org\/wp-content\/uploads\/2021\/08\/Karamlesh_Iraq_Rita-and-Rami.jpg","type":"image\/jpeg"}],"author":"ACN Press Team","twitter_card":"summary_large_image","twitter_creator":"@acn_int","twitter_site":"@acn_int","twitter_misc":{"Verfasst von":"ACN Press Team","Gesch\u00e4tzte Lesezeit":"4\u00a0Minuten"},"schema":{"@context":"https:\/\/schema.org","@graph":[{"@type":"Article","@id":"https:\/\/acninternational.org\/de\/karamles-irak-rita-und-rami\/#article","isPartOf":{"@id":"https:\/\/acninternational.org\/de\/karamles-irak-rita-und-rami\/"},"author":{"name":"ACN Press Team","@id":"https:\/\/acninternational.org\/de\/#\/schema\/person\/7f3dafb236b242fb2aa46be1411fd703"},"headline":"Karamles (Irak): Rita und Rami","datePublished":"2021-08-06T12:05:21+00:00","dateModified":"2021-08-06T12:24:26+00:00","mainEntityOfPage":{"@id":"https:\/\/acninternational.org\/de\/karamles-irak-rita-und-rami\/"},"wordCount":896,"publisher":{"@id":"https:\/\/acninternational.org\/de\/#organization"},"image":{"@id":"https:\/\/acninternational.org\/de\/karamles-irak-rita-und-rami\/#primaryimage"},"thumbnailUrl":"https:\/\/media.acninternational.org\/wp-content\/uploads\/2021\/08\/Karamlesh_Iraq_Rita-and-Rami.jpg","articleSection":["PROJECTS","Projekt"],"inLanguage":"de"},{"@type":"WebPage","@id":"https:\/\/acninternational.org\/de\/karamles-irak-rita-und-rami\/","url":"https:\/\/acninternational.org\/de\/karamles-irak-rita-und-rami\/","name":"Karamles (Irak): Rita und Rami | ACN International","isPartOf":{"@id":"https:\/\/acninternational.org\/de\/#website"},"primaryImageOfPage":{"@id":"https:\/\/acninternational.org\/de\/karamles-irak-rita-und-rami\/#primaryimage"},"image":{"@id":"https:\/\/acninternational.org\/de\/karamles-irak-rita-und-rami\/#primaryimage"},"thumbnailUrl":"https:\/\/media.acninternational.org\/wp-content\/uploads\/2021\/08\/Karamlesh_Iraq_Rita-and-Rami.jpg","datePublished":"2021-08-06T12:05:21+00:00","dateModified":"2021-08-06T12:24:26+00:00","description":"6. August 2014 \u00ad\u2013 das Datum hat sich ins Ged\u00e4chtnis der irakischen Christen f\u00fcr immer eingebrannt. In einer verh\u00e4ngnisvollen Nacht w\u00fctete der Islamische Staat in der Ninive-Ebene. Tausende von Familien mussten mit dem, was sie am Leib trugen, nach Erbil fliehen, der Hauptstadt Kurdistans. Sie mussten alles zur\u00fccklassen, um ihr Leben zu retten.","breadcrumb":{"@id":"https:\/\/acninternational.org\/de\/karamles-irak-rita-und-rami\/#breadcrumb"},"inLanguage":"de","potentialAction":[{"@type":"ReadAction","target":["https:\/\/acninternational.org\/de\/karamles-irak-rita-und-rami\/"]}]},{"@type":"ImageObject","inLanguage":"de","@id":"https:\/\/acninternational.org\/de\/karamles-irak-rita-und-rami\/#primaryimage","url":"https:\/\/media.acninternational.org\/wp-content\/uploads\/2021\/08\/Karamlesh_Iraq_Rita-and-Rami.jpg","contentUrl":"https:\/\/media.acninternational.org\/wp-content\/uploads\/2021\/08\/Karamlesh_Iraq_Rita-and-Rami.jpg","width":1400,"height":438},{"@type":"BreadcrumbList","@id":"https:\/\/acninternational.org\/de\/karamles-irak-rita-und-rami\/#breadcrumb","itemListElement":[{"@type":"ListItem","position":1,"name":"Home","item":"https:\/\/acninternational.org\/de\/"},{"@type":"ListItem","position":2,"name":"PROJECTS","item":"https:\/\/acninternational.org\/de\/category\/projects-de\/"},{"@type":"ListItem","position":3,"name":"Karamles (Irak): Rita und Rami"}]},{"@type":"WebSite","@id":"https:\/\/acninternational.org\/de\/#website","url":"https:\/\/acninternational.org\/de\/","name":"ACN International","description":"","publisher":{"@id":"https:\/\/acninternational.org\/de\/#organization"},"potentialAction":[{"@type":"SearchAction","target":{"@type":"EntryPoint","urlTemplate":"https:\/\/acninternational.org\/de\/?s={search_term_string}"},"query-input":{"@type":"PropertyValueSpecification","valueRequired":true,"valueName":"search_term_string"}}],"inLanguage":"de"},{"@type":"Organization","@id":"https:\/\/acninternational.org\/de\/#organization","name":"Aid to the Church in Need International","url":"https:\/\/acninternational.org\/de\/","logo":{"@type":"ImageObject","inLanguage":"de","@id":"https:\/\/acninternational.org\/de\/#\/schema\/logo\/image\/","url":"https:\/\/media.acninternational.org\/wp-content\/uploads\/2019\/11\/acn_logo_blackvector.svg","contentUrl":"https:\/\/media.acninternational.org\/wp-content\/uploads\/2019\/11\/acn_logo_blackvector.svg","width":232.6,"height":78,"caption":"Aid to the Church in Need International"},"image":{"@id":"https:\/\/acninternational.org\/de\/#\/schema\/logo\/image\/"},"sameAs":["https:\/\/www.facebook.com\/acninternationalorg","https:\/\/x.com\/acn_int","https:\/\/www.youtube.com\/channel\/UCQ-077gS0TnVzkhHmf1opZw","https:\/\/www.instagram.com\/acn_international\/"]},{"@type":"Person","@id":"https:\/\/acninternational.org\/de\/#\/schema\/person\/7f3dafb236b242fb2aa46be1411fd703","name":"ACN Press Team","description":"Lorem ipsum dolor sit amet, consectetur adipiscing elit, sed do eiusmod tempor incididunt ut labore et dolore magna aliqua. Ut enim ad minim veniam, quis nostrud exercitation ullamco laboris nisi ut aliquip ex ea commodo consequat.","url":"https:\/\/acninternational.org\/de\/author\/acn-press-team\/"}]}},"_links":{"self":[{"href":"https:\/\/acninternational.org\/de\/wp-json\/wp\/v2\/posts\/157360","targetHints":{"allow":["GET"]}}],"collection":[{"href":"https:\/\/acninternational.org\/de\/wp-json\/wp\/v2\/posts"}],"about":[{"href":"https:\/\/acninternational.org\/de\/wp-json\/wp\/v2\/types\/post"}],"author":[{"embeddable":true,"href":"https:\/\/acninternational.org\/de\/wp-json\/wp\/v2\/users\/4258341447"}],"replies":[{"embeddable":true,"href":"https:\/\/acninternational.org\/de\/wp-json\/wp\/v2\/comments?post=157360"}],"version-history":[{"count":0,"href":"https:\/\/acninternational.org\/de\/wp-json\/wp\/v2\/posts\/157360\/revisions"}],"wp:featuredmedia":[{"embeddable":true,"href":"https:\/\/acninternational.org\/de\/wp-json\/wp\/v2\/media\/157346"}],"wp:attachment":[{"href":"https:\/\/acninternational.org\/de\/wp-json\/wp\/v2\/media?parent=157360"}],"wp:term":[{"taxonomy":"category","embeddable":true,"href":"https:\/\/acninternational.org\/de\/wp-json\/wp\/v2\/categories?post=157360"},{"taxonomy":"post_tag","embeddable":true,"href":"https:\/\/acninternational.org\/de\/wp-json\/wp\/v2\/tags?post=157360"},{"taxonomy":"country","embeddable":true,"href":"https:\/\/acninternational.org\/de\/wp-json\/wp\/v2\/country?post=157360"}],"curies":[{"name":"wp","href":"https:\/\/api.w.org\/{rel}","templated":true}]}}