{"id":155026,"date":"2021-07-02T09:42:28","date_gmt":"2021-07-02T07:42:28","guid":{"rendered":"https:\/\/acninternational.org\/?p=155026"},"modified":"2021-07-02T09:46:29","modified_gmt":"2021-07-02T07:46:29","slug":"dokumentarfilm-ueber-die-notlage-der-kirche-in-nicaragua-beim-filmwettbewerb-ausgezeichnet","status":"publish","type":"post","link":"https:\/\/acninternational.org\/de\/dokumentarfilm-ueber-die-notlage-der-kirche-in-nicaragua-beim-filmwettbewerb-ausgezeichnet\/","title":{"rendered":"Dokumentarfilm \u00fcber die Notlage der Kirche in Nicaragua beim Filmwettbewerb ausgezeichnet"},"content":{"rendered":"<p>Der von der katholischen Produktionsfirma Catholic Radio and TV Network (CRTN) produzierte und vom Internationalen Hilfswerk Aid to the Church in Need (ACN) gef\u00f6rderte Kurzfilm \u201eHerr, gib uns Frieden\u201c (\u201eLord, Grant Us Peace\u201c) wurde im Kurzfilm-Wettbewerb \u201eBest Shorts Competition\u201c mit dem \u201eAward of Merit\u201c ausgezeichnet. Der Dokumentarfilm schildert die Situation in Nicaragua aus der Sicht junger Katholiken, die Geschichte der politischen Unterdr\u00fcckung, die Bem\u00fchungen der Kirche um Frieden sowie das Leid der Gl\u00e4ubigen in den letzten Jahren.<\/p>\n<p>Im Interview mit ACN spricht Regisseur Francisco Alday \u00fcber seine Erfahrungen bei den Dreharbeiten. Das Gespr\u00e4ch f\u00fchrte Cristina Moreno.<\/p>\n<p><strong>ACN: Warum Nicaragua? Was hat Sie bewogen, unter allen L\u00e4ndern, in denen heute leider die Kirche und die Christen verfolgt, entf\u00fchrt, unterdr\u00fcckt werden gerade Nicaragua auszuw\u00e4hlen?<br \/>\n<\/strong>Francisco Alday: Nicaragua durchlebt eine schwierige Zeit in seiner Geschichte, eine Zeit politischer und sozialer Spannungen mit schweren Konflikten und gewaltsamen Auseinandersetzungen. Die Kirche \u00fcbernahm die Rolle des Friedensvermittlers und schaltete sich auf der Suche nach Vers\u00f6hnung ein. Dies f\u00fchrte dazu, dass Katholiken zur Zielscheibe von Angriffen wurden. Besonders im Jahr 2018 waren es junge Menschen, die auf die Stra\u00dfe gingen, um Ver\u00e4nderungen zu fordern. Viele von ihnen geh\u00f6rten kirchlichen Jugendgruppen an. Sie z\u00f6gerten nicht, ihren Glauben zu zeigen und hochzuhalten, auch wenn sie sich damit in gro\u00dfe Gefahr begaben. Im Produktionsteam von CRTN waren wir der Meinung, dass dies ein wertvolles Zeugnis ist, das wir den ACN-Dokumentarfilmen hinzuf\u00fcgen sollten. Denn deren Aufgabe besteht gerade darin, die Realit\u00e4t vor Ort da zu zeigen, wo die Kirche verfolgt wird oder sich in einer Notlage befindet.<\/p>\n<p>https:\/\/www.youtube.com\/watch?v=b7ZPjhqHR_s<\/p>\n<p><strong>Wie w\u00fcrden Sie die Botschaft des Films in einem Satz zusammenfassen?<\/strong><\/p>\n<p>Ich w\u00fcrde den Satz w\u00e4hlen, den wir f\u00fcr den Titel des Dokumentarfilms verwendet haben. Denn das ganze Video ist als ein gro\u00dfes Gebet f\u00fcr den Frieden in Nicaragua gedacht. Wir wollten die schrecklichen Bilder der Gewalt, die unsere Br\u00fcder und Schwestern erleiden mussten, mit anderen Szenen verkn\u00fcpfen, in denen die ganze Kirche auf die Stra\u00dfe geht, um den Rosenkranz zu beten, das Allerheiligste anzubeten, zu singen und die heilige Messe mit der Bitte um Frieden zu feiern. Junge Menschen werden gebrandmarkt aufgrund der Religion, zu der sie sich bekennen, wegen der Farben der Kleidung, die sie tragen oder wegen der Lieder, die sie singen. Mit dem Dokumentarfilm fordern wir, dass sie ihren Glauben wieder frei \u00e4u\u00dfern k\u00f6nnen.<\/p>\n<p><strong>Welche Erfahrungen haben Sie bei der Arbeit an diesem Projekt gemacht?<br \/>\n<\/strong>Es war eine der st\u00e4rksten Erfahrungen, die ich je in einem Dokumentarfilm erz\u00e4hlt habe. Auf der anderen Seite empfinde ich es als ein Privileg, unmittelbar mit so vielen engagierten jungen Menschen sowie mit wahren Hirten mit dem \u201eGeruch der Schafe\u201c zusammengekommen zu sein, die ihre Herde begleitet und sich als Br\u00fccke in Situationen angeboten haben, in denen alles auf den Abgrund zusteuerte.<\/p>\n<p><strong>Gab es bei der Arbeit am Dokumentarfilm etwas, was sich Ihnen besonders eingepr\u00e4gt hat?<br \/>\n<\/strong>Ein Interview h\u00e4tte ich sehr gerne in den fertigen Film \u00fcbernommen, aber letztendlich haben wir uns dagegen entschieden, um den Interviewten und seine Familie zu sch\u00fctzen: Ein wegen seiner Teilnahme an den Protestm\u00e4rschen inhaftierter junger Mann erz\u00e4hlte uns von den Folterungen und anderen Gewalthandlungen, die er w\u00e4hrend seiner Haft im Gef\u00e4ngnis erlebte, und wie sich dies auf seine Psyche ausgewirkt hat. Das hat in mir viel Schmerz bereitet. Auch wenn das Interview nicht in die endg\u00fcltige Schnittfassung hineingenommen wurde, hat mir dieses Zeugnis geholfen, die Bem\u00fchungen eines jeden jungen Menschen noch mehr zu sch\u00e4tzen, der sich entschieden hat, ohne Angst vor den Konsequenzen der Botschaft des Evangeliums treu zu sein.<\/p>\n<p><strong>Im Film ist in mehreren Augenblicken Gewalt zu sehen. Gab es w\u00e4hrend der Dreharbeiten Momente, in denen die Crew bef\u00fcrchtete, dass ihnen etwas zusto\u00dfen k\u00f6nnte?<\/strong><\/p>\n<p>Es waren keine einfachen Dreharbeiten. Wir hatten das st\u00e4ndige Gef\u00fchl, beobachtet zu werden. Es lag ein gewisses Ma\u00df an zur\u00fcckgehaltener Gewalt in der Luft. Wir stellten Einschr\u00e4nkungen und gewisse Zw\u00e4nge fest. Es kam soweit, dass bei der Aufnahme eines Interviews mit einem jungen Mann vor einer Kirche eine Gruppe paramilit\u00e4rischer Kr\u00e4fte auf uns aufmerksam wurde. Wenige Augenblicke sp\u00e4ter verhaftete eine Polizeipatrouille das gesamte Team und die jungen Leute, die bei uns waren. Wir wurden in ein Internierungszentrum gebracht. Mit Gottvertrauen und dank der Intervention des Ortsbischofs wurden wir zwar wenige Stunden sp\u00e4ter freigelassen. Aber es war eine unangenehme Situation, in der wir den Druck, den man dort erlebt, am eigenen Leib zu sp\u00fcren bekamen.<\/p>\n<p><img loading=\"lazy\" decoding=\"async\" class=\"alignnone size-full wp-image-90934\" src=\"https:\/\/media.acninternational.org\/wp-content\/uploads\/2019\/11\/Nicaragua-A-Church-on-the-side-of-its-people-image-4.jpg\" alt=\"\" width=\"690\" height=\"460\" srcset=\"https:\/\/media.acninternational.org\/wp-content\/uploads\/2019\/11\/Nicaragua-A-Church-on-the-side-of-its-people-image-4.jpg 690w, https:\/\/media.acninternational.org\/wp-content\/uploads\/2019\/11\/Nicaragua-A-Church-on-the-side-of-its-people-image-4-300x200.jpg 300w\" sizes=\"auto, (max-width: 690px) 100vw, 690px\" \/><\/p>\n<p><strong>Nachdem Sie die Situation in Nicaragua aus erster Hand kennengelernt haben, w\u00fcrden Sie sagen, dass es Hoffnung auf eine bessere Zukunft f\u00fcr die Christen gibt? <\/strong><\/p>\n<p>Die Hoffnung kommt von unserem Herrn, der gr\u00f6\u00dfer ist als alles B\u00f6se. Das haben auch die Menschen ge\u00e4u\u00dfert, die ich dort interviewt habe. Ich w\u00fcnsche niemandem die Herausforderungen, mit denen diese jungen Menschen in Nicaragua konfrontiert sind. Ich glaube aber, dass wir alle von der St\u00e4rke und Zuversicht lernen k\u00f6nnen, mit der sie leben, sich nach einer besseren Zukunft sehnen und daf\u00fcr beten und arbeiten. Andererseits ermutigt mich auch die Arbeit des Hilfswerks ACN. Denn sie tr\u00e4gt beispielsweise dazu bei, dass all jene jungen Menschen, die den Ruf versp\u00fcren, sich in der Kirche zu weihen, \u00fcber Seminare, Begegnungsh\u00e4user und Ausbildungszentren verf\u00fcgen, in denen sie ihren Traum vom Dienst f\u00fcr den Herrn verwirklichen k\u00f6nnen.<\/p>\n<p><strong>Waren Sie \u00fcberrascht \u00fcber die hohe Zahl an Jugendlichen, die weiterhin zur Kirche gehen und ihre Liebe zu Gott und der Kirche \u00f6ffentlich zum Ausdruck bringen, obwohl sie Gefahr laufen, daf\u00fcr angegriffen oder sogar get\u00f6tet zu werden?<br \/>\n<\/strong>Das hat mich wirklich beeindruckt. Das ist das Bild, das ich bei den Zuschauern hinterlassen m\u00f6chte, wenn sie den Dokumentarfilm sehen: der echte Mut junger Menschen, f\u00fcr ihren Glauben einzustehen. Einer von ihnen sagte, dass seine Familie in Gefahr sei, wenn er in der Kirche gesehen w\u00fcrde, also m\u00fcsse er sich der Gruppe heimlich anschlie\u00dfen. Andere junge Menschen haben sich dazu entschieden, das Land und ihre Familien zu verlassen, um dem Druck nicht nachgeben zu m\u00fcssen, der sie in ihrer Glaubensaus\u00fcbung beeinflusste.<\/p>\n","protected":false},"excerpt":{"rendered":"<p>Der von der katholischen Produktionsfirma Catholic Radio and TV Network (CRTN) produzierte und vom Internationalen Hilfswerk Aid to the Church<\/p>\n","protected":false},"author":4258341447,"featured_media":121042,"comment_status":"closed","ping_status":"closed","sticky":false,"template":"","format":"standard","meta":{"_acf_changed":false,"_acn_coauthor_ids":[],"_acn_featured_article":false,"footnotes":""},"categories":[929],"tags":[],"country":[419],"class_list":["post-155026","post","type-post","status-publish","format-standard","has-post-thumbnail","hentry","category-interview-2","country-nicaragua-es"],"acn_coauthors":[],"acf":[],"yoast_head":"<!-- This site is optimized with the Yoast SEO Premium plugin v27.5 (Yoast SEO v27.5) - https:\/\/yoast.com\/product\/yoast-seo-premium-wordpress\/ -->\n<title>Dokumentarfilm \u00fcber die Notlage der Kirche in Nicaragua beim Filmwettbewerb ausgezeichnet | ACN International<\/title>\n<meta name=\"description\" content=\"Der von der katholischen Produktionsfirma Catholic Radio and TV Network (CRTN) produzierte und vom Internationalen Hilfswerk Aid to the Church in Need (ACN) gef\u00f6rderte Kurzfilm \u201eHerr, gib uns Frieden\u201c (\u201eLord, Grant Us Peace\u201c) wurde im Kurzfilm-Wettbewerb \u201eBest Shorts Competition\u201c mit dem \u201eAward of Merit\u201c ausgezeichnet. Der Dokumentarfilm schildert die Situation in Nicaragua aus der Sicht junger Katholiken, die Geschichte der politischen Unterdr\u00fcckung, die Bem\u00fchungen der Kirche um Frieden sowie das Leid der Gl\u00e4ubigen in den letzten Jahren. \u00a0\" \/>\n<meta name=\"robots\" content=\"index, follow, max-snippet:-1, max-image-preview:large, max-video-preview:-1\" \/>\n<link rel=\"canonical\" href=\"https:\/\/acninternational.org\/de\/dokumentarfilm-ueber-die-notlage-der-kirche-in-nicaragua-beim-filmwettbewerb-ausgezeichnet\/\" \/>\n<meta property=\"og:locale\" content=\"de_DE\" \/>\n<meta property=\"og:type\" content=\"article\" \/>\n<meta property=\"og:title\" content=\"Dokumentarfilm \u00fcber die Notlage der Kirche in Nicaragua beim Filmwettbewerb ausgezeichnet\" \/>\n<meta property=\"og:description\" content=\"Der von der katholischen Produktionsfirma Catholic Radio and TV Network (CRTN) produzierte und vom Internationalen Hilfswerk Aid to the Church in Need (ACN) gef\u00f6rderte Kurzfilm \u201eHerr, gib uns Frieden\u201c (\u201eLord, Grant Us Peace\u201c) wurde im Kurzfilm-Wettbewerb \u201eBest Shorts Competition\u201c mit dem \u201eAward of Merit\u201c ausgezeichnet. Der Dokumentarfilm schildert die Situation in Nicaragua aus der Sicht junger Katholiken, die Geschichte der politischen Unterdr\u00fcckung, die Bem\u00fchungen der Kirche um Frieden sowie das Leid der Gl\u00e4ubigen in den letzten Jahren. \u00a0\" \/>\n<meta property=\"og:url\" content=\"https:\/\/acninternational.org\/de\/dokumentarfilm-ueber-die-notlage-der-kirche-in-nicaragua-beim-filmwettbewerb-ausgezeichnet\/\" \/>\n<meta property=\"og:site_name\" content=\"ACN International\" \/>\n<meta property=\"article:publisher\" content=\"https:\/\/www.facebook.com\/acninternationalorg\" \/>\n<meta property=\"article:published_time\" content=\"2021-07-02T07:42:28+00:00\" \/>\n<meta property=\"article:modified_time\" content=\"2021-07-02T07:46:29+00:00\" \/>\n<meta property=\"og:image\" content=\"https:\/\/media.acninternational.org\/wp-content\/uploads\/2019\/11\/Nicaragua-una-Iglesia-al-lado-de-su-pueblo-image-1.jpg\" \/>\n\t<meta property=\"og:image:width\" content=\"1200\" \/>\n\t<meta property=\"og:image:height\" content=\"628\" \/>\n\t<meta property=\"og:image:type\" content=\"image\/jpeg\" \/>\n<meta name=\"author\" content=\"ACN Press Team\" \/>\n<meta name=\"twitter:card\" content=\"summary_large_image\" \/>\n<meta name=\"twitter:creator\" content=\"@acn_int\" \/>\n<meta name=\"twitter:site\" content=\"@acn_int\" \/>\n<meta name=\"twitter:label1\" content=\"Verfasst von\" \/>\n\t<meta name=\"twitter:data1\" content=\"ACN Press Team\" \/>\n\t<meta name=\"twitter:label2\" content=\"Gesch\u00e4tzte Lesezeit\" \/>\n\t<meta name=\"twitter:data2\" content=\"5\u00a0Minuten\" \/>\n<script type=\"application\/ld+json\" class=\"yoast-schema-graph\">{\"@context\":\"https:\\\/\\\/schema.org\",\"@graph\":[{\"@type\":\"Article\",\"@id\":\"https:\\\/\\\/acninternational.org\\\/de\\\/dokumentarfilm-ueber-die-notlage-der-kirche-in-nicaragua-beim-filmwettbewerb-ausgezeichnet\\\/#article\",\"isPartOf\":{\"@id\":\"https:\\\/\\\/acninternational.org\\\/de\\\/dokumentarfilm-ueber-die-notlage-der-kirche-in-nicaragua-beim-filmwettbewerb-ausgezeichnet\\\/\"},\"author\":{\"name\":\"ACN Press Team\",\"@id\":\"https:\\\/\\\/acninternational.org\\\/de\\\/#\\\/schema\\\/person\\\/7f3dafb236b242fb2aa46be1411fd703\"},\"headline\":\"Dokumentarfilm \u00fcber die Notlage der Kirche in Nicaragua beim Filmwettbewerb ausgezeichnet\",\"datePublished\":\"2021-07-02T07:42:28+00:00\",\"dateModified\":\"2021-07-02T07:46:29+00:00\",\"mainEntityOfPage\":{\"@id\":\"https:\\\/\\\/acninternational.org\\\/de\\\/dokumentarfilm-ueber-die-notlage-der-kirche-in-nicaragua-beim-filmwettbewerb-ausgezeichnet\\\/\"},\"wordCount\":1078,\"publisher\":{\"@id\":\"https:\\\/\\\/acninternational.org\\\/de\\\/#organization\"},\"image\":{\"@id\":\"https:\\\/\\\/acninternational.org\\\/de\\\/dokumentarfilm-ueber-die-notlage-der-kirche-in-nicaragua-beim-filmwettbewerb-ausgezeichnet\\\/#primaryimage\"},\"thumbnailUrl\":\"https:\\\/\\\/media.acninternational.org\\\/wp-content\\\/uploads\\\/2019\\\/11\\\/Nicaragua-una-Iglesia-al-lado-de-su-pueblo-image-1.jpg\",\"articleSection\":[\"Interview\"],\"inLanguage\":\"de\"},{\"@type\":\"WebPage\",\"@id\":\"https:\\\/\\\/acninternational.org\\\/de\\\/dokumentarfilm-ueber-die-notlage-der-kirche-in-nicaragua-beim-filmwettbewerb-ausgezeichnet\\\/\",\"url\":\"https:\\\/\\\/acninternational.org\\\/de\\\/dokumentarfilm-ueber-die-notlage-der-kirche-in-nicaragua-beim-filmwettbewerb-ausgezeichnet\\\/\",\"name\":\"Dokumentarfilm \u00fcber die Notlage der Kirche in Nicaragua beim Filmwettbewerb ausgezeichnet | ACN International\",\"isPartOf\":{\"@id\":\"https:\\\/\\\/acninternational.org\\\/de\\\/#website\"},\"primaryImageOfPage\":{\"@id\":\"https:\\\/\\\/acninternational.org\\\/de\\\/dokumentarfilm-ueber-die-notlage-der-kirche-in-nicaragua-beim-filmwettbewerb-ausgezeichnet\\\/#primaryimage\"},\"image\":{\"@id\":\"https:\\\/\\\/acninternational.org\\\/de\\\/dokumentarfilm-ueber-die-notlage-der-kirche-in-nicaragua-beim-filmwettbewerb-ausgezeichnet\\\/#primaryimage\"},\"thumbnailUrl\":\"https:\\\/\\\/media.acninternational.org\\\/wp-content\\\/uploads\\\/2019\\\/11\\\/Nicaragua-una-Iglesia-al-lado-de-su-pueblo-image-1.jpg\",\"datePublished\":\"2021-07-02T07:42:28+00:00\",\"dateModified\":\"2021-07-02T07:46:29+00:00\",\"description\":\"Der von der katholischen Produktionsfirma Catholic Radio and TV Network (CRTN) produzierte und vom Internationalen Hilfswerk Aid to the Church in Need (ACN) gef\u00f6rderte Kurzfilm \u201eHerr, gib uns Frieden\u201c (\u201eLord, Grant Us Peace\u201c) wurde im Kurzfilm-Wettbewerb \u201eBest Shorts Competition\u201c mit dem \u201eAward of Merit\u201c ausgezeichnet. Der Dokumentarfilm schildert die Situation in Nicaragua aus der Sicht junger Katholiken, die Geschichte der politischen Unterdr\u00fcckung, die Bem\u00fchungen der Kirche um Frieden sowie das Leid der Gl\u00e4ubigen in den letzten Jahren. \u00a0\",\"breadcrumb\":{\"@id\":\"https:\\\/\\\/acninternational.org\\\/de\\\/dokumentarfilm-ueber-die-notlage-der-kirche-in-nicaragua-beim-filmwettbewerb-ausgezeichnet\\\/#breadcrumb\"},\"inLanguage\":\"de\",\"potentialAction\":[{\"@type\":\"ReadAction\",\"target\":[\"https:\\\/\\\/acninternational.org\\\/de\\\/dokumentarfilm-ueber-die-notlage-der-kirche-in-nicaragua-beim-filmwettbewerb-ausgezeichnet\\\/\"]}]},{\"@type\":\"ImageObject\",\"inLanguage\":\"de\",\"@id\":\"https:\\\/\\\/acninternational.org\\\/de\\\/dokumentarfilm-ueber-die-notlage-der-kirche-in-nicaragua-beim-filmwettbewerb-ausgezeichnet\\\/#primaryimage\",\"url\":\"https:\\\/\\\/media.acninternational.org\\\/wp-content\\\/uploads\\\/2019\\\/11\\\/Nicaragua-una-Iglesia-al-lado-de-su-pueblo-image-1.jpg\",\"contentUrl\":\"https:\\\/\\\/media.acninternational.org\\\/wp-content\\\/uploads\\\/2019\\\/11\\\/Nicaragua-una-Iglesia-al-lado-de-su-pueblo-image-1.jpg\",\"width\":1200,\"height\":628},{\"@type\":\"BreadcrumbList\",\"@id\":\"https:\\\/\\\/acninternational.org\\\/de\\\/dokumentarfilm-ueber-die-notlage-der-kirche-in-nicaragua-beim-filmwettbewerb-ausgezeichnet\\\/#breadcrumb\",\"itemListElement\":[{\"@type\":\"ListItem\",\"position\":1,\"name\":\"Home\",\"item\":\"https:\\\/\\\/acninternational.org\\\/de\\\/\"},{\"@type\":\"ListItem\",\"position\":2,\"name\":\"Interview\",\"item\":\"https:\\\/\\\/acninternational.org\\\/de\\\/category\\\/interview-2\\\/\"},{\"@type\":\"ListItem\",\"position\":3,\"name\":\"Dokumentarfilm \u00fcber die Notlage der Kirche in Nicaragua beim Filmwettbewerb ausgezeichnet\"}]},{\"@type\":\"WebSite\",\"@id\":\"https:\\\/\\\/acninternational.org\\\/de\\\/#website\",\"url\":\"https:\\\/\\\/acninternational.org\\\/de\\\/\",\"name\":\"ACN International\",\"description\":\"\",\"publisher\":{\"@id\":\"https:\\\/\\\/acninternational.org\\\/de\\\/#organization\"},\"potentialAction\":[{\"@type\":\"SearchAction\",\"target\":{\"@type\":\"EntryPoint\",\"urlTemplate\":\"https:\\\/\\\/acninternational.org\\\/de\\\/?s={search_term_string}\"},\"query-input\":{\"@type\":\"PropertyValueSpecification\",\"valueRequired\":true,\"valueName\":\"search_term_string\"}}],\"inLanguage\":\"de\"},{\"@type\":\"Organization\",\"@id\":\"https:\\\/\\\/acninternational.org\\\/de\\\/#organization\",\"name\":\"Aid to the Church in Need International\",\"url\":\"https:\\\/\\\/acninternational.org\\\/de\\\/\",\"logo\":{\"@type\":\"ImageObject\",\"inLanguage\":\"de\",\"@id\":\"https:\\\/\\\/acninternational.org\\\/de\\\/#\\\/schema\\\/logo\\\/image\\\/\",\"url\":\"https:\\\/\\\/media.acninternational.org\\\/wp-content\\\/uploads\\\/2019\\\/11\\\/acn_logo_blackvector.svg\",\"contentUrl\":\"https:\\\/\\\/media.acninternational.org\\\/wp-content\\\/uploads\\\/2019\\\/11\\\/acn_logo_blackvector.svg\",\"width\":232.6,\"height\":78,\"caption\":\"Aid to the Church in Need International\"},\"image\":{\"@id\":\"https:\\\/\\\/acninternational.org\\\/de\\\/#\\\/schema\\\/logo\\\/image\\\/\"},\"sameAs\":[\"https:\\\/\\\/www.facebook.com\\\/acninternationalorg\",\"https:\\\/\\\/x.com\\\/acn_int\",\"https:\\\/\\\/www.youtube.com\\\/channel\\\/UCQ-077gS0TnVzkhHmf1opZw\",\"https:\\\/\\\/www.instagram.com\\\/acn_international\\\/\"]},{\"@type\":\"Person\",\"@id\":\"https:\\\/\\\/acninternational.org\\\/de\\\/#\\\/schema\\\/person\\\/7f3dafb236b242fb2aa46be1411fd703\",\"name\":\"ACN Press Team\",\"description\":\"Lorem ipsum dolor sit amet, consectetur adipiscing elit, sed do eiusmod tempor incididunt ut labore et dolore magna aliqua. Ut enim ad minim veniam, quis nostrud exercitation ullamco laboris nisi ut aliquip ex ea commodo consequat.\",\"url\":\"https:\\\/\\\/acninternational.org\\\/de\\\/author\\\/acn-press-team\\\/\"}]}<\/script>\n<!-- \/ Yoast SEO Premium plugin. -->","yoast_head_json":{"title":"Dokumentarfilm \u00fcber die Notlage der Kirche in Nicaragua beim Filmwettbewerb ausgezeichnet | ACN International","description":"Der von der katholischen Produktionsfirma Catholic Radio and TV Network (CRTN) produzierte und vom Internationalen Hilfswerk Aid to the Church in Need (ACN) gef\u00f6rderte Kurzfilm \u201eHerr, gib uns Frieden\u201c (\u201eLord, Grant Us Peace\u201c) wurde im Kurzfilm-Wettbewerb \u201eBest Shorts Competition\u201c mit dem \u201eAward of Merit\u201c ausgezeichnet. Der Dokumentarfilm schildert die Situation in Nicaragua aus der Sicht junger Katholiken, die Geschichte der politischen Unterdr\u00fcckung, die Bem\u00fchungen der Kirche um Frieden sowie das Leid der Gl\u00e4ubigen in den letzten Jahren. \u00a0","robots":{"index":"index","follow":"follow","max-snippet":"max-snippet:-1","max-image-preview":"max-image-preview:large","max-video-preview":"max-video-preview:-1"},"canonical":"https:\/\/acninternational.org\/de\/dokumentarfilm-ueber-die-notlage-der-kirche-in-nicaragua-beim-filmwettbewerb-ausgezeichnet\/","og_locale":"de_DE","og_type":"article","og_title":"Dokumentarfilm \u00fcber die Notlage der Kirche in Nicaragua beim Filmwettbewerb ausgezeichnet","og_description":"Der von der katholischen Produktionsfirma Catholic Radio and TV Network (CRTN) produzierte und vom Internationalen Hilfswerk Aid to the Church in Need (ACN) gef\u00f6rderte Kurzfilm \u201eHerr, gib uns Frieden\u201c (\u201eLord, Grant Us Peace\u201c) wurde im Kurzfilm-Wettbewerb \u201eBest Shorts Competition\u201c mit dem \u201eAward of Merit\u201c ausgezeichnet. Der Dokumentarfilm schildert die Situation in Nicaragua aus der Sicht junger Katholiken, die Geschichte der politischen Unterdr\u00fcckung, die Bem\u00fchungen der Kirche um Frieden sowie das Leid der Gl\u00e4ubigen in den letzten Jahren. \u00a0","og_url":"https:\/\/acninternational.org\/de\/dokumentarfilm-ueber-die-notlage-der-kirche-in-nicaragua-beim-filmwettbewerb-ausgezeichnet\/","og_site_name":"ACN International","article_publisher":"https:\/\/www.facebook.com\/acninternationalorg","article_published_time":"2021-07-02T07:42:28+00:00","article_modified_time":"2021-07-02T07:46:29+00:00","og_image":[{"width":1200,"height":628,"url":"https:\/\/media.acninternational.org\/wp-content\/uploads\/2019\/11\/Nicaragua-una-Iglesia-al-lado-de-su-pueblo-image-1.jpg","type":"image\/jpeg"}],"author":"ACN Press Team","twitter_card":"summary_large_image","twitter_creator":"@acn_int","twitter_site":"@acn_int","twitter_misc":{"Verfasst von":"ACN Press Team","Gesch\u00e4tzte Lesezeit":"5\u00a0Minuten"},"schema":{"@context":"https:\/\/schema.org","@graph":[{"@type":"Article","@id":"https:\/\/acninternational.org\/de\/dokumentarfilm-ueber-die-notlage-der-kirche-in-nicaragua-beim-filmwettbewerb-ausgezeichnet\/#article","isPartOf":{"@id":"https:\/\/acninternational.org\/de\/dokumentarfilm-ueber-die-notlage-der-kirche-in-nicaragua-beim-filmwettbewerb-ausgezeichnet\/"},"author":{"name":"ACN Press Team","@id":"https:\/\/acninternational.org\/de\/#\/schema\/person\/7f3dafb236b242fb2aa46be1411fd703"},"headline":"Dokumentarfilm \u00fcber die Notlage der Kirche in Nicaragua beim Filmwettbewerb ausgezeichnet","datePublished":"2021-07-02T07:42:28+00:00","dateModified":"2021-07-02T07:46:29+00:00","mainEntityOfPage":{"@id":"https:\/\/acninternational.org\/de\/dokumentarfilm-ueber-die-notlage-der-kirche-in-nicaragua-beim-filmwettbewerb-ausgezeichnet\/"},"wordCount":1078,"publisher":{"@id":"https:\/\/acninternational.org\/de\/#organization"},"image":{"@id":"https:\/\/acninternational.org\/de\/dokumentarfilm-ueber-die-notlage-der-kirche-in-nicaragua-beim-filmwettbewerb-ausgezeichnet\/#primaryimage"},"thumbnailUrl":"https:\/\/media.acninternational.org\/wp-content\/uploads\/2019\/11\/Nicaragua-una-Iglesia-al-lado-de-su-pueblo-image-1.jpg","articleSection":["Interview"],"inLanguage":"de"},{"@type":"WebPage","@id":"https:\/\/acninternational.org\/de\/dokumentarfilm-ueber-die-notlage-der-kirche-in-nicaragua-beim-filmwettbewerb-ausgezeichnet\/","url":"https:\/\/acninternational.org\/de\/dokumentarfilm-ueber-die-notlage-der-kirche-in-nicaragua-beim-filmwettbewerb-ausgezeichnet\/","name":"Dokumentarfilm \u00fcber die Notlage der Kirche in Nicaragua beim Filmwettbewerb ausgezeichnet | ACN International","isPartOf":{"@id":"https:\/\/acninternational.org\/de\/#website"},"primaryImageOfPage":{"@id":"https:\/\/acninternational.org\/de\/dokumentarfilm-ueber-die-notlage-der-kirche-in-nicaragua-beim-filmwettbewerb-ausgezeichnet\/#primaryimage"},"image":{"@id":"https:\/\/acninternational.org\/de\/dokumentarfilm-ueber-die-notlage-der-kirche-in-nicaragua-beim-filmwettbewerb-ausgezeichnet\/#primaryimage"},"thumbnailUrl":"https:\/\/media.acninternational.org\/wp-content\/uploads\/2019\/11\/Nicaragua-una-Iglesia-al-lado-de-su-pueblo-image-1.jpg","datePublished":"2021-07-02T07:42:28+00:00","dateModified":"2021-07-02T07:46:29+00:00","description":"Der von der katholischen Produktionsfirma Catholic Radio and TV Network (CRTN) produzierte und vom Internationalen Hilfswerk Aid to the Church in Need (ACN) gef\u00f6rderte Kurzfilm \u201eHerr, gib uns Frieden\u201c (\u201eLord, Grant Us Peace\u201c) wurde im Kurzfilm-Wettbewerb \u201eBest Shorts Competition\u201c mit dem \u201eAward of Merit\u201c ausgezeichnet. Der Dokumentarfilm schildert die Situation in Nicaragua aus der Sicht junger Katholiken, die Geschichte der politischen Unterdr\u00fcckung, die Bem\u00fchungen der Kirche um Frieden sowie das Leid der Gl\u00e4ubigen in den letzten Jahren. \u00a0","breadcrumb":{"@id":"https:\/\/acninternational.org\/de\/dokumentarfilm-ueber-die-notlage-der-kirche-in-nicaragua-beim-filmwettbewerb-ausgezeichnet\/#breadcrumb"},"inLanguage":"de","potentialAction":[{"@type":"ReadAction","target":["https:\/\/acninternational.org\/de\/dokumentarfilm-ueber-die-notlage-der-kirche-in-nicaragua-beim-filmwettbewerb-ausgezeichnet\/"]}]},{"@type":"ImageObject","inLanguage":"de","@id":"https:\/\/acninternational.org\/de\/dokumentarfilm-ueber-die-notlage-der-kirche-in-nicaragua-beim-filmwettbewerb-ausgezeichnet\/#primaryimage","url":"https:\/\/media.acninternational.org\/wp-content\/uploads\/2019\/11\/Nicaragua-una-Iglesia-al-lado-de-su-pueblo-image-1.jpg","contentUrl":"https:\/\/media.acninternational.org\/wp-content\/uploads\/2019\/11\/Nicaragua-una-Iglesia-al-lado-de-su-pueblo-image-1.jpg","width":1200,"height":628},{"@type":"BreadcrumbList","@id":"https:\/\/acninternational.org\/de\/dokumentarfilm-ueber-die-notlage-der-kirche-in-nicaragua-beim-filmwettbewerb-ausgezeichnet\/#breadcrumb","itemListElement":[{"@type":"ListItem","position":1,"name":"Home","item":"https:\/\/acninternational.org\/de\/"},{"@type":"ListItem","position":2,"name":"Interview","item":"https:\/\/acninternational.org\/de\/category\/interview-2\/"},{"@type":"ListItem","position":3,"name":"Dokumentarfilm \u00fcber die Notlage der Kirche in Nicaragua beim Filmwettbewerb ausgezeichnet"}]},{"@type":"WebSite","@id":"https:\/\/acninternational.org\/de\/#website","url":"https:\/\/acninternational.org\/de\/","name":"ACN International","description":"","publisher":{"@id":"https:\/\/acninternational.org\/de\/#organization"},"potentialAction":[{"@type":"SearchAction","target":{"@type":"EntryPoint","urlTemplate":"https:\/\/acninternational.org\/de\/?s={search_term_string}"},"query-input":{"@type":"PropertyValueSpecification","valueRequired":true,"valueName":"search_term_string"}}],"inLanguage":"de"},{"@type":"Organization","@id":"https:\/\/acninternational.org\/de\/#organization","name":"Aid to the Church in Need International","url":"https:\/\/acninternational.org\/de\/","logo":{"@type":"ImageObject","inLanguage":"de","@id":"https:\/\/acninternational.org\/de\/#\/schema\/logo\/image\/","url":"https:\/\/media.acninternational.org\/wp-content\/uploads\/2019\/11\/acn_logo_blackvector.svg","contentUrl":"https:\/\/media.acninternational.org\/wp-content\/uploads\/2019\/11\/acn_logo_blackvector.svg","width":232.6,"height":78,"caption":"Aid to the Church in Need International"},"image":{"@id":"https:\/\/acninternational.org\/de\/#\/schema\/logo\/image\/"},"sameAs":["https:\/\/www.facebook.com\/acninternationalorg","https:\/\/x.com\/acn_int","https:\/\/www.youtube.com\/channel\/UCQ-077gS0TnVzkhHmf1opZw","https:\/\/www.instagram.com\/acn_international\/"]},{"@type":"Person","@id":"https:\/\/acninternational.org\/de\/#\/schema\/person\/7f3dafb236b242fb2aa46be1411fd703","name":"ACN Press Team","description":"Lorem ipsum dolor sit amet, consectetur adipiscing elit, sed do eiusmod tempor incididunt ut labore et dolore magna aliqua. Ut enim ad minim veniam, quis nostrud exercitation ullamco laboris nisi ut aliquip ex ea commodo consequat.","url":"https:\/\/acninternational.org\/de\/author\/acn-press-team\/"}]}},"_links":{"self":[{"href":"https:\/\/acninternational.org\/de\/wp-json\/wp\/v2\/posts\/155026","targetHints":{"allow":["GET"]}}],"collection":[{"href":"https:\/\/acninternational.org\/de\/wp-json\/wp\/v2\/posts"}],"about":[{"href":"https:\/\/acninternational.org\/de\/wp-json\/wp\/v2\/types\/post"}],"author":[{"embeddable":true,"href":"https:\/\/acninternational.org\/de\/wp-json\/wp\/v2\/users\/4258341447"}],"replies":[{"embeddable":true,"href":"https:\/\/acninternational.org\/de\/wp-json\/wp\/v2\/comments?post=155026"}],"version-history":[{"count":0,"href":"https:\/\/acninternational.org\/de\/wp-json\/wp\/v2\/posts\/155026\/revisions"}],"wp:featuredmedia":[{"embeddable":true,"href":"https:\/\/acninternational.org\/de\/wp-json\/wp\/v2\/media\/121042"}],"wp:attachment":[{"href":"https:\/\/acninternational.org\/de\/wp-json\/wp\/v2\/media?parent=155026"}],"wp:term":[{"taxonomy":"category","embeddable":true,"href":"https:\/\/acninternational.org\/de\/wp-json\/wp\/v2\/categories?post=155026"},{"taxonomy":"post_tag","embeddable":true,"href":"https:\/\/acninternational.org\/de\/wp-json\/wp\/v2\/tags?post=155026"},{"taxonomy":"country","embeddable":true,"href":"https:\/\/acninternational.org\/de\/wp-json\/wp\/v2\/country?post=155026"}],"curies":[{"name":"wp","href":"https:\/\/api.w.org\/{rel}","templated":true}]}}