{"id":152628,"date":"2021-06-14T09:33:34","date_gmt":"2021-06-14T07:33:34","guid":{"rendered":"https:\/\/acninternational.org\/?p=152628"},"modified":"2021-06-14T09:48:27","modified_gmt":"2021-06-14T07:48:27","slug":"152628","status":"publish","type":"post","link":"https:\/\/acninternational.org\/de\/152628\/","title":{"rendered":"Mosambik: Priester prangert an, dass Dschihadisten \u201eHunderte\u201c Jungen f\u00fcr zuk\u00fcnftige Anschl\u00e4ge entf\u00fchren"},"content":{"rendered":"<p>\u201eDas sind schwer zu heilende Wunden\u201c, so der Geistliche Kwiriwi Fonseca von der Di\u00f6zese Pemba im Gespr\u00e4ch mit dem Hilfswerk Aid to the Church in Need (ACN). Zu den mehr als 2500 Toten und mehr als 750 000 Vertriebenen, die die Terroranschl\u00e4ge seit Oktober 2017 in Cabo Delgado verursacht h\u00e4tten, komme noch die hohe Zahl an entf\u00fchrten Menschen, vor allem Kindern, Jungen und M\u00e4dchen.<\/p>\n<p>Amtliche Statistiken dazu gibt es zwar keine, aber Pater Fonseca hat keine Zweifel: \u201eWir k\u00f6nnen von Hunderten sprechen. Wenn wir all die D\u00f6rfer z\u00e4hlen, in denen es Entf\u00fchrungen gegeben hat, kommen wir leicht auf diese Zahl.\u201c Laut dem Priester werden die Jugendlichen zu ganz bestimmten Zwecken entf\u00fchrt: \u201eDie Terroristen benutzen die Jungen, um sie zu rekrutieren und f\u00fcr ihre Zwecke auszubilden. Die M\u00e4dchen werden vergewaltigt und zu ihren Ehefrauen gemacht. Einige werden \u201aentsorgt\u2019, wenn an ihnen kein Interesse mehr besteht.\u201c<\/p>\n<p>Als zust\u00e4ndiger Kommunikationsbeauftragter in der Di\u00f6zese Pemba h\u00e4lt Pater Fonseca Kontakt zu Dutzenden von Opfern, die durch die terroristische Gewalt vertrieben wurden. Er steht in st\u00e4ndigem Kontakt mit anderen Priestern und Ordensschwestern aus der Provinz Cabo Delgado.<\/p>\n<figure id=\"attachment_152603\" aria-describedby=\"caption-attachment-152603\" style=\"width: 670px\" class=\"wp-caption alignnone\"><img loading=\"lazy\" decoding=\"async\" class=\"wp-image-152603 size-full\" src=\"https:\/\/media.acninternational.org\/wp-content\/uploads\/2021\/06\/Mozambique_kids2.jpg\" alt=\"Zu den mehr als 2500 Toten und mehr als 750 000 Vertriebenen, die die Terroranschl\u00e4ge seit Oktober 2017 in Cabo Delgado verursacht h\u00e4tten, komme noch die hohe Zahl an entf\u00fchrten Menschen, vor allem Kindern, Jungen und M\u00e4dchen.\" width=\"670\" height=\"400\" srcset=\"https:\/\/media.acninternational.org\/wp-content\/uploads\/2021\/06\/Mozambique_kids2.jpg 670w, https:\/\/media.acninternational.org\/wp-content\/uploads\/2021\/06\/Mozambique_kids2-300x179.jpg 300w\" sizes=\"auto, (max-width: 670px) 100vw, 670px\" \/><figcaption id=\"caption-attachment-152603\" class=\"wp-caption-text\">Zu den mehr als 2500 Toten und mehr als 750 000 Vertriebenen, die die Terroranschl\u00e4ge seit Oktober 2017 in Cabo Delgado verursacht h\u00e4tten, komme noch die hohe Zahl an entf\u00fchrten Menschen, vor allem Kindern, Jungen und M\u00e4dchen.<\/figcaption><\/figure>\n<p><strong>Unter den Entf\u00fchrten befinden sich auch Ordensschwestern<\/strong><\/p>\n<p>Erfahren hat er davon unter anderem von der Ordensschwester Eliane da Costa. Die Brasilianerin hielt sich im vergangenen August in Moc\u00edmboa da Praia auf, als die K\u00fcstenstadt in die H\u00e4nde von Terroristen fiel. Daraufhin wurden Dutzende Menschen entf\u00fchrt, darunter auch die Ordensschwester zusammen mit einer anderen Schwester, In\u00e9s Ramos. Die beiden geh\u00f6ren der Kongregation\u00a0der\u00a0St.\u00a0Josephsschwestern von Chamb\u00e9ry an.<\/p>\n<p>\u201eSchwester Eliane verbrachte 24 Tage unter den Terroristen im Busch. Sie bat mich: \u201aPater Fonseca, vergessen Sie nicht die entf\u00fchrten Menschen, besonders die Kinder und Jugendlichen, die zu Terroristen ausgebildet werden\u2019\u201c, erinnert sich Pater Kwiriwi Fonseca in einem Zoom-Interview mit dem p\u00e4pstlichen Hilfswerk ACN.<\/p>\n<p><strong>Ihre Kinder wurden entf\u00fchrt und ihrem Mann die Kehle durchgeschnitten<\/strong><\/p>\n<p>Ein weiterer Schauplatz der Angriffe ist Mucojo gewesen, ein Verwaltungsposten an der K\u00fcste im Distrikt Macomia. Dort lebt Mina, die von ihren eigenen Erinnerungen \u00fcberw\u00e4ltigt wird. Jedes Mal, wenn sie daran denkt, was ihr widerfahren ist, was ihren Familienmitgliedern \u2013 ihrem Mann, ihren Kindern und ihrem Bruder \u2013 widerfahren ist, wird eine Wunde wieder aufgerissen, die nicht heilen will.<\/p>\n<p>Pater Fonseca besuchte sie und h\u00f6rte sich ihre schmerzvolle Geschichte an: \u201eDort tauchten f\u00fcnf M\u00e4nner \u00fcberraschend auf. Die Einheimischen stellten fest, dass es sich um Al-Shabaab-Terroristen handelte. Die Terroristen fanden Mina mit ihrem Mann, ihrem Bruder und ihren vier Kindern vor &#8230; Sie sagten zu ihnen: &#8218;Wir werden diese beiden Kinder mitnehmen&#8216;. Tats\u00e4chlich nahmen sie aber drei Kinder mit, ein 14-j\u00e4hriges, ein 12-j\u00e4hriges und ein 10-j\u00e4hriges Kind. Sie fesselten Minas Mann und ihren Bruder, uns sagten zu ihr, sie solle gehen, denn sie wollten sie t\u00f6ten. Sie weigerte sich und wurde Zeuge, wie ihrem Mann und ihrem Bruder die Kehle durchgeschnitten wurde. Auch ihre zwei- oder dreij\u00e4hrige Tochter musste es mitansehen. Heute ist das kleine M\u00e4dchen immer noch ver\u00e4ngstigt und besteht darauf, ins Dorf zur\u00fcckzukehren, um ihren Vater zu sehen. Sie hat das alles gesehen.\u201c<\/p>\n<p><iframe loading=\"lazy\" title=\"Mosambik: Islamische Milizen verst\u00e4rken ihre Angriffe im Norden Mosambiks.\" width=\"640\" height=\"360\" src=\"https:\/\/www.youtube.com\/embed\/zroUj-nSB-Y?feature=oembed\" frameborder=\"0\" allow=\"accelerometer; autoplay; clipboard-write; encrypted-media; gyroscope; picture-in-picture; web-share\" referrerpolicy=\"strict-origin-when-cross-origin\" allowfullscreen><\/iframe><\/p>\n<p><strong>Was erwartet die entf\u00fchrten Jugendlichen?<\/strong><\/p>\n<p>Fonseca hegt keinen Zweifel daran, dass die Jugendlichen einem Radikalisierungsprozess unterzogen werden, um in die Reihen der Terroristen aufgenommen zu werden. \u201eIch denke, Radikalisierung ist das Ziel. Wir sprechen von Kindern und Jugendlichen, die letztes Jahr oder im Jahr davor von zu Hause verschleppt wurden &#8230; Das ist eine lange Zeit im Kontakt mit dem B\u00f6sen, und am Ende assimiliert man das B\u00f6se. Die Interaktion kann sie zu den schlimmsten Terroristen machen &#8230;\u201c<\/p>\n<p>Die Situation wirft viele Fragen auf, sogar aus milit\u00e4rischer Sicht. Diese Kinder und Jugendlichen wurden gewaltsam aus ihren Familien, ihren D\u00f6rfern und der Umgebung herausgerissen, in der sie immer gelebt haben. \u201eWenn dieser Krieg eskaliert und internationale Partner, andere Regierungen und L\u00e4nder Mosambik helfen wollen, die Terroristen zu bek\u00e4mpfen, was wird das bedeuten?\u201c, fragt Pater Kwiriwi Fonseca. \u201eEs bedeutet, dass auch viele unschuldige Menschen sterben k\u00f6nnten &#8230;\u201c<\/p>\n","protected":false},"excerpt":{"rendered":"<p>MOSAMBIK: Priester prangert an, dass Dschihadisten \u201eHunderte\u201c Jungen f\u00fcr zuk\u00fcnftige Anschl\u00e4ge entf\u00fchren, sowie M\u00e4dchen, um sie zu \u201eihren Frauen\u201c zu<\/p>\n","protected":false},"author":4258341447,"featured_media":152609,"comment_status":"closed","ping_status":"closed","sticky":false,"template":"","format":"standard","meta":{"_acf_changed":false,"_acn_coauthor_ids":[],"footnotes":""},"categories":[918],"tags":[],"country":[848],"class_list":["post-152628","post","type-post","status-publish","format-standard","has-post-thumbnail","hentry","category-nachricht","country-mosambik"],"acn_coauthors":[],"acf":[],"yoast_head":"<!-- This site is optimized with the Yoast SEO Premium plugin v27.3 (Yoast SEO v27.3) - https:\/\/yoast.com\/product\/yoast-seo-premium-wordpress\/ -->\n<title>Mosambik: Priester prangert an, dass Dschihadisten \u201eHunderte\u201c Jungen f\u00fcr zuk\u00fcnftige Anschl\u00e4ge entf\u00fchren | ACN International<\/title>\n<meta name=\"description\" content=\"\u201eDas sind schwer zu heilende Wunden\u201c, so der Geistliche Kwiriwi Fonseca von der Di\u00f6zese Pemba im Gespr\u00e4ch mit dem Hilfswerk Aid to the Church in Need (ACN). Zu den mehr als 2500 Toten und mehr als 750 000 Vertriebenen, die die Terroranschl\u00e4ge seit Oktober 2017 in Cabo Delgado verursacht h\u00e4tten, komme noch die hohe Zahl an entf\u00fchrten Menschen, vor allem Kindern, Jungen und M\u00e4dchen.\" \/>\n<meta name=\"robots\" content=\"index, follow, max-snippet:-1, max-image-preview:large, max-video-preview:-1\" \/>\n<link rel=\"canonical\" href=\"https:\/\/acninternational.org\/de\/152628\/\" \/>\n<meta property=\"og:locale\" content=\"de_DE\" \/>\n<meta property=\"og:type\" content=\"article\" \/>\n<meta property=\"og:title\" content=\"Mosambik: Priester prangert an, dass Dschihadisten \u201eHunderte\u201c Jungen f\u00fcr zuk\u00fcnftige Anschl\u00e4ge entf\u00fchren\" \/>\n<meta property=\"og:description\" content=\"\u201eDas sind schwer zu heilende Wunden\u201c, so der Geistliche Kwiriwi Fonseca von der Di\u00f6zese Pemba im Gespr\u00e4ch mit dem Hilfswerk Aid to the Church in Need (ACN). Zu den mehr als 2500 Toten und mehr als 750 000 Vertriebenen, die die Terroranschl\u00e4ge seit Oktober 2017 in Cabo Delgado verursacht h\u00e4tten, komme noch die hohe Zahl an entf\u00fchrten Menschen, vor allem Kindern, Jungen und M\u00e4dchen.\" \/>\n<meta property=\"og:url\" content=\"https:\/\/acninternational.org\/de\/152628\/\" \/>\n<meta property=\"og:site_name\" content=\"ACN International\" \/>\n<meta property=\"article:publisher\" content=\"https:\/\/www.facebook.com\/acninternationalorg\" \/>\n<meta property=\"article:published_time\" content=\"2021-06-14T07:33:34+00:00\" \/>\n<meta property=\"article:modified_time\" content=\"2021-06-14T07:48:27+00:00\" \/>\n<meta property=\"og:image\" content=\"https:\/\/media.acninternational.org\/wp-content\/uploads\/2021\/06\/Mozambique_kids.jpg\" \/>\n\t<meta property=\"og:image:width\" content=\"1400\" \/>\n\t<meta property=\"og:image:height\" content=\"438\" \/>\n\t<meta property=\"og:image:type\" content=\"image\/jpeg\" \/>\n<meta name=\"author\" content=\"ACN Press Team\" \/>\n<meta name=\"twitter:card\" content=\"summary_large_image\" \/>\n<meta name=\"twitter:creator\" content=\"@acn_int\" \/>\n<meta name=\"twitter:site\" content=\"@acn_int\" \/>\n<meta name=\"twitter:label1\" content=\"Verfasst von\" \/>\n\t<meta name=\"twitter:data1\" content=\"ACN Press Team\" \/>\n\t<meta name=\"twitter:label2\" content=\"Gesch\u00e4tzte Lesezeit\" \/>\n\t<meta name=\"twitter:data2\" content=\"4\u00a0Minuten\" \/>\n<script type=\"application\/ld+json\" class=\"yoast-schema-graph\">{\"@context\":\"https:\\\/\\\/schema.org\",\"@graph\":[{\"@type\":\"Article\",\"@id\":\"https:\\\/\\\/acninternational.org\\\/de\\\/152628\\\/#article\",\"isPartOf\":{\"@id\":\"https:\\\/\\\/acninternational.org\\\/de\\\/152628\\\/\"},\"author\":{\"name\":\"ACN Press Team\",\"@id\":\"https:\\\/\\\/acninternational.org\\\/de\\\/#\\\/schema\\\/person\\\/7f3dafb236b242fb2aa46be1411fd703\"},\"headline\":\"Mosambik: Priester prangert an, dass Dschihadisten \u201eHunderte\u201c Jungen f\u00fcr zuk\u00fcnftige Anschl\u00e4ge entf\u00fchren\",\"datePublished\":\"2021-06-14T07:33:34+00:00\",\"dateModified\":\"2021-06-14T07:48:27+00:00\",\"mainEntityOfPage\":{\"@id\":\"https:\\\/\\\/acninternational.org\\\/de\\\/152628\\\/\"},\"wordCount\":747,\"publisher\":{\"@id\":\"https:\\\/\\\/acninternational.org\\\/de\\\/#organization\"},\"image\":{\"@id\":\"https:\\\/\\\/acninternational.org\\\/de\\\/152628\\\/#primaryimage\"},\"thumbnailUrl\":\"https:\\\/\\\/media.acninternational.org\\\/wp-content\\\/uploads\\\/2021\\\/06\\\/Mozambique_kids.jpg\",\"articleSection\":[\"Nachricht\"],\"inLanguage\":\"de\"},{\"@type\":\"WebPage\",\"@id\":\"https:\\\/\\\/acninternational.org\\\/de\\\/152628\\\/\",\"url\":\"https:\\\/\\\/acninternational.org\\\/de\\\/152628\\\/\",\"name\":\"Mosambik: Priester prangert an, dass Dschihadisten \u201eHunderte\u201c Jungen f\u00fcr zuk\u00fcnftige Anschl\u00e4ge entf\u00fchren | ACN International\",\"isPartOf\":{\"@id\":\"https:\\\/\\\/acninternational.org\\\/de\\\/#website\"},\"primaryImageOfPage\":{\"@id\":\"https:\\\/\\\/acninternational.org\\\/de\\\/152628\\\/#primaryimage\"},\"image\":{\"@id\":\"https:\\\/\\\/acninternational.org\\\/de\\\/152628\\\/#primaryimage\"},\"thumbnailUrl\":\"https:\\\/\\\/media.acninternational.org\\\/wp-content\\\/uploads\\\/2021\\\/06\\\/Mozambique_kids.jpg\",\"datePublished\":\"2021-06-14T07:33:34+00:00\",\"dateModified\":\"2021-06-14T07:48:27+00:00\",\"description\":\"\u201eDas sind schwer zu heilende Wunden\u201c, so der Geistliche Kwiriwi Fonseca von der Di\u00f6zese Pemba im Gespr\u00e4ch mit dem Hilfswerk Aid to the Church in Need (ACN). Zu den mehr als 2500 Toten und mehr als 750 000 Vertriebenen, die die Terroranschl\u00e4ge seit Oktober 2017 in Cabo Delgado verursacht h\u00e4tten, komme noch die hohe Zahl an entf\u00fchrten Menschen, vor allem Kindern, Jungen und M\u00e4dchen.\",\"breadcrumb\":{\"@id\":\"https:\\\/\\\/acninternational.org\\\/de\\\/152628\\\/#breadcrumb\"},\"inLanguage\":\"de\",\"potentialAction\":[{\"@type\":\"ReadAction\",\"target\":[\"https:\\\/\\\/acninternational.org\\\/de\\\/152628\\\/\"]}]},{\"@type\":\"ImageObject\",\"inLanguage\":\"de\",\"@id\":\"https:\\\/\\\/acninternational.org\\\/de\\\/152628\\\/#primaryimage\",\"url\":\"https:\\\/\\\/media.acninternational.org\\\/wp-content\\\/uploads\\\/2021\\\/06\\\/Mozambique_kids.jpg\",\"contentUrl\":\"https:\\\/\\\/media.acninternational.org\\\/wp-content\\\/uploads\\\/2021\\\/06\\\/Mozambique_kids.jpg\",\"width\":1400,\"height\":438},{\"@type\":\"BreadcrumbList\",\"@id\":\"https:\\\/\\\/acninternational.org\\\/de\\\/152628\\\/#breadcrumb\",\"itemListElement\":[{\"@type\":\"ListItem\",\"position\":1,\"name\":\"Home\",\"item\":\"https:\\\/\\\/acninternational.org\\\/de\\\/\"},{\"@type\":\"ListItem\",\"position\":2,\"name\":\"Nachricht\",\"item\":\"https:\\\/\\\/acninternational.org\\\/de\\\/category\\\/news-de\\\/\"},{\"@type\":\"ListItem\",\"position\":3,\"name\":\"Mosambik: Priester prangert an, dass Dschihadisten \u201eHunderte\u201c Jungen f\u00fcr zuk\u00fcnftige Anschl\u00e4ge entf\u00fchren\"}]},{\"@type\":\"WebSite\",\"@id\":\"https:\\\/\\\/acninternational.org\\\/de\\\/#website\",\"url\":\"https:\\\/\\\/acninternational.org\\\/de\\\/\",\"name\":\"ACN International\",\"description\":\"\",\"publisher\":{\"@id\":\"https:\\\/\\\/acninternational.org\\\/de\\\/#organization\"},\"potentialAction\":[{\"@type\":\"SearchAction\",\"target\":{\"@type\":\"EntryPoint\",\"urlTemplate\":\"https:\\\/\\\/acninternational.org\\\/de\\\/?s={search_term_string}\"},\"query-input\":{\"@type\":\"PropertyValueSpecification\",\"valueRequired\":true,\"valueName\":\"search_term_string\"}}],\"inLanguage\":\"de\"},{\"@type\":\"Organization\",\"@id\":\"https:\\\/\\\/acninternational.org\\\/de\\\/#organization\",\"name\":\"Aid to the Church in Need International\",\"url\":\"https:\\\/\\\/acninternational.org\\\/de\\\/\",\"logo\":{\"@type\":\"ImageObject\",\"inLanguage\":\"de\",\"@id\":\"https:\\\/\\\/acninternational.org\\\/de\\\/#\\\/schema\\\/logo\\\/image\\\/\",\"url\":\"https:\\\/\\\/media.acninternational.org\\\/wp-content\\\/uploads\\\/2019\\\/11\\\/acn_logo_blackvector.svg\",\"contentUrl\":\"https:\\\/\\\/media.acninternational.org\\\/wp-content\\\/uploads\\\/2019\\\/11\\\/acn_logo_blackvector.svg\",\"width\":232.6,\"height\":78,\"caption\":\"Aid to the Church in Need International\"},\"image\":{\"@id\":\"https:\\\/\\\/acninternational.org\\\/de\\\/#\\\/schema\\\/logo\\\/image\\\/\"},\"sameAs\":[\"https:\\\/\\\/www.facebook.com\\\/acninternationalorg\",\"https:\\\/\\\/x.com\\\/acn_int\",\"https:\\\/\\\/www.youtube.com\\\/channel\\\/UCQ-077gS0TnVzkhHmf1opZw\",\"https:\\\/\\\/www.instagram.com\\\/acn_international\\\/\"]},{\"@type\":\"Person\",\"@id\":\"https:\\\/\\\/acninternational.org\\\/de\\\/#\\\/schema\\\/person\\\/7f3dafb236b242fb2aa46be1411fd703\",\"name\":\"ACN Press Team\",\"description\":\"Lorem ipsum dolor sit amet, consectetur adipiscing elit, sed do eiusmod tempor incididunt ut labore et dolore magna aliqua. Ut enim ad minim veniam, quis nostrud exercitation ullamco laboris nisi ut aliquip ex ea commodo consequat.\",\"url\":\"https:\\\/\\\/acninternational.org\\\/de\\\/author\\\/acn-press-team\\\/\"}]}<\/script>\n<!-- \/ Yoast SEO Premium plugin. -->","yoast_head_json":{"title":"Mosambik: Priester prangert an, dass Dschihadisten \u201eHunderte\u201c Jungen f\u00fcr zuk\u00fcnftige Anschl\u00e4ge entf\u00fchren | ACN International","description":"\u201eDas sind schwer zu heilende Wunden\u201c, so der Geistliche Kwiriwi Fonseca von der Di\u00f6zese Pemba im Gespr\u00e4ch mit dem Hilfswerk Aid to the Church in Need (ACN). Zu den mehr als 2500 Toten und mehr als 750 000 Vertriebenen, die die Terroranschl\u00e4ge seit Oktober 2017 in Cabo Delgado verursacht h\u00e4tten, komme noch die hohe Zahl an entf\u00fchrten Menschen, vor allem Kindern, Jungen und M\u00e4dchen.","robots":{"index":"index","follow":"follow","max-snippet":"max-snippet:-1","max-image-preview":"max-image-preview:large","max-video-preview":"max-video-preview:-1"},"canonical":"https:\/\/acninternational.org\/de\/152628\/","og_locale":"de_DE","og_type":"article","og_title":"Mosambik: Priester prangert an, dass Dschihadisten \u201eHunderte\u201c Jungen f\u00fcr zuk\u00fcnftige Anschl\u00e4ge entf\u00fchren","og_description":"\u201eDas sind schwer zu heilende Wunden\u201c, so der Geistliche Kwiriwi Fonseca von der Di\u00f6zese Pemba im Gespr\u00e4ch mit dem Hilfswerk Aid to the Church in Need (ACN). Zu den mehr als 2500 Toten und mehr als 750 000 Vertriebenen, die die Terroranschl\u00e4ge seit Oktober 2017 in Cabo Delgado verursacht h\u00e4tten, komme noch die hohe Zahl an entf\u00fchrten Menschen, vor allem Kindern, Jungen und M\u00e4dchen.","og_url":"https:\/\/acninternational.org\/de\/152628\/","og_site_name":"ACN International","article_publisher":"https:\/\/www.facebook.com\/acninternationalorg","article_published_time":"2021-06-14T07:33:34+00:00","article_modified_time":"2021-06-14T07:48:27+00:00","og_image":[{"width":1400,"height":438,"url":"https:\/\/media.acninternational.org\/wp-content\/uploads\/2021\/06\/Mozambique_kids.jpg","type":"image\/jpeg"}],"author":"ACN Press Team","twitter_card":"summary_large_image","twitter_creator":"@acn_int","twitter_site":"@acn_int","twitter_misc":{"Verfasst von":"ACN Press Team","Gesch\u00e4tzte Lesezeit":"4\u00a0Minuten"},"schema":{"@context":"https:\/\/schema.org","@graph":[{"@type":"Article","@id":"https:\/\/acninternational.org\/de\/152628\/#article","isPartOf":{"@id":"https:\/\/acninternational.org\/de\/152628\/"},"author":{"name":"ACN Press Team","@id":"https:\/\/acninternational.org\/de\/#\/schema\/person\/7f3dafb236b242fb2aa46be1411fd703"},"headline":"Mosambik: Priester prangert an, dass Dschihadisten \u201eHunderte\u201c Jungen f\u00fcr zuk\u00fcnftige Anschl\u00e4ge entf\u00fchren","datePublished":"2021-06-14T07:33:34+00:00","dateModified":"2021-06-14T07:48:27+00:00","mainEntityOfPage":{"@id":"https:\/\/acninternational.org\/de\/152628\/"},"wordCount":747,"publisher":{"@id":"https:\/\/acninternational.org\/de\/#organization"},"image":{"@id":"https:\/\/acninternational.org\/de\/152628\/#primaryimage"},"thumbnailUrl":"https:\/\/media.acninternational.org\/wp-content\/uploads\/2021\/06\/Mozambique_kids.jpg","articleSection":["Nachricht"],"inLanguage":"de"},{"@type":"WebPage","@id":"https:\/\/acninternational.org\/de\/152628\/","url":"https:\/\/acninternational.org\/de\/152628\/","name":"Mosambik: Priester prangert an, dass Dschihadisten \u201eHunderte\u201c Jungen f\u00fcr zuk\u00fcnftige Anschl\u00e4ge entf\u00fchren | ACN International","isPartOf":{"@id":"https:\/\/acninternational.org\/de\/#website"},"primaryImageOfPage":{"@id":"https:\/\/acninternational.org\/de\/152628\/#primaryimage"},"image":{"@id":"https:\/\/acninternational.org\/de\/152628\/#primaryimage"},"thumbnailUrl":"https:\/\/media.acninternational.org\/wp-content\/uploads\/2021\/06\/Mozambique_kids.jpg","datePublished":"2021-06-14T07:33:34+00:00","dateModified":"2021-06-14T07:48:27+00:00","description":"\u201eDas sind schwer zu heilende Wunden\u201c, so der Geistliche Kwiriwi Fonseca von der Di\u00f6zese Pemba im Gespr\u00e4ch mit dem Hilfswerk Aid to the Church in Need (ACN). Zu den mehr als 2500 Toten und mehr als 750 000 Vertriebenen, die die Terroranschl\u00e4ge seit Oktober 2017 in Cabo Delgado verursacht h\u00e4tten, komme noch die hohe Zahl an entf\u00fchrten Menschen, vor allem Kindern, Jungen und M\u00e4dchen.","breadcrumb":{"@id":"https:\/\/acninternational.org\/de\/152628\/#breadcrumb"},"inLanguage":"de","potentialAction":[{"@type":"ReadAction","target":["https:\/\/acninternational.org\/de\/152628\/"]}]},{"@type":"ImageObject","inLanguage":"de","@id":"https:\/\/acninternational.org\/de\/152628\/#primaryimage","url":"https:\/\/media.acninternational.org\/wp-content\/uploads\/2021\/06\/Mozambique_kids.jpg","contentUrl":"https:\/\/media.acninternational.org\/wp-content\/uploads\/2021\/06\/Mozambique_kids.jpg","width":1400,"height":438},{"@type":"BreadcrumbList","@id":"https:\/\/acninternational.org\/de\/152628\/#breadcrumb","itemListElement":[{"@type":"ListItem","position":1,"name":"Home","item":"https:\/\/acninternational.org\/de\/"},{"@type":"ListItem","position":2,"name":"Nachricht","item":"https:\/\/acninternational.org\/de\/category\/news-de\/"},{"@type":"ListItem","position":3,"name":"Mosambik: Priester prangert an, dass Dschihadisten \u201eHunderte\u201c Jungen f\u00fcr zuk\u00fcnftige Anschl\u00e4ge entf\u00fchren"}]},{"@type":"WebSite","@id":"https:\/\/acninternational.org\/de\/#website","url":"https:\/\/acninternational.org\/de\/","name":"ACN International","description":"","publisher":{"@id":"https:\/\/acninternational.org\/de\/#organization"},"potentialAction":[{"@type":"SearchAction","target":{"@type":"EntryPoint","urlTemplate":"https:\/\/acninternational.org\/de\/?s={search_term_string}"},"query-input":{"@type":"PropertyValueSpecification","valueRequired":true,"valueName":"search_term_string"}}],"inLanguage":"de"},{"@type":"Organization","@id":"https:\/\/acninternational.org\/de\/#organization","name":"Aid to the Church in Need International","url":"https:\/\/acninternational.org\/de\/","logo":{"@type":"ImageObject","inLanguage":"de","@id":"https:\/\/acninternational.org\/de\/#\/schema\/logo\/image\/","url":"https:\/\/media.acninternational.org\/wp-content\/uploads\/2019\/11\/acn_logo_blackvector.svg","contentUrl":"https:\/\/media.acninternational.org\/wp-content\/uploads\/2019\/11\/acn_logo_blackvector.svg","width":232.6,"height":78,"caption":"Aid to the Church in Need International"},"image":{"@id":"https:\/\/acninternational.org\/de\/#\/schema\/logo\/image\/"},"sameAs":["https:\/\/www.facebook.com\/acninternationalorg","https:\/\/x.com\/acn_int","https:\/\/www.youtube.com\/channel\/UCQ-077gS0TnVzkhHmf1opZw","https:\/\/www.instagram.com\/acn_international\/"]},{"@type":"Person","@id":"https:\/\/acninternational.org\/de\/#\/schema\/person\/7f3dafb236b242fb2aa46be1411fd703","name":"ACN Press Team","description":"Lorem ipsum dolor sit amet, consectetur adipiscing elit, sed do eiusmod tempor incididunt ut labore et dolore magna aliqua. Ut enim ad minim veniam, quis nostrud exercitation ullamco laboris nisi ut aliquip ex ea commodo consequat.","url":"https:\/\/acninternational.org\/de\/author\/acn-press-team\/"}]}},"_links":{"self":[{"href":"https:\/\/acninternational.org\/de\/wp-json\/wp\/v2\/posts\/152628","targetHints":{"allow":["GET"]}}],"collection":[{"href":"https:\/\/acninternational.org\/de\/wp-json\/wp\/v2\/posts"}],"about":[{"href":"https:\/\/acninternational.org\/de\/wp-json\/wp\/v2\/types\/post"}],"author":[{"embeddable":true,"href":"https:\/\/acninternational.org\/de\/wp-json\/wp\/v2\/users\/4258341447"}],"replies":[{"embeddable":true,"href":"https:\/\/acninternational.org\/de\/wp-json\/wp\/v2\/comments?post=152628"}],"version-history":[{"count":0,"href":"https:\/\/acninternational.org\/de\/wp-json\/wp\/v2\/posts\/152628\/revisions"}],"wp:featuredmedia":[{"embeddable":true,"href":"https:\/\/acninternational.org\/de\/wp-json\/wp\/v2\/media\/152609"}],"wp:attachment":[{"href":"https:\/\/acninternational.org\/de\/wp-json\/wp\/v2\/media?parent=152628"}],"wp:term":[{"taxonomy":"category","embeddable":true,"href":"https:\/\/acninternational.org\/de\/wp-json\/wp\/v2\/categories?post=152628"},{"taxonomy":"post_tag","embeddable":true,"href":"https:\/\/acninternational.org\/de\/wp-json\/wp\/v2\/tags?post=152628"},{"taxonomy":"country","embeddable":true,"href":"https:\/\/acninternational.org\/de\/wp-json\/wp\/v2\/country?post=152628"}],"curies":[{"name":"wp","href":"https:\/\/api.w.org\/{rel}","templated":true}]}}