{"id":149119,"date":"2021-03-04T12:01:35","date_gmt":"2021-03-04T11:01:35","guid":{"rendered":"https:\/\/acninternational.org\/?p=149119"},"modified":"2021-03-04T12:08:30","modified_gmt":"2021-03-04T11:08:30","slug":"die-direktorin-der-projektabteilung-von-acn-wird-als-vertreterin-von-roaco-mit-dem-paepstlichen-flugzeug-in-den-irak-reisen","status":"publish","type":"post","link":"https:\/\/acninternational.org\/de\/die-direktorin-der-projektabteilung-von-acn-wird-als-vertreterin-von-roaco-mit-dem-paepstlichen-flugzeug-in-den-irak-reisen\/","title":{"rendered":"Die Direktorin der Projektabteilung von ACN wird als Vertreterin von ROACO mit dem p\u00e4pstlichen Flugzeug in den Irak reisen"},"content":{"rendered":"<p>Regina Lynch, Leiterin der Projektabteilung von ACN International, wird die offizielle Delegierte der Organisation ROACO (eine p\u00e4pstliche Organisation zur Unterst\u00fctzung der katholischen Ostkirchen) w\u00e4hrend des p\u00e4pstlichen Besuchs im Irak vom 5. bis 8. M\u00e4rz dieses Jahres sein. Die aus Nordirland stammende Lynch arbeitet seit 40 Jahren im Dienst von Christen, die unter Verfolgung, Diskriminierung oder anderen Formen extremer Not leiden. Seit 2008 ist sie Leiterin der Projektabteilung von ACN International.<\/p>\n<p>\u201eDie Aufnahme eines Vertreters von ROACO in das p\u00e4pstliche Umfeld des bevorstehenden Papstbesuches ist ein sichtbares Zeichen daf\u00fcr, wie sehr der Heilige Stuhl die Arbeit der Organisationen im Nahen Osten, in Ost- und Mitteleuropa, in Indien, Eritrea und \u00c4thiopien sch\u00e4tzt\u201c, erkl\u00e4rt sie.<\/p>\n<p>Regina Lynch besuchte 2008 zum ersten Mal den Irak, wo das katholische Hilfswerk ACN seit 1972 Hilfe leistet. Aber sie erinnert sich besonders an ihren Besuch im Irak zu einem anderen historischen Zeitpunkt f\u00fcr die Christen des Landes, im schicksalhaften August 2014, nur vier Tage, nachdem der sogenannte Islamische Staat in die christlichen St\u00e4dte und D\u00f6rfer der Ninive-Ebene eingefallen waren. W\u00e4hrend ihrer Zeit bei ACN ist Regina in fast 30 verschiedene L\u00e4nder gereist, um aus erster Hand zu erfahren, mit welchen Schwierigkeiten die Kirche konfrontiert ist, und um dann das gesehene Leid zu lindern. Dies wird jedoch das erste Mal sein, dass sie zusammen mit dem Papst an einer Reise teilnehmen wird.<\/p>\n<figure id=\"attachment_142750\" aria-describedby=\"caption-attachment-142750\" style=\"width: 670px\" class=\"wp-caption alignnone\"><img loading=\"lazy\" decoding=\"async\" class=\"wp-image-142750 size-full\" src=\"https:\/\/media.acninternational.org\/wp-content\/uploads\/2020\/09\/Regina-Lynch.jpg\" alt=\"Regina Lynch, Leiterin der Projektabteilung von ACN International.\" width=\"670\" height=\"400\" srcset=\"https:\/\/media.acninternational.org\/wp-content\/uploads\/2020\/09\/Regina-Lynch.jpg 670w, https:\/\/media.acninternational.org\/wp-content\/uploads\/2020\/09\/Regina-Lynch-300x179.jpg 300w\" sizes=\"auto, (max-width: 670px) 100vw, 670px\" \/><figcaption id=\"caption-attachment-142750\" class=\"wp-caption-text\">Regina Lynch, Leiterin der Projektabteilung von ACN International.<\/figcaption><\/figure>\n<p>Eine Reise, die sie als historisch betrachtet: &#8222;Die Reise des Heiligen Vaters in den Irak ist ein echtes Zeichen der Ermutigung, eine Botschaft der Hoffnung f\u00fcr die irakischen Christen, die in ihrem Glauben durch die Jahrhunderte hindurch gepr\u00fcft wurden. Und wissen Sie, wenn man eine Minderheit ist, kann man sich manchmal sehr allein f\u00fchlen. Man kann sich verlassen f\u00fchlen, und die Tatsache, dass Papst Franziskus jetzt in so einer schwierigen Zeit kommt, wird den irakischen Christen Hoffnung geben.&#8220;<\/p>\n<p>F\u00fcr Regina Lynch ist es eine gro\u00dfe Ehre, die Vertreterin von ROACO bei diesem historischen Besuch zu sein: &#8222;Wir sind sehr dankbar f\u00fcr die Existenz der ROACO&#8220;, erkl\u00e4rt sie. &#8222;Sie ist nicht nur eine Informationsquelle und F\u00f6rderin f\u00fcr Projekte der katholischen Ostkirchen, sondern sie bietet auch eine Plattform f\u00fcr den wichtigen Austausch zwischen solchen Organisationen wie ACN, die sich daf\u00fcr einsetzen, diese altehrw\u00fcrdigen Kirchen mit ihrem einzigartigen Erbe sowohl geistlich als auch finanziell zu unterst\u00fctzen. Und damit helfen wir der Kirche, mit beiden Lungenfl\u00fcgeln zu atmen \u2013 im Osten und im Westen.&#8220;<\/p>\n","protected":false},"excerpt":{"rendered":"<p>Regina Lynch, Leiterin der Projektabteilung von ACN International, wird die offizielle Delegierte der Organisation ROACO (eine p\u00e4pstliche Organisation zur Unterst\u00fctzung<\/p>\n","protected":false},"author":4258341447,"featured_media":148495,"comment_status":"closed","ping_status":"closed","sticky":false,"template":"","format":"standard","meta":{"_acf_changed":false,"_acn_coauthor_ids":[],"footnotes":""},"categories":[234],"tags":[],"country":[386,92],"class_list":["post-149119","post","type-post","status-publish","format-standard","has-post-thumbnail","hentry","category-unkategorisiert","country-irak","country-iraq"],"acn_coauthors":[],"acf":[],"yoast_head":"<!-- This site is optimized with the Yoast SEO Premium plugin v27.3 (Yoast SEO v27.3) - https:\/\/yoast.com\/product\/yoast-seo-premium-wordpress\/ -->\n<title>Die Direktorin der Projektabteilung von ACN wird als Vertreterin von ROACO mit dem p\u00e4pstlichen Flugzeug in den Irak reisen<\/title>\n<meta name=\"description\" content=\"Regina Lynch, Leiterin der Projektabteilung von ACN International, wird die offizielle Delegierte der Organisation ROACO (eine p\u00e4pstliche Organisation zur Unterst\u00fctzung der katholischen Ostkirchen) w\u00e4hrend des p\u00e4pstlichen Besuchs im Irak vom 5. bis 8. M\u00e4rz dieses Jahres sein.\" \/>\n<meta name=\"robots\" content=\"index, follow, max-snippet:-1, max-image-preview:large, max-video-preview:-1\" \/>\n<link rel=\"canonical\" href=\"https:\/\/acninternational.org\/de\/die-direktorin-der-projektabteilung-von-acn-wird-als-vertreterin-von-roaco-mit-dem-paepstlichen-flugzeug-in-den-irak-reisen\/\" \/>\n<meta property=\"og:locale\" content=\"de_DE\" \/>\n<meta property=\"og:type\" content=\"article\" \/>\n<meta property=\"og:title\" content=\"Die Direktorin der Projektabteilung von ACN wird als Vertreterin von ROACO mit dem p\u00e4pstlichen Flugzeug in den Irak reisen\" \/>\n<meta property=\"og:description\" content=\"Regina Lynch, Leiterin der Projektabteilung von ACN International, wird die offizielle Delegierte der Organisation ROACO (eine p\u00e4pstliche Organisation zur Unterst\u00fctzung der katholischen Ostkirchen) w\u00e4hrend des p\u00e4pstlichen Besuchs im Irak vom 5. bis 8. M\u00e4rz dieses Jahres sein.\" \/>\n<meta property=\"og:url\" content=\"https:\/\/acninternational.org\/de\/die-direktorin-der-projektabteilung-von-acn-wird-als-vertreterin-von-roaco-mit-dem-paepstlichen-flugzeug-in-den-irak-reisen\/\" \/>\n<meta property=\"og:site_name\" content=\"ACN International\" \/>\n<meta property=\"article:publisher\" content=\"https:\/\/www.facebook.com\/acninternationalorg\" \/>\n<meta property=\"article:published_time\" content=\"2021-03-04T11:01:35+00:00\" \/>\n<meta property=\"article:modified_time\" content=\"2021-03-04T11:08:30+00:00\" \/>\n<meta property=\"og:image\" content=\"https:\/\/media.acninternational.org\/wp-content\/uploads\/2021\/02\/Iraq_Qaraqosh.jpg\" \/>\n\t<meta property=\"og:image:width\" content=\"1400\" \/>\n\t<meta property=\"og:image:height\" content=\"438\" \/>\n\t<meta property=\"og:image:type\" content=\"image\/jpeg\" \/>\n<meta name=\"author\" content=\"ACN Press Team\" \/>\n<meta name=\"twitter:card\" content=\"summary_large_image\" \/>\n<meta name=\"twitter:creator\" content=\"@acn_int\" \/>\n<meta name=\"twitter:site\" content=\"@acn_int\" \/>\n<meta name=\"twitter:label1\" content=\"Verfasst von\" \/>\n\t<meta name=\"twitter:data1\" content=\"ACN Press Team\" \/>\n\t<meta name=\"twitter:label2\" content=\"Gesch\u00e4tzte Lesezeit\" \/>\n\t<meta name=\"twitter:data2\" content=\"2\u00a0Minuten\" \/>\n<script type=\"application\/ld+json\" class=\"yoast-schema-graph\">{\"@context\":\"https:\\\/\\\/schema.org\",\"@graph\":[{\"@type\":\"Article\",\"@id\":\"https:\\\/\\\/acninternational.org\\\/de\\\/die-direktorin-der-projektabteilung-von-acn-wird-als-vertreterin-von-roaco-mit-dem-paepstlichen-flugzeug-in-den-irak-reisen\\\/#article\",\"isPartOf\":{\"@id\":\"https:\\\/\\\/acninternational.org\\\/de\\\/die-direktorin-der-projektabteilung-von-acn-wird-als-vertreterin-von-roaco-mit-dem-paepstlichen-flugzeug-in-den-irak-reisen\\\/\"},\"author\":{\"name\":\"ACN Press Team\",\"@id\":\"https:\\\/\\\/acninternational.org\\\/de\\\/#\\\/schema\\\/person\\\/7f3dafb236b242fb2aa46be1411fd703\"},\"headline\":\"Die Direktorin der Projektabteilung von ACN wird als Vertreterin von ROACO mit dem p\u00e4pstlichen Flugzeug in den Irak reisen\",\"datePublished\":\"2021-03-04T11:01:35+00:00\",\"dateModified\":\"2021-03-04T11:08:30+00:00\",\"mainEntityOfPage\":{\"@id\":\"https:\\\/\\\/acninternational.org\\\/de\\\/die-direktorin-der-projektabteilung-von-acn-wird-als-vertreterin-von-roaco-mit-dem-paepstlichen-flugzeug-in-den-irak-reisen\\\/\"},\"wordCount\":449,\"publisher\":{\"@id\":\"https:\\\/\\\/acninternational.org\\\/de\\\/#organization\"},\"image\":{\"@id\":\"https:\\\/\\\/acninternational.org\\\/de\\\/die-direktorin-der-projektabteilung-von-acn-wird-als-vertreterin-von-roaco-mit-dem-paepstlichen-flugzeug-in-den-irak-reisen\\\/#primaryimage\"},\"thumbnailUrl\":\"https:\\\/\\\/media.acninternational.org\\\/wp-content\\\/uploads\\\/2021\\\/02\\\/Iraq_Qaraqosh.jpg\",\"articleSection\":[\"Unkategorisiert\"],\"inLanguage\":\"de\"},{\"@type\":\"WebPage\",\"@id\":\"https:\\\/\\\/acninternational.org\\\/de\\\/die-direktorin-der-projektabteilung-von-acn-wird-als-vertreterin-von-roaco-mit-dem-paepstlichen-flugzeug-in-den-irak-reisen\\\/\",\"url\":\"https:\\\/\\\/acninternational.org\\\/de\\\/die-direktorin-der-projektabteilung-von-acn-wird-als-vertreterin-von-roaco-mit-dem-paepstlichen-flugzeug-in-den-irak-reisen\\\/\",\"name\":\"Die Direktorin der Projektabteilung von ACN wird als Vertreterin von ROACO mit dem p\u00e4pstlichen Flugzeug in den Irak reisen\",\"isPartOf\":{\"@id\":\"https:\\\/\\\/acninternational.org\\\/de\\\/#website\"},\"primaryImageOfPage\":{\"@id\":\"https:\\\/\\\/acninternational.org\\\/de\\\/die-direktorin-der-projektabteilung-von-acn-wird-als-vertreterin-von-roaco-mit-dem-paepstlichen-flugzeug-in-den-irak-reisen\\\/#primaryimage\"},\"image\":{\"@id\":\"https:\\\/\\\/acninternational.org\\\/de\\\/die-direktorin-der-projektabteilung-von-acn-wird-als-vertreterin-von-roaco-mit-dem-paepstlichen-flugzeug-in-den-irak-reisen\\\/#primaryimage\"},\"thumbnailUrl\":\"https:\\\/\\\/media.acninternational.org\\\/wp-content\\\/uploads\\\/2021\\\/02\\\/Iraq_Qaraqosh.jpg\",\"datePublished\":\"2021-03-04T11:01:35+00:00\",\"dateModified\":\"2021-03-04T11:08:30+00:00\",\"description\":\"Regina Lynch, Leiterin der Projektabteilung von ACN International, wird die offizielle Delegierte der Organisation ROACO (eine p\u00e4pstliche Organisation zur Unterst\u00fctzung der katholischen Ostkirchen) w\u00e4hrend des p\u00e4pstlichen Besuchs im Irak vom 5. bis 8. M\u00e4rz dieses Jahres sein.\",\"breadcrumb\":{\"@id\":\"https:\\\/\\\/acninternational.org\\\/de\\\/die-direktorin-der-projektabteilung-von-acn-wird-als-vertreterin-von-roaco-mit-dem-paepstlichen-flugzeug-in-den-irak-reisen\\\/#breadcrumb\"},\"inLanguage\":\"de\",\"potentialAction\":[{\"@type\":\"ReadAction\",\"target\":[\"https:\\\/\\\/acninternational.org\\\/de\\\/die-direktorin-der-projektabteilung-von-acn-wird-als-vertreterin-von-roaco-mit-dem-paepstlichen-flugzeug-in-den-irak-reisen\\\/\"]}]},{\"@type\":\"ImageObject\",\"inLanguage\":\"de\",\"@id\":\"https:\\\/\\\/acninternational.org\\\/de\\\/die-direktorin-der-projektabteilung-von-acn-wird-als-vertreterin-von-roaco-mit-dem-paepstlichen-flugzeug-in-den-irak-reisen\\\/#primaryimage\",\"url\":\"https:\\\/\\\/media.acninternational.org\\\/wp-content\\\/uploads\\\/2021\\\/02\\\/Iraq_Qaraqosh.jpg\",\"contentUrl\":\"https:\\\/\\\/media.acninternational.org\\\/wp-content\\\/uploads\\\/2021\\\/02\\\/Iraq_Qaraqosh.jpg\",\"width\":1400,\"height\":438},{\"@type\":\"BreadcrumbList\",\"@id\":\"https:\\\/\\\/acninternational.org\\\/de\\\/die-direktorin-der-projektabteilung-von-acn-wird-als-vertreterin-von-roaco-mit-dem-paepstlichen-flugzeug-in-den-irak-reisen\\\/#breadcrumb\",\"itemListElement\":[{\"@type\":\"ListItem\",\"position\":1,\"name\":\"Home\",\"item\":\"https:\\\/\\\/acninternational.org\\\/de\\\/\"},{\"@type\":\"ListItem\",\"position\":2,\"name\":\"Nachricht\",\"item\":\"https:\\\/\\\/acninternational.org\\\/de\\\/category\\\/news-de\\\/\"},{\"@type\":\"ListItem\",\"position\":3,\"name\":\"Die Direktorin der Projektabteilung von ACN wird als Vertreterin von ROACO mit dem p\u00e4pstlichen Flugzeug in den Irak reisen\"}]},{\"@type\":\"WebSite\",\"@id\":\"https:\\\/\\\/acninternational.org\\\/de\\\/#website\",\"url\":\"https:\\\/\\\/acninternational.org\\\/de\\\/\",\"name\":\"ACN International\",\"description\":\"\",\"publisher\":{\"@id\":\"https:\\\/\\\/acninternational.org\\\/de\\\/#organization\"},\"potentialAction\":[{\"@type\":\"SearchAction\",\"target\":{\"@type\":\"EntryPoint\",\"urlTemplate\":\"https:\\\/\\\/acninternational.org\\\/de\\\/?s={search_term_string}\"},\"query-input\":{\"@type\":\"PropertyValueSpecification\",\"valueRequired\":true,\"valueName\":\"search_term_string\"}}],\"inLanguage\":\"de\"},{\"@type\":\"Organization\",\"@id\":\"https:\\\/\\\/acninternational.org\\\/de\\\/#organization\",\"name\":\"Aid to the Church in Need International\",\"url\":\"https:\\\/\\\/acninternational.org\\\/de\\\/\",\"logo\":{\"@type\":\"ImageObject\",\"inLanguage\":\"de\",\"@id\":\"https:\\\/\\\/acninternational.org\\\/de\\\/#\\\/schema\\\/logo\\\/image\\\/\",\"url\":\"https:\\\/\\\/media.acninternational.org\\\/wp-content\\\/uploads\\\/2019\\\/11\\\/acn_logo_blackvector.svg\",\"contentUrl\":\"https:\\\/\\\/media.acninternational.org\\\/wp-content\\\/uploads\\\/2019\\\/11\\\/acn_logo_blackvector.svg\",\"width\":232.6,\"height\":78,\"caption\":\"Aid to the Church in Need International\"},\"image\":{\"@id\":\"https:\\\/\\\/acninternational.org\\\/de\\\/#\\\/schema\\\/logo\\\/image\\\/\"},\"sameAs\":[\"https:\\\/\\\/www.facebook.com\\\/acninternationalorg\",\"https:\\\/\\\/x.com\\\/acn_int\",\"https:\\\/\\\/www.youtube.com\\\/channel\\\/UCQ-077gS0TnVzkhHmf1opZw\",\"https:\\\/\\\/www.instagram.com\\\/acn_international\\\/\"]},{\"@type\":\"Person\",\"@id\":\"https:\\\/\\\/acninternational.org\\\/de\\\/#\\\/schema\\\/person\\\/7f3dafb236b242fb2aa46be1411fd703\",\"name\":\"ACN Press Team\",\"description\":\"Lorem ipsum dolor sit amet, consectetur adipiscing elit, sed do eiusmod tempor incididunt ut labore et dolore magna aliqua. Ut enim ad minim veniam, quis nostrud exercitation ullamco laboris nisi ut aliquip ex ea commodo consequat.\",\"url\":\"https:\\\/\\\/acninternational.org\\\/de\\\/author\\\/acn-press-team\\\/\"}]}<\/script>\n<!-- \/ Yoast SEO Premium plugin. -->","yoast_head_json":{"title":"Die Direktorin der Projektabteilung von ACN wird als Vertreterin von ROACO mit dem p\u00e4pstlichen Flugzeug in den Irak reisen","description":"Regina Lynch, Leiterin der Projektabteilung von ACN International, wird die offizielle Delegierte der Organisation ROACO (eine p\u00e4pstliche Organisation zur Unterst\u00fctzung der katholischen Ostkirchen) w\u00e4hrend des p\u00e4pstlichen Besuchs im Irak vom 5. bis 8. M\u00e4rz dieses Jahres sein.","robots":{"index":"index","follow":"follow","max-snippet":"max-snippet:-1","max-image-preview":"max-image-preview:large","max-video-preview":"max-video-preview:-1"},"canonical":"https:\/\/acninternational.org\/de\/die-direktorin-der-projektabteilung-von-acn-wird-als-vertreterin-von-roaco-mit-dem-paepstlichen-flugzeug-in-den-irak-reisen\/","og_locale":"de_DE","og_type":"article","og_title":"Die Direktorin der Projektabteilung von ACN wird als Vertreterin von ROACO mit dem p\u00e4pstlichen Flugzeug in den Irak reisen","og_description":"Regina Lynch, Leiterin der Projektabteilung von ACN International, wird die offizielle Delegierte der Organisation ROACO (eine p\u00e4pstliche Organisation zur Unterst\u00fctzung der katholischen Ostkirchen) w\u00e4hrend des p\u00e4pstlichen Besuchs im Irak vom 5. bis 8. M\u00e4rz dieses Jahres sein.","og_url":"https:\/\/acninternational.org\/de\/die-direktorin-der-projektabteilung-von-acn-wird-als-vertreterin-von-roaco-mit-dem-paepstlichen-flugzeug-in-den-irak-reisen\/","og_site_name":"ACN International","article_publisher":"https:\/\/www.facebook.com\/acninternationalorg","article_published_time":"2021-03-04T11:01:35+00:00","article_modified_time":"2021-03-04T11:08:30+00:00","og_image":[{"width":1400,"height":438,"url":"https:\/\/media.acninternational.org\/wp-content\/uploads\/2021\/02\/Iraq_Qaraqosh.jpg","type":"image\/jpeg"}],"author":"ACN Press Team","twitter_card":"summary_large_image","twitter_creator":"@acn_int","twitter_site":"@acn_int","twitter_misc":{"Verfasst von":"ACN Press Team","Gesch\u00e4tzte Lesezeit":"2\u00a0Minuten"},"schema":{"@context":"https:\/\/schema.org","@graph":[{"@type":"Article","@id":"https:\/\/acninternational.org\/de\/die-direktorin-der-projektabteilung-von-acn-wird-als-vertreterin-von-roaco-mit-dem-paepstlichen-flugzeug-in-den-irak-reisen\/#article","isPartOf":{"@id":"https:\/\/acninternational.org\/de\/die-direktorin-der-projektabteilung-von-acn-wird-als-vertreterin-von-roaco-mit-dem-paepstlichen-flugzeug-in-den-irak-reisen\/"},"author":{"name":"ACN Press Team","@id":"https:\/\/acninternational.org\/de\/#\/schema\/person\/7f3dafb236b242fb2aa46be1411fd703"},"headline":"Die Direktorin der Projektabteilung von ACN wird als Vertreterin von ROACO mit dem p\u00e4pstlichen Flugzeug in den Irak reisen","datePublished":"2021-03-04T11:01:35+00:00","dateModified":"2021-03-04T11:08:30+00:00","mainEntityOfPage":{"@id":"https:\/\/acninternational.org\/de\/die-direktorin-der-projektabteilung-von-acn-wird-als-vertreterin-von-roaco-mit-dem-paepstlichen-flugzeug-in-den-irak-reisen\/"},"wordCount":449,"publisher":{"@id":"https:\/\/acninternational.org\/de\/#organization"},"image":{"@id":"https:\/\/acninternational.org\/de\/die-direktorin-der-projektabteilung-von-acn-wird-als-vertreterin-von-roaco-mit-dem-paepstlichen-flugzeug-in-den-irak-reisen\/#primaryimage"},"thumbnailUrl":"https:\/\/media.acninternational.org\/wp-content\/uploads\/2021\/02\/Iraq_Qaraqosh.jpg","articleSection":["Unkategorisiert"],"inLanguage":"de"},{"@type":"WebPage","@id":"https:\/\/acninternational.org\/de\/die-direktorin-der-projektabteilung-von-acn-wird-als-vertreterin-von-roaco-mit-dem-paepstlichen-flugzeug-in-den-irak-reisen\/","url":"https:\/\/acninternational.org\/de\/die-direktorin-der-projektabteilung-von-acn-wird-als-vertreterin-von-roaco-mit-dem-paepstlichen-flugzeug-in-den-irak-reisen\/","name":"Die Direktorin der Projektabteilung von ACN wird als Vertreterin von ROACO mit dem p\u00e4pstlichen Flugzeug in den Irak reisen","isPartOf":{"@id":"https:\/\/acninternational.org\/de\/#website"},"primaryImageOfPage":{"@id":"https:\/\/acninternational.org\/de\/die-direktorin-der-projektabteilung-von-acn-wird-als-vertreterin-von-roaco-mit-dem-paepstlichen-flugzeug-in-den-irak-reisen\/#primaryimage"},"image":{"@id":"https:\/\/acninternational.org\/de\/die-direktorin-der-projektabteilung-von-acn-wird-als-vertreterin-von-roaco-mit-dem-paepstlichen-flugzeug-in-den-irak-reisen\/#primaryimage"},"thumbnailUrl":"https:\/\/media.acninternational.org\/wp-content\/uploads\/2021\/02\/Iraq_Qaraqosh.jpg","datePublished":"2021-03-04T11:01:35+00:00","dateModified":"2021-03-04T11:08:30+00:00","description":"Regina Lynch, Leiterin der Projektabteilung von ACN International, wird die offizielle Delegierte der Organisation ROACO (eine p\u00e4pstliche Organisation zur Unterst\u00fctzung der katholischen Ostkirchen) w\u00e4hrend des p\u00e4pstlichen Besuchs im Irak vom 5. bis 8. M\u00e4rz dieses Jahres sein.","breadcrumb":{"@id":"https:\/\/acninternational.org\/de\/die-direktorin-der-projektabteilung-von-acn-wird-als-vertreterin-von-roaco-mit-dem-paepstlichen-flugzeug-in-den-irak-reisen\/#breadcrumb"},"inLanguage":"de","potentialAction":[{"@type":"ReadAction","target":["https:\/\/acninternational.org\/de\/die-direktorin-der-projektabteilung-von-acn-wird-als-vertreterin-von-roaco-mit-dem-paepstlichen-flugzeug-in-den-irak-reisen\/"]}]},{"@type":"ImageObject","inLanguage":"de","@id":"https:\/\/acninternational.org\/de\/die-direktorin-der-projektabteilung-von-acn-wird-als-vertreterin-von-roaco-mit-dem-paepstlichen-flugzeug-in-den-irak-reisen\/#primaryimage","url":"https:\/\/media.acninternational.org\/wp-content\/uploads\/2021\/02\/Iraq_Qaraqosh.jpg","contentUrl":"https:\/\/media.acninternational.org\/wp-content\/uploads\/2021\/02\/Iraq_Qaraqosh.jpg","width":1400,"height":438},{"@type":"BreadcrumbList","@id":"https:\/\/acninternational.org\/de\/die-direktorin-der-projektabteilung-von-acn-wird-als-vertreterin-von-roaco-mit-dem-paepstlichen-flugzeug-in-den-irak-reisen\/#breadcrumb","itemListElement":[{"@type":"ListItem","position":1,"name":"Home","item":"https:\/\/acninternational.org\/de\/"},{"@type":"ListItem","position":2,"name":"Nachricht","item":"https:\/\/acninternational.org\/de\/category\/news-de\/"},{"@type":"ListItem","position":3,"name":"Die Direktorin der Projektabteilung von ACN wird als Vertreterin von ROACO mit dem p\u00e4pstlichen Flugzeug in den Irak reisen"}]},{"@type":"WebSite","@id":"https:\/\/acninternational.org\/de\/#website","url":"https:\/\/acninternational.org\/de\/","name":"ACN International","description":"","publisher":{"@id":"https:\/\/acninternational.org\/de\/#organization"},"potentialAction":[{"@type":"SearchAction","target":{"@type":"EntryPoint","urlTemplate":"https:\/\/acninternational.org\/de\/?s={search_term_string}"},"query-input":{"@type":"PropertyValueSpecification","valueRequired":true,"valueName":"search_term_string"}}],"inLanguage":"de"},{"@type":"Organization","@id":"https:\/\/acninternational.org\/de\/#organization","name":"Aid to the Church in Need International","url":"https:\/\/acninternational.org\/de\/","logo":{"@type":"ImageObject","inLanguage":"de","@id":"https:\/\/acninternational.org\/de\/#\/schema\/logo\/image\/","url":"https:\/\/media.acninternational.org\/wp-content\/uploads\/2019\/11\/acn_logo_blackvector.svg","contentUrl":"https:\/\/media.acninternational.org\/wp-content\/uploads\/2019\/11\/acn_logo_blackvector.svg","width":232.6,"height":78,"caption":"Aid to the Church in Need International"},"image":{"@id":"https:\/\/acninternational.org\/de\/#\/schema\/logo\/image\/"},"sameAs":["https:\/\/www.facebook.com\/acninternationalorg","https:\/\/x.com\/acn_int","https:\/\/www.youtube.com\/channel\/UCQ-077gS0TnVzkhHmf1opZw","https:\/\/www.instagram.com\/acn_international\/"]},{"@type":"Person","@id":"https:\/\/acninternational.org\/de\/#\/schema\/person\/7f3dafb236b242fb2aa46be1411fd703","name":"ACN Press Team","description":"Lorem ipsum dolor sit amet, consectetur adipiscing elit, sed do eiusmod tempor incididunt ut labore et dolore magna aliqua. Ut enim ad minim veniam, quis nostrud exercitation ullamco laboris nisi ut aliquip ex ea commodo consequat.","url":"https:\/\/acninternational.org\/de\/author\/acn-press-team\/"}]}},"_links":{"self":[{"href":"https:\/\/acninternational.org\/de\/wp-json\/wp\/v2\/posts\/149119","targetHints":{"allow":["GET"]}}],"collection":[{"href":"https:\/\/acninternational.org\/de\/wp-json\/wp\/v2\/posts"}],"about":[{"href":"https:\/\/acninternational.org\/de\/wp-json\/wp\/v2\/types\/post"}],"author":[{"embeddable":true,"href":"https:\/\/acninternational.org\/de\/wp-json\/wp\/v2\/users\/4258341447"}],"replies":[{"embeddable":true,"href":"https:\/\/acninternational.org\/de\/wp-json\/wp\/v2\/comments?post=149119"}],"version-history":[{"count":0,"href":"https:\/\/acninternational.org\/de\/wp-json\/wp\/v2\/posts\/149119\/revisions"}],"wp:featuredmedia":[{"embeddable":true,"href":"https:\/\/acninternational.org\/de\/wp-json\/wp\/v2\/media\/148495"}],"wp:attachment":[{"href":"https:\/\/acninternational.org\/de\/wp-json\/wp\/v2\/media?parent=149119"}],"wp:term":[{"taxonomy":"category","embeddable":true,"href":"https:\/\/acninternational.org\/de\/wp-json\/wp\/v2\/categories?post=149119"},{"taxonomy":"post_tag","embeddable":true,"href":"https:\/\/acninternational.org\/de\/wp-json\/wp\/v2\/tags?post=149119"},{"taxonomy":"country","embeddable":true,"href":"https:\/\/acninternational.org\/de\/wp-json\/wp\/v2\/country?post=149119"}],"curies":[{"name":"wp","href":"https:\/\/api.w.org\/{rel}","templated":true}]}}