{"id":148629,"date":"2021-02-24T10:52:39","date_gmt":"2021-02-24T09:52:39","guid":{"rendered":"https:\/\/acninternational.org\/?p=148629"},"modified":"2021-02-24T11:19:47","modified_gmt":"2021-02-24T10:19:47","slug":"burkina-faso-die-glaeubigen-fliehen-vor-dem-terrorismus-dem-sie-sich-nicht-widersetzen-koennen-ihren-glauben-bewahren-sie-jedoch","status":"publish","type":"post","link":"https:\/\/acninternational.org\/de\/burkina-faso-die-glaeubigen-fliehen-vor-dem-terrorismus-dem-sie-sich-nicht-widersetzen-koennen-ihren-glauben-bewahren-sie-jedoch\/","title":{"rendered":"Burkina Faso: \u201eDie Gl\u00e4ubigen fliehen vor dem Terrorismus, dem sie sich nicht widersetzen k\u00f6nnen. Ihren Glauben bewahren sie jedoch.\u201c"},"content":{"rendered":"<p><em>Die Lage in der Sahelzone ist besorgniserregend. In einem von Maria Lozano vom Hilfswerk ACN <\/em><em>gef\u00fchrten Interview <\/em><em>mit Bischof Laurent B. DABIRE von Dori, im Norden Burkina <\/em><em>Fasos gelegen,<\/em><em> versichert der Bischof, dass es zwar Verbesserungen in der Sicherheitslage gibt, der Terrorismus sei jedoch weit davon entfernt, unter Kontrolle gebracht, geschweige denn besiegt zu <\/em><em>sein<\/em><em>. Er habe weiterhin einen starken Einfluss auf das Leben der Menschen und der Kirche. Eine Situation, die durch die Pandemie <\/em><em>noch <\/em><em>erschwert werde, die sich als hartn\u00e4ckig und <\/em><em>wechselhaft<\/em><em> erweise. \u201eWir sind zwischen zwei Fronten gefangen\u201c, erkl\u00e4rt Bischof Dabire. Trotzdem blieben die Gl\u00e4ubigen ihrem Glauben treu und besuchten die Messe in gro\u00dfer Zahl. \u201eDie Hoffnung<\/em><em> aber l\u00e4sst nicht zugrunde gehen\u201c <\/em><em>(R\u00f6m 5,5), <\/em><em>ruft<\/em><em> der Bischof von Dori<\/em><em> in Erinnerung<\/em><em>. <\/em><\/p>\n<p><strong>Wie ist die allgemeine Lage im Land?<\/strong><\/p>\n<p>Die Gesamtsituation im Land ist d\u00fcster, weil die Sicherheitskrise und die Corona-Pandemie die Bev\u00f6lkerung schwer getroffen haben. Wir sind zwischen zwei Fronten gefangen. Gl\u00fccklicherweise ist die Corona-Inzidenz in Afrika noch gering, aber die Zunahme der F\u00e4lle ist besorgniserregend. Eine direkte Folge dieser beiden Miseren ist die humanit\u00e4re Krise, sowohl f\u00fcr die Vertriebenen als auch f\u00fcr die aufnehmende Bev\u00f6lkerung. Trotz der Widerstandsf\u00e4higkeit der Bev\u00f6lkerung ist die Situation f\u00fcr die armen Menschen sehr hart, die von Tag zu Tag leben und ihre Lebensgrundlage verloren haben.<\/p>\n<figure id=\"attachment_148599\" aria-describedby=\"caption-attachment-148599\" style=\"width: 670px\" class=\"wp-caption alignnone\"><img loading=\"lazy\" decoding=\"async\" class=\"wp-image-148599 size-full\" src=\"https:\/\/media.acninternational.org\/wp-content\/uploads\/2021\/02\/Bishop-Laurent-B.-Dabire.jpg\" alt=\"Bischof Laurent B. DABIRE von Dori, im Norden Burkina Fasos.\" width=\"670\" height=\"400\" srcset=\"https:\/\/media.acninternational.org\/wp-content\/uploads\/2021\/02\/Bishop-Laurent-B.-Dabire.jpg 670w, https:\/\/media.acninternational.org\/wp-content\/uploads\/2021\/02\/Bishop-Laurent-B.-Dabire-300x179.jpg 300w\" sizes=\"auto, (max-width: 670px) 100vw, 670px\" \/><figcaption id=\"caption-attachment-148599\" class=\"wp-caption-text\">Bischof Laurent B. DABIRE von Dori, im Norden Burkina Fasos.<\/figcaption><\/figure>\n<p><strong>Wie ist die Lage im Bistum Dori? Ist wieder Ruhe eingekehrt? Gibt es immer noch gewaltsame \u00dcbergriffe?<\/strong><\/p>\n<p>Nach einigen Monaten Waffenruhe (April-September 2020) hat das Gebiet der Di\u00f6zese, das den in Burkina Faso gelegenen Teil der Sahelzone umfasst, seit dem 10. September 2020 bis zum heutigen Tag mindestens zehn Terroranschl\u00e4ge erlebt. Die Bev\u00f6lkerung flieht entweder aus eigenem Antrieb vor Angriffen oder folgt der unter Androhung von Massakern erteilten Aufforderung, das Gebiet zu verlassen. Die Angriffe haben jedoch abgenommen und f\u00fchren zu weniger Todesf\u00e4llen. Man kann sagen, dass sich das Sicherheitsklima verbessert hat, obwohl es immer noch unm\u00f6glich ist, sich in bestimmten Gebieten aufzuhalten, die aufgrund der Anwesenheit oder der Aktivit\u00e4t von Terrorgruppen gef\u00e4hrlich bleiben.<\/p>\n<p><strong>Kann die Kirche, k\u00f6nnen Priester, Katecheten und Ordensschwestern in der Di\u00f6zese arbeiten? <\/strong><\/p>\n<p><strong>\u00a0<\/strong>Die Pfarrgebiete Aribinda und Gorgadji sind vollst\u00e4ndig geschlossen, dort findet zurzeit keine pastorale Arbeit statt. Die Pfarrzentren in diesen beiden Pfarreien wurden von den Christen ger\u00e4umt, und die D\u00f6rfer, die zu diesen Pfarreien geh\u00f6ren und in denen noch einige Christen leben, sind wegen der gef\u00e4hrlichen Stra\u00dfen unzug\u00e4nglich. Die Gemeinde von Djibo funktioniert dank der Anwesenheit eines Katecheten weiter, aber auf ein Minimum reduziert. In den weiteren, offen gebliebenen Pfarreien \u2013 Dori, Sebba und Gorom-Gorom \u2013 beschr\u00e4nkt sich die Seelsorge auf das Pfarrzentrum. Dort werden alle T\u00e4tigkeiten regelm\u00e4\u00dfig, teilweise mit wechselndem Zeitplan und unter Beachtung der Pr\u00e4ventionsma\u00dfnahmen gegen das Coronavirus durchgef\u00fchrt.<\/p>\n<p><strong>F\u00fcnf Jahre voller Unsicherheit: Wie haben sich die Gemeinden an diese Situation angepasst?<\/strong><\/p>\n<p>Die Di\u00f6zese Dori arbeitet weiter. Sie sichert die katholische Pr\u00e4senz in der Sahelzone, wenn auch auf kleinem Raum und unter Schwierigkeiten. Die Priester organisieren t\u00e4glich Messen, Katechese, Sakramentenspendung und pastorale Treffen. Mit Ausnahme von zwei Gemeinden, die geschlossen wurden, leiten die Ordensschwestern die Arbeit der Di\u00f6zese: die Grundschule in Dori, die M\u00e4dchenschule in Dori, das Aufnahmezentrum der Missionare vom Guten Hirten in Dori und das Zentrum \u201eLas Dunas\u201c in Gorom-Gorom, das ein Waisenhaus, eine Entbindungsklinik, eine Apotheke, ein pharmazeutisches Lager und mehrere Unterk\u00fcnfte umfasst. Dar\u00fcber hinaus beteiligen sich die Schwestern an den Aktivit\u00e4ten der Pfarrei in den Bereichen Katechese, Liturgie, Begleitung der Mouvements d\u2019Action Catholique (MAC) sowie der Groupes et Associations Spirituels (GAS). Die Katecheten sind \u00fcber die Hauptst\u00e4dte der aktiven Pfarreien verteilt, wo sie Katechese in den lokalen Sprachen, Liturgie und vor allem die Belebung der Communaut\u00e9s Chr\u00e9tiennes de Base (CCB) betreiben, zu denen sie geh\u00f6ren. Durch die Teilnahme an nationalen Treffen unterh\u00e4lt das Bistum auch Kontakt zu den anderen Di\u00f6zesen des Landes.<\/p>\n<p><strong>Wie ist die Stimmung der Katholiken in dieser so schwierigen Lage? <\/strong><\/p>\n<p>Unsere Gl\u00e4ubigen zeichnen sich durch Beharrlichkeit und Widerstandskraft aus. F\u00fcr sie gilt: Den Glauben leben, was es auch kostet. Seit 2015 haben wir nie erlebt, dass jemand seinen Glauben aufgegeben oder verleugnet h\u00e4tte oder abtr\u00fcnnig geworden w\u00e4re. Die Gl\u00e4ubigen fliehen vor dem Terrorismus, dem sie sich nicht widersetzen k\u00f6nnen. Ihren Glauben bewahren sie jedoch. Selbst wenn Terroristen Menschen bedroht haben, damit sie konvertieren, ist ihnen das nicht gelungen. Die Menschen haben sich und ihren Glauben in Sicherheit gebracht. In Gorom-Gorom und Sebba kommen einigen Gl\u00e4ubigen aus Angst vor Angriffen nicht mehr zu den sonnt\u00e4glichen Versammlungen. Das Engagement leidet ebenfalls bei anderen Gemeindeaktivit\u00e4ten. Die Seelsorger m\u00fcssen Strategien finden, um diese geschw\u00e4chten Gl\u00e4ubigen zu ermutigen und zu unterst\u00fctzen. Die Hoffnung aber l\u00e4sst nicht zugrunde gehen (R\u00f6m 5,5).<\/p>\n<p><strong>Wie konnten Sie in diesem Zusammenhang Weihnachten und Epiphanias feiern?\u00a0 <\/strong><\/p>\n<p>In den drei voll arbeitsf\u00e4higen Pfarreien und sogar in Djibo wurden die Weihnachtsmessen mit Freude und gro\u00dfer Beteiligung der Gl\u00e4ubigen gefeiert. Am Sonntag der Taufe des Herrn \u2013 denn Epiphanias fand dieses Jahr zu fr\u00fch statt \u2013 wurde in allen Pfarreien die Kinder-Weihnacht mit der gewohnt gro\u00dfen Beteiligung muslimischer Kinder gefeiert. In Djibo, wo sie wegen der besonderen Bedingungen in dieser Gemeinde abgesagt worden war, haben die muslimischen Kinder nach ihr verlangt, und ich sah mich gezwungen, sie doch noch zu feien. Das war am Sonntag, den 24. Januar, und es war ein gro\u00dfartiges Erlebnis. Es leben die Kinder!<\/p>\n<p><strong>Zur Bischofskonferenz, der Sie seit 2019 vorstehen, geh\u00f6rt auch das Nachbarland Niger. Welche Nachrichten erreichen Sie von dort?<\/strong><\/p>\n<p>Ich bekomme nur sehr wenige Nachrichten aus Niger. Ich wei\u00df nur, dass es auch dort immer wieder Angriffe gab, oft mit sehr vielen Toten. Die Unsicherheit in Verbindung mit der Pandemie hat auch dort zu einer Verlangsamung der pastoralen Aktivit\u00e4ten gef\u00fchrt. Daher k\u00f6nnen die beiden Bisch\u00f6fe von Niger seit Februar 2020 nicht mehr an den Bischofsversammlungen teilnehmen.<\/p>\n","protected":false},"excerpt":{"rendered":"<p>Die Lage in der Sahelzone ist besorgniserregend. In einem von Maria Lozano vom Hilfswerk ACN gef\u00fchrten Interview mit Bischof Laurent<\/p>\n","protected":false},"author":4258341447,"featured_media":148619,"comment_status":"closed","ping_status":"closed","sticky":false,"template":"","format":"standard","meta":{"_acf_changed":false,"_acn_coauthor_ids":[],"footnotes":""},"categories":[746,234],"tags":[],"country":[378],"class_list":["post-148629","post","type-post","status-publish","format-standard","has-post-thumbnail","hentry","category-noticias","category-unkategorisiert","country-burkina-faso-es"],"acn_coauthors":[],"acf":[],"yoast_head":"<!-- This site is optimized with the Yoast SEO Premium plugin v27.3 (Yoast SEO v27.3) - https:\/\/yoast.com\/product\/yoast-seo-premium-wordpress\/ -->\n<title>Burkina Faso: \u201eDie Gl\u00e4ubigen fliehen vor dem Terrorismus, dem sie sich nicht widersetzen k\u00f6nnen. Ihren Glauben bewahren sie jedoch.\u201c<\/title>\n<meta name=\"description\" content=\"\u00a0Die Lage in der Sahelzone ist besorgniserregend. In einem von Maria Lozano vom Hilfswerk ACN gef\u00fchrten Interview mit Bischof Laurent B. DABIRE von Dori, im Norden Burkina Fasos gelegen, versichert der Bischof, dass es zwar Verbesserungen in der Sicherheitslage gibt, der Terrorismus sei jedoch weit davon entfernt, unter Kontrolle gebracht, geschweige denn besiegt zu sein.\" \/>\n<meta name=\"robots\" content=\"index, follow, max-snippet:-1, max-image-preview:large, max-video-preview:-1\" \/>\n<link rel=\"canonical\" href=\"https:\/\/acninternational.org\/de\/burkina-faso-die-glaeubigen-fliehen-vor-dem-terrorismus-dem-sie-sich-nicht-widersetzen-koennen-ihren-glauben-bewahren-sie-jedoch\/\" \/>\n<meta property=\"og:locale\" content=\"de_DE\" \/>\n<meta property=\"og:type\" content=\"article\" \/>\n<meta property=\"og:title\" content=\"Burkina Faso: \u201eDie Gl\u00e4ubigen fliehen vor dem Terrorismus, dem sie sich nicht widersetzen k\u00f6nnen. Ihren Glauben bewahren sie jedoch.\u201c\" \/>\n<meta property=\"og:description\" content=\"\u00a0Die Lage in der Sahelzone ist besorgniserregend. In einem von Maria Lozano vom Hilfswerk ACN gef\u00fchrten Interview mit Bischof Laurent B. DABIRE von Dori, im Norden Burkina Fasos gelegen, versichert der Bischof, dass es zwar Verbesserungen in der Sicherheitslage gibt, der Terrorismus sei jedoch weit davon entfernt, unter Kontrolle gebracht, geschweige denn besiegt zu sein.\" \/>\n<meta property=\"og:url\" content=\"https:\/\/acninternational.org\/de\/burkina-faso-die-glaeubigen-fliehen-vor-dem-terrorismus-dem-sie-sich-nicht-widersetzen-koennen-ihren-glauben-bewahren-sie-jedoch\/\" \/>\n<meta property=\"og:site_name\" content=\"ACN International\" \/>\n<meta property=\"article:publisher\" content=\"https:\/\/www.facebook.com\/acninternationalorg\" \/>\n<meta property=\"article:published_time\" content=\"2021-02-24T09:52:39+00:00\" \/>\n<meta property=\"article:modified_time\" content=\"2021-02-24T10:19:47+00:00\" \/>\n<meta property=\"og:image\" content=\"https:\/\/media.acninternational.org\/wp-content\/uploads\/2021\/02\/Burkina-Faso2.jpg\" \/>\n\t<meta property=\"og:image:width\" content=\"1400\" \/>\n\t<meta property=\"og:image:height\" content=\"438\" \/>\n\t<meta property=\"og:image:type\" content=\"image\/jpeg\" \/>\n<meta name=\"author\" content=\"ACN Press Team\" \/>\n<meta name=\"twitter:card\" content=\"summary_large_image\" \/>\n<meta name=\"twitter:creator\" content=\"@acn_int\" \/>\n<meta name=\"twitter:site\" content=\"@acn_int\" \/>\n<meta name=\"twitter:label1\" content=\"Verfasst von\" \/>\n\t<meta name=\"twitter:data1\" content=\"ACN Press Team\" \/>\n\t<meta name=\"twitter:label2\" content=\"Gesch\u00e4tzte Lesezeit\" \/>\n\t<meta name=\"twitter:data2\" content=\"5\u00a0Minuten\" \/>\n<script type=\"application\/ld+json\" class=\"yoast-schema-graph\">{\"@context\":\"https:\\\/\\\/schema.org\",\"@graph\":[{\"@type\":\"Article\",\"@id\":\"https:\\\/\\\/acninternational.org\\\/de\\\/burkina-faso-die-glaeubigen-fliehen-vor-dem-terrorismus-dem-sie-sich-nicht-widersetzen-koennen-ihren-glauben-bewahren-sie-jedoch\\\/#article\",\"isPartOf\":{\"@id\":\"https:\\\/\\\/acninternational.org\\\/de\\\/burkina-faso-die-glaeubigen-fliehen-vor-dem-terrorismus-dem-sie-sich-nicht-widersetzen-koennen-ihren-glauben-bewahren-sie-jedoch\\\/\"},\"author\":{\"name\":\"ACN Press Team\",\"@id\":\"https:\\\/\\\/acninternational.org\\\/de\\\/#\\\/schema\\\/person\\\/7f3dafb236b242fb2aa46be1411fd703\"},\"headline\":\"Burkina Faso: \u201eDie Gl\u00e4ubigen fliehen vor dem Terrorismus, dem sie sich nicht widersetzen k\u00f6nnen. Ihren Glauben bewahren sie jedoch.\u201c\",\"datePublished\":\"2021-02-24T09:52:39+00:00\",\"dateModified\":\"2021-02-24T10:19:47+00:00\",\"mainEntityOfPage\":{\"@id\":\"https:\\\/\\\/acninternational.org\\\/de\\\/burkina-faso-die-glaeubigen-fliehen-vor-dem-terrorismus-dem-sie-sich-nicht-widersetzen-koennen-ihren-glauben-bewahren-sie-jedoch\\\/\"},\"wordCount\":1046,\"publisher\":{\"@id\":\"https:\\\/\\\/acninternational.org\\\/de\\\/#organization\"},\"image\":{\"@id\":\"https:\\\/\\\/acninternational.org\\\/de\\\/burkina-faso-die-glaeubigen-fliehen-vor-dem-terrorismus-dem-sie-sich-nicht-widersetzen-koennen-ihren-glauben-bewahren-sie-jedoch\\\/#primaryimage\"},\"thumbnailUrl\":\"https:\\\/\\\/media.acninternational.org\\\/wp-content\\\/uploads\\\/2021\\\/02\\\/Burkina-Faso2.jpg\",\"articleSection\":[\"NOTICIAS\",\"Unkategorisiert\"],\"inLanguage\":\"de\"},{\"@type\":\"WebPage\",\"@id\":\"https:\\\/\\\/acninternational.org\\\/de\\\/burkina-faso-die-glaeubigen-fliehen-vor-dem-terrorismus-dem-sie-sich-nicht-widersetzen-koennen-ihren-glauben-bewahren-sie-jedoch\\\/\",\"url\":\"https:\\\/\\\/acninternational.org\\\/de\\\/burkina-faso-die-glaeubigen-fliehen-vor-dem-terrorismus-dem-sie-sich-nicht-widersetzen-koennen-ihren-glauben-bewahren-sie-jedoch\\\/\",\"name\":\"Burkina Faso: \u201eDie Gl\u00e4ubigen fliehen vor dem Terrorismus, dem sie sich nicht widersetzen k\u00f6nnen. Ihren Glauben bewahren sie jedoch.\u201c\",\"isPartOf\":{\"@id\":\"https:\\\/\\\/acninternational.org\\\/de\\\/#website\"},\"primaryImageOfPage\":{\"@id\":\"https:\\\/\\\/acninternational.org\\\/de\\\/burkina-faso-die-glaeubigen-fliehen-vor-dem-terrorismus-dem-sie-sich-nicht-widersetzen-koennen-ihren-glauben-bewahren-sie-jedoch\\\/#primaryimage\"},\"image\":{\"@id\":\"https:\\\/\\\/acninternational.org\\\/de\\\/burkina-faso-die-glaeubigen-fliehen-vor-dem-terrorismus-dem-sie-sich-nicht-widersetzen-koennen-ihren-glauben-bewahren-sie-jedoch\\\/#primaryimage\"},\"thumbnailUrl\":\"https:\\\/\\\/media.acninternational.org\\\/wp-content\\\/uploads\\\/2021\\\/02\\\/Burkina-Faso2.jpg\",\"datePublished\":\"2021-02-24T09:52:39+00:00\",\"dateModified\":\"2021-02-24T10:19:47+00:00\",\"description\":\"\u00a0Die Lage in der Sahelzone ist besorgniserregend. In einem von Maria Lozano vom Hilfswerk ACN gef\u00fchrten Interview mit Bischof Laurent B. DABIRE von Dori, im Norden Burkina Fasos gelegen, versichert der Bischof, dass es zwar Verbesserungen in der Sicherheitslage gibt, der Terrorismus sei jedoch weit davon entfernt, unter Kontrolle gebracht, geschweige denn besiegt zu sein.\",\"breadcrumb\":{\"@id\":\"https:\\\/\\\/acninternational.org\\\/de\\\/burkina-faso-die-glaeubigen-fliehen-vor-dem-terrorismus-dem-sie-sich-nicht-widersetzen-koennen-ihren-glauben-bewahren-sie-jedoch\\\/#breadcrumb\"},\"inLanguage\":\"de\",\"potentialAction\":[{\"@type\":\"ReadAction\",\"target\":[\"https:\\\/\\\/acninternational.org\\\/de\\\/burkina-faso-die-glaeubigen-fliehen-vor-dem-terrorismus-dem-sie-sich-nicht-widersetzen-koennen-ihren-glauben-bewahren-sie-jedoch\\\/\"]}]},{\"@type\":\"ImageObject\",\"inLanguage\":\"de\",\"@id\":\"https:\\\/\\\/acninternational.org\\\/de\\\/burkina-faso-die-glaeubigen-fliehen-vor-dem-terrorismus-dem-sie-sich-nicht-widersetzen-koennen-ihren-glauben-bewahren-sie-jedoch\\\/#primaryimage\",\"url\":\"https:\\\/\\\/media.acninternational.org\\\/wp-content\\\/uploads\\\/2021\\\/02\\\/Burkina-Faso2.jpg\",\"contentUrl\":\"https:\\\/\\\/media.acninternational.org\\\/wp-content\\\/uploads\\\/2021\\\/02\\\/Burkina-Faso2.jpg\",\"width\":1400,\"height\":438},{\"@type\":\"BreadcrumbList\",\"@id\":\"https:\\\/\\\/acninternational.org\\\/de\\\/burkina-faso-die-glaeubigen-fliehen-vor-dem-terrorismus-dem-sie-sich-nicht-widersetzen-koennen-ihren-glauben-bewahren-sie-jedoch\\\/#breadcrumb\",\"itemListElement\":[{\"@type\":\"ListItem\",\"position\":1,\"name\":\"Home\",\"item\":\"https:\\\/\\\/acninternational.org\\\/de\\\/\"},{\"@type\":\"ListItem\",\"position\":2,\"name\":\"NOTICIAS\",\"item\":\"https:\\\/\\\/acninternational.org\\\/de\\\/category\\\/noticias-de\\\/\"},{\"@type\":\"ListItem\",\"position\":3,\"name\":\"Burkina Faso: \u201eDie Gl\u00e4ubigen fliehen vor dem Terrorismus, dem sie sich nicht widersetzen k\u00f6nnen. Ihren Glauben bewahren sie jedoch.\u201c\"}]},{\"@type\":\"WebSite\",\"@id\":\"https:\\\/\\\/acninternational.org\\\/de\\\/#website\",\"url\":\"https:\\\/\\\/acninternational.org\\\/de\\\/\",\"name\":\"ACN International\",\"description\":\"\",\"publisher\":{\"@id\":\"https:\\\/\\\/acninternational.org\\\/de\\\/#organization\"},\"potentialAction\":[{\"@type\":\"SearchAction\",\"target\":{\"@type\":\"EntryPoint\",\"urlTemplate\":\"https:\\\/\\\/acninternational.org\\\/de\\\/?s={search_term_string}\"},\"query-input\":{\"@type\":\"PropertyValueSpecification\",\"valueRequired\":true,\"valueName\":\"search_term_string\"}}],\"inLanguage\":\"de\"},{\"@type\":\"Organization\",\"@id\":\"https:\\\/\\\/acninternational.org\\\/de\\\/#organization\",\"name\":\"Aid to the Church in Need International\",\"url\":\"https:\\\/\\\/acninternational.org\\\/de\\\/\",\"logo\":{\"@type\":\"ImageObject\",\"inLanguage\":\"de\",\"@id\":\"https:\\\/\\\/acninternational.org\\\/de\\\/#\\\/schema\\\/logo\\\/image\\\/\",\"url\":\"https:\\\/\\\/media.acninternational.org\\\/wp-content\\\/uploads\\\/2019\\\/11\\\/acn_logo_blackvector.svg\",\"contentUrl\":\"https:\\\/\\\/media.acninternational.org\\\/wp-content\\\/uploads\\\/2019\\\/11\\\/acn_logo_blackvector.svg\",\"width\":232.6,\"height\":78,\"caption\":\"Aid to the Church in Need International\"},\"image\":{\"@id\":\"https:\\\/\\\/acninternational.org\\\/de\\\/#\\\/schema\\\/logo\\\/image\\\/\"},\"sameAs\":[\"https:\\\/\\\/www.facebook.com\\\/acninternationalorg\",\"https:\\\/\\\/x.com\\\/acn_int\",\"https:\\\/\\\/www.youtube.com\\\/channel\\\/UCQ-077gS0TnVzkhHmf1opZw\",\"https:\\\/\\\/www.instagram.com\\\/acn_international\\\/\"]},{\"@type\":\"Person\",\"@id\":\"https:\\\/\\\/acninternational.org\\\/de\\\/#\\\/schema\\\/person\\\/7f3dafb236b242fb2aa46be1411fd703\",\"name\":\"ACN Press Team\",\"description\":\"Lorem ipsum dolor sit amet, consectetur adipiscing elit, sed do eiusmod tempor incididunt ut labore et dolore magna aliqua. Ut enim ad minim veniam, quis nostrud exercitation ullamco laboris nisi ut aliquip ex ea commodo consequat.\",\"url\":\"https:\\\/\\\/acninternational.org\\\/de\\\/author\\\/acn-press-team\\\/\"}]}<\/script>\n<!-- \/ Yoast SEO Premium plugin. -->","yoast_head_json":{"title":"Burkina Faso: \u201eDie Gl\u00e4ubigen fliehen vor dem Terrorismus, dem sie sich nicht widersetzen k\u00f6nnen. Ihren Glauben bewahren sie jedoch.\u201c","description":"\u00a0Die Lage in der Sahelzone ist besorgniserregend. In einem von Maria Lozano vom Hilfswerk ACN gef\u00fchrten Interview mit Bischof Laurent B. DABIRE von Dori, im Norden Burkina Fasos gelegen, versichert der Bischof, dass es zwar Verbesserungen in der Sicherheitslage gibt, der Terrorismus sei jedoch weit davon entfernt, unter Kontrolle gebracht, geschweige denn besiegt zu sein.","robots":{"index":"index","follow":"follow","max-snippet":"max-snippet:-1","max-image-preview":"max-image-preview:large","max-video-preview":"max-video-preview:-1"},"canonical":"https:\/\/acninternational.org\/de\/burkina-faso-die-glaeubigen-fliehen-vor-dem-terrorismus-dem-sie-sich-nicht-widersetzen-koennen-ihren-glauben-bewahren-sie-jedoch\/","og_locale":"de_DE","og_type":"article","og_title":"Burkina Faso: \u201eDie Gl\u00e4ubigen fliehen vor dem Terrorismus, dem sie sich nicht widersetzen k\u00f6nnen. Ihren Glauben bewahren sie jedoch.\u201c","og_description":"\u00a0Die Lage in der Sahelzone ist besorgniserregend. In einem von Maria Lozano vom Hilfswerk ACN gef\u00fchrten Interview mit Bischof Laurent B. DABIRE von Dori, im Norden Burkina Fasos gelegen, versichert der Bischof, dass es zwar Verbesserungen in der Sicherheitslage gibt, der Terrorismus sei jedoch weit davon entfernt, unter Kontrolle gebracht, geschweige denn besiegt zu sein.","og_url":"https:\/\/acninternational.org\/de\/burkina-faso-die-glaeubigen-fliehen-vor-dem-terrorismus-dem-sie-sich-nicht-widersetzen-koennen-ihren-glauben-bewahren-sie-jedoch\/","og_site_name":"ACN International","article_publisher":"https:\/\/www.facebook.com\/acninternationalorg","article_published_time":"2021-02-24T09:52:39+00:00","article_modified_time":"2021-02-24T10:19:47+00:00","og_image":[{"width":1400,"height":438,"url":"https:\/\/media.acninternational.org\/wp-content\/uploads\/2021\/02\/Burkina-Faso2.jpg","type":"image\/jpeg"}],"author":"ACN Press Team","twitter_card":"summary_large_image","twitter_creator":"@acn_int","twitter_site":"@acn_int","twitter_misc":{"Verfasst von":"ACN Press Team","Gesch\u00e4tzte Lesezeit":"5\u00a0Minuten"},"schema":{"@context":"https:\/\/schema.org","@graph":[{"@type":"Article","@id":"https:\/\/acninternational.org\/de\/burkina-faso-die-glaeubigen-fliehen-vor-dem-terrorismus-dem-sie-sich-nicht-widersetzen-koennen-ihren-glauben-bewahren-sie-jedoch\/#article","isPartOf":{"@id":"https:\/\/acninternational.org\/de\/burkina-faso-die-glaeubigen-fliehen-vor-dem-terrorismus-dem-sie-sich-nicht-widersetzen-koennen-ihren-glauben-bewahren-sie-jedoch\/"},"author":{"name":"ACN Press Team","@id":"https:\/\/acninternational.org\/de\/#\/schema\/person\/7f3dafb236b242fb2aa46be1411fd703"},"headline":"Burkina Faso: \u201eDie Gl\u00e4ubigen fliehen vor dem Terrorismus, dem sie sich nicht widersetzen k\u00f6nnen. Ihren Glauben bewahren sie jedoch.\u201c","datePublished":"2021-02-24T09:52:39+00:00","dateModified":"2021-02-24T10:19:47+00:00","mainEntityOfPage":{"@id":"https:\/\/acninternational.org\/de\/burkina-faso-die-glaeubigen-fliehen-vor-dem-terrorismus-dem-sie-sich-nicht-widersetzen-koennen-ihren-glauben-bewahren-sie-jedoch\/"},"wordCount":1046,"publisher":{"@id":"https:\/\/acninternational.org\/de\/#organization"},"image":{"@id":"https:\/\/acninternational.org\/de\/burkina-faso-die-glaeubigen-fliehen-vor-dem-terrorismus-dem-sie-sich-nicht-widersetzen-koennen-ihren-glauben-bewahren-sie-jedoch\/#primaryimage"},"thumbnailUrl":"https:\/\/media.acninternational.org\/wp-content\/uploads\/2021\/02\/Burkina-Faso2.jpg","articleSection":["NOTICIAS","Unkategorisiert"],"inLanguage":"de"},{"@type":"WebPage","@id":"https:\/\/acninternational.org\/de\/burkina-faso-die-glaeubigen-fliehen-vor-dem-terrorismus-dem-sie-sich-nicht-widersetzen-koennen-ihren-glauben-bewahren-sie-jedoch\/","url":"https:\/\/acninternational.org\/de\/burkina-faso-die-glaeubigen-fliehen-vor-dem-terrorismus-dem-sie-sich-nicht-widersetzen-koennen-ihren-glauben-bewahren-sie-jedoch\/","name":"Burkina Faso: \u201eDie Gl\u00e4ubigen fliehen vor dem Terrorismus, dem sie sich nicht widersetzen k\u00f6nnen. Ihren Glauben bewahren sie jedoch.\u201c","isPartOf":{"@id":"https:\/\/acninternational.org\/de\/#website"},"primaryImageOfPage":{"@id":"https:\/\/acninternational.org\/de\/burkina-faso-die-glaeubigen-fliehen-vor-dem-terrorismus-dem-sie-sich-nicht-widersetzen-koennen-ihren-glauben-bewahren-sie-jedoch\/#primaryimage"},"image":{"@id":"https:\/\/acninternational.org\/de\/burkina-faso-die-glaeubigen-fliehen-vor-dem-terrorismus-dem-sie-sich-nicht-widersetzen-koennen-ihren-glauben-bewahren-sie-jedoch\/#primaryimage"},"thumbnailUrl":"https:\/\/media.acninternational.org\/wp-content\/uploads\/2021\/02\/Burkina-Faso2.jpg","datePublished":"2021-02-24T09:52:39+00:00","dateModified":"2021-02-24T10:19:47+00:00","description":"\u00a0Die Lage in der Sahelzone ist besorgniserregend. In einem von Maria Lozano vom Hilfswerk ACN gef\u00fchrten Interview mit Bischof Laurent B. DABIRE von Dori, im Norden Burkina Fasos gelegen, versichert der Bischof, dass es zwar Verbesserungen in der Sicherheitslage gibt, der Terrorismus sei jedoch weit davon entfernt, unter Kontrolle gebracht, geschweige denn besiegt zu sein.","breadcrumb":{"@id":"https:\/\/acninternational.org\/de\/burkina-faso-die-glaeubigen-fliehen-vor-dem-terrorismus-dem-sie-sich-nicht-widersetzen-koennen-ihren-glauben-bewahren-sie-jedoch\/#breadcrumb"},"inLanguage":"de","potentialAction":[{"@type":"ReadAction","target":["https:\/\/acninternational.org\/de\/burkina-faso-die-glaeubigen-fliehen-vor-dem-terrorismus-dem-sie-sich-nicht-widersetzen-koennen-ihren-glauben-bewahren-sie-jedoch\/"]}]},{"@type":"ImageObject","inLanguage":"de","@id":"https:\/\/acninternational.org\/de\/burkina-faso-die-glaeubigen-fliehen-vor-dem-terrorismus-dem-sie-sich-nicht-widersetzen-koennen-ihren-glauben-bewahren-sie-jedoch\/#primaryimage","url":"https:\/\/media.acninternational.org\/wp-content\/uploads\/2021\/02\/Burkina-Faso2.jpg","contentUrl":"https:\/\/media.acninternational.org\/wp-content\/uploads\/2021\/02\/Burkina-Faso2.jpg","width":1400,"height":438},{"@type":"BreadcrumbList","@id":"https:\/\/acninternational.org\/de\/burkina-faso-die-glaeubigen-fliehen-vor-dem-terrorismus-dem-sie-sich-nicht-widersetzen-koennen-ihren-glauben-bewahren-sie-jedoch\/#breadcrumb","itemListElement":[{"@type":"ListItem","position":1,"name":"Home","item":"https:\/\/acninternational.org\/de\/"},{"@type":"ListItem","position":2,"name":"NOTICIAS","item":"https:\/\/acninternational.org\/de\/category\/noticias-de\/"},{"@type":"ListItem","position":3,"name":"Burkina Faso: \u201eDie Gl\u00e4ubigen fliehen vor dem Terrorismus, dem sie sich nicht widersetzen k\u00f6nnen. Ihren Glauben bewahren sie jedoch.\u201c"}]},{"@type":"WebSite","@id":"https:\/\/acninternational.org\/de\/#website","url":"https:\/\/acninternational.org\/de\/","name":"ACN International","description":"","publisher":{"@id":"https:\/\/acninternational.org\/de\/#organization"},"potentialAction":[{"@type":"SearchAction","target":{"@type":"EntryPoint","urlTemplate":"https:\/\/acninternational.org\/de\/?s={search_term_string}"},"query-input":{"@type":"PropertyValueSpecification","valueRequired":true,"valueName":"search_term_string"}}],"inLanguage":"de"},{"@type":"Organization","@id":"https:\/\/acninternational.org\/de\/#organization","name":"Aid to the Church in Need International","url":"https:\/\/acninternational.org\/de\/","logo":{"@type":"ImageObject","inLanguage":"de","@id":"https:\/\/acninternational.org\/de\/#\/schema\/logo\/image\/","url":"https:\/\/media.acninternational.org\/wp-content\/uploads\/2019\/11\/acn_logo_blackvector.svg","contentUrl":"https:\/\/media.acninternational.org\/wp-content\/uploads\/2019\/11\/acn_logo_blackvector.svg","width":232.6,"height":78,"caption":"Aid to the Church in Need International"},"image":{"@id":"https:\/\/acninternational.org\/de\/#\/schema\/logo\/image\/"},"sameAs":["https:\/\/www.facebook.com\/acninternationalorg","https:\/\/x.com\/acn_int","https:\/\/www.youtube.com\/channel\/UCQ-077gS0TnVzkhHmf1opZw","https:\/\/www.instagram.com\/acn_international\/"]},{"@type":"Person","@id":"https:\/\/acninternational.org\/de\/#\/schema\/person\/7f3dafb236b242fb2aa46be1411fd703","name":"ACN Press Team","description":"Lorem ipsum dolor sit amet, consectetur adipiscing elit, sed do eiusmod tempor incididunt ut labore et dolore magna aliqua. Ut enim ad minim veniam, quis nostrud exercitation ullamco laboris nisi ut aliquip ex ea commodo consequat.","url":"https:\/\/acninternational.org\/de\/author\/acn-press-team\/"}]}},"_links":{"self":[{"href":"https:\/\/acninternational.org\/de\/wp-json\/wp\/v2\/posts\/148629","targetHints":{"allow":["GET"]}}],"collection":[{"href":"https:\/\/acninternational.org\/de\/wp-json\/wp\/v2\/posts"}],"about":[{"href":"https:\/\/acninternational.org\/de\/wp-json\/wp\/v2\/types\/post"}],"author":[{"embeddable":true,"href":"https:\/\/acninternational.org\/de\/wp-json\/wp\/v2\/users\/4258341447"}],"replies":[{"embeddable":true,"href":"https:\/\/acninternational.org\/de\/wp-json\/wp\/v2\/comments?post=148629"}],"version-history":[{"count":0,"href":"https:\/\/acninternational.org\/de\/wp-json\/wp\/v2\/posts\/148629\/revisions"}],"wp:featuredmedia":[{"embeddable":true,"href":"https:\/\/acninternational.org\/de\/wp-json\/wp\/v2\/media\/148619"}],"wp:attachment":[{"href":"https:\/\/acninternational.org\/de\/wp-json\/wp\/v2\/media?parent=148629"}],"wp:term":[{"taxonomy":"category","embeddable":true,"href":"https:\/\/acninternational.org\/de\/wp-json\/wp\/v2\/categories?post=148629"},{"taxonomy":"post_tag","embeddable":true,"href":"https:\/\/acninternational.org\/de\/wp-json\/wp\/v2\/tags?post=148629"},{"taxonomy":"country","embeddable":true,"href":"https:\/\/acninternational.org\/de\/wp-json\/wp\/v2\/country?post=148629"}],"curies":[{"name":"wp","href":"https:\/\/api.w.org\/{rel}","templated":true}]}}