{"id":148612,"date":"2021-02-24T10:39:21","date_gmt":"2021-02-24T09:39:21","guid":{"rendered":"https:\/\/acninternational.org\/?p=148612"},"modified":"2021-02-24T11:37:35","modified_gmt":"2021-02-24T10:37:35","slug":"burkina-faso-gefangen-zwischen-zwei-fronten","status":"publish","type":"post","link":"https:\/\/acninternational.org\/de\/burkina-faso-gefangen-zwischen-zwei-fronten\/","title":{"rendered":"Burkina Faso: Gefangen zwischen zwei Fronten"},"content":{"rendered":"<p>Obwohl sich das Sicherheitsklima in den letzten Monaten verbessert habe, sei es immer noch unm\u00f6glich, sich in bestimmten Gebieten Burkina Fasos aufzuhalten, in denen Terrorgruppen ihr Unwesen treiben, so Bischof Laurent Dabire von Dori, im Norden des Landes gelegen, gegen\u00fcber dem Hilfswerk Aid tot he Church in Need. Nach einigen Monaten Waffenruhe zwischen April und September 2020 habe das Gebiet der Di\u00f6zese seit dem 10. September 2020 bis zum heutigen Tag mindestens zehn Terroranschl\u00e4ge erlebt. Die Angriffe haben jedoch abgenommen und f\u00fchren zu weniger Todesf\u00e4llen.<br \/>\nMehrere Pfarrbezirke in Burkina Faso seien komplett geschlossen. Die Di\u00f6zese Dori jedoch arbeitet weiter. \u201eSie sichert die katholische Pr\u00e4senz in der Sahelzone, wenn auch auf kleinem Raum und unter Schwierigkeiten.\u201c<\/p>\n<figure id=\"attachment_148599\" aria-describedby=\"caption-attachment-148599\" style=\"width: 670px\" class=\"wp-caption alignnone\"><img loading=\"lazy\" decoding=\"async\" class=\"wp-image-148599 size-full\" src=\"https:\/\/media.acninternational.org\/wp-content\/uploads\/2021\/02\/Bishop-Laurent-B.-Dabire.jpg\" alt=\"Bischof Laurent Dabire von Dori.\" width=\"670\" height=\"400\" srcset=\"https:\/\/media.acninternational.org\/wp-content\/uploads\/2021\/02\/Bishop-Laurent-B.-Dabire.jpg 670w, https:\/\/media.acninternational.org\/wp-content\/uploads\/2021\/02\/Bishop-Laurent-B.-Dabire-300x179.jpg 300w\" sizes=\"auto, (max-width: 670px) 100vw, 670px\" \/><figcaption id=\"caption-attachment-148599\" class=\"wp-caption-text\">Bischof Laurent Dabire von Dori.<\/figcaption><\/figure>\n<p>Neben der instabilen Sicherheitslage kommen dann auch noch die Gefahren der Corona-Pandemie hinzu. \u201eWir sind zwischen zwei Fronten gefangen\u201c, erkl\u00e4rt der Bischof.<\/p>\n<p>Angesichts so vieler Widrigkeiten zeigt sich Bischof Dabire beeindruckt von der Glaubensst\u00e4rke seiner Gemeindeglieder. \u201eUnsere Gl\u00e4ubigen zeichnen sich durch Beharrlichkeit und Widerstandskraft aus. F\u00fcr sie gilt: Den Glauben leben, was es auch kostet.\u201c Insbesondere das zur\u00fcckliegende Weihnachtsfest hat ihn mit gro\u00dfer Freude erf\u00fcllt. Die traditionelle Kinder-Weihnacht musste dieses Mal aufgrund der besonderen Bedingungen in der Stadt Djibo abgesagt werden, und es waren gerade die muslimischen Kinder, die so betr\u00fcbt dar\u00fcber waren, dass er sie doch noch nachtr\u00e4glich abgehalten hat. \u201eEs war ein gro\u00dfartiges Erlebnis. Es leben die Kinder!\u201c, freut sich der burkinische Bischof.<\/p>\n<p>Das ganze Interview kann man <a href=\"https:\/\/acninternational.org\/de\/burkina-faso-die-glaeubigen-fliehen-vor-dem-terrorismus-dem-sie-sich-nicht-widersetzen-koennen-ihren-glauben-bewahren-sie-jedoch\/\">hier<\/a> lesen.<\/p>\n","protected":false},"excerpt":{"rendered":"<p>Obwohl sich das Sicherheitsklima in den letzten Monaten verbessert habe, sei es immer noch unm\u00f6glich, sich in bestimmten Gebieten Burkina<\/p>\n","protected":false},"author":4258341447,"featured_media":148605,"comment_status":"closed","ping_status":"closed","sticky":false,"template":"","format":"standard","meta":{"_acf_changed":false,"_acn_coauthor_ids":[],"footnotes":""},"categories":[234],"tags":[],"country":[378],"class_list":["post-148612","post","type-post","status-publish","format-standard","has-post-thumbnail","hentry","category-unkategorisiert","country-burkina-faso-es"],"acn_coauthors":[],"acf":[],"yoast_head":"<!-- This site is optimized with the Yoast SEO Premium plugin v27.3 (Yoast SEO v27.3) - https:\/\/yoast.com\/product\/yoast-seo-premium-wordpress\/ -->\n<title>Burkina Faso: Gefangen zwischen zwei Fronten<\/title>\n<meta name=\"description\" content=\"Obwohl sich das Sicherheitsklima in den letzten Monaten verbessert habe, sei es immer noch unm\u00f6glich, sich in bestimmten Gebieten Burkina Fasos aufzuhalten, in denen Terrorgruppen ihr Unwesen treiben, so Bischof Laurent Dabire von Dori, im Norden des Landes gelegen, gegen\u00fcber dem Hilfswerk Aid tot he Church in Need.\" \/>\n<meta name=\"robots\" content=\"index, follow, max-snippet:-1, max-image-preview:large, max-video-preview:-1\" \/>\n<link rel=\"canonical\" href=\"https:\/\/acninternational.org\/de\/burkina-faso-gefangen-zwischen-zwei-fronten\/\" \/>\n<meta property=\"og:locale\" content=\"de_DE\" \/>\n<meta property=\"og:type\" content=\"article\" \/>\n<meta property=\"og:title\" content=\"Burkina Faso: Gefangen zwischen zwei Fronten\" \/>\n<meta property=\"og:description\" content=\"Obwohl sich das Sicherheitsklima in den letzten Monaten verbessert habe, sei es immer noch unm\u00f6glich, sich in bestimmten Gebieten Burkina Fasos aufzuhalten, in denen Terrorgruppen ihr Unwesen treiben, so Bischof Laurent Dabire von Dori, im Norden des Landes gelegen, gegen\u00fcber dem Hilfswerk Aid tot he Church in Need.\" \/>\n<meta property=\"og:url\" content=\"https:\/\/acninternational.org\/de\/burkina-faso-gefangen-zwischen-zwei-fronten\/\" \/>\n<meta property=\"og:site_name\" content=\"ACN International\" \/>\n<meta property=\"article:publisher\" content=\"https:\/\/www.facebook.com\/acninternationalorg\" \/>\n<meta property=\"article:published_time\" content=\"2021-02-24T09:39:21+00:00\" \/>\n<meta property=\"article:modified_time\" content=\"2021-02-24T10:37:35+00:00\" \/>\n<meta property=\"og:image\" content=\"https:\/\/media.acninternational.org\/wp-content\/uploads\/2021\/02\/burkina-faso.jpg\" \/>\n\t<meta property=\"og:image:width\" content=\"1400\" \/>\n\t<meta property=\"og:image:height\" content=\"438\" \/>\n\t<meta property=\"og:image:type\" content=\"image\/jpeg\" \/>\n<meta name=\"author\" content=\"ACN Press Team\" \/>\n<meta name=\"twitter:card\" content=\"summary_large_image\" \/>\n<meta name=\"twitter:creator\" content=\"@acn_int\" \/>\n<meta name=\"twitter:site\" content=\"@acn_int\" \/>\n<meta name=\"twitter:label1\" content=\"Verfasst von\" \/>\n\t<meta name=\"twitter:data1\" content=\"ACN Press Team\" \/>\n\t<meta name=\"twitter:label2\" content=\"Gesch\u00e4tzte Lesezeit\" \/>\n\t<meta name=\"twitter:data2\" content=\"2\u00a0Minuten\" \/>\n<script type=\"application\/ld+json\" class=\"yoast-schema-graph\">{\"@context\":\"https:\\\/\\\/schema.org\",\"@graph\":[{\"@type\":\"Article\",\"@id\":\"https:\\\/\\\/acninternational.org\\\/de\\\/burkina-faso-gefangen-zwischen-zwei-fronten\\\/#article\",\"isPartOf\":{\"@id\":\"https:\\\/\\\/acninternational.org\\\/de\\\/burkina-faso-gefangen-zwischen-zwei-fronten\\\/\"},\"author\":{\"name\":\"ACN Press Team\",\"@id\":\"https:\\\/\\\/acninternational.org\\\/de\\\/#\\\/schema\\\/person\\\/7f3dafb236b242fb2aa46be1411fd703\"},\"headline\":\"Burkina Faso: Gefangen zwischen zwei Fronten\",\"datePublished\":\"2021-02-24T09:39:21+00:00\",\"dateModified\":\"2021-02-24T10:37:35+00:00\",\"mainEntityOfPage\":{\"@id\":\"https:\\\/\\\/acninternational.org\\\/de\\\/burkina-faso-gefangen-zwischen-zwei-fronten\\\/\"},\"wordCount\":271,\"publisher\":{\"@id\":\"https:\\\/\\\/acninternational.org\\\/de\\\/#organization\"},\"image\":{\"@id\":\"https:\\\/\\\/acninternational.org\\\/de\\\/burkina-faso-gefangen-zwischen-zwei-fronten\\\/#primaryimage\"},\"thumbnailUrl\":\"https:\\\/\\\/media.acninternational.org\\\/wp-content\\\/uploads\\\/2021\\\/02\\\/burkina-faso.jpg\",\"articleSection\":[\"Unkategorisiert\"],\"inLanguage\":\"de\"},{\"@type\":\"WebPage\",\"@id\":\"https:\\\/\\\/acninternational.org\\\/de\\\/burkina-faso-gefangen-zwischen-zwei-fronten\\\/\",\"url\":\"https:\\\/\\\/acninternational.org\\\/de\\\/burkina-faso-gefangen-zwischen-zwei-fronten\\\/\",\"name\":\"Burkina Faso: Gefangen zwischen zwei Fronten\",\"isPartOf\":{\"@id\":\"https:\\\/\\\/acninternational.org\\\/de\\\/#website\"},\"primaryImageOfPage\":{\"@id\":\"https:\\\/\\\/acninternational.org\\\/de\\\/burkina-faso-gefangen-zwischen-zwei-fronten\\\/#primaryimage\"},\"image\":{\"@id\":\"https:\\\/\\\/acninternational.org\\\/de\\\/burkina-faso-gefangen-zwischen-zwei-fronten\\\/#primaryimage\"},\"thumbnailUrl\":\"https:\\\/\\\/media.acninternational.org\\\/wp-content\\\/uploads\\\/2021\\\/02\\\/burkina-faso.jpg\",\"datePublished\":\"2021-02-24T09:39:21+00:00\",\"dateModified\":\"2021-02-24T10:37:35+00:00\",\"description\":\"Obwohl sich das Sicherheitsklima in den letzten Monaten verbessert habe, sei es immer noch unm\u00f6glich, sich in bestimmten Gebieten Burkina Fasos aufzuhalten, in denen Terrorgruppen ihr Unwesen treiben, so Bischof Laurent Dabire von Dori, im Norden des Landes gelegen, gegen\u00fcber dem Hilfswerk Aid tot he Church in Need.\",\"breadcrumb\":{\"@id\":\"https:\\\/\\\/acninternational.org\\\/de\\\/burkina-faso-gefangen-zwischen-zwei-fronten\\\/#breadcrumb\"},\"inLanguage\":\"de\",\"potentialAction\":[{\"@type\":\"ReadAction\",\"target\":[\"https:\\\/\\\/acninternational.org\\\/de\\\/burkina-faso-gefangen-zwischen-zwei-fronten\\\/\"]}]},{\"@type\":\"ImageObject\",\"inLanguage\":\"de\",\"@id\":\"https:\\\/\\\/acninternational.org\\\/de\\\/burkina-faso-gefangen-zwischen-zwei-fronten\\\/#primaryimage\",\"url\":\"https:\\\/\\\/media.acninternational.org\\\/wp-content\\\/uploads\\\/2021\\\/02\\\/burkina-faso.jpg\",\"contentUrl\":\"https:\\\/\\\/media.acninternational.org\\\/wp-content\\\/uploads\\\/2021\\\/02\\\/burkina-faso.jpg\",\"width\":1400,\"height\":438},{\"@type\":\"BreadcrumbList\",\"@id\":\"https:\\\/\\\/acninternational.org\\\/de\\\/burkina-faso-gefangen-zwischen-zwei-fronten\\\/#breadcrumb\",\"itemListElement\":[{\"@type\":\"ListItem\",\"position\":1,\"name\":\"Home\",\"item\":\"https:\\\/\\\/acninternational.org\\\/de\\\/\"},{\"@type\":\"ListItem\",\"position\":2,\"name\":\"Nachricht\",\"item\":\"https:\\\/\\\/acninternational.org\\\/de\\\/category\\\/news-de\\\/\"},{\"@type\":\"ListItem\",\"position\":3,\"name\":\"Burkina Faso: Gefangen zwischen zwei Fronten\"}]},{\"@type\":\"WebSite\",\"@id\":\"https:\\\/\\\/acninternational.org\\\/de\\\/#website\",\"url\":\"https:\\\/\\\/acninternational.org\\\/de\\\/\",\"name\":\"ACN International\",\"description\":\"\",\"publisher\":{\"@id\":\"https:\\\/\\\/acninternational.org\\\/de\\\/#organization\"},\"potentialAction\":[{\"@type\":\"SearchAction\",\"target\":{\"@type\":\"EntryPoint\",\"urlTemplate\":\"https:\\\/\\\/acninternational.org\\\/de\\\/?s={search_term_string}\"},\"query-input\":{\"@type\":\"PropertyValueSpecification\",\"valueRequired\":true,\"valueName\":\"search_term_string\"}}],\"inLanguage\":\"de\"},{\"@type\":\"Organization\",\"@id\":\"https:\\\/\\\/acninternational.org\\\/de\\\/#organization\",\"name\":\"Aid to the Church in Need International\",\"url\":\"https:\\\/\\\/acninternational.org\\\/de\\\/\",\"logo\":{\"@type\":\"ImageObject\",\"inLanguage\":\"de\",\"@id\":\"https:\\\/\\\/acninternational.org\\\/de\\\/#\\\/schema\\\/logo\\\/image\\\/\",\"url\":\"https:\\\/\\\/media.acninternational.org\\\/wp-content\\\/uploads\\\/2019\\\/11\\\/acn_logo_blackvector.svg\",\"contentUrl\":\"https:\\\/\\\/media.acninternational.org\\\/wp-content\\\/uploads\\\/2019\\\/11\\\/acn_logo_blackvector.svg\",\"width\":232.6,\"height\":78,\"caption\":\"Aid to the Church in Need International\"},\"image\":{\"@id\":\"https:\\\/\\\/acninternational.org\\\/de\\\/#\\\/schema\\\/logo\\\/image\\\/\"},\"sameAs\":[\"https:\\\/\\\/www.facebook.com\\\/acninternationalorg\",\"https:\\\/\\\/x.com\\\/acn_int\",\"https:\\\/\\\/www.youtube.com\\\/channel\\\/UCQ-077gS0TnVzkhHmf1opZw\",\"https:\\\/\\\/www.instagram.com\\\/acn_international\\\/\"]},{\"@type\":\"Person\",\"@id\":\"https:\\\/\\\/acninternational.org\\\/de\\\/#\\\/schema\\\/person\\\/7f3dafb236b242fb2aa46be1411fd703\",\"name\":\"ACN Press Team\",\"description\":\"Lorem ipsum dolor sit amet, consectetur adipiscing elit, sed do eiusmod tempor incididunt ut labore et dolore magna aliqua. Ut enim ad minim veniam, quis nostrud exercitation ullamco laboris nisi ut aliquip ex ea commodo consequat.\",\"url\":\"https:\\\/\\\/acninternational.org\\\/de\\\/author\\\/acn-press-team\\\/\"}]}<\/script>\n<!-- \/ Yoast SEO Premium plugin. -->","yoast_head_json":{"title":"Burkina Faso: Gefangen zwischen zwei Fronten","description":"Obwohl sich das Sicherheitsklima in den letzten Monaten verbessert habe, sei es immer noch unm\u00f6glich, sich in bestimmten Gebieten Burkina Fasos aufzuhalten, in denen Terrorgruppen ihr Unwesen treiben, so Bischof Laurent Dabire von Dori, im Norden des Landes gelegen, gegen\u00fcber dem Hilfswerk Aid tot he Church in Need.","robots":{"index":"index","follow":"follow","max-snippet":"max-snippet:-1","max-image-preview":"max-image-preview:large","max-video-preview":"max-video-preview:-1"},"canonical":"https:\/\/acninternational.org\/de\/burkina-faso-gefangen-zwischen-zwei-fronten\/","og_locale":"de_DE","og_type":"article","og_title":"Burkina Faso: Gefangen zwischen zwei Fronten","og_description":"Obwohl sich das Sicherheitsklima in den letzten Monaten verbessert habe, sei es immer noch unm\u00f6glich, sich in bestimmten Gebieten Burkina Fasos aufzuhalten, in denen Terrorgruppen ihr Unwesen treiben, so Bischof Laurent Dabire von Dori, im Norden des Landes gelegen, gegen\u00fcber dem Hilfswerk Aid tot he Church in Need.","og_url":"https:\/\/acninternational.org\/de\/burkina-faso-gefangen-zwischen-zwei-fronten\/","og_site_name":"ACN International","article_publisher":"https:\/\/www.facebook.com\/acninternationalorg","article_published_time":"2021-02-24T09:39:21+00:00","article_modified_time":"2021-02-24T10:37:35+00:00","og_image":[{"width":1400,"height":438,"url":"https:\/\/media.acninternational.org\/wp-content\/uploads\/2021\/02\/burkina-faso.jpg","type":"image\/jpeg"}],"author":"ACN Press Team","twitter_card":"summary_large_image","twitter_creator":"@acn_int","twitter_site":"@acn_int","twitter_misc":{"Verfasst von":"ACN Press Team","Gesch\u00e4tzte Lesezeit":"2\u00a0Minuten"},"schema":{"@context":"https:\/\/schema.org","@graph":[{"@type":"Article","@id":"https:\/\/acninternational.org\/de\/burkina-faso-gefangen-zwischen-zwei-fronten\/#article","isPartOf":{"@id":"https:\/\/acninternational.org\/de\/burkina-faso-gefangen-zwischen-zwei-fronten\/"},"author":{"name":"ACN Press Team","@id":"https:\/\/acninternational.org\/de\/#\/schema\/person\/7f3dafb236b242fb2aa46be1411fd703"},"headline":"Burkina Faso: Gefangen zwischen zwei Fronten","datePublished":"2021-02-24T09:39:21+00:00","dateModified":"2021-02-24T10:37:35+00:00","mainEntityOfPage":{"@id":"https:\/\/acninternational.org\/de\/burkina-faso-gefangen-zwischen-zwei-fronten\/"},"wordCount":271,"publisher":{"@id":"https:\/\/acninternational.org\/de\/#organization"},"image":{"@id":"https:\/\/acninternational.org\/de\/burkina-faso-gefangen-zwischen-zwei-fronten\/#primaryimage"},"thumbnailUrl":"https:\/\/media.acninternational.org\/wp-content\/uploads\/2021\/02\/burkina-faso.jpg","articleSection":["Unkategorisiert"],"inLanguage":"de"},{"@type":"WebPage","@id":"https:\/\/acninternational.org\/de\/burkina-faso-gefangen-zwischen-zwei-fronten\/","url":"https:\/\/acninternational.org\/de\/burkina-faso-gefangen-zwischen-zwei-fronten\/","name":"Burkina Faso: Gefangen zwischen zwei Fronten","isPartOf":{"@id":"https:\/\/acninternational.org\/de\/#website"},"primaryImageOfPage":{"@id":"https:\/\/acninternational.org\/de\/burkina-faso-gefangen-zwischen-zwei-fronten\/#primaryimage"},"image":{"@id":"https:\/\/acninternational.org\/de\/burkina-faso-gefangen-zwischen-zwei-fronten\/#primaryimage"},"thumbnailUrl":"https:\/\/media.acninternational.org\/wp-content\/uploads\/2021\/02\/burkina-faso.jpg","datePublished":"2021-02-24T09:39:21+00:00","dateModified":"2021-02-24T10:37:35+00:00","description":"Obwohl sich das Sicherheitsklima in den letzten Monaten verbessert habe, sei es immer noch unm\u00f6glich, sich in bestimmten Gebieten Burkina Fasos aufzuhalten, in denen Terrorgruppen ihr Unwesen treiben, so Bischof Laurent Dabire von Dori, im Norden des Landes gelegen, gegen\u00fcber dem Hilfswerk Aid tot he Church in Need.","breadcrumb":{"@id":"https:\/\/acninternational.org\/de\/burkina-faso-gefangen-zwischen-zwei-fronten\/#breadcrumb"},"inLanguage":"de","potentialAction":[{"@type":"ReadAction","target":["https:\/\/acninternational.org\/de\/burkina-faso-gefangen-zwischen-zwei-fronten\/"]}]},{"@type":"ImageObject","inLanguage":"de","@id":"https:\/\/acninternational.org\/de\/burkina-faso-gefangen-zwischen-zwei-fronten\/#primaryimage","url":"https:\/\/media.acninternational.org\/wp-content\/uploads\/2021\/02\/burkina-faso.jpg","contentUrl":"https:\/\/media.acninternational.org\/wp-content\/uploads\/2021\/02\/burkina-faso.jpg","width":1400,"height":438},{"@type":"BreadcrumbList","@id":"https:\/\/acninternational.org\/de\/burkina-faso-gefangen-zwischen-zwei-fronten\/#breadcrumb","itemListElement":[{"@type":"ListItem","position":1,"name":"Home","item":"https:\/\/acninternational.org\/de\/"},{"@type":"ListItem","position":2,"name":"Nachricht","item":"https:\/\/acninternational.org\/de\/category\/news-de\/"},{"@type":"ListItem","position":3,"name":"Burkina Faso: Gefangen zwischen zwei Fronten"}]},{"@type":"WebSite","@id":"https:\/\/acninternational.org\/de\/#website","url":"https:\/\/acninternational.org\/de\/","name":"ACN International","description":"","publisher":{"@id":"https:\/\/acninternational.org\/de\/#organization"},"potentialAction":[{"@type":"SearchAction","target":{"@type":"EntryPoint","urlTemplate":"https:\/\/acninternational.org\/de\/?s={search_term_string}"},"query-input":{"@type":"PropertyValueSpecification","valueRequired":true,"valueName":"search_term_string"}}],"inLanguage":"de"},{"@type":"Organization","@id":"https:\/\/acninternational.org\/de\/#organization","name":"Aid to the Church in Need International","url":"https:\/\/acninternational.org\/de\/","logo":{"@type":"ImageObject","inLanguage":"de","@id":"https:\/\/acninternational.org\/de\/#\/schema\/logo\/image\/","url":"https:\/\/media.acninternational.org\/wp-content\/uploads\/2019\/11\/acn_logo_blackvector.svg","contentUrl":"https:\/\/media.acninternational.org\/wp-content\/uploads\/2019\/11\/acn_logo_blackvector.svg","width":232.6,"height":78,"caption":"Aid to the Church in Need International"},"image":{"@id":"https:\/\/acninternational.org\/de\/#\/schema\/logo\/image\/"},"sameAs":["https:\/\/www.facebook.com\/acninternationalorg","https:\/\/x.com\/acn_int","https:\/\/www.youtube.com\/channel\/UCQ-077gS0TnVzkhHmf1opZw","https:\/\/www.instagram.com\/acn_international\/"]},{"@type":"Person","@id":"https:\/\/acninternational.org\/de\/#\/schema\/person\/7f3dafb236b242fb2aa46be1411fd703","name":"ACN Press Team","description":"Lorem ipsum dolor sit amet, consectetur adipiscing elit, sed do eiusmod tempor incididunt ut labore et dolore magna aliqua. Ut enim ad minim veniam, quis nostrud exercitation ullamco laboris nisi ut aliquip ex ea commodo consequat.","url":"https:\/\/acninternational.org\/de\/author\/acn-press-team\/"}]}},"_links":{"self":[{"href":"https:\/\/acninternational.org\/de\/wp-json\/wp\/v2\/posts\/148612","targetHints":{"allow":["GET"]}}],"collection":[{"href":"https:\/\/acninternational.org\/de\/wp-json\/wp\/v2\/posts"}],"about":[{"href":"https:\/\/acninternational.org\/de\/wp-json\/wp\/v2\/types\/post"}],"author":[{"embeddable":true,"href":"https:\/\/acninternational.org\/de\/wp-json\/wp\/v2\/users\/4258341447"}],"replies":[{"embeddable":true,"href":"https:\/\/acninternational.org\/de\/wp-json\/wp\/v2\/comments?post=148612"}],"version-history":[{"count":0,"href":"https:\/\/acninternational.org\/de\/wp-json\/wp\/v2\/posts\/148612\/revisions"}],"wp:featuredmedia":[{"embeddable":true,"href":"https:\/\/acninternational.org\/de\/wp-json\/wp\/v2\/media\/148605"}],"wp:attachment":[{"href":"https:\/\/acninternational.org\/de\/wp-json\/wp\/v2\/media?parent=148612"}],"wp:term":[{"taxonomy":"category","embeddable":true,"href":"https:\/\/acninternational.org\/de\/wp-json\/wp\/v2\/categories?post=148612"},{"taxonomy":"post_tag","embeddable":true,"href":"https:\/\/acninternational.org\/de\/wp-json\/wp\/v2\/tags?post=148612"},{"taxonomy":"country","embeddable":true,"href":"https:\/\/acninternational.org\/de\/wp-json\/wp\/v2\/country?post=148612"}],"curies":[{"name":"wp","href":"https:\/\/api.w.org\/{rel}","templated":true}]}}