{"id":148489,"date":"2021-02-19T10:10:04","date_gmt":"2021-02-19T09:10:04","guid":{"rendered":"https:\/\/acninternational.org\/?p=148489"},"modified":"2025-02-28T09:47:05","modified_gmt":"2025-02-28T08:47:05","slug":"irak-pater-ammar-yako-sie-ist-ein-teil-unserer-geschichte","status":"publish","type":"post","link":"https:\/\/acninternational.org\/de\/irak-pater-ammar-yako-sie-ist-ein-teil-unserer-geschichte\/","title":{"rendered":"Irak: Pater Ammar Yako: \u201eSie ist ein Teil unserer Geschichte.\u201c"},"content":{"rendered":"<p><strong><em>Am 7. M\u00e4rz besucht Papst Franziskus die Al-Tahira-Kirche im Irak.<\/em><\/strong><\/p>\n<p><strong><em>Die Al-Tahira Kirche in Qaraqosh (Baghdeda) wurde w\u00e4hrend des ISIS-Terrorregimes (2014-2017) fast vollst\u00e4ndig zerst\u00f6rt. Dank der gro\u00dfz\u00fcgigen Unterst\u00fctzung von ACN-Wohlt\u00e4tern wurde die Kirche im Laufe der letzten Jahre wiederaufgebaut und ist nun fast vollst\u00e4ndig restauriert. Papst Franziskus hat best\u00e4tigt, dass er die Marienbasilika am Sonntag, den 7. M\u00e4rz, w\u00e4hrend seiner Reise ins Land besuchen wird. Pater Ammar Yako beaufsichtigt den Wiederaufbau.<\/em><\/strong><\/p>\n<h4><strong>Was ist die Geschichte der Al-Tahira-Kirche? <\/strong><\/h4>\n<p>Der Bau der Al-Tahira-Kirche in Qaraqosh begann im Jahr 1932. Die gesamte Bev\u00f6lkerung von Qaraqosh half bei den Arbeiten und trug durch Spenden zu ihrem Bau bei, der 1948 mit der Einweihung der Kirche abgeschlossen wurde. Es war eine gute M\u00f6glichkeit f\u00fcr die Menschen, ihren Glauben zu zeigen. Wir kennen viele Geschichten \u00fcber die Zeit des Baus der Kirche von unseren Eltern und Gro\u00dfeltern. Dank ihrer harten Arbeit wurde diese gro\u00dfe Kirche errichtet.<\/p>\n<h4><strong>Wie sah die Kirche nach der ISIS-Invasion und Zerst\u00f6rung aus? <\/strong><\/h4>\n<p>Wie Sie wissen, hat ISIS 2014 die Stadt erobert, und wir sind nach Kurdistan geflohen. Nach drei Jahren wurde die Stadt befreit und wir kehrten zur\u00fcck. Ich erinnere mich sehr gut daran, wie zerst\u00f6rt die Kirche war. Sie war komplett abgebrannt. ISIS hat alle Kreuze zerst\u00f6rt und gestohlen, was in der Kirche war, die Bilder und alles andere. Die ISIS-Anf\u00fchrer schrieben ihre Namen auf die S\u00e4ulen der Kirche und nutzten den Au\u00dfenbereich als Trainingsgel\u00e4nde f\u00fcr neue ISIS-K\u00e4mpfer.<\/p>\n<h4><strong>Wie haben Sie sich gef\u00fchlt, als Sie das erste Mal zur\u00fcckkamen und so viel Zerst\u00f6rung sahen?<\/strong><\/h4>\n<p>Als ich die Kirche zerst\u00f6rt und verbrannt sah, empfand ich zuerst eine gro\u00dfe Traurigkeit. Es war so traurig, das Haus Gottes leer und so zerst\u00f6rt zu sehen. Aber gleichzeitig f\u00fchlte ich Freude und Gl\u00fcck, zur\u00fcck in die Stadt zu kommen und die Kirche wieder zu betreten. Es war also Freude und Trauer zugleich.<\/p>\n<h4><strong>Was bedeutet es f\u00fcr Sie, f\u00fcr den Wiederaufbau verantwortlich zu sein?<\/strong><\/h4>\n<p>Als der Bischof mich bat, das Wiederaufbauteam zu leiten, war das ein sehr gl\u00fccklicher Moment f\u00fcr mich, denn ich erinnerte mich an all die Menschen, die in der Vergangenheit geholfen hatten, die Kirche zu bauen, an unsere Eltern und Gro\u00dfeltern; ich f\u00fchlte mich mit all denen verbunden, die ihren Glauben teilten.<\/p>\n<figure id=\"attachment_147032\" aria-describedby=\"caption-attachment-147032\" style=\"width: 670px\" class=\"wp-caption aligncenter\"><img loading=\"lazy\" decoding=\"async\" class=\"wp-image-147032 size-full\" src=\"https:\/\/media.acninternational.org\/wp-content\/uploads\/2021\/01\/Iraq_Fr.-Ammar-Yako-1.jpg\" alt=\"Pater Ammar Yako.\" width=\"670\" height=\"400\" srcset=\"https:\/\/media.acninternational.org\/wp-content\/uploads\/2021\/01\/Iraq_Fr.-Ammar-Yako-1.jpg 670w, https:\/\/media.acninternational.org\/wp-content\/uploads\/2021\/01\/Iraq_Fr.-Ammar-Yako-1-300x179.jpg 300w\" sizes=\"auto, (max-width: 670px) 100vw, 670px\" \/><figcaption id=\"caption-attachment-147032\" class=\"wp-caption-text\">Pater Ammar Yako.<\/figcaption><\/figure>\n<h4><strong>Wie hat sich die Rekonstruktion entwickelt?<\/strong><\/h4>\n<p>Der Wiederaufbau begann im Jahr 2019. Die erste Phase der Arbeiten, die bis Ende 2019 dauerte, bestand aus der Befestigung der S\u00e4ulen. Im Jahr 2020 begannen wir die zweite und dritte Phase, die den Wiederaufbau der Kirche innen und au\u00dfen umfasste. Gott sei Dank haben wir die letzte Phase des Wiederaufbaus erreicht, und wir hoffen, dass wir bald alle Teilbereiche des Wiederaufbaus der Kirche abschlie\u00dfen k\u00f6nnen.<\/p>\n<h4><strong>Wie war die Reaktion der Gemeinschaft der Gl\u00e4ubigen auf den Wiederaufbau der Kirche?<\/strong><\/h4>\n<p>Der Wiederaufbau der Al-Tahira-Kirche ist sehr wichtig f\u00fcr die Gemeinde von Qaraqosh. Alle Menschen hier empfinden sie als ihr Zuhause, als Teil ihrer Geschichte. Deshalb ist es sehr wichtig, die Kirche wieder zu \u00f6ffnen. Nat\u00fcrlich haben wir in Qaraqosh erst mal damit begonnen, den Menschen zu helfen, ihre H\u00e4user wiederaufzubauen, auch mit Hilfe von ACN. Als wir fertig waren, fragten uns viele Leute, wann wir mit dem Wiederaufbau der Kirche beginnen w\u00fcrden. Gott sei Dank sind wir fast fertig. Ich sp\u00fcre, dass die Menschen sich darauf freuen, wieder hierher zu kommen und zu beten und allen zu zeigen, dass ihre Kirche offen ist und dass wir in dieser Kirche wieder zu Gott beten k\u00f6nnen.<\/p>\n<h4><strong>Was bedeutet der Besuch des Papstes f\u00fcr Sie?<\/strong><\/h4>\n<p>Es ist gro\u00dfartig, in dieser Zeit hier in Qaraqosh zu sein, um unseren Papst zu begr\u00fc\u00dfen. Als bekannt wurde, dass der Papst den Irak und Qaraqosh besuchen w\u00fcrde, f\u00fchlte ich mich sehr gl\u00fccklich, den Heiligen Vater hier willkommen hei\u00dfen zu k\u00f6nnen, in dieser Kirche, in dieser Stadt, und unseren Glauben gemeinsam zu teilen. Der Papst kann uns helfen, unseren Glauben in diesen Zeiten zu leben, und wir k\u00f6nnen ihm zeigen, wie unser Leben als Christen hier in Qaraqosh, im Irak, aussieht.<\/p>\n<h4><strong>Vor welchen Herausforderungen stehen die Gl\u00e4ubigen hier im Irak?<\/strong><\/h4>\n<p>Im Irak stehen die Christen vor vielen Herausforderungen. Zun\u00e4chst einmal sind sie Teil dieses Landes, das immer noch instabil ist. Nat\u00fcrlich m\u00fcssen wir vor allem Gott dienen, damit er uns hilft, unser Leben im Irak weiterzuf\u00fchren. Als Gemeinschaft haben wir viele weitere Herausforderungen. Als Minderheit haben wir nicht viele M\u00f6glichkeiten zu arbeiten, also m\u00fcssen wir uns sehr bem\u00fchen, Arbeit f\u00fcr unsere Leute zu finden. Das gr\u00f6\u00dfte Problem ist jedoch die Auswanderung. Viele Familien sind jetzt weit weg von Qaraqosh und dem Irak, und wenn sich die Situation nicht verbessert, werden viele von ihnen vielleicht nicht zur\u00fcckkehren.<\/p>\n<h4><strong>K\u00f6nnten Sie eine Nachricht an die Wohlt\u00e4ter von ACN senden?<\/strong><\/h4>\n<p>Ich m\u00f6chte ACN f\u00fcr alles danken, was sie f\u00fcr uns getan haben, als wir vertrieben wurden. Als wir aus allen St\u00e4dten nach Kurdistan geflohen sind, hat uns ACN drei Jahre lang unterst\u00fctzt. Ich danke allen Wohlt\u00e4tern f\u00fcr ihre Hilfe. Als wir nach Qaraqosh zur\u00fcckkehrten, halfen sie uns auch beim Wiederaufbau von H\u00e4usern und Kirchen und bei vielen anderen Problemen. Ich danke Ihnen sehr, und Gott segne Sie. Wir hoffen, dass wir gemeinsam der Welt unseren christlichen Glauben zeigen k\u00f6nnen.<\/p>\n<h4><strong>Warum sollten die Wohlt\u00e4ter von ACN das Volk von Qaraqosh nicht vergessen?<\/strong><\/h4>\n<p>In der gegenw\u00e4rtigen Situation brauchen wir immer noch die Hilfe von Organisationen, und besonders von ACN, f\u00fcr die vielen Bed\u00fcrfnisse der Gemeinden in Qaraqosh. Bitte helfen Sie uns weiterhin und geben Sie unserer Gemeinde Hoffnung, dass wir hier in Qaraqosh weiterhin leben k\u00f6nnen.<\/p>\n<p>&nbsp;<\/p>\n","protected":false},"excerpt":{"rendered":"<p>Die Al-Tahira Kirche in Qaraqosh, von ISIS zerst\u00f6rt, wurde mit ACN-Hilfe wiederaufgebaut. Papst Franziskus besucht sie am 7. M\u00e4rz.<\/p>\n","protected":false},"author":4258341447,"featured_media":148495,"comment_status":"closed","ping_status":"closed","sticky":false,"template":"","format":"standard","meta":{"_acf_changed":false,"_acn_coauthor_ids":[],"footnotes":""},"categories":[954],"tags":[],"country":[386],"class_list":["post-148489","post","type-post","status-publish","format-standard","has-post-thumbnail","hentry","category-news-de","country-irak"],"acn_coauthors":[],"acf":[],"yoast_head":"<!-- This site is optimized with the Yoast SEO Premium plugin v27.3 (Yoast SEO v27.3) - https:\/\/yoast.com\/product\/yoast-seo-premium-wordpress\/ -->\n<title>Irak: Pater Ammar Yako: \u201eSie ist ein Teil unserer Geschichte.\u201c<\/title>\n<meta name=\"description\" content=\"Die Al-Tahira Kirche in Qaraqosh, von ISIS zerst\u00f6rt, wurde mit ACN-Hilfe wiederaufgebaut. Papst Franziskus besucht sie am 7. M\u00e4rz.\" \/>\n<meta name=\"robots\" content=\"index, follow, max-snippet:-1, max-image-preview:large, max-video-preview:-1\" \/>\n<link rel=\"canonical\" href=\"https:\/\/acninternational.org\/de\/irak-pater-ammar-yako-sie-ist-ein-teil-unserer-geschichte\/\" \/>\n<meta property=\"og:locale\" content=\"de_DE\" \/>\n<meta property=\"og:type\" content=\"article\" \/>\n<meta property=\"og:title\" content=\"Irak: Pater Ammar Yako: \u201eSie ist ein Teil unserer Geschichte.\u201c\" \/>\n<meta property=\"og:description\" content=\"Die Al-Tahira Kirche in Qaraqosh, von ISIS zerst\u00f6rt, wurde mit ACN-Hilfe wiederaufgebaut. Papst Franziskus besucht sie am 7. M\u00e4rz.\" \/>\n<meta property=\"og:url\" content=\"https:\/\/acninternational.org\/de\/irak-pater-ammar-yako-sie-ist-ein-teil-unserer-geschichte\/\" \/>\n<meta property=\"og:site_name\" content=\"ACN International\" \/>\n<meta property=\"article:publisher\" content=\"https:\/\/www.facebook.com\/acninternationalorg\" \/>\n<meta property=\"article:published_time\" content=\"2021-02-19T09:10:04+00:00\" \/>\n<meta property=\"article:modified_time\" content=\"2025-02-28T08:47:05+00:00\" \/>\n<meta property=\"og:image\" content=\"https:\/\/media.acninternational.org\/wp-content\/uploads\/2021\/02\/Iraq_Qaraqosh.jpg\" \/>\n\t<meta property=\"og:image:width\" content=\"1400\" \/>\n\t<meta property=\"og:image:height\" content=\"438\" \/>\n\t<meta property=\"og:image:type\" content=\"image\/jpeg\" \/>\n<meta name=\"author\" content=\"ACN Press Team\" \/>\n<meta name=\"twitter:card\" content=\"summary_large_image\" \/>\n<meta name=\"twitter:creator\" content=\"@acn_int\" \/>\n<meta name=\"twitter:site\" content=\"@acn_int\" \/>\n<meta name=\"twitter:label1\" content=\"Verfasst von\" \/>\n\t<meta name=\"twitter:data1\" content=\"ACN Press Team\" \/>\n\t<meta name=\"twitter:label2\" content=\"Gesch\u00e4tzte Lesezeit\" \/>\n\t<meta name=\"twitter:data2\" content=\"5\u00a0Minuten\" \/>\n<script type=\"application\/ld+json\" class=\"yoast-schema-graph\">{\"@context\":\"https:\\\/\\\/schema.org\",\"@graph\":[{\"@type\":\"Article\",\"@id\":\"https:\\\/\\\/acninternational.org\\\/de\\\/irak-pater-ammar-yako-sie-ist-ein-teil-unserer-geschichte\\\/#article\",\"isPartOf\":{\"@id\":\"https:\\\/\\\/acninternational.org\\\/de\\\/irak-pater-ammar-yako-sie-ist-ein-teil-unserer-geschichte\\\/\"},\"author\":{\"name\":\"ACN Press Team\",\"@id\":\"https:\\\/\\\/acninternational.org\\\/de\\\/#\\\/schema\\\/person\\\/7f3dafb236b242fb2aa46be1411fd703\"},\"headline\":\"Irak: Pater Ammar Yako: \u201eSie ist ein Teil unserer Geschichte.\u201c\",\"datePublished\":\"2021-02-19T09:10:04+00:00\",\"dateModified\":\"2025-02-28T08:47:05+00:00\",\"mainEntityOfPage\":{\"@id\":\"https:\\\/\\\/acninternational.org\\\/de\\\/irak-pater-ammar-yako-sie-ist-ein-teil-unserer-geschichte\\\/\"},\"wordCount\":1008,\"publisher\":{\"@id\":\"https:\\\/\\\/acninternational.org\\\/de\\\/#organization\"},\"image\":{\"@id\":\"https:\\\/\\\/acninternational.org\\\/de\\\/irak-pater-ammar-yako-sie-ist-ein-teil-unserer-geschichte\\\/#primaryimage\"},\"thumbnailUrl\":\"https:\\\/\\\/media.acninternational.org\\\/wp-content\\\/uploads\\\/2021\\\/02\\\/Iraq_Qaraqosh.jpg\",\"articleSection\":[\"Nachricht\"],\"inLanguage\":\"de\"},{\"@type\":\"WebPage\",\"@id\":\"https:\\\/\\\/acninternational.org\\\/de\\\/irak-pater-ammar-yako-sie-ist-ein-teil-unserer-geschichte\\\/\",\"url\":\"https:\\\/\\\/acninternational.org\\\/de\\\/irak-pater-ammar-yako-sie-ist-ein-teil-unserer-geschichte\\\/\",\"name\":\"Irak: Pater Ammar Yako: \u201eSie ist ein Teil unserer Geschichte.\u201c\",\"isPartOf\":{\"@id\":\"https:\\\/\\\/acninternational.org\\\/de\\\/#website\"},\"primaryImageOfPage\":{\"@id\":\"https:\\\/\\\/acninternational.org\\\/de\\\/irak-pater-ammar-yako-sie-ist-ein-teil-unserer-geschichte\\\/#primaryimage\"},\"image\":{\"@id\":\"https:\\\/\\\/acninternational.org\\\/de\\\/irak-pater-ammar-yako-sie-ist-ein-teil-unserer-geschichte\\\/#primaryimage\"},\"thumbnailUrl\":\"https:\\\/\\\/media.acninternational.org\\\/wp-content\\\/uploads\\\/2021\\\/02\\\/Iraq_Qaraqosh.jpg\",\"datePublished\":\"2021-02-19T09:10:04+00:00\",\"dateModified\":\"2025-02-28T08:47:05+00:00\",\"description\":\"Die Al-Tahira Kirche in Qaraqosh, von ISIS zerst\u00f6rt, wurde mit ACN-Hilfe wiederaufgebaut. Papst Franziskus besucht sie am 7. M\u00e4rz.\",\"breadcrumb\":{\"@id\":\"https:\\\/\\\/acninternational.org\\\/de\\\/irak-pater-ammar-yako-sie-ist-ein-teil-unserer-geschichte\\\/#breadcrumb\"},\"inLanguage\":\"de\",\"potentialAction\":[{\"@type\":\"ReadAction\",\"target\":[\"https:\\\/\\\/acninternational.org\\\/de\\\/irak-pater-ammar-yako-sie-ist-ein-teil-unserer-geschichte\\\/\"]}]},{\"@type\":\"ImageObject\",\"inLanguage\":\"de\",\"@id\":\"https:\\\/\\\/acninternational.org\\\/de\\\/irak-pater-ammar-yako-sie-ist-ein-teil-unserer-geschichte\\\/#primaryimage\",\"url\":\"https:\\\/\\\/media.acninternational.org\\\/wp-content\\\/uploads\\\/2021\\\/02\\\/Iraq_Qaraqosh.jpg\",\"contentUrl\":\"https:\\\/\\\/media.acninternational.org\\\/wp-content\\\/uploads\\\/2021\\\/02\\\/Iraq_Qaraqosh.jpg\",\"width\":1400,\"height\":438},{\"@type\":\"BreadcrumbList\",\"@id\":\"https:\\\/\\\/acninternational.org\\\/de\\\/irak-pater-ammar-yako-sie-ist-ein-teil-unserer-geschichte\\\/#breadcrumb\",\"itemListElement\":[{\"@type\":\"ListItem\",\"position\":1,\"name\":\"Home\",\"item\":\"https:\\\/\\\/acninternational.org\\\/de\\\/\"},{\"@type\":\"ListItem\",\"position\":2,\"name\":\"Nachricht\",\"item\":\"https:\\\/\\\/acninternational.org\\\/de\\\/category\\\/news-de\\\/\"},{\"@type\":\"ListItem\",\"position\":3,\"name\":\"Irak: Pater Ammar Yako: \u201eSie ist ein Teil unserer Geschichte.\u201c\"}]},{\"@type\":\"WebSite\",\"@id\":\"https:\\\/\\\/acninternational.org\\\/de\\\/#website\",\"url\":\"https:\\\/\\\/acninternational.org\\\/de\\\/\",\"name\":\"ACN International\",\"description\":\"\",\"publisher\":{\"@id\":\"https:\\\/\\\/acninternational.org\\\/de\\\/#organization\"},\"potentialAction\":[{\"@type\":\"SearchAction\",\"target\":{\"@type\":\"EntryPoint\",\"urlTemplate\":\"https:\\\/\\\/acninternational.org\\\/de\\\/?s={search_term_string}\"},\"query-input\":{\"@type\":\"PropertyValueSpecification\",\"valueRequired\":true,\"valueName\":\"search_term_string\"}}],\"inLanguage\":\"de\"},{\"@type\":\"Organization\",\"@id\":\"https:\\\/\\\/acninternational.org\\\/de\\\/#organization\",\"name\":\"Aid to the Church in Need International\",\"url\":\"https:\\\/\\\/acninternational.org\\\/de\\\/\",\"logo\":{\"@type\":\"ImageObject\",\"inLanguage\":\"de\",\"@id\":\"https:\\\/\\\/acninternational.org\\\/de\\\/#\\\/schema\\\/logo\\\/image\\\/\",\"url\":\"https:\\\/\\\/media.acninternational.org\\\/wp-content\\\/uploads\\\/2019\\\/11\\\/acn_logo_blackvector.svg\",\"contentUrl\":\"https:\\\/\\\/media.acninternational.org\\\/wp-content\\\/uploads\\\/2019\\\/11\\\/acn_logo_blackvector.svg\",\"width\":232.6,\"height\":78,\"caption\":\"Aid to the Church in Need International\"},\"image\":{\"@id\":\"https:\\\/\\\/acninternational.org\\\/de\\\/#\\\/schema\\\/logo\\\/image\\\/\"},\"sameAs\":[\"https:\\\/\\\/www.facebook.com\\\/acninternationalorg\",\"https:\\\/\\\/x.com\\\/acn_int\",\"https:\\\/\\\/www.youtube.com\\\/channel\\\/UCQ-077gS0TnVzkhHmf1opZw\",\"https:\\\/\\\/www.instagram.com\\\/acn_international\\\/\"]},{\"@type\":\"Person\",\"@id\":\"https:\\\/\\\/acninternational.org\\\/de\\\/#\\\/schema\\\/person\\\/7f3dafb236b242fb2aa46be1411fd703\",\"name\":\"ACN Press Team\",\"description\":\"Lorem ipsum dolor sit amet, consectetur adipiscing elit, sed do eiusmod tempor incididunt ut labore et dolore magna aliqua. Ut enim ad minim veniam, quis nostrud exercitation ullamco laboris nisi ut aliquip ex ea commodo consequat.\",\"url\":\"https:\\\/\\\/acninternational.org\\\/de\\\/author\\\/acn-press-team\\\/\"}]}<\/script>\n<!-- \/ Yoast SEO Premium plugin. -->","yoast_head_json":{"title":"Irak: Pater Ammar Yako: \u201eSie ist ein Teil unserer Geschichte.\u201c","description":"Die Al-Tahira Kirche in Qaraqosh, von ISIS zerst\u00f6rt, wurde mit ACN-Hilfe wiederaufgebaut. Papst Franziskus besucht sie am 7. M\u00e4rz.","robots":{"index":"index","follow":"follow","max-snippet":"max-snippet:-1","max-image-preview":"max-image-preview:large","max-video-preview":"max-video-preview:-1"},"canonical":"https:\/\/acninternational.org\/de\/irak-pater-ammar-yako-sie-ist-ein-teil-unserer-geschichte\/","og_locale":"de_DE","og_type":"article","og_title":"Irak: Pater Ammar Yako: \u201eSie ist ein Teil unserer Geschichte.\u201c","og_description":"Die Al-Tahira Kirche in Qaraqosh, von ISIS zerst\u00f6rt, wurde mit ACN-Hilfe wiederaufgebaut. Papst Franziskus besucht sie am 7. M\u00e4rz.","og_url":"https:\/\/acninternational.org\/de\/irak-pater-ammar-yako-sie-ist-ein-teil-unserer-geschichte\/","og_site_name":"ACN International","article_publisher":"https:\/\/www.facebook.com\/acninternationalorg","article_published_time":"2021-02-19T09:10:04+00:00","article_modified_time":"2025-02-28T08:47:05+00:00","og_image":[{"width":1400,"height":438,"url":"https:\/\/media.acninternational.org\/wp-content\/uploads\/2021\/02\/Iraq_Qaraqosh.jpg","type":"image\/jpeg"}],"author":"ACN Press Team","twitter_card":"summary_large_image","twitter_creator":"@acn_int","twitter_site":"@acn_int","twitter_misc":{"Verfasst von":"ACN Press Team","Gesch\u00e4tzte Lesezeit":"5\u00a0Minuten"},"schema":{"@context":"https:\/\/schema.org","@graph":[{"@type":"Article","@id":"https:\/\/acninternational.org\/de\/irak-pater-ammar-yako-sie-ist-ein-teil-unserer-geschichte\/#article","isPartOf":{"@id":"https:\/\/acninternational.org\/de\/irak-pater-ammar-yako-sie-ist-ein-teil-unserer-geschichte\/"},"author":{"name":"ACN Press Team","@id":"https:\/\/acninternational.org\/de\/#\/schema\/person\/7f3dafb236b242fb2aa46be1411fd703"},"headline":"Irak: Pater Ammar Yako: \u201eSie ist ein Teil unserer Geschichte.\u201c","datePublished":"2021-02-19T09:10:04+00:00","dateModified":"2025-02-28T08:47:05+00:00","mainEntityOfPage":{"@id":"https:\/\/acninternational.org\/de\/irak-pater-ammar-yako-sie-ist-ein-teil-unserer-geschichte\/"},"wordCount":1008,"publisher":{"@id":"https:\/\/acninternational.org\/de\/#organization"},"image":{"@id":"https:\/\/acninternational.org\/de\/irak-pater-ammar-yako-sie-ist-ein-teil-unserer-geschichte\/#primaryimage"},"thumbnailUrl":"https:\/\/media.acninternational.org\/wp-content\/uploads\/2021\/02\/Iraq_Qaraqosh.jpg","articleSection":["Nachricht"],"inLanguage":"de"},{"@type":"WebPage","@id":"https:\/\/acninternational.org\/de\/irak-pater-ammar-yako-sie-ist-ein-teil-unserer-geschichte\/","url":"https:\/\/acninternational.org\/de\/irak-pater-ammar-yako-sie-ist-ein-teil-unserer-geschichte\/","name":"Irak: Pater Ammar Yako: \u201eSie ist ein Teil unserer Geschichte.\u201c","isPartOf":{"@id":"https:\/\/acninternational.org\/de\/#website"},"primaryImageOfPage":{"@id":"https:\/\/acninternational.org\/de\/irak-pater-ammar-yako-sie-ist-ein-teil-unserer-geschichte\/#primaryimage"},"image":{"@id":"https:\/\/acninternational.org\/de\/irak-pater-ammar-yako-sie-ist-ein-teil-unserer-geschichte\/#primaryimage"},"thumbnailUrl":"https:\/\/media.acninternational.org\/wp-content\/uploads\/2021\/02\/Iraq_Qaraqosh.jpg","datePublished":"2021-02-19T09:10:04+00:00","dateModified":"2025-02-28T08:47:05+00:00","description":"Die Al-Tahira Kirche in Qaraqosh, von ISIS zerst\u00f6rt, wurde mit ACN-Hilfe wiederaufgebaut. Papst Franziskus besucht sie am 7. M\u00e4rz.","breadcrumb":{"@id":"https:\/\/acninternational.org\/de\/irak-pater-ammar-yako-sie-ist-ein-teil-unserer-geschichte\/#breadcrumb"},"inLanguage":"de","potentialAction":[{"@type":"ReadAction","target":["https:\/\/acninternational.org\/de\/irak-pater-ammar-yako-sie-ist-ein-teil-unserer-geschichte\/"]}]},{"@type":"ImageObject","inLanguage":"de","@id":"https:\/\/acninternational.org\/de\/irak-pater-ammar-yako-sie-ist-ein-teil-unserer-geschichte\/#primaryimage","url":"https:\/\/media.acninternational.org\/wp-content\/uploads\/2021\/02\/Iraq_Qaraqosh.jpg","contentUrl":"https:\/\/media.acninternational.org\/wp-content\/uploads\/2021\/02\/Iraq_Qaraqosh.jpg","width":1400,"height":438},{"@type":"BreadcrumbList","@id":"https:\/\/acninternational.org\/de\/irak-pater-ammar-yako-sie-ist-ein-teil-unserer-geschichte\/#breadcrumb","itemListElement":[{"@type":"ListItem","position":1,"name":"Home","item":"https:\/\/acninternational.org\/de\/"},{"@type":"ListItem","position":2,"name":"Nachricht","item":"https:\/\/acninternational.org\/de\/category\/news-de\/"},{"@type":"ListItem","position":3,"name":"Irak: Pater Ammar Yako: \u201eSie ist ein Teil unserer Geschichte.\u201c"}]},{"@type":"WebSite","@id":"https:\/\/acninternational.org\/de\/#website","url":"https:\/\/acninternational.org\/de\/","name":"ACN International","description":"","publisher":{"@id":"https:\/\/acninternational.org\/de\/#organization"},"potentialAction":[{"@type":"SearchAction","target":{"@type":"EntryPoint","urlTemplate":"https:\/\/acninternational.org\/de\/?s={search_term_string}"},"query-input":{"@type":"PropertyValueSpecification","valueRequired":true,"valueName":"search_term_string"}}],"inLanguage":"de"},{"@type":"Organization","@id":"https:\/\/acninternational.org\/de\/#organization","name":"Aid to the Church in Need International","url":"https:\/\/acninternational.org\/de\/","logo":{"@type":"ImageObject","inLanguage":"de","@id":"https:\/\/acninternational.org\/de\/#\/schema\/logo\/image\/","url":"https:\/\/media.acninternational.org\/wp-content\/uploads\/2019\/11\/acn_logo_blackvector.svg","contentUrl":"https:\/\/media.acninternational.org\/wp-content\/uploads\/2019\/11\/acn_logo_blackvector.svg","width":232.6,"height":78,"caption":"Aid to the Church in Need International"},"image":{"@id":"https:\/\/acninternational.org\/de\/#\/schema\/logo\/image\/"},"sameAs":["https:\/\/www.facebook.com\/acninternationalorg","https:\/\/x.com\/acn_int","https:\/\/www.youtube.com\/channel\/UCQ-077gS0TnVzkhHmf1opZw","https:\/\/www.instagram.com\/acn_international\/"]},{"@type":"Person","@id":"https:\/\/acninternational.org\/de\/#\/schema\/person\/7f3dafb236b242fb2aa46be1411fd703","name":"ACN Press Team","description":"Lorem ipsum dolor sit amet, consectetur adipiscing elit, sed do eiusmod tempor incididunt ut labore et dolore magna aliqua. Ut enim ad minim veniam, quis nostrud exercitation ullamco laboris nisi ut aliquip ex ea commodo consequat.","url":"https:\/\/acninternational.org\/de\/author\/acn-press-team\/"}]}},"_links":{"self":[{"href":"https:\/\/acninternational.org\/de\/wp-json\/wp\/v2\/posts\/148489","targetHints":{"allow":["GET"]}}],"collection":[{"href":"https:\/\/acninternational.org\/de\/wp-json\/wp\/v2\/posts"}],"about":[{"href":"https:\/\/acninternational.org\/de\/wp-json\/wp\/v2\/types\/post"}],"author":[{"embeddable":true,"href":"https:\/\/acninternational.org\/de\/wp-json\/wp\/v2\/users\/4258341447"}],"replies":[{"embeddable":true,"href":"https:\/\/acninternational.org\/de\/wp-json\/wp\/v2\/comments?post=148489"}],"version-history":[{"count":0,"href":"https:\/\/acninternational.org\/de\/wp-json\/wp\/v2\/posts\/148489\/revisions"}],"wp:featuredmedia":[{"embeddable":true,"href":"https:\/\/acninternational.org\/de\/wp-json\/wp\/v2\/media\/148495"}],"wp:attachment":[{"href":"https:\/\/acninternational.org\/de\/wp-json\/wp\/v2\/media?parent=148489"}],"wp:term":[{"taxonomy":"category","embeddable":true,"href":"https:\/\/acninternational.org\/de\/wp-json\/wp\/v2\/categories?post=148489"},{"taxonomy":"post_tag","embeddable":true,"href":"https:\/\/acninternational.org\/de\/wp-json\/wp\/v2\/tags?post=148489"},{"taxonomy":"country","embeddable":true,"href":"https:\/\/acninternational.org\/de\/wp-json\/wp\/v2\/country?post=148489"}],"curies":[{"name":"wp","href":"https:\/\/api.w.org\/{rel}","templated":true}]}}