{"id":148364,"date":"2021-02-14T09:23:49","date_gmt":"2021-02-14T08:23:49","guid":{"rendered":"https:\/\/acninternational.org\/?p=148364"},"modified":"2021-02-15T11:45:00","modified_gmt":"2021-02-15T10:45:00","slug":"christen-in-pakistan-ein-erster-positiver-schritt","status":"publish","type":"post","link":"https:\/\/acninternational.org\/de\/christen-in-pakistan-ein-erster-positiver-schritt\/","title":{"rendered":"Christen in Pakistan: \u201eEin erster positiver Schritt\u201c"},"content":{"rendered":"<p><strong><em>Religi\u00f6se Minderheiten in Pakistan, wie z. B. Christen und Hindus, sehen sich einer schmerzhaften Diskriminierung und Verfolgung durch die muslimische Mehrheitsbev\u00f6lkerung ausgesetzt. Eine neue Initiative der Regierung soll dem Einhalt gebieten. ACN fragte Shahid Mobeen, pakistanischer Professor f\u00fcr Philosophie in Rom, nach seiner Einsch\u00e4tzung der Situation.<\/em><\/strong><\/p>\n<p><strong><em>Sehr geehrter Herr Prof. Mobeen: Am 7. Januar hat die pakistanische Regierung einen &#8222;Appell an die Nicht-Muslime in Pakistan&#8220; ver\u00f6ffentlicht. Was enth\u00e4lt dieser genau?<br \/>\n<\/em><\/strong>In dem Appell wurde die Schaffung einer speziellen Abteilung f\u00fcr interreligi\u00f6se Harmonie innerhalb des Regierungsb\u00fcros angek\u00fcndigt. Allerdings hat der zust\u00e4ndige Vertreter Tahir Mehmood Ashrafi den Worten noch keine Taten folgen lassen. Es ist ein erster positiver Schritt zum Schutz des Rechts auf Religionsfreiheit f\u00fcr Nicht-Muslime in Pakistan. Allerdings ist es kaum mehr als ein Zeichen des guten Willens.<\/p>\n<p><strong><em>Warum richtet sich der Appell an Nicht-Muslime? Ist es nicht eher die muslimische Bev\u00f6lkerung, die angesprochen werden sollte?<br \/>\n<\/em><\/strong>Die nicht-muslimische Bev\u00f6lkerung muss mit ins Boot geholt werden, es muss eine gemeinschaftliche Anstrengung sein. Aber es ist die muslimische Bev\u00f6lkerung, die ihre Einstellung \u00e4ndern muss. Au\u00dferdem: Warum wurde ein Muslim [Tahir Mehmood Ashrafi] als Repr\u00e4sentant eingesetzt? Es w\u00e4re viel effektiver gewesen, ein Mitglied einer religi\u00f6sen Minderheit zu w\u00e4hlen.<\/p>\n<figure id=\"attachment_145610\" aria-describedby=\"caption-attachment-145610\" style=\"width: 670px\" class=\"wp-caption alignnone\"><img loading=\"lazy\" decoding=\"async\" class=\"wp-image-145610 size-full\" src=\"https:\/\/media.acninternational.org\/wp-content\/uploads\/2020\/12\/Sonia-Bibi_Pakistan.jpg\" alt=\"Pakistan, Rawalpindi - Sonia Bibi, 24, wurde Berichten zufolge an der Bushaltestelle Fazaia Colony in Rawalpindi, nahe der Hauptstadt Islamabad, erschossen.\" width=\"670\" height=\"400\" srcset=\"https:\/\/media.acninternational.org\/wp-content\/uploads\/2020\/12\/Sonia-Bibi_Pakistan.jpg 670w, https:\/\/media.acninternational.org\/wp-content\/uploads\/2020\/12\/Sonia-Bibi_Pakistan-300x179.jpg 300w\" sizes=\"auto, (max-width: 670px) 100vw, 670px\" \/><figcaption id=\"caption-attachment-145610\" class=\"wp-caption-text\">Pakistan, Rawalpindi &#8211; Sonia Bibi, 24, wurde Berichten zufolge an der Bushaltestelle Fazaia Colony in Rawalpindi, nahe der Hauptstadt Islamabad, erschossen.<\/figcaption><\/figure>\n<p><strong><em>Was ist die gr\u00f6\u00dfte Bedrohung f\u00fcr die nicht-muslimische Bev\u00f6lkerung in Pakistan?<br \/>\n<\/em><\/strong>Da ist einmal der Missbrauch der Blasphemiegesetze, die dazu benutzt werden, Menschen daran zu hindern, ihren Glauben offen zu leben und zu verk\u00fcnden. Aber vor allem ist es die Entf\u00fchrung und Zwangskonversion von minderj\u00e4hrigen M\u00e4dchen. Bis zum letzten Jahr betrug die Zahl der Zwangskonversionen von christlichen M\u00e4dchen etwa 1000 F\u00e4lle pro Jahr. Im Jahr 2020 stiegen die F\u00e4lle auf \u00fcber 2000 an. Dabei geht es den T\u00e4tern eigentlich nicht darum, Menschen zu ihrem Glauben zu bekehren. Wenn es so w\u00e4re, warum versuchen sie dann nicht, \u00e4ltere Witwen zu bekehren? Sie wollen einfach junge M\u00e4dchen als Ehefrauen haben.<\/p>\n<figure id=\"attachment_148416\" aria-describedby=\"caption-attachment-148416\" style=\"width: 670px\" class=\"wp-caption alignnone\"><img loading=\"lazy\" decoding=\"async\" class=\"wp-image-148416 size-full\" src=\"https:\/\/media.acninternational.org\/wp-content\/uploads\/2021\/02\/Shahid-Mobeen-Pakistani-Professor-of-Philosophy-in-Rome-1.jpg\" alt=\"Shahid Mobeen, pakistanischer Professor f\u00fcr Philosophie in Rom.\" width=\"670\" height=\"400\" srcset=\"https:\/\/media.acninternational.org\/wp-content\/uploads\/2021\/02\/Shahid-Mobeen-Pakistani-Professor-of-Philosophy-in-Rome-1.jpg 670w, https:\/\/media.acninternational.org\/wp-content\/uploads\/2021\/02\/Shahid-Mobeen-Pakistani-Professor-of-Philosophy-in-Rome-1-300x179.jpg 300w\" sizes=\"auto, (max-width: 670px) 100vw, 670px\" \/><figcaption id=\"caption-attachment-148416\" class=\"wp-caption-text\">Shahid Mobeen, pakistanischer Professor f\u00fcr Philosophie in Rom.<\/figcaption><\/figure>\n<p><strong><em>Sind Christen und andere religi\u00f6se Minderheiten (z.B. Hindus) in gleicher Weise bedroht?<br \/>\n<\/em><\/strong>Gegen\u00fcber den Hindus gibt es eine Kombination aus religi\u00f6ser und politischer Feindschaft, wegen ihrer Loyalit\u00e4t zu Indien. Allerdings ist die religi\u00f6se Abneigung gegen Christen st\u00e4rker.<\/p>\n<p><strong><em>Wir h\u00f6ren auch von positiven Beispielen lokaler Zusammenarbeit zwischen Muslimen und Christen, sogar vom gemeinsamen Bau einer Kapelle wie in Gujranwala in der nord\u00f6stlichen Provinz Punjab. Liegt die Hoffnung auf zuk\u00fcnftige Vers\u00f6hnung eher an der Basis und weniger in offiziellen Verlautbarungen?<br \/>\n<\/em><\/strong>Es ist ein wechselseitiger Prozess. An der Basis werden Menschen sensibilisiert und liefern positive Vorbilder, was die \u00f6ffentliche Meinung beeinflussen kann. Letztlich ist es aber das Bildungssystem, das noch ein Relikt der 70er und 80er Jahre ist, das sich verbessern muss, und daf\u00fcr ist die Regierung zust\u00e4ndig. Bildung brachte einst den Hass zu den Menschen, jetzt muss sie die Heilerin sein.<\/p>\n<p>&nbsp;<\/p>\n","protected":false},"excerpt":{"rendered":"<p>Religi\u00f6se Minderheiten in Pakistan, wie z. B. Christen und Hindus, sehen sich einer schmerzhaften Diskriminierung und Verfolgung durch die muslimische<\/p>\n","protected":false},"author":4258341447,"featured_media":147230,"comment_status":"closed","ping_status":"closed","sticky":false,"template":"","format":"standard","meta":{"_acf_changed":false,"_acn_coauthor_ids":[],"footnotes":""},"categories":[234],"tags":[],"country":[104],"class_list":["post-148364","post","type-post","status-publish","format-standard","has-post-thumbnail","hentry","category-unkategorisiert","country-pakistan"],"acn_coauthors":[],"acf":[],"yoast_head":"<!-- This site is optimized with the Yoast SEO Premium plugin v27.3 (Yoast SEO v27.3) - https:\/\/yoast.com\/product\/yoast-seo-premium-wordpress\/ -->\n<title>Christen in Pakistan: \u201eEin erster positiver Schritt\u201c<\/title>\n<meta name=\"description\" content=\"Religi\u00f6se Minderheiten in Pakistan, wie z. B. Christen und Hindus, sehen sich einer schmerzhaften Diskriminierung und Verfolgung durch die muslimische Mehrheitsbev\u00f6lkerung ausgesetzt. Eine neue Initiative der Regierung soll dem Einhalt gebieten. ACN fragte Shahid Mobeen, pakistanischer Professor f\u00fcr Philosophie in Rom, nach seiner Einsch\u00e4tzung der Situation.\" \/>\n<meta name=\"robots\" content=\"index, follow, max-snippet:-1, max-image-preview:large, max-video-preview:-1\" \/>\n<link rel=\"canonical\" href=\"https:\/\/acninternational.org\/de\/christen-in-pakistan-ein-erster-positiver-schritt\/\" \/>\n<meta property=\"og:locale\" content=\"de_DE\" \/>\n<meta property=\"og:type\" content=\"article\" \/>\n<meta property=\"og:title\" content=\"Christen in Pakistan: \u201eEin erster positiver Schritt\u201c\" \/>\n<meta property=\"og:description\" content=\"Religi\u00f6se Minderheiten in Pakistan, wie z. B. Christen und Hindus, sehen sich einer schmerzhaften Diskriminierung und Verfolgung durch die muslimische Mehrheitsbev\u00f6lkerung ausgesetzt. Eine neue Initiative der Regierung soll dem Einhalt gebieten. ACN fragte Shahid Mobeen, pakistanischer Professor f\u00fcr Philosophie in Rom, nach seiner Einsch\u00e4tzung der Situation.\" \/>\n<meta property=\"og:url\" content=\"https:\/\/acninternational.org\/de\/christen-in-pakistan-ein-erster-positiver-schritt\/\" \/>\n<meta property=\"og:site_name\" content=\"ACN International\" \/>\n<meta property=\"article:publisher\" content=\"https:\/\/www.facebook.com\/acninternationalorg\" \/>\n<meta property=\"article:published_time\" content=\"2021-02-14T08:23:49+00:00\" \/>\n<meta property=\"article:modified_time\" content=\"2021-02-15T10:45:00+00:00\" \/>\n<meta property=\"og:image\" content=\"https:\/\/media.acninternational.org\/wp-content\/uploads\/2021\/01\/Pakistan.jpg\" \/>\n\t<meta property=\"og:image:width\" content=\"1400\" \/>\n\t<meta property=\"og:image:height\" content=\"438\" \/>\n\t<meta property=\"og:image:type\" content=\"image\/jpeg\" \/>\n<meta name=\"author\" content=\"ACN Press Team\" \/>\n<meta name=\"twitter:card\" content=\"summary_large_image\" \/>\n<meta name=\"twitter:creator\" content=\"@acn_int\" \/>\n<meta name=\"twitter:site\" content=\"@acn_int\" \/>\n<meta name=\"twitter:label1\" content=\"Verfasst von\" \/>\n\t<meta name=\"twitter:data1\" content=\"ACN Press Team\" \/>\n\t<meta name=\"twitter:label2\" content=\"Gesch\u00e4tzte Lesezeit\" \/>\n\t<meta name=\"twitter:data2\" content=\"3\u00a0Minuten\" \/>\n<script type=\"application\/ld+json\" class=\"yoast-schema-graph\">{\"@context\":\"https:\\\/\\\/schema.org\",\"@graph\":[{\"@type\":\"Article\",\"@id\":\"https:\\\/\\\/acninternational.org\\\/de\\\/christen-in-pakistan-ein-erster-positiver-schritt\\\/#article\",\"isPartOf\":{\"@id\":\"https:\\\/\\\/acninternational.org\\\/de\\\/christen-in-pakistan-ein-erster-positiver-schritt\\\/\"},\"author\":{\"name\":\"ACN Press Team\",\"@id\":\"https:\\\/\\\/acninternational.org\\\/de\\\/#\\\/schema\\\/person\\\/7f3dafb236b242fb2aa46be1411fd703\"},\"headline\":\"Christen in Pakistan: \u201eEin erster positiver Schritt\u201c\",\"datePublished\":\"2021-02-14T08:23:49+00:00\",\"dateModified\":\"2021-02-15T10:45:00+00:00\",\"mainEntityOfPage\":{\"@id\":\"https:\\\/\\\/acninternational.org\\\/de\\\/christen-in-pakistan-ein-erster-positiver-schritt\\\/\"},\"wordCount\":535,\"publisher\":{\"@id\":\"https:\\\/\\\/acninternational.org\\\/de\\\/#organization\"},\"image\":{\"@id\":\"https:\\\/\\\/acninternational.org\\\/de\\\/christen-in-pakistan-ein-erster-positiver-schritt\\\/#primaryimage\"},\"thumbnailUrl\":\"https:\\\/\\\/media.acninternational.org\\\/wp-content\\\/uploads\\\/2021\\\/01\\\/Pakistan.jpg\",\"articleSection\":[\"Unkategorisiert\"],\"inLanguage\":\"de\"},{\"@type\":\"WebPage\",\"@id\":\"https:\\\/\\\/acninternational.org\\\/de\\\/christen-in-pakistan-ein-erster-positiver-schritt\\\/\",\"url\":\"https:\\\/\\\/acninternational.org\\\/de\\\/christen-in-pakistan-ein-erster-positiver-schritt\\\/\",\"name\":\"Christen in Pakistan: \u201eEin erster positiver Schritt\u201c\",\"isPartOf\":{\"@id\":\"https:\\\/\\\/acninternational.org\\\/de\\\/#website\"},\"primaryImageOfPage\":{\"@id\":\"https:\\\/\\\/acninternational.org\\\/de\\\/christen-in-pakistan-ein-erster-positiver-schritt\\\/#primaryimage\"},\"image\":{\"@id\":\"https:\\\/\\\/acninternational.org\\\/de\\\/christen-in-pakistan-ein-erster-positiver-schritt\\\/#primaryimage\"},\"thumbnailUrl\":\"https:\\\/\\\/media.acninternational.org\\\/wp-content\\\/uploads\\\/2021\\\/01\\\/Pakistan.jpg\",\"datePublished\":\"2021-02-14T08:23:49+00:00\",\"dateModified\":\"2021-02-15T10:45:00+00:00\",\"description\":\"Religi\u00f6se Minderheiten in Pakistan, wie z. B. Christen und Hindus, sehen sich einer schmerzhaften Diskriminierung und Verfolgung durch die muslimische Mehrheitsbev\u00f6lkerung ausgesetzt. Eine neue Initiative der Regierung soll dem Einhalt gebieten. ACN fragte Shahid Mobeen, pakistanischer Professor f\u00fcr Philosophie in Rom, nach seiner Einsch\u00e4tzung der Situation.\",\"breadcrumb\":{\"@id\":\"https:\\\/\\\/acninternational.org\\\/de\\\/christen-in-pakistan-ein-erster-positiver-schritt\\\/#breadcrumb\"},\"inLanguage\":\"de\",\"potentialAction\":[{\"@type\":\"ReadAction\",\"target\":[\"https:\\\/\\\/acninternational.org\\\/de\\\/christen-in-pakistan-ein-erster-positiver-schritt\\\/\"]}]},{\"@type\":\"ImageObject\",\"inLanguage\":\"de\",\"@id\":\"https:\\\/\\\/acninternational.org\\\/de\\\/christen-in-pakistan-ein-erster-positiver-schritt\\\/#primaryimage\",\"url\":\"https:\\\/\\\/media.acninternational.org\\\/wp-content\\\/uploads\\\/2021\\\/01\\\/Pakistan.jpg\",\"contentUrl\":\"https:\\\/\\\/media.acninternational.org\\\/wp-content\\\/uploads\\\/2021\\\/01\\\/Pakistan.jpg\",\"width\":1400,\"height\":438},{\"@type\":\"BreadcrumbList\",\"@id\":\"https:\\\/\\\/acninternational.org\\\/de\\\/christen-in-pakistan-ein-erster-positiver-schritt\\\/#breadcrumb\",\"itemListElement\":[{\"@type\":\"ListItem\",\"position\":1,\"name\":\"Home\",\"item\":\"https:\\\/\\\/acninternational.org\\\/de\\\/\"},{\"@type\":\"ListItem\",\"position\":2,\"name\":\"Nachricht\",\"item\":\"https:\\\/\\\/acninternational.org\\\/de\\\/category\\\/news-de\\\/\"},{\"@type\":\"ListItem\",\"position\":3,\"name\":\"Christen in Pakistan: \u201eEin erster positiver Schritt\u201c\"}]},{\"@type\":\"WebSite\",\"@id\":\"https:\\\/\\\/acninternational.org\\\/de\\\/#website\",\"url\":\"https:\\\/\\\/acninternational.org\\\/de\\\/\",\"name\":\"ACN International\",\"description\":\"\",\"publisher\":{\"@id\":\"https:\\\/\\\/acninternational.org\\\/de\\\/#organization\"},\"potentialAction\":[{\"@type\":\"SearchAction\",\"target\":{\"@type\":\"EntryPoint\",\"urlTemplate\":\"https:\\\/\\\/acninternational.org\\\/de\\\/?s={search_term_string}\"},\"query-input\":{\"@type\":\"PropertyValueSpecification\",\"valueRequired\":true,\"valueName\":\"search_term_string\"}}],\"inLanguage\":\"de\"},{\"@type\":\"Organization\",\"@id\":\"https:\\\/\\\/acninternational.org\\\/de\\\/#organization\",\"name\":\"Aid to the Church in Need International\",\"url\":\"https:\\\/\\\/acninternational.org\\\/de\\\/\",\"logo\":{\"@type\":\"ImageObject\",\"inLanguage\":\"de\",\"@id\":\"https:\\\/\\\/acninternational.org\\\/de\\\/#\\\/schema\\\/logo\\\/image\\\/\",\"url\":\"https:\\\/\\\/media.acninternational.org\\\/wp-content\\\/uploads\\\/2019\\\/11\\\/acn_logo_blackvector.svg\",\"contentUrl\":\"https:\\\/\\\/media.acninternational.org\\\/wp-content\\\/uploads\\\/2019\\\/11\\\/acn_logo_blackvector.svg\",\"width\":232.6,\"height\":78,\"caption\":\"Aid to the Church in Need International\"},\"image\":{\"@id\":\"https:\\\/\\\/acninternational.org\\\/de\\\/#\\\/schema\\\/logo\\\/image\\\/\"},\"sameAs\":[\"https:\\\/\\\/www.facebook.com\\\/acninternationalorg\",\"https:\\\/\\\/x.com\\\/acn_int\",\"https:\\\/\\\/www.youtube.com\\\/channel\\\/UCQ-077gS0TnVzkhHmf1opZw\",\"https:\\\/\\\/www.instagram.com\\\/acn_international\\\/\"]},{\"@type\":\"Person\",\"@id\":\"https:\\\/\\\/acninternational.org\\\/de\\\/#\\\/schema\\\/person\\\/7f3dafb236b242fb2aa46be1411fd703\",\"name\":\"ACN Press Team\",\"description\":\"Lorem ipsum dolor sit amet, consectetur adipiscing elit, sed do eiusmod tempor incididunt ut labore et dolore magna aliqua. Ut enim ad minim veniam, quis nostrud exercitation ullamco laboris nisi ut aliquip ex ea commodo consequat.\",\"url\":\"https:\\\/\\\/acninternational.org\\\/de\\\/author\\\/acn-press-team\\\/\"}]}<\/script>\n<!-- \/ Yoast SEO Premium plugin. -->","yoast_head_json":{"title":"Christen in Pakistan: \u201eEin erster positiver Schritt\u201c","description":"Religi\u00f6se Minderheiten in Pakistan, wie z. B. Christen und Hindus, sehen sich einer schmerzhaften Diskriminierung und Verfolgung durch die muslimische Mehrheitsbev\u00f6lkerung ausgesetzt. Eine neue Initiative der Regierung soll dem Einhalt gebieten. ACN fragte Shahid Mobeen, pakistanischer Professor f\u00fcr Philosophie in Rom, nach seiner Einsch\u00e4tzung der Situation.","robots":{"index":"index","follow":"follow","max-snippet":"max-snippet:-1","max-image-preview":"max-image-preview:large","max-video-preview":"max-video-preview:-1"},"canonical":"https:\/\/acninternational.org\/de\/christen-in-pakistan-ein-erster-positiver-schritt\/","og_locale":"de_DE","og_type":"article","og_title":"Christen in Pakistan: \u201eEin erster positiver Schritt\u201c","og_description":"Religi\u00f6se Minderheiten in Pakistan, wie z. B. Christen und Hindus, sehen sich einer schmerzhaften Diskriminierung und Verfolgung durch die muslimische Mehrheitsbev\u00f6lkerung ausgesetzt. Eine neue Initiative der Regierung soll dem Einhalt gebieten. ACN fragte Shahid Mobeen, pakistanischer Professor f\u00fcr Philosophie in Rom, nach seiner Einsch\u00e4tzung der Situation.","og_url":"https:\/\/acninternational.org\/de\/christen-in-pakistan-ein-erster-positiver-schritt\/","og_site_name":"ACN International","article_publisher":"https:\/\/www.facebook.com\/acninternationalorg","article_published_time":"2021-02-14T08:23:49+00:00","article_modified_time":"2021-02-15T10:45:00+00:00","og_image":[{"width":1400,"height":438,"url":"https:\/\/media.acninternational.org\/wp-content\/uploads\/2021\/01\/Pakistan.jpg","type":"image\/jpeg"}],"author":"ACN Press Team","twitter_card":"summary_large_image","twitter_creator":"@acn_int","twitter_site":"@acn_int","twitter_misc":{"Verfasst von":"ACN Press Team","Gesch\u00e4tzte Lesezeit":"3\u00a0Minuten"},"schema":{"@context":"https:\/\/schema.org","@graph":[{"@type":"Article","@id":"https:\/\/acninternational.org\/de\/christen-in-pakistan-ein-erster-positiver-schritt\/#article","isPartOf":{"@id":"https:\/\/acninternational.org\/de\/christen-in-pakistan-ein-erster-positiver-schritt\/"},"author":{"name":"ACN Press Team","@id":"https:\/\/acninternational.org\/de\/#\/schema\/person\/7f3dafb236b242fb2aa46be1411fd703"},"headline":"Christen in Pakistan: \u201eEin erster positiver Schritt\u201c","datePublished":"2021-02-14T08:23:49+00:00","dateModified":"2021-02-15T10:45:00+00:00","mainEntityOfPage":{"@id":"https:\/\/acninternational.org\/de\/christen-in-pakistan-ein-erster-positiver-schritt\/"},"wordCount":535,"publisher":{"@id":"https:\/\/acninternational.org\/de\/#organization"},"image":{"@id":"https:\/\/acninternational.org\/de\/christen-in-pakistan-ein-erster-positiver-schritt\/#primaryimage"},"thumbnailUrl":"https:\/\/media.acninternational.org\/wp-content\/uploads\/2021\/01\/Pakistan.jpg","articleSection":["Unkategorisiert"],"inLanguage":"de"},{"@type":"WebPage","@id":"https:\/\/acninternational.org\/de\/christen-in-pakistan-ein-erster-positiver-schritt\/","url":"https:\/\/acninternational.org\/de\/christen-in-pakistan-ein-erster-positiver-schritt\/","name":"Christen in Pakistan: \u201eEin erster positiver Schritt\u201c","isPartOf":{"@id":"https:\/\/acninternational.org\/de\/#website"},"primaryImageOfPage":{"@id":"https:\/\/acninternational.org\/de\/christen-in-pakistan-ein-erster-positiver-schritt\/#primaryimage"},"image":{"@id":"https:\/\/acninternational.org\/de\/christen-in-pakistan-ein-erster-positiver-schritt\/#primaryimage"},"thumbnailUrl":"https:\/\/media.acninternational.org\/wp-content\/uploads\/2021\/01\/Pakistan.jpg","datePublished":"2021-02-14T08:23:49+00:00","dateModified":"2021-02-15T10:45:00+00:00","description":"Religi\u00f6se Minderheiten in Pakistan, wie z. B. Christen und Hindus, sehen sich einer schmerzhaften Diskriminierung und Verfolgung durch die muslimische Mehrheitsbev\u00f6lkerung ausgesetzt. Eine neue Initiative der Regierung soll dem Einhalt gebieten. ACN fragte Shahid Mobeen, pakistanischer Professor f\u00fcr Philosophie in Rom, nach seiner Einsch\u00e4tzung der Situation.","breadcrumb":{"@id":"https:\/\/acninternational.org\/de\/christen-in-pakistan-ein-erster-positiver-schritt\/#breadcrumb"},"inLanguage":"de","potentialAction":[{"@type":"ReadAction","target":["https:\/\/acninternational.org\/de\/christen-in-pakistan-ein-erster-positiver-schritt\/"]}]},{"@type":"ImageObject","inLanguage":"de","@id":"https:\/\/acninternational.org\/de\/christen-in-pakistan-ein-erster-positiver-schritt\/#primaryimage","url":"https:\/\/media.acninternational.org\/wp-content\/uploads\/2021\/01\/Pakistan.jpg","contentUrl":"https:\/\/media.acninternational.org\/wp-content\/uploads\/2021\/01\/Pakistan.jpg","width":1400,"height":438},{"@type":"BreadcrumbList","@id":"https:\/\/acninternational.org\/de\/christen-in-pakistan-ein-erster-positiver-schritt\/#breadcrumb","itemListElement":[{"@type":"ListItem","position":1,"name":"Home","item":"https:\/\/acninternational.org\/de\/"},{"@type":"ListItem","position":2,"name":"Nachricht","item":"https:\/\/acninternational.org\/de\/category\/news-de\/"},{"@type":"ListItem","position":3,"name":"Christen in Pakistan: \u201eEin erster positiver Schritt\u201c"}]},{"@type":"WebSite","@id":"https:\/\/acninternational.org\/de\/#website","url":"https:\/\/acninternational.org\/de\/","name":"ACN International","description":"","publisher":{"@id":"https:\/\/acninternational.org\/de\/#organization"},"potentialAction":[{"@type":"SearchAction","target":{"@type":"EntryPoint","urlTemplate":"https:\/\/acninternational.org\/de\/?s={search_term_string}"},"query-input":{"@type":"PropertyValueSpecification","valueRequired":true,"valueName":"search_term_string"}}],"inLanguage":"de"},{"@type":"Organization","@id":"https:\/\/acninternational.org\/de\/#organization","name":"Aid to the Church in Need International","url":"https:\/\/acninternational.org\/de\/","logo":{"@type":"ImageObject","inLanguage":"de","@id":"https:\/\/acninternational.org\/de\/#\/schema\/logo\/image\/","url":"https:\/\/media.acninternational.org\/wp-content\/uploads\/2019\/11\/acn_logo_blackvector.svg","contentUrl":"https:\/\/media.acninternational.org\/wp-content\/uploads\/2019\/11\/acn_logo_blackvector.svg","width":232.6,"height":78,"caption":"Aid to the Church in Need International"},"image":{"@id":"https:\/\/acninternational.org\/de\/#\/schema\/logo\/image\/"},"sameAs":["https:\/\/www.facebook.com\/acninternationalorg","https:\/\/x.com\/acn_int","https:\/\/www.youtube.com\/channel\/UCQ-077gS0TnVzkhHmf1opZw","https:\/\/www.instagram.com\/acn_international\/"]},{"@type":"Person","@id":"https:\/\/acninternational.org\/de\/#\/schema\/person\/7f3dafb236b242fb2aa46be1411fd703","name":"ACN Press Team","description":"Lorem ipsum dolor sit amet, consectetur adipiscing elit, sed do eiusmod tempor incididunt ut labore et dolore magna aliqua. Ut enim ad minim veniam, quis nostrud exercitation ullamco laboris nisi ut aliquip ex ea commodo consequat.","url":"https:\/\/acninternational.org\/de\/author\/acn-press-team\/"}]}},"_links":{"self":[{"href":"https:\/\/acninternational.org\/de\/wp-json\/wp\/v2\/posts\/148364","targetHints":{"allow":["GET"]}}],"collection":[{"href":"https:\/\/acninternational.org\/de\/wp-json\/wp\/v2\/posts"}],"about":[{"href":"https:\/\/acninternational.org\/de\/wp-json\/wp\/v2\/types\/post"}],"author":[{"embeddable":true,"href":"https:\/\/acninternational.org\/de\/wp-json\/wp\/v2\/users\/4258341447"}],"replies":[{"embeddable":true,"href":"https:\/\/acninternational.org\/de\/wp-json\/wp\/v2\/comments?post=148364"}],"version-history":[{"count":0,"href":"https:\/\/acninternational.org\/de\/wp-json\/wp\/v2\/posts\/148364\/revisions"}],"wp:featuredmedia":[{"embeddable":true,"href":"https:\/\/acninternational.org\/de\/wp-json\/wp\/v2\/media\/147230"}],"wp:attachment":[{"href":"https:\/\/acninternational.org\/de\/wp-json\/wp\/v2\/media?parent=148364"}],"wp:term":[{"taxonomy":"category","embeddable":true,"href":"https:\/\/acninternational.org\/de\/wp-json\/wp\/v2\/categories?post=148364"},{"taxonomy":"post_tag","embeddable":true,"href":"https:\/\/acninternational.org\/de\/wp-json\/wp\/v2\/tags?post=148364"},{"taxonomy":"country","embeddable":true,"href":"https:\/\/acninternational.org\/de\/wp-json\/wp\/v2\/country?post=148364"}],"curies":[{"name":"wp","href":"https:\/\/api.w.org\/{rel}","templated":true}]}}