{"id":148171,"date":"2021-02-10T09:14:06","date_gmt":"2021-02-10T08:14:06","guid":{"rendered":"https:\/\/acninternational.org\/?p=148171"},"modified":"2021-02-10T09:20:06","modified_gmt":"2021-02-10T08:20:06","slug":"myanmar-wir-haben-genug-blut-vergossen","status":"publish","type":"post","link":"https:\/\/acninternational.org\/de\/myanmar-wir-haben-genug-blut-vergossen\/","title":{"rendered":"Myanmar: \u201eWir haben genug Blut vergossen\u201c"},"content":{"rendered":"<p><strong><em>Bischofskonferenz ruft nach Milit\u00e4rputsch zum Dialog auf<\/em><\/strong><\/p>\n<p><strong>\u00a0<\/strong>Nach dem Milit\u00e4rputsch in Myanmar hat die Bischofskonferenz des Landes einen Friedensappell an die Konfliktparteien und die Welt\u00f6ffentlichkeit gerichtet. \u201eWir gehen durch die herausforderndste Periode unserer Geschichte\u201c, schreiben die Bisch\u00f6fe in einer gemeinsamen Erkl\u00e4rung vom 4. Februar, die dem weltweiten p\u00e4pstlichen Hilfswerk \u201eKirche in Not\u201c vorliegt. Sie tr\u00e4gt die Unterschriften des Konferenzvorsitzenden, Erzbischof Charles Maung Kardinal Bo aus Yangon (Rangun), und dem Generalsekret\u00e4r der Bischofskonferenz, Weihbischof John Saw Yaw Han von Yangon.<\/p>\n<p>Die B\u00fcrger Myanmars rufen die Bisch\u00f6fe dazu auf, trotz \u201eder unerwarteten, schockierenden Ereignisse\u201c Ruhe zu bewahren und nicht zur Gewalt zu greifen: \u201eWir haben genug Blut vergossen.\u201c Es gebe auch gewaltlose Formen des Protests. Einen flehentlichen Appell richtet die Konferenz an die \u00c4rzte und Pflegekr\u00e4fte, die aus Protest gegen das Vorgehen des Milit\u00e4rs die Arbeit niedergelegt haben: \u201eWir gehen durch eine Zeit der Pandemie. (\u2026) Verlassen Sie die Menschen in Not nicht!\u201c<\/p>\n<p><strong>\u201eDie Bewohner Myanmars sind der leeren Versprechungen m\u00fcde\u201c<\/strong><\/p>\n<p>An die Milit\u00e4rs, in Myanmar Tatmadaw genannt, richten die Bisch\u00f6fe in ihrer Erkl\u00e4rung die Frage, was beim Demokratisierungsprozess in den vergangenen Jahren schiefgelaufen sei: \u201eGab es einen Mangel an Dialog zwischen den gew\u00e4hlten Regierungsvertretern und den Tatmadaw?\u201c Die Vorw\u00fcrfe des Milit\u00e4rs, dass bei den Parlamentswahlen im November Wahlbetrug ver\u00fcbt worden sei, k\u00f6nnten \u201edurch Dialog in Gegenwart neutraler Beobachter\u201c gel\u00f6st werden.<\/p>\n<p>\u201eJetzt versprechen Sie mehr Demokratie nach einer Untersuchung und neuen Wahlen. Die Bewohner Myanmars sind der leeren Versprechungen m\u00fcde\u201c, merkt die Bischofskonferenz skeptisch an und fragt, wie das Milit\u00e4r das Vertrauen des Volkes gewinnen wolle. Ein wichtiger Schritt in diese Richtung sei die Freilassung der Angeh\u00f6rigen der bisherigen Regierungspartei NLD (Nationale Liga f\u00fcr Demokratie) und weiterer Inhaftierter: \u201eSie haben Demokratie versprochen. Fangen Sie damit, indem Sie sie freilassen. Die Welt wird Sie verstehen.\u201c<\/p>\n<p>An die fr\u00fchere Regierungschefin und Friedensnobelpreistr\u00e4gerin Aung San Suu Kyi, die ebenfalls vom Milit\u00e4r inhaftiert wurde und nun wegen Wirtschaftsvergehen angeklagt werden soll, richten die Bisch\u00f6fe pers\u00f6nliche Worte: \u201eSie werden immer die Stimme unseres Volkes sein. (\u2026) Sie sind die Mutter der Nation. Die Wahrheit wird sich durchsetzen.\u201c Gleichzeitig betont die Bischofskonferenz, dass die \u201ej\u00fcngsten Ereignisse auf einem Mangel an Dialog und gegenseitiger Akzeptanz\u201c beruhten. \u201eBitte h\u00f6ren Sie auf andere.\u201c<\/p>\n<figure id=\"attachment_148067\" aria-describedby=\"caption-attachment-148067\" style=\"width: 670px\" class=\"wp-caption alignnone\"><img loading=\"lazy\" decoding=\"async\" class=\"wp-image-148067 size-full\" src=\"https:\/\/media.acninternational.org\/wp-content\/uploads\/2021\/02\/Charles-Bo.jpg\" alt=\"Kardinal Charles Bo, Erzbischof von Yangoun.\" width=\"670\" height=\"400\" srcset=\"https:\/\/media.acninternational.org\/wp-content\/uploads\/2021\/02\/Charles-Bo.jpg 670w, https:\/\/media.acninternational.org\/wp-content\/uploads\/2021\/02\/Charles-Bo-300x179.jpg 300w\" sizes=\"auto, (max-width: 670px) 100vw, 670px\" \/><figcaption id=\"caption-attachment-148067\" class=\"wp-caption-text\">Kardinal Charles Bo, Erzbischof von Yangoun.<\/figcaption><\/figure>\n<p><strong>Warnung vor Sanktionen aus dem Ausland<\/strong><\/p>\n<p>Schlie\u00dflich wenden sich die Bisch\u00f6fe in ihrem Appell an die Weltgemeinschaft, der sie f\u00fcr das Mitgef\u00fchl angesichts der j\u00fcngsten Ereignisse danken. Sie warnen aber auch vor vorschnellen Reaktionen: \u201eSanktionen und Verurteilungen haben wenig Ergebnisse gebracht. Sie schlie\u00dfen T\u00fcren und beenden den Dialog.\u201c Wirtschaftliche Strafen w\u00fcrden \u201eMillionen Menschen in Armut zur\u00fcckwerfen.\u201c Das Ausland m\u00fcsse die besondere Situation und Geschichte Myanmars anerkennen. \u201eDer einzige Weg ist es, die Akteure zur Vers\u00f6hnung zu ermutigen\u201c, sind die Bisch\u00f6fe \u00fcberzeugt: \u201eFrieden ist m\u00f6glich. Frieden ist der einzige Weg. Demokratie ist das einzige Licht auf diesem Weg.\u201c<\/p>\n<p>In der Nacht zum 1. Februar hat sich das Milit\u00e4r im fr\u00fcheren Birma zur\u00fcck an die Macht geputscht, nachdem vor zehn Jahren demokratische Reformen eingeleitet worden waren. Laut Milit\u00e4r sollen Vorw\u00fcrfe des Wahlbetrugs bei der Parlamentswahl im November Grund f\u00fcr den Putsch gewesen sein. Aung San Suu Kyi hatte die Wahl mit absoluter Mehrheit gewonnen. Wahlbeobachtern zufolge gibt es keine Beweise f\u00fcr die Vorw\u00fcrfe des Milit\u00e4rs. Die Streitkr\u00e4fte haben einen einj\u00e4hrigen Ausnahmezustand \u00fcber das s\u00fcdostasiatische Land verh\u00e4ngt. Anschlie\u00dfend soll es Wahlen geben. Dies wird jedoch von Beobachtern angezweifelt. Die USA und Europa haben mit Sanktionen gegen das Land gedroht.<\/p>\n<p>Nach Angaben des Berichts \u201eReligionsfreiheit weltweit\u201c von \u201eKirche in Not\u201c geh\u00f6ren von den 54 Millionen Einwohnern Myanmars rund acht Prozent einer christlichen Glaubensgemeinschaft an, die Zahl der Katholiken wird mit ein bis zwei Prozent angegeben. Christen sehen sich immer wieder Diskriminierung von Seiten radikaler Buddhisten ausgesetzt, zumal viele Christen ethnischen Minderheiten angeh\u00f6ren.<\/p>\n<p>&nbsp;<\/p>\n","protected":false},"excerpt":{"rendered":"<p>Bischofskonferenz ruft nach Milit\u00e4rputsch zum Dialog auf \u00a0Nach dem Milit\u00e4rputsch in Myanmar hat die Bischofskonferenz des Landes einen Friedensappell an<\/p>\n","protected":false},"author":4258341447,"featured_media":141551,"comment_status":"closed","ping_status":"closed","sticky":false,"template":"","format":"standard","meta":{"_acf_changed":false,"_acn_coauthor_ids":[],"footnotes":""},"categories":[234],"tags":[],"country":[524],"class_list":["post-148171","post","type-post","status-publish","format-standard","has-post-thumbnail","hentry","category-unkategorisiert","country-myanmar"],"acn_coauthors":[],"acf":[],"yoast_head":"<!-- This site is optimized with the Yoast SEO Premium plugin v27.3 (Yoast SEO v27.3) - https:\/\/yoast.com\/product\/yoast-seo-premium-wordpress\/ -->\n<title>Myanmar: \u201eWir haben genug Blut vergossen\u201c<\/title>\n<meta name=\"description\" content=\"\u00a0Nach dem Milit\u00e4rputsch in Myanmar hat die Bischofskonferenz des Landes einen Friedensappell an die Konfliktparteien und die Welt\u00f6ffentlichkeit gerichtet. \u201eWir gehen durch die herausforderndste Periode unserer Geschichte\u201c, schreiben die Bisch\u00f6fe in einer gemeinsamen Erkl\u00e4rung vom 4. Februar, die dem weltweiten p\u00e4pstlichen Hilfswerk \u201eKirche in Not\u201c vorliegt. Sie tr\u00e4gt die Unterschriften des Konferenzvorsitzenden, Erzbischof Charles Maung Kardinal Bo aus Yangon (Rangun), und dem Generalsekret\u00e4r der Bischofskonferenz, Weihbischof John Saw Yaw Han von Yangon.\" \/>\n<meta name=\"robots\" content=\"index, follow, max-snippet:-1, max-image-preview:large, max-video-preview:-1\" \/>\n<link rel=\"canonical\" href=\"https:\/\/acninternational.org\/de\/myanmar-wir-haben-genug-blut-vergossen\/\" \/>\n<meta property=\"og:locale\" content=\"de_DE\" \/>\n<meta property=\"og:type\" content=\"article\" \/>\n<meta property=\"og:title\" content=\"Myanmar: \u201eWir haben genug Blut vergossen\u201c\" \/>\n<meta property=\"og:description\" content=\"\u00a0Nach dem Milit\u00e4rputsch in Myanmar hat die Bischofskonferenz des Landes einen Friedensappell an die Konfliktparteien und die Welt\u00f6ffentlichkeit gerichtet. \u201eWir gehen durch die herausforderndste Periode unserer Geschichte\u201c, schreiben die Bisch\u00f6fe in einer gemeinsamen Erkl\u00e4rung vom 4. Februar, die dem weltweiten p\u00e4pstlichen Hilfswerk \u201eKirche in Not\u201c vorliegt. Sie tr\u00e4gt die Unterschriften des Konferenzvorsitzenden, Erzbischof Charles Maung Kardinal Bo aus Yangon (Rangun), und dem Generalsekret\u00e4r der Bischofskonferenz, Weihbischof John Saw Yaw Han von Yangon.\" \/>\n<meta property=\"og:url\" content=\"https:\/\/acninternational.org\/de\/myanmar-wir-haben-genug-blut-vergossen\/\" \/>\n<meta property=\"og:site_name\" content=\"ACN International\" \/>\n<meta property=\"article:publisher\" content=\"https:\/\/www.facebook.com\/acninternationalorg\" \/>\n<meta property=\"article:published_time\" content=\"2021-02-10T08:14:06+00:00\" \/>\n<meta property=\"article:modified_time\" content=\"2021-02-10T08:20:06+00:00\" \/>\n<meta property=\"og:image\" content=\"https:\/\/media.acninternational.org\/wp-content\/uploads\/2020\/08\/acn_myanmar_building-peace-and-justice.jpg\" \/>\n\t<meta property=\"og:image:width\" content=\"2000\" \/>\n\t<meta property=\"og:image:height\" content=\"625\" \/>\n\t<meta property=\"og:image:type\" content=\"image\/jpeg\" \/>\n<meta name=\"author\" content=\"ACN Press Team\" \/>\n<meta name=\"twitter:card\" content=\"summary_large_image\" \/>\n<meta name=\"twitter:creator\" content=\"@acn_int\" \/>\n<meta name=\"twitter:site\" content=\"@acn_int\" \/>\n<meta name=\"twitter:label1\" content=\"Verfasst von\" \/>\n\t<meta name=\"twitter:data1\" content=\"ACN Press Team\" \/>\n\t<meta name=\"twitter:label2\" content=\"Gesch\u00e4tzte Lesezeit\" \/>\n\t<meta name=\"twitter:data2\" content=\"3\u00a0Minuten\" \/>\n<script type=\"application\/ld+json\" class=\"yoast-schema-graph\">{\"@context\":\"https:\\\/\\\/schema.org\",\"@graph\":[{\"@type\":\"Article\",\"@id\":\"https:\\\/\\\/acninternational.org\\\/de\\\/myanmar-wir-haben-genug-blut-vergossen\\\/#article\",\"isPartOf\":{\"@id\":\"https:\\\/\\\/acninternational.org\\\/de\\\/myanmar-wir-haben-genug-blut-vergossen\\\/\"},\"author\":{\"name\":\"ACN Press Team\",\"@id\":\"https:\\\/\\\/acninternational.org\\\/de\\\/#\\\/schema\\\/person\\\/7f3dafb236b242fb2aa46be1411fd703\"},\"headline\":\"Myanmar: \u201eWir haben genug Blut vergossen\u201c\",\"datePublished\":\"2021-02-10T08:14:06+00:00\",\"dateModified\":\"2021-02-10T08:20:06+00:00\",\"mainEntityOfPage\":{\"@id\":\"https:\\\/\\\/acninternational.org\\\/de\\\/myanmar-wir-haben-genug-blut-vergossen\\\/\"},\"wordCount\":687,\"publisher\":{\"@id\":\"https:\\\/\\\/acninternational.org\\\/de\\\/#organization\"},\"image\":{\"@id\":\"https:\\\/\\\/acninternational.org\\\/de\\\/myanmar-wir-haben-genug-blut-vergossen\\\/#primaryimage\"},\"thumbnailUrl\":\"https:\\\/\\\/media.acninternational.org\\\/wp-content\\\/uploads\\\/2020\\\/08\\\/acn_myanmar_building-peace-and-justice.jpg\",\"articleSection\":[\"Unkategorisiert\"],\"inLanguage\":\"de\"},{\"@type\":\"WebPage\",\"@id\":\"https:\\\/\\\/acninternational.org\\\/de\\\/myanmar-wir-haben-genug-blut-vergossen\\\/\",\"url\":\"https:\\\/\\\/acninternational.org\\\/de\\\/myanmar-wir-haben-genug-blut-vergossen\\\/\",\"name\":\"Myanmar: \u201eWir haben genug Blut vergossen\u201c\",\"isPartOf\":{\"@id\":\"https:\\\/\\\/acninternational.org\\\/de\\\/#website\"},\"primaryImageOfPage\":{\"@id\":\"https:\\\/\\\/acninternational.org\\\/de\\\/myanmar-wir-haben-genug-blut-vergossen\\\/#primaryimage\"},\"image\":{\"@id\":\"https:\\\/\\\/acninternational.org\\\/de\\\/myanmar-wir-haben-genug-blut-vergossen\\\/#primaryimage\"},\"thumbnailUrl\":\"https:\\\/\\\/media.acninternational.org\\\/wp-content\\\/uploads\\\/2020\\\/08\\\/acn_myanmar_building-peace-and-justice.jpg\",\"datePublished\":\"2021-02-10T08:14:06+00:00\",\"dateModified\":\"2021-02-10T08:20:06+00:00\",\"description\":\"\u00a0Nach dem Milit\u00e4rputsch in Myanmar hat die Bischofskonferenz des Landes einen Friedensappell an die Konfliktparteien und die Welt\u00f6ffentlichkeit gerichtet. \u201eWir gehen durch die herausforderndste Periode unserer Geschichte\u201c, schreiben die Bisch\u00f6fe in einer gemeinsamen Erkl\u00e4rung vom 4. Februar, die dem weltweiten p\u00e4pstlichen Hilfswerk \u201eKirche in Not\u201c vorliegt. Sie tr\u00e4gt die Unterschriften des Konferenzvorsitzenden, Erzbischof Charles Maung Kardinal Bo aus Yangon (Rangun), und dem Generalsekret\u00e4r der Bischofskonferenz, Weihbischof John Saw Yaw Han von Yangon.\",\"breadcrumb\":{\"@id\":\"https:\\\/\\\/acninternational.org\\\/de\\\/myanmar-wir-haben-genug-blut-vergossen\\\/#breadcrumb\"},\"inLanguage\":\"de\",\"potentialAction\":[{\"@type\":\"ReadAction\",\"target\":[\"https:\\\/\\\/acninternational.org\\\/de\\\/myanmar-wir-haben-genug-blut-vergossen\\\/\"]}]},{\"@type\":\"ImageObject\",\"inLanguage\":\"de\",\"@id\":\"https:\\\/\\\/acninternational.org\\\/de\\\/myanmar-wir-haben-genug-blut-vergossen\\\/#primaryimage\",\"url\":\"https:\\\/\\\/media.acninternational.org\\\/wp-content\\\/uploads\\\/2020\\\/08\\\/acn_myanmar_building-peace-and-justice.jpg\",\"contentUrl\":\"https:\\\/\\\/media.acninternational.org\\\/wp-content\\\/uploads\\\/2020\\\/08\\\/acn_myanmar_building-peace-and-justice.jpg\",\"width\":2000,\"height\":625},{\"@type\":\"BreadcrumbList\",\"@id\":\"https:\\\/\\\/acninternational.org\\\/de\\\/myanmar-wir-haben-genug-blut-vergossen\\\/#breadcrumb\",\"itemListElement\":[{\"@type\":\"ListItem\",\"position\":1,\"name\":\"Home\",\"item\":\"https:\\\/\\\/acninternational.org\\\/de\\\/\"},{\"@type\":\"ListItem\",\"position\":2,\"name\":\"Nachricht\",\"item\":\"https:\\\/\\\/acninternational.org\\\/de\\\/category\\\/news-de\\\/\"},{\"@type\":\"ListItem\",\"position\":3,\"name\":\"Myanmar: \u201eWir haben genug Blut vergossen\u201c\"}]},{\"@type\":\"WebSite\",\"@id\":\"https:\\\/\\\/acninternational.org\\\/de\\\/#website\",\"url\":\"https:\\\/\\\/acninternational.org\\\/de\\\/\",\"name\":\"ACN International\",\"description\":\"\",\"publisher\":{\"@id\":\"https:\\\/\\\/acninternational.org\\\/de\\\/#organization\"},\"potentialAction\":[{\"@type\":\"SearchAction\",\"target\":{\"@type\":\"EntryPoint\",\"urlTemplate\":\"https:\\\/\\\/acninternational.org\\\/de\\\/?s={search_term_string}\"},\"query-input\":{\"@type\":\"PropertyValueSpecification\",\"valueRequired\":true,\"valueName\":\"search_term_string\"}}],\"inLanguage\":\"de\"},{\"@type\":\"Organization\",\"@id\":\"https:\\\/\\\/acninternational.org\\\/de\\\/#organization\",\"name\":\"Aid to the Church in Need International\",\"url\":\"https:\\\/\\\/acninternational.org\\\/de\\\/\",\"logo\":{\"@type\":\"ImageObject\",\"inLanguage\":\"de\",\"@id\":\"https:\\\/\\\/acninternational.org\\\/de\\\/#\\\/schema\\\/logo\\\/image\\\/\",\"url\":\"https:\\\/\\\/media.acninternational.org\\\/wp-content\\\/uploads\\\/2019\\\/11\\\/acn_logo_blackvector.svg\",\"contentUrl\":\"https:\\\/\\\/media.acninternational.org\\\/wp-content\\\/uploads\\\/2019\\\/11\\\/acn_logo_blackvector.svg\",\"width\":232.6,\"height\":78,\"caption\":\"Aid to the Church in Need International\"},\"image\":{\"@id\":\"https:\\\/\\\/acninternational.org\\\/de\\\/#\\\/schema\\\/logo\\\/image\\\/\"},\"sameAs\":[\"https:\\\/\\\/www.facebook.com\\\/acninternationalorg\",\"https:\\\/\\\/x.com\\\/acn_int\",\"https:\\\/\\\/www.youtube.com\\\/channel\\\/UCQ-077gS0TnVzkhHmf1opZw\",\"https:\\\/\\\/www.instagram.com\\\/acn_international\\\/\"]},{\"@type\":\"Person\",\"@id\":\"https:\\\/\\\/acninternational.org\\\/de\\\/#\\\/schema\\\/person\\\/7f3dafb236b242fb2aa46be1411fd703\",\"name\":\"ACN Press Team\",\"description\":\"Lorem ipsum dolor sit amet, consectetur adipiscing elit, sed do eiusmod tempor incididunt ut labore et dolore magna aliqua. Ut enim ad minim veniam, quis nostrud exercitation ullamco laboris nisi ut aliquip ex ea commodo consequat.\",\"url\":\"https:\\\/\\\/acninternational.org\\\/de\\\/author\\\/acn-press-team\\\/\"}]}<\/script>\n<!-- \/ Yoast SEO Premium plugin. -->","yoast_head_json":{"title":"Myanmar: \u201eWir haben genug Blut vergossen\u201c","description":"\u00a0Nach dem Milit\u00e4rputsch in Myanmar hat die Bischofskonferenz des Landes einen Friedensappell an die Konfliktparteien und die Welt\u00f6ffentlichkeit gerichtet. \u201eWir gehen durch die herausforderndste Periode unserer Geschichte\u201c, schreiben die Bisch\u00f6fe in einer gemeinsamen Erkl\u00e4rung vom 4. Februar, die dem weltweiten p\u00e4pstlichen Hilfswerk \u201eKirche in Not\u201c vorliegt. Sie tr\u00e4gt die Unterschriften des Konferenzvorsitzenden, Erzbischof Charles Maung Kardinal Bo aus Yangon (Rangun), und dem Generalsekret\u00e4r der Bischofskonferenz, Weihbischof John Saw Yaw Han von Yangon.","robots":{"index":"index","follow":"follow","max-snippet":"max-snippet:-1","max-image-preview":"max-image-preview:large","max-video-preview":"max-video-preview:-1"},"canonical":"https:\/\/acninternational.org\/de\/myanmar-wir-haben-genug-blut-vergossen\/","og_locale":"de_DE","og_type":"article","og_title":"Myanmar: \u201eWir haben genug Blut vergossen\u201c","og_description":"\u00a0Nach dem Milit\u00e4rputsch in Myanmar hat die Bischofskonferenz des Landes einen Friedensappell an die Konfliktparteien und die Welt\u00f6ffentlichkeit gerichtet. \u201eWir gehen durch die herausforderndste Periode unserer Geschichte\u201c, schreiben die Bisch\u00f6fe in einer gemeinsamen Erkl\u00e4rung vom 4. Februar, die dem weltweiten p\u00e4pstlichen Hilfswerk \u201eKirche in Not\u201c vorliegt. Sie tr\u00e4gt die Unterschriften des Konferenzvorsitzenden, Erzbischof Charles Maung Kardinal Bo aus Yangon (Rangun), und dem Generalsekret\u00e4r der Bischofskonferenz, Weihbischof John Saw Yaw Han von Yangon.","og_url":"https:\/\/acninternational.org\/de\/myanmar-wir-haben-genug-blut-vergossen\/","og_site_name":"ACN International","article_publisher":"https:\/\/www.facebook.com\/acninternationalorg","article_published_time":"2021-02-10T08:14:06+00:00","article_modified_time":"2021-02-10T08:20:06+00:00","og_image":[{"width":2000,"height":625,"url":"https:\/\/media.acninternational.org\/wp-content\/uploads\/2020\/08\/acn_myanmar_building-peace-and-justice.jpg","type":"image\/jpeg"}],"author":"ACN Press Team","twitter_card":"summary_large_image","twitter_creator":"@acn_int","twitter_site":"@acn_int","twitter_misc":{"Verfasst von":"ACN Press Team","Gesch\u00e4tzte Lesezeit":"3\u00a0Minuten"},"schema":{"@context":"https:\/\/schema.org","@graph":[{"@type":"Article","@id":"https:\/\/acninternational.org\/de\/myanmar-wir-haben-genug-blut-vergossen\/#article","isPartOf":{"@id":"https:\/\/acninternational.org\/de\/myanmar-wir-haben-genug-blut-vergossen\/"},"author":{"name":"ACN Press Team","@id":"https:\/\/acninternational.org\/de\/#\/schema\/person\/7f3dafb236b242fb2aa46be1411fd703"},"headline":"Myanmar: \u201eWir haben genug Blut vergossen\u201c","datePublished":"2021-02-10T08:14:06+00:00","dateModified":"2021-02-10T08:20:06+00:00","mainEntityOfPage":{"@id":"https:\/\/acninternational.org\/de\/myanmar-wir-haben-genug-blut-vergossen\/"},"wordCount":687,"publisher":{"@id":"https:\/\/acninternational.org\/de\/#organization"},"image":{"@id":"https:\/\/acninternational.org\/de\/myanmar-wir-haben-genug-blut-vergossen\/#primaryimage"},"thumbnailUrl":"https:\/\/media.acninternational.org\/wp-content\/uploads\/2020\/08\/acn_myanmar_building-peace-and-justice.jpg","articleSection":["Unkategorisiert"],"inLanguage":"de"},{"@type":"WebPage","@id":"https:\/\/acninternational.org\/de\/myanmar-wir-haben-genug-blut-vergossen\/","url":"https:\/\/acninternational.org\/de\/myanmar-wir-haben-genug-blut-vergossen\/","name":"Myanmar: \u201eWir haben genug Blut vergossen\u201c","isPartOf":{"@id":"https:\/\/acninternational.org\/de\/#website"},"primaryImageOfPage":{"@id":"https:\/\/acninternational.org\/de\/myanmar-wir-haben-genug-blut-vergossen\/#primaryimage"},"image":{"@id":"https:\/\/acninternational.org\/de\/myanmar-wir-haben-genug-blut-vergossen\/#primaryimage"},"thumbnailUrl":"https:\/\/media.acninternational.org\/wp-content\/uploads\/2020\/08\/acn_myanmar_building-peace-and-justice.jpg","datePublished":"2021-02-10T08:14:06+00:00","dateModified":"2021-02-10T08:20:06+00:00","description":"\u00a0Nach dem Milit\u00e4rputsch in Myanmar hat die Bischofskonferenz des Landes einen Friedensappell an die Konfliktparteien und die Welt\u00f6ffentlichkeit gerichtet. \u201eWir gehen durch die herausforderndste Periode unserer Geschichte\u201c, schreiben die Bisch\u00f6fe in einer gemeinsamen Erkl\u00e4rung vom 4. Februar, die dem weltweiten p\u00e4pstlichen Hilfswerk \u201eKirche in Not\u201c vorliegt. Sie tr\u00e4gt die Unterschriften des Konferenzvorsitzenden, Erzbischof Charles Maung Kardinal Bo aus Yangon (Rangun), und dem Generalsekret\u00e4r der Bischofskonferenz, Weihbischof John Saw Yaw Han von Yangon.","breadcrumb":{"@id":"https:\/\/acninternational.org\/de\/myanmar-wir-haben-genug-blut-vergossen\/#breadcrumb"},"inLanguage":"de","potentialAction":[{"@type":"ReadAction","target":["https:\/\/acninternational.org\/de\/myanmar-wir-haben-genug-blut-vergossen\/"]}]},{"@type":"ImageObject","inLanguage":"de","@id":"https:\/\/acninternational.org\/de\/myanmar-wir-haben-genug-blut-vergossen\/#primaryimage","url":"https:\/\/media.acninternational.org\/wp-content\/uploads\/2020\/08\/acn_myanmar_building-peace-and-justice.jpg","contentUrl":"https:\/\/media.acninternational.org\/wp-content\/uploads\/2020\/08\/acn_myanmar_building-peace-and-justice.jpg","width":2000,"height":625},{"@type":"BreadcrumbList","@id":"https:\/\/acninternational.org\/de\/myanmar-wir-haben-genug-blut-vergossen\/#breadcrumb","itemListElement":[{"@type":"ListItem","position":1,"name":"Home","item":"https:\/\/acninternational.org\/de\/"},{"@type":"ListItem","position":2,"name":"Nachricht","item":"https:\/\/acninternational.org\/de\/category\/news-de\/"},{"@type":"ListItem","position":3,"name":"Myanmar: \u201eWir haben genug Blut vergossen\u201c"}]},{"@type":"WebSite","@id":"https:\/\/acninternational.org\/de\/#website","url":"https:\/\/acninternational.org\/de\/","name":"ACN International","description":"","publisher":{"@id":"https:\/\/acninternational.org\/de\/#organization"},"potentialAction":[{"@type":"SearchAction","target":{"@type":"EntryPoint","urlTemplate":"https:\/\/acninternational.org\/de\/?s={search_term_string}"},"query-input":{"@type":"PropertyValueSpecification","valueRequired":true,"valueName":"search_term_string"}}],"inLanguage":"de"},{"@type":"Organization","@id":"https:\/\/acninternational.org\/de\/#organization","name":"Aid to the Church in Need International","url":"https:\/\/acninternational.org\/de\/","logo":{"@type":"ImageObject","inLanguage":"de","@id":"https:\/\/acninternational.org\/de\/#\/schema\/logo\/image\/","url":"https:\/\/media.acninternational.org\/wp-content\/uploads\/2019\/11\/acn_logo_blackvector.svg","contentUrl":"https:\/\/media.acninternational.org\/wp-content\/uploads\/2019\/11\/acn_logo_blackvector.svg","width":232.6,"height":78,"caption":"Aid to the Church in Need International"},"image":{"@id":"https:\/\/acninternational.org\/de\/#\/schema\/logo\/image\/"},"sameAs":["https:\/\/www.facebook.com\/acninternationalorg","https:\/\/x.com\/acn_int","https:\/\/www.youtube.com\/channel\/UCQ-077gS0TnVzkhHmf1opZw","https:\/\/www.instagram.com\/acn_international\/"]},{"@type":"Person","@id":"https:\/\/acninternational.org\/de\/#\/schema\/person\/7f3dafb236b242fb2aa46be1411fd703","name":"ACN Press Team","description":"Lorem ipsum dolor sit amet, consectetur adipiscing elit, sed do eiusmod tempor incididunt ut labore et dolore magna aliqua. Ut enim ad minim veniam, quis nostrud exercitation ullamco laboris nisi ut aliquip ex ea commodo consequat.","url":"https:\/\/acninternational.org\/de\/author\/acn-press-team\/"}]}},"_links":{"self":[{"href":"https:\/\/acninternational.org\/de\/wp-json\/wp\/v2\/posts\/148171","targetHints":{"allow":["GET"]}}],"collection":[{"href":"https:\/\/acninternational.org\/de\/wp-json\/wp\/v2\/posts"}],"about":[{"href":"https:\/\/acninternational.org\/de\/wp-json\/wp\/v2\/types\/post"}],"author":[{"embeddable":true,"href":"https:\/\/acninternational.org\/de\/wp-json\/wp\/v2\/users\/4258341447"}],"replies":[{"embeddable":true,"href":"https:\/\/acninternational.org\/de\/wp-json\/wp\/v2\/comments?post=148171"}],"version-history":[{"count":0,"href":"https:\/\/acninternational.org\/de\/wp-json\/wp\/v2\/posts\/148171\/revisions"}],"wp:featuredmedia":[{"embeddable":true,"href":"https:\/\/acninternational.org\/de\/wp-json\/wp\/v2\/media\/141551"}],"wp:attachment":[{"href":"https:\/\/acninternational.org\/de\/wp-json\/wp\/v2\/media?parent=148171"}],"wp:term":[{"taxonomy":"category","embeddable":true,"href":"https:\/\/acninternational.org\/de\/wp-json\/wp\/v2\/categories?post=148171"},{"taxonomy":"post_tag","embeddable":true,"href":"https:\/\/acninternational.org\/de\/wp-json\/wp\/v2\/tags?post=148171"},{"taxonomy":"country","embeddable":true,"href":"https:\/\/acninternational.org\/de\/wp-json\/wp\/v2\/country?post=148171"}],"curies":[{"name":"wp","href":"https:\/\/api.w.org\/{rel}","templated":true}]}}