{"id":146293,"date":"2020-12-21T18:31:54","date_gmt":"2020-12-21T17:31:54","guid":{"rendered":"https:\/\/acninternational.org\/?p=146293"},"modified":"2020-12-21T18:33:22","modified_gmt":"2020-12-21T17:33:22","slug":"dankesmesse-in-aleppo-fuer-die-wohltaeter-von-acn","status":"publish","type":"post","link":"https:\/\/acninternational.org\/de\/dankesmesse-in-aleppo-fuer-die-wohltaeter-von-acn\/","title":{"rendered":"Dankesmesse in Aleppo f\u00fcr die Wohlt\u00e4ter von ACN"},"content":{"rendered":"<p>\u201eKommt alle zu mir, die ihr m\u00fchselig und beladen seid! Ich will euch erquicken.\u201c Unter diesem Bibelwort stand die Dankesmesse in den Anliegen der Wohlt\u00e4ter von Aid to the Church in Need (ACN), die der syrisch-katholische Erzbischof von Aleppo, Monsignore Antoine Chahda, am gestrigen Sonntag in der syrisch-katholischen Mari\u00e4-Himmelfahrt-Kathedrale in Aleppo gehalten hat. Unter den G\u00e4sten fanden sich Oberh\u00e4upter sieben weiterer Kirchen der Stadt, katholische ebenso wie orthodoxe [Armenisch-Orthodoxer Bischof: Mons. Massis Zouboyan, Armenisch-katholischer Bischof: Mons. Boutros Marayati, Griechisch-orthodoxer Bischof: P. Mousa Al-Khasi, Lateinischer Bischof: Mons. George Abu Khazen, Chald\u00e4ischer Bischof: Mons. Antoine Audo, Griechisch-melkitischer Bischof: Mons. Jeanbart, Maronitischer Bischof: Mons. Joseph Tobji], dar\u00fcber hinaus zahlreiche Priester und Schwestern. Zu Beginn seiner Ansprache betonte der Bischof die Bedeutung dieses \u00fcberkonfessionellen Zusammenhalts: \u201eWir versammeln uns, um als eine Familie zu beten, auch wenn wir mehrere Kirchen und verschiedene Gruppen sind. Mit unserer heutigen Einheit und mit dem Teilen des g\u00f6ttlichen Opfers zeigen wir unserem Erl\u00f6ser, dass uns nichts voneinander trennt au\u00dfer S\u00fcnde und Hass; was uns verbindet, ist Liebe, Frieden und gemeinsames Handeln zum Wohl unserer Familien, Kinder und Gemeinden.\u201c<\/p>\n<p><img loading=\"lazy\" decoding=\"async\" class=\"alignnone size-full wp-image-146282\" src=\"https:\/\/media.acninternational.org\/wp-content\/uploads\/2020\/12\/acn_news_Mass-of-thanksgiving-in-Aleppo-for-ACN-benefactors-5.jpg\" alt=\"\" width=\"670\" height=\"400\" srcset=\"https:\/\/media.acninternational.org\/wp-content\/uploads\/2020\/12\/acn_news_Mass-of-thanksgiving-in-Aleppo-for-ACN-benefactors-5.jpg 670w, https:\/\/media.acninternational.org\/wp-content\/uploads\/2020\/12\/acn_news_Mass-of-thanksgiving-in-Aleppo-for-ACN-benefactors-5-300x179.jpg 300w\" sizes=\"auto, (max-width: 670px) 100vw, 670px\" \/><\/p>\n<p>Vor allem aber brachte der Bischof seinen Dank an ACN f\u00fcr die weltweite Verbundenheit mit seinem Land zum Ausdruck. Seit Beginn des Krieges im Jahr 2011 hat das Hilfswerk 326 Projekte in Aleppo unterst\u00fctzt, 53 allein in diesem Jahr. Doch diese Hilfe w\u00e4re unm\u00f6glich ohne die Schar gro\u00dfz\u00fcgiger Wohlt\u00e4ter: \u201eBei unseren Besuchen in vielen L\u00e4ndern der Welt haben wir diejenigen von Angesicht zu Angesicht gesehen, die mit ihren einfachen Spenden helfen, tausende von Menschen zu retten. Unter den Wohlt\u00e4tern finden sich Arbeiter, Angestellte und sogar Menschen mit sehr geringem Einkommen. Aber sie sp\u00fcren, was in L\u00e4ndern geschieht, die unter der Last von Kriegen leiden und in Hungersn\u00f6ten leben\u201c, sagte der Bischof.<\/p>\n<p><img loading=\"lazy\" decoding=\"async\" class=\"alignnone size-full wp-image-146270\" src=\"https:\/\/media.acninternational.org\/wp-content\/uploads\/2020\/12\/acn_news_Mass-of-thanksgiving-in-Aleppo-for-ACN-benefactors-3.jpg\" alt=\"\" width=\"670\" height=\"400\" srcset=\"https:\/\/media.acninternational.org\/wp-content\/uploads\/2020\/12\/acn_news_Mass-of-thanksgiving-in-Aleppo-for-ACN-benefactors-3.jpg 670w, https:\/\/media.acninternational.org\/wp-content\/uploads\/2020\/12\/acn_news_Mass-of-thanksgiving-in-Aleppo-for-ACN-benefactors-3-300x179.jpg 300w\" sizes=\"auto, (max-width: 670px) 100vw, 670px\" \/><\/p>\n<p>Zugleich bat er die Wohlt\u00e4ter auch darum, in ihrer Hilfsbereitschaft nicht nachzulassen: \u201eWir treffen uns heute [\u2026], um diese Organisation daran zu erinnern, dass der Krieg in Syrien noch nicht zu Ende ist [\u2026] Bis zum heutigen Tag bitten und flehen wir darum, dass ACN Aleppo weiterhin finanziell unterst\u00fctzt, da die Mehrheit der Menschen in der Stadt von Armut gepr\u00e4gt ist und jeder Einzelne Hilfe braucht.\u201c<\/p>\n<p><img loading=\"lazy\" decoding=\"async\" class=\"alignnone size-full wp-image-146276\" src=\"https:\/\/media.acninternational.org\/wp-content\/uploads\/2020\/12\/acn_news_Mass-of-thanksgiving-in-Aleppo-for-ACN-benefactors-4.jpg\" alt=\"\" width=\"670\" height=\"400\" srcset=\"https:\/\/media.acninternational.org\/wp-content\/uploads\/2020\/12\/acn_news_Mass-of-thanksgiving-in-Aleppo-for-ACN-benefactors-4.jpg 670w, https:\/\/media.acninternational.org\/wp-content\/uploads\/2020\/12\/acn_news_Mass-of-thanksgiving-in-Aleppo-for-ACN-benefactors-4-300x179.jpg 300w\" sizes=\"auto, (max-width: 670px) 100vw, 670px\" \/><\/p>\n<p>Die Feier wurde live auf Facebook \u00fcbertragen und von vielen Menschen aus aller Welt verfolgt.<\/p>\n<p><a href=\"https:\/\/media.acninternational.org\/wp-content\/uploads\/2020\/12\/Sermon_BishopShahda_Syria.pdf\">Sermon<\/a>: A Mass for Aid to the Church in Need and their benefactors<\/p>\n","protected":false},"excerpt":{"rendered":"<p>&#8222;Come unto me, all ye that labour and are heavy laden, and I\u00a0will\u00a0give\u00a0you\u00a0rest.&#8220; This was the biblical theme for the<\/p>\n","protected":false},"author":66,"featured_media":146264,"comment_status":"closed","ping_status":"closed","sticky":false,"template":"","format":"standard","meta":{"_acf_changed":false,"_acn_coauthor_ids":[],"footnotes":""},"categories":[234],"tags":[],"country":[65],"class_list":["post-146293","post","type-post","status-publish","format-standard","has-post-thumbnail","hentry","category-unkategorisiert","country-syria"],"acn_coauthors":[],"acf":[],"yoast_head":"<!-- This site is optimized with the Yoast SEO Premium plugin v27.3 (Yoast SEO v27.3) - https:\/\/yoast.com\/product\/yoast-seo-premium-wordpress\/ -->\n<title>Dankesmesse in Aleppo f\u00fcr die Wohlt\u00e4ter von ACN | ACN International<\/title>\n<meta name=\"robots\" content=\"index, follow, max-snippet:-1, max-image-preview:large, max-video-preview:-1\" \/>\n<link rel=\"canonical\" href=\"https:\/\/acninternational.org\/de\/dankesmesse-in-aleppo-fuer-die-wohltaeter-von-acn\/\" \/>\n<meta property=\"og:locale\" content=\"de_DE\" \/>\n<meta property=\"og:type\" content=\"article\" \/>\n<meta property=\"og:title\" content=\"Dankesmesse in Aleppo f\u00fcr die Wohlt\u00e4ter von ACN\" \/>\n<meta property=\"og:description\" content=\"&quot;Come unto me, all ye that labour and are heavy laden, and I\u00a0will\u00a0give\u00a0you\u00a0rest.&quot; This was the biblical theme for the\" \/>\n<meta property=\"og:url\" content=\"https:\/\/acninternational.org\/de\/dankesmesse-in-aleppo-fuer-die-wohltaeter-von-acn\/\" \/>\n<meta property=\"og:site_name\" content=\"ACN International\" \/>\n<meta property=\"article:publisher\" content=\"https:\/\/www.facebook.com\/acninternationalorg\" \/>\n<meta property=\"article:published_time\" content=\"2020-12-21T17:31:54+00:00\" \/>\n<meta property=\"article:modified_time\" content=\"2020-12-21T17:33:22+00:00\" \/>\n<meta property=\"og:image\" content=\"https:\/\/media.acninternational.org\/wp-content\/uploads\/2020\/12\/acn_news_Mass-of-thanksgiving-in-Aleppo-for-ACN-benefactors.jpg\" \/>\n\t<meta property=\"og:image:width\" content=\"2000\" \/>\n\t<meta property=\"og:image:height\" content=\"625\" \/>\n\t<meta property=\"og:image:type\" content=\"image\/jpeg\" \/>\n<meta name=\"author\" content=\"Milena\" \/>\n<meta name=\"twitter:card\" content=\"summary_large_image\" \/>\n<meta name=\"twitter:creator\" content=\"@acn_int\" \/>\n<meta name=\"twitter:site\" content=\"@acn_int\" \/>\n<meta name=\"twitter:label1\" content=\"Verfasst von\" \/>\n\t<meta name=\"twitter:data1\" content=\"Milena\" \/>\n\t<meta name=\"twitter:label2\" content=\"Gesch\u00e4tzte Lesezeit\" \/>\n\t<meta name=\"twitter:data2\" content=\"2\u00a0Minuten\" \/>\n<script type=\"application\/ld+json\" class=\"yoast-schema-graph\">{\"@context\":\"https:\\\/\\\/schema.org\",\"@graph\":[{\"@type\":\"Article\",\"@id\":\"https:\\\/\\\/acninternational.org\\\/de\\\/dankesmesse-in-aleppo-fuer-die-wohltaeter-von-acn\\\/#article\",\"isPartOf\":{\"@id\":\"https:\\\/\\\/acninternational.org\\\/de\\\/dankesmesse-in-aleppo-fuer-die-wohltaeter-von-acn\\\/\"},\"author\":{\"name\":\"Milena\",\"@id\":\"https:\\\/\\\/acninternational.org\\\/de\\\/#\\\/schema\\\/person\\\/5a2b2930ad4475e0aa0dade4e51d9474\"},\"headline\":\"Dankesmesse in Aleppo f\u00fcr die Wohlt\u00e4ter von ACN\",\"datePublished\":\"2020-12-21T17:31:54+00:00\",\"dateModified\":\"2020-12-21T17:33:22+00:00\",\"mainEntityOfPage\":{\"@id\":\"https:\\\/\\\/acninternational.org\\\/de\\\/dankesmesse-in-aleppo-fuer-die-wohltaeter-von-acn\\\/\"},\"wordCount\":415,\"publisher\":{\"@id\":\"https:\\\/\\\/acninternational.org\\\/de\\\/#organization\"},\"image\":{\"@id\":\"https:\\\/\\\/acninternational.org\\\/de\\\/dankesmesse-in-aleppo-fuer-die-wohltaeter-von-acn\\\/#primaryimage\"},\"thumbnailUrl\":\"https:\\\/\\\/media.acninternational.org\\\/wp-content\\\/uploads\\\/2020\\\/12\\\/acn_news_Mass-of-thanksgiving-in-Aleppo-for-ACN-benefactors.jpg\",\"articleSection\":[\"Unkategorisiert\"],\"inLanguage\":\"de\"},{\"@type\":\"WebPage\",\"@id\":\"https:\\\/\\\/acninternational.org\\\/de\\\/dankesmesse-in-aleppo-fuer-die-wohltaeter-von-acn\\\/\",\"url\":\"https:\\\/\\\/acninternational.org\\\/de\\\/dankesmesse-in-aleppo-fuer-die-wohltaeter-von-acn\\\/\",\"name\":\"Dankesmesse in Aleppo f\u00fcr die Wohlt\u00e4ter von ACN | ACN International\",\"isPartOf\":{\"@id\":\"https:\\\/\\\/acninternational.org\\\/de\\\/#website\"},\"primaryImageOfPage\":{\"@id\":\"https:\\\/\\\/acninternational.org\\\/de\\\/dankesmesse-in-aleppo-fuer-die-wohltaeter-von-acn\\\/#primaryimage\"},\"image\":{\"@id\":\"https:\\\/\\\/acninternational.org\\\/de\\\/dankesmesse-in-aleppo-fuer-die-wohltaeter-von-acn\\\/#primaryimage\"},\"thumbnailUrl\":\"https:\\\/\\\/media.acninternational.org\\\/wp-content\\\/uploads\\\/2020\\\/12\\\/acn_news_Mass-of-thanksgiving-in-Aleppo-for-ACN-benefactors.jpg\",\"datePublished\":\"2020-12-21T17:31:54+00:00\",\"dateModified\":\"2020-12-21T17:33:22+00:00\",\"breadcrumb\":{\"@id\":\"https:\\\/\\\/acninternational.org\\\/de\\\/dankesmesse-in-aleppo-fuer-die-wohltaeter-von-acn\\\/#breadcrumb\"},\"inLanguage\":\"de\",\"potentialAction\":[{\"@type\":\"ReadAction\",\"target\":[\"https:\\\/\\\/acninternational.org\\\/de\\\/dankesmesse-in-aleppo-fuer-die-wohltaeter-von-acn\\\/\"]}]},{\"@type\":\"ImageObject\",\"inLanguage\":\"de\",\"@id\":\"https:\\\/\\\/acninternational.org\\\/de\\\/dankesmesse-in-aleppo-fuer-die-wohltaeter-von-acn\\\/#primaryimage\",\"url\":\"https:\\\/\\\/media.acninternational.org\\\/wp-content\\\/uploads\\\/2020\\\/12\\\/acn_news_Mass-of-thanksgiving-in-Aleppo-for-ACN-benefactors.jpg\",\"contentUrl\":\"https:\\\/\\\/media.acninternational.org\\\/wp-content\\\/uploads\\\/2020\\\/12\\\/acn_news_Mass-of-thanksgiving-in-Aleppo-for-ACN-benefactors.jpg\",\"width\":2000,\"height\":625},{\"@type\":\"BreadcrumbList\",\"@id\":\"https:\\\/\\\/acninternational.org\\\/de\\\/dankesmesse-in-aleppo-fuer-die-wohltaeter-von-acn\\\/#breadcrumb\",\"itemListElement\":[{\"@type\":\"ListItem\",\"position\":1,\"name\":\"Home\",\"item\":\"https:\\\/\\\/acninternational.org\\\/de\\\/\"},{\"@type\":\"ListItem\",\"position\":2,\"name\":\"Nachricht\",\"item\":\"https:\\\/\\\/acninternational.org\\\/de\\\/category\\\/news-de\\\/\"},{\"@type\":\"ListItem\",\"position\":3,\"name\":\"Dankesmesse in Aleppo f\u00fcr die Wohlt\u00e4ter von ACN\"}]},{\"@type\":\"WebSite\",\"@id\":\"https:\\\/\\\/acninternational.org\\\/de\\\/#website\",\"url\":\"https:\\\/\\\/acninternational.org\\\/de\\\/\",\"name\":\"ACN International\",\"description\":\"\",\"publisher\":{\"@id\":\"https:\\\/\\\/acninternational.org\\\/de\\\/#organization\"},\"potentialAction\":[{\"@type\":\"SearchAction\",\"target\":{\"@type\":\"EntryPoint\",\"urlTemplate\":\"https:\\\/\\\/acninternational.org\\\/de\\\/?s={search_term_string}\"},\"query-input\":{\"@type\":\"PropertyValueSpecification\",\"valueRequired\":true,\"valueName\":\"search_term_string\"}}],\"inLanguage\":\"de\"},{\"@type\":\"Organization\",\"@id\":\"https:\\\/\\\/acninternational.org\\\/de\\\/#organization\",\"name\":\"Aid to the Church in Need International\",\"url\":\"https:\\\/\\\/acninternational.org\\\/de\\\/\",\"logo\":{\"@type\":\"ImageObject\",\"inLanguage\":\"de\",\"@id\":\"https:\\\/\\\/acninternational.org\\\/de\\\/#\\\/schema\\\/logo\\\/image\\\/\",\"url\":\"https:\\\/\\\/media.acninternational.org\\\/wp-content\\\/uploads\\\/2019\\\/11\\\/acn_logo_blackvector.svg\",\"contentUrl\":\"https:\\\/\\\/media.acninternational.org\\\/wp-content\\\/uploads\\\/2019\\\/11\\\/acn_logo_blackvector.svg\",\"width\":232.6,\"height\":78,\"caption\":\"Aid to the Church in Need International\"},\"image\":{\"@id\":\"https:\\\/\\\/acninternational.org\\\/de\\\/#\\\/schema\\\/logo\\\/image\\\/\"},\"sameAs\":[\"https:\\\/\\\/www.facebook.com\\\/acninternationalorg\",\"https:\\\/\\\/x.com\\\/acn_int\",\"https:\\\/\\\/www.youtube.com\\\/channel\\\/UCQ-077gS0TnVzkhHmf1opZw\",\"https:\\\/\\\/www.instagram.com\\\/acn_international\\\/\"]},{\"@type\":\"Person\",\"@id\":\"https:\\\/\\\/acninternational.org\\\/de\\\/#\\\/schema\\\/person\\\/5a2b2930ad4475e0aa0dade4e51d9474\",\"name\":\"Milena\",\"description\":\"Lorem ipsum dolor sit amet, consectetur adipiscing elit, sed do eiusmod tempor incididunt ut labore et dolore magna aliqua. Ut enim ad minim veniam, quis nostrud exercitation ullamco laboris nisi ut aliquip ex ea commodo consequat.\",\"url\":\"https:\\\/\\\/acninternational.org\\\/de\\\/author\\\/milena\\\/\"}]}<\/script>\n<!-- \/ Yoast SEO Premium plugin. -->","yoast_head_json":{"title":"Dankesmesse in Aleppo f\u00fcr die Wohlt\u00e4ter von ACN | ACN International","robots":{"index":"index","follow":"follow","max-snippet":"max-snippet:-1","max-image-preview":"max-image-preview:large","max-video-preview":"max-video-preview:-1"},"canonical":"https:\/\/acninternational.org\/de\/dankesmesse-in-aleppo-fuer-die-wohltaeter-von-acn\/","og_locale":"de_DE","og_type":"article","og_title":"Dankesmesse in Aleppo f\u00fcr die Wohlt\u00e4ter von ACN","og_description":"\"Come unto me, all ye that labour and are heavy laden, and I\u00a0will\u00a0give\u00a0you\u00a0rest.\" This was the biblical theme for the","og_url":"https:\/\/acninternational.org\/de\/dankesmesse-in-aleppo-fuer-die-wohltaeter-von-acn\/","og_site_name":"ACN International","article_publisher":"https:\/\/www.facebook.com\/acninternationalorg","article_published_time":"2020-12-21T17:31:54+00:00","article_modified_time":"2020-12-21T17:33:22+00:00","og_image":[{"width":2000,"height":625,"url":"https:\/\/media.acninternational.org\/wp-content\/uploads\/2020\/12\/acn_news_Mass-of-thanksgiving-in-Aleppo-for-ACN-benefactors.jpg","type":"image\/jpeg"}],"author":"Milena","twitter_card":"summary_large_image","twitter_creator":"@acn_int","twitter_site":"@acn_int","twitter_misc":{"Verfasst von":"Milena","Gesch\u00e4tzte Lesezeit":"2\u00a0Minuten"},"schema":{"@context":"https:\/\/schema.org","@graph":[{"@type":"Article","@id":"https:\/\/acninternational.org\/de\/dankesmesse-in-aleppo-fuer-die-wohltaeter-von-acn\/#article","isPartOf":{"@id":"https:\/\/acninternational.org\/de\/dankesmesse-in-aleppo-fuer-die-wohltaeter-von-acn\/"},"author":{"name":"Milena","@id":"https:\/\/acninternational.org\/de\/#\/schema\/person\/5a2b2930ad4475e0aa0dade4e51d9474"},"headline":"Dankesmesse in Aleppo f\u00fcr die Wohlt\u00e4ter von ACN","datePublished":"2020-12-21T17:31:54+00:00","dateModified":"2020-12-21T17:33:22+00:00","mainEntityOfPage":{"@id":"https:\/\/acninternational.org\/de\/dankesmesse-in-aleppo-fuer-die-wohltaeter-von-acn\/"},"wordCount":415,"publisher":{"@id":"https:\/\/acninternational.org\/de\/#organization"},"image":{"@id":"https:\/\/acninternational.org\/de\/dankesmesse-in-aleppo-fuer-die-wohltaeter-von-acn\/#primaryimage"},"thumbnailUrl":"https:\/\/media.acninternational.org\/wp-content\/uploads\/2020\/12\/acn_news_Mass-of-thanksgiving-in-Aleppo-for-ACN-benefactors.jpg","articleSection":["Unkategorisiert"],"inLanguage":"de"},{"@type":"WebPage","@id":"https:\/\/acninternational.org\/de\/dankesmesse-in-aleppo-fuer-die-wohltaeter-von-acn\/","url":"https:\/\/acninternational.org\/de\/dankesmesse-in-aleppo-fuer-die-wohltaeter-von-acn\/","name":"Dankesmesse in Aleppo f\u00fcr die Wohlt\u00e4ter von ACN | ACN International","isPartOf":{"@id":"https:\/\/acninternational.org\/de\/#website"},"primaryImageOfPage":{"@id":"https:\/\/acninternational.org\/de\/dankesmesse-in-aleppo-fuer-die-wohltaeter-von-acn\/#primaryimage"},"image":{"@id":"https:\/\/acninternational.org\/de\/dankesmesse-in-aleppo-fuer-die-wohltaeter-von-acn\/#primaryimage"},"thumbnailUrl":"https:\/\/media.acninternational.org\/wp-content\/uploads\/2020\/12\/acn_news_Mass-of-thanksgiving-in-Aleppo-for-ACN-benefactors.jpg","datePublished":"2020-12-21T17:31:54+00:00","dateModified":"2020-12-21T17:33:22+00:00","breadcrumb":{"@id":"https:\/\/acninternational.org\/de\/dankesmesse-in-aleppo-fuer-die-wohltaeter-von-acn\/#breadcrumb"},"inLanguage":"de","potentialAction":[{"@type":"ReadAction","target":["https:\/\/acninternational.org\/de\/dankesmesse-in-aleppo-fuer-die-wohltaeter-von-acn\/"]}]},{"@type":"ImageObject","inLanguage":"de","@id":"https:\/\/acninternational.org\/de\/dankesmesse-in-aleppo-fuer-die-wohltaeter-von-acn\/#primaryimage","url":"https:\/\/media.acninternational.org\/wp-content\/uploads\/2020\/12\/acn_news_Mass-of-thanksgiving-in-Aleppo-for-ACN-benefactors.jpg","contentUrl":"https:\/\/media.acninternational.org\/wp-content\/uploads\/2020\/12\/acn_news_Mass-of-thanksgiving-in-Aleppo-for-ACN-benefactors.jpg","width":2000,"height":625},{"@type":"BreadcrumbList","@id":"https:\/\/acninternational.org\/de\/dankesmesse-in-aleppo-fuer-die-wohltaeter-von-acn\/#breadcrumb","itemListElement":[{"@type":"ListItem","position":1,"name":"Home","item":"https:\/\/acninternational.org\/de\/"},{"@type":"ListItem","position":2,"name":"Nachricht","item":"https:\/\/acninternational.org\/de\/category\/news-de\/"},{"@type":"ListItem","position":3,"name":"Dankesmesse in Aleppo f\u00fcr die Wohlt\u00e4ter von ACN"}]},{"@type":"WebSite","@id":"https:\/\/acninternational.org\/de\/#website","url":"https:\/\/acninternational.org\/de\/","name":"ACN International","description":"","publisher":{"@id":"https:\/\/acninternational.org\/de\/#organization"},"potentialAction":[{"@type":"SearchAction","target":{"@type":"EntryPoint","urlTemplate":"https:\/\/acninternational.org\/de\/?s={search_term_string}"},"query-input":{"@type":"PropertyValueSpecification","valueRequired":true,"valueName":"search_term_string"}}],"inLanguage":"de"},{"@type":"Organization","@id":"https:\/\/acninternational.org\/de\/#organization","name":"Aid to the Church in Need International","url":"https:\/\/acninternational.org\/de\/","logo":{"@type":"ImageObject","inLanguage":"de","@id":"https:\/\/acninternational.org\/de\/#\/schema\/logo\/image\/","url":"https:\/\/media.acninternational.org\/wp-content\/uploads\/2019\/11\/acn_logo_blackvector.svg","contentUrl":"https:\/\/media.acninternational.org\/wp-content\/uploads\/2019\/11\/acn_logo_blackvector.svg","width":232.6,"height":78,"caption":"Aid to the Church in Need International"},"image":{"@id":"https:\/\/acninternational.org\/de\/#\/schema\/logo\/image\/"},"sameAs":["https:\/\/www.facebook.com\/acninternationalorg","https:\/\/x.com\/acn_int","https:\/\/www.youtube.com\/channel\/UCQ-077gS0TnVzkhHmf1opZw","https:\/\/www.instagram.com\/acn_international\/"]},{"@type":"Person","@id":"https:\/\/acninternational.org\/de\/#\/schema\/person\/5a2b2930ad4475e0aa0dade4e51d9474","name":"Milena","description":"Lorem ipsum dolor sit amet, consectetur adipiscing elit, sed do eiusmod tempor incididunt ut labore et dolore magna aliqua. Ut enim ad minim veniam, quis nostrud exercitation ullamco laboris nisi ut aliquip ex ea commodo consequat.","url":"https:\/\/acninternational.org\/de\/author\/milena\/"}]}},"_links":{"self":[{"href":"https:\/\/acninternational.org\/de\/wp-json\/wp\/v2\/posts\/146293","targetHints":{"allow":["GET"]}}],"collection":[{"href":"https:\/\/acninternational.org\/de\/wp-json\/wp\/v2\/posts"}],"about":[{"href":"https:\/\/acninternational.org\/de\/wp-json\/wp\/v2\/types\/post"}],"author":[{"embeddable":true,"href":"https:\/\/acninternational.org\/de\/wp-json\/wp\/v2\/users\/66"}],"replies":[{"embeddable":true,"href":"https:\/\/acninternational.org\/de\/wp-json\/wp\/v2\/comments?post=146293"}],"version-history":[{"count":0,"href":"https:\/\/acninternational.org\/de\/wp-json\/wp\/v2\/posts\/146293\/revisions"}],"wp:featuredmedia":[{"embeddable":true,"href":"https:\/\/acninternational.org\/de\/wp-json\/wp\/v2\/media\/146264"}],"wp:attachment":[{"href":"https:\/\/acninternational.org\/de\/wp-json\/wp\/v2\/media?parent=146293"}],"wp:term":[{"taxonomy":"category","embeddable":true,"href":"https:\/\/acninternational.org\/de\/wp-json\/wp\/v2\/categories?post=146293"},{"taxonomy":"post_tag","embeddable":true,"href":"https:\/\/acninternational.org\/de\/wp-json\/wp\/v2\/tags?post=146293"},{"taxonomy":"country","embeddable":true,"href":"https:\/\/acninternational.org\/de\/wp-json\/wp\/v2\/country?post=146293"}],"curies":[{"name":"wp","href":"https:\/\/api.w.org\/{rel}","templated":true}]}}